{"id":36557,"date":"2023-11-03T00:31:00","date_gmt":"2023-11-03T03:31:00","guid":{"rendered":"https:\/\/www.vagadeempregorj.com.br\/?p=36557"},"modified":"2023-11-02T12:03:03","modified_gmt":"2023-11-02T15:03:03","slug":"empregos-neodent","status":"publish","type":"post","link":"https:\/\/www.vagadeempregorj.com.br\/es\/empregos-neodent\/","title":{"rendered":"Consultor de Neg\u00f3cios, Aprendiz, Assessor Comercial Externo, Est\u00e1gio, Analista de Comunica\u00e7\u00e3o e muito mais na Empresa Neodent"},"content":{"rendered":"<p>Atualizado em<\/p>\n\n\n<div class=\"wp-block-post-date\"><time datetime=\"2023-11-03T00:31:00-03:00\">03\/11\/2023<\/time><\/div>\n\n\n<p>Os<strong> Empregos Neodent<\/strong> possuem v\u00e1rios benef\u00edcios dentro do mercado de trabalho, uma vez que a empresa, faz parte do Grupo Straumann e \u00e9 l\u00edder mundial em solu\u00e7\u00f5es odontol\u00f3gicas e trabalham localmente com marcas como Yller e Clear Correct. Al\u00e9m disso, a companhia tem uma hist\u00f3ria de pioneirismo no desenvolvimento de implantes dent\u00e1rios h\u00e1 mais de 20 anos. Eles s\u00e3o uma ind\u00fastria global com atua\u00e7\u00e3o em mais de cem pa\u00edses, sendo que no Brasil contam com 19 lojas espalhadas pelo pa\u00eds. A inova\u00e7\u00e3o est\u00e1 em seu DNA e uma busca constante por aprender e crescer. Acreditam na diversidade, colabora\u00e7\u00e3o e desenvolvimento cont\u00ednuo de sua for\u00e7a de trabalho. Esta \u00e9 a chave do seu sucesso.<\/p>\n\n\n\n<figure class=\"wp-block-image size-full\"><img loading=\"lazy\" decoding=\"async\" width=\"1000\" height=\"197\" src=\"https:\/\/www.vagadeempregorj.com.br\/wp-content\/uploads\/2022\/12\/Empregos-Neodent.png\" alt=\"Empregos Neodent\" class=\"wp-image-36561\" srcset=\"https:\/\/www.vagadeempregorj.com.br\/wp-content\/uploads\/2022\/12\/Empregos-Neodent.png 1000w, https:\/\/www.vagadeempregorj.com.br\/wp-content\/uploads\/2022\/12\/Empregos-Neodent-300x59.png 300w, https:\/\/www.vagadeempregorj.com.br\/wp-content\/uploads\/2022\/12\/Empregos-Neodent-768x151.png 768w, https:\/\/www.vagadeempregorj.com.br\/wp-content\/uploads\/2022\/12\/Empregos-Neodent-150x30.png 150w\" sizes=\"auto, (max-width: 1000px) 100vw, 1000px\" \/><figcaption class=\"wp-element-caption\">Imagem: Neodent &#8211; Reprodu\u00e7\u00e3o<\/figcaption><\/figure>\n\n\n\n<h2 class=\"wp-block-heading\">Veja quais s\u00e3o os Empregos Neodent divulgados<\/h2>\n\n\n\n<p>H\u00e1 oportunidades de est\u00e1gio para acad\u00eamicos de Engenharia, que tenha no\u00e7\u00f5es do Pacote Office e ingl\u00eas. \u00c9 oferecido os seguintes benef\u00edcios: Gympass, plano de sa\u00fade, vale transporte, plano odontol\u00f3gico e vale refei\u00e7\u00e3o.<\/p>\n\n\n\n<p>A empresa acredita na diversidade, por isso nossas vagas s\u00e3o abertas a todos, independentemente de defici\u00eancia, g\u00eanero, idade, ra\u00e7a, nacionalidade, religi\u00e3o ou outros fatores. Verifique a seguir todas as vagas ofertadas e descubra em seguida de que maneira se inscrever:<\/p>\n\n\n\n<ul class=\"wp-block-list\">\n<li>Assessor Comercial Externo;<\/li>\n\n\n\n<li>Espec. de Biocompatibilidade e Avalia\u00e7\u00e3o Cl\u00ednica;<\/li>\n\n\n\n<li>Anl. T\u00e9cnico de Gest\u00e3o de Seguran\u00e7a do Produto Junior;<\/li>\n\n\n\n<li>Espec. T\u00e9cnico de Gest\u00e3o de Seguran\u00e7a do Produto;<\/li>\n\n\n\n<li>Anl. de Projetos de Inova\u00e7\u00e3o S\u00eanior;<\/li>\n\n\n\n<li>Est\u00e1gio de Engenharia;<\/li>\n\n\n\n<li>Anl. de Processos S\u00eanior;<\/li>\n\n\n\n<li>Especialista de Desenvolvimento de Neg\u00f3cios Digitais;<\/li>\n\n\n\n<li>Consultor Comercial;<\/li>\n\n\n\n<li>Espec. em Esteriliza\u00e7\u00e3o.<\/li>\n<\/ul>\n\n\n\n<h3 class=\"wp-block-heading\">Como se candidatar<\/h3>\n\n\n\n<p>Para encontrar um emprego nesta empresa, o primeiro passo \u00e9 se cadastrar no link abaixo:&nbsp;<\/p>\n\n\n\n<ul class=\"wp-block-list\">\n<li><a href=\"https:\/\/careers.straumann.com\/global\/pt\/search-results\">Vagas Neodent<\/a>.<\/li>\n<\/ul>\n\n\n\n<p>Em seguida, preencha seu perfil e todas as informa\u00e7\u00f5es pessoais e profissionais corretamente para que a empresa entre em contato com voc\u00ea. No momento da entrevista, n\u00e3o se esque\u00e7a de cumprimentar o entrevistador com um aperto de m\u00e3o firme. Olhe-o nos olhos, mesmo em entrevistas online.<\/p>\n\n\n\n<p>Al\u00e9m disso, n\u00e3o fale mal de seu chefe anterior ou atual, pois isso seria considerado anti\u00e9tico. Evite tamb\u00e9m divulgar dados confidenciais sobre empresas onde voc\u00ea trabalha ou j\u00e1 trabalhou.<\/p>\n\n\n\n<p><strong>Veja tamb\u00e9m: <a href=\"https:\/\/www.vagadeempregorj.com.br\/es\/empregos-lojas-mm\/\">Assistentes de Lojas, Promotores de Servi\u00e7os, Gerentes, Vendedores e muito mais na Empresa Lojas MM<\/a><\/strong><\/p>\n\n\n\n<h2 class=\"wp-block-heading\">Sobre a Neodent<\/h2>\n\n\n\n<p>Fundada h\u00e1 quase 30 anos por um dentista, ela \u00e9 a companhia l\u00edder em implantes dentais no pa\u00eds, vendendo mais de 1 milh\u00e3o de implantes por ano. A companhia \u00e9 um dos tr\u00eas maiores fornecedores de implantes mundiais, com solu\u00e7\u00f5es dispon\u00edveis em mais de sessenta pa\u00edses.<\/p>\n\n\n\n<p>A empresa foca em conceitos avan\u00e7ados de tratamento, como carga imediata, com solu\u00e7\u00f5es modernas e confi\u00e1veis \u200b\u200bque tornam os tratamentos mais acess\u00edveis e ainda mais acess\u00edveis. Com sede no Brasil na cidade de Curitiba, ela \u00e9 uma companhia do Grupo Straumann, l\u00edder mundial em solu\u00e7\u00f5es odontol\u00f3gicas que restauram o sorriso e a confian\u00e7a.<\/p>\n\n\n\n<p>A companhia foi inaugurada na capital paranaense pelo dentista Geninho Thom\u00e9 e foi adquirida pelo grupo su\u00ed\u00e7o Straumann em 2015 por cerca de 1,2 bilh\u00e3o de reais. Com o novo controlador em m\u00e3os, a empresa voltou-se para o exterior. At\u00e9 ent\u00e3o, a participa\u00e7\u00e3o continua irrelevante no mercado mundial, j\u00e1 que apenas 10% das vendas s\u00e3o provenientes de exporta\u00e7\u00f5es. No ano passado, os resultados j\u00e1 estavam aparecendo. A empresa aumentou as exporta\u00e7\u00f5es para atingir 26,7% do faturamento.<\/p>","protected":false},"excerpt":{"rendered":"<p>Atualizado em Os Empregos Neodent possuem v\u00e1rios benef\u00edcios dentro do mercado de trabalho, uma vez que a empresa, faz parte do Grupo Straumann e \u00e9 l\u00edder mundial em solu\u00e7\u00f5es odontol\u00f3gicas e trabalham localmente com marcas como Yller e Clear Correct. Al\u00e9m disso, a companhia tem uma hist\u00f3ria de pioneirismo no desenvolvimento de implantes dent\u00e1rios h\u00e1&hellip;&nbsp;<\/p>","protected":false},"author":16,"featured_media":36561,"comment_status":"closed","ping_status":"closed","sticky":false,"template":"","format":"standard","meta":{"neve_meta_sidebar":"","neve_meta_container":"","neve_meta_enable_content_width":"","neve_meta_content_width":0,"neve_meta_title_alignment":"","neve_meta_author_avatar":"","neve_post_elements_order":"","neve_meta_disable_header":"","neve_meta_disable_footer":"","neve_meta_disable_title":"","footnotes":""},"categories":[123],"tags":[725,608,211],"class_list":["post-36557","post","type-post","status-publish","format-standard","has-post-thumbnail","hentry","category-vagas-de-emprego-nacionais","tag-neodent","tag-oportunidades","tag-vagas-de-emprego"],"yoast_head":"<!-- This site is optimized with the Yoast SEO plugin v27.5 - https:\/\/yoast.com\/product\/yoast-seo-wordpress\/ -->\n<title>Consultor de Neg\u00f3cios, Aprendiz, Assessor Comercial Externo, Est\u00e1gio, Analista de Comunica\u00e7\u00e3o e muito mais na Empresa Neodent -<\/title>\n<meta name=\"description\" content=\"Veja em Vagas de Emprego RJ as vagas de emprego com e sem experi\u00eancia no seu Estado e Regi\u00e3o!\" \/>\n<meta name=\"robots\" content=\"index, follow, max-snippet:-1, max-image-preview:large, max-video-preview:-1\" \/>\n<link rel=\"canonical\" href=\"https:\/\/www.vagadeempregorj.com.br\/es\/empregos-neodent\/\" \/>\n<meta property=\"og:locale\" content=\"es_MX\" \/>\n<meta property=\"og:type\" content=\"article\" \/>\n<meta property=\"og:title\" content=\"Consultor de Neg\u00f3cios, Aprendiz, Assessor Comercial Externo, Est\u00e1gio, Analista de Comunica\u00e7\u00e3o e muito mais na Empresa Neodent -\" \/>\n<meta property=\"og:description\" content=\"Veja em Vagas de Emprego RJ as vagas de emprego com e sem experi\u00eancia no seu Estado e Regi\u00e3o!\" \/>\n<meta property=\"og:url\" content=\"https:\/\/www.vagadeempregorj.com.br\/es\/empregos-neodent\/\" \/>\n<meta property=\"article:publisher\" content=\"https:\/\/www.facebook.com\/empregobrasiloficial\" \/>\n<meta property=\"article:published_time\" content=\"2023-11-03T03:31:00+00:00\" \/>\n<meta property=\"og:image\" content=\"https:\/\/www.vagadeempregorj.com.br\/wp-content\/uploads\/2022\/12\/Empregos-Neodent.png\" \/>\n\t<meta property=\"og:image:width\" content=\"1000\" \/>\n\t<meta property=\"og:image:height\" content=\"197\" \/>\n\t<meta property=\"og:image:type\" content=\"image\/png\" \/>\n<meta name=\"author\" content=\"Michele\" \/>\n<meta name=\"twitter:card\" content=\"summary_large_image\" \/>\n<meta name=\"twitter:label1\" content=\"Written by\" \/>\n\t<meta name=\"twitter:data1\" content=\"Michele\" \/>\n\t<meta name=\"twitter:label2\" content=\"Est. reading time\" \/>\n\t<meta name=\"twitter:data2\" content=\"3 minutos\" \/>\n<script type=\"application\/ld+json\" class=\"yoast-schema-graph\">{\"@context\":\"https:\\\/\\\/schema.org\",\"@graph\":[{\"@type\":\"Article\",\"@id\":\"https:\\\/\\\/www.vagadeempregorj.com.br\\\/empregos-neodent\\\/#article\",\"isPartOf\":{\"@id\":\"https:\\\/\\\/www.vagadeempregorj.com.br\\\/empregos-neodent\\\/\"},\"author\":{\"name\":\"Michele\",\"@id\":\"https:\\\/\\\/www.vagadeempregorj.com.br\\\/#\\\/schema\\\/person\\\/3ddb19fa0539706786e502152f3aae95\"},\"headline\":\"Consultor de Neg\u00f3cios, Aprendiz, Assessor Comercial Externo, Est\u00e1gio, Analista de Comunica\u00e7\u00e3o e muito mais na Empresa Neodent\",\"datePublished\":\"2023-11-03T03:31:00+00:00\",\"mainEntityOfPage\":{\"@id\":\"https:\\\/\\\/www.vagadeempregorj.com.br\\\/empregos-neodent\\\/\"},\"wordCount\":624,\"image\":{\"@id\":\"https:\\\/\\\/www.vagadeempregorj.com.br\\\/empregos-neodent\\\/#primaryimage\"},\"thumbnailUrl\":\"https:\\\/\\\/www.vagadeempregorj.com.br\\\/wp-content\\\/uploads\\\/2022\\\/12\\\/Empregos-Neodent.png\",\"keywords\":[\"Neodent\",\"oportunidades\",\"vagas de emprego\"],\"articleSection\":[\"Vagas de Emprego Nacionais\"],\"inLanguage\":\"es\"},{\"@type\":\"WebPage\",\"@id\":\"https:\\\/\\\/www.vagadeempregorj.com.br\\\/empregos-neodent\\\/\",\"url\":\"https:\\\/\\\/www.vagadeempregorj.com.br\\\/empregos-neodent\\\/\",\"name\":\"Consultor de Neg\u00f3cios, Aprendiz, Assessor Comercial Externo, Est\u00e1gio, Analista de Comunica\u00e7\u00e3o e muito mais na Empresa Neodent -\",\"isPartOf\":{\"@id\":\"https:\\\/\\\/www.vagadeempregorj.com.br\\\/#website\"},\"primaryImageOfPage\":{\"@id\":\"https:\\\/\\\/www.vagadeempregorj.com.br\\\/empregos-neodent\\\/#primaryimage\"},\"image\":{\"@id\":\"https:\\\/\\\/www.vagadeempregorj.com.br\\\/empregos-neodent\\\/#primaryimage\"},\"thumbnailUrl\":\"https:\\\/\\\/www.vagadeempregorj.com.br\\\/wp-content\\\/uploads\\\/2022\\\/12\\\/Empregos-Neodent.png\",\"datePublished\":\"2023-11-03T03:31:00+00:00\",\"author\":{\"@id\":\"https:\\\/\\\/www.vagadeempregorj.com.br\\\/#\\\/schema\\\/person\\\/3ddb19fa0539706786e502152f3aae95\"},\"description\":\"Veja em Vagas de Emprego RJ as vagas de emprego com e sem experi\u00eancia no seu Estado e Regi\u00e3o!\",\"breadcrumb\":{\"@id\":\"https:\\\/\\\/www.vagadeempregorj.com.br\\\/empregos-neodent\\\/#breadcrumb\"},\"inLanguage\":\"es\",\"potentialAction\":[{\"@type\":\"ReadAction\",\"target\":[\"https:\\\/\\\/www.vagadeempregorj.com.br\\\/empregos-neodent\\\/\"]}]},{\"@type\":\"ImageObject\",\"inLanguage\":\"es\",\"@id\":\"https:\\\/\\\/www.vagadeempregorj.com.br\\\/empregos-neodent\\\/#primaryimage\",\"url\":\"https:\\\/\\\/www.vagadeempregorj.com.br\\\/wp-content\\\/uploads\\\/2022\\\/12\\\/Empregos-Neodent.png\",\"contentUrl\":\"https:\\\/\\\/www.vagadeempregorj.com.br\\\/wp-content\\\/uploads\\\/2022\\\/12\\\/Empregos-Neodent.png\",\"width\":1000,\"height\":197,\"caption\":\"Imagem: Neodent - Reprodu\u00e7\u00e3o\"},{\"@type\":\"BreadcrumbList\",\"@id\":\"https:\\\/\\\/www.vagadeempregorj.com.br\\\/empregos-neodent\\\/#breadcrumb\",\"itemListElement\":[{\"@type\":\"ListItem\",\"position\":1,\"name\":\"In\u00edcio\",\"item\":\"https:\\\/\\\/www.vagadeempregorj.com.br\\\/\"},{\"@type\":\"ListItem\",\"position\":2,\"name\":\"Vagas de Emprego Nacionais\",\"item\":\"https:\\\/\\\/www.vagadeempregorj.com.br\\\/vagas-de-emprego-nacionais\\\/\"},{\"@type\":\"ListItem\",\"position\":3,\"name\":\"Consultor de Neg\u00f3cios, Aprendiz, Assessor Comercial Externo, Est\u00e1gio, Analista de Comunica\u00e7\u00e3o e muito mais na Empresa Neodent\"}]},{\"@type\":\"WebSite\",\"@id\":\"https:\\\/\\\/www.vagadeempregorj.com.br\\\/#website\",\"url\":\"https:\\\/\\\/www.vagadeempregorj.com.br\\\/\",\"name\":\"\",\"description\":\"Conquiste Sonhos: Vagas, Benef\u00edcios e Economia para Transformar Vidas e Alcan\u00e7ar Melhorias Cotidianas\",\"potentialAction\":[{\"@type\":\"SearchAction\",\"target\":{\"@type\":\"EntryPoint\",\"urlTemplate\":\"https:\\\/\\\/www.vagadeempregorj.com.br\\\/?s={search_term_string}\"},\"query-input\":{\"@type\":\"PropertyValueSpecification\",\"valueRequired\":true,\"valueName\":\"search_term_string\"}}],\"inLanguage\":\"es\"},{\"@type\":\"Person\",\"@id\":\"https:\\\/\\\/www.vagadeempregorj.com.br\\\/#\\\/schema\\\/person\\\/3ddb19fa0539706786e502152f3aae95\",\"name\":\"Michele\",\"image\":{\"@type\":\"ImageObject\",\"inLanguage\":\"es\",\"@id\":\"https:\\\/\\\/secure.gravatar.com\\\/avatar\\\/6b0eb9d22841282815e2cd856a0061c45e1761cd54b22e952d98c4746939aa85?s=96&r=g\",\"url\":\"https:\\\/\\\/secure.gravatar.com\\\/avatar\\\/6b0eb9d22841282815e2cd856a0061c45e1761cd54b22e952d98c4746939aa85?s=96&r=g\",\"contentUrl\":\"https:\\\/\\\/secure.gravatar.com\\\/avatar\\\/6b0eb9d22841282815e2cd856a0061c45e1761cd54b22e952d98c4746939aa85?s=96&r=g\",\"caption\":\"Michele\"},\"description\":\"Formada em Letras - Portugu\u00eas\\\/ Ingl\u00eas, e idealizadora do site Escritora de Sucesso, busca expandir o conhecimento de todos com informa\u00e7\u00f5es relevantes sobre diversos assuntos, enquanto redatora. No Vaga de Emprego RJ, traz oportunidades e dicas sobre o mercado de trabalho.\",\"url\":\"https:\\\/\\\/www.vagadeempregorj.com.br\\\/es\\\/author\\\/michele\\\/\"}]}<\/script>\n<!-- \/ Yoast SEO plugin. -->","yoast_head_json":{"title":"Consultor de Neg\u00f3cios, Aprendiz, Assessor Comercial Externo, Est\u00e1gio, Analista de Comunica\u00e7\u00e3o e muito mais na Empresa Neodent -","description":"Veja em Vagas de Emprego RJ as vagas de emprego com e sem experi\u00eancia no seu Estado e Regi\u00e3o!","robots":{"index":"index","follow":"follow","max-snippet":"max-snippet:-1","max-image-preview":"max-image-preview:large","max-video-preview":"max-video-preview:-1"},"canonical":"https:\/\/www.vagadeempregorj.com.br\/es\/empregos-neodent\/","og_locale":"es_MX","og_type":"article","og_title":"Consultor de Neg\u00f3cios, Aprendiz, Assessor Comercial Externo, Est\u00e1gio, Analista de Comunica\u00e7\u00e3o e muito mais na Empresa Neodent -","og_description":"Veja em Vagas de Emprego RJ as vagas de emprego com e sem experi\u00eancia no seu Estado e Regi\u00e3o!","og_url":"https:\/\/www.vagadeempregorj.com.br\/es\/empregos-neodent\/","article_publisher":"https:\/\/www.facebook.com\/empregobrasiloficial","article_published_time":"2023-11-03T03:31:00+00:00","og_image":[{"width":1000,"height":197,"url":"https:\/\/www.vagadeempregorj.com.br\/wp-content\/uploads\/2022\/12\/Empregos-Neodent.png","type":"image\/png"}],"author":"Michele","twitter_card":"summary_large_image","twitter_misc":{"Written by":"Michele","Est. reading time":"3 minutos"},"schema":{"@context":"https:\/\/schema.org","@graph":[{"@type":"Article","@id":"https:\/\/www.vagadeempregorj.com.br\/empregos-neodent\/#article","isPartOf":{"@id":"https:\/\/www.vagadeempregorj.com.br\/empregos-neodent\/"},"author":{"name":"Michele","@id":"https:\/\/www.vagadeempregorj.com.br\/#\/schema\/person\/3ddb19fa0539706786e502152f3aae95"},"headline":"Consultor de Neg\u00f3cios, Aprendiz, Assessor Comercial Externo, Est\u00e1gio, Analista de Comunica\u00e7\u00e3o e muito mais na Empresa Neodent","datePublished":"2023-11-03T03:31:00+00:00","mainEntityOfPage":{"@id":"https:\/\/www.vagadeempregorj.com.br\/empregos-neodent\/"},"wordCount":624,"image":{"@id":"https:\/\/www.vagadeempregorj.com.br\/empregos-neodent\/#primaryimage"},"thumbnailUrl":"https:\/\/www.vagadeempregorj.com.br\/wp-content\/uploads\/2022\/12\/Empregos-Neodent.png","keywords":["Neodent","oportunidades","vagas de emprego"],"articleSection":["Vagas de Emprego Nacionais"],"inLanguage":"es"},{"@type":"WebPage","@id":"https:\/\/www.vagadeempregorj.com.br\/empregos-neodent\/","url":"https:\/\/www.vagadeempregorj.com.br\/empregos-neodent\/","name":"Consultor de Neg\u00f3cios, Aprendiz, Assessor Comercial Externo, Est\u00e1gio, Analista de Comunica\u00e7\u00e3o e muito mais na Empresa Neodent -","isPartOf":{"@id":"https:\/\/www.vagadeempregorj.com.br\/#website"},"primaryImageOfPage":{"@id":"https:\/\/www.vagadeempregorj.com.br\/empregos-neodent\/#primaryimage"},"image":{"@id":"https:\/\/www.vagadeempregorj.com.br\/empregos-neodent\/#primaryimage"},"thumbnailUrl":"https:\/\/www.vagadeempregorj.com.br\/wp-content\/uploads\/2022\/12\/Empregos-Neodent.png","datePublished":"2023-11-03T03:31:00+00:00","author":{"@id":"https:\/\/www.vagadeempregorj.com.br\/#\/schema\/person\/3ddb19fa0539706786e502152f3aae95"},"description":"Veja em Vagas de Emprego RJ as vagas de emprego com e sem experi\u00eancia no seu Estado e Regi\u00e3o!","breadcrumb":{"@id":"https:\/\/www.vagadeempregorj.com.br\/empregos-neodent\/#breadcrumb"},"inLanguage":"es","potentialAction":[{"@type":"ReadAction","target":["https:\/\/www.vagadeempregorj.com.br\/empregos-neodent\/"]}]},{"@type":"ImageObject","inLanguage":"es","@id":"https:\/\/www.vagadeempregorj.com.br\/empregos-neodent\/#primaryimage","url":"https:\/\/www.vagadeempregorj.com.br\/wp-content\/uploads\/2022\/12\/Empregos-Neodent.png","contentUrl":"https:\/\/www.vagadeempregorj.com.br\/wp-content\/uploads\/2022\/12\/Empregos-Neodent.png","width":1000,"height":197,"caption":"Imagem: Neodent - Reprodu\u00e7\u00e3o"},{"@type":"BreadcrumbList","@id":"https:\/\/www.vagadeempregorj.com.br\/empregos-neodent\/#breadcrumb","itemListElement":[{"@type":"ListItem","position":1,"name":"In\u00edcio","item":"https:\/\/www.vagadeempregorj.com.br\/"},{"@type":"ListItem","position":2,"name":"Vagas de Emprego Nacionais","item":"https:\/\/www.vagadeempregorj.com.br\/vagas-de-emprego-nacionais\/"},{"@type":"ListItem","position":3,"name":"Consultor de Neg\u00f3cios, Aprendiz, Assessor Comercial Externo, Est\u00e1gio, Analista de Comunica\u00e7\u00e3o e muito mais na Empresa Neodent"}]},{"@type":"WebSite","@id":"https:\/\/www.vagadeempregorj.com.br\/#website","url":"https:\/\/www.vagadeempregorj.com.br\/","name":"","description":"Conquiste Sonhos: Vagas, Benef\u00edcios e Economia para Transformar Vidas e Alcan\u00e7ar Melhorias Cotidianas","potentialAction":[{"@type":"SearchAction","target":{"@type":"EntryPoint","urlTemplate":"https:\/\/www.vagadeempregorj.com.br\/?s={search_term_string}"},"query-input":{"@type":"PropertyValueSpecification","valueRequired":true,"valueName":"search_term_string"}}],"inLanguage":"es"},{"@type":"Person","@id":"https:\/\/www.vagadeempregorj.com.br\/#\/schema\/person\/3ddb19fa0539706786e502152f3aae95","name":"Michele","image":{"@type":"ImageObject","inLanguage":"es","@id":"https:\/\/secure.gravatar.com\/avatar\/6b0eb9d22841282815e2cd856a0061c45e1761cd54b22e952d98c4746939aa85?s=96&r=g","url":"https:\/\/secure.gravatar.com\/avatar\/6b0eb9d22841282815e2cd856a0061c45e1761cd54b22e952d98c4746939aa85?s=96&r=g","contentUrl":"https:\/\/secure.gravatar.com\/avatar\/6b0eb9d22841282815e2cd856a0061c45e1761cd54b22e952d98c4746939aa85?s=96&r=g","caption":"Michele"},"description":"Formada em Letras - Portugu\u00eas\/ Ingl\u00eas, e idealizadora do site Escritora de Sucesso, busca expandir o conhecimento de todos com informa\u00e7\u00f5es relevantes sobre diversos assuntos, enquanto redatora. No Vaga de Emprego RJ, traz oportunidades e dicas sobre o mercado de trabalho.","url":"https:\/\/www.vagadeempregorj.com.br\/es\/author\/michele\/"}]}},"_links":{"self":[{"href":"https:\/\/www.vagadeempregorj.com.br\/es\/wp-json\/wp\/v2\/posts\/36557","targetHints":{"allow":["GET"]}}],"collection":[{"href":"https:\/\/www.vagadeempregorj.com.br\/es\/wp-json\/wp\/v2\/posts"}],"about":[{"href":"https:\/\/www.vagadeempregorj.com.br\/es\/wp-json\/wp\/v2\/types\/post"}],"author":[{"embeddable":true,"href":"https:\/\/www.vagadeempregorj.com.br\/es\/wp-json\/wp\/v2\/users\/16"}],"replies":[{"embeddable":true,"href":"https:\/\/www.vagadeempregorj.com.br\/es\/wp-json\/wp\/v2\/comments?post=36557"}],"version-history":[{"count":0,"href":"https:\/\/www.vagadeempregorj.com.br\/es\/wp-json\/wp\/v2\/posts\/36557\/revisions"}],"wp:featuredmedia":[{"embeddable":true,"href":"https:\/\/www.vagadeempregorj.com.br\/es\/wp-json\/wp\/v2\/media\/36561"}],"wp:attachment":[{"href":"https:\/\/www.vagadeempregorj.com.br\/es\/wp-json\/wp\/v2\/media?parent=36557"}],"wp:term":[{"taxonomy":"category","embeddable":true,"href":"https:\/\/www.vagadeempregorj.com.br\/es\/wp-json\/wp\/v2\/categories?post=36557"},{"taxonomy":"post_tag","embeddable":true,"href":"https:\/\/www.vagadeempregorj.com.br\/es\/wp-json\/wp\/v2\/tags?post=36557"}],"curies":[{"name":"wp","href":"https:\/\/api.w.org\/{rel}","templated":true}]}}