{"id":36571,"date":"2023-11-02T02:02:00","date_gmt":"2023-11-02T05:02:00","guid":{"rendered":"https:\/\/www.vagadeempregorj.com.br\/?p=36571"},"modified":"2023-11-01T12:47:33","modified_gmt":"2023-11-01T15:47:33","slug":"empregos-mitre","status":"publish","type":"post","link":"https:\/\/www.vagadeempregorj.com.br\/es\/empregos-mitre\/","title":{"rendered":"Jovem Aprendiz, Est\u00e1gios e muito mais na Empresa Mitre"},"content":{"rendered":"<p>Atualizado em<\/p>\n\n\n<div class=\"wp-block-post-date\"><time datetime=\"2023-11-02T02:02:00-03:00\">02\/11\/2023<\/time><\/div>\n\n\n<p>Os <strong>Empregos Mitre <\/strong>possuem diversas vantagens dentro do mercado de trabalho, uma vez que por mais de 50 anos, a empresa revoluciona o significado da palavra vida. Re\u00fanem as melhores equipes para realizar pesquisas. O melhor empreendimento em todas as regi\u00f5es de S\u00e3o Paulo, o conceito de morar nunca foi t\u00e3o valorizado. N\u00e3o vendem apartamentos, oferecem aos seus clientes uma nova forma de vida. Longe de apenas entregar as chaves, fazer a empresa \u00e9 viver com um M a mais. <\/p>\n\n\n\n<p>S\u00e3o uma empresa de pessoas, trabalhando juntas para o mesmo objetivo. Para isso, querem atrair, reter e desenvolver os melhores talentos, com uma equipe apaixonada por potencializar experi\u00eancias e realizar sonhos. Eles procuram pessoas transformadoras, envolventes, inovadoras e fascinadas por desafios!<\/p>\n\n\n\n<figure class=\"wp-block-image size-large\"><img loading=\"lazy\" decoding=\"async\" width=\"1024\" height=\"1024\" src=\"https:\/\/www.vagadeempregorj.com.br\/wp-content\/uploads\/2022\/12\/empregos-mitre-1024x1024.png\" alt=\"empregos mitre\" class=\"wp-image-36576\" srcset=\"https:\/\/www.vagadeempregorj.com.br\/wp-content\/uploads\/2022\/12\/empregos-mitre-1024x1024.png 1024w, https:\/\/www.vagadeempregorj.com.br\/wp-content\/uploads\/2022\/12\/empregos-mitre-300x300.png 300w, https:\/\/www.vagadeempregorj.com.br\/wp-content\/uploads\/2022\/12\/empregos-mitre-150x150.png 150w, https:\/\/www.vagadeempregorj.com.br\/wp-content\/uploads\/2022\/12\/empregos-mitre-768x768.png 768w, https:\/\/www.vagadeempregorj.com.br\/wp-content\/uploads\/2022\/12\/empregos-mitre-1536x1536.png 1536w, https:\/\/www.vagadeempregorj.com.br\/wp-content\/uploads\/2022\/12\/empregos-mitre-96x96.png 96w, https:\/\/www.vagadeempregorj.com.br\/wp-content\/uploads\/2022\/12\/empregos-mitre.png 2000w\" sizes=\"auto, (max-width: 1024px) 100vw, 1024px\" \/><figcaption class=\"wp-element-caption\">Imagem: Mitre &#8211; Reprodu\u00e7\u00e3o<\/figcaption><\/figure>\n\n\n\n<h2 class=\"wp-block-heading\">Conhe\u00e7a todas as oportunidades de Empregos Mitre<\/h2>\n\n\n\n<p>H\u00e1 oportunidades de est\u00e1gio para acad\u00eamicos que cursem Engenharia Civil no per\u00edodo da noite na regi\u00e3o de S\u00e3o Paulo. Al\u00e9m disso, \u00e9 fundamental que o candidato saiba fazer a leitura de projetos, tenha conhecimento b\u00e1sico de Autocad, saiba usar o pacote Office e MS Project.<\/p>\n\n\n\n<p>As atividades a serem realizadas por ele ser\u00e3o: acompanhar a medi\u00e7\u00e3o dos empreiteiros, possuir conhecimento e disseminar o Sistema de Qualidade adotado pela construtora, acompanhar o cronograma f\u00edsico da obra, conferir os servi\u00e7os e preenchimento das FVS, conforme o Sistema da Qualidade, solicitar e agendar materiais e m\u00e3o de obra, manter organizado revisar os projetos (Empreiteiros, Engenharia e Mestre) e elaborar planilhas com levantamentos quantitativos de servi\u00e7os e materiais.<\/p>\n\n\n\n<p>\u00c9 oferecido vale transporte, plano de sa\u00fade, seguro de vida, Vitta Prime Care, vale refei\u00e7\u00e3o e benef\u00edcio de medicamentos. Veja abaixo qual \u00e9 o cargo ofertado e saiba em seguida como se inscrever:<\/p>\n\n\n\n<ul class=\"wp-block-list\">\n<li>Estagi\u00e1rio de obra.<\/li>\n<\/ul>\n\n\n\n<h3 class=\"wp-block-heading\">Como se candidatar<\/h3>\n\n\n\n<p>Para concorrer a uma das vagas acima, \u00e9 preciso fazer parte do processo de recrutamento de candidatos da empresa atrav\u00e9s do link a seguir:<\/p>\n\n\n\n<ul class=\"wp-block-list\">\n<li><a href=\"https:\/\/mitredesenvolve.gupy.io\/\">Vagas Mitre<\/a>.<\/li>\n<\/ul>\n\n\n\n<p>Em seguida, encontre o cargo desejado e ap\u00f3s ler com aten\u00e7\u00e3o todas as exig\u00eancias dele e perceber que ele \u00e9 adequado ao seu perfil, crie o seu cadastro na plataforma.<\/p>\n\n\n\n<p><strong>Veja tamb\u00e9m: <a href=\"https:\/\/www.vagadeempregorj.com.br\/es\/empregos-pascoalotto\/\">Opera\u00e7\u00f5es de Tele servi\u00e7os e Atendimento, Est\u00e1gios, Advogados, Analistas e mais na Empresa Pascoalotto<\/a><\/strong><\/p>\n\n\n\n<h2 class=\"wp-block-heading\">Sobre a Mitre<\/h2>\n\n\n\n<p>O conceito da empresa nasceu de uma iniciativa de proporcionar experi\u00eancias incr\u00edveis e surpreendentes. O programa visa conect\u00e1-lo com os mundos mais recentes do design, decora\u00e7\u00e3o, arte, viagens, cultura, gastronomia, tecnologia e estilo de vida. Para enriquecer ainda mais a sua experi\u00eancia de vida com um M a mais, eles possuem um aplicativo que oferece ofertas exclusivas, dicas e servi\u00e7os escolhidos a dedo, al\u00e9m do Selection, que \u00e9 um curso dedicado \u00e0s t\u00e9cnicas culin\u00e1rias.<\/p>\n\n\n\n<p>Com mais de 54 anos de experi\u00eancia em incorpora\u00e7\u00e3o e constru\u00e7\u00e3o, reuniu a melhor equipe de incorpora\u00e7\u00e3o, assim como os melhores terrenos e parceiros. Uma empresa feita de pessoas, a sua cultura \u00e9 baseada nos princ\u00edpios de igualdade de oportunidades, meritocracia, inclus\u00e3o e respeito. Possuem alto \u00edndice de satisfa\u00e7\u00e3o dos clientes, reconhecimento do mercado e s\u00e3o negociados na B3. Tamb\u00e9m passam pela certifica\u00e7\u00e3o do sistema de gerenciamento de qualidade ISO 9001 e pela auditoria da Ernst & Young. Constroem os melhores empreendimentos em todas as regi\u00f5es de S\u00e3o Paulo, onde o conceito de co-living nunca foi t\u00e3o importante.<\/p>","protected":false},"excerpt":{"rendered":"<p>Atualizado em Os Empregos Mitre possuem diversas vantagens dentro do mercado de trabalho, uma vez que por mais de 50 anos, a empresa revoluciona o significado da palavra vida. Re\u00fanem as melhores equipes para realizar pesquisas. O melhor empreendimento em todas as regi\u00f5es de S\u00e3o Paulo, o conceito de morar nunca foi t\u00e3o valorizado. N\u00e3o&hellip;&nbsp;<\/p>","protected":false},"author":16,"featured_media":36576,"comment_status":"closed","ping_status":"closed","sticky":false,"template":"","format":"standard","meta":{"neve_meta_sidebar":"","neve_meta_container":"","neve_meta_enable_content_width":"","neve_meta_content_width":0,"neve_meta_title_alignment":"","neve_meta_author_avatar":"","neve_post_elements_order":"","neve_meta_disable_header":"","neve_meta_disable_footer":"","neve_meta_disable_title":"","footnotes":""},"categories":[123],"tags":[729,608,211],"class_list":["post-36571","post","type-post","status-publish","format-standard","has-post-thumbnail","hentry","category-vagas-de-emprego-nacionais","tag-mitre","tag-oportunidades","tag-vagas-de-emprego"],"yoast_head":"<!-- This site is optimized with the Yoast SEO plugin v27.5 - https:\/\/yoast.com\/product\/yoast-seo-wordpress\/ -->\n<title>Jovem Aprendiz, Est\u00e1gios e muito mais na Empresa Mitre -<\/title>\n<meta name=\"description\" content=\"Veja em Vagas de Emprego RJ as vagas de emprego com e sem experi\u00eancia no seu Estado e Regi\u00e3o!\" \/>\n<meta name=\"robots\" content=\"index, follow, max-snippet:-1, max-image-preview:large, max-video-preview:-1\" \/>\n<link rel=\"canonical\" href=\"https:\/\/www.vagadeempregorj.com.br\/es\/empregos-mitre\/\" \/>\n<meta property=\"og:locale\" content=\"es_MX\" \/>\n<meta property=\"og:type\" content=\"article\" \/>\n<meta property=\"og:title\" content=\"Jovem Aprendiz, Est\u00e1gios e muito mais na Empresa Mitre -\" \/>\n<meta property=\"og:description\" content=\"Veja em Vagas de Emprego RJ as vagas de emprego com e sem experi\u00eancia no seu Estado e Regi\u00e3o!\" \/>\n<meta property=\"og:url\" content=\"https:\/\/www.vagadeempregorj.com.br\/es\/empregos-mitre\/\" \/>\n<meta property=\"article:publisher\" content=\"https:\/\/www.facebook.com\/empregobrasiloficial\" \/>\n<meta property=\"article:published_time\" content=\"2023-11-02T05:02:00+00:00\" \/>\n<meta property=\"og:image\" content=\"https:\/\/www.vagadeempregorj.com.br\/wp-content\/uploads\/2022\/12\/empregos-mitre.png\" \/>\n\t<meta property=\"og:image:width\" content=\"2000\" \/>\n\t<meta property=\"og:image:height\" content=\"2000\" \/>\n\t<meta property=\"og:image:type\" content=\"image\/png\" \/>\n<meta name=\"author\" content=\"Michele\" \/>\n<meta name=\"twitter:card\" content=\"summary_large_image\" \/>\n<meta name=\"twitter:label1\" content=\"Escrito por\" \/>\n\t<meta name=\"twitter:data1\" content=\"Michele\" \/>\n\t<meta name=\"twitter:label2\" content=\"Tiempo de lectura\" \/>\n\t<meta name=\"twitter:data2\" content=\"3 minutos\" \/>\n<script type=\"application\/ld+json\" class=\"yoast-schema-graph\">{\"@context\":\"https:\\\/\\\/schema.org\",\"@graph\":[{\"@type\":\"Article\",\"@id\":\"https:\\\/\\\/www.vagadeempregorj.com.br\\\/empregos-mitre\\\/#article\",\"isPartOf\":{\"@id\":\"https:\\\/\\\/www.vagadeempregorj.com.br\\\/empregos-mitre\\\/\"},\"author\":{\"name\":\"Michele\",\"@id\":\"https:\\\/\\\/www.vagadeempregorj.com.br\\\/#\\\/schema\\\/person\\\/3ddb19fa0539706786e502152f3aae95\"},\"headline\":\"Jovem Aprendiz, Est\u00e1gios e muito mais na Empresa Mitre\",\"datePublished\":\"2023-11-02T05:02:00+00:00\",\"mainEntityOfPage\":{\"@id\":\"https:\\\/\\\/www.vagadeempregorj.com.br\\\/empregos-mitre\\\/\"},\"wordCount\":589,\"image\":{\"@id\":\"https:\\\/\\\/www.vagadeempregorj.com.br\\\/empregos-mitre\\\/#primaryimage\"},\"thumbnailUrl\":\"https:\\\/\\\/www.vagadeempregorj.com.br\\\/wp-content\\\/uploads\\\/2022\\\/12\\\/empregos-mitre.png\",\"keywords\":[\"Mitre\",\"oportunidades\",\"vagas de emprego\"],\"articleSection\":[\"Vagas de Emprego Nacionais\"],\"inLanguage\":\"es\"},{\"@type\":\"WebPage\",\"@id\":\"https:\\\/\\\/www.vagadeempregorj.com.br\\\/empregos-mitre\\\/\",\"url\":\"https:\\\/\\\/www.vagadeempregorj.com.br\\\/empregos-mitre\\\/\",\"name\":\"Jovem Aprendiz, Est\u00e1gios e muito mais na Empresa Mitre -\",\"isPartOf\":{\"@id\":\"https:\\\/\\\/www.vagadeempregorj.com.br\\\/#website\"},\"primaryImageOfPage\":{\"@id\":\"https:\\\/\\\/www.vagadeempregorj.com.br\\\/empregos-mitre\\\/#primaryimage\"},\"image\":{\"@id\":\"https:\\\/\\\/www.vagadeempregorj.com.br\\\/empregos-mitre\\\/#primaryimage\"},\"thumbnailUrl\":\"https:\\\/\\\/www.vagadeempregorj.com.br\\\/wp-content\\\/uploads\\\/2022\\\/12\\\/empregos-mitre.png\",\"datePublished\":\"2023-11-02T05:02:00+00:00\",\"author\":{\"@id\":\"https:\\\/\\\/www.vagadeempregorj.com.br\\\/#\\\/schema\\\/person\\\/3ddb19fa0539706786e502152f3aae95\"},\"description\":\"Veja em Vagas de Emprego RJ as vagas de emprego com e sem experi\u00eancia no seu Estado e Regi\u00e3o!\",\"breadcrumb\":{\"@id\":\"https:\\\/\\\/www.vagadeempregorj.com.br\\\/empregos-mitre\\\/#breadcrumb\"},\"inLanguage\":\"es\",\"potentialAction\":[{\"@type\":\"ReadAction\",\"target\":[\"https:\\\/\\\/www.vagadeempregorj.com.br\\\/empregos-mitre\\\/\"]}]},{\"@type\":\"ImageObject\",\"inLanguage\":\"es\",\"@id\":\"https:\\\/\\\/www.vagadeempregorj.com.br\\\/empregos-mitre\\\/#primaryimage\",\"url\":\"https:\\\/\\\/www.vagadeempregorj.com.br\\\/wp-content\\\/uploads\\\/2022\\\/12\\\/empregos-mitre.png\",\"contentUrl\":\"https:\\\/\\\/www.vagadeempregorj.com.br\\\/wp-content\\\/uploads\\\/2022\\\/12\\\/empregos-mitre.png\",\"width\":2000,\"height\":2000,\"caption\":\"Imagem: Mitre - Reprodu\u00e7\u00e3o\"},{\"@type\":\"BreadcrumbList\",\"@id\":\"https:\\\/\\\/www.vagadeempregorj.com.br\\\/empregos-mitre\\\/#breadcrumb\",\"itemListElement\":[{\"@type\":\"ListItem\",\"position\":1,\"name\":\"In\u00edcio\",\"item\":\"https:\\\/\\\/www.vagadeempregorj.com.br\\\/\"},{\"@type\":\"ListItem\",\"position\":2,\"name\":\"Vagas de Emprego Nacionais\",\"item\":\"https:\\\/\\\/www.vagadeempregorj.com.br\\\/vagas-de-emprego-nacionais\\\/\"},{\"@type\":\"ListItem\",\"position\":3,\"name\":\"Jovem Aprendiz, Est\u00e1gios e muito mais na Empresa Mitre\"}]},{\"@type\":\"WebSite\",\"@id\":\"https:\\\/\\\/www.vagadeempregorj.com.br\\\/#website\",\"url\":\"https:\\\/\\\/www.vagadeempregorj.com.br\\\/\",\"name\":\"\",\"description\":\"Conquiste Sonhos: Vagas, Benef\u00edcios e Economia para Transformar Vidas e Alcan\u00e7ar Melhorias Cotidianas\",\"potentialAction\":[{\"@type\":\"SearchAction\",\"target\":{\"@type\":\"EntryPoint\",\"urlTemplate\":\"https:\\\/\\\/www.vagadeempregorj.com.br\\\/?s={search_term_string}\"},\"query-input\":{\"@type\":\"PropertyValueSpecification\",\"valueRequired\":true,\"valueName\":\"search_term_string\"}}],\"inLanguage\":\"es\"},{\"@type\":\"Person\",\"@id\":\"https:\\\/\\\/www.vagadeempregorj.com.br\\\/#\\\/schema\\\/person\\\/3ddb19fa0539706786e502152f3aae95\",\"name\":\"Michele\",\"image\":{\"@type\":\"ImageObject\",\"inLanguage\":\"es\",\"@id\":\"https:\\\/\\\/secure.gravatar.com\\\/avatar\\\/6b0eb9d22841282815e2cd856a0061c45e1761cd54b22e952d98c4746939aa85?s=96&r=g\",\"url\":\"https:\\\/\\\/secure.gravatar.com\\\/avatar\\\/6b0eb9d22841282815e2cd856a0061c45e1761cd54b22e952d98c4746939aa85?s=96&r=g\",\"contentUrl\":\"https:\\\/\\\/secure.gravatar.com\\\/avatar\\\/6b0eb9d22841282815e2cd856a0061c45e1761cd54b22e952d98c4746939aa85?s=96&r=g\",\"caption\":\"Michele\"},\"description\":\"Formada em Letras - Portugu\u00eas\\\/ Ingl\u00eas, e idealizadora do site Escritora de Sucesso, busca expandir o conhecimento de todos com informa\u00e7\u00f5es relevantes sobre diversos assuntos, enquanto redatora. No Vaga de Emprego RJ, traz oportunidades e dicas sobre o mercado de trabalho.\",\"url\":\"https:\\\/\\\/www.vagadeempregorj.com.br\\\/es\\\/author\\\/michele\\\/\"}]}<\/script>\n<!-- \/ Yoast SEO plugin. -->","yoast_head_json":{"title":"Jovem Aprendiz, Est\u00e1gios e muito mais na Empresa Mitre -","description":"Veja em Vagas de Emprego RJ as vagas de emprego com e sem experi\u00eancia no seu Estado e Regi\u00e3o!","robots":{"index":"index","follow":"follow","max-snippet":"max-snippet:-1","max-image-preview":"max-image-preview:large","max-video-preview":"max-video-preview:-1"},"canonical":"https:\/\/www.vagadeempregorj.com.br\/es\/empregos-mitre\/","og_locale":"es_MX","og_type":"article","og_title":"Jovem Aprendiz, Est\u00e1gios e muito mais na Empresa Mitre -","og_description":"Veja em Vagas de Emprego RJ as vagas de emprego com e sem experi\u00eancia no seu Estado e Regi\u00e3o!","og_url":"https:\/\/www.vagadeempregorj.com.br\/es\/empregos-mitre\/","article_publisher":"https:\/\/www.facebook.com\/empregobrasiloficial","article_published_time":"2023-11-02T05:02:00+00:00","og_image":[{"width":2000,"height":2000,"url":"https:\/\/www.vagadeempregorj.com.br\/wp-content\/uploads\/2022\/12\/empregos-mitre.png","type":"image\/png"}],"author":"Michele","twitter_card":"summary_large_image","twitter_misc":{"Escrito por":"Michele","Tiempo de lectura":"3 minutos"},"schema":{"@context":"https:\/\/schema.org","@graph":[{"@type":"Article","@id":"https:\/\/www.vagadeempregorj.com.br\/empregos-mitre\/#article","isPartOf":{"@id":"https:\/\/www.vagadeempregorj.com.br\/empregos-mitre\/"},"author":{"name":"Michele","@id":"https:\/\/www.vagadeempregorj.com.br\/#\/schema\/person\/3ddb19fa0539706786e502152f3aae95"},"headline":"Jovem Aprendiz, Est\u00e1gios e muito mais na Empresa Mitre","datePublished":"2023-11-02T05:02:00+00:00","mainEntityOfPage":{"@id":"https:\/\/www.vagadeempregorj.com.br\/empregos-mitre\/"},"wordCount":589,"image":{"@id":"https:\/\/www.vagadeempregorj.com.br\/empregos-mitre\/#primaryimage"},"thumbnailUrl":"https:\/\/www.vagadeempregorj.com.br\/wp-content\/uploads\/2022\/12\/empregos-mitre.png","keywords":["Mitre","oportunidades","vagas de emprego"],"articleSection":["Vagas de Emprego Nacionais"],"inLanguage":"es"},{"@type":"WebPage","@id":"https:\/\/www.vagadeempregorj.com.br\/empregos-mitre\/","url":"https:\/\/www.vagadeempregorj.com.br\/empregos-mitre\/","name":"Jovem Aprendiz, Est\u00e1gios e muito mais na Empresa Mitre -","isPartOf":{"@id":"https:\/\/www.vagadeempregorj.com.br\/#website"},"primaryImageOfPage":{"@id":"https:\/\/www.vagadeempregorj.com.br\/empregos-mitre\/#primaryimage"},"image":{"@id":"https:\/\/www.vagadeempregorj.com.br\/empregos-mitre\/#primaryimage"},"thumbnailUrl":"https:\/\/www.vagadeempregorj.com.br\/wp-content\/uploads\/2022\/12\/empregos-mitre.png","datePublished":"2023-11-02T05:02:00+00:00","author":{"@id":"https:\/\/www.vagadeempregorj.com.br\/#\/schema\/person\/3ddb19fa0539706786e502152f3aae95"},"description":"Veja em Vagas de Emprego RJ as vagas de emprego com e sem experi\u00eancia no seu Estado e Regi\u00e3o!","breadcrumb":{"@id":"https:\/\/www.vagadeempregorj.com.br\/empregos-mitre\/#breadcrumb"},"inLanguage":"es","potentialAction":[{"@type":"ReadAction","target":["https:\/\/www.vagadeempregorj.com.br\/empregos-mitre\/"]}]},{"@type":"ImageObject","inLanguage":"es","@id":"https:\/\/www.vagadeempregorj.com.br\/empregos-mitre\/#primaryimage","url":"https:\/\/www.vagadeempregorj.com.br\/wp-content\/uploads\/2022\/12\/empregos-mitre.png","contentUrl":"https:\/\/www.vagadeempregorj.com.br\/wp-content\/uploads\/2022\/12\/empregos-mitre.png","width":2000,"height":2000,"caption":"Imagem: Mitre - Reprodu\u00e7\u00e3o"},{"@type":"BreadcrumbList","@id":"https:\/\/www.vagadeempregorj.com.br\/empregos-mitre\/#breadcrumb","itemListElement":[{"@type":"ListItem","position":1,"name":"In\u00edcio","item":"https:\/\/www.vagadeempregorj.com.br\/"},{"@type":"ListItem","position":2,"name":"Vagas de Emprego Nacionais","item":"https:\/\/www.vagadeempregorj.com.br\/vagas-de-emprego-nacionais\/"},{"@type":"ListItem","position":3,"name":"Jovem Aprendiz, Est\u00e1gios e muito mais na Empresa Mitre"}]},{"@type":"WebSite","@id":"https:\/\/www.vagadeempregorj.com.br\/#website","url":"https:\/\/www.vagadeempregorj.com.br\/","name":"","description":"Haz realidad tus sue\u00f1os: Ofertas de empleo, beneficios y ahorros para transformar vidas y lograr mejoras cotidianas.","potentialAction":[{"@type":"SearchAction","target":{"@type":"EntryPoint","urlTemplate":"https:\/\/www.vagadeempregorj.com.br\/?s={search_term_string}"},"query-input":{"@type":"PropertyValueSpecification","valueRequired":true,"valueName":"search_term_string"}}],"inLanguage":"es"},{"@type":"Person","@id":"https:\/\/www.vagadeempregorj.com.br\/#\/schema\/person\/3ddb19fa0539706786e502152f3aae95","name":"Michele","image":{"@type":"ImageObject","inLanguage":"es","@id":"https:\/\/secure.gravatar.com\/avatar\/6b0eb9d22841282815e2cd856a0061c45e1761cd54b22e952d98c4746939aa85?s=96&r=g","url":"https:\/\/secure.gravatar.com\/avatar\/6b0eb9d22841282815e2cd856a0061c45e1761cd54b22e952d98c4746939aa85?s=96&r=g","contentUrl":"https:\/\/secure.gravatar.com\/avatar\/6b0eb9d22841282815e2cd856a0061c45e1761cd54b22e952d98c4746939aa85?s=96&r=g","caption":"Michele"},"description":"Formada em Letras - Portugu\u00eas\/ Ingl\u00eas, e idealizadora do site Escritora de Sucesso, busca expandir o conhecimento de todos com informa\u00e7\u00f5es relevantes sobre diversos assuntos, enquanto redatora. No Vaga de Emprego RJ, traz oportunidades e dicas sobre o mercado de trabalho.","url":"https:\/\/www.vagadeempregorj.com.br\/es\/author\/michele\/"}]}},"_links":{"self":[{"href":"https:\/\/www.vagadeempregorj.com.br\/es\/wp-json\/wp\/v2\/posts\/36571","targetHints":{"allow":["GET"]}}],"collection":[{"href":"https:\/\/www.vagadeempregorj.com.br\/es\/wp-json\/wp\/v2\/posts"}],"about":[{"href":"https:\/\/www.vagadeempregorj.com.br\/es\/wp-json\/wp\/v2\/types\/post"}],"author":[{"embeddable":true,"href":"https:\/\/www.vagadeempregorj.com.br\/es\/wp-json\/wp\/v2\/users\/16"}],"replies":[{"embeddable":true,"href":"https:\/\/www.vagadeempregorj.com.br\/es\/wp-json\/wp\/v2\/comments?post=36571"}],"version-history":[{"count":0,"href":"https:\/\/www.vagadeempregorj.com.br\/es\/wp-json\/wp\/v2\/posts\/36571\/revisions"}],"wp:featuredmedia":[{"embeddable":true,"href":"https:\/\/www.vagadeempregorj.com.br\/es\/wp-json\/wp\/v2\/media\/36576"}],"wp:attachment":[{"href":"https:\/\/www.vagadeempregorj.com.br\/es\/wp-json\/wp\/v2\/media?parent=36571"}],"wp:term":[{"taxonomy":"category","embeddable":true,"href":"https:\/\/www.vagadeempregorj.com.br\/es\/wp-json\/wp\/v2\/categories?post=36571"},{"taxonomy":"post_tag","embeddable":true,"href":"https:\/\/www.vagadeempregorj.com.br\/es\/wp-json\/wp\/v2\/tags?post=36571"}],"curies":[{"name":"wp","href":"https:\/\/api.w.org\/{rel}","templated":true}]}}