{"id":36684,"date":"2023-11-06T00:03:00","date_gmt":"2023-11-06T03:03:00","guid":{"rendered":"https:\/\/www.vagadeempregorj.com.br\/?p=36684"},"modified":"2024-11-12T10:48:09","modified_gmt":"2024-11-12T13:48:09","slug":"empregos-combio-energia","status":"publish","type":"post","link":"https:\/\/www.vagadeempregorj.com.br\/es\/empregos-combio-energia\/","title":{"rendered":"Mec\u00e2nico de Manuten\u00e7\u00e3o, Motorista de Carreta, Mec\u00e2nico de M\u00e1quinas Florestais, Eletricistas, Analistas e muito mais na Empresa ComBio Energia"},"content":{"rendered":"<p>Atualizado em<\/p>\n\n\n<div class=\"wp-block-post-date\"><time datetime=\"2023-11-06T00:03:00-03:00\">06\/11\/2023<\/time><\/div>\n\n\n<p>Os <strong>Empregos ComBio Energia<\/strong> contam com muitos benef\u00edcios para o mercado de trabalho, visto que ela \u00e9 uma empresa brasileira fundada em 2008 com a sustentabilidade em seu DNA. Eles s\u00e3o protagonistas no fornecimento de energia t\u00e9rmica de biomassa a n\u00edvel nacional e facilitam a migra\u00e7\u00e3o energ\u00e9tica substituindo o uso de combust\u00edveis f\u00f3sseis por combust\u00edveis renov\u00e1veis. Atualmente, as suas opera\u00e7\u00f5es reduzem emiss\u00f5es de aproximadamente 450.000 toneladas de CO2 por ano e, at\u00e9 2024, evitar\u00e3o emiss\u00f5es de aproximadamente 900.000 toneladas de CO2\/ano. S\u00e3o uma B Corp desde 2014 e foram selecionados como Best for the World na categoria ambiental em 2022.<\/p>\n\n\n\n<figure class=\"wp-block-image size-full\"><img loading=\"lazy\" decoding=\"async\" width=\"400\" height=\"400\" src=\"https:\/\/www.vagadeempregorj.com.br\/wp-content\/uploads\/2022\/12\/Empregos-ComBio.png\" alt=\"Empregos ComBio\" class=\"wp-image-36690\" srcset=\"https:\/\/www.vagadeempregorj.com.br\/wp-content\/uploads\/2022\/12\/Empregos-ComBio.png 400w, https:\/\/www.vagadeempregorj.com.br\/wp-content\/uploads\/2022\/12\/Empregos-ComBio-300x300.png 300w, https:\/\/www.vagadeempregorj.com.br\/wp-content\/uploads\/2022\/12\/Empregos-ComBio-150x150.png 150w, https:\/\/www.vagadeempregorj.com.br\/wp-content\/uploads\/2022\/12\/Empregos-ComBio-96x96.png 96w\" sizes=\"auto, (max-width: 400px) 100vw, 400px\" \/><figcaption class=\"wp-element-caption\">Imagem: ComBio &#8211; Reprodu\u00e7\u00e3o<\/figcaption><\/figure>\n\n\n\n<h2 class=\"wp-block-heading\">Conhe\u00e7a todas as oportunidades de Empregos ComBio Energia<\/h2>\n\n\n\n<p>Algumas vagas n\u00e3o exigem experi\u00eancia comprovada na fun\u00e7\u00e3o, apenas Ensino M\u00e9dio completo e carteira de motorista em alguns casos.<\/p>\n\n\n\n<p>S\u00e3o oferecidos os seguintes benef\u00edcios: Total Pass, PLR anual, convenio farm\u00e1cia, vale transporte ou combust\u00edvel, seguro de vida, refei\u00e7\u00e3o no local, assist\u00eancia odontol\u00f3gica, vale alimenta\u00e7\u00e3o, assist\u00eancia m\u00e9dica, licen\u00e7a paternidade e maternidade estendidas. Veja a seguir todas as fun\u00e7\u00f5es dispon\u00edveis e descubra em seguida como fazer a sua inscri\u00e7\u00e3o:&nbsp;<\/p>\n\n\n\n<ul class=\"wp-block-list\">\n<li>Anl. Administrativo Jr;<\/li>\n\n\n\n<li>Op. Mantenedor de Opera\u00e7\u00f5es Florestais;<\/li>\n\n\n\n<li>Anl. Comercial Biomassa Pl;<\/li>\n\n\n\n<li>Espec. Jur\u00eddico Corporativo;<\/li>\n\n\n\n<li>Anl. Comercial Florestal e Biomassa Pl;<\/li>\n\n\n\n<li>Op. de Utilidades;<\/li>\n\n\n\n<li>Anl. de Controle de Qualidade;<\/li>\n\n\n\n<li>Mec\u00e2nico de Manuten\u00e7\u00e3o;<\/li>\n\n\n\n<li>Anl. de Planejamento de Obras Industriais;<\/li>\n\n\n\n<li>Motorista de Carreta;<\/li>\n\n\n\n<li>Anl. de Planejamento e Controle de Manuten\u00e7\u00e3o;<\/li>\n\n\n\n<li>Mec\u00e2nico de M\u00e1quinas Florestais;<\/li>\n\n\n\n<li>Anl. de Planejamento e Log\u00edstica de Biomassa Pl;<\/li>\n\n\n\n<li>Eng. de Comissionamento;<\/li>\n\n\n\n<li>Anl. de Sistemas de Gest\u00e3o da Qualidade;<\/li>\n\n\n\n<li>Espec. em Engenharia El\u00e9trica;<\/li>\n\n\n\n<li>Anl. de SSMA Pl;<\/li>\n\n\n\n<li>Eng. de Mec\u00e2nica e Tubula\u00e7\u00e3o;<\/li>\n\n\n\n<li>Anl. de Suprimentos Pl;<\/li>\n\n\n\n<li>Eng. El\u00e9trico e Automa\u00e7\u00e3o;<\/li>\n\n\n\n<li>Ass. de Log\u00edstica;<\/li>\n\n\n\n<li>Eletricista Pl.<\/li>\n<\/ul>\n\n\n\n<h3 class=\"wp-block-heading\">Como se candidatar<\/h3>\n\n\n\n<p>Para realizar a sua candidatura a uma das vagas ofertadas \u00e9 necess\u00e1rio fazer parte do processo seletivo que acontece atrav\u00e9s do link abaixo:<\/p>\n\n\n\n<ul class=\"wp-block-list\">\n<li>Copie e cole em seu navegador o endere\u00e7o <strong>https:\/\/combioenergia.jobs.recrut.ai\/<\/strong>.<\/li>\n<\/ul>\n\n\n\n<p>Em seguida, encontre o cargo de interesse e fa\u00e7a o seu cadastro no site para n\u00e3o perder mais nenhuma oportunidade.<\/p>\n\n\n\n<p><strong>Veja tamb\u00e9m: <a href=\"https:\/\/www.vagadeempregorj.com.br\/es\/empregos-gentil-negocios\/\">Vendedora, Operadora de Caixa, Auxiliar de Estoque, Jovem Aprendiz, Est\u00e1gios, Analistas e muito mais na Empresa Gentil Neg\u00f3cios<\/a><\/strong><\/p>\n\n\n\n<h2 class=\"wp-block-heading\">Sobre a ComBio Energia<\/h2>\n\n\n\n<p>A biomassa \u00e9 o insumo mais renov\u00e1vel para a produ\u00e7\u00e3o de energia t\u00e9rmica. No entanto, o setor industrial ainda \u00e9 dominado pela energia gerada a partir do petr\u00f3leo e do g\u00e1s natural. Foi para mudar isso que a empresa nasceu em 2008. A companhia paulista atende os setores t\u00eaxtil, qu\u00edmico, de minera\u00e7\u00e3o, papel e celulose e alimentos e bebidas &#8211; maior consumidora de vapor do Brasil &#8211; e \u00e9 protagonista na transi\u00e7\u00e3o do pa\u00eds da energia f\u00f3ssil para a renov\u00e1vel.<\/p>\n\n\n\n<p>A base do trabalho da empresa \u00e9 a gera\u00e7\u00e3o de vapor e a co gera\u00e7\u00e3o de energia t\u00e9rmica com biomassa, o que contribui para melhorias ambientais e significativas redu\u00e7\u00f5es de custos para clientes do setor industrial. O processo de sustentabilidade envolveu a instala\u00e7\u00e3o da caldeira em terreno cedido pelo cliente para a \u00e1rea fabril.<\/p>\n\n\n\n<p>A companhia cuida ent\u00e3o de todas as etapas: Fornecimento de biomassa; armazenamento e distribui\u00e7\u00e3o; Gera\u00e7\u00e3o de Vapor. O vapor \u00e9 fornecido atrav\u00e9s de tubula\u00e7\u00f5es, dispensando o cliente de utilizar a caldeira, que pode ser utilizada como reserva. Os clientes pagam apenas pelo que consomem, pela entrega de produto e o aproveitamento de res\u00edduos.<\/p>","protected":false},"excerpt":{"rendered":"<p>Atualizado em Os Empregos ComBio Energia contam com muitos benef\u00edcios para o mercado de trabalho, visto que ela \u00e9 uma empresa brasileira fundada em 2008 com a sustentabilidade em seu DNA. Eles s\u00e3o protagonistas no fornecimento de energia t\u00e9rmica de biomassa a n\u00edvel nacional e facilitam a migra\u00e7\u00e3o energ\u00e9tica substituindo o uso de combust\u00edveis f\u00f3sseis&hellip;&nbsp;<\/p>","protected":false},"author":16,"featured_media":36690,"comment_status":"closed","ping_status":"closed","sticky":false,"template":"","format":"standard","meta":{"neve_meta_sidebar":"","neve_meta_container":"","neve_meta_enable_content_width":"","neve_meta_content_width":0,"neve_meta_title_alignment":"","neve_meta_author_avatar":"","neve_post_elements_order":"","neve_meta_disable_header":"","neve_meta_disable_footer":"","neve_meta_disable_title":"","footnotes":""},"categories":[123],"tags":[752,608,211],"class_list":["post-36684","post","type-post","status-publish","format-standard","has-post-thumbnail","hentry","category-vagas-de-emprego-nacionais","tag-combio-energia","tag-oportunidades","tag-vagas-de-emprego"],"yoast_head":"<!-- This site is optimized with the Yoast SEO plugin v27.5 - https:\/\/yoast.com\/product\/yoast-seo-wordpress\/ -->\n<title>Mec\u00e2nico de Manuten\u00e7\u00e3o, Motorista de Carreta, Mec\u00e2nico de M\u00e1quinas Florestais, Eletricistas, Analistas e muito mais na Empresa ComBio Energia -<\/title>\n<meta name=\"description\" content=\"Veja em Vagas de Emprego RJ as vagas de emprego com e sem experi\u00eancia no seu Estado e Regi\u00e3o!\" \/>\n<meta name=\"robots\" content=\"index, follow, max-snippet:-1, max-image-preview:large, max-video-preview:-1\" \/>\n<link rel=\"canonical\" href=\"https:\/\/www.vagadeempregorj.com.br\/es\/empregos-combio-energia\/\" \/>\n<meta property=\"og:locale\" content=\"es_MX\" \/>\n<meta property=\"og:type\" content=\"article\" \/>\n<meta property=\"og:title\" content=\"Mec\u00e2nico de Manuten\u00e7\u00e3o, Motorista de Carreta, Mec\u00e2nico de M\u00e1quinas Florestais, Eletricistas, Analistas e muito mais na Empresa ComBio Energia -\" \/>\n<meta property=\"og:description\" content=\"Veja em Vagas de Emprego RJ as vagas de emprego com e sem experi\u00eancia no seu Estado e Regi\u00e3o!\" \/>\n<meta property=\"og:url\" content=\"https:\/\/www.vagadeempregorj.com.br\/es\/empregos-combio-energia\/\" \/>\n<meta property=\"article:publisher\" content=\"https:\/\/www.facebook.com\/empregobrasiloficial\" \/>\n<meta property=\"article:published_time\" content=\"2023-11-06T03:03:00+00:00\" \/>\n<meta property=\"article:modified_time\" content=\"2024-11-12T13:48:09+00:00\" \/>\n<meta property=\"og:image\" content=\"https:\/\/www.vagadeempregorj.com.br\/wp-content\/uploads\/2022\/12\/Empregos-ComBio.png\" \/>\n\t<meta property=\"og:image:width\" content=\"400\" \/>\n\t<meta property=\"og:image:height\" content=\"400\" \/>\n\t<meta property=\"og:image:type\" content=\"image\/png\" \/>\n<meta name=\"author\" content=\"Michele\" \/>\n<meta name=\"twitter:card\" content=\"summary_large_image\" \/>\n<meta name=\"twitter:label1\" content=\"Written by\" \/>\n\t<meta name=\"twitter:data1\" content=\"Michele\" \/>\n\t<meta name=\"twitter:label2\" content=\"Est. reading time\" \/>\n\t<meta name=\"twitter:data2\" content=\"3 minutos\" \/>\n<script type=\"application\/ld+json\" class=\"yoast-schema-graph\">{\"@context\":\"https:\\\/\\\/schema.org\",\"@graph\":[{\"@type\":\"Article\",\"@id\":\"https:\\\/\\\/www.vagadeempregorj.com.br\\\/empregos-combio-energia\\\/#article\",\"isPartOf\":{\"@id\":\"https:\\\/\\\/www.vagadeempregorj.com.br\\\/empregos-combio-energia\\\/\"},\"author\":{\"name\":\"Michele\",\"@id\":\"https:\\\/\\\/www.vagadeempregorj.com.br\\\/#\\\/schema\\\/person\\\/3ddb19fa0539706786e502152f3aae95\"},\"headline\":\"Mec\u00e2nico de Manuten\u00e7\u00e3o, Motorista de Carreta, Mec\u00e2nico de M\u00e1quinas Florestais, Eletricistas, Analistas e muito mais na Empresa ComBio Energia\",\"datePublished\":\"2023-11-06T03:03:00+00:00\",\"dateModified\":\"2024-11-12T13:48:09+00:00\",\"mainEntityOfPage\":{\"@id\":\"https:\\\/\\\/www.vagadeempregorj.com.br\\\/empregos-combio-energia\\\/\"},\"wordCount\":639,\"image\":{\"@id\":\"https:\\\/\\\/www.vagadeempregorj.com.br\\\/empregos-combio-energia\\\/#primaryimage\"},\"thumbnailUrl\":\"https:\\\/\\\/www.vagadeempregorj.com.br\\\/wp-content\\\/uploads\\\/2022\\\/12\\\/Empregos-ComBio.png\",\"keywords\":[\"ComBio Energia\",\"oportunidades\",\"vagas de emprego\"],\"articleSection\":[\"Vagas de Emprego Nacionais\"],\"inLanguage\":\"es\"},{\"@type\":\"WebPage\",\"@id\":\"https:\\\/\\\/www.vagadeempregorj.com.br\\\/empregos-combio-energia\\\/\",\"url\":\"https:\\\/\\\/www.vagadeempregorj.com.br\\\/empregos-combio-energia\\\/\",\"name\":\"Mec\u00e2nico de Manuten\u00e7\u00e3o, Motorista de Carreta, Mec\u00e2nico de M\u00e1quinas Florestais, Eletricistas, Analistas e muito mais na Empresa ComBio Energia -\",\"isPartOf\":{\"@id\":\"https:\\\/\\\/www.vagadeempregorj.com.br\\\/#website\"},\"primaryImageOfPage\":{\"@id\":\"https:\\\/\\\/www.vagadeempregorj.com.br\\\/empregos-combio-energia\\\/#primaryimage\"},\"image\":{\"@id\":\"https:\\\/\\\/www.vagadeempregorj.com.br\\\/empregos-combio-energia\\\/#primaryimage\"},\"thumbnailUrl\":\"https:\\\/\\\/www.vagadeempregorj.com.br\\\/wp-content\\\/uploads\\\/2022\\\/12\\\/Empregos-ComBio.png\",\"datePublished\":\"2023-11-06T03:03:00+00:00\",\"dateModified\":\"2024-11-12T13:48:09+00:00\",\"author\":{\"@id\":\"https:\\\/\\\/www.vagadeempregorj.com.br\\\/#\\\/schema\\\/person\\\/3ddb19fa0539706786e502152f3aae95\"},\"description\":\"Veja em Vagas de Emprego RJ as vagas de emprego com e sem experi\u00eancia no seu Estado e Regi\u00e3o!\",\"breadcrumb\":{\"@id\":\"https:\\\/\\\/www.vagadeempregorj.com.br\\\/empregos-combio-energia\\\/#breadcrumb\"},\"inLanguage\":\"es\",\"potentialAction\":[{\"@type\":\"ReadAction\",\"target\":[\"https:\\\/\\\/www.vagadeempregorj.com.br\\\/empregos-combio-energia\\\/\"]}]},{\"@type\":\"ImageObject\",\"inLanguage\":\"es\",\"@id\":\"https:\\\/\\\/www.vagadeempregorj.com.br\\\/empregos-combio-energia\\\/#primaryimage\",\"url\":\"https:\\\/\\\/www.vagadeempregorj.com.br\\\/wp-content\\\/uploads\\\/2022\\\/12\\\/Empregos-ComBio.png\",\"contentUrl\":\"https:\\\/\\\/www.vagadeempregorj.com.br\\\/wp-content\\\/uploads\\\/2022\\\/12\\\/Empregos-ComBio.png\",\"width\":400,\"height\":400,\"caption\":\"Imagem: ComBio - Reprodu\u00e7\u00e3o\"},{\"@type\":\"BreadcrumbList\",\"@id\":\"https:\\\/\\\/www.vagadeempregorj.com.br\\\/empregos-combio-energia\\\/#breadcrumb\",\"itemListElement\":[{\"@type\":\"ListItem\",\"position\":1,\"name\":\"In\u00edcio\",\"item\":\"https:\\\/\\\/www.vagadeempregorj.com.br\\\/\"},{\"@type\":\"ListItem\",\"position\":2,\"name\":\"Vagas de Emprego Nacionais\",\"item\":\"https:\\\/\\\/www.vagadeempregorj.com.br\\\/vagas-de-emprego-nacionais\\\/\"},{\"@type\":\"ListItem\",\"position\":3,\"name\":\"Mec\u00e2nico de Manuten\u00e7\u00e3o, Motorista de Carreta, Mec\u00e2nico de M\u00e1quinas Florestais, Eletricistas, Analistas e muito mais na Empresa ComBio Energia\"}]},{\"@type\":\"WebSite\",\"@id\":\"https:\\\/\\\/www.vagadeempregorj.com.br\\\/#website\",\"url\":\"https:\\\/\\\/www.vagadeempregorj.com.br\\\/\",\"name\":\"\",\"description\":\"Conquiste Sonhos: Vagas, Benef\u00edcios e Economia para Transformar Vidas e Alcan\u00e7ar Melhorias Cotidianas\",\"potentialAction\":[{\"@type\":\"SearchAction\",\"target\":{\"@type\":\"EntryPoint\",\"urlTemplate\":\"https:\\\/\\\/www.vagadeempregorj.com.br\\\/?s={search_term_string}\"},\"query-input\":{\"@type\":\"PropertyValueSpecification\",\"valueRequired\":true,\"valueName\":\"search_term_string\"}}],\"inLanguage\":\"es\"},{\"@type\":\"Person\",\"@id\":\"https:\\\/\\\/www.vagadeempregorj.com.br\\\/#\\\/schema\\\/person\\\/3ddb19fa0539706786e502152f3aae95\",\"name\":\"Michele\",\"image\":{\"@type\":\"ImageObject\",\"inLanguage\":\"es\",\"@id\":\"https:\\\/\\\/secure.gravatar.com\\\/avatar\\\/6b0eb9d22841282815e2cd856a0061c45e1761cd54b22e952d98c4746939aa85?s=96&r=g\",\"url\":\"https:\\\/\\\/secure.gravatar.com\\\/avatar\\\/6b0eb9d22841282815e2cd856a0061c45e1761cd54b22e952d98c4746939aa85?s=96&r=g\",\"contentUrl\":\"https:\\\/\\\/secure.gravatar.com\\\/avatar\\\/6b0eb9d22841282815e2cd856a0061c45e1761cd54b22e952d98c4746939aa85?s=96&r=g\",\"caption\":\"Michele\"},\"description\":\"Formada em Letras - Portugu\u00eas\\\/ Ingl\u00eas, e idealizadora do site Escritora de Sucesso, busca expandir o conhecimento de todos com informa\u00e7\u00f5es relevantes sobre diversos assuntos, enquanto redatora. No Vaga de Emprego RJ, traz oportunidades e dicas sobre o mercado de trabalho.\",\"url\":\"https:\\\/\\\/www.vagadeempregorj.com.br\\\/es\\\/author\\\/michele\\\/\"}]}<\/script>\n<!-- \/ Yoast SEO plugin. -->","yoast_head_json":{"title":"Mec\u00e2nico de Manuten\u00e7\u00e3o, Motorista de Carreta, Mec\u00e2nico de M\u00e1quinas Florestais, Eletricistas, Analistas e muito mais na Empresa ComBio Energia -","description":"Veja em Vagas de Emprego RJ as vagas de emprego com e sem experi\u00eancia no seu Estado e Regi\u00e3o!","robots":{"index":"index","follow":"follow","max-snippet":"max-snippet:-1","max-image-preview":"max-image-preview:large","max-video-preview":"max-video-preview:-1"},"canonical":"https:\/\/www.vagadeempregorj.com.br\/es\/empregos-combio-energia\/","og_locale":"es_MX","og_type":"article","og_title":"Mec\u00e2nico de Manuten\u00e7\u00e3o, Motorista de Carreta, Mec\u00e2nico de M\u00e1quinas Florestais, Eletricistas, Analistas e muito mais na Empresa ComBio Energia -","og_description":"Veja em Vagas de Emprego RJ as vagas de emprego com e sem experi\u00eancia no seu Estado e Regi\u00e3o!","og_url":"https:\/\/www.vagadeempregorj.com.br\/es\/empregos-combio-energia\/","article_publisher":"https:\/\/www.facebook.com\/empregobrasiloficial","article_published_time":"2023-11-06T03:03:00+00:00","article_modified_time":"2024-11-12T13:48:09+00:00","og_image":[{"width":400,"height":400,"url":"https:\/\/www.vagadeempregorj.com.br\/wp-content\/uploads\/2022\/12\/Empregos-ComBio.png","type":"image\/png"}],"author":"Michele","twitter_card":"summary_large_image","twitter_misc":{"Written by":"Michele","Est. reading time":"3 minutos"},"schema":{"@context":"https:\/\/schema.org","@graph":[{"@type":"Article","@id":"https:\/\/www.vagadeempregorj.com.br\/empregos-combio-energia\/#article","isPartOf":{"@id":"https:\/\/www.vagadeempregorj.com.br\/empregos-combio-energia\/"},"author":{"name":"Michele","@id":"https:\/\/www.vagadeempregorj.com.br\/#\/schema\/person\/3ddb19fa0539706786e502152f3aae95"},"headline":"Mec\u00e2nico de Manuten\u00e7\u00e3o, Motorista de Carreta, Mec\u00e2nico de M\u00e1quinas Florestais, Eletricistas, Analistas e muito mais na Empresa ComBio Energia","datePublished":"2023-11-06T03:03:00+00:00","dateModified":"2024-11-12T13:48:09+00:00","mainEntityOfPage":{"@id":"https:\/\/www.vagadeempregorj.com.br\/empregos-combio-energia\/"},"wordCount":639,"image":{"@id":"https:\/\/www.vagadeempregorj.com.br\/empregos-combio-energia\/#primaryimage"},"thumbnailUrl":"https:\/\/www.vagadeempregorj.com.br\/wp-content\/uploads\/2022\/12\/Empregos-ComBio.png","keywords":["ComBio Energia","oportunidades","vagas de emprego"],"articleSection":["Vagas de Emprego Nacionais"],"inLanguage":"es"},{"@type":"WebPage","@id":"https:\/\/www.vagadeempregorj.com.br\/empregos-combio-energia\/","url":"https:\/\/www.vagadeempregorj.com.br\/empregos-combio-energia\/","name":"Mec\u00e2nico de Manuten\u00e7\u00e3o, Motorista de Carreta, Mec\u00e2nico de M\u00e1quinas Florestais, Eletricistas, Analistas e muito mais na Empresa ComBio Energia -","isPartOf":{"@id":"https:\/\/www.vagadeempregorj.com.br\/#website"},"primaryImageOfPage":{"@id":"https:\/\/www.vagadeempregorj.com.br\/empregos-combio-energia\/#primaryimage"},"image":{"@id":"https:\/\/www.vagadeempregorj.com.br\/empregos-combio-energia\/#primaryimage"},"thumbnailUrl":"https:\/\/www.vagadeempregorj.com.br\/wp-content\/uploads\/2022\/12\/Empregos-ComBio.png","datePublished":"2023-11-06T03:03:00+00:00","dateModified":"2024-11-12T13:48:09+00:00","author":{"@id":"https:\/\/www.vagadeempregorj.com.br\/#\/schema\/person\/3ddb19fa0539706786e502152f3aae95"},"description":"Veja em Vagas de Emprego RJ as vagas de emprego com e sem experi\u00eancia no seu Estado e Regi\u00e3o!","breadcrumb":{"@id":"https:\/\/www.vagadeempregorj.com.br\/empregos-combio-energia\/#breadcrumb"},"inLanguage":"es","potentialAction":[{"@type":"ReadAction","target":["https:\/\/www.vagadeempregorj.com.br\/empregos-combio-energia\/"]}]},{"@type":"ImageObject","inLanguage":"es","@id":"https:\/\/www.vagadeempregorj.com.br\/empregos-combio-energia\/#primaryimage","url":"https:\/\/www.vagadeempregorj.com.br\/wp-content\/uploads\/2022\/12\/Empregos-ComBio.png","contentUrl":"https:\/\/www.vagadeempregorj.com.br\/wp-content\/uploads\/2022\/12\/Empregos-ComBio.png","width":400,"height":400,"caption":"Imagem: ComBio - Reprodu\u00e7\u00e3o"},{"@type":"BreadcrumbList","@id":"https:\/\/www.vagadeempregorj.com.br\/empregos-combio-energia\/#breadcrumb","itemListElement":[{"@type":"ListItem","position":1,"name":"In\u00edcio","item":"https:\/\/www.vagadeempregorj.com.br\/"},{"@type":"ListItem","position":2,"name":"Vagas de Emprego Nacionais","item":"https:\/\/www.vagadeempregorj.com.br\/vagas-de-emprego-nacionais\/"},{"@type":"ListItem","position":3,"name":"Mec\u00e2nico de Manuten\u00e7\u00e3o, Motorista de Carreta, Mec\u00e2nico de M\u00e1quinas Florestais, Eletricistas, Analistas e muito mais na Empresa ComBio Energia"}]},{"@type":"WebSite","@id":"https:\/\/www.vagadeempregorj.com.br\/#website","url":"https:\/\/www.vagadeempregorj.com.br\/","name":"","description":"Conquiste Sonhos: Vagas, Benef\u00edcios e Economia para Transformar Vidas e Alcan\u00e7ar Melhorias Cotidianas","potentialAction":[{"@type":"SearchAction","target":{"@type":"EntryPoint","urlTemplate":"https:\/\/www.vagadeempregorj.com.br\/?s={search_term_string}"},"query-input":{"@type":"PropertyValueSpecification","valueRequired":true,"valueName":"search_term_string"}}],"inLanguage":"es"},{"@type":"Person","@id":"https:\/\/www.vagadeempregorj.com.br\/#\/schema\/person\/3ddb19fa0539706786e502152f3aae95","name":"Michele","image":{"@type":"ImageObject","inLanguage":"es","@id":"https:\/\/secure.gravatar.com\/avatar\/6b0eb9d22841282815e2cd856a0061c45e1761cd54b22e952d98c4746939aa85?s=96&r=g","url":"https:\/\/secure.gravatar.com\/avatar\/6b0eb9d22841282815e2cd856a0061c45e1761cd54b22e952d98c4746939aa85?s=96&r=g","contentUrl":"https:\/\/secure.gravatar.com\/avatar\/6b0eb9d22841282815e2cd856a0061c45e1761cd54b22e952d98c4746939aa85?s=96&r=g","caption":"Michele"},"description":"Formada em Letras - Portugu\u00eas\/ Ingl\u00eas, e idealizadora do site Escritora de Sucesso, busca expandir o conhecimento de todos com informa\u00e7\u00f5es relevantes sobre diversos assuntos, enquanto redatora. No Vaga de Emprego RJ, traz oportunidades e dicas sobre o mercado de trabalho.","url":"https:\/\/www.vagadeempregorj.com.br\/es\/author\/michele\/"}]}},"_links":{"self":[{"href":"https:\/\/www.vagadeempregorj.com.br\/es\/wp-json\/wp\/v2\/posts\/36684","targetHints":{"allow":["GET"]}}],"collection":[{"href":"https:\/\/www.vagadeempregorj.com.br\/es\/wp-json\/wp\/v2\/posts"}],"about":[{"href":"https:\/\/www.vagadeempregorj.com.br\/es\/wp-json\/wp\/v2\/types\/post"}],"author":[{"embeddable":true,"href":"https:\/\/www.vagadeempregorj.com.br\/es\/wp-json\/wp\/v2\/users\/16"}],"replies":[{"embeddable":true,"href":"https:\/\/www.vagadeempregorj.com.br\/es\/wp-json\/wp\/v2\/comments?post=36684"}],"version-history":[{"count":0,"href":"https:\/\/www.vagadeempregorj.com.br\/es\/wp-json\/wp\/v2\/posts\/36684\/revisions"}],"wp:featuredmedia":[{"embeddable":true,"href":"https:\/\/www.vagadeempregorj.com.br\/es\/wp-json\/wp\/v2\/media\/36690"}],"wp:attachment":[{"href":"https:\/\/www.vagadeempregorj.com.br\/es\/wp-json\/wp\/v2\/media?parent=36684"}],"wp:term":[{"taxonomy":"category","embeddable":true,"href":"https:\/\/www.vagadeempregorj.com.br\/es\/wp-json\/wp\/v2\/categories?post=36684"},{"taxonomy":"post_tag","embeddable":true,"href":"https:\/\/www.vagadeempregorj.com.br\/es\/wp-json\/wp\/v2\/tags?post=36684"}],"curies":[{"name":"wp","href":"https:\/\/api.w.org\/{rel}","templated":true}]}}