{"id":36950,"date":"2023-11-07T00:01:00","date_gmt":"2023-11-07T03:01:00","guid":{"rendered":"https:\/\/www.vagadeempregorj.com.br\/?p=36950"},"modified":"2023-11-06T15:27:31","modified_gmt":"2023-11-06T18:27:31","slug":"empregos-shoulder","status":"publish","type":"post","link":"https:\/\/www.vagadeempregorj.com.br\/es\/empregos-shoulder\/","title":{"rendered":"Ajudante Geral, Estoquista, Operador de Caixa, Vendedor, Est\u00e1gios, Analista Comercial, Analista de Comercio Exterior e Assistente Administrativo"},"content":{"rendered":"<p>Atualizado em<\/p>\n\n\n<div class=\"wp-block-post-date\"><time datetime=\"2023-11-07T00:01:00-03:00\">07\/11\/2023<\/time><\/div>\n\n\n<p>Os <strong>Empregos Shoulder<\/strong> possuem muitos benef\u00edcios. Tudo come\u00e7ou em 1980, e h\u00e1 mais de 42 anos eles se orgulham de ter profissionais cujo objetivo \u00e9 transformar voc\u00ea na sua melhor vers\u00e3o todos os dias! Ao expandir para as principais cidades do pa\u00eds &#8211; hoje possuem mais de 60 lojas, 1000 funcion\u00e1rios e aproximadamente 700 multimarcas &#8211; n\u00e3o s\u00e3o mais uma marca paulista, mas uma marca de moda feminina no Brasil, representando uma mulher urbana de Brasil em que pa\u00eds do pa\u00eds ela est\u00e1! <\/p>\n\n\n\n<p>Cada regi\u00e3o nos trouxe algo do que eles s\u00e3o hoje: cidades, energia solar, mulheres e ess\u00eancias simples! A n\u00edvel nacional, valorizam ter um time apaixonada pelo que faz e que trabalha incansavelmente, al\u00e9m de oferecer aos seus clientes a experi\u00eancia de consumo mais incr\u00edvel do mercado. \u00c9 por isso que procuram pessoas com foco no cliente, energia para resultados, pensamento criativo, auto lideran\u00e7a e paix\u00e3o por moda e varejo.<\/p>\n\n\n\n<figure class=\"wp-block-image size-large\"><img loading=\"lazy\" decoding=\"async\" width=\"1024\" height=\"310\" src=\"https:\/\/www.vagadeempregorj.com.br\/wp-content\/uploads\/2022\/12\/empregos-Shoulder-1024x310.png\" alt=\"empregos Shoulder\" class=\"wp-image-36956\" srcset=\"https:\/\/www.vagadeempregorj.com.br\/wp-content\/uploads\/2022\/12\/empregos-Shoulder-1024x310.png 1024w, https:\/\/www.vagadeempregorj.com.br\/wp-content\/uploads\/2022\/12\/empregos-Shoulder-300x91.png 300w, https:\/\/www.vagadeempregorj.com.br\/wp-content\/uploads\/2022\/12\/empregos-Shoulder-768x233.png 768w, https:\/\/www.vagadeempregorj.com.br\/wp-content\/uploads\/2022\/12\/empregos-Shoulder-1536x465.png 1536w, https:\/\/www.vagadeempregorj.com.br\/wp-content\/uploads\/2022\/12\/empregos-Shoulder-150x45.png 150w, https:\/\/www.vagadeempregorj.com.br\/wp-content\/uploads\/2022\/12\/empregos-Shoulder.png 1980w\" sizes=\"auto, (max-width: 1024px) 100vw, 1024px\" \/><figcaption class=\"wp-element-caption\">Imagem: Shoulder &#8211; Reprodu\u00e7\u00e3o<\/figcaption><\/figure>\n\n\n\n<h2 class=\"wp-block-heading\">Conhe\u00e7a todas as oportunidades de Empregos Shoulder anunciadas<\/h2>\n\n\n\n<p>H\u00e1 vagas para pessoas sem experi\u00eancia, basta ter Ensino M\u00e9dio completo. Existem oportunidades para Jovem Aprendiz que tenham conhecimento do Pacote Office e sejam bem comunicativos.<\/p>\n\n\n\n<p>\u00c9 oferecido muitos benef\u00edcios como parcerias com institui\u00e7\u00f5es acad\u00eamicas, sal\u00e1rio com comiss\u00e3o, kit maternidade, vale transporte, licen\u00e7a paternidade e maternidade estendidas, vale alimenta\u00e7\u00e3o e refei\u00e7\u00e3o, descontos nos produtos, plano m\u00e9dico, empr\u00e9stimo consignado, plano odontol\u00f3gico, convenio farm\u00e1cia e seguro de vida.&nbsp; Veja abaixo todas as fun\u00e7\u00f5es dispon\u00edveis:<\/p>\n\n\n\n<ul class=\"wp-block-list\">\n<li>Estagi\u00e1rio de Comunica\u00e7\u00e3o Interna;<\/li>\n\n\n\n<li>Ajudante Geral;<\/li>\n\n\n\n<li>Visual Merchandising de Campo;<\/li>\n\n\n\n<li>Anl. Comercial;<\/li>\n\n\n\n<li>Estoquista;<\/li>\n\n\n\n<li>Anl. de Branding Pl;<\/li>\n\n\n\n<li>Vendedor Respons\u00e1vel;<\/li>\n\n\n\n<li>Anl. de Comercio Exterior;<\/li>\n\n\n\n<li>Est\u00e1gio Financeiro;<\/li>\n\n\n\n<li>Gerente Assistente;<\/li>\n\n\n\n<li>Anl. de Infraestrutura Junior;<\/li>\n\n\n\n<li>Vendedora Digital;<\/li>\n\n\n\n<li>Anl. de Suprimentos Junior;<\/li>\n\n\n\n<li>Jovem Aprendiz;<\/li>\n\n\n\n<li>Ass. Administrativo VM;<\/li>\n\n\n\n<li>Op. de Caixa;<\/li>\n\n\n\n<li>Espec. de Tesouraria;<\/li>\n\n\n\n<li>Designer Gr\u00e1fico Sr;<\/li>\n\n\n\n<li>Apoio de Loja;<\/li>\n\n\n\n<li>Espec. Cont\u00e1bil \/ Custos;<\/li>\n\n\n\n<li>Gerente de Loja;<\/li>\n\n\n\n<li>Espec. de Compras e Contratos.<\/li>\n<\/ul>\n\n\n\n<h3 class=\"wp-block-heading\">Como se candidatar<\/h3>\n\n\n\n<p>Para participar do processo seletivo das vagas anunciadas acima \u00e9 preciso acessar o link abaixo e realizar o seu cadastro:<\/p>\n\n\n\n<ul class=\"wp-block-list\">\n<li><a href=\"https:\/\/shoulder.gupy.io\/\">Vagas Shoulder<\/a>.<\/li>\n<\/ul>\n\n\n\n<p><strong>Veja tamb\u00e9m: <a href=\"https:\/\/www.vagadeempregorj.com.br\/es\/empregos-grupo-tangipar\/\">Almoxarife, Motorista de Caminh\u00e3o, Operador de Produ\u00e7\u00e3o, Recepcionista, Jovem Aprendiz e muito mais na Empresa Grupo Tangipar<\/a><\/strong><\/p>\n\n\n\n<h2 class=\"wp-block-heading\">Sobre a Shoulder<\/h2>\n\n\n\n<p>Na d\u00e9cada de 80, quando come\u00e7aram a confeccionar roupas femininas entrando no mercado de trabalho, n\u00e3o imaginaram que um dia seriam refer\u00eancia em roupas casuais pensadas para nosso clima tropical e seu estilo de vida colorido. Ao longo dos anos, aprenderam que a mulher urbana brasileira precisa de roupas que a fa\u00e7am se sentir bem, que respeite seu corpo e seu dia a dia, e que moda de qualidade n\u00e3o precisa ser complicada. Criaram t\u00edtulos e experi\u00eancias que elevam nossas mulheres e apoiam o caminho de todos para encontrar a melhor vers\u00e3o de si mesmos.<\/p>\n\n\n\n<p>\u00c9 por isso que as hist\u00f3rias deles se confundem com as suas. Acompanham e apoiam a evolu\u00e7\u00e3o da mulher, sempre atentos \u00e0s novidades, atentos a cada detalhe. Respeitar os seus clientes e a cadeia de valor das suas marcas est\u00e1 no centro da nossa forma de estar. Al\u00e9m de capacitar semin\u00e1rios, apoiar a\u00e7\u00f5es de desenvolvimento sustent\u00e1vel e garantir um trabalho \u00e9tico em sua rede, temos como foco os movimentos contempor\u00e2neos de mulheres e as preocupa\u00e7\u00f5es sociais. Oferecem moda nos tamanhos 34 ao 48 e estilos que respeitam a realidade e o dia a dia da mulher de forma democr\u00e1tica. Criam produtos com design e prop\u00f3sito constru\u00eddos para durar. Um \u00f3timo investimento que ainda ajuda a n\u00e3o gerar desperd\u00edcio.&nbsp;<\/p>","protected":false},"excerpt":{"rendered":"<p>Atualizado em Os Empregos Shoulder possuem muitos benef\u00edcios. Tudo come\u00e7ou em 1980, e h\u00e1 mais de 42 anos eles se orgulham de ter profissionais cujo objetivo \u00e9 transformar voc\u00ea na sua melhor vers\u00e3o todos os dias! Ao expandir para as principais cidades do pa\u00eds &#8211; hoje possuem mais de 60 lojas, 1000 funcion\u00e1rios e aproximadamente&hellip;&nbsp;<\/p>","protected":false},"author":16,"featured_media":36956,"comment_status":"closed","ping_status":"closed","sticky":false,"template":"","format":"standard","meta":{"neve_meta_sidebar":"","neve_meta_container":"","neve_meta_enable_content_width":"","neve_meta_content_width":0,"neve_meta_title_alignment":"","neve_meta_author_avatar":"","neve_post_elements_order":"","neve_meta_disable_header":"","neve_meta_disable_footer":"","neve_meta_disable_title":"","footnotes":""},"categories":[123],"tags":[608,766,211],"class_list":["post-36950","post","type-post","status-publish","format-standard","has-post-thumbnail","hentry","category-vagas-de-emprego-nacionais","tag-oportunidades","tag-shoulder","tag-vagas-de-emprego"],"yoast_head":"<!-- This site is optimized with the Yoast SEO plugin v27.5 - https:\/\/yoast.com\/product\/yoast-seo-wordpress\/ -->\n<title>Ajudante Geral, Estoquista, Operador de Caixa, Vendedor, Est\u00e1gios, Analista Comercial, Analista de Comercio Exterior e Assistente Administrativo -<\/title>\n<meta name=\"description\" content=\"Veja em Vagas de Emprego RJ as vagas de emprego com e sem experi\u00eancia no seu Estado e Regi\u00e3o!\" \/>\n<meta name=\"robots\" content=\"index, follow, max-snippet:-1, max-image-preview:large, max-video-preview:-1\" \/>\n<link rel=\"canonical\" href=\"https:\/\/www.vagadeempregorj.com.br\/es\/empregos-shoulder\/\" \/>\n<meta property=\"og:locale\" content=\"es_MX\" \/>\n<meta property=\"og:type\" content=\"article\" \/>\n<meta property=\"og:title\" content=\"Ajudante Geral, Estoquista, Operador de Caixa, Vendedor, Est\u00e1gios, Analista Comercial, Analista de Comercio Exterior e Assistente Administrativo -\" \/>\n<meta property=\"og:description\" content=\"Veja em Vagas de Emprego RJ as vagas de emprego com e sem experi\u00eancia no seu Estado e Regi\u00e3o!\" \/>\n<meta property=\"og:url\" content=\"https:\/\/www.vagadeempregorj.com.br\/es\/empregos-shoulder\/\" \/>\n<meta property=\"article:publisher\" content=\"https:\/\/www.facebook.com\/empregobrasiloficial\" \/>\n<meta property=\"article:published_time\" content=\"2023-11-07T03:01:00+00:00\" \/>\n<meta property=\"og:image\" content=\"https:\/\/www.vagadeempregorj.com.br\/wp-content\/uploads\/2022\/12\/empregos-Shoulder.png\" \/>\n\t<meta property=\"og:image:width\" content=\"1980\" \/>\n\t<meta property=\"og:image:height\" content=\"600\" \/>\n\t<meta property=\"og:image:type\" content=\"image\/png\" \/>\n<meta name=\"author\" content=\"Michele\" \/>\n<meta name=\"twitter:card\" content=\"summary_large_image\" \/>\n<meta name=\"twitter:label1\" content=\"Escrito por\" \/>\n\t<meta name=\"twitter:data1\" content=\"Michele\" \/>\n\t<meta name=\"twitter:label2\" content=\"Tiempo de lectura\" \/>\n\t<meta name=\"twitter:data2\" content=\"3 minutos\" \/>\n<script type=\"application\/ld+json\" class=\"yoast-schema-graph\">{\"@context\":\"https:\\\/\\\/schema.org\",\"@graph\":[{\"@type\":\"Article\",\"@id\":\"https:\\\/\\\/www.vagadeempregorj.com.br\\\/empregos-shoulder\\\/#article\",\"isPartOf\":{\"@id\":\"https:\\\/\\\/www.vagadeempregorj.com.br\\\/empregos-shoulder\\\/\"},\"author\":{\"name\":\"Michele\",\"@id\":\"https:\\\/\\\/www.vagadeempregorj.com.br\\\/#\\\/schema\\\/person\\\/3ddb19fa0539706786e502152f3aae95\"},\"headline\":\"Ajudante Geral, Estoquista, Operador de Caixa, Vendedor, Est\u00e1gios, Analista Comercial, Analista de Comercio Exterior e Assistente Administrativo\",\"datePublished\":\"2023-11-07T03:01:00+00:00\",\"mainEntityOfPage\":{\"@id\":\"https:\\\/\\\/www.vagadeempregorj.com.br\\\/empregos-shoulder\\\/\"},\"wordCount\":637,\"image\":{\"@id\":\"https:\\\/\\\/www.vagadeempregorj.com.br\\\/empregos-shoulder\\\/#primaryimage\"},\"thumbnailUrl\":\"https:\\\/\\\/www.vagadeempregorj.com.br\\\/wp-content\\\/uploads\\\/2022\\\/12\\\/empregos-Shoulder.png\",\"keywords\":[\"oportunidades\",\"Shoulder\",\"vagas de emprego\"],\"articleSection\":[\"Vagas de Emprego Nacionais\"],\"inLanguage\":\"es\"},{\"@type\":\"WebPage\",\"@id\":\"https:\\\/\\\/www.vagadeempregorj.com.br\\\/empregos-shoulder\\\/\",\"url\":\"https:\\\/\\\/www.vagadeempregorj.com.br\\\/empregos-shoulder\\\/\",\"name\":\"Ajudante Geral, Estoquista, Operador de Caixa, Vendedor, Est\u00e1gios, Analista Comercial, Analista de Comercio Exterior e Assistente Administrativo -\",\"isPartOf\":{\"@id\":\"https:\\\/\\\/www.vagadeempregorj.com.br\\\/#website\"},\"primaryImageOfPage\":{\"@id\":\"https:\\\/\\\/www.vagadeempregorj.com.br\\\/empregos-shoulder\\\/#primaryimage\"},\"image\":{\"@id\":\"https:\\\/\\\/www.vagadeempregorj.com.br\\\/empregos-shoulder\\\/#primaryimage\"},\"thumbnailUrl\":\"https:\\\/\\\/www.vagadeempregorj.com.br\\\/wp-content\\\/uploads\\\/2022\\\/12\\\/empregos-Shoulder.png\",\"datePublished\":\"2023-11-07T03:01:00+00:00\",\"author\":{\"@id\":\"https:\\\/\\\/www.vagadeempregorj.com.br\\\/#\\\/schema\\\/person\\\/3ddb19fa0539706786e502152f3aae95\"},\"description\":\"Veja em Vagas de Emprego RJ as vagas de emprego com e sem experi\u00eancia no seu Estado e Regi\u00e3o!\",\"breadcrumb\":{\"@id\":\"https:\\\/\\\/www.vagadeempregorj.com.br\\\/empregos-shoulder\\\/#breadcrumb\"},\"inLanguage\":\"es\",\"potentialAction\":[{\"@type\":\"ReadAction\",\"target\":[\"https:\\\/\\\/www.vagadeempregorj.com.br\\\/empregos-shoulder\\\/\"]}]},{\"@type\":\"ImageObject\",\"inLanguage\":\"es\",\"@id\":\"https:\\\/\\\/www.vagadeempregorj.com.br\\\/empregos-shoulder\\\/#primaryimage\",\"url\":\"https:\\\/\\\/www.vagadeempregorj.com.br\\\/wp-content\\\/uploads\\\/2022\\\/12\\\/empregos-Shoulder.png\",\"contentUrl\":\"https:\\\/\\\/www.vagadeempregorj.com.br\\\/wp-content\\\/uploads\\\/2022\\\/12\\\/empregos-Shoulder.png\",\"width\":1980,\"height\":600,\"caption\":\"Imagem: Shoulder - Reprodu\u00e7\u00e3o\"},{\"@type\":\"BreadcrumbList\",\"@id\":\"https:\\\/\\\/www.vagadeempregorj.com.br\\\/empregos-shoulder\\\/#breadcrumb\",\"itemListElement\":[{\"@type\":\"ListItem\",\"position\":1,\"name\":\"In\u00edcio\",\"item\":\"https:\\\/\\\/www.vagadeempregorj.com.br\\\/\"},{\"@type\":\"ListItem\",\"position\":2,\"name\":\"Vagas de Emprego Nacionais\",\"item\":\"https:\\\/\\\/www.vagadeempregorj.com.br\\\/vagas-de-emprego-nacionais\\\/\"},{\"@type\":\"ListItem\",\"position\":3,\"name\":\"Ajudante Geral, Estoquista, Operador de Caixa, Vendedor, Est\u00e1gios, Analista Comercial, Analista de Comercio Exterior e Assistente Administrativo\"}]},{\"@type\":\"WebSite\",\"@id\":\"https:\\\/\\\/www.vagadeempregorj.com.br\\\/#website\",\"url\":\"https:\\\/\\\/www.vagadeempregorj.com.br\\\/\",\"name\":\"\",\"description\":\"Conquiste Sonhos: Vagas, Benef\u00edcios e Economia para Transformar Vidas e Alcan\u00e7ar Melhorias Cotidianas\",\"potentialAction\":[{\"@type\":\"SearchAction\",\"target\":{\"@type\":\"EntryPoint\",\"urlTemplate\":\"https:\\\/\\\/www.vagadeempregorj.com.br\\\/?s={search_term_string}\"},\"query-input\":{\"@type\":\"PropertyValueSpecification\",\"valueRequired\":true,\"valueName\":\"search_term_string\"}}],\"inLanguage\":\"es\"},{\"@type\":\"Person\",\"@id\":\"https:\\\/\\\/www.vagadeempregorj.com.br\\\/#\\\/schema\\\/person\\\/3ddb19fa0539706786e502152f3aae95\",\"name\":\"Michele\",\"image\":{\"@type\":\"ImageObject\",\"inLanguage\":\"es\",\"@id\":\"https:\\\/\\\/secure.gravatar.com\\\/avatar\\\/6b0eb9d22841282815e2cd856a0061c45e1761cd54b22e952d98c4746939aa85?s=96&r=g\",\"url\":\"https:\\\/\\\/secure.gravatar.com\\\/avatar\\\/6b0eb9d22841282815e2cd856a0061c45e1761cd54b22e952d98c4746939aa85?s=96&r=g\",\"contentUrl\":\"https:\\\/\\\/secure.gravatar.com\\\/avatar\\\/6b0eb9d22841282815e2cd856a0061c45e1761cd54b22e952d98c4746939aa85?s=96&r=g\",\"caption\":\"Michele\"},\"description\":\"Formada em Letras - Portugu\u00eas\\\/ Ingl\u00eas, e idealizadora do site Escritora de Sucesso, busca expandir o conhecimento de todos com informa\u00e7\u00f5es relevantes sobre diversos assuntos, enquanto redatora. No Vaga de Emprego RJ, traz oportunidades e dicas sobre o mercado de trabalho.\",\"url\":\"https:\\\/\\\/www.vagadeempregorj.com.br\\\/es\\\/author\\\/michele\\\/\"}]}<\/script>\n<!-- \/ Yoast SEO plugin. -->","yoast_head_json":{"title":"Ajudante Geral, Estoquista, Operador de Caixa, Vendedor, Est\u00e1gios, Analista Comercial, Analista de Comercio Exterior e Assistente Administrativo -","description":"Veja em Vagas de Emprego RJ as vagas de emprego com e sem experi\u00eancia no seu Estado e Regi\u00e3o!","robots":{"index":"index","follow":"follow","max-snippet":"max-snippet:-1","max-image-preview":"max-image-preview:large","max-video-preview":"max-video-preview:-1"},"canonical":"https:\/\/www.vagadeempregorj.com.br\/es\/empregos-shoulder\/","og_locale":"es_MX","og_type":"article","og_title":"Ajudante Geral, Estoquista, Operador de Caixa, Vendedor, Est\u00e1gios, Analista Comercial, Analista de Comercio Exterior e Assistente Administrativo -","og_description":"Veja em Vagas de Emprego RJ as vagas de emprego com e sem experi\u00eancia no seu Estado e Regi\u00e3o!","og_url":"https:\/\/www.vagadeempregorj.com.br\/es\/empregos-shoulder\/","article_publisher":"https:\/\/www.facebook.com\/empregobrasiloficial","article_published_time":"2023-11-07T03:01:00+00:00","og_image":[{"width":1980,"height":600,"url":"https:\/\/www.vagadeempregorj.com.br\/wp-content\/uploads\/2022\/12\/empregos-Shoulder.png","type":"image\/png"}],"author":"Michele","twitter_card":"summary_large_image","twitter_misc":{"Escrito por":"Michele","Tiempo de lectura":"3 minutos"},"schema":{"@context":"https:\/\/schema.org","@graph":[{"@type":"Article","@id":"https:\/\/www.vagadeempregorj.com.br\/empregos-shoulder\/#article","isPartOf":{"@id":"https:\/\/www.vagadeempregorj.com.br\/empregos-shoulder\/"},"author":{"name":"Michele","@id":"https:\/\/www.vagadeempregorj.com.br\/#\/schema\/person\/3ddb19fa0539706786e502152f3aae95"},"headline":"Ajudante Geral, Estoquista, Operador de Caixa, Vendedor, Est\u00e1gios, Analista Comercial, Analista de Comercio Exterior e Assistente Administrativo","datePublished":"2023-11-07T03:01:00+00:00","mainEntityOfPage":{"@id":"https:\/\/www.vagadeempregorj.com.br\/empregos-shoulder\/"},"wordCount":637,"image":{"@id":"https:\/\/www.vagadeempregorj.com.br\/empregos-shoulder\/#primaryimage"},"thumbnailUrl":"https:\/\/www.vagadeempregorj.com.br\/wp-content\/uploads\/2022\/12\/empregos-Shoulder.png","keywords":["oportunidades","Shoulder","vagas de emprego"],"articleSection":["Vagas de Emprego Nacionais"],"inLanguage":"es"},{"@type":"WebPage","@id":"https:\/\/www.vagadeempregorj.com.br\/empregos-shoulder\/","url":"https:\/\/www.vagadeempregorj.com.br\/empregos-shoulder\/","name":"Ajudante Geral, Estoquista, Operador de Caixa, Vendedor, Est\u00e1gios, Analista Comercial, Analista de Comercio Exterior e Assistente Administrativo -","isPartOf":{"@id":"https:\/\/www.vagadeempregorj.com.br\/#website"},"primaryImageOfPage":{"@id":"https:\/\/www.vagadeempregorj.com.br\/empregos-shoulder\/#primaryimage"},"image":{"@id":"https:\/\/www.vagadeempregorj.com.br\/empregos-shoulder\/#primaryimage"},"thumbnailUrl":"https:\/\/www.vagadeempregorj.com.br\/wp-content\/uploads\/2022\/12\/empregos-Shoulder.png","datePublished":"2023-11-07T03:01:00+00:00","author":{"@id":"https:\/\/www.vagadeempregorj.com.br\/#\/schema\/person\/3ddb19fa0539706786e502152f3aae95"},"description":"Veja em Vagas de Emprego RJ as vagas de emprego com e sem experi\u00eancia no seu Estado e Regi\u00e3o!","breadcrumb":{"@id":"https:\/\/www.vagadeempregorj.com.br\/empregos-shoulder\/#breadcrumb"},"inLanguage":"es","potentialAction":[{"@type":"ReadAction","target":["https:\/\/www.vagadeempregorj.com.br\/empregos-shoulder\/"]}]},{"@type":"ImageObject","inLanguage":"es","@id":"https:\/\/www.vagadeempregorj.com.br\/empregos-shoulder\/#primaryimage","url":"https:\/\/www.vagadeempregorj.com.br\/wp-content\/uploads\/2022\/12\/empregos-Shoulder.png","contentUrl":"https:\/\/www.vagadeempregorj.com.br\/wp-content\/uploads\/2022\/12\/empregos-Shoulder.png","width":1980,"height":600,"caption":"Imagem: Shoulder - Reprodu\u00e7\u00e3o"},{"@type":"BreadcrumbList","@id":"https:\/\/www.vagadeempregorj.com.br\/empregos-shoulder\/#breadcrumb","itemListElement":[{"@type":"ListItem","position":1,"name":"In\u00edcio","item":"https:\/\/www.vagadeempregorj.com.br\/"},{"@type":"ListItem","position":2,"name":"Vagas de Emprego Nacionais","item":"https:\/\/www.vagadeempregorj.com.br\/vagas-de-emprego-nacionais\/"},{"@type":"ListItem","position":3,"name":"Ajudante Geral, Estoquista, Operador de Caixa, Vendedor, Est\u00e1gios, Analista Comercial, Analista de Comercio Exterior e Assistente Administrativo"}]},{"@type":"WebSite","@id":"https:\/\/www.vagadeempregorj.com.br\/#website","url":"https:\/\/www.vagadeempregorj.com.br\/","name":"","description":"Haz realidad tus sue\u00f1os: Ofertas de empleo, beneficios y ahorros para transformar vidas y lograr mejoras cotidianas.","potentialAction":[{"@type":"SearchAction","target":{"@type":"EntryPoint","urlTemplate":"https:\/\/www.vagadeempregorj.com.br\/?s={search_term_string}"},"query-input":{"@type":"PropertyValueSpecification","valueRequired":true,"valueName":"search_term_string"}}],"inLanguage":"es"},{"@type":"Person","@id":"https:\/\/www.vagadeempregorj.com.br\/#\/schema\/person\/3ddb19fa0539706786e502152f3aae95","name":"Michele","image":{"@type":"ImageObject","inLanguage":"es","@id":"https:\/\/secure.gravatar.com\/avatar\/6b0eb9d22841282815e2cd856a0061c45e1761cd54b22e952d98c4746939aa85?s=96&r=g","url":"https:\/\/secure.gravatar.com\/avatar\/6b0eb9d22841282815e2cd856a0061c45e1761cd54b22e952d98c4746939aa85?s=96&r=g","contentUrl":"https:\/\/secure.gravatar.com\/avatar\/6b0eb9d22841282815e2cd856a0061c45e1761cd54b22e952d98c4746939aa85?s=96&r=g","caption":"Michele"},"description":"Formada em Letras - Portugu\u00eas\/ Ingl\u00eas, e idealizadora do site Escritora de Sucesso, busca expandir o conhecimento de todos com informa\u00e7\u00f5es relevantes sobre diversos assuntos, enquanto redatora. No Vaga de Emprego RJ, traz oportunidades e dicas sobre o mercado de trabalho.","url":"https:\/\/www.vagadeempregorj.com.br\/es\/author\/michele\/"}]}},"_links":{"self":[{"href":"https:\/\/www.vagadeempregorj.com.br\/es\/wp-json\/wp\/v2\/posts\/36950","targetHints":{"allow":["GET"]}}],"collection":[{"href":"https:\/\/www.vagadeempregorj.com.br\/es\/wp-json\/wp\/v2\/posts"}],"about":[{"href":"https:\/\/www.vagadeempregorj.com.br\/es\/wp-json\/wp\/v2\/types\/post"}],"author":[{"embeddable":true,"href":"https:\/\/www.vagadeempregorj.com.br\/es\/wp-json\/wp\/v2\/users\/16"}],"replies":[{"embeddable":true,"href":"https:\/\/www.vagadeempregorj.com.br\/es\/wp-json\/wp\/v2\/comments?post=36950"}],"version-history":[{"count":0,"href":"https:\/\/www.vagadeempregorj.com.br\/es\/wp-json\/wp\/v2\/posts\/36950\/revisions"}],"wp:featuredmedia":[{"embeddable":true,"href":"https:\/\/www.vagadeempregorj.com.br\/es\/wp-json\/wp\/v2\/media\/36956"}],"wp:attachment":[{"href":"https:\/\/www.vagadeempregorj.com.br\/es\/wp-json\/wp\/v2\/media?parent=36950"}],"wp:term":[{"taxonomy":"category","embeddable":true,"href":"https:\/\/www.vagadeempregorj.com.br\/es\/wp-json\/wp\/v2\/categories?post=36950"},{"taxonomy":"post_tag","embeddable":true,"href":"https:\/\/www.vagadeempregorj.com.br\/es\/wp-json\/wp\/v2\/tags?post=36950"}],"curies":[{"name":"wp","href":"https:\/\/api.w.org\/{rel}","templated":true}]}}