{"id":37002,"date":"2023-11-09T01:23:41","date_gmt":"2023-11-09T04:23:41","guid":{"rendered":"https:\/\/www.vagadeempregorj.com.br\/?p=37002"},"modified":"2023-11-07T10:45:07","modified_gmt":"2023-11-07T13:45:07","slug":"empregos-ciser","status":"publish","type":"post","link":"https:\/\/www.vagadeempregorj.com.br\/es\/empregos-ciser\/","title":{"rendered":"Auxiliar de Produ\u00e7\u00e3o, Almoxarife, Operadores de M\u00e1quinas, Eletricista de Manuten\u00e7\u00e3o, Auxiliar de Produ\u00e7\u00e3o PCD, Analistas e muito mais na Empresa CISER"},"content":{"rendered":"<p>Atualizado em<\/p>\n\n\n<div class=\"wp-block-post-date\"><time datetime=\"2023-11-09T01:23:41-03:00\">09\/11\/2023<\/time><\/div>\n\n\n<p>Os <strong>Empregos CISER<\/strong> possuem um ambiente de trabalho inclusivo e harmonioso em todos os setores. A companhia preza pelo comprometimento e por pessoas que gostem de trabalhar em equipe, esses valores caminham junto para que consigam oferecer seguran\u00e7a e efici\u00eancia na vida de todas as pessoas.&nbsp;<\/p>\n\n\n\n<figure class=\"wp-block-image size-full\"><img loading=\"lazy\" decoding=\"async\" width=\"500\" height=\"500\" src=\"https:\/\/www.vagadeempregorj.com.br\/wp-content\/uploads\/2022\/12\/CISER.png\" alt=\"CISER\" class=\"wp-image-37004\" srcset=\"https:\/\/www.vagadeempregorj.com.br\/wp-content\/uploads\/2022\/12\/CISER.png 500w, https:\/\/www.vagadeempregorj.com.br\/wp-content\/uploads\/2022\/12\/CISER-300x300.png 300w, https:\/\/www.vagadeempregorj.com.br\/wp-content\/uploads\/2022\/12\/CISER-150x150.png 150w, https:\/\/www.vagadeempregorj.com.br\/wp-content\/uploads\/2022\/12\/CISER-96x96.png 96w\" sizes=\"auto, (max-width: 500px) 100vw, 500px\" \/><\/figure>\n\n\n\n<h2 class=\"wp-block-heading\">Confira algumas oportunidades de empregos CISER<\/h2>\n\n\n\n<p>H\u00e1 novas oportunidades de emprego dispon\u00edveis na CISER. A empresa tem posi\u00e7\u00f5es abertas em v\u00e1rios departamentos, incluindo aqueles nos n\u00edveis fundamental, m\u00e9dio, t\u00e9cnico e superior. A parte interessada deve residir em cidades pr\u00f3ximas \u00e0s unidades contratantes para que suas chances de ser contratada aumentem. Confira algumas posi\u00e7\u00f5es abertas para preenchimento:<\/p>\n\n\n\n<ul class=\"wp-block-list\">\n<li>Torneiro;<\/li>\n\n\n\n<li>Retificadores;<\/li>\n\n\n\n<li>Banco de Talentos \u2014 Preparadores Abastecedores;<\/li>\n\n\n\n<li>Banco de Talentos \u2014 Operadores de Produ\u00e7\u00e3o;<\/li>\n\n\n\n<li>Operadores de M\u00e1quinas;<\/li>\n\n\n\n<li>Banco de Talentos para Todas os Setores;<\/li>\n\n\n\n<li>Estagi\u00e1rios n\u00edvel Superior;<\/li>\n\n\n\n<li>Estagi\u00e1rios n\u00edvel Superior setor de Manufatura;<\/li>\n\n\n\n<li>Eletricista de Manuten\u00e7\u00e3o;<\/li>\n\n\n\n<li>Banco de Talentos \u2014 Auxiliar de Servi\u00e7os Gerais;<\/li>\n\n\n\n<li>Auxiliar de Produ\u00e7\u00e3o \u2014 Oportunidade Exclusiva para Portadores de Defici\u00eancia;<\/li>\n\n\n\n<li>Banco de Talentos \u2014 Auxiliar de Produ\u00e7\u00e3o;<\/li>\n\n\n\n<li>Auxiliar de Produ\u00e7\u00e3o;<\/li>\n\n\n\n<li>Aprendiz \u2014 desenvolvimento de pessoas;<\/li>\n\n\n\n<li>Analista de Processos e Projetos Pleno;<\/li>\n\n\n\n<li>Ajustador Ferramenteiro.&nbsp;<\/li>\n<\/ul>\n\n\n\n<p>Os profissionais podem realizar novas consultas mais tarde se n\u00e3o conseguirem encontrar nenhuma posi\u00e7\u00e3o que corresponda ao seu perfil. Dentro da plataforma Gupy, as posi\u00e7\u00f5es s\u00e3o atualizadas com frequ\u00eancia e o link permanecer\u00e1 ativo por um per\u00edodo de tempo n\u00e3o especificado.<\/p>\n\n\n\n<h3 class=\"wp-block-heading\">Como se candidatar \u00e0s vagas&nbsp;<\/h3>\n\n\n\n<p>Profissionais interessados em se candidatar a qualquer uma das vagas abertas na empresa CISER podem usar o site para seus procedimentos de contrata\u00e7\u00e3o e sele\u00e7\u00e3o. Sendo ele:<\/p>\n\n\n\n<ul class=\"wp-block-list\">\n<li><a href=\"https:\/\/ciser.gupy.io\">Carreiras CISER<\/a>.&nbsp;<\/li>\n<\/ul>\n\n\n\n<p>Considere os crit\u00e9rios listados na p\u00e1gina de inscri\u00e7\u00e3o ao decidir qual posi\u00e7\u00e3o se encaixa melhor no seu perfil profissional. Al\u00e9m de sal\u00e1rios fixos, a empresa garante v\u00e1rios benef\u00edcios a todos os seus colaboradores, como: plano de sa\u00fade, plano odontol\u00f3gico, PLR, vale refei\u00e7\u00e3o, vale transporte, aux\u00edlio farm\u00e1cia e diversos outros.&nbsp;<\/p>\n\n\n\n<p><strong>Veja tamb\u00e9m: <a href=\"https:\/\/www.vagadeempregorj.com.br\/es\/empregos-light\/\">Eletricista de Rede, Est\u00e1gios, Analistas e muito mais na Empresa Light<\/a><\/strong><\/p>\n\n\n\n<h2 class=\"wp-block-heading\">Sobre a empresa CISER&nbsp;<\/h2>\n\n\n\n<p>A maior fabricante de fixadores da Am\u00e9rica Latina \u00e9 a empresa CISER. Fundada em 1959, a companhia trata-se de uma l\u00edder nacional reconhecida em inova\u00e7\u00e3o e tecnologia e \u00e9 conhecida por seu esp\u00edrito pioneiro e compromisso com a sociedade e o meio ambiente.<\/p>\n\n\n\n<p>Seus produtos est\u00e3o dispon\u00edveis em v\u00e1rios pa\u00edses. A empresa possui uma plataforma de solu\u00e7\u00f5es que atende a v\u00e1rios segmentos de mercado, incluindo: agroneg\u00f3cio, constru\u00e7\u00e3o civil, metal mec\u00e2nico, estruturas met\u00e1licas, eletr\u00f4nico, eletroferragens, automotivo, linhas branca e marrom, petr\u00f3leo e g\u00e1s, ferrovi\u00e1rio, moveleiro, atacado e varejo, com mais de 27 mil itens em seu portf\u00f3lio organizados ao longo de 503 linhas.<\/p>\n\n\n\n<p>A companhia possui f\u00e1bricas pr\u00f3prias que est\u00e3o localizadas no Brasil, nas cidades de Joinville, Sarzedo e Araquari, onde a unidade CISER Automotive est\u00e1 operando, sendo especialista no setor automotivo. Al\u00e9m do centro de distribui\u00e7\u00e3o localizado no Brasil, a empresa possui unidades no Peru e na China.&nbsp;<\/p>","protected":false},"excerpt":{"rendered":"<p>Atualizado em Os Empregos CISER possuem um ambiente de trabalho inclusivo e harmonioso em todos os setores. A companhia preza pelo comprometimento e por pessoas que gostem de trabalhar em equipe, esses valores caminham junto para que consigam oferecer seguran\u00e7a e efici\u00eancia na vida de todas as pessoas.&nbsp; Confira algumas oportunidades de empregos CISER H\u00e1&hellip;&nbsp;<\/p>","protected":false},"author":16,"featured_media":37004,"comment_status":"closed","ping_status":"closed","sticky":false,"template":"","format":"standard","meta":{"neve_meta_sidebar":"","neve_meta_container":"","neve_meta_enable_content_width":"","neve_meta_content_width":0,"neve_meta_title_alignment":"","neve_meta_author_avatar":"","neve_post_elements_order":"","neve_meta_disable_header":"","neve_meta_disable_footer":"","neve_meta_disable_title":"","footnotes":""},"categories":[123],"tags":[768,608,211],"class_list":["post-37002","post","type-post","status-publish","format-standard","has-post-thumbnail","hentry","category-vagas-de-emprego-nacionais","tag-ciser","tag-oportunidades","tag-vagas-de-emprego"],"yoast_head":"<!-- This site is optimized with the Yoast SEO plugin v27.5 - https:\/\/yoast.com\/product\/yoast-seo-wordpress\/ -->\n<title>Auxiliar de Produ\u00e7\u00e3o, Almoxarife, Operadores de M\u00e1quinas, Eletricista de Manuten\u00e7\u00e3o, Auxiliar de Produ\u00e7\u00e3o PCD, Analistas e muito mais na Empresa CISER -<\/title>\n<meta name=\"description\" content=\"Veja em Vagas de Emprego RJ as vagas de emprego com e sem experi\u00eancia no seu Estado e Regi\u00e3o!\" \/>\n<meta name=\"robots\" content=\"index, follow, max-snippet:-1, max-image-preview:large, max-video-preview:-1\" \/>\n<link rel=\"canonical\" href=\"https:\/\/www.vagadeempregorj.com.br\/es\/empregos-ciser\/\" \/>\n<meta property=\"og:locale\" content=\"es_MX\" \/>\n<meta property=\"og:type\" content=\"article\" \/>\n<meta property=\"og:title\" content=\"Auxiliar de Produ\u00e7\u00e3o, Almoxarife, Operadores de M\u00e1quinas, Eletricista de Manuten\u00e7\u00e3o, Auxiliar de Produ\u00e7\u00e3o PCD, Analistas e muito mais na Empresa CISER -\" \/>\n<meta property=\"og:description\" content=\"Veja em Vagas de Emprego RJ as vagas de emprego com e sem experi\u00eancia no seu Estado e Regi\u00e3o!\" \/>\n<meta property=\"og:url\" content=\"https:\/\/www.vagadeempregorj.com.br\/es\/empregos-ciser\/\" \/>\n<meta property=\"article:publisher\" content=\"https:\/\/www.facebook.com\/empregobrasiloficial\" \/>\n<meta property=\"article:published_time\" content=\"2023-11-09T04:23:41+00:00\" \/>\n<meta property=\"og:image\" content=\"https:\/\/www.vagadeempregorj.com.br\/wp-content\/uploads\/2022\/12\/CISER.png\" \/>\n\t<meta property=\"og:image:width\" content=\"500\" \/>\n\t<meta property=\"og:image:height\" content=\"500\" \/>\n\t<meta property=\"og:image:type\" content=\"image\/png\" \/>\n<meta name=\"author\" content=\"Michele\" \/>\n<meta name=\"twitter:card\" content=\"summary_large_image\" \/>\n<meta name=\"twitter:label1\" content=\"Escrito por\" \/>\n\t<meta name=\"twitter:data1\" content=\"Michele\" \/>\n\t<meta name=\"twitter:label2\" content=\"Tiempo de lectura\" \/>\n\t<meta name=\"twitter:data2\" content=\"3 minutos\" \/>\n<script type=\"application\/ld+json\" class=\"yoast-schema-graph\">{\"@context\":\"https:\\\/\\\/schema.org\",\"@graph\":[{\"@type\":\"Article\",\"@id\":\"https:\\\/\\\/www.vagadeempregorj.com.br\\\/empregos-ciser\\\/#article\",\"isPartOf\":{\"@id\":\"https:\\\/\\\/www.vagadeempregorj.com.br\\\/empregos-ciser\\\/\"},\"author\":{\"name\":\"Michele\",\"@id\":\"https:\\\/\\\/www.vagadeempregorj.com.br\\\/#\\\/schema\\\/person\\\/3ddb19fa0539706786e502152f3aae95\"},\"headline\":\"Auxiliar de Produ\u00e7\u00e3o, Almoxarife, Operadores de M\u00e1quinas, Eletricista de Manuten\u00e7\u00e3o, Auxiliar de Produ\u00e7\u00e3o PCD, Analistas e muito mais na Empresa CISER\",\"datePublished\":\"2023-11-09T04:23:41+00:00\",\"mainEntityOfPage\":{\"@id\":\"https:\\\/\\\/www.vagadeempregorj.com.br\\\/empregos-ciser\\\/\"},\"wordCount\":562,\"image\":{\"@id\":\"https:\\\/\\\/www.vagadeempregorj.com.br\\\/empregos-ciser\\\/#primaryimage\"},\"thumbnailUrl\":\"https:\\\/\\\/www.vagadeempregorj.com.br\\\/wp-content\\\/uploads\\\/2022\\\/12\\\/CISER.png\",\"keywords\":[\"CISER\",\"oportunidades\",\"vagas de emprego\"],\"articleSection\":[\"Vagas de Emprego Nacionais\"],\"inLanguage\":\"es\"},{\"@type\":\"WebPage\",\"@id\":\"https:\\\/\\\/www.vagadeempregorj.com.br\\\/empregos-ciser\\\/\",\"url\":\"https:\\\/\\\/www.vagadeempregorj.com.br\\\/empregos-ciser\\\/\",\"name\":\"Auxiliar de Produ\u00e7\u00e3o, Almoxarife, Operadores de M\u00e1quinas, Eletricista de Manuten\u00e7\u00e3o, Auxiliar de Produ\u00e7\u00e3o PCD, Analistas e muito mais na Empresa CISER -\",\"isPartOf\":{\"@id\":\"https:\\\/\\\/www.vagadeempregorj.com.br\\\/#website\"},\"primaryImageOfPage\":{\"@id\":\"https:\\\/\\\/www.vagadeempregorj.com.br\\\/empregos-ciser\\\/#primaryimage\"},\"image\":{\"@id\":\"https:\\\/\\\/www.vagadeempregorj.com.br\\\/empregos-ciser\\\/#primaryimage\"},\"thumbnailUrl\":\"https:\\\/\\\/www.vagadeempregorj.com.br\\\/wp-content\\\/uploads\\\/2022\\\/12\\\/CISER.png\",\"datePublished\":\"2023-11-09T04:23:41+00:00\",\"author\":{\"@id\":\"https:\\\/\\\/www.vagadeempregorj.com.br\\\/#\\\/schema\\\/person\\\/3ddb19fa0539706786e502152f3aae95\"},\"description\":\"Veja em Vagas de Emprego RJ as vagas de emprego com e sem experi\u00eancia no seu Estado e Regi\u00e3o!\",\"breadcrumb\":{\"@id\":\"https:\\\/\\\/www.vagadeempregorj.com.br\\\/empregos-ciser\\\/#breadcrumb\"},\"inLanguage\":\"es\",\"potentialAction\":[{\"@type\":\"ReadAction\",\"target\":[\"https:\\\/\\\/www.vagadeempregorj.com.br\\\/empregos-ciser\\\/\"]}]},{\"@type\":\"ImageObject\",\"inLanguage\":\"es\",\"@id\":\"https:\\\/\\\/www.vagadeempregorj.com.br\\\/empregos-ciser\\\/#primaryimage\",\"url\":\"https:\\\/\\\/www.vagadeempregorj.com.br\\\/wp-content\\\/uploads\\\/2022\\\/12\\\/CISER.png\",\"contentUrl\":\"https:\\\/\\\/www.vagadeempregorj.com.br\\\/wp-content\\\/uploads\\\/2022\\\/12\\\/CISER.png\",\"width\":500,\"height\":500,\"caption\":\"CISER\"},{\"@type\":\"BreadcrumbList\",\"@id\":\"https:\\\/\\\/www.vagadeempregorj.com.br\\\/empregos-ciser\\\/#breadcrumb\",\"itemListElement\":[{\"@type\":\"ListItem\",\"position\":1,\"name\":\"In\u00edcio\",\"item\":\"https:\\\/\\\/www.vagadeempregorj.com.br\\\/\"},{\"@type\":\"ListItem\",\"position\":2,\"name\":\"Vagas de Emprego Nacionais\",\"item\":\"https:\\\/\\\/www.vagadeempregorj.com.br\\\/vagas-de-emprego-nacionais\\\/\"},{\"@type\":\"ListItem\",\"position\":3,\"name\":\"Auxiliar de Produ\u00e7\u00e3o, Almoxarife, Operadores de M\u00e1quinas, Eletricista de Manuten\u00e7\u00e3o, Auxiliar de Produ\u00e7\u00e3o PCD, Analistas e muito mais na Empresa CISER\"}]},{\"@type\":\"WebSite\",\"@id\":\"https:\\\/\\\/www.vagadeempregorj.com.br\\\/#website\",\"url\":\"https:\\\/\\\/www.vagadeempregorj.com.br\\\/\",\"name\":\"\",\"description\":\"Conquiste Sonhos: Vagas, Benef\u00edcios e Economia para Transformar Vidas e Alcan\u00e7ar Melhorias Cotidianas\",\"potentialAction\":[{\"@type\":\"SearchAction\",\"target\":{\"@type\":\"EntryPoint\",\"urlTemplate\":\"https:\\\/\\\/www.vagadeempregorj.com.br\\\/?s={search_term_string}\"},\"query-input\":{\"@type\":\"PropertyValueSpecification\",\"valueRequired\":true,\"valueName\":\"search_term_string\"}}],\"inLanguage\":\"es\"},{\"@type\":\"Person\",\"@id\":\"https:\\\/\\\/www.vagadeempregorj.com.br\\\/#\\\/schema\\\/person\\\/3ddb19fa0539706786e502152f3aae95\",\"name\":\"Michele\",\"image\":{\"@type\":\"ImageObject\",\"inLanguage\":\"es\",\"@id\":\"https:\\\/\\\/secure.gravatar.com\\\/avatar\\\/6b0eb9d22841282815e2cd856a0061c45e1761cd54b22e952d98c4746939aa85?s=96&r=g\",\"url\":\"https:\\\/\\\/secure.gravatar.com\\\/avatar\\\/6b0eb9d22841282815e2cd856a0061c45e1761cd54b22e952d98c4746939aa85?s=96&r=g\",\"contentUrl\":\"https:\\\/\\\/secure.gravatar.com\\\/avatar\\\/6b0eb9d22841282815e2cd856a0061c45e1761cd54b22e952d98c4746939aa85?s=96&r=g\",\"caption\":\"Michele\"},\"description\":\"Formada em Letras - Portugu\u00eas\\\/ Ingl\u00eas, e idealizadora do site Escritora de Sucesso, busca expandir o conhecimento de todos com informa\u00e7\u00f5es relevantes sobre diversos assuntos, enquanto redatora. No Vaga de Emprego RJ, traz oportunidades e dicas sobre o mercado de trabalho.\",\"url\":\"https:\\\/\\\/www.vagadeempregorj.com.br\\\/es\\\/author\\\/michele\\\/\"}]}<\/script>\n<!-- \/ Yoast SEO plugin. -->","yoast_head_json":{"title":"Auxiliar de Produ\u00e7\u00e3o, Almoxarife, Operadores de M\u00e1quinas, Eletricista de Manuten\u00e7\u00e3o, Auxiliar de Produ\u00e7\u00e3o PCD, Analistas e muito mais na Empresa CISER -","description":"Veja em Vagas de Emprego RJ as vagas de emprego com e sem experi\u00eancia no seu Estado e Regi\u00e3o!","robots":{"index":"index","follow":"follow","max-snippet":"max-snippet:-1","max-image-preview":"max-image-preview:large","max-video-preview":"max-video-preview:-1"},"canonical":"https:\/\/www.vagadeempregorj.com.br\/es\/empregos-ciser\/","og_locale":"es_MX","og_type":"article","og_title":"Auxiliar de Produ\u00e7\u00e3o, Almoxarife, Operadores de M\u00e1quinas, Eletricista de Manuten\u00e7\u00e3o, Auxiliar de Produ\u00e7\u00e3o PCD, Analistas e muito mais na Empresa CISER -","og_description":"Veja em Vagas de Emprego RJ as vagas de emprego com e sem experi\u00eancia no seu Estado e Regi\u00e3o!","og_url":"https:\/\/www.vagadeempregorj.com.br\/es\/empregos-ciser\/","article_publisher":"https:\/\/www.facebook.com\/empregobrasiloficial","article_published_time":"2023-11-09T04:23:41+00:00","og_image":[{"width":500,"height":500,"url":"https:\/\/www.vagadeempregorj.com.br\/wp-content\/uploads\/2022\/12\/CISER.png","type":"image\/png"}],"author":"Michele","twitter_card":"summary_large_image","twitter_misc":{"Escrito por":"Michele","Tiempo de lectura":"3 minutos"},"schema":{"@context":"https:\/\/schema.org","@graph":[{"@type":"Article","@id":"https:\/\/www.vagadeempregorj.com.br\/empregos-ciser\/#article","isPartOf":{"@id":"https:\/\/www.vagadeempregorj.com.br\/empregos-ciser\/"},"author":{"name":"Michele","@id":"https:\/\/www.vagadeempregorj.com.br\/#\/schema\/person\/3ddb19fa0539706786e502152f3aae95"},"headline":"Auxiliar de Produ\u00e7\u00e3o, Almoxarife, Operadores de M\u00e1quinas, Eletricista de Manuten\u00e7\u00e3o, Auxiliar de Produ\u00e7\u00e3o PCD, Analistas e muito mais na Empresa CISER","datePublished":"2023-11-09T04:23:41+00:00","mainEntityOfPage":{"@id":"https:\/\/www.vagadeempregorj.com.br\/empregos-ciser\/"},"wordCount":562,"image":{"@id":"https:\/\/www.vagadeempregorj.com.br\/empregos-ciser\/#primaryimage"},"thumbnailUrl":"https:\/\/www.vagadeempregorj.com.br\/wp-content\/uploads\/2022\/12\/CISER.png","keywords":["CISER","oportunidades","vagas de emprego"],"articleSection":["Vagas de Emprego Nacionais"],"inLanguage":"es"},{"@type":"WebPage","@id":"https:\/\/www.vagadeempregorj.com.br\/empregos-ciser\/","url":"https:\/\/www.vagadeempregorj.com.br\/empregos-ciser\/","name":"Auxiliar de Produ\u00e7\u00e3o, Almoxarife, Operadores de M\u00e1quinas, Eletricista de Manuten\u00e7\u00e3o, Auxiliar de Produ\u00e7\u00e3o PCD, Analistas e muito mais na Empresa CISER -","isPartOf":{"@id":"https:\/\/www.vagadeempregorj.com.br\/#website"},"primaryImageOfPage":{"@id":"https:\/\/www.vagadeempregorj.com.br\/empregos-ciser\/#primaryimage"},"image":{"@id":"https:\/\/www.vagadeempregorj.com.br\/empregos-ciser\/#primaryimage"},"thumbnailUrl":"https:\/\/www.vagadeempregorj.com.br\/wp-content\/uploads\/2022\/12\/CISER.png","datePublished":"2023-11-09T04:23:41+00:00","author":{"@id":"https:\/\/www.vagadeempregorj.com.br\/#\/schema\/person\/3ddb19fa0539706786e502152f3aae95"},"description":"Veja em Vagas de Emprego RJ as vagas de emprego com e sem experi\u00eancia no seu Estado e Regi\u00e3o!","breadcrumb":{"@id":"https:\/\/www.vagadeempregorj.com.br\/empregos-ciser\/#breadcrumb"},"inLanguage":"es","potentialAction":[{"@type":"ReadAction","target":["https:\/\/www.vagadeempregorj.com.br\/empregos-ciser\/"]}]},{"@type":"ImageObject","inLanguage":"es","@id":"https:\/\/www.vagadeempregorj.com.br\/empregos-ciser\/#primaryimage","url":"https:\/\/www.vagadeempregorj.com.br\/wp-content\/uploads\/2022\/12\/CISER.png","contentUrl":"https:\/\/www.vagadeempregorj.com.br\/wp-content\/uploads\/2022\/12\/CISER.png","width":500,"height":500,"caption":"CISER"},{"@type":"BreadcrumbList","@id":"https:\/\/www.vagadeempregorj.com.br\/empregos-ciser\/#breadcrumb","itemListElement":[{"@type":"ListItem","position":1,"name":"In\u00edcio","item":"https:\/\/www.vagadeempregorj.com.br\/"},{"@type":"ListItem","position":2,"name":"Vagas de Emprego Nacionais","item":"https:\/\/www.vagadeempregorj.com.br\/vagas-de-emprego-nacionais\/"},{"@type":"ListItem","position":3,"name":"Auxiliar de Produ\u00e7\u00e3o, Almoxarife, Operadores de M\u00e1quinas, Eletricista de Manuten\u00e7\u00e3o, Auxiliar de Produ\u00e7\u00e3o PCD, Analistas e muito mais na Empresa CISER"}]},{"@type":"WebSite","@id":"https:\/\/www.vagadeempregorj.com.br\/#website","url":"https:\/\/www.vagadeempregorj.com.br\/","name":"","description":"Haz realidad tus sue\u00f1os: Ofertas de empleo, beneficios y ahorros para transformar vidas y lograr mejoras cotidianas.","potentialAction":[{"@type":"SearchAction","target":{"@type":"EntryPoint","urlTemplate":"https:\/\/www.vagadeempregorj.com.br\/?s={search_term_string}"},"query-input":{"@type":"PropertyValueSpecification","valueRequired":true,"valueName":"search_term_string"}}],"inLanguage":"es"},{"@type":"Person","@id":"https:\/\/www.vagadeempregorj.com.br\/#\/schema\/person\/3ddb19fa0539706786e502152f3aae95","name":"Michele","image":{"@type":"ImageObject","inLanguage":"es","@id":"https:\/\/secure.gravatar.com\/avatar\/6b0eb9d22841282815e2cd856a0061c45e1761cd54b22e952d98c4746939aa85?s=96&r=g","url":"https:\/\/secure.gravatar.com\/avatar\/6b0eb9d22841282815e2cd856a0061c45e1761cd54b22e952d98c4746939aa85?s=96&r=g","contentUrl":"https:\/\/secure.gravatar.com\/avatar\/6b0eb9d22841282815e2cd856a0061c45e1761cd54b22e952d98c4746939aa85?s=96&r=g","caption":"Michele"},"description":"Formada em Letras - Portugu\u00eas\/ Ingl\u00eas, e idealizadora do site Escritora de Sucesso, busca expandir o conhecimento de todos com informa\u00e7\u00f5es relevantes sobre diversos assuntos, enquanto redatora. No Vaga de Emprego RJ, traz oportunidades e dicas sobre o mercado de trabalho.","url":"https:\/\/www.vagadeempregorj.com.br\/es\/author\/michele\/"}]}},"_links":{"self":[{"href":"https:\/\/www.vagadeempregorj.com.br\/es\/wp-json\/wp\/v2\/posts\/37002","targetHints":{"allow":["GET"]}}],"collection":[{"href":"https:\/\/www.vagadeempregorj.com.br\/es\/wp-json\/wp\/v2\/posts"}],"about":[{"href":"https:\/\/www.vagadeempregorj.com.br\/es\/wp-json\/wp\/v2\/types\/post"}],"author":[{"embeddable":true,"href":"https:\/\/www.vagadeempregorj.com.br\/es\/wp-json\/wp\/v2\/users\/16"}],"replies":[{"embeddable":true,"href":"https:\/\/www.vagadeempregorj.com.br\/es\/wp-json\/wp\/v2\/comments?post=37002"}],"version-history":[{"count":0,"href":"https:\/\/www.vagadeempregorj.com.br\/es\/wp-json\/wp\/v2\/posts\/37002\/revisions"}],"wp:featuredmedia":[{"embeddable":true,"href":"https:\/\/www.vagadeempregorj.com.br\/es\/wp-json\/wp\/v2\/media\/37004"}],"wp:attachment":[{"href":"https:\/\/www.vagadeempregorj.com.br\/es\/wp-json\/wp\/v2\/media?parent=37002"}],"wp:term":[{"taxonomy":"category","embeddable":true,"href":"https:\/\/www.vagadeempregorj.com.br\/es\/wp-json\/wp\/v2\/categories?post=37002"},{"taxonomy":"post_tag","embeddable":true,"href":"https:\/\/www.vagadeempregorj.com.br\/es\/wp-json\/wp\/v2\/tags?post=37002"}],"curies":[{"name":"wp","href":"https:\/\/api.w.org\/{rel}","templated":true}]}}