{"id":37210,"date":"2023-09-05T01:01:00","date_gmt":"2023-09-05T04:01:00","guid":{"rendered":"https:\/\/www.vagadeempregorj.com.br\/?p=37210"},"modified":"2024-11-16T15:10:05","modified_gmt":"2024-11-16T18:10:05","slug":"empregos-ita-alimentos","status":"publish","type":"post","link":"https:\/\/www.vagadeempregorj.com.br\/es\/empregos-ita-alimentos\/","title":{"rendered":"Vendedores, Promotores de Vendas, Gerente de Log\u00edstica, Auxiliar Administrativo, Ajudante de Expedi\u00e7\u00e3o e muito mais na Empresa Ita Alimentos"},"content":{"rendered":"<p>Atualizado<\/p>\n\n\n<div class=\"wp-block-post-date\"><time datetime=\"2023-09-05T01:01:00-03:00\">05\/09\/2023<\/time><\/div>\n\n\n<p>Os<strong> empregos Ita Alimentos<\/strong> est\u00e3o constantemente em busca de novos talentos que se identifiquem com seus valores e sua identidade. Para fazer parte desse grande time, os interessados devem atender aos requisitos m\u00ednimos e morar em regi\u00f5es onde a companhia est\u00e1 contratando. Continue lendo e tenha acesso a todos os detalhes.<\/p>\n\n\n\n<figure class=\"wp-block-image size-full is-resized\"><img loading=\"lazy\" decoding=\"async\" width=\"323\" height=\"156\" src=\"https:\/\/www.vagadeempregorj.com.br\/wp-content\/uploads\/2023\/01\/image-5.png\" alt=\"\" class=\"wp-image-37212\" style=\"width:557px;height:269px\" srcset=\"https:\/\/www.vagadeempregorj.com.br\/wp-content\/uploads\/2023\/01\/image-5.png 323w, https:\/\/www.vagadeempregorj.com.br\/wp-content\/uploads\/2023\/01\/image-5-300x145.png 300w, https:\/\/www.vagadeempregorj.com.br\/wp-content\/uploads\/2023\/01\/image-5-150x72.png 150w\" sizes=\"auto, (max-width: 323px) 100vw, 323px\" \/><figcaption class=\"wp-element-caption\">Imagem: Ita Alimentos &#8211; Reprodu\u00e7\u00e3o<\/figcaption><\/figure>\n\n\n\n<h2 class=\"wp-block-heading\">Confira as oportunidades de empregos Ita Alimentos<\/h2>\n\n\n\n<p>A empresa Ita Alimentos \u00e9 uma das maiores refer\u00eancias em latic\u00ednios no pa\u00eds, e possui unidades espalhadas em v\u00e1rias cidades, como: S\u00e3o Jo\u00e3o del Rei, Itabirito e Belo Horizonte, al\u00e9m de oportunidades que podem ser exercidas de maneira remota.<\/p>\n\n\n\n<p>As vagas est\u00e3o dispon\u00edveis para candidatura de profissionais independente de cor, defici\u00eancia, ra\u00e7a, orienta\u00e7\u00e3o sexual, idade, g\u00eanero ou religi\u00e3o, todos s\u00e3o bem-vindos para se candidatar desde que atendam aos requisitos m\u00ednimos da fun\u00e7\u00e3o escolhida. Confira algumas oportunidades que podem ser preenchidas:<\/p>\n\n\n\n<ul class=\"wp-block-list\">\n<li>Vendedores Externos;<\/li>\n\n\n\n<li>Banco de Talentos &#8211; todas as \u00e1reas;<\/li>\n\n\n\n<li>Supervisores de Vendas;<\/li>\n\n\n\n<li>Promotores de Vendas;<\/li>\n\n\n\n<li>L\u00edderes de Pista;<\/li>\n\n\n\n<li>Gerente de Log\u00edstica;<\/li>\n\n\n\n<li>Auxiliar Administrativo &#8211; exclusivo para PCD;<\/li>\n\n\n\n<li>Auxiliar Administrativo;<\/li>\n\n\n\n<li>Ajudante de Expedi\u00e7\u00e3o.<\/li>\n<\/ul>\n\n\n\n<p>Os candidatos podem preencher sua ficha cadastral na \u00e1rea destinada a banco de talentos, caso n\u00e3o encontre uma posi\u00e7\u00e3o que corresponda \u00e0s suas habilidades. Caso surja uma vaga que se encaixe dentro de suas aptid\u00f5es, a empresa entrar\u00e1 em contato para marcar a data do processo seletivo.<\/p>\n\n\n\n<h3 class=\"wp-block-heading\">Como se candidatar<\/h3>\n\n\n\n<p>Para conferir todos os detalhes, vagas abertas, informa\u00e7\u00f5es relevantes sobre a empresa e os crit\u00e9rios para participa\u00e7\u00e3o do processo seletivo, os candidatos devem acessar o link abaixo, que ficar\u00e1 aberto para novas consultas por tempo indeterminado.<\/p>\n\n\n\n<ul class=\"wp-block-list\">\n<li>Copie e cole em seu navegador o endere\u00e7o: <strong>https:\/\/itaalimentos.vagas.solides.com.br\/<\/strong>.<\/li>\n<\/ul>\n\n\n\n<p>Al\u00e9m da remunera\u00e7\u00e3o de acordo com a m\u00e9dia de mercado, todos os novos contratados contam com vantagens inclusas no contrato CLT, como: vale transporte, vale alimenta\u00e7\u00e3o, plano m\u00e9dico e plano odontol\u00f3gico.&nbsp;<\/p>\n\n\n\n<p><strong>Veja tamb\u00e9m: <a href=\"https:\/\/www.vagadeempregorj.com.br\/es\/vagas-de-emprego-uniao-quimica\/\">Assistente Administrativo de Vendas, Operador de Corte e Vinco, Especialista Cont\u00e1bil, Coordenador de Costumer Service e muito mais na Empresa Uni\u00e3o Qu\u00edmica<\/a><\/strong><\/p>\n\n\n\n<h2 class=\"wp-block-heading\">Sobre a empresa Ita Alimentos<\/h2>\n\n\n\n<p>Uma empresa jovem, familiar, moderna e consolidada que investe em recursos humanos, infraestrutura, controle de qualidade, responsabilidade ambiental e responsabilidade social \u00e9 a Ita Alimentos, fundada em Itabirito\/MG no ano de 1990.&nbsp;<\/p>\n\n\n\n<p>A MGE Distribuidora e a Latic\u00ednios ITA se uniram para formar uma \u00fanica empresa que passou a se chamar ITA Alimentos com o objetivo de estreitar suas rela\u00e7\u00f5es comerciais. Esta uni\u00e3o marca o in\u00edcio de um per\u00edodo de crescimento e fortalecimento da \u00fanica empresa hoje formada pelos setores de manufatura e distribui\u00e7\u00e3o, conhecida como ITA Alimentos.<\/p>\n\n\n\n<p>A qualidade suprema da mat\u00e9ria-prima, que vem de mais de quinhentas fam\u00edlias de produtores rurais, \u00e9 onde come\u00e7a a excel\u00eancia no campo e de seus produtos. A capta\u00e7\u00e3o \u00e9 realizada em propriedades situadas no estado de Minas Gerais.&nbsp;<\/p>\n\n\n\n<p>M\u00e9dicos veterin\u00e1rios, engenheiros agr\u00f4nomos e t\u00e9cnicos agr\u00edcolas d\u00e3o suporte t\u00e9cnico aos produtores, garantindo a qualidade do leite e auxiliando na expans\u00e3o e sustentabilidade de seus neg\u00f3cios, isso faz com que a empresa seja reconhecida em todo o pa\u00eds pela qualidade de sua produ\u00e7\u00e3o.<\/p>","protected":false},"excerpt":{"rendered":"<p>Atualizado Os empregos Ita Alimentos est\u00e3o constantemente em busca de novos talentos que se identifiquem com seus valores e sua identidade. Para fazer parte desse grande time, os interessados devem atender aos requisitos m\u00ednimos e morar em regi\u00f5es onde a companhia est\u00e1 contratando. Continue lendo e tenha acesso a todos os detalhes. Confira as oportunidades&hellip;&nbsp;<\/p>","protected":false},"author":16,"featured_media":37212,"comment_status":"closed","ping_status":"closed","sticky":false,"template":"","format":"standard","meta":{"neve_meta_sidebar":"","neve_meta_container":"","neve_meta_enable_content_width":"","neve_meta_content_width":0,"neve_meta_title_alignment":"","neve_meta_author_avatar":"","neve_post_elements_order":"","neve_meta_disable_header":"","neve_meta_disable_footer":"","neve_meta_disable_title":"","footnotes":""},"categories":[123],"tags":[771,608,211],"class_list":["post-37210","post","type-post","status-publish","format-standard","has-post-thumbnail","hentry","category-vagas-de-emprego-nacionais","tag-ita-alimentos","tag-oportunidades","tag-vagas-de-emprego"],"yoast_head":"<!-- This site is optimized with the Yoast SEO plugin v27.5 - https:\/\/yoast.com\/product\/yoast-seo-wordpress\/ -->\n<title>Vendedores, Promotores de Vendas, Gerente de Log\u00edstica, Auxiliar Administrativo, Ajudante de Expedi\u00e7\u00e3o e muito mais na Empresa Ita Alimentos -<\/title>\n<meta name=\"description\" content=\"Veja em Vagas de Emprego RJ as vagas de emprego com e sem experi\u00eancia no seu Estado e Regi\u00e3o!\" \/>\n<meta name=\"robots\" content=\"index, follow, max-snippet:-1, max-image-preview:large, max-video-preview:-1\" \/>\n<link rel=\"canonical\" href=\"https:\/\/www.vagadeempregorj.com.br\/es\/empregos-ita-alimentos\/\" \/>\n<meta property=\"og:locale\" content=\"es_MX\" \/>\n<meta property=\"og:type\" content=\"article\" \/>\n<meta property=\"og:title\" content=\"Vendedores, Promotores de Vendas, Gerente de Log\u00edstica, Auxiliar Administrativo, Ajudante de Expedi\u00e7\u00e3o e muito mais na Empresa Ita Alimentos -\" \/>\n<meta property=\"og:description\" content=\"Veja em Vagas de Emprego RJ as vagas de emprego com e sem experi\u00eancia no seu Estado e Regi\u00e3o!\" \/>\n<meta property=\"og:url\" content=\"https:\/\/www.vagadeempregorj.com.br\/es\/empregos-ita-alimentos\/\" \/>\n<meta property=\"article:publisher\" content=\"https:\/\/www.facebook.com\/empregobrasiloficial\" \/>\n<meta property=\"article:published_time\" content=\"2023-09-05T04:01:00+00:00\" \/>\n<meta property=\"article:modified_time\" content=\"2024-11-16T18:10:05+00:00\" \/>\n<meta property=\"og:image\" content=\"https:\/\/www.vagadeempregorj.com.br\/wp-content\/uploads\/2023\/01\/image-5.png\" \/>\n\t<meta property=\"og:image:width\" content=\"323\" \/>\n\t<meta property=\"og:image:height\" content=\"156\" \/>\n\t<meta property=\"og:image:type\" content=\"image\/png\" \/>\n<meta name=\"author\" content=\"Michele\" \/>\n<meta name=\"twitter:card\" content=\"summary_large_image\" \/>\n<meta name=\"twitter:label1\" content=\"Written by\" \/>\n\t<meta name=\"twitter:data1\" content=\"Michele\" \/>\n\t<meta name=\"twitter:label2\" content=\"Est. reading time\" \/>\n\t<meta name=\"twitter:data2\" content=\"3 minutos\" \/>\n<script type=\"application\/ld+json\" class=\"yoast-schema-graph\">{\"@context\":\"https:\\\/\\\/schema.org\",\"@graph\":[{\"@type\":\"Article\",\"@id\":\"https:\\\/\\\/www.vagadeempregorj.com.br\\\/empregos-ita-alimentos\\\/#article\",\"isPartOf\":{\"@id\":\"https:\\\/\\\/www.vagadeempregorj.com.br\\\/empregos-ita-alimentos\\\/\"},\"author\":{\"name\":\"Michele\",\"@id\":\"https:\\\/\\\/www.vagadeempregorj.com.br\\\/#\\\/schema\\\/person\\\/3ddb19fa0539706786e502152f3aae95\"},\"headline\":\"Vendedores, Promotores de Vendas, Gerente de Log\u00edstica, Auxiliar Administrativo, Ajudante de Expedi\u00e7\u00e3o e muito mais na Empresa Ita Alimentos\",\"datePublished\":\"2023-09-05T04:01:00+00:00\",\"dateModified\":\"2024-11-16T18:10:05+00:00\",\"mainEntityOfPage\":{\"@id\":\"https:\\\/\\\/www.vagadeempregorj.com.br\\\/empregos-ita-alimentos\\\/\"},\"wordCount\":588,\"image\":{\"@id\":\"https:\\\/\\\/www.vagadeempregorj.com.br\\\/empregos-ita-alimentos\\\/#primaryimage\"},\"thumbnailUrl\":\"https:\\\/\\\/www.vagadeempregorj.com.br\\\/wp-content\\\/uploads\\\/2023\\\/01\\\/image-5.png\",\"keywords\":[\"ITA Alimentos\",\"oportunidades\",\"vagas de emprego\"],\"articleSection\":[\"Vagas de Emprego Nacionais\"],\"inLanguage\":\"es\"},{\"@type\":\"WebPage\",\"@id\":\"https:\\\/\\\/www.vagadeempregorj.com.br\\\/empregos-ita-alimentos\\\/\",\"url\":\"https:\\\/\\\/www.vagadeempregorj.com.br\\\/empregos-ita-alimentos\\\/\",\"name\":\"Vendedores, Promotores de Vendas, Gerente de Log\u00edstica, Auxiliar Administrativo, Ajudante de Expedi\u00e7\u00e3o e muito mais na Empresa Ita Alimentos -\",\"isPartOf\":{\"@id\":\"https:\\\/\\\/www.vagadeempregorj.com.br\\\/#website\"},\"primaryImageOfPage\":{\"@id\":\"https:\\\/\\\/www.vagadeempregorj.com.br\\\/empregos-ita-alimentos\\\/#primaryimage\"},\"image\":{\"@id\":\"https:\\\/\\\/www.vagadeempregorj.com.br\\\/empregos-ita-alimentos\\\/#primaryimage\"},\"thumbnailUrl\":\"https:\\\/\\\/www.vagadeempregorj.com.br\\\/wp-content\\\/uploads\\\/2023\\\/01\\\/image-5.png\",\"datePublished\":\"2023-09-05T04:01:00+00:00\",\"dateModified\":\"2024-11-16T18:10:05+00:00\",\"author\":{\"@id\":\"https:\\\/\\\/www.vagadeempregorj.com.br\\\/#\\\/schema\\\/person\\\/3ddb19fa0539706786e502152f3aae95\"},\"description\":\"Veja em Vagas de Emprego RJ as vagas de emprego com e sem experi\u00eancia no seu Estado e Regi\u00e3o!\",\"breadcrumb\":{\"@id\":\"https:\\\/\\\/www.vagadeempregorj.com.br\\\/empregos-ita-alimentos\\\/#breadcrumb\"},\"inLanguage\":\"es\",\"potentialAction\":[{\"@type\":\"ReadAction\",\"target\":[\"https:\\\/\\\/www.vagadeempregorj.com.br\\\/empregos-ita-alimentos\\\/\"]}]},{\"@type\":\"ImageObject\",\"inLanguage\":\"es\",\"@id\":\"https:\\\/\\\/www.vagadeempregorj.com.br\\\/empregos-ita-alimentos\\\/#primaryimage\",\"url\":\"https:\\\/\\\/www.vagadeempregorj.com.br\\\/wp-content\\\/uploads\\\/2023\\\/01\\\/image-5.png\",\"contentUrl\":\"https:\\\/\\\/www.vagadeempregorj.com.br\\\/wp-content\\\/uploads\\\/2023\\\/01\\\/image-5.png\",\"width\":323,\"height\":156,\"caption\":\"Imagem: Ita Alimentos - Reprodu\u00e7\u00e3o\"},{\"@type\":\"BreadcrumbList\",\"@id\":\"https:\\\/\\\/www.vagadeempregorj.com.br\\\/empregos-ita-alimentos\\\/#breadcrumb\",\"itemListElement\":[{\"@type\":\"ListItem\",\"position\":1,\"name\":\"In\u00edcio\",\"item\":\"https:\\\/\\\/www.vagadeempregorj.com.br\\\/\"},{\"@type\":\"ListItem\",\"position\":2,\"name\":\"Vagas de Emprego Nacionais\",\"item\":\"https:\\\/\\\/www.vagadeempregorj.com.br\\\/vagas-de-emprego-nacionais\\\/\"},{\"@type\":\"ListItem\",\"position\":3,\"name\":\"Vendedores, Promotores de Vendas, Gerente de Log\u00edstica, Auxiliar Administrativo, Ajudante de Expedi\u00e7\u00e3o e muito mais na Empresa Ita Alimentos\"}]},{\"@type\":\"WebSite\",\"@id\":\"https:\\\/\\\/www.vagadeempregorj.com.br\\\/#website\",\"url\":\"https:\\\/\\\/www.vagadeempregorj.com.br\\\/\",\"name\":\"\",\"description\":\"Conquiste Sonhos: Vagas, Benef\u00edcios e Economia para Transformar Vidas e Alcan\u00e7ar Melhorias Cotidianas\",\"potentialAction\":[{\"@type\":\"SearchAction\",\"target\":{\"@type\":\"EntryPoint\",\"urlTemplate\":\"https:\\\/\\\/www.vagadeempregorj.com.br\\\/?s={search_term_string}\"},\"query-input\":{\"@type\":\"PropertyValueSpecification\",\"valueRequired\":true,\"valueName\":\"search_term_string\"}}],\"inLanguage\":\"es\"},{\"@type\":\"Person\",\"@id\":\"https:\\\/\\\/www.vagadeempregorj.com.br\\\/#\\\/schema\\\/person\\\/3ddb19fa0539706786e502152f3aae95\",\"name\":\"Michele\",\"image\":{\"@type\":\"ImageObject\",\"inLanguage\":\"es\",\"@id\":\"https:\\\/\\\/secure.gravatar.com\\\/avatar\\\/6b0eb9d22841282815e2cd856a0061c45e1761cd54b22e952d98c4746939aa85?s=96&r=g\",\"url\":\"https:\\\/\\\/secure.gravatar.com\\\/avatar\\\/6b0eb9d22841282815e2cd856a0061c45e1761cd54b22e952d98c4746939aa85?s=96&r=g\",\"contentUrl\":\"https:\\\/\\\/secure.gravatar.com\\\/avatar\\\/6b0eb9d22841282815e2cd856a0061c45e1761cd54b22e952d98c4746939aa85?s=96&r=g\",\"caption\":\"Michele\"},\"description\":\"Formada em Letras - Portugu\u00eas\\\/ Ingl\u00eas, e idealizadora do site Escritora de Sucesso, busca expandir o conhecimento de todos com informa\u00e7\u00f5es relevantes sobre diversos assuntos, enquanto redatora. No Vaga de Emprego RJ, traz oportunidades e dicas sobre o mercado de trabalho.\",\"url\":\"https:\\\/\\\/www.vagadeempregorj.com.br\\\/es\\\/author\\\/michele\\\/\"}]}<\/script>\n<!-- \/ Yoast SEO plugin. -->","yoast_head_json":{"title":"Vendedores, Promotores de Vendas, Gerente de Log\u00edstica, Auxiliar Administrativo, Ajudante de Expedi\u00e7\u00e3o e muito mais na Empresa Ita Alimentos -","description":"Veja em Vagas de Emprego RJ as vagas de emprego com e sem experi\u00eancia no seu Estado e Regi\u00e3o!","robots":{"index":"index","follow":"follow","max-snippet":"max-snippet:-1","max-image-preview":"max-image-preview:large","max-video-preview":"max-video-preview:-1"},"canonical":"https:\/\/www.vagadeempregorj.com.br\/es\/empregos-ita-alimentos\/","og_locale":"es_MX","og_type":"article","og_title":"Vendedores, Promotores de Vendas, Gerente de Log\u00edstica, Auxiliar Administrativo, Ajudante de Expedi\u00e7\u00e3o e muito mais na Empresa Ita Alimentos -","og_description":"Veja em Vagas de Emprego RJ as vagas de emprego com e sem experi\u00eancia no seu Estado e Regi\u00e3o!","og_url":"https:\/\/www.vagadeempregorj.com.br\/es\/empregos-ita-alimentos\/","article_publisher":"https:\/\/www.facebook.com\/empregobrasiloficial","article_published_time":"2023-09-05T04:01:00+00:00","article_modified_time":"2024-11-16T18:10:05+00:00","og_image":[{"width":323,"height":156,"url":"https:\/\/www.vagadeempregorj.com.br\/wp-content\/uploads\/2023\/01\/image-5.png","type":"image\/png"}],"author":"Michele","twitter_card":"summary_large_image","twitter_misc":{"Written by":"Michele","Est. reading time":"3 minutos"},"schema":{"@context":"https:\/\/schema.org","@graph":[{"@type":"Article","@id":"https:\/\/www.vagadeempregorj.com.br\/empregos-ita-alimentos\/#article","isPartOf":{"@id":"https:\/\/www.vagadeempregorj.com.br\/empregos-ita-alimentos\/"},"author":{"name":"Michele","@id":"https:\/\/www.vagadeempregorj.com.br\/#\/schema\/person\/3ddb19fa0539706786e502152f3aae95"},"headline":"Vendedores, Promotores de Vendas, Gerente de Log\u00edstica, Auxiliar Administrativo, Ajudante de Expedi\u00e7\u00e3o e muito mais na Empresa Ita Alimentos","datePublished":"2023-09-05T04:01:00+00:00","dateModified":"2024-11-16T18:10:05+00:00","mainEntityOfPage":{"@id":"https:\/\/www.vagadeempregorj.com.br\/empregos-ita-alimentos\/"},"wordCount":588,"image":{"@id":"https:\/\/www.vagadeempregorj.com.br\/empregos-ita-alimentos\/#primaryimage"},"thumbnailUrl":"https:\/\/www.vagadeempregorj.com.br\/wp-content\/uploads\/2023\/01\/image-5.png","keywords":["ITA Alimentos","oportunidades","vagas de emprego"],"articleSection":["Vagas de Emprego Nacionais"],"inLanguage":"es"},{"@type":"WebPage","@id":"https:\/\/www.vagadeempregorj.com.br\/empregos-ita-alimentos\/","url":"https:\/\/www.vagadeempregorj.com.br\/empregos-ita-alimentos\/","name":"Vendedores, Promotores de Vendas, Gerente de Log\u00edstica, Auxiliar Administrativo, Ajudante de Expedi\u00e7\u00e3o e muito mais na Empresa Ita Alimentos -","isPartOf":{"@id":"https:\/\/www.vagadeempregorj.com.br\/#website"},"primaryImageOfPage":{"@id":"https:\/\/www.vagadeempregorj.com.br\/empregos-ita-alimentos\/#primaryimage"},"image":{"@id":"https:\/\/www.vagadeempregorj.com.br\/empregos-ita-alimentos\/#primaryimage"},"thumbnailUrl":"https:\/\/www.vagadeempregorj.com.br\/wp-content\/uploads\/2023\/01\/image-5.png","datePublished":"2023-09-05T04:01:00+00:00","dateModified":"2024-11-16T18:10:05+00:00","author":{"@id":"https:\/\/www.vagadeempregorj.com.br\/#\/schema\/person\/3ddb19fa0539706786e502152f3aae95"},"description":"Veja em Vagas de Emprego RJ as vagas de emprego com e sem experi\u00eancia no seu Estado e Regi\u00e3o!","breadcrumb":{"@id":"https:\/\/www.vagadeempregorj.com.br\/empregos-ita-alimentos\/#breadcrumb"},"inLanguage":"es","potentialAction":[{"@type":"ReadAction","target":["https:\/\/www.vagadeempregorj.com.br\/empregos-ita-alimentos\/"]}]},{"@type":"ImageObject","inLanguage":"es","@id":"https:\/\/www.vagadeempregorj.com.br\/empregos-ita-alimentos\/#primaryimage","url":"https:\/\/www.vagadeempregorj.com.br\/wp-content\/uploads\/2023\/01\/image-5.png","contentUrl":"https:\/\/www.vagadeempregorj.com.br\/wp-content\/uploads\/2023\/01\/image-5.png","width":323,"height":156,"caption":"Imagem: Ita Alimentos - Reprodu\u00e7\u00e3o"},{"@type":"BreadcrumbList","@id":"https:\/\/www.vagadeempregorj.com.br\/empregos-ita-alimentos\/#breadcrumb","itemListElement":[{"@type":"ListItem","position":1,"name":"In\u00edcio","item":"https:\/\/www.vagadeempregorj.com.br\/"},{"@type":"ListItem","position":2,"name":"Vagas de Emprego Nacionais","item":"https:\/\/www.vagadeempregorj.com.br\/vagas-de-emprego-nacionais\/"},{"@type":"ListItem","position":3,"name":"Vendedores, Promotores de Vendas, Gerente de Log\u00edstica, Auxiliar Administrativo, Ajudante de Expedi\u00e7\u00e3o e muito mais na Empresa Ita Alimentos"}]},{"@type":"WebSite","@id":"https:\/\/www.vagadeempregorj.com.br\/#website","url":"https:\/\/www.vagadeempregorj.com.br\/","name":"","description":"Conquiste Sonhos: Vagas, Benef\u00edcios e Economia para Transformar Vidas e Alcan\u00e7ar Melhorias Cotidianas","potentialAction":[{"@type":"SearchAction","target":{"@type":"EntryPoint","urlTemplate":"https:\/\/www.vagadeempregorj.com.br\/?s={search_term_string}"},"query-input":{"@type":"PropertyValueSpecification","valueRequired":true,"valueName":"search_term_string"}}],"inLanguage":"es"},{"@type":"Person","@id":"https:\/\/www.vagadeempregorj.com.br\/#\/schema\/person\/3ddb19fa0539706786e502152f3aae95","name":"Michele","image":{"@type":"ImageObject","inLanguage":"es","@id":"https:\/\/secure.gravatar.com\/avatar\/6b0eb9d22841282815e2cd856a0061c45e1761cd54b22e952d98c4746939aa85?s=96&r=g","url":"https:\/\/secure.gravatar.com\/avatar\/6b0eb9d22841282815e2cd856a0061c45e1761cd54b22e952d98c4746939aa85?s=96&r=g","contentUrl":"https:\/\/secure.gravatar.com\/avatar\/6b0eb9d22841282815e2cd856a0061c45e1761cd54b22e952d98c4746939aa85?s=96&r=g","caption":"Michele"},"description":"Formada em Letras - Portugu\u00eas\/ Ingl\u00eas, e idealizadora do site Escritora de Sucesso, busca expandir o conhecimento de todos com informa\u00e7\u00f5es relevantes sobre diversos assuntos, enquanto redatora. No Vaga de Emprego RJ, traz oportunidades e dicas sobre o mercado de trabalho.","url":"https:\/\/www.vagadeempregorj.com.br\/es\/author\/michele\/"}]}},"_links":{"self":[{"href":"https:\/\/www.vagadeempregorj.com.br\/es\/wp-json\/wp\/v2\/posts\/37210","targetHints":{"allow":["GET"]}}],"collection":[{"href":"https:\/\/www.vagadeempregorj.com.br\/es\/wp-json\/wp\/v2\/posts"}],"about":[{"href":"https:\/\/www.vagadeempregorj.com.br\/es\/wp-json\/wp\/v2\/types\/post"}],"author":[{"embeddable":true,"href":"https:\/\/www.vagadeempregorj.com.br\/es\/wp-json\/wp\/v2\/users\/16"}],"replies":[{"embeddable":true,"href":"https:\/\/www.vagadeempregorj.com.br\/es\/wp-json\/wp\/v2\/comments?post=37210"}],"version-history":[{"count":0,"href":"https:\/\/www.vagadeempregorj.com.br\/es\/wp-json\/wp\/v2\/posts\/37210\/revisions"}],"wp:featuredmedia":[{"embeddable":true,"href":"https:\/\/www.vagadeempregorj.com.br\/es\/wp-json\/wp\/v2\/media\/37212"}],"wp:attachment":[{"href":"https:\/\/www.vagadeempregorj.com.br\/es\/wp-json\/wp\/v2\/media?parent=37210"}],"wp:term":[{"taxonomy":"category","embeddable":true,"href":"https:\/\/www.vagadeempregorj.com.br\/es\/wp-json\/wp\/v2\/categories?post=37210"},{"taxonomy":"post_tag","embeddable":true,"href":"https:\/\/www.vagadeempregorj.com.br\/es\/wp-json\/wp\/v2\/tags?post=37210"}],"curies":[{"name":"wp","href":"https:\/\/api.w.org\/{rel}","templated":true}]}}