{"id":37294,"date":"2023-09-11T00:01:00","date_gmt":"2023-09-11T03:01:00","guid":{"rendered":"https:\/\/www.vagadeempregorj.com.br\/?p=37294"},"modified":"2026-04-22T13:22:05","modified_gmt":"2026-04-22T16:22:05","slug":"empregos-oi","status":"publish","type":"post","link":"https:\/\/www.vagadeempregorj.com.br\/es\/empregos-oi\/","title":{"rendered":"Vendedores Externos, T\u00e9cnico de Infraestrutura Jr, Especialista em Seguran\u00e7a da Informa\u00e7\u00e3o, Assistente Comercial, Assistente Administrativo e muito mais na Empresa Oi"},"content":{"rendered":"<p>Atualizado<\/p>\n\n\n<div class=\"wp-block-post-date\"><time datetime=\"2023-09-11T00:01:00-03:00\">11\/09\/2023<\/time><\/div>\n\n\n<p>Os <strong>empregos Oi <\/strong>oferecem um ambiente de trabalho plural, colaborativo e inclusivo, onde seus colaboradores podem ser aut\u00eanticos e compartilhar boas experi\u00eancias. As oportunidades est\u00e3o dispon\u00edveis para a candidatura de profissionais independente de cor, ra\u00e7a, g\u00eanero, etnia, religi\u00e3o ou orienta\u00e7\u00e3o sexual. Para obter mais detalhes, continue acompanhando.&nbsp;<\/p>\n\n\n\n<figure class=\"wp-block-image size-large\"><img loading=\"lazy\" decoding=\"async\" width=\"1024\" height=\"805\" src=\"https:\/\/www.vagadeempregorj.com.br\/wp-content\/uploads\/2023\/01\/image-10-1024x805.png\" alt=\"\" class=\"wp-image-37310\" srcset=\"https:\/\/www.vagadeempregorj.com.br\/wp-content\/uploads\/2023\/01\/image-10-1024x805.png 1024w, https:\/\/www.vagadeempregorj.com.br\/wp-content\/uploads\/2023\/01\/image-10-300x236.png 300w, https:\/\/www.vagadeempregorj.com.br\/wp-content\/uploads\/2023\/01\/image-10-768x604.png 768w, https:\/\/www.vagadeempregorj.com.br\/wp-content\/uploads\/2023\/01\/image-10-1536x1208.png 1536w, https:\/\/www.vagadeempregorj.com.br\/wp-content\/uploads\/2023\/01\/image-10-2048x1610.png 2048w, https:\/\/www.vagadeempregorj.com.br\/wp-content\/uploads\/2023\/01\/image-10-150x118.png 150w\" sizes=\"auto, (max-width: 1024px) 100vw, 1024px\" \/><figcaption class=\"wp-element-caption\">Imagem: Oi &#8211; Reprodu\u00e7\u00e3o<\/figcaption><\/figure>\n\n\n\n<h2 class=\"wp-block-heading\">Confira as oportunidades de emprego Oi<\/h2>\n\n\n\n<p>A empresa Oi est\u00e1 presente em v\u00e1rias regi\u00f5es brasileiras, incluindo: Teresina, S\u00e3o Paulo, S\u00e3o Lu\u00eds, Salvador, Rio de Janeiro, Recife, Porto Alegre, Natal, Manaus, Jo\u00e3o Pessoa, Joinville, Imperatriz, Ibotirama, Guanambi, Goi\u00e2nia, Fortaleza, Duque de Caxias, Curitiba, Contagem, Campo dos Goytacazes, Cabo Frio, Bras\u00edlia, Bel\u00e9m e Belo Horizonte al\u00e9m de v\u00e1rias oportunidades que podem ser exercidas de maneira remota.&nbsp;<\/p>\n\n\n\n<p>Para fazer parte desse time, o candidato dever\u00e1 atender aos requisitos m\u00ednimos da fun\u00e7\u00e3o escolhida e morar em regi\u00f5es onde a empresa est\u00e1 contratando.&nbsp;<\/p>\n\n\n\n<p>Veja algumas op\u00e7\u00f5es que podem ser preenchidas no momento:<\/p>\n\n\n\n<ul class=\"wp-block-list\">\n<li>Vendedores Externos;<\/li>\n\n\n\n<li>T\u00e9cnico em Infraestrutura Jr;<\/li>\n\n\n\n<li>Tech Lead App PAP;<\/li>\n\n\n\n<li>Supervisores de Vendas Especializado;<\/li>\n\n\n\n<li>Banco de Talentos \u2014 Pessoas Negras;<\/li>\n\n\n\n<li>Gerente de Vendas Especializado;<\/li>\n\n\n\n<li>Executivo de Neg\u00f3cios Sr;<\/li>\n\n\n\n<li>Especialista Telecom Sr;<\/li>\n\n\n\n<li>Especialista em Seguran\u00e7a da Informa\u00e7\u00e3o;<\/li>\n\n\n\n<li>Especialista de Regulamenta\u00e7\u00e3o;<\/li>\n\n\n\n<li>Especialista de Planejamento e Controle de Suprimentos;<\/li>\n\n\n\n<li>Desenvolvedor Full Stack;<\/li>\n\n\n\n<li>Desenvolvedor Back End;<\/li>\n\n\n\n<li>Consultor de Vendas Especializado;<\/li>\n\n\n\n<li>Banco de Talentos;<\/li>\n\n\n\n<li>Assistente de Vendas Especializado PCD;<\/li>\n\n\n\n<li>Assistente Comercial Jr \u2014 PCD;<\/li>\n\n\n\n<li>Assistente Administrativo PL \u2014 PCD;<\/li>\n\n\n\n<li>Assistente Administrativo Jr \u2014 PCD;<\/li>\n\n\n\n<li>Arquiteto Portal de Cobran\u00e7a;<\/li>\n\n\n\n<li>Arquiteto de Sistemas;<\/li>\n\n\n\n<li>Aprendiz Seguran\u00e7a da Informa\u00e7\u00e3o;<\/li>\n\n\n\n<li>Banco de Talentos \u2014 Aprendiz;<\/li>\n\n\n\n<li>Analista de Neg\u00f3cios S\u00eanior;<\/li>\n\n\n\n<li>Analista de Controle e Informa\u00e7\u00e3o S\u00eanior;<\/li>\n\n\n\n<li>Analista de Ci\u00eancia de Dados J\u00fanior.&nbsp;<\/li>\n<\/ul>\n\n\n\n<p>Os candidatos que n\u00e3o encontrarem nenhuma vaga aberta para sua \u00e1rea profissional, poder\u00e1 preencher uma ficha de cadastro para as vagas futuras da empresa, caso alguma oportunidade surja e se encaixe com suas habilidades, a companhia entrar\u00e1 em contato posteriormente.&nbsp;<\/p>\n\n\n\n<h3 class=\"wp-block-heading\">Como se candidatar&nbsp;<\/h3>\n\n\n\n<p>O site abaixo estar\u00e1 ativo por um per\u00edodo de tempo desconhecido e permitir\u00e1 que os candidatos visualizem todas as vagas abertas, informa\u00e7\u00f5es da empresa e detalhes do cadastramento, al\u00e9m de permitir que eles avaliem sua compatibilidade com a miss\u00e3o e a cultura da empresa. Depois de encontrar uma posi\u00e7\u00e3o que se encaixe em suas qualifica\u00e7\u00f5es, o interessado deve se inscrever imediatamente porque as vagas abertas podem mudar semanalmente, dependendo de quantas inscri\u00e7\u00f5es s\u00e3o recebidas.\u00a0<\/p>\n\n\n\n<ul class=\"wp-block-list\"><\/ul>\n\n\n\n<p>Os interessados que ainda n\u00e3o possuem um cadastro ativo dentro da plataforma Gupy, dever\u00e3o criar um acesso para fazer o login como candidato, e s\u00f3 ent\u00e3o conseguir se inscrever para alguma coloca\u00e7\u00e3o dispon\u00edvel pela empresa Oi.&nbsp;<\/p>\n\n\n\n<p><strong>Veja tamb\u00e9m: <a href=\"https:\/\/www.vagadeempregorj.com.br\/es\/empregos-renault\/\">Operador De Fluxos F\u00edsicos, Comprador, Lider Fabrica\u00e7\u00e3o \u2013 Carroceria Cvp Entre Outros<\/a><\/strong><\/p>\n\n\n\n<h2 class=\"wp-block-heading\">Sobre a empresa Oi<\/h2>\n\n\n\n<p>A Oi \u00e9 uma empresa brasileira de telecomunica\u00e7\u00f5es que foi pioneira na oferta de servi\u00e7os convergentes, de banda larga como transmiss\u00e3o de voz de longa dist\u00e2ncia, transmiss\u00e3o de voz local e TV por sat\u00e9lite.&nbsp;<\/p>\n\n\n\n<p>A empresa \u00e9 a que tem a maior cobertura de rede de fibra, com mais de quatrocentos mil km, garantindo sua presen\u00e7a em todo o pa\u00eds, alcan\u00e7ando \u00e1reas remotas e garantindo a inclus\u00e3o digital da popula\u00e7\u00e3o em \u00e1reas rurais.<\/p>","protected":false},"excerpt":{"rendered":"<p>Atualizado Os empregos Oi oferecem um ambiente de trabalho plural, colaborativo e inclusivo, onde seus colaboradores podem ser aut\u00eanticos e compartilhar boas experi\u00eancias. As oportunidades est\u00e3o dispon\u00edveis para a candidatura de profissionais independente de cor, ra\u00e7a, g\u00eanero, etnia, religi\u00e3o ou orienta\u00e7\u00e3o sexual. Para obter mais detalhes, continue acompanhando.&nbsp; Confira as oportunidades de emprego Oi A&hellip;&nbsp;<\/p>","protected":false},"author":16,"featured_media":37310,"comment_status":"closed","ping_status":"closed","sticky":false,"template":"","format":"standard","meta":{"neve_meta_sidebar":"","neve_meta_container":"","neve_meta_enable_content_width":"","neve_meta_content_width":0,"neve_meta_title_alignment":"","neve_meta_author_avatar":"","neve_post_elements_order":"","neve_meta_disable_header":"","neve_meta_disable_footer":"","neve_meta_disable_title":"","footnotes":""},"categories":[123],"tags":[783,608,147],"class_list":["post-37294","post","type-post","status-publish","format-standard","has-post-thumbnail","hentry","category-vagas-de-emprego-nacionais","tag-oi","tag-oportunidades","tag-vaga-de-emprego"],"yoast_head":"<!-- This site is optimized with the Yoast SEO plugin v27.5 - https:\/\/yoast.com\/product\/yoast-seo-wordpress\/ -->\n<title>Vendedores Externos, T\u00e9cnico de Infraestrutura Jr, Especialista em Seguran\u00e7a da Informa\u00e7\u00e3o, Assistente Comercial, Assistente Administrativo e muito mais na Empresa Oi -<\/title>\n<meta name=\"description\" content=\"Veja em Vagas de Emprego RJ as vagas de emprego com e sem experi\u00eancia no seu Estado e Regi\u00e3o!\" \/>\n<meta name=\"robots\" content=\"index, follow, max-snippet:-1, max-image-preview:large, max-video-preview:-1\" \/>\n<link rel=\"canonical\" href=\"https:\/\/www.vagadeempregorj.com.br\/es\/empregos-oi\/\" \/>\n<meta property=\"og:locale\" content=\"es_MX\" \/>\n<meta property=\"og:type\" content=\"article\" \/>\n<meta property=\"og:title\" content=\"Vendedores Externos, T\u00e9cnico de Infraestrutura Jr, Especialista em Seguran\u00e7a da Informa\u00e7\u00e3o, Assistente Comercial, Assistente Administrativo e muito mais na Empresa Oi -\" \/>\n<meta property=\"og:description\" content=\"Veja em Vagas de Emprego RJ as vagas de emprego com e sem experi\u00eancia no seu Estado e Regi\u00e3o!\" \/>\n<meta property=\"og:url\" content=\"https:\/\/www.vagadeempregorj.com.br\/es\/empregos-oi\/\" \/>\n<meta property=\"article:publisher\" content=\"https:\/\/www.facebook.com\/empregobrasiloficial\" \/>\n<meta property=\"article:published_time\" content=\"2023-09-11T03:01:00+00:00\" \/>\n<meta property=\"article:modified_time\" content=\"2026-04-22T16:22:05+00:00\" \/>\n<meta property=\"og:image\" content=\"https:\/\/www.vagadeempregorj.com.br\/wp-content\/uploads\/2023\/01\/image-10.png\" \/>\n\t<meta property=\"og:image:width\" content=\"3500\" \/>\n\t<meta property=\"og:image:height\" content=\"2752\" \/>\n\t<meta property=\"og:image:type\" content=\"image\/png\" \/>\n<meta name=\"author\" content=\"Michele\" \/>\n<meta name=\"twitter:card\" content=\"summary_large_image\" \/>\n<meta name=\"twitter:label1\" content=\"Written by\" \/>\n\t<meta name=\"twitter:data1\" content=\"Michele\" \/>\n\t<meta name=\"twitter:label2\" content=\"Est. reading time\" \/>\n\t<meta name=\"twitter:data2\" content=\"3 minutos\" \/>\n<script type=\"application\/ld+json\" class=\"yoast-schema-graph\">{\"@context\":\"https:\\\/\\\/schema.org\",\"@graph\":[{\"@type\":\"Article\",\"@id\":\"https:\\\/\\\/www.vagadeempregorj.com.br\\\/empregos-oi\\\/#article\",\"isPartOf\":{\"@id\":\"https:\\\/\\\/www.vagadeempregorj.com.br\\\/empregos-oi\\\/\"},\"author\":{\"name\":\"Michele\",\"@id\":\"https:\\\/\\\/www.vagadeempregorj.com.br\\\/#\\\/schema\\\/person\\\/3ddb19fa0539706786e502152f3aae95\"},\"headline\":\"Vendedores Externos, T\u00e9cnico de Infraestrutura Jr, Especialista em Seguran\u00e7a da Informa\u00e7\u00e3o, Assistente Comercial, Assistente Administrativo e muito mais na Empresa Oi\",\"datePublished\":\"2023-09-11T03:01:00+00:00\",\"dateModified\":\"2026-04-22T16:22:05+00:00\",\"mainEntityOfPage\":{\"@id\":\"https:\\\/\\\/www.vagadeempregorj.com.br\\\/empregos-oi\\\/\"},\"wordCount\":594,\"image\":{\"@id\":\"https:\\\/\\\/www.vagadeempregorj.com.br\\\/empregos-oi\\\/#primaryimage\"},\"thumbnailUrl\":\"https:\\\/\\\/www.vagadeempregorj.com.br\\\/wp-content\\\/uploads\\\/2023\\\/01\\\/image-10.png\",\"keywords\":[\"Oi\",\"oportunidades\",\"vaga de emprego\"],\"articleSection\":[\"Vagas de Emprego Nacionais\"],\"inLanguage\":\"es\"},{\"@type\":\"WebPage\",\"@id\":\"https:\\\/\\\/www.vagadeempregorj.com.br\\\/empregos-oi\\\/\",\"url\":\"https:\\\/\\\/www.vagadeempregorj.com.br\\\/empregos-oi\\\/\",\"name\":\"Vendedores Externos, T\u00e9cnico de Infraestrutura Jr, Especialista em Seguran\u00e7a da Informa\u00e7\u00e3o, Assistente Comercial, Assistente Administrativo e muito mais na Empresa Oi -\",\"isPartOf\":{\"@id\":\"https:\\\/\\\/www.vagadeempregorj.com.br\\\/#website\"},\"primaryImageOfPage\":{\"@id\":\"https:\\\/\\\/www.vagadeempregorj.com.br\\\/empregos-oi\\\/#primaryimage\"},\"image\":{\"@id\":\"https:\\\/\\\/www.vagadeempregorj.com.br\\\/empregos-oi\\\/#primaryimage\"},\"thumbnailUrl\":\"https:\\\/\\\/www.vagadeempregorj.com.br\\\/wp-content\\\/uploads\\\/2023\\\/01\\\/image-10.png\",\"datePublished\":\"2023-09-11T03:01:00+00:00\",\"dateModified\":\"2026-04-22T16:22:05+00:00\",\"author\":{\"@id\":\"https:\\\/\\\/www.vagadeempregorj.com.br\\\/#\\\/schema\\\/person\\\/3ddb19fa0539706786e502152f3aae95\"},\"description\":\"Veja em Vagas de Emprego RJ as vagas de emprego com e sem experi\u00eancia no seu Estado e Regi\u00e3o!\",\"breadcrumb\":{\"@id\":\"https:\\\/\\\/www.vagadeempregorj.com.br\\\/empregos-oi\\\/#breadcrumb\"},\"inLanguage\":\"es\",\"potentialAction\":[{\"@type\":\"ReadAction\",\"target\":[\"https:\\\/\\\/www.vagadeempregorj.com.br\\\/empregos-oi\\\/\"]}]},{\"@type\":\"ImageObject\",\"inLanguage\":\"es\",\"@id\":\"https:\\\/\\\/www.vagadeempregorj.com.br\\\/empregos-oi\\\/#primaryimage\",\"url\":\"https:\\\/\\\/www.vagadeempregorj.com.br\\\/wp-content\\\/uploads\\\/2023\\\/01\\\/image-10.png\",\"contentUrl\":\"https:\\\/\\\/www.vagadeempregorj.com.br\\\/wp-content\\\/uploads\\\/2023\\\/01\\\/image-10.png\",\"width\":3500,\"height\":2752},{\"@type\":\"BreadcrumbList\",\"@id\":\"https:\\\/\\\/www.vagadeempregorj.com.br\\\/empregos-oi\\\/#breadcrumb\",\"itemListElement\":[{\"@type\":\"ListItem\",\"position\":1,\"name\":\"In\u00edcio\",\"item\":\"https:\\\/\\\/www.vagadeempregorj.com.br\\\/\"},{\"@type\":\"ListItem\",\"position\":2,\"name\":\"Vagas de Emprego Nacionais\",\"item\":\"https:\\\/\\\/www.vagadeempregorj.com.br\\\/vagas-de-emprego-nacionais\\\/\"},{\"@type\":\"ListItem\",\"position\":3,\"name\":\"Vendedores Externos, T\u00e9cnico de Infraestrutura Jr, Especialista em Seguran\u00e7a da Informa\u00e7\u00e3o, Assistente Comercial, Assistente Administrativo e muito mais na Empresa Oi\"}]},{\"@type\":\"WebSite\",\"@id\":\"https:\\\/\\\/www.vagadeempregorj.com.br\\\/#website\",\"url\":\"https:\\\/\\\/www.vagadeempregorj.com.br\\\/\",\"name\":\"\",\"description\":\"Conquiste Sonhos: Vagas, Benef\u00edcios e Economia para Transformar Vidas e Alcan\u00e7ar Melhorias Cotidianas\",\"potentialAction\":[{\"@type\":\"SearchAction\",\"target\":{\"@type\":\"EntryPoint\",\"urlTemplate\":\"https:\\\/\\\/www.vagadeempregorj.com.br\\\/?s={search_term_string}\"},\"query-input\":{\"@type\":\"PropertyValueSpecification\",\"valueRequired\":true,\"valueName\":\"search_term_string\"}}],\"inLanguage\":\"es\"},{\"@type\":\"Person\",\"@id\":\"https:\\\/\\\/www.vagadeempregorj.com.br\\\/#\\\/schema\\\/person\\\/3ddb19fa0539706786e502152f3aae95\",\"name\":\"Michele\",\"image\":{\"@type\":\"ImageObject\",\"inLanguage\":\"es\",\"@id\":\"https:\\\/\\\/secure.gravatar.com\\\/avatar\\\/6b0eb9d22841282815e2cd856a0061c45e1761cd54b22e952d98c4746939aa85?s=96&r=g\",\"url\":\"https:\\\/\\\/secure.gravatar.com\\\/avatar\\\/6b0eb9d22841282815e2cd856a0061c45e1761cd54b22e952d98c4746939aa85?s=96&r=g\",\"contentUrl\":\"https:\\\/\\\/secure.gravatar.com\\\/avatar\\\/6b0eb9d22841282815e2cd856a0061c45e1761cd54b22e952d98c4746939aa85?s=96&r=g\",\"caption\":\"Michele\"},\"description\":\"Formada em Letras - Portugu\u00eas\\\/ Ingl\u00eas, e idealizadora do site Escritora de Sucesso, busca expandir o conhecimento de todos com informa\u00e7\u00f5es relevantes sobre diversos assuntos, enquanto redatora. No Vaga de Emprego RJ, traz oportunidades e dicas sobre o mercado de trabalho.\",\"url\":\"https:\\\/\\\/www.vagadeempregorj.com.br\\\/es\\\/author\\\/michele\\\/\"}]}<\/script>\n<!-- \/ Yoast SEO plugin. -->","yoast_head_json":{"title":"Vendedores Externos, T\u00e9cnico de Infraestrutura Jr, Especialista em Seguran\u00e7a da Informa\u00e7\u00e3o, Assistente Comercial, Assistente Administrativo e muito mais na Empresa Oi -","description":"Veja em Vagas de Emprego RJ as vagas de emprego com e sem experi\u00eancia no seu Estado e Regi\u00e3o!","robots":{"index":"index","follow":"follow","max-snippet":"max-snippet:-1","max-image-preview":"max-image-preview:large","max-video-preview":"max-video-preview:-1"},"canonical":"https:\/\/www.vagadeempregorj.com.br\/es\/empregos-oi\/","og_locale":"es_MX","og_type":"article","og_title":"Vendedores Externos, T\u00e9cnico de Infraestrutura Jr, Especialista em Seguran\u00e7a da Informa\u00e7\u00e3o, Assistente Comercial, Assistente Administrativo e muito mais na Empresa Oi -","og_description":"Veja em Vagas de Emprego RJ as vagas de emprego com e sem experi\u00eancia no seu Estado e Regi\u00e3o!","og_url":"https:\/\/www.vagadeempregorj.com.br\/es\/empregos-oi\/","article_publisher":"https:\/\/www.facebook.com\/empregobrasiloficial","article_published_time":"2023-09-11T03:01:00+00:00","article_modified_time":"2026-04-22T16:22:05+00:00","og_image":[{"width":3500,"height":2752,"url":"https:\/\/www.vagadeempregorj.com.br\/wp-content\/uploads\/2023\/01\/image-10.png","type":"image\/png"}],"author":"Michele","twitter_card":"summary_large_image","twitter_misc":{"Written by":"Michele","Est. reading time":"3 minutos"},"schema":{"@context":"https:\/\/schema.org","@graph":[{"@type":"Article","@id":"https:\/\/www.vagadeempregorj.com.br\/empregos-oi\/#article","isPartOf":{"@id":"https:\/\/www.vagadeempregorj.com.br\/empregos-oi\/"},"author":{"name":"Michele","@id":"https:\/\/www.vagadeempregorj.com.br\/#\/schema\/person\/3ddb19fa0539706786e502152f3aae95"},"headline":"Vendedores Externos, T\u00e9cnico de Infraestrutura Jr, Especialista em Seguran\u00e7a da Informa\u00e7\u00e3o, Assistente Comercial, Assistente Administrativo e muito mais na Empresa Oi","datePublished":"2023-09-11T03:01:00+00:00","dateModified":"2026-04-22T16:22:05+00:00","mainEntityOfPage":{"@id":"https:\/\/www.vagadeempregorj.com.br\/empregos-oi\/"},"wordCount":594,"image":{"@id":"https:\/\/www.vagadeempregorj.com.br\/empregos-oi\/#primaryimage"},"thumbnailUrl":"https:\/\/www.vagadeempregorj.com.br\/wp-content\/uploads\/2023\/01\/image-10.png","keywords":["Oi","oportunidades","vaga de emprego"],"articleSection":["Vagas de Emprego Nacionais"],"inLanguage":"es"},{"@type":"WebPage","@id":"https:\/\/www.vagadeempregorj.com.br\/empregos-oi\/","url":"https:\/\/www.vagadeempregorj.com.br\/empregos-oi\/","name":"Vendedores Externos, T\u00e9cnico de Infraestrutura Jr, Especialista em Seguran\u00e7a da Informa\u00e7\u00e3o, Assistente Comercial, Assistente Administrativo e muito mais na Empresa Oi -","isPartOf":{"@id":"https:\/\/www.vagadeempregorj.com.br\/#website"},"primaryImageOfPage":{"@id":"https:\/\/www.vagadeempregorj.com.br\/empregos-oi\/#primaryimage"},"image":{"@id":"https:\/\/www.vagadeempregorj.com.br\/empregos-oi\/#primaryimage"},"thumbnailUrl":"https:\/\/www.vagadeempregorj.com.br\/wp-content\/uploads\/2023\/01\/image-10.png","datePublished":"2023-09-11T03:01:00+00:00","dateModified":"2026-04-22T16:22:05+00:00","author":{"@id":"https:\/\/www.vagadeempregorj.com.br\/#\/schema\/person\/3ddb19fa0539706786e502152f3aae95"},"description":"Veja em Vagas de Emprego RJ as vagas de emprego com e sem experi\u00eancia no seu Estado e Regi\u00e3o!","breadcrumb":{"@id":"https:\/\/www.vagadeempregorj.com.br\/empregos-oi\/#breadcrumb"},"inLanguage":"es","potentialAction":[{"@type":"ReadAction","target":["https:\/\/www.vagadeempregorj.com.br\/empregos-oi\/"]}]},{"@type":"ImageObject","inLanguage":"es","@id":"https:\/\/www.vagadeempregorj.com.br\/empregos-oi\/#primaryimage","url":"https:\/\/www.vagadeempregorj.com.br\/wp-content\/uploads\/2023\/01\/image-10.png","contentUrl":"https:\/\/www.vagadeempregorj.com.br\/wp-content\/uploads\/2023\/01\/image-10.png","width":3500,"height":2752},{"@type":"BreadcrumbList","@id":"https:\/\/www.vagadeempregorj.com.br\/empregos-oi\/#breadcrumb","itemListElement":[{"@type":"ListItem","position":1,"name":"In\u00edcio","item":"https:\/\/www.vagadeempregorj.com.br\/"},{"@type":"ListItem","position":2,"name":"Vagas de Emprego Nacionais","item":"https:\/\/www.vagadeempregorj.com.br\/vagas-de-emprego-nacionais\/"},{"@type":"ListItem","position":3,"name":"Vendedores Externos, T\u00e9cnico de Infraestrutura Jr, Especialista em Seguran\u00e7a da Informa\u00e7\u00e3o, Assistente Comercial, Assistente Administrativo e muito mais na Empresa Oi"}]},{"@type":"WebSite","@id":"https:\/\/www.vagadeempregorj.com.br\/#website","url":"https:\/\/www.vagadeempregorj.com.br\/","name":"","description":"Conquiste Sonhos: Vagas, Benef\u00edcios e Economia para Transformar Vidas e Alcan\u00e7ar Melhorias Cotidianas","potentialAction":[{"@type":"SearchAction","target":{"@type":"EntryPoint","urlTemplate":"https:\/\/www.vagadeempregorj.com.br\/?s={search_term_string}"},"query-input":{"@type":"PropertyValueSpecification","valueRequired":true,"valueName":"search_term_string"}}],"inLanguage":"es"},{"@type":"Person","@id":"https:\/\/www.vagadeempregorj.com.br\/#\/schema\/person\/3ddb19fa0539706786e502152f3aae95","name":"Michele","image":{"@type":"ImageObject","inLanguage":"es","@id":"https:\/\/secure.gravatar.com\/avatar\/6b0eb9d22841282815e2cd856a0061c45e1761cd54b22e952d98c4746939aa85?s=96&r=g","url":"https:\/\/secure.gravatar.com\/avatar\/6b0eb9d22841282815e2cd856a0061c45e1761cd54b22e952d98c4746939aa85?s=96&r=g","contentUrl":"https:\/\/secure.gravatar.com\/avatar\/6b0eb9d22841282815e2cd856a0061c45e1761cd54b22e952d98c4746939aa85?s=96&r=g","caption":"Michele"},"description":"Formada em Letras - Portugu\u00eas\/ Ingl\u00eas, e idealizadora do site Escritora de Sucesso, busca expandir o conhecimento de todos com informa\u00e7\u00f5es relevantes sobre diversos assuntos, enquanto redatora. No Vaga de Emprego RJ, traz oportunidades e dicas sobre o mercado de trabalho.","url":"https:\/\/www.vagadeempregorj.com.br\/es\/author\/michele\/"}]}},"_links":{"self":[{"href":"https:\/\/www.vagadeempregorj.com.br\/es\/wp-json\/wp\/v2\/posts\/37294","targetHints":{"allow":["GET"]}}],"collection":[{"href":"https:\/\/www.vagadeempregorj.com.br\/es\/wp-json\/wp\/v2\/posts"}],"about":[{"href":"https:\/\/www.vagadeempregorj.com.br\/es\/wp-json\/wp\/v2\/types\/post"}],"author":[{"embeddable":true,"href":"https:\/\/www.vagadeempregorj.com.br\/es\/wp-json\/wp\/v2\/users\/16"}],"replies":[{"embeddable":true,"href":"https:\/\/www.vagadeempregorj.com.br\/es\/wp-json\/wp\/v2\/comments?post=37294"}],"version-history":[{"count":1,"href":"https:\/\/www.vagadeempregorj.com.br\/es\/wp-json\/wp\/v2\/posts\/37294\/revisions"}],"predecessor-version":[{"id":44233,"href":"https:\/\/www.vagadeempregorj.com.br\/es\/wp-json\/wp\/v2\/posts\/37294\/revisions\/44233"}],"wp:featuredmedia":[{"embeddable":true,"href":"https:\/\/www.vagadeempregorj.com.br\/es\/wp-json\/wp\/v2\/media\/37310"}],"wp:attachment":[{"href":"https:\/\/www.vagadeempregorj.com.br\/es\/wp-json\/wp\/v2\/media?parent=37294"}],"wp:term":[{"taxonomy":"category","embeddable":true,"href":"https:\/\/www.vagadeempregorj.com.br\/es\/wp-json\/wp\/v2\/categories?post=37294"},{"taxonomy":"post_tag","embeddable":true,"href":"https:\/\/www.vagadeempregorj.com.br\/es\/wp-json\/wp\/v2\/tags?post=37294"}],"curies":[{"name":"wp","href":"https:\/\/api.w.org\/{rel}","templated":true}]}}