{"id":37501,"date":"2023-02-16T15:43:52","date_gmt":"2023-02-16T18:43:52","guid":{"rendered":"https:\/\/www.vagadeempregorj.com.br\/?p=37501"},"modified":"2023-08-01T07:46:18","modified_gmt":"2023-08-01T10:46:18","slug":"sonha-em-reformar-sua-casa-veja-como-conseguir-com-o-lar-doce-lar","status":"publish","type":"post","link":"https:\/\/www.vagadeempregorj.com.br\/es\/sonha-em-reformar-sua-casa-veja-como-conseguir-com-o-lar-doce-lar\/","title":{"rendered":"Sonha em reformar sua casa? Veja como conseguir com o Lar Doce Lar"},"content":{"rendered":"<p>O programa &#8220;<strong>Lar Doce Lar<\/strong>&#8221; \u00e9 uma atra\u00e7\u00e3o da TV Globo, exibido dentro do programa Caldeir\u00e3o do Huck, apresentado por Luciano Huck. O objetivo do programa \u00e9 reformar a casa de pessoas que est\u00e3o passando por dificuldades e proporcionar um lar mais aconchegante e digno para essas fam\u00edlias.<\/p>\n\n\n\n<p><strong>Veja como fazer a sua inscri\u00e7\u00e3o no programa, clicando no \u00edcone, a seguir.<\/strong><\/p>\n\n\n\n<div class=\"wp-block-buttons is-content-justification-center is-layout-flex wp-container-core-buttons-is-layout-16018d1d wp-block-buttons-is-layout-flex\">\n<div class=\"wp-block-button has-custom-width wp-block-button__width-50 is-style-outline is-style-outline--2\"><a class=\"wp-block-button__link has-black-color has-electric-grass-gradient-background has-text-color has-background wp-element-button\" href=\"https:\/\/www.vagadeempregorj.com.br\/es\/como-se-inscrever-no-lar-doce-lar-do-caldeirao-do-huck-veja-o-passo-a-passo\/\"><strong>QUERO ME INSCREVER<\/strong><\/a><\/div>\n<\/div>\n\n\n\n<p>O processo come\u00e7a com uma indica\u00e7\u00e3o de algu\u00e9m que conhe\u00e7a a hist\u00f3ria da fam\u00edlia e que acredite que ela se enquadra no perfil do programa.&nbsp;<\/p>\n\n\n\n<p>Ap\u00f3s a indica\u00e7\u00e3o, a equipe do &#8220;Lar Doce Lar&#8221; faz uma visita \u00e0 casa da fam\u00edlia e conversa com os moradores para entender a situa\u00e7\u00e3o em que se encontram e quais s\u00e3o as suas necessidades.<\/p>\n\n\n\n<figure class=\"wp-block-image size-full\"><a href=\"https:\/\/www.vagadeempregorj.com.br\/es\/como-se-inscrever-no-lar-doce-lar-do-caldeirao-do-huck-veja-o-passo-a-passo\/\"><img loading=\"lazy\" decoding=\"async\" width=\"576\" height=\"580\" src=\"https:\/\/www.vagadeempregorj.com.br\/wp-content\/uploads\/2023\/02\/image-6.png\" alt=\"\" class=\"wp-image-37503\" srcset=\"https:\/\/www.vagadeempregorj.com.br\/wp-content\/uploads\/2023\/02\/image-6.png 576w, https:\/\/www.vagadeempregorj.com.br\/wp-content\/uploads\/2023\/02\/image-6-298x300.png 298w, https:\/\/www.vagadeempregorj.com.br\/wp-content\/uploads\/2023\/02\/image-6-150x151.png 150w, https:\/\/www.vagadeempregorj.com.br\/wp-content\/uploads\/2023\/02\/image-6-96x96.png 96w\" sizes=\"auto, (max-width: 576px) 100vw, 576px\" \/><\/a><\/figure>\n\n\n\n<p>Com base nessas informa\u00e7\u00f5es, a equipe de arquitetos e engenheiros do programa elabora um projeto de reforma da casa, que \u00e9 apresentado aos telespectadores durante a exibi\u00e7\u00e3o do programa.&nbsp;<\/p>\n\n\n\n<p>O projeto \u00e9 elaborado de forma a atender \u00e0s necessidades da fam\u00edlia, levando em considera\u00e7\u00e3o aspectos como acessibilidade, conforto e seguran\u00e7a.<\/p>\n\n\n\n<p>Ap\u00f3s a apresenta\u00e7\u00e3o do projeto, come\u00e7a a fase de reforma da casa, que costuma durar algumas semanas.&nbsp;<\/p>\n\n\n\n<p>Durante esse per\u00edodo, a equipe do programa conta com a ajuda de volunt\u00e1rios e patrocinadores, que contribuem com m\u00e3o de obra e materiais para a reforma.<\/p>\n\n\n\n<div class=\"wp-block-buttons is-content-justification-center is-layout-flex wp-container-core-buttons-is-layout-16018d1d wp-block-buttons-is-layout-flex\">\n<div class=\"wp-block-button is-style-outline is-style-outline--3\"><a class=\"wp-block-button__link has-black-color has-electric-grass-gradient-background has-text-color has-background wp-element-button\" href=\"https:\/\/www.vagadeempregorj.com.br\/es\/como-se-inscrever-no-lar-doce-lar-do-caldeirao-do-huck-veja-o-passo-a-passo\/\"><strong>QUERO FAZER MINHA INSCRI\u00c7\u00c3O<\/strong><\/a><\/div>\n<\/div>\n\n\n\n<p>No dia da entrega da casa reformada, a fam\u00edlia \u00e9 levada para fora da casa, enquanto a equipe do &#8220;Lar Doce Lar&#8221; faz os \u00faltimos ajustes. Em seguida, a casa \u00e9 revelada aos moradores, que ficam emocionados ao ver o resultado final da reforma.&nbsp;<\/p>\n\n\n\n<p>A entrega da casa costuma ser um momento de muita emo\u00e7\u00e3o, tanto para a fam\u00edlia quanto para os telespectadores.<\/p>\n\n\n\n<p>O <strong>&#8220;Lar Doce Lar&#8221; <\/strong>\u00e9 um programa que tem como objetivo n\u00e3o apenas reformar a casa de uma fam\u00edlia, mas tamb\u00e9m proporcionar a ela um lar mais acolhedor e digno.&nbsp;<\/p>\n\n\n\n<p>Atrav\u00e9s da reforma da casa, o programa busca melhorar a qualidade de vida das pessoas e proporcionar um ambiente mais adequado para a conviv\u00eancia familiar. Al\u00e9m disso, o &#8220;Lar Doce Lar&#8221; tamb\u00e9m ajuda a conscientizar a popula\u00e7\u00e3o sobre a import\u00e2ncia da solidariedade e do trabalho volunt\u00e1rio.<\/p>\n\n\n\n<p><strong>Veja o passo a passo que preparamos para voc\u00ea realizar sua inscri\u00e7\u00e3o no programa e torcer para ser selecionado!<\/strong><\/p>\n\n\n\n<div class=\"wp-block-buttons is-content-justification-center is-layout-flex wp-container-core-buttons-is-layout-16018d1d wp-block-buttons-is-layout-flex\">\n<div class=\"wp-block-button is-style-outline is-style-outline--4\"><a class=\"wp-block-button__link has-black-color has-electric-grass-gradient-background has-text-color has-background wp-element-button\" href=\"https:\/\/www.vagadeempregorj.com.br\/es\/como-se-inscrever-no-lar-doce-lar-do-caldeirao-do-huck-veja-o-passo-a-passo\/\"><strong>QUERO ME INSCREVER NO LAR DOCE LAR<\/strong><\/a><\/div>\n<\/div>","protected":false},"excerpt":{"rendered":"<p>O programa &#8220;Lar Doce Lar&#8221; \u00e9 uma atra\u00e7\u00e3o da TV Globo, exibido dentro do programa Caldeir\u00e3o do Huck, apresentado por Luciano Huck. O objetivo do programa \u00e9 reformar a casa de pessoas que est\u00e3o passando por dificuldades e proporcionar um lar mais aconchegante e digno para essas fam\u00edlias. Veja como fazer a sua inscri\u00e7\u00e3o no&hellip;&nbsp;<\/p>","protected":false},"author":16,"featured_media":37503,"comment_status":"closed","ping_status":"closed","sticky":false,"template":"","format":"standard","meta":{"neve_meta_sidebar":"","neve_meta_container":"","neve_meta_enable_content_width":"","neve_meta_content_width":0,"neve_meta_title_alignment":"","neve_meta_author_avatar":"","neve_post_elements_order":"","neve_meta_disable_header":"","neve_meta_disable_footer":"","neve_meta_disable_title":"","footnotes":""},"categories":[1],"tags":[],"class_list":["post-37501","post","type-post","status-publish","format-standard","has-post-thumbnail","hentry","category-beneficios-sociais"],"yoast_head":"<!-- This site is optimized with the Yoast SEO plugin v27.5 - https:\/\/yoast.com\/product\/yoast-seo-wordpress\/ -->\n<title>Sonha em reformar sua casa? Veja como conseguir com o Lar Doce Lar -<\/title>\n<meta name=\"description\" content=\"Veja em Vagas de Emprego RJ as vagas de emprego com e sem experi\u00eancia no seu Estado e Regi\u00e3o!\" \/>\n<meta name=\"robots\" content=\"index, follow, max-snippet:-1, max-image-preview:large, max-video-preview:-1\" \/>\n<link rel=\"canonical\" href=\"https:\/\/www.vagadeempregorj.com.br\/es\/sonha-em-reformar-sua-casa-veja-como-conseguir-com-o-lar-doce-lar\/\" \/>\n<meta property=\"og:locale\" content=\"es_MX\" \/>\n<meta property=\"og:type\" content=\"article\" \/>\n<meta property=\"og:title\" content=\"Sonha em reformar sua casa? Veja como conseguir com o Lar Doce Lar -\" \/>\n<meta property=\"og:description\" content=\"Veja em Vagas de Emprego RJ as vagas de emprego com e sem experi\u00eancia no seu Estado e Regi\u00e3o!\" \/>\n<meta property=\"og:url\" content=\"https:\/\/www.vagadeempregorj.com.br\/es\/sonha-em-reformar-sua-casa-veja-como-conseguir-com-o-lar-doce-lar\/\" \/>\n<meta property=\"article:publisher\" content=\"https:\/\/www.facebook.com\/empregobrasiloficial\" \/>\n<meta property=\"article:published_time\" content=\"2023-02-16T18:43:52+00:00\" \/>\n<meta property=\"article:modified_time\" content=\"2023-08-01T10:46:18+00:00\" \/>\n<meta property=\"og:image\" content=\"https:\/\/www.vagadeempregorj.com.br\/wp-content\/uploads\/2023\/02\/image-6.png\" \/>\n\t<meta property=\"og:image:width\" content=\"576\" \/>\n\t<meta property=\"og:image:height\" content=\"580\" \/>\n\t<meta property=\"og:image:type\" content=\"image\/png\" \/>\n<meta name=\"author\" content=\"Michele\" \/>\n<meta name=\"twitter:card\" content=\"summary_large_image\" \/>\n<meta name=\"twitter:label1\" content=\"Written by\" \/>\n\t<meta name=\"twitter:data1\" content=\"Michele\" \/>\n\t<meta name=\"twitter:label2\" content=\"Est. reading time\" \/>\n\t<meta name=\"twitter:data2\" content=\"2 minutos\" \/>\n<script type=\"application\/ld+json\" class=\"yoast-schema-graph\">{\"@context\":\"https:\\\/\\\/schema.org\",\"@graph\":[{\"@type\":\"Article\",\"@id\":\"https:\\\/\\\/www.vagadeempregorj.com.br\\\/sonha-em-reformar-sua-casa-veja-como-conseguir-com-o-lar-doce-lar\\\/#article\",\"isPartOf\":{\"@id\":\"https:\\\/\\\/www.vagadeempregorj.com.br\\\/sonha-em-reformar-sua-casa-veja-como-conseguir-com-o-lar-doce-lar\\\/\"},\"author\":{\"name\":\"Michele\",\"@id\":\"https:\\\/\\\/www.vagadeempregorj.com.br\\\/#\\\/schema\\\/person\\\/3ddb19fa0539706786e502152f3aae95\"},\"headline\":\"Sonha em reformar sua casa? Veja como conseguir com o Lar Doce Lar\",\"datePublished\":\"2023-02-16T18:43:52+00:00\",\"dateModified\":\"2023-08-01T10:46:18+00:00\",\"mainEntityOfPage\":{\"@id\":\"https:\\\/\\\/www.vagadeempregorj.com.br\\\/sonha-em-reformar-sua-casa-veja-como-conseguir-com-o-lar-doce-lar\\\/\"},\"wordCount\":438,\"image\":{\"@id\":\"https:\\\/\\\/www.vagadeempregorj.com.br\\\/sonha-em-reformar-sua-casa-veja-como-conseguir-com-o-lar-doce-lar\\\/#primaryimage\"},\"thumbnailUrl\":\"https:\\\/\\\/www.vagadeempregorj.com.br\\\/wp-content\\\/uploads\\\/2023\\\/02\\\/image-6.png\",\"articleSection\":[\"Benef\u00edcios Sociais\"],\"inLanguage\":\"es\"},{\"@type\":\"WebPage\",\"@id\":\"https:\\\/\\\/www.vagadeempregorj.com.br\\\/sonha-em-reformar-sua-casa-veja-como-conseguir-com-o-lar-doce-lar\\\/\",\"url\":\"https:\\\/\\\/www.vagadeempregorj.com.br\\\/sonha-em-reformar-sua-casa-veja-como-conseguir-com-o-lar-doce-lar\\\/\",\"name\":\"Sonha em reformar sua casa? Veja como conseguir com o Lar Doce Lar -\",\"isPartOf\":{\"@id\":\"https:\\\/\\\/www.vagadeempregorj.com.br\\\/#website\"},\"primaryImageOfPage\":{\"@id\":\"https:\\\/\\\/www.vagadeempregorj.com.br\\\/sonha-em-reformar-sua-casa-veja-como-conseguir-com-o-lar-doce-lar\\\/#primaryimage\"},\"image\":{\"@id\":\"https:\\\/\\\/www.vagadeempregorj.com.br\\\/sonha-em-reformar-sua-casa-veja-como-conseguir-com-o-lar-doce-lar\\\/#primaryimage\"},\"thumbnailUrl\":\"https:\\\/\\\/www.vagadeempregorj.com.br\\\/wp-content\\\/uploads\\\/2023\\\/02\\\/image-6.png\",\"datePublished\":\"2023-02-16T18:43:52+00:00\",\"dateModified\":\"2023-08-01T10:46:18+00:00\",\"author\":{\"@id\":\"https:\\\/\\\/www.vagadeempregorj.com.br\\\/#\\\/schema\\\/person\\\/3ddb19fa0539706786e502152f3aae95\"},\"description\":\"Veja em Vagas de Emprego RJ as vagas de emprego com e sem experi\u00eancia no seu Estado e Regi\u00e3o!\",\"breadcrumb\":{\"@id\":\"https:\\\/\\\/www.vagadeempregorj.com.br\\\/sonha-em-reformar-sua-casa-veja-como-conseguir-com-o-lar-doce-lar\\\/#breadcrumb\"},\"inLanguage\":\"es\",\"potentialAction\":[{\"@type\":\"ReadAction\",\"target\":[\"https:\\\/\\\/www.vagadeempregorj.com.br\\\/sonha-em-reformar-sua-casa-veja-como-conseguir-com-o-lar-doce-lar\\\/\"]}]},{\"@type\":\"ImageObject\",\"inLanguage\":\"es\",\"@id\":\"https:\\\/\\\/www.vagadeempregorj.com.br\\\/sonha-em-reformar-sua-casa-veja-como-conseguir-com-o-lar-doce-lar\\\/#primaryimage\",\"url\":\"https:\\\/\\\/www.vagadeempregorj.com.br\\\/wp-content\\\/uploads\\\/2023\\\/02\\\/image-6.png\",\"contentUrl\":\"https:\\\/\\\/www.vagadeempregorj.com.br\\\/wp-content\\\/uploads\\\/2023\\\/02\\\/image-6.png\",\"width\":576,\"height\":580},{\"@type\":\"BreadcrumbList\",\"@id\":\"https:\\\/\\\/www.vagadeempregorj.com.br\\\/sonha-em-reformar-sua-casa-veja-como-conseguir-com-o-lar-doce-lar\\\/#breadcrumb\",\"itemListElement\":[{\"@type\":\"ListItem\",\"position\":1,\"name\":\"In\u00edcio\",\"item\":\"https:\\\/\\\/www.vagadeempregorj.com.br\\\/\"},{\"@type\":\"ListItem\",\"position\":2,\"name\":\"Benef\u00edcios Sociais\",\"item\":\"https:\\\/\\\/www.vagadeempregorj.com.br\\\/beneficios-sociais\\\/\"},{\"@type\":\"ListItem\",\"position\":3,\"name\":\"Sonha em reformar sua casa? Veja como conseguir com o Lar Doce Lar\"}]},{\"@type\":\"WebSite\",\"@id\":\"https:\\\/\\\/www.vagadeempregorj.com.br\\\/#website\",\"url\":\"https:\\\/\\\/www.vagadeempregorj.com.br\\\/\",\"name\":\"\",\"description\":\"Conquiste Sonhos: Vagas, Benef\u00edcios e Economia para Transformar Vidas e Alcan\u00e7ar Melhorias Cotidianas\",\"potentialAction\":[{\"@type\":\"SearchAction\",\"target\":{\"@type\":\"EntryPoint\",\"urlTemplate\":\"https:\\\/\\\/www.vagadeempregorj.com.br\\\/?s={search_term_string}\"},\"query-input\":{\"@type\":\"PropertyValueSpecification\",\"valueRequired\":true,\"valueName\":\"search_term_string\"}}],\"inLanguage\":\"es\"},{\"@type\":\"Person\",\"@id\":\"https:\\\/\\\/www.vagadeempregorj.com.br\\\/#\\\/schema\\\/person\\\/3ddb19fa0539706786e502152f3aae95\",\"name\":\"Michele\",\"image\":{\"@type\":\"ImageObject\",\"inLanguage\":\"es\",\"@id\":\"https:\\\/\\\/secure.gravatar.com\\\/avatar\\\/6b0eb9d22841282815e2cd856a0061c45e1761cd54b22e952d98c4746939aa85?s=96&r=g\",\"url\":\"https:\\\/\\\/secure.gravatar.com\\\/avatar\\\/6b0eb9d22841282815e2cd856a0061c45e1761cd54b22e952d98c4746939aa85?s=96&r=g\",\"contentUrl\":\"https:\\\/\\\/secure.gravatar.com\\\/avatar\\\/6b0eb9d22841282815e2cd856a0061c45e1761cd54b22e952d98c4746939aa85?s=96&r=g\",\"caption\":\"Michele\"},\"description\":\"Formada em Letras - Portugu\u00eas\\\/ Ingl\u00eas, e idealizadora do site Escritora de Sucesso, busca expandir o conhecimento de todos com informa\u00e7\u00f5es relevantes sobre diversos assuntos, enquanto redatora. No Vaga de Emprego RJ, traz oportunidades e dicas sobre o mercado de trabalho.\",\"url\":\"https:\\\/\\\/www.vagadeempregorj.com.br\\\/es\\\/author\\\/michele\\\/\"}]}<\/script>\n<!-- \/ Yoast SEO plugin. -->","yoast_head_json":{"title":"Sonha em reformar sua casa? Veja como conseguir com o Lar Doce Lar -","description":"Veja em Vagas de Emprego RJ as vagas de emprego com e sem experi\u00eancia no seu Estado e Regi\u00e3o!","robots":{"index":"index","follow":"follow","max-snippet":"max-snippet:-1","max-image-preview":"max-image-preview:large","max-video-preview":"max-video-preview:-1"},"canonical":"https:\/\/www.vagadeempregorj.com.br\/es\/sonha-em-reformar-sua-casa-veja-como-conseguir-com-o-lar-doce-lar\/","og_locale":"es_MX","og_type":"article","og_title":"Sonha em reformar sua casa? Veja como conseguir com o Lar Doce Lar -","og_description":"Veja em Vagas de Emprego RJ as vagas de emprego com e sem experi\u00eancia no seu Estado e Regi\u00e3o!","og_url":"https:\/\/www.vagadeempregorj.com.br\/es\/sonha-em-reformar-sua-casa-veja-como-conseguir-com-o-lar-doce-lar\/","article_publisher":"https:\/\/www.facebook.com\/empregobrasiloficial","article_published_time":"2023-02-16T18:43:52+00:00","article_modified_time":"2023-08-01T10:46:18+00:00","og_image":[{"width":576,"height":580,"url":"https:\/\/www.vagadeempregorj.com.br\/wp-content\/uploads\/2023\/02\/image-6.png","type":"image\/png"}],"author":"Michele","twitter_card":"summary_large_image","twitter_misc":{"Written by":"Michele","Est. reading time":"2 minutos"},"schema":{"@context":"https:\/\/schema.org","@graph":[{"@type":"Article","@id":"https:\/\/www.vagadeempregorj.com.br\/sonha-em-reformar-sua-casa-veja-como-conseguir-com-o-lar-doce-lar\/#article","isPartOf":{"@id":"https:\/\/www.vagadeempregorj.com.br\/sonha-em-reformar-sua-casa-veja-como-conseguir-com-o-lar-doce-lar\/"},"author":{"name":"Michele","@id":"https:\/\/www.vagadeempregorj.com.br\/#\/schema\/person\/3ddb19fa0539706786e502152f3aae95"},"headline":"Sonha em reformar sua casa? Veja como conseguir com o Lar Doce Lar","datePublished":"2023-02-16T18:43:52+00:00","dateModified":"2023-08-01T10:46:18+00:00","mainEntityOfPage":{"@id":"https:\/\/www.vagadeempregorj.com.br\/sonha-em-reformar-sua-casa-veja-como-conseguir-com-o-lar-doce-lar\/"},"wordCount":438,"image":{"@id":"https:\/\/www.vagadeempregorj.com.br\/sonha-em-reformar-sua-casa-veja-como-conseguir-com-o-lar-doce-lar\/#primaryimage"},"thumbnailUrl":"https:\/\/www.vagadeempregorj.com.br\/wp-content\/uploads\/2023\/02\/image-6.png","articleSection":["Benef\u00edcios Sociais"],"inLanguage":"es"},{"@type":"WebPage","@id":"https:\/\/www.vagadeempregorj.com.br\/sonha-em-reformar-sua-casa-veja-como-conseguir-com-o-lar-doce-lar\/","url":"https:\/\/www.vagadeempregorj.com.br\/sonha-em-reformar-sua-casa-veja-como-conseguir-com-o-lar-doce-lar\/","name":"Sonha em reformar sua casa? Veja como conseguir com o Lar Doce Lar -","isPartOf":{"@id":"https:\/\/www.vagadeempregorj.com.br\/#website"},"primaryImageOfPage":{"@id":"https:\/\/www.vagadeempregorj.com.br\/sonha-em-reformar-sua-casa-veja-como-conseguir-com-o-lar-doce-lar\/#primaryimage"},"image":{"@id":"https:\/\/www.vagadeempregorj.com.br\/sonha-em-reformar-sua-casa-veja-como-conseguir-com-o-lar-doce-lar\/#primaryimage"},"thumbnailUrl":"https:\/\/www.vagadeempregorj.com.br\/wp-content\/uploads\/2023\/02\/image-6.png","datePublished":"2023-02-16T18:43:52+00:00","dateModified":"2023-08-01T10:46:18+00:00","author":{"@id":"https:\/\/www.vagadeempregorj.com.br\/#\/schema\/person\/3ddb19fa0539706786e502152f3aae95"},"description":"Veja em Vagas de Emprego RJ as vagas de emprego com e sem experi\u00eancia no seu Estado e Regi\u00e3o!","breadcrumb":{"@id":"https:\/\/www.vagadeempregorj.com.br\/sonha-em-reformar-sua-casa-veja-como-conseguir-com-o-lar-doce-lar\/#breadcrumb"},"inLanguage":"es","potentialAction":[{"@type":"ReadAction","target":["https:\/\/www.vagadeempregorj.com.br\/sonha-em-reformar-sua-casa-veja-como-conseguir-com-o-lar-doce-lar\/"]}]},{"@type":"ImageObject","inLanguage":"es","@id":"https:\/\/www.vagadeempregorj.com.br\/sonha-em-reformar-sua-casa-veja-como-conseguir-com-o-lar-doce-lar\/#primaryimage","url":"https:\/\/www.vagadeempregorj.com.br\/wp-content\/uploads\/2023\/02\/image-6.png","contentUrl":"https:\/\/www.vagadeempregorj.com.br\/wp-content\/uploads\/2023\/02\/image-6.png","width":576,"height":580},{"@type":"BreadcrumbList","@id":"https:\/\/www.vagadeempregorj.com.br\/sonha-em-reformar-sua-casa-veja-como-conseguir-com-o-lar-doce-lar\/#breadcrumb","itemListElement":[{"@type":"ListItem","position":1,"name":"In\u00edcio","item":"https:\/\/www.vagadeempregorj.com.br\/"},{"@type":"ListItem","position":2,"name":"Benef\u00edcios Sociais","item":"https:\/\/www.vagadeempregorj.com.br\/beneficios-sociais\/"},{"@type":"ListItem","position":3,"name":"Sonha em reformar sua casa? Veja como conseguir com o Lar Doce Lar"}]},{"@type":"WebSite","@id":"https:\/\/www.vagadeempregorj.com.br\/#website","url":"https:\/\/www.vagadeempregorj.com.br\/","name":"","description":"Conquiste Sonhos: Vagas, Benef\u00edcios e Economia para Transformar Vidas e Alcan\u00e7ar Melhorias Cotidianas","potentialAction":[{"@type":"SearchAction","target":{"@type":"EntryPoint","urlTemplate":"https:\/\/www.vagadeempregorj.com.br\/?s={search_term_string}"},"query-input":{"@type":"PropertyValueSpecification","valueRequired":true,"valueName":"search_term_string"}}],"inLanguage":"es"},{"@type":"Person","@id":"https:\/\/www.vagadeempregorj.com.br\/#\/schema\/person\/3ddb19fa0539706786e502152f3aae95","name":"Michele","image":{"@type":"ImageObject","inLanguage":"es","@id":"https:\/\/secure.gravatar.com\/avatar\/6b0eb9d22841282815e2cd856a0061c45e1761cd54b22e952d98c4746939aa85?s=96&r=g","url":"https:\/\/secure.gravatar.com\/avatar\/6b0eb9d22841282815e2cd856a0061c45e1761cd54b22e952d98c4746939aa85?s=96&r=g","contentUrl":"https:\/\/secure.gravatar.com\/avatar\/6b0eb9d22841282815e2cd856a0061c45e1761cd54b22e952d98c4746939aa85?s=96&r=g","caption":"Michele"},"description":"Formada em Letras - Portugu\u00eas\/ Ingl\u00eas, e idealizadora do site Escritora de Sucesso, busca expandir o conhecimento de todos com informa\u00e7\u00f5es relevantes sobre diversos assuntos, enquanto redatora. No Vaga de Emprego RJ, traz oportunidades e dicas sobre o mercado de trabalho.","url":"https:\/\/www.vagadeempregorj.com.br\/es\/author\/michele\/"}]}},"_links":{"self":[{"href":"https:\/\/www.vagadeempregorj.com.br\/es\/wp-json\/wp\/v2\/posts\/37501","targetHints":{"allow":["GET"]}}],"collection":[{"href":"https:\/\/www.vagadeempregorj.com.br\/es\/wp-json\/wp\/v2\/posts"}],"about":[{"href":"https:\/\/www.vagadeempregorj.com.br\/es\/wp-json\/wp\/v2\/types\/post"}],"author":[{"embeddable":true,"href":"https:\/\/www.vagadeempregorj.com.br\/es\/wp-json\/wp\/v2\/users\/16"}],"replies":[{"embeddable":true,"href":"https:\/\/www.vagadeempregorj.com.br\/es\/wp-json\/wp\/v2\/comments?post=37501"}],"version-history":[{"count":0,"href":"https:\/\/www.vagadeempregorj.com.br\/es\/wp-json\/wp\/v2\/posts\/37501\/revisions"}],"wp:featuredmedia":[{"embeddable":true,"href":"https:\/\/www.vagadeempregorj.com.br\/es\/wp-json\/wp\/v2\/media\/37503"}],"wp:attachment":[{"href":"https:\/\/www.vagadeempregorj.com.br\/es\/wp-json\/wp\/v2\/media?parent=37501"}],"wp:term":[{"taxonomy":"category","embeddable":true,"href":"https:\/\/www.vagadeempregorj.com.br\/es\/wp-json\/wp\/v2\/categories?post=37501"},{"taxonomy":"post_tag","embeddable":true,"href":"https:\/\/www.vagadeempregorj.com.br\/es\/wp-json\/wp\/v2\/tags?post=37501"}],"curies":[{"name":"wp","href":"https:\/\/api.w.org\/{rel}","templated":true}]}}