{"id":39018,"date":"2023-09-20T00:01:00","date_gmt":"2023-09-20T03:01:00","guid":{"rendered":"https:\/\/www.vagadeempregorj.com.br\/?p=39018"},"modified":"2023-09-19T00:31:08","modified_gmt":"2023-09-19T03:31:08","slug":"novo-auxilio-aprovado-mais-de-r1300-para-quem-tem-renda-menor-que-cinco-salarios","status":"publish","type":"post","link":"https:\/\/www.vagadeempregorj.com.br\/es\/novo-auxilio-aprovado-mais-de-r1300-para-quem-tem-renda-menor-que-cinco-salarios\/","title":{"rendered":"Novo Aux\u00edlio APROVADO: Mais de R$1300 para quem tem renda menor que cinco sal\u00e1rios"},"content":{"rendered":"<p>Aprovou-se na C\u00e2mara dos Deputados, no dia 18, desta segunda-feira, um projeto de lei que prop\u00f5e um aux\u00edlio financeiro inovador destinado \u00e0s fam\u00edlias de baixa renda. Essa iniciativa representa uma luz de esperan\u00e7a para muitos indiv\u00edduos que enfrentam dificuldades intranspon\u00edveis.<\/p>\n\n\n\n<h2 class=\"wp-block-heading\">O Projeto de Lei que Institui um Aux\u00edlio Renovado<\/h2>\n\n\n\n<p>O Projeto de Lei 5180\/20, conhecido como a proposta legislativa em quest\u00e3o, tem como objetivo fornecer assist\u00eancia financeira, em at\u00e9 cinco parcelas, cada uma com um teto de um sal\u00e1rio m\u00ednimo (R$ 1.320), \u00e0s fam\u00edlias que ganham at\u00e9 cinco sal\u00e1rios m\u00ednimos e que foram afetadas por desastres naturais ou per\u00edodos de seca.<\/p>\n\n\n\n<p>O deputado Alceu Moreira (MDB-RS), autor da adapta\u00e7\u00e3o do projeto, enfatizou a relev\u00e2ncia desse novo aux\u00edlio. Ele argumentou que essa medida representa um avan\u00e7o significativo no apoio aos agricultores familiares, cuja subsist\u00eancia \u00e9 frequentemente amea\u00e7ada por longos per\u00edodos de estiagem.<\/p>\n\n\n\n<figure class=\"wp-block-image size-large\"><img loading=\"lazy\" decoding=\"async\" width=\"1024\" height=\"682\" src=\"https:\/\/www.vagadeempregorj.com.br\/wp-content\/uploads\/2023\/09\/image-5-1024x682.png\" alt=\"\" class=\"wp-image-39019\" srcset=\"https:\/\/www.vagadeempregorj.com.br\/wp-content\/uploads\/2023\/09\/image-5-1024x682.png 1024w, https:\/\/www.vagadeempregorj.com.br\/wp-content\/uploads\/2023\/09\/image-5-300x200.png 300w, https:\/\/www.vagadeempregorj.com.br\/wp-content\/uploads\/2023\/09\/image-5-768x512.png 768w, https:\/\/www.vagadeempregorj.com.br\/wp-content\/uploads\/2023\/09\/image-5-150x100.png 150w, https:\/\/www.vagadeempregorj.com.br\/wp-content\/uploads\/2023\/09\/image-5.png 1280w\" sizes=\"auto, (max-width: 1024px) 100vw, 1024px\" \/><\/figure>\n\n\n\n<h2 class=\"wp-block-heading\">Contexto do Projeto<\/h2>\n\n\n\n<p>A proposta original, elaborada pelo ex-deputado Celso Maldaner, visava a ajuda aos agricultores familiares prejudicados por secas, concedendo at\u00e9 tr\u00eas parcelas, cada uma equivalente a um sal\u00e1rio m\u00ednimo. Como Maldaner observou: <strong>&#8220;A ideia \u00e9 garantir que o pequeno produtor seja capaz de sustentar sua fam\u00edlia de maneira digna quando impossibilitado de exercer sua principal atividade econ\u00f4mica&#8221;.<\/strong><\/p>\n\n\n\n<p>Este projeto de lei \u00e9 uma extens\u00e3o da Lei 10.954\/04, que estabeleceu um aux\u00edlio emergencial para a popula\u00e7\u00e3o de munic\u00edpios em situa\u00e7\u00e3o de calamidade p\u00fablica ou emerg\u00eancia.<\/p>\n\n\n\n<h2 class=\"wp-block-heading\">Regulamenta\u00e7\u00e3o e Implementa\u00e7\u00e3o<\/h2>\n\n\n\n<p>De acordo com o texto do projeto, os detalhes do benef\u00edcio ser\u00e3o definidos por meio de uma portaria do Minist\u00e9rio da Integra\u00e7\u00e3o e Desenvolvimento Regional, com base em diretrizes estabelecidas por um comit\u00ea gestor. Os recursos necess\u00e1rios para os pagamentos ser\u00e3o alocados no or\u00e7amento do minist\u00e9rio.<\/p>\n\n\n\n<h2 class=\"wp-block-heading\">Tr\u00e2mite do Projeto<\/h2>\n\n\n\n<p>O projeto seguir\u00e1 um processo conclusivo e passar\u00e1 pela an\u00e1lise das comiss\u00f5es de Finan\u00e7as e Tributa\u00e7\u00e3o, bem como de Constitui\u00e7\u00e3o e Justi\u00e7a e de Cidadania. Se for aprovado em todas as comiss\u00f5es, o projeto ser\u00e1 encaminhado para a san\u00e7\u00e3o presidencial.<\/p>\n\n\n\n<p>Essa proposta legislativa representa uma esperan\u00e7a real para as fam\u00edlias de baixa renda que lutam para sobreviver em meio a desastres naturais. A atua\u00e7\u00e3o da C\u00e2mara dos Deputados desempenha um papel vital na prote\u00e7\u00e3o dos direitos dessas fam\u00edlias, ao oferecer um novo aux\u00edlio para enfrentar os desafios financeiros.<\/p>\n\n\n\n<p>A aprova\u00e7\u00e3o desse projeto n\u00e3o somente auxiliar\u00e1 as fam\u00edlias necessitadas, mas tamb\u00e9m contribuir\u00e1 para a seguran\u00e7a alimentar das comunidades locais. \u00c9 um passo importante rumo \u00e0 garantia de que ningu\u00e9m seja negligenciado em momentos de crise.<\/p>\n\n\n\n<h2 class=\"wp-block-heading\">Sobre o Projeto de Lei 5180\/20<\/h2>\n\n\n\n<p>O Projeto de Lei 5180\/20 prop\u00f5e a autoriza\u00e7\u00e3o do Poder Executivo para a implementa\u00e7\u00e3o de um aux\u00edlio financeiro voltado aos agricultores familiares que enfrentam adversidades decorrentes da seca. Este projeto se encontra em fase de an\u00e1lise na C\u00e2mara dos Deputados.<\/p>\n\n\n\n<p>Conforme a proposta, para ser eleg\u00edvel ao aux\u00edlio financeiro, o agricultor familiar deve residir em um munic\u00edpio declarado em situa\u00e7\u00e3o de emerg\u00eancia ou estado de calamidade p\u00fablica devido \u00e0 escassez de chuvas. Alternativamente, tamb\u00e9m \u00e9 contemplado o agricultor que habita uma regi\u00e3o de Santa Catarina afetada pela seca desde 2019. Al\u00e9m disso, a renda familiar mensal m\u00e9dia n\u00e3o pode ultrapassar cinco sal\u00e1rios m\u00ednimos.<\/p>\n\n\n\n<p>Adicionalmente, o benefici\u00e1rio deve estar registrado no Cadastro \u00danico de Programas Sociais do Governo Federal (Cad\u00danico), possuir a Declara\u00e7\u00e3o de Aptid\u00e3o ao Programa Nacional de Fortalecimento da Agricultura Familiar (Pronaf) e n\u00e3o receber qualquer aux\u00edlio federal previdenci\u00e1rio, assistencial ou de transfer\u00eancia de renda, \u00e0 exce\u00e7\u00e3o do Bolsa Fam\u00edlia.<\/p>\n\n\n\n<p>O autor da proposta, o ex-deputado Celso Maldaner (MDB-SC), explicou que esse benef\u00edcio tem como objetivo garantir o sustento do pequeno produtor rural e de sua fam\u00edlia nos momentos em que s\u00e3o impedidos de exercer sua atividade profissional e econ\u00f4mica principal.<\/p>\n\n\n\n<h2 class=\"wp-block-heading\">Como o Aux\u00edlio Estiagem ajuda as fam\u00edlias?<\/h2>\n\n\n\n<p>O Aux\u00edlio Estiagem \u00e9 um programa de assist\u00eancia financeira que visa ajudar as fam\u00edlias que s\u00e3o afetadas pela seca e enfrentam dificuldades econ\u00f4micas decorrentes desse fen\u00f4meno. Este tipo de aux\u00edlio \u00e9 importante e ben\u00e9fico de v\u00e1rias maneiras:<\/p>\n\n\n\n<h3 class=\"wp-block-heading\">Al\u00edvio Financeiro<\/h3>\n\n\n\n<p>O Aux\u00edlio Estiagem proporciona um al\u00edvio financeiro imediato \u00e0s fam\u00edlias que sofrem com a seca. Ele fornece recursos financeiros que podem ser usados para comprar alimentos, \u00e1gua, medicamentos e outros itens essenciais, ajudando a atenuar os impactos da escassez de recursos causada pela falta de chuvas.<\/p>\n\n\n\n<h3 class=\"wp-block-heading\">Sustento das Fam\u00edlias<\/h3>\n\n\n\n<p>Para muitos agricultores familiares que dependem da produ\u00e7\u00e3o agr\u00edcola, a seca pode significar a perda de sua principal fonte de renda. O aux\u00edlio permite que essas fam\u00edlias mantenham o sustento de seus membros, garantindo comida na mesa e atendendo \u00e0s necessidades b\u00e1sicas.<\/p>\n\n\n\n<h3 class=\"wp-block-heading\">Preven\u00e7\u00e3o da Pobreza Extrema<\/h3>\n\n\n\n<p>A seca pode empurrar as fam\u00edlias para a pobreza extrema, tornando-as incapazes de atender \u00e0s suas necessidades b\u00e1sicas. O Aux\u00edlio Estiagem ajuda a evitar que as fam\u00edlias caiam em situa\u00e7\u00f5es prec\u00e1rias e desesperadoras, contribuindo para a manuten\u00e7\u00e3o de um m\u00ednimo de dignidade.<\/p>\n\n\n\n<h3 class=\"wp-block-heading\">Manuten\u00e7\u00e3o da Produ\u00e7\u00e3o Agr\u00edcola<\/h3>\n\n\n\n<p>Para os agricultores, o aux\u00edlio financeiro pode ser fundamental para manter as opera\u00e7\u00f5es agr\u00edcolas durante um per\u00edodo de seca. Isso pode envolver a compra de insumos, como sementes e fertilizantes, ou investimentos em m\u00e9todos de conserva\u00e7\u00e3o de \u00e1gua.<\/p>\n\n\n\n<h3 class=\"wp-block-heading\">Est\u00edmulo \u00e0 Economia Local<\/h3>\n\n\n\n<p>O Aux\u00edlio Estiagem tamb\u00e9m pode ter um impacto positivo na economia local. Ao injetar recursos financeiros nas \u00e1reas afetadas pela seca, o programa pode ajudar a manter a atividade econ\u00f4mica e evitar um decl\u00ednio ainda maior nas comunidades rurais.<\/p>\n\n\n\n<h3 class=\"wp-block-heading\">Redu\u00e7\u00e3o do \u00caxodo Rural<\/h3>\n\n\n\n<p>Em situa\u00e7\u00f5es de seca prolongada, as fam\u00edlias podem ser for\u00e7adas a deixar suas terras e buscar meios de subsist\u00eancia em \u00e1reas urbanas. O aux\u00edlio pode contribuir para reduzir o \u00eaxodo rural, permitindo que as pessoas permane\u00e7am em suas comunidades e continuem a cultivar a terra quando as condi\u00e7\u00f5es clim\u00e1ticas melhorarem.<\/p>\n\n\n\n<p>Em resumo, o Aux\u00edlio Estiagem desempenha um papel crucial no apoio \u00e0s fam\u00edlias que enfrentam os desafios da seca, fornecendo recursos financeiros necess\u00e1rios para sua subsist\u00eancia e contribuindo para a estabilidade econ\u00f4mica das comunidades afetadas.<\/p>\n\n\n\n<p><strong>Veja tamb\u00e9m: <a href=\"https:\/\/www.vagadeempregorj.com.br\/es\/como-conseguir-atendimento-pelo-brasil-sorridente-entenda-aqui\/\">Como conseguir atendimento pelo Brasil Sorridente? Entenda aqui<\/a><\/strong><\/p>\n\n\n\n<p>20 de setembro de 2023<\/p>","protected":false},"excerpt":{"rendered":"<p>Aprovou-se na C\u00e2mara dos Deputados, no dia 18, desta segunda-feira, um projeto de lei que prop\u00f5e um aux\u00edlio financeiro inovador destinado \u00e0s fam\u00edlias de baixa renda. Essa iniciativa representa uma luz de esperan\u00e7a para muitos indiv\u00edduos que enfrentam dificuldades intranspon\u00edveis. O Projeto de Lei que Institui um Aux\u00edlio Renovado O Projeto de Lei 5180\/20, conhecido&hellip;&nbsp;<\/p>","protected":false},"author":16,"featured_media":39019,"comment_status":"closed","ping_status":"closed","sticky":false,"template":"","format":"standard","meta":{"neve_meta_sidebar":"","neve_meta_container":"","neve_meta_enable_content_width":"","neve_meta_content_width":0,"neve_meta_title_alignment":"","neve_meta_author_avatar":"","neve_post_elements_order":"","neve_meta_disable_header":"","neve_meta_disable_footer":"","neve_meta_disable_title":"","footnotes":""},"categories":[1],"tags":[827,826,825],"class_list":["post-39018","post","type-post","status-publish","format-standard","has-post-thumbnail","hentry","category-beneficios-sociais","tag-aprovado-novo-auxilio","tag-auxilio-brasil-projeto","tag-novo-auxilio-brasil"],"yoast_head":"<!-- This site is optimized with the Yoast SEO plugin v27.5 - https:\/\/yoast.com\/product\/yoast-seo-wordpress\/ -->\n<title>Novo Aux\u00edlio APROVADO: Mais de R$1300 para quem tem renda menor que cinco sal\u00e1rios -<\/title>\n<meta name=\"description\" content=\"Veja em Vagas de Emprego RJ as vagas de emprego com e sem experi\u00eancia no seu Estado e Regi\u00e3o!\" \/>\n<meta name=\"robots\" content=\"index, follow, max-snippet:-1, max-image-preview:large, max-video-preview:-1\" \/>\n<link rel=\"canonical\" href=\"https:\/\/www.vagadeempregorj.com.br\/es\/novo-auxilio-aprovado-mais-de-r1300-para-quem-tem-renda-menor-que-cinco-salarios\/\" \/>\n<meta property=\"og:locale\" content=\"es_MX\" \/>\n<meta property=\"og:type\" content=\"article\" \/>\n<meta property=\"og:title\" content=\"Novo Aux\u00edlio APROVADO: Mais de R$1300 para quem tem renda menor que cinco sal\u00e1rios -\" \/>\n<meta property=\"og:description\" content=\"Veja em Vagas de Emprego RJ as vagas de emprego com e sem experi\u00eancia no seu Estado e Regi\u00e3o!\" \/>\n<meta property=\"og:url\" content=\"https:\/\/www.vagadeempregorj.com.br\/es\/novo-auxilio-aprovado-mais-de-r1300-para-quem-tem-renda-menor-que-cinco-salarios\/\" \/>\n<meta property=\"article:publisher\" content=\"https:\/\/www.facebook.com\/empregobrasiloficial\" \/>\n<meta property=\"article:published_time\" content=\"2023-09-20T03:01:00+00:00\" \/>\n<meta property=\"og:image\" content=\"https:\/\/www.vagadeempregorj.com.br\/wp-content\/uploads\/2023\/09\/image-5.png\" \/>\n\t<meta property=\"og:image:width\" content=\"1280\" \/>\n\t<meta property=\"og:image:height\" content=\"853\" \/>\n\t<meta property=\"og:image:type\" content=\"image\/png\" \/>\n<meta name=\"author\" content=\"Michele\" \/>\n<meta name=\"twitter:card\" content=\"summary_large_image\" \/>\n<meta name=\"twitter:label1\" content=\"Written by\" \/>\n\t<meta name=\"twitter:data1\" content=\"Michele\" \/>\n\t<meta name=\"twitter:label2\" content=\"Est. reading time\" \/>\n\t<meta name=\"twitter:data2\" content=\"6 minutos\" \/>\n<script type=\"application\/ld+json\" class=\"yoast-schema-graph\">{\"@context\":\"https:\\\/\\\/schema.org\",\"@graph\":[{\"@type\":\"Article\",\"@id\":\"https:\\\/\\\/www.vagadeempregorj.com.br\\\/novo-auxilio-aprovado-mais-de-r1300-para-quem-tem-renda-menor-que-cinco-salarios\\\/#article\",\"isPartOf\":{\"@id\":\"https:\\\/\\\/www.vagadeempregorj.com.br\\\/novo-auxilio-aprovado-mais-de-r1300-para-quem-tem-renda-menor-que-cinco-salarios\\\/\"},\"author\":{\"name\":\"Michele\",\"@id\":\"https:\\\/\\\/www.vagadeempregorj.com.br\\\/#\\\/schema\\\/person\\\/3ddb19fa0539706786e502152f3aae95\"},\"headline\":\"Novo Aux\u00edlio APROVADO: Mais de R$1300 para quem tem renda menor que cinco sal\u00e1rios\",\"datePublished\":\"2023-09-20T03:01:00+00:00\",\"mainEntityOfPage\":{\"@id\":\"https:\\\/\\\/www.vagadeempregorj.com.br\\\/novo-auxilio-aprovado-mais-de-r1300-para-quem-tem-renda-menor-que-cinco-salarios\\\/\"},\"wordCount\":1128,\"image\":{\"@id\":\"https:\\\/\\\/www.vagadeempregorj.com.br\\\/novo-auxilio-aprovado-mais-de-r1300-para-quem-tem-renda-menor-que-cinco-salarios\\\/#primaryimage\"},\"thumbnailUrl\":\"https:\\\/\\\/www.vagadeempregorj.com.br\\\/wp-content\\\/uploads\\\/2023\\\/09\\\/image-5.png\",\"keywords\":[\"Aprovado novo Aux\u00edlio\",\"Aux\u00edlio Brasil projeto\",\"novo aux\u00edlio Brasil\"],\"articleSection\":[\"Benef\u00edcios Sociais\"],\"inLanguage\":\"es\"},{\"@type\":\"WebPage\",\"@id\":\"https:\\\/\\\/www.vagadeempregorj.com.br\\\/novo-auxilio-aprovado-mais-de-r1300-para-quem-tem-renda-menor-que-cinco-salarios\\\/\",\"url\":\"https:\\\/\\\/www.vagadeempregorj.com.br\\\/novo-auxilio-aprovado-mais-de-r1300-para-quem-tem-renda-menor-que-cinco-salarios\\\/\",\"name\":\"Novo Aux\u00edlio APROVADO: Mais de R$1300 para quem tem renda menor que cinco sal\u00e1rios -\",\"isPartOf\":{\"@id\":\"https:\\\/\\\/www.vagadeempregorj.com.br\\\/#website\"},\"primaryImageOfPage\":{\"@id\":\"https:\\\/\\\/www.vagadeempregorj.com.br\\\/novo-auxilio-aprovado-mais-de-r1300-para-quem-tem-renda-menor-que-cinco-salarios\\\/#primaryimage\"},\"image\":{\"@id\":\"https:\\\/\\\/www.vagadeempregorj.com.br\\\/novo-auxilio-aprovado-mais-de-r1300-para-quem-tem-renda-menor-que-cinco-salarios\\\/#primaryimage\"},\"thumbnailUrl\":\"https:\\\/\\\/www.vagadeempregorj.com.br\\\/wp-content\\\/uploads\\\/2023\\\/09\\\/image-5.png\",\"datePublished\":\"2023-09-20T03:01:00+00:00\",\"author\":{\"@id\":\"https:\\\/\\\/www.vagadeempregorj.com.br\\\/#\\\/schema\\\/person\\\/3ddb19fa0539706786e502152f3aae95\"},\"description\":\"Veja em Vagas de Emprego RJ as vagas de emprego com e sem experi\u00eancia no seu Estado e Regi\u00e3o!\",\"breadcrumb\":{\"@id\":\"https:\\\/\\\/www.vagadeempregorj.com.br\\\/novo-auxilio-aprovado-mais-de-r1300-para-quem-tem-renda-menor-que-cinco-salarios\\\/#breadcrumb\"},\"inLanguage\":\"es\",\"potentialAction\":[{\"@type\":\"ReadAction\",\"target\":[\"https:\\\/\\\/www.vagadeempregorj.com.br\\\/novo-auxilio-aprovado-mais-de-r1300-para-quem-tem-renda-menor-que-cinco-salarios\\\/\"]}]},{\"@type\":\"ImageObject\",\"inLanguage\":\"es\",\"@id\":\"https:\\\/\\\/www.vagadeempregorj.com.br\\\/novo-auxilio-aprovado-mais-de-r1300-para-quem-tem-renda-menor-que-cinco-salarios\\\/#primaryimage\",\"url\":\"https:\\\/\\\/www.vagadeempregorj.com.br\\\/wp-content\\\/uploads\\\/2023\\\/09\\\/image-5.png\",\"contentUrl\":\"https:\\\/\\\/www.vagadeempregorj.com.br\\\/wp-content\\\/uploads\\\/2023\\\/09\\\/image-5.png\",\"width\":1280,\"height\":853},{\"@type\":\"BreadcrumbList\",\"@id\":\"https:\\\/\\\/www.vagadeempregorj.com.br\\\/novo-auxilio-aprovado-mais-de-r1300-para-quem-tem-renda-menor-que-cinco-salarios\\\/#breadcrumb\",\"itemListElement\":[{\"@type\":\"ListItem\",\"position\":1,\"name\":\"In\u00edcio\",\"item\":\"https:\\\/\\\/www.vagadeempregorj.com.br\\\/\"},{\"@type\":\"ListItem\",\"position\":2,\"name\":\"Benef\u00edcios Sociais\",\"item\":\"https:\\\/\\\/www.vagadeempregorj.com.br\\\/beneficios-sociais\\\/\"},{\"@type\":\"ListItem\",\"position\":3,\"name\":\"Novo Aux\u00edlio APROVADO: Mais de R$1300 para quem tem renda menor que cinco sal\u00e1rios\"}]},{\"@type\":\"WebSite\",\"@id\":\"https:\\\/\\\/www.vagadeempregorj.com.br\\\/#website\",\"url\":\"https:\\\/\\\/www.vagadeempregorj.com.br\\\/\",\"name\":\"\",\"description\":\"Conquiste Sonhos: Vagas, Benef\u00edcios e Economia para Transformar Vidas e Alcan\u00e7ar Melhorias Cotidianas\",\"potentialAction\":[{\"@type\":\"SearchAction\",\"target\":{\"@type\":\"EntryPoint\",\"urlTemplate\":\"https:\\\/\\\/www.vagadeempregorj.com.br\\\/?s={search_term_string}\"},\"query-input\":{\"@type\":\"PropertyValueSpecification\",\"valueRequired\":true,\"valueName\":\"search_term_string\"}}],\"inLanguage\":\"es\"},{\"@type\":\"Person\",\"@id\":\"https:\\\/\\\/www.vagadeempregorj.com.br\\\/#\\\/schema\\\/person\\\/3ddb19fa0539706786e502152f3aae95\",\"name\":\"Michele\",\"image\":{\"@type\":\"ImageObject\",\"inLanguage\":\"es\",\"@id\":\"https:\\\/\\\/secure.gravatar.com\\\/avatar\\\/6b0eb9d22841282815e2cd856a0061c45e1761cd54b22e952d98c4746939aa85?s=96&r=g\",\"url\":\"https:\\\/\\\/secure.gravatar.com\\\/avatar\\\/6b0eb9d22841282815e2cd856a0061c45e1761cd54b22e952d98c4746939aa85?s=96&r=g\",\"contentUrl\":\"https:\\\/\\\/secure.gravatar.com\\\/avatar\\\/6b0eb9d22841282815e2cd856a0061c45e1761cd54b22e952d98c4746939aa85?s=96&r=g\",\"caption\":\"Michele\"},\"description\":\"Formada em Letras - Portugu\u00eas\\\/ Ingl\u00eas, e idealizadora do site Escritora de Sucesso, busca expandir o conhecimento de todos com informa\u00e7\u00f5es relevantes sobre diversos assuntos, enquanto redatora. No Vaga de Emprego RJ, traz oportunidades e dicas sobre o mercado de trabalho.\",\"url\":\"https:\\\/\\\/www.vagadeempregorj.com.br\\\/es\\\/author\\\/michele\\\/\"}]}<\/script>\n<!-- \/ Yoast SEO plugin. -->","yoast_head_json":{"title":"Novo Aux\u00edlio APROVADO: Mais de R$1300 para quem tem renda menor que cinco sal\u00e1rios -","description":"Veja em Vagas de Emprego RJ as vagas de emprego com e sem experi\u00eancia no seu Estado e Regi\u00e3o!","robots":{"index":"index","follow":"follow","max-snippet":"max-snippet:-1","max-image-preview":"max-image-preview:large","max-video-preview":"max-video-preview:-1"},"canonical":"https:\/\/www.vagadeempregorj.com.br\/es\/novo-auxilio-aprovado-mais-de-r1300-para-quem-tem-renda-menor-que-cinco-salarios\/","og_locale":"es_MX","og_type":"article","og_title":"Novo Aux\u00edlio APROVADO: Mais de R$1300 para quem tem renda menor que cinco sal\u00e1rios -","og_description":"Veja em Vagas de Emprego RJ as vagas de emprego com e sem experi\u00eancia no seu Estado e Regi\u00e3o!","og_url":"https:\/\/www.vagadeempregorj.com.br\/es\/novo-auxilio-aprovado-mais-de-r1300-para-quem-tem-renda-menor-que-cinco-salarios\/","article_publisher":"https:\/\/www.facebook.com\/empregobrasiloficial","article_published_time":"2023-09-20T03:01:00+00:00","og_image":[{"width":1280,"height":853,"url":"https:\/\/www.vagadeempregorj.com.br\/wp-content\/uploads\/2023\/09\/image-5.png","type":"image\/png"}],"author":"Michele","twitter_card":"summary_large_image","twitter_misc":{"Written by":"Michele","Est. reading time":"6 minutos"},"schema":{"@context":"https:\/\/schema.org","@graph":[{"@type":"Article","@id":"https:\/\/www.vagadeempregorj.com.br\/novo-auxilio-aprovado-mais-de-r1300-para-quem-tem-renda-menor-que-cinco-salarios\/#article","isPartOf":{"@id":"https:\/\/www.vagadeempregorj.com.br\/novo-auxilio-aprovado-mais-de-r1300-para-quem-tem-renda-menor-que-cinco-salarios\/"},"author":{"name":"Michele","@id":"https:\/\/www.vagadeempregorj.com.br\/#\/schema\/person\/3ddb19fa0539706786e502152f3aae95"},"headline":"Novo Aux\u00edlio APROVADO: Mais de R$1300 para quem tem renda menor que cinco sal\u00e1rios","datePublished":"2023-09-20T03:01:00+00:00","mainEntityOfPage":{"@id":"https:\/\/www.vagadeempregorj.com.br\/novo-auxilio-aprovado-mais-de-r1300-para-quem-tem-renda-menor-que-cinco-salarios\/"},"wordCount":1128,"image":{"@id":"https:\/\/www.vagadeempregorj.com.br\/novo-auxilio-aprovado-mais-de-r1300-para-quem-tem-renda-menor-que-cinco-salarios\/#primaryimage"},"thumbnailUrl":"https:\/\/www.vagadeempregorj.com.br\/wp-content\/uploads\/2023\/09\/image-5.png","keywords":["Aprovado novo Aux\u00edlio","Aux\u00edlio Brasil projeto","novo aux\u00edlio Brasil"],"articleSection":["Benef\u00edcios Sociais"],"inLanguage":"es"},{"@type":"WebPage","@id":"https:\/\/www.vagadeempregorj.com.br\/novo-auxilio-aprovado-mais-de-r1300-para-quem-tem-renda-menor-que-cinco-salarios\/","url":"https:\/\/www.vagadeempregorj.com.br\/novo-auxilio-aprovado-mais-de-r1300-para-quem-tem-renda-menor-que-cinco-salarios\/","name":"Novo Aux\u00edlio APROVADO: Mais de R$1300 para quem tem renda menor que cinco sal\u00e1rios -","isPartOf":{"@id":"https:\/\/www.vagadeempregorj.com.br\/#website"},"primaryImageOfPage":{"@id":"https:\/\/www.vagadeempregorj.com.br\/novo-auxilio-aprovado-mais-de-r1300-para-quem-tem-renda-menor-que-cinco-salarios\/#primaryimage"},"image":{"@id":"https:\/\/www.vagadeempregorj.com.br\/novo-auxilio-aprovado-mais-de-r1300-para-quem-tem-renda-menor-que-cinco-salarios\/#primaryimage"},"thumbnailUrl":"https:\/\/www.vagadeempregorj.com.br\/wp-content\/uploads\/2023\/09\/image-5.png","datePublished":"2023-09-20T03:01:00+00:00","author":{"@id":"https:\/\/www.vagadeempregorj.com.br\/#\/schema\/person\/3ddb19fa0539706786e502152f3aae95"},"description":"Veja em Vagas de Emprego RJ as vagas de emprego com e sem experi\u00eancia no seu Estado e Regi\u00e3o!","breadcrumb":{"@id":"https:\/\/www.vagadeempregorj.com.br\/novo-auxilio-aprovado-mais-de-r1300-para-quem-tem-renda-menor-que-cinco-salarios\/#breadcrumb"},"inLanguage":"es","potentialAction":[{"@type":"ReadAction","target":["https:\/\/www.vagadeempregorj.com.br\/novo-auxilio-aprovado-mais-de-r1300-para-quem-tem-renda-menor-que-cinco-salarios\/"]}]},{"@type":"ImageObject","inLanguage":"es","@id":"https:\/\/www.vagadeempregorj.com.br\/novo-auxilio-aprovado-mais-de-r1300-para-quem-tem-renda-menor-que-cinco-salarios\/#primaryimage","url":"https:\/\/www.vagadeempregorj.com.br\/wp-content\/uploads\/2023\/09\/image-5.png","contentUrl":"https:\/\/www.vagadeempregorj.com.br\/wp-content\/uploads\/2023\/09\/image-5.png","width":1280,"height":853},{"@type":"BreadcrumbList","@id":"https:\/\/www.vagadeempregorj.com.br\/novo-auxilio-aprovado-mais-de-r1300-para-quem-tem-renda-menor-que-cinco-salarios\/#breadcrumb","itemListElement":[{"@type":"ListItem","position":1,"name":"In\u00edcio","item":"https:\/\/www.vagadeempregorj.com.br\/"},{"@type":"ListItem","position":2,"name":"Benef\u00edcios Sociais","item":"https:\/\/www.vagadeempregorj.com.br\/beneficios-sociais\/"},{"@type":"ListItem","position":3,"name":"Novo Aux\u00edlio APROVADO: Mais de R$1300 para quem tem renda menor que cinco sal\u00e1rios"}]},{"@type":"WebSite","@id":"https:\/\/www.vagadeempregorj.com.br\/#website","url":"https:\/\/www.vagadeempregorj.com.br\/","name":"","description":"Conquiste Sonhos: Vagas, Benef\u00edcios e Economia para Transformar Vidas e Alcan\u00e7ar Melhorias Cotidianas","potentialAction":[{"@type":"SearchAction","target":{"@type":"EntryPoint","urlTemplate":"https:\/\/www.vagadeempregorj.com.br\/?s={search_term_string}"},"query-input":{"@type":"PropertyValueSpecification","valueRequired":true,"valueName":"search_term_string"}}],"inLanguage":"es"},{"@type":"Person","@id":"https:\/\/www.vagadeempregorj.com.br\/#\/schema\/person\/3ddb19fa0539706786e502152f3aae95","name":"Michele","image":{"@type":"ImageObject","inLanguage":"es","@id":"https:\/\/secure.gravatar.com\/avatar\/6b0eb9d22841282815e2cd856a0061c45e1761cd54b22e952d98c4746939aa85?s=96&r=g","url":"https:\/\/secure.gravatar.com\/avatar\/6b0eb9d22841282815e2cd856a0061c45e1761cd54b22e952d98c4746939aa85?s=96&r=g","contentUrl":"https:\/\/secure.gravatar.com\/avatar\/6b0eb9d22841282815e2cd856a0061c45e1761cd54b22e952d98c4746939aa85?s=96&r=g","caption":"Michele"},"description":"Formada em Letras - Portugu\u00eas\/ Ingl\u00eas, e idealizadora do site Escritora de Sucesso, busca expandir o conhecimento de todos com informa\u00e7\u00f5es relevantes sobre diversos assuntos, enquanto redatora. No Vaga de Emprego RJ, traz oportunidades e dicas sobre o mercado de trabalho.","url":"https:\/\/www.vagadeempregorj.com.br\/es\/author\/michele\/"}]}},"_links":{"self":[{"href":"https:\/\/www.vagadeempregorj.com.br\/es\/wp-json\/wp\/v2\/posts\/39018","targetHints":{"allow":["GET"]}}],"collection":[{"href":"https:\/\/www.vagadeempregorj.com.br\/es\/wp-json\/wp\/v2\/posts"}],"about":[{"href":"https:\/\/www.vagadeempregorj.com.br\/es\/wp-json\/wp\/v2\/types\/post"}],"author":[{"embeddable":true,"href":"https:\/\/www.vagadeempregorj.com.br\/es\/wp-json\/wp\/v2\/users\/16"}],"replies":[{"embeddable":true,"href":"https:\/\/www.vagadeempregorj.com.br\/es\/wp-json\/wp\/v2\/comments?post=39018"}],"version-history":[{"count":0,"href":"https:\/\/www.vagadeempregorj.com.br\/es\/wp-json\/wp\/v2\/posts\/39018\/revisions"}],"wp:featuredmedia":[{"embeddable":true,"href":"https:\/\/www.vagadeempregorj.com.br\/es\/wp-json\/wp\/v2\/media\/39019"}],"wp:attachment":[{"href":"https:\/\/www.vagadeempregorj.com.br\/es\/wp-json\/wp\/v2\/media?parent=39018"}],"wp:term":[{"taxonomy":"category","embeddable":true,"href":"https:\/\/www.vagadeempregorj.com.br\/es\/wp-json\/wp\/v2\/categories?post=39018"},{"taxonomy":"post_tag","embeddable":true,"href":"https:\/\/www.vagadeempregorj.com.br\/es\/wp-json\/wp\/v2\/tags?post=39018"}],"curies":[{"name":"wp","href":"https:\/\/api.w.org\/{rel}","templated":true}]}}