{"id":39053,"date":"2023-10-06T00:01:00","date_gmt":"2023-10-06T03:01:00","guid":{"rendered":"https:\/\/www.vagadeempregorj.com.br\/?p=39053"},"modified":"2023-09-27T21:32:53","modified_gmt":"2023-09-28T00:32:53","slug":"meu-fgts-nao-caiu-na-conta-entenda-o-que-fazer-neste-caso","status":"publish","type":"post","link":"https:\/\/www.vagadeempregorj.com.br\/es\/meu-fgts-nao-caiu-na-conta-entenda-o-que-fazer-neste-caso\/","title":{"rendered":"Meu FGTS n\u00e3o caiu na conta: Entenda o que fazer neste caso"},"content":{"rendered":"<p>Voc\u00ea trabalhou duro, cumpriu suas obriga\u00e7\u00f5es, e finalmente chegou o momento t\u00e3o esperado: o saque do seu Fundo de Garantia do Tempo de Servi\u00e7o, o FGTS. No entanto, ao verificar sua conta, voc\u00ea percebeu que o dinheiro n\u00e3o foi depositado. O que fazer quando o seu FGTS n\u00e3o cai na conta? Este blogpost vai explicar o que pode estar acontecendo e como voc\u00ea pode resolver essa situa\u00e7\u00e3o de forma eficaz.<\/p>\n\n\n\n<h2 class=\"wp-block-heading\">Entendendo o FGTS<\/h2>\n\n\n\n<p>Antes de entrarmos nos detalhes do que fazer quando o FGTS n\u00e3o \u00e9 depositado, \u00e9 importante entender o que \u00e9 o Fundo de Garantia do Tempo de Servi\u00e7o. O FGTS \u00e9 um direito de todos os trabalhadores brasileiros com carteira assinada. O empregador \u00e9 obrigado a depositar mensalmente uma quantia equivalente a 8% do sal\u00e1rio do trabalhador em uma conta vinculada. Esse dinheiro \u00e9 utilizado em situa\u00e7\u00f5es espec\u00edficas, como a compra da casa pr\u00f3pria, aposentadoria, doen\u00e7as graves, ou demiss\u00e3o sem justa causa.<\/p>\n\n\n\n<p>O Fundo de Garantia do Tempo de Servi\u00e7o, FGTS, \u00e9 um sistema criado pelo governo brasileiro para proteger os direitos dos trabalhadores com carteira assinada. Ele funciona como uma esp\u00e9cie de poupan\u00e7a for\u00e7ada, na qual o empregador \u00e9 obrigado a fazer dep\u00f3sitos mensais em uma conta vinculada em nome do trabalhador. A seguir, vou explicar detalhadamente como funciona o FGTS:<\/p>\n\n\n\n<h3 class=\"wp-block-heading\">1. Quem tem direito ao FGTS?<\/h3>\n\n\n\n<p>Todos os trabalhadores brasileiros com carteira assinada, sejam eles empregados de empresas privadas, empregados dom\u00e9sticos, trabalhadores rurais, tempor\u00e1rios, avulsos ou atletas profissionais, t\u00eam direito ao FGTS.<\/p>\n\n\n\n<figure class=\"wp-block-image size-large\"><img loading=\"lazy\" decoding=\"async\" width=\"1024\" height=\"753\" src=\"https:\/\/www.vagadeempregorj.com.br\/wp-content\/uploads\/2023\/09\/image-14-1024x753.png\" alt=\"\" class=\"wp-image-39054\" srcset=\"https:\/\/www.vagadeempregorj.com.br\/wp-content\/uploads\/2023\/09\/image-14-1024x753.png 1024w, https:\/\/www.vagadeempregorj.com.br\/wp-content\/uploads\/2023\/09\/image-14-300x221.png 300w, https:\/\/www.vagadeempregorj.com.br\/wp-content\/uploads\/2023\/09\/image-14-768x565.png 768w, https:\/\/www.vagadeempregorj.com.br\/wp-content\/uploads\/2023\/09\/image-14-150x110.png 150w, https:\/\/www.vagadeempregorj.com.br\/wp-content\/uploads\/2023\/09\/image-14.png 1200w\" sizes=\"auto, (max-width: 1024px) 100vw, 1024px\" \/><\/figure>\n\n\n\n<h3 class=\"wp-block-heading\">2. Quanto \u00e9 depositado no FGTS?<\/h3>\n\n\n\n<p>O empregador \u00e9 respons\u00e1vel por depositar mensalmente em uma conta vinculada do FGTS um valor equivalente a 8% do sal\u00e1rio bruto do trabalhador. Esse valor \u00e9 descontado do sal\u00e1rio, mas n\u00e3o \u00e9 repassado diretamente ao trabalhador. Ele \u00e9 depositado em uma conta espec\u00edfica em nome do empregado na Caixa Econ\u00f4mica Federal.<\/p>\n\n\n\n<h3 class=\"wp-block-heading\">3. Conta Vinculada do FGTS<\/h3>\n\n\n\n<p>Cada trabalhador possui uma conta vinculada ao FGTS, que \u00e9 aberta automaticamente quando ele \u00e9 admitido em um emprego formal. Essa conta \u00e9 individual e acompanha o trabalhador ao longo de sua vida profissional, mesmo que ele troque de emprego.<\/p>\n\n\n\n<h2 class=\"wp-block-heading\">Verificando o Status da Conta FGTS<\/h2>\n\n\n\n<p>A primeira coisa a fazer quando seu FGTS n\u00e3o cai na conta \u00e9 verificar o status da sua conta FGTS. Voc\u00ea pode fazer isso de diferentes maneiras:<\/p>\n\n\n\n<ul class=\"wp-block-list\">\n<li>Site da Caixa Econ\u00f4mica Federal: A Caixa Econ\u00f4mica Federal \u00e9 a institui\u00e7\u00e3o respons\u00e1vel pela gest\u00e3o do FGTS. Acesse o site da Caixa e procure a op\u00e7\u00e3o de consulta do FGTS. Voc\u00ea precisar\u00e1 informar seu n\u00famero NIS\/PIS\/PASEP e uma senha cadastrada.<\/li>\n\n\n\n<li>Aplicativo FGTS: Voc\u00ea tamb\u00e9m pode baixar o aplicativo oficial do FGTS e consultar seu saldo e movimenta\u00e7\u00f5es por l\u00e1. Basta fazer o login com seus dados.<\/li>\n\n\n\n<li>Ag\u00eancias da Caixa: Se preferir o atendimento presencial, v\u00e1 at\u00e9 uma ag\u00eancia da Caixa Econ\u00f4mica Federal e pe\u00e7a aux\u00edlio a um funcion\u00e1rio. Leve seus documentos pessoais e o n\u00famero do seu NIS\/PIS\/PASEP.<\/li>\n<\/ul>\n\n\n\n<h2 class=\"wp-block-heading\">Poss\u00edveis Motivos para o FGTS N\u00e3o Cair na Conta<\/h2>\n\n\n\n<p>Se, ap\u00f3s verificar o status da sua conta, voc\u00ea constatar que o FGTS n\u00e3o foi depositado, \u00e9 importante entender os poss\u00edveis motivos:<\/p>\n\n\n\n<ul class=\"wp-block-list\">\n<li>Atraso no Dep\u00f3sito: Em alguns casos, o empregador pode atrasar o dep\u00f3sito do FGTS. Nesse caso, \u00e9 importante verificar se o atraso \u00e9 recorrente e, se for, conversar com o empregador ou o setor de recursos humanos da empresa.<\/li>\n\n\n\n<li>Problemas Cadastrais: Erros no cadastro do trabalhador, como n\u00famero de NIS\/PIS\/PASEP incorreto, podem impedir o dep\u00f3sito correto do FGTS. Certifique-se de que seus dados cadastrais est\u00e3o atualizados.<\/li>\n\n\n\n<li>Rescis\u00e3o Contratual: Se voc\u00ea foi demitido sem justa causa, o empregador tem um prazo para efetuar o dep\u00f3sito do FGTS. Esse prazo varia de acordo com as regras vigentes e pode ser necess\u00e1rio aguardar um pouco at\u00e9 que o dinheiro seja liberado.<\/li>\n\n\n\n<li>Problemas na Empresa: Em situa\u00e7\u00f5es mais graves, a empresa pode estar passando por problemas financeiros que a impedem de fazer os dep\u00f3sitos do FGTS. Nesse caso, \u00e9 importante buscar orienta\u00e7\u00e3o legal e sindical para proteger seus direitos.<\/li>\n<\/ul>\n\n\n\n<h2 class=\"wp-block-heading\">O Que Fazer Quando o FGTS n\u00e3o Cair na Conta<\/h2>\n\n\n\n<p>Agora que voc\u00ea identificou a raz\u00e3o pela qual seu FGTS n\u00e3o caiu na conta, \u00e9 hora de tomar medidas para resolver a situa\u00e7\u00e3o:<\/p>\n\n\n\n<ul class=\"wp-block-list\">\n<li>Converse com o Empregador: Se o atraso no dep\u00f3sito for um problema recorrente, converse com seu empregador ou o setor de recursos humanos da empresa. Informe-os sobre a situa\u00e7\u00e3o e pe\u00e7a que regularizem os dep\u00f3sitos o mais r\u00e1pido poss\u00edvel.<\/li>\n\n\n\n<li>Atualize seus Dados Cadastrais: Se o problema estiver relacionado a dados cadastrais incorretos, entre em contato com a Caixa Econ\u00f4mica Federal para atualiz\u00e1-los. Isso pode ser feito online ou em uma ag\u00eancia.<\/li>\n\n\n\n<li>Acompanhe a Rescis\u00e3o Contratual: Se voc\u00ea foi demitido sem justa causa, fique atento ao prazo estabelecido para o dep\u00f3sito do FGTS. Caso ele n\u00e3o seja feito dentro do prazo, entre em contato com a empresa e, se necess\u00e1rio, procure um advogado trabalhista.<\/li>\n\n\n\n<li>Procure Orienta\u00e7\u00e3o Legal: Se a empresa estiver enfrentando problemas financeiros e os dep\u00f3sitos do FGTS n\u00e3o forem feitos por um per\u00edodo prolongado, \u00e9 importante buscar orienta\u00e7\u00e3o legal e sindical para proteger seus direitos e tomar as medidas necess\u00e1rias.<\/li>\n<\/ul>\n\n\n\n<p>O Fundo de Garantia do Tempo de Servi\u00e7o \u00e9 um direito importante para os trabalhadores brasileiros, e \u00e9 fundamental garantir que os dep\u00f3sitos sejam feitos corretamente e de acordo com a lei. Se o seu FGTS n\u00e3o caiu na conta, siga as etapas mencionadas acima para identificar a causa e resolver o problema o mais r\u00e1pido poss\u00edvel. Lembre-se de que a Caixa Econ\u00f4mica Federal \u00e9 a institui\u00e7\u00e3o respons\u00e1vel pela gest\u00e3o do FGTS e pode fornecer orienta\u00e7\u00f5es adicionais.<\/p>\n\n\n\n<p>Seja persistente na busca pelos seus direitos e esteja ciente de que, em casos mais complexos, a assist\u00eancia legal pode ser necess\u00e1ria para garantir que voc\u00ea receba o que lhe \u00e9 devido. N\u00e3o hesite em buscar apoio legal quando necess\u00e1rio, pois seu FGTS \u00e9 um recurso importante para seu futuro financeiro.<\/p>\n\n\n\n<p><strong>Veja tamb\u00e9m: <a href=\"https:\/\/www.vagadeempregorj.com.br\/es\/como-conseguir-atendimento-pelo-brasil-sorridente-entenda-aqui\/\">Como conseguir atendimento pelo Brasil Sorridente? Entenda aqui<\/a><\/strong><\/p>\n\n\n\n<p>6 de outubro de 2023<\/p>","protected":false},"excerpt":{"rendered":"<p>Voc\u00ea trabalhou duro, cumpriu suas obriga\u00e7\u00f5es, e finalmente chegou o momento t\u00e3o esperado: o saque do seu Fundo de Garantia do Tempo de Servi\u00e7o, o FGTS. No entanto, ao verificar sua conta, voc\u00ea percebeu que o dinheiro n\u00e3o foi depositado. O que fazer quando o seu FGTS n\u00e3o cai na conta? Este blogpost vai explicar&hellip;&nbsp;<\/p>","protected":false},"author":16,"featured_media":39054,"comment_status":"closed","ping_status":"closed","sticky":false,"template":"","format":"standard","meta":{"neve_meta_sidebar":"","neve_meta_container":"","neve_meta_enable_content_width":"","neve_meta_content_width":0,"neve_meta_title_alignment":"","neve_meta_author_avatar":"","neve_post_elements_order":"","neve_meta_disable_header":"","neve_meta_disable_footer":"","neve_meta_disable_title":"","footnotes":""},"categories":[1],"tags":[],"class_list":["post-39053","post","type-post","status-publish","format-standard","has-post-thumbnail","hentry","category-beneficios-sociais"],"yoast_head":"<!-- This site is optimized with the Yoast SEO plugin v27.5 - https:\/\/yoast.com\/product\/yoast-seo-wordpress\/ -->\n<title>Meu FGTS n\u00e3o caiu na conta: Entenda o que fazer neste caso -<\/title>\n<meta name=\"description\" content=\"Veja em Vagas de Emprego RJ as vagas de emprego com e sem experi\u00eancia no seu Estado e Regi\u00e3o!\" \/>\n<meta name=\"robots\" content=\"index, follow, max-snippet:-1, max-image-preview:large, max-video-preview:-1\" \/>\n<link rel=\"canonical\" href=\"https:\/\/www.vagadeempregorj.com.br\/es\/meu-fgts-nao-caiu-na-conta-entenda-o-que-fazer-neste-caso\/\" \/>\n<meta property=\"og:locale\" content=\"es_MX\" \/>\n<meta property=\"og:type\" content=\"article\" \/>\n<meta property=\"og:title\" content=\"Meu FGTS n\u00e3o caiu na conta: Entenda o que fazer neste caso -\" \/>\n<meta property=\"og:description\" content=\"Veja em Vagas de Emprego RJ as vagas de emprego com e sem experi\u00eancia no seu Estado e Regi\u00e3o!\" \/>\n<meta property=\"og:url\" content=\"https:\/\/www.vagadeempregorj.com.br\/es\/meu-fgts-nao-caiu-na-conta-entenda-o-que-fazer-neste-caso\/\" \/>\n<meta property=\"article:publisher\" content=\"https:\/\/www.facebook.com\/empregobrasiloficial\" \/>\n<meta property=\"article:published_time\" content=\"2023-10-06T03:01:00+00:00\" \/>\n<meta property=\"og:image\" content=\"https:\/\/www.vagadeempregorj.com.br\/wp-content\/uploads\/2023\/09\/image-14.png\" \/>\n\t<meta property=\"og:image:width\" content=\"1200\" \/>\n\t<meta property=\"og:image:height\" content=\"883\" \/>\n\t<meta property=\"og:image:type\" content=\"image\/png\" \/>\n<meta name=\"author\" content=\"Michele\" \/>\n<meta name=\"twitter:card\" content=\"summary_large_image\" \/>\n<meta name=\"twitter:label1\" content=\"Written by\" \/>\n\t<meta name=\"twitter:data1\" content=\"Michele\" \/>\n\t<meta name=\"twitter:label2\" content=\"Est. reading time\" \/>\n\t<meta name=\"twitter:data2\" content=\"5 minutos\" \/>\n<script type=\"application\/ld+json\" class=\"yoast-schema-graph\">{\"@context\":\"https:\\\/\\\/schema.org\",\"@graph\":[{\"@type\":\"Article\",\"@id\":\"https:\\\/\\\/www.vagadeempregorj.com.br\\\/meu-fgts-nao-caiu-na-conta-entenda-o-que-fazer-neste-caso\\\/#article\",\"isPartOf\":{\"@id\":\"https:\\\/\\\/www.vagadeempregorj.com.br\\\/meu-fgts-nao-caiu-na-conta-entenda-o-que-fazer-neste-caso\\\/\"},\"author\":{\"name\":\"Michele\",\"@id\":\"https:\\\/\\\/www.vagadeempregorj.com.br\\\/#\\\/schema\\\/person\\\/3ddb19fa0539706786e502152f3aae95\"},\"headline\":\"Meu FGTS n\u00e3o caiu na conta: Entenda o que fazer neste caso\",\"datePublished\":\"2023-10-06T03:01:00+00:00\",\"mainEntityOfPage\":{\"@id\":\"https:\\\/\\\/www.vagadeempregorj.com.br\\\/meu-fgts-nao-caiu-na-conta-entenda-o-que-fazer-neste-caso\\\/\"},\"wordCount\":1065,\"image\":{\"@id\":\"https:\\\/\\\/www.vagadeempregorj.com.br\\\/meu-fgts-nao-caiu-na-conta-entenda-o-que-fazer-neste-caso\\\/#primaryimage\"},\"thumbnailUrl\":\"https:\\\/\\\/www.vagadeempregorj.com.br\\\/wp-content\\\/uploads\\\/2023\\\/09\\\/image-14.png\",\"articleSection\":[\"Benef\u00edcios Sociais\"],\"inLanguage\":\"es\"},{\"@type\":\"WebPage\",\"@id\":\"https:\\\/\\\/www.vagadeempregorj.com.br\\\/meu-fgts-nao-caiu-na-conta-entenda-o-que-fazer-neste-caso\\\/\",\"url\":\"https:\\\/\\\/www.vagadeempregorj.com.br\\\/meu-fgts-nao-caiu-na-conta-entenda-o-que-fazer-neste-caso\\\/\",\"name\":\"Meu FGTS n\u00e3o caiu na conta: Entenda o que fazer neste caso -\",\"isPartOf\":{\"@id\":\"https:\\\/\\\/www.vagadeempregorj.com.br\\\/#website\"},\"primaryImageOfPage\":{\"@id\":\"https:\\\/\\\/www.vagadeempregorj.com.br\\\/meu-fgts-nao-caiu-na-conta-entenda-o-que-fazer-neste-caso\\\/#primaryimage\"},\"image\":{\"@id\":\"https:\\\/\\\/www.vagadeempregorj.com.br\\\/meu-fgts-nao-caiu-na-conta-entenda-o-que-fazer-neste-caso\\\/#primaryimage\"},\"thumbnailUrl\":\"https:\\\/\\\/www.vagadeempregorj.com.br\\\/wp-content\\\/uploads\\\/2023\\\/09\\\/image-14.png\",\"datePublished\":\"2023-10-06T03:01:00+00:00\",\"author\":{\"@id\":\"https:\\\/\\\/www.vagadeempregorj.com.br\\\/#\\\/schema\\\/person\\\/3ddb19fa0539706786e502152f3aae95\"},\"description\":\"Veja em Vagas de Emprego RJ as vagas de emprego com e sem experi\u00eancia no seu Estado e Regi\u00e3o!\",\"breadcrumb\":{\"@id\":\"https:\\\/\\\/www.vagadeempregorj.com.br\\\/meu-fgts-nao-caiu-na-conta-entenda-o-que-fazer-neste-caso\\\/#breadcrumb\"},\"inLanguage\":\"es\",\"potentialAction\":[{\"@type\":\"ReadAction\",\"target\":[\"https:\\\/\\\/www.vagadeempregorj.com.br\\\/meu-fgts-nao-caiu-na-conta-entenda-o-que-fazer-neste-caso\\\/\"]}]},{\"@type\":\"ImageObject\",\"inLanguage\":\"es\",\"@id\":\"https:\\\/\\\/www.vagadeempregorj.com.br\\\/meu-fgts-nao-caiu-na-conta-entenda-o-que-fazer-neste-caso\\\/#primaryimage\",\"url\":\"https:\\\/\\\/www.vagadeempregorj.com.br\\\/wp-content\\\/uploads\\\/2023\\\/09\\\/image-14.png\",\"contentUrl\":\"https:\\\/\\\/www.vagadeempregorj.com.br\\\/wp-content\\\/uploads\\\/2023\\\/09\\\/image-14.png\",\"width\":1200,\"height\":883},{\"@type\":\"BreadcrumbList\",\"@id\":\"https:\\\/\\\/www.vagadeempregorj.com.br\\\/meu-fgts-nao-caiu-na-conta-entenda-o-que-fazer-neste-caso\\\/#breadcrumb\",\"itemListElement\":[{\"@type\":\"ListItem\",\"position\":1,\"name\":\"In\u00edcio\",\"item\":\"https:\\\/\\\/www.vagadeempregorj.com.br\\\/\"},{\"@type\":\"ListItem\",\"position\":2,\"name\":\"Benef\u00edcios Sociais\",\"item\":\"https:\\\/\\\/www.vagadeempregorj.com.br\\\/beneficios-sociais\\\/\"},{\"@type\":\"ListItem\",\"position\":3,\"name\":\"Meu FGTS n\u00e3o caiu na conta: Entenda o que fazer neste caso\"}]},{\"@type\":\"WebSite\",\"@id\":\"https:\\\/\\\/www.vagadeempregorj.com.br\\\/#website\",\"url\":\"https:\\\/\\\/www.vagadeempregorj.com.br\\\/\",\"name\":\"\",\"description\":\"Conquiste Sonhos: Vagas, Benef\u00edcios e Economia para Transformar Vidas e Alcan\u00e7ar Melhorias Cotidianas\",\"potentialAction\":[{\"@type\":\"SearchAction\",\"target\":{\"@type\":\"EntryPoint\",\"urlTemplate\":\"https:\\\/\\\/www.vagadeempregorj.com.br\\\/?s={search_term_string}\"},\"query-input\":{\"@type\":\"PropertyValueSpecification\",\"valueRequired\":true,\"valueName\":\"search_term_string\"}}],\"inLanguage\":\"es\"},{\"@type\":\"Person\",\"@id\":\"https:\\\/\\\/www.vagadeempregorj.com.br\\\/#\\\/schema\\\/person\\\/3ddb19fa0539706786e502152f3aae95\",\"name\":\"Michele\",\"image\":{\"@type\":\"ImageObject\",\"inLanguage\":\"es\",\"@id\":\"https:\\\/\\\/secure.gravatar.com\\\/avatar\\\/6b0eb9d22841282815e2cd856a0061c45e1761cd54b22e952d98c4746939aa85?s=96&r=g\",\"url\":\"https:\\\/\\\/secure.gravatar.com\\\/avatar\\\/6b0eb9d22841282815e2cd856a0061c45e1761cd54b22e952d98c4746939aa85?s=96&r=g\",\"contentUrl\":\"https:\\\/\\\/secure.gravatar.com\\\/avatar\\\/6b0eb9d22841282815e2cd856a0061c45e1761cd54b22e952d98c4746939aa85?s=96&r=g\",\"caption\":\"Michele\"},\"description\":\"Formada em Letras - Portugu\u00eas\\\/ Ingl\u00eas, e idealizadora do site Escritora de Sucesso, busca expandir o conhecimento de todos com informa\u00e7\u00f5es relevantes sobre diversos assuntos, enquanto redatora. No Vaga de Emprego RJ, traz oportunidades e dicas sobre o mercado de trabalho.\",\"url\":\"https:\\\/\\\/www.vagadeempregorj.com.br\\\/es\\\/author\\\/michele\\\/\"}]}<\/script>\n<!-- \/ Yoast SEO plugin. -->","yoast_head_json":{"title":"Meu FGTS n\u00e3o caiu na conta: Entenda o que fazer neste caso -","description":"Veja em Vagas de Emprego RJ as vagas de emprego com e sem experi\u00eancia no seu Estado e Regi\u00e3o!","robots":{"index":"index","follow":"follow","max-snippet":"max-snippet:-1","max-image-preview":"max-image-preview:large","max-video-preview":"max-video-preview:-1"},"canonical":"https:\/\/www.vagadeempregorj.com.br\/es\/meu-fgts-nao-caiu-na-conta-entenda-o-que-fazer-neste-caso\/","og_locale":"es_MX","og_type":"article","og_title":"Meu FGTS n\u00e3o caiu na conta: Entenda o que fazer neste caso -","og_description":"Veja em Vagas de Emprego RJ as vagas de emprego com e sem experi\u00eancia no seu Estado e Regi\u00e3o!","og_url":"https:\/\/www.vagadeempregorj.com.br\/es\/meu-fgts-nao-caiu-na-conta-entenda-o-que-fazer-neste-caso\/","article_publisher":"https:\/\/www.facebook.com\/empregobrasiloficial","article_published_time":"2023-10-06T03:01:00+00:00","og_image":[{"width":1200,"height":883,"url":"https:\/\/www.vagadeempregorj.com.br\/wp-content\/uploads\/2023\/09\/image-14.png","type":"image\/png"}],"author":"Michele","twitter_card":"summary_large_image","twitter_misc":{"Written by":"Michele","Est. reading time":"5 minutos"},"schema":{"@context":"https:\/\/schema.org","@graph":[{"@type":"Article","@id":"https:\/\/www.vagadeempregorj.com.br\/meu-fgts-nao-caiu-na-conta-entenda-o-que-fazer-neste-caso\/#article","isPartOf":{"@id":"https:\/\/www.vagadeempregorj.com.br\/meu-fgts-nao-caiu-na-conta-entenda-o-que-fazer-neste-caso\/"},"author":{"name":"Michele","@id":"https:\/\/www.vagadeempregorj.com.br\/#\/schema\/person\/3ddb19fa0539706786e502152f3aae95"},"headline":"Meu FGTS n\u00e3o caiu na conta: Entenda o que fazer neste caso","datePublished":"2023-10-06T03:01:00+00:00","mainEntityOfPage":{"@id":"https:\/\/www.vagadeempregorj.com.br\/meu-fgts-nao-caiu-na-conta-entenda-o-que-fazer-neste-caso\/"},"wordCount":1065,"image":{"@id":"https:\/\/www.vagadeempregorj.com.br\/meu-fgts-nao-caiu-na-conta-entenda-o-que-fazer-neste-caso\/#primaryimage"},"thumbnailUrl":"https:\/\/www.vagadeempregorj.com.br\/wp-content\/uploads\/2023\/09\/image-14.png","articleSection":["Benef\u00edcios Sociais"],"inLanguage":"es"},{"@type":"WebPage","@id":"https:\/\/www.vagadeempregorj.com.br\/meu-fgts-nao-caiu-na-conta-entenda-o-que-fazer-neste-caso\/","url":"https:\/\/www.vagadeempregorj.com.br\/meu-fgts-nao-caiu-na-conta-entenda-o-que-fazer-neste-caso\/","name":"Meu FGTS n\u00e3o caiu na conta: Entenda o que fazer neste caso -","isPartOf":{"@id":"https:\/\/www.vagadeempregorj.com.br\/#website"},"primaryImageOfPage":{"@id":"https:\/\/www.vagadeempregorj.com.br\/meu-fgts-nao-caiu-na-conta-entenda-o-que-fazer-neste-caso\/#primaryimage"},"image":{"@id":"https:\/\/www.vagadeempregorj.com.br\/meu-fgts-nao-caiu-na-conta-entenda-o-que-fazer-neste-caso\/#primaryimage"},"thumbnailUrl":"https:\/\/www.vagadeempregorj.com.br\/wp-content\/uploads\/2023\/09\/image-14.png","datePublished":"2023-10-06T03:01:00+00:00","author":{"@id":"https:\/\/www.vagadeempregorj.com.br\/#\/schema\/person\/3ddb19fa0539706786e502152f3aae95"},"description":"Veja em Vagas de Emprego RJ as vagas de emprego com e sem experi\u00eancia no seu Estado e Regi\u00e3o!","breadcrumb":{"@id":"https:\/\/www.vagadeempregorj.com.br\/meu-fgts-nao-caiu-na-conta-entenda-o-que-fazer-neste-caso\/#breadcrumb"},"inLanguage":"es","potentialAction":[{"@type":"ReadAction","target":["https:\/\/www.vagadeempregorj.com.br\/meu-fgts-nao-caiu-na-conta-entenda-o-que-fazer-neste-caso\/"]}]},{"@type":"ImageObject","inLanguage":"es","@id":"https:\/\/www.vagadeempregorj.com.br\/meu-fgts-nao-caiu-na-conta-entenda-o-que-fazer-neste-caso\/#primaryimage","url":"https:\/\/www.vagadeempregorj.com.br\/wp-content\/uploads\/2023\/09\/image-14.png","contentUrl":"https:\/\/www.vagadeempregorj.com.br\/wp-content\/uploads\/2023\/09\/image-14.png","width":1200,"height":883},{"@type":"BreadcrumbList","@id":"https:\/\/www.vagadeempregorj.com.br\/meu-fgts-nao-caiu-na-conta-entenda-o-que-fazer-neste-caso\/#breadcrumb","itemListElement":[{"@type":"ListItem","position":1,"name":"In\u00edcio","item":"https:\/\/www.vagadeempregorj.com.br\/"},{"@type":"ListItem","position":2,"name":"Benef\u00edcios Sociais","item":"https:\/\/www.vagadeempregorj.com.br\/beneficios-sociais\/"},{"@type":"ListItem","position":3,"name":"Meu FGTS n\u00e3o caiu na conta: Entenda o que fazer neste caso"}]},{"@type":"WebSite","@id":"https:\/\/www.vagadeempregorj.com.br\/#website","url":"https:\/\/www.vagadeempregorj.com.br\/","name":"","description":"Conquiste Sonhos: Vagas, Benef\u00edcios e Economia para Transformar Vidas e Alcan\u00e7ar Melhorias Cotidianas","potentialAction":[{"@type":"SearchAction","target":{"@type":"EntryPoint","urlTemplate":"https:\/\/www.vagadeempregorj.com.br\/?s={search_term_string}"},"query-input":{"@type":"PropertyValueSpecification","valueRequired":true,"valueName":"search_term_string"}}],"inLanguage":"es"},{"@type":"Person","@id":"https:\/\/www.vagadeempregorj.com.br\/#\/schema\/person\/3ddb19fa0539706786e502152f3aae95","name":"Michele","image":{"@type":"ImageObject","inLanguage":"es","@id":"https:\/\/secure.gravatar.com\/avatar\/6b0eb9d22841282815e2cd856a0061c45e1761cd54b22e952d98c4746939aa85?s=96&r=g","url":"https:\/\/secure.gravatar.com\/avatar\/6b0eb9d22841282815e2cd856a0061c45e1761cd54b22e952d98c4746939aa85?s=96&r=g","contentUrl":"https:\/\/secure.gravatar.com\/avatar\/6b0eb9d22841282815e2cd856a0061c45e1761cd54b22e952d98c4746939aa85?s=96&r=g","caption":"Michele"},"description":"Formada em Letras - Portugu\u00eas\/ Ingl\u00eas, e idealizadora do site Escritora de Sucesso, busca expandir o conhecimento de todos com informa\u00e7\u00f5es relevantes sobre diversos assuntos, enquanto redatora. No Vaga de Emprego RJ, traz oportunidades e dicas sobre o mercado de trabalho.","url":"https:\/\/www.vagadeempregorj.com.br\/es\/author\/michele\/"}]}},"_links":{"self":[{"href":"https:\/\/www.vagadeempregorj.com.br\/es\/wp-json\/wp\/v2\/posts\/39053","targetHints":{"allow":["GET"]}}],"collection":[{"href":"https:\/\/www.vagadeempregorj.com.br\/es\/wp-json\/wp\/v2\/posts"}],"about":[{"href":"https:\/\/www.vagadeempregorj.com.br\/es\/wp-json\/wp\/v2\/types\/post"}],"author":[{"embeddable":true,"href":"https:\/\/www.vagadeempregorj.com.br\/es\/wp-json\/wp\/v2\/users\/16"}],"replies":[{"embeddable":true,"href":"https:\/\/www.vagadeempregorj.com.br\/es\/wp-json\/wp\/v2\/comments?post=39053"}],"version-history":[{"count":0,"href":"https:\/\/www.vagadeempregorj.com.br\/es\/wp-json\/wp\/v2\/posts\/39053\/revisions"}],"wp:featuredmedia":[{"embeddable":true,"href":"https:\/\/www.vagadeempregorj.com.br\/es\/wp-json\/wp\/v2\/media\/39054"}],"wp:attachment":[{"href":"https:\/\/www.vagadeempregorj.com.br\/es\/wp-json\/wp\/v2\/media?parent=39053"}],"wp:term":[{"taxonomy":"category","embeddable":true,"href":"https:\/\/www.vagadeempregorj.com.br\/es\/wp-json\/wp\/v2\/categories?post=39053"},{"taxonomy":"post_tag","embeddable":true,"href":"https:\/\/www.vagadeempregorj.com.br\/es\/wp-json\/wp\/v2\/tags?post=39053"}],"curies":[{"name":"wp","href":"https:\/\/api.w.org\/{rel}","templated":true}]}}