{"id":39145,"date":"2023-11-25T20:12:46","date_gmt":"2023-11-25T23:12:46","guid":{"rendered":"https:\/\/www.vagadeempregorj.com.br\/?p=39145"},"modified":"2025-06-15T14:31:29","modified_gmt":"2025-06-15T17:31:29","slug":"o-que-falar-de-mim-em-uma-entrevista-de-emprego-15-dicas-essenciais","status":"publish","type":"post","link":"https:\/\/www.vagadeempregorj.com.br\/es\/o-que-falar-de-mim-em-uma-entrevista-de-emprego-15-dicas-essenciais\/","title":{"rendered":"O Que Falar de Mim em uma Entrevista de Emprego? 15 Dicas Essenciais"},"content":{"rendered":"\n<p>Voc\u00ea recebeu aquele t\u00e3o esperado convite para uma entrevista de emprego e agora se v\u00ea diante da pergunta: &#8220;Fale-me sobre voc\u00ea&#8221;. Esse \u00e9 um momento crucial, onde voc\u00ea pode destacar suas habilidades, experi\u00eancias e personalidade de maneira positiva.&nbsp;<\/p>\n\n\n\n<h2 class=\"wp-block-heading\">O que falar de mim em uma entrevista de emprego<\/h2>\n\n\n\n<p>Neste blogpost, vamos explorar 15 dicas valiosas sobre o que dizer nesse momento crucial, oferecendo uma vis\u00e3o detalhada de como impressionar os entrevistadores.<\/p>\n\n\n\n<h3 class=\"wp-block-heading\">1. Comece com uma Sauda\u00e7\u00e3o Profissional<\/h3>\n\n\n\n<p>Iniciar a resposta com uma sauda\u00e7\u00e3o profissional estabelece um tom positivo desde o in\u00edcio. Dizer algo como &#8220;Bom dia\/tarde\/noite, meu nome \u00e9 [seu nome], e estou muito animado(a) por estar aqui hoje&#8221; mostra cortesia e entusiasmo.<\/p>\n\n\n\n<figure class=\"wp-block-image size-large\"><img loading=\"lazy\" decoding=\"async\" width=\"1024\" height=\"682\" src=\"https:\/\/www.vagadeempregorj.com.br\/wp-content\/uploads\/2023\/11\/image-1024x682.png\" alt=\"\" class=\"wp-image-39146\" srcset=\"https:\/\/www.vagadeempregorj.com.br\/wp-content\/uploads\/2023\/11\/image-1024x682.png 1024w, https:\/\/www.vagadeempregorj.com.br\/wp-content\/uploads\/2023\/11\/image-300x200.png 300w, https:\/\/www.vagadeempregorj.com.br\/wp-content\/uploads\/2023\/11\/image-768x512.png 768w, https:\/\/www.vagadeempregorj.com.br\/wp-content\/uploads\/2023\/11\/image-150x100.png 150w, https:\/\/www.vagadeempregorj.com.br\/wp-content\/uploads\/2023\/11\/image.png 1280w\" sizes=\"auto, (max-width: 1024px) 100vw, 1024px\" \/><figcaption class=\"wp-element-caption\">Imagem: Reprodu\u00e7\u00e3o<\/figcaption><\/figure>\n\n\n\n<h3 class=\"wp-block-heading\">2. Fale Sobre Sua Forma\u00e7\u00e3o Acad\u00eamica<\/h3>\n\n\n\n<p>Compartilhe brevemente sua forma\u00e7\u00e3o acad\u00eamica, destacando cursos relevantes para a posi\u00e7\u00e3o. Evite detalhes excessivos, mas certifique-se de mencionar qualquer conquista acad\u00eamica que destaque suas habilidades.<\/p>\n\n\n\n<h3 class=\"wp-block-heading\">3. Destaque Suas Experi\u00eancias Profissionais Anteriores<\/h3>\n\n\n\n<p>Ao discutir suas experi\u00eancias profissionais, concentre-se nas conquistas e responsabilidades que s\u00e3o diretamente relevantes para a posi\u00e7\u00e3o em quest\u00e3o. Explique como suas experi\u00eancias anteriores o(a) prepararam para os desafios do cargo.<\/p>\n\n\n\n<h3 class=\"wp-block-heading\">4. Habilidades T\u00e9cnicas e Soft Skills<\/h3>\n\n\n\n<p>Integre habilidades t\u00e9cnicas e soft skills (habilidades interpessoais) em sua resposta. Mostre como suas habilidades podem contribuir para o ambiente de trabalho e resolva os desafios espec\u00edficos que a empresa enfrenta.<\/p>\n\n\n\n<h3 class=\"wp-block-heading\">5. Demonstre Seu Conhecimento Sobre a Empresa<\/h3>\n\n\n\n<p>Pesquise sobre a empresa antes da entrevista e inclua informa\u00e7\u00f5es que demonstrem seu entendimento sobre a cultura, valores e miss\u00e3o da organiza\u00e7\u00e3o. Isso mostra aos entrevistadores que voc\u00ea est\u00e1 genuinamente interessado na vaga.<\/p>\n\n\n\n<h3 class=\"wp-block-heading\">6. Explique Seus Objetivos Profissionais<\/h3>\n\n\n\n<p>Compartilhe seus objetivos profissionais de maneira alinhada com a posi\u00e7\u00e3o que est\u00e1 buscando. Isso demonstra comprometimento e ajuda a criar uma narrativa coesa sobre sua trajet\u00f3ria profissional.<\/p>\n\n\n\n<h3 class=\"wp-block-heading\">7. Destaque Projetos Relevantes<\/h3>\n\n\n\n<p>Se voc\u00ea trabalhou em projetos espec\u00edficos, destaque-os, explicando sua contribui\u00e7\u00e3o e os resultados alcan\u00e7ados. Isso fornece evid\u00eancias concretas de suas habilidades e conquistas.<\/p>\n\n\n\n<h3 class=\"wp-block-heading\">8. Fale Sobre Seu Processo de Aprendizado Cont\u00ednuo<\/h3>\n\n\n\n<p>Mostre que est\u00e1 sempre em busca de aprendizado e crescimento profissional. Mencione cursos, certifica\u00e7\u00f5es ou workshops recentes que participou para se manter atualizado(a) em sua \u00e1rea de atua\u00e7\u00e3o.<\/p>\n\n\n\n<h3 class=\"wp-block-heading\">9. Demonstre Sua Adaptabilidade<\/h3>\n\n\n\n<p>Destaque situa\u00e7\u00f5es em que voc\u00ea demonstrou adaptabilidade e resili\u00eancia em ambientes desafiadores. Os empregadores valorizam profissionais capazes de se ajustar a novas circunst\u00e2ncias.<\/p>\n\n\n\n<h3 class=\"wp-block-heading\">10. Compartilhe Exemplos de Trabalho em Equipe<\/h3>\n\n\n\n<p>Explique como voc\u00ea colabora efetivamente em equipe, destacando experi\u00eancias passadas em que contribuiu para o sucesso coletivo. As habilidades interpessoais s\u00e3o frequentemente t\u00e3o importantes quanto as habilidades t\u00e9cnicas.<\/p>\n\n\n\n<h3 class=\"wp-block-heading\">11. Fale Sobre Seu Estilo de Resolu\u00e7\u00e3o de Problemas<\/h3>\n\n\n\n<p>Descreva como voc\u00ea aborda e resolve problemas, destacando exemplos espec\u00edficos. Isso d\u00e1 aos entrevistadores uma vis\u00e3o pr\u00e1tica de como voc\u00ea enfrenta desafios no ambiente de trabalho.<\/p>\n\n\n\n<h3 class=\"wp-block-heading\">12. Mostre Sua Iniciativa e Proatividade<\/h3>\n\n\n\n<p>Destaque situa\u00e7\u00f5es em que tomou a iniciativa para melhorar processos ou implementar ideias inovadoras. Os empregadores apreciam candidatos que v\u00e3o al\u00e9m das responsabilidades b\u00e1sicas.<\/p>\n\n\n\n<h3 class=\"wp-block-heading\">13. Seja Aut\u00eantico(a) e Transparente<\/h3>\n\n\n\n<p>A sinceridade \u00e9 crucial. Seja transparente sobre suas experi\u00eancias e habilidades. Isso ajuda a construir confian\u00e7a com os entrevistadores e a estabelecer uma conex\u00e3o genu\u00edna.<\/p>\n\n\n\n<h3 class=\"wp-block-heading\">14. Pratique a Comunica\u00e7\u00e3o N\u00e3o-Verbal<\/h3>\n\n\n\n<p>Al\u00e9m do que voc\u00ea diz, a forma como voc\u00ea se expressa n\u00e3o verbalmente \u00e9 vital. Mantenha contato visual, sorria e use gestos moderados para transmitir confian\u00e7a e profissionalismo.<\/p>\n\n\n\n<h3 class=\"wp-block-heading\">15. Encerre com Entusiasmo e Pergunte sobre os Pr\u00f3ximos Passos<\/h3>\n\n\n\n<p>Finalize sua resposta com entusiasmo, reiterando seu interesse na posi\u00e7\u00e3o. Fa\u00e7a uma pergunta educada sobre os pr\u00f3ximos passos do processo seletivo, demonstrando seu comprometimento.<\/p>\n\n\n\n<h2 class=\"wp-block-heading\">Por que se preparar para a entrevista de emprego?<\/h2>\n\n\n\n<p>Preparar-se para uma entrevista \u00e9 fundamental por v\u00e1rias raz\u00f5es, e essa prepara\u00e7\u00e3o vai muito al\u00e9m de simplesmente conhecer a empresa. Aqui est\u00e3o algumas raz\u00f5es convincentes para investir tempo e esfor\u00e7o em se preparar adequadamente para uma entrevista de emprego:<\/p>\n\n\n\n<h3 class=\"wp-block-heading\">1. Impress\u00e3o Profissional<\/h3>\n\n\n\n<p>A prepara\u00e7\u00e3o permite que voc\u00ea demonstre uma impress\u00e3o profissional desde o in\u00edcio. Ao conhecer detalhes sobre a empresa, o cargo e os entrevistadores, voc\u00ea mostra ao empregador que est\u00e1 genuinamente interessado na oportunidade.<\/p>\n\n\n\n<h3 class=\"wp-block-heading\">2. Confian\u00e7a e Calma<\/h3>\n\n\n\n<p>Ao se preparar, voc\u00ea ganha confian\u00e7a. Saber o que dizer, como dizer e o que esperar reduz a ansiedade e ajuda a manter a calma durante a entrevista. A confian\u00e7a \u00e9 uma caracter\u00edstica valiosa que os empregadores procuram em candidatos.<\/p>\n\n\n\n<h3 class=\"wp-block-heading\">3. Respostas Coerentes e Estruturadas<\/h3>\n\n\n\n<p>A prepara\u00e7\u00e3o permite que voc\u00ea formule respostas claras e estruturadas para perguntas comuns. Isso garante que voc\u00ea comunique efetivamente suas habilidades, experi\u00eancias e realiza\u00e7\u00f5es de uma maneira que seja relevante para o cargo.<\/p>\n\n\n\n<h3 class=\"wp-block-heading\">4. Demonstra\u00e7\u00e3o de Conhecimento<\/h3>\n\n\n\n<p>Conhecer a empresa, sua cultura, valores e miss\u00e3o \u00e9 crucial. Isso permite que voc\u00ea destaque como suas habilidades e experi\u00eancias se alinham aos objetivos da empresa, mostrando que voc\u00ea \u00e9 um candidato que compreende o ambiente e as metas organizacionais.<\/p>\n\n\n\n<h3 class=\"wp-block-heading\">5. Adapta\u00e7\u00e3o ao Perfil da Empresa<\/h3>\n\n\n\n<p>Cada empresa tem uma cultura \u00fanica. Ao se preparar, voc\u00ea pode adaptar suas respostas para refletir os valores e a cultura da organiza\u00e7\u00e3o, aumentando suas chances de ser percebido como um encaixe perfeito.<\/p>\n\n\n\n<h2 class=\"wp-block-heading\">Conclus\u00e3o<\/h2>\n\n\n\n<p>Em uma entrevista de emprego, a resposta para &#8220;Fale-me sobre voc\u00ea&#8221; \u00e9 uma oportunidade de ouro para impressionar os entrevistadores. Seguindo essas 15 dicas, voc\u00ea pode criar uma narrativa envolvente, destacando suas habilidades e experi\u00eancias de maneira impactante. Lembre-se de ser aut\u00eantico(a), preparado(a) e confiante, e voc\u00ea estar\u00e1 no caminho certo para conquistar aquela vaga dos sonhos. Boa sorte!<\/p>\n\n\n\n<p><strong>Veja tamb\u00e9m: <a href=\"https:\/\/www.vagadeempregorj.com.br\/vagas-de-emprego-na-marisa\/\">Vagas de emprego na Marisa, candidate-se<\/a><\/strong><\/p>\n\n\n\n<p>25 de novembro de 2023<\/p>\n","protected":false},"excerpt":{"rendered":"<p>Voc\u00ea recebeu aquele t\u00e3o esperado convite para uma entrevista de emprego e agora se v\u00ea diante da pergunta: &#8220;Fale-me sobre voc\u00ea&#8221;. Esse \u00e9 um momento crucial, onde voc\u00ea pode destacar suas habilidades, experi\u00eancias e personalidade de maneira positiva.&nbsp; O que falar de mim em uma entrevista de emprego Neste blogpost, vamos explorar 15 dicas valiosas&hellip;&nbsp;<\/p>","protected":false},"author":16,"featured_media":39146,"comment_status":"closed","ping_status":"closed","sticky":false,"template":"","format":"standard","meta":{"neve_meta_sidebar":"","neve_meta_container":"","neve_meta_enable_content_width":"","neve_meta_content_width":0,"neve_meta_title_alignment":"","neve_meta_author_avatar":"","neve_post_elements_order":"","neve_meta_disable_header":"","neve_meta_disable_footer":"","neve_meta_disable_title":"","footnotes":""},"categories":[123],"tags":[],"class_list":["post-39145","post","type-post","status-publish","format-standard","has-post-thumbnail","hentry","category-vagas-de-emprego-nacionais"],"yoast_head":"<!-- This site is optimized with the Yoast SEO plugin v27.5 - https:\/\/yoast.com\/product\/yoast-seo-wordpress\/ -->\n<title>O Que Falar de Mim em uma Entrevista de Emprego? 15 Dicas Essenciais -<\/title>\n<meta name=\"description\" content=\"Veja em Vagas de Emprego RJ as vagas de emprego com e sem experi\u00eancia no seu Estado e Regi\u00e3o!\" \/>\n<meta name=\"robots\" content=\"index, follow, max-snippet:-1, max-image-preview:large, max-video-preview:-1\" \/>\n<link rel=\"canonical\" href=\"https:\/\/www.vagadeempregorj.com.br\/es\/o-que-falar-de-mim-em-uma-entrevista-de-emprego-15-dicas-essenciais\/\" \/>\n<meta property=\"og:locale\" content=\"es_MX\" \/>\n<meta property=\"og:type\" content=\"article\" \/>\n<meta property=\"og:title\" content=\"O Que Falar de Mim em uma Entrevista de Emprego? 15 Dicas Essenciais -\" \/>\n<meta property=\"og:description\" content=\"Veja em Vagas de Emprego RJ as vagas de emprego com e sem experi\u00eancia no seu Estado e Regi\u00e3o!\" \/>\n<meta property=\"og:url\" content=\"https:\/\/www.vagadeempregorj.com.br\/es\/o-que-falar-de-mim-em-uma-entrevista-de-emprego-15-dicas-essenciais\/\" \/>\n<meta property=\"article:publisher\" content=\"https:\/\/www.facebook.com\/empregobrasiloficial\" \/>\n<meta property=\"article:published_time\" content=\"2023-11-25T23:12:46+00:00\" \/>\n<meta property=\"article:modified_time\" content=\"2025-06-15T17:31:29+00:00\" \/>\n<meta property=\"og:image\" content=\"https:\/\/www.vagadeempregorj.com.br\/wp-content\/uploads\/2023\/11\/image.png\" \/>\n\t<meta property=\"og:image:width\" content=\"1280\" \/>\n\t<meta property=\"og:image:height\" content=\"853\" \/>\n\t<meta property=\"og:image:type\" content=\"image\/png\" \/>\n<meta name=\"author\" content=\"Michele\" \/>\n<meta name=\"twitter:card\" content=\"summary_large_image\" \/>\n<meta name=\"twitter:label1\" content=\"Written by\" \/>\n\t<meta name=\"twitter:data1\" content=\"Michele\" \/>\n\t<meta name=\"twitter:label2\" content=\"Est. reading time\" \/>\n\t<meta name=\"twitter:data2\" content=\"5 minutos\" \/>\n<script type=\"application\/ld+json\" class=\"yoast-schema-graph\">{\"@context\":\"https:\\\/\\\/schema.org\",\"@graph\":[{\"@type\":\"Article\",\"@id\":\"https:\\\/\\\/www.vagadeempregorj.com.br\\\/o-que-falar-de-mim-em-uma-entrevista-de-emprego-15-dicas-essenciais\\\/#article\",\"isPartOf\":{\"@id\":\"https:\\\/\\\/www.vagadeempregorj.com.br\\\/o-que-falar-de-mim-em-uma-entrevista-de-emprego-15-dicas-essenciais\\\/\"},\"author\":{\"name\":\"Michele\",\"@id\":\"https:\\\/\\\/www.vagadeempregorj.com.br\\\/#\\\/schema\\\/person\\\/3ddb19fa0539706786e502152f3aae95\"},\"headline\":\"O Que Falar de Mim em uma Entrevista de Emprego? 15 Dicas Essenciais\",\"datePublished\":\"2023-11-25T23:12:46+00:00\",\"dateModified\":\"2025-06-15T17:31:29+00:00\",\"mainEntityOfPage\":{\"@id\":\"https:\\\/\\\/www.vagadeempregorj.com.br\\\/o-que-falar-de-mim-em-uma-entrevista-de-emprego-15-dicas-essenciais\\\/\"},\"wordCount\":979,\"image\":{\"@id\":\"https:\\\/\\\/www.vagadeempregorj.com.br\\\/o-que-falar-de-mim-em-uma-entrevista-de-emprego-15-dicas-essenciais\\\/#primaryimage\"},\"thumbnailUrl\":\"https:\\\/\\\/www.vagadeempregorj.com.br\\\/wp-content\\\/uploads\\\/2023\\\/11\\\/image.png\",\"articleSection\":[\"Vagas de Emprego Nacionais\"],\"inLanguage\":\"es\"},{\"@type\":\"WebPage\",\"@id\":\"https:\\\/\\\/www.vagadeempregorj.com.br\\\/o-que-falar-de-mim-em-uma-entrevista-de-emprego-15-dicas-essenciais\\\/\",\"url\":\"https:\\\/\\\/www.vagadeempregorj.com.br\\\/o-que-falar-de-mim-em-uma-entrevista-de-emprego-15-dicas-essenciais\\\/\",\"name\":\"O Que Falar de Mim em uma Entrevista de Emprego? 15 Dicas Essenciais -\",\"isPartOf\":{\"@id\":\"https:\\\/\\\/www.vagadeempregorj.com.br\\\/#website\"},\"primaryImageOfPage\":{\"@id\":\"https:\\\/\\\/www.vagadeempregorj.com.br\\\/o-que-falar-de-mim-em-uma-entrevista-de-emprego-15-dicas-essenciais\\\/#primaryimage\"},\"image\":{\"@id\":\"https:\\\/\\\/www.vagadeempregorj.com.br\\\/o-que-falar-de-mim-em-uma-entrevista-de-emprego-15-dicas-essenciais\\\/#primaryimage\"},\"thumbnailUrl\":\"https:\\\/\\\/www.vagadeempregorj.com.br\\\/wp-content\\\/uploads\\\/2023\\\/11\\\/image.png\",\"datePublished\":\"2023-11-25T23:12:46+00:00\",\"dateModified\":\"2025-06-15T17:31:29+00:00\",\"author\":{\"@id\":\"https:\\\/\\\/www.vagadeempregorj.com.br\\\/#\\\/schema\\\/person\\\/3ddb19fa0539706786e502152f3aae95\"},\"description\":\"Veja em Vagas de Emprego RJ as vagas de emprego com e sem experi\u00eancia no seu Estado e Regi\u00e3o!\",\"breadcrumb\":{\"@id\":\"https:\\\/\\\/www.vagadeempregorj.com.br\\\/o-que-falar-de-mim-em-uma-entrevista-de-emprego-15-dicas-essenciais\\\/#breadcrumb\"},\"inLanguage\":\"es\",\"potentialAction\":[{\"@type\":\"ReadAction\",\"target\":[\"https:\\\/\\\/www.vagadeempregorj.com.br\\\/o-que-falar-de-mim-em-uma-entrevista-de-emprego-15-dicas-essenciais\\\/\"]}]},{\"@type\":\"ImageObject\",\"inLanguage\":\"es\",\"@id\":\"https:\\\/\\\/www.vagadeempregorj.com.br\\\/o-que-falar-de-mim-em-uma-entrevista-de-emprego-15-dicas-essenciais\\\/#primaryimage\",\"url\":\"https:\\\/\\\/www.vagadeempregorj.com.br\\\/wp-content\\\/uploads\\\/2023\\\/11\\\/image.png\",\"contentUrl\":\"https:\\\/\\\/www.vagadeempregorj.com.br\\\/wp-content\\\/uploads\\\/2023\\\/11\\\/image.png\",\"width\":1280,\"height\":853},{\"@type\":\"BreadcrumbList\",\"@id\":\"https:\\\/\\\/www.vagadeempregorj.com.br\\\/o-que-falar-de-mim-em-uma-entrevista-de-emprego-15-dicas-essenciais\\\/#breadcrumb\",\"itemListElement\":[{\"@type\":\"ListItem\",\"position\":1,\"name\":\"In\u00edcio\",\"item\":\"https:\\\/\\\/www.vagadeempregorj.com.br\\\/\"},{\"@type\":\"ListItem\",\"position\":2,\"name\":\"O Que Falar de Mim em uma Entrevista de Emprego? 15 Dicas Essenciais\"}]},{\"@type\":\"WebSite\",\"@id\":\"https:\\\/\\\/www.vagadeempregorj.com.br\\\/#website\",\"url\":\"https:\\\/\\\/www.vagadeempregorj.com.br\\\/\",\"name\":\"\",\"description\":\"Conquiste Sonhos: Vagas, Benef\u00edcios e Economia para Transformar Vidas e Alcan\u00e7ar Melhorias Cotidianas\",\"potentialAction\":[{\"@type\":\"SearchAction\",\"target\":{\"@type\":\"EntryPoint\",\"urlTemplate\":\"https:\\\/\\\/www.vagadeempregorj.com.br\\\/?s={search_term_string}\"},\"query-input\":{\"@type\":\"PropertyValueSpecification\",\"valueRequired\":true,\"valueName\":\"search_term_string\"}}],\"inLanguage\":\"es\"},{\"@type\":\"Person\",\"@id\":\"https:\\\/\\\/www.vagadeempregorj.com.br\\\/#\\\/schema\\\/person\\\/3ddb19fa0539706786e502152f3aae95\",\"name\":\"Michele\",\"image\":{\"@type\":\"ImageObject\",\"inLanguage\":\"es\",\"@id\":\"https:\\\/\\\/secure.gravatar.com\\\/avatar\\\/6b0eb9d22841282815e2cd856a0061c45e1761cd54b22e952d98c4746939aa85?s=96&r=g\",\"url\":\"https:\\\/\\\/secure.gravatar.com\\\/avatar\\\/6b0eb9d22841282815e2cd856a0061c45e1761cd54b22e952d98c4746939aa85?s=96&r=g\",\"contentUrl\":\"https:\\\/\\\/secure.gravatar.com\\\/avatar\\\/6b0eb9d22841282815e2cd856a0061c45e1761cd54b22e952d98c4746939aa85?s=96&r=g\",\"caption\":\"Michele\"},\"description\":\"Formada em Letras - Portugu\u00eas\\\/ Ingl\u00eas, e idealizadora do site Escritora de Sucesso, busca expandir o conhecimento de todos com informa\u00e7\u00f5es relevantes sobre diversos assuntos, enquanto redatora. No Vaga de Emprego RJ, traz oportunidades e dicas sobre o mercado de trabalho.\",\"url\":\"https:\\\/\\\/www.vagadeempregorj.com.br\\\/es\\\/author\\\/michele\\\/\"}]}<\/script>\n<!-- \/ Yoast SEO plugin. -->","yoast_head_json":{"title":"O Que Falar de Mim em uma Entrevista de Emprego? 15 Dicas Essenciais -","description":"Veja em Vagas de Emprego RJ as vagas de emprego com e sem experi\u00eancia no seu Estado e Regi\u00e3o!","robots":{"index":"index","follow":"follow","max-snippet":"max-snippet:-1","max-image-preview":"max-image-preview:large","max-video-preview":"max-video-preview:-1"},"canonical":"https:\/\/www.vagadeempregorj.com.br\/es\/o-que-falar-de-mim-em-uma-entrevista-de-emprego-15-dicas-essenciais\/","og_locale":"es_MX","og_type":"article","og_title":"O Que Falar de Mim em uma Entrevista de Emprego? 15 Dicas Essenciais -","og_description":"Veja em Vagas de Emprego RJ as vagas de emprego com e sem experi\u00eancia no seu Estado e Regi\u00e3o!","og_url":"https:\/\/www.vagadeempregorj.com.br\/es\/o-que-falar-de-mim-em-uma-entrevista-de-emprego-15-dicas-essenciais\/","article_publisher":"https:\/\/www.facebook.com\/empregobrasiloficial","article_published_time":"2023-11-25T23:12:46+00:00","article_modified_time":"2025-06-15T17:31:29+00:00","og_image":[{"width":1280,"height":853,"url":"https:\/\/www.vagadeempregorj.com.br\/wp-content\/uploads\/2023\/11\/image.png","type":"image\/png"}],"author":"Michele","twitter_card":"summary_large_image","twitter_misc":{"Written by":"Michele","Est. reading time":"5 minutos"},"schema":{"@context":"https:\/\/schema.org","@graph":[{"@type":"Article","@id":"https:\/\/www.vagadeempregorj.com.br\/o-que-falar-de-mim-em-uma-entrevista-de-emprego-15-dicas-essenciais\/#article","isPartOf":{"@id":"https:\/\/www.vagadeempregorj.com.br\/o-que-falar-de-mim-em-uma-entrevista-de-emprego-15-dicas-essenciais\/"},"author":{"name":"Michele","@id":"https:\/\/www.vagadeempregorj.com.br\/#\/schema\/person\/3ddb19fa0539706786e502152f3aae95"},"headline":"O Que Falar de Mim em uma Entrevista de Emprego? 15 Dicas Essenciais","datePublished":"2023-11-25T23:12:46+00:00","dateModified":"2025-06-15T17:31:29+00:00","mainEntityOfPage":{"@id":"https:\/\/www.vagadeempregorj.com.br\/o-que-falar-de-mim-em-uma-entrevista-de-emprego-15-dicas-essenciais\/"},"wordCount":979,"image":{"@id":"https:\/\/www.vagadeempregorj.com.br\/o-que-falar-de-mim-em-uma-entrevista-de-emprego-15-dicas-essenciais\/#primaryimage"},"thumbnailUrl":"https:\/\/www.vagadeempregorj.com.br\/wp-content\/uploads\/2023\/11\/image.png","articleSection":["Vagas de Emprego Nacionais"],"inLanguage":"es"},{"@type":"WebPage","@id":"https:\/\/www.vagadeempregorj.com.br\/o-que-falar-de-mim-em-uma-entrevista-de-emprego-15-dicas-essenciais\/","url":"https:\/\/www.vagadeempregorj.com.br\/o-que-falar-de-mim-em-uma-entrevista-de-emprego-15-dicas-essenciais\/","name":"O Que Falar de Mim em uma Entrevista de Emprego? 15 Dicas Essenciais -","isPartOf":{"@id":"https:\/\/www.vagadeempregorj.com.br\/#website"},"primaryImageOfPage":{"@id":"https:\/\/www.vagadeempregorj.com.br\/o-que-falar-de-mim-em-uma-entrevista-de-emprego-15-dicas-essenciais\/#primaryimage"},"image":{"@id":"https:\/\/www.vagadeempregorj.com.br\/o-que-falar-de-mim-em-uma-entrevista-de-emprego-15-dicas-essenciais\/#primaryimage"},"thumbnailUrl":"https:\/\/www.vagadeempregorj.com.br\/wp-content\/uploads\/2023\/11\/image.png","datePublished":"2023-11-25T23:12:46+00:00","dateModified":"2025-06-15T17:31:29+00:00","author":{"@id":"https:\/\/www.vagadeempregorj.com.br\/#\/schema\/person\/3ddb19fa0539706786e502152f3aae95"},"description":"Veja em Vagas de Emprego RJ as vagas de emprego com e sem experi\u00eancia no seu Estado e Regi\u00e3o!","breadcrumb":{"@id":"https:\/\/www.vagadeempregorj.com.br\/o-que-falar-de-mim-em-uma-entrevista-de-emprego-15-dicas-essenciais\/#breadcrumb"},"inLanguage":"es","potentialAction":[{"@type":"ReadAction","target":["https:\/\/www.vagadeempregorj.com.br\/o-que-falar-de-mim-em-uma-entrevista-de-emprego-15-dicas-essenciais\/"]}]},{"@type":"ImageObject","inLanguage":"es","@id":"https:\/\/www.vagadeempregorj.com.br\/o-que-falar-de-mim-em-uma-entrevista-de-emprego-15-dicas-essenciais\/#primaryimage","url":"https:\/\/www.vagadeempregorj.com.br\/wp-content\/uploads\/2023\/11\/image.png","contentUrl":"https:\/\/www.vagadeempregorj.com.br\/wp-content\/uploads\/2023\/11\/image.png","width":1280,"height":853},{"@type":"BreadcrumbList","@id":"https:\/\/www.vagadeempregorj.com.br\/o-que-falar-de-mim-em-uma-entrevista-de-emprego-15-dicas-essenciais\/#breadcrumb","itemListElement":[{"@type":"ListItem","position":1,"name":"In\u00edcio","item":"https:\/\/www.vagadeempregorj.com.br\/"},{"@type":"ListItem","position":2,"name":"O Que Falar de Mim em uma Entrevista de Emprego? 15 Dicas Essenciais"}]},{"@type":"WebSite","@id":"https:\/\/www.vagadeempregorj.com.br\/#website","url":"https:\/\/www.vagadeempregorj.com.br\/","name":"","description":"Conquiste Sonhos: Vagas, Benef\u00edcios e Economia para Transformar Vidas e Alcan\u00e7ar Melhorias Cotidianas","potentialAction":[{"@type":"SearchAction","target":{"@type":"EntryPoint","urlTemplate":"https:\/\/www.vagadeempregorj.com.br\/?s={search_term_string}"},"query-input":{"@type":"PropertyValueSpecification","valueRequired":true,"valueName":"search_term_string"}}],"inLanguage":"es"},{"@type":"Person","@id":"https:\/\/www.vagadeempregorj.com.br\/#\/schema\/person\/3ddb19fa0539706786e502152f3aae95","name":"Michele","image":{"@type":"ImageObject","inLanguage":"es","@id":"https:\/\/secure.gravatar.com\/avatar\/6b0eb9d22841282815e2cd856a0061c45e1761cd54b22e952d98c4746939aa85?s=96&r=g","url":"https:\/\/secure.gravatar.com\/avatar\/6b0eb9d22841282815e2cd856a0061c45e1761cd54b22e952d98c4746939aa85?s=96&r=g","contentUrl":"https:\/\/secure.gravatar.com\/avatar\/6b0eb9d22841282815e2cd856a0061c45e1761cd54b22e952d98c4746939aa85?s=96&r=g","caption":"Michele"},"description":"Formada em Letras - Portugu\u00eas\/ Ingl\u00eas, e idealizadora do site Escritora de Sucesso, busca expandir o conhecimento de todos com informa\u00e7\u00f5es relevantes sobre diversos assuntos, enquanto redatora. No Vaga de Emprego RJ, traz oportunidades e dicas sobre o mercado de trabalho.","url":"https:\/\/www.vagadeempregorj.com.br\/es\/author\/michele\/"}]}},"_links":{"self":[{"href":"https:\/\/www.vagadeempregorj.com.br\/es\/wp-json\/wp\/v2\/posts\/39145","targetHints":{"allow":["GET"]}}],"collection":[{"href":"https:\/\/www.vagadeempregorj.com.br\/es\/wp-json\/wp\/v2\/posts"}],"about":[{"href":"https:\/\/www.vagadeempregorj.com.br\/es\/wp-json\/wp\/v2\/types\/post"}],"author":[{"embeddable":true,"href":"https:\/\/www.vagadeempregorj.com.br\/es\/wp-json\/wp\/v2\/users\/16"}],"replies":[{"embeddable":true,"href":"https:\/\/www.vagadeempregorj.com.br\/es\/wp-json\/wp\/v2\/comments?post=39145"}],"version-history":[{"count":1,"href":"https:\/\/www.vagadeempregorj.com.br\/es\/wp-json\/wp\/v2\/posts\/39145\/revisions"}],"predecessor-version":[{"id":43571,"href":"https:\/\/www.vagadeempregorj.com.br\/es\/wp-json\/wp\/v2\/posts\/39145\/revisions\/43571"}],"wp:featuredmedia":[{"embeddable":true,"href":"https:\/\/www.vagadeempregorj.com.br\/es\/wp-json\/wp\/v2\/media\/39146"}],"wp:attachment":[{"href":"https:\/\/www.vagadeempregorj.com.br\/es\/wp-json\/wp\/v2\/media?parent=39145"}],"wp:term":[{"taxonomy":"category","embeddable":true,"href":"https:\/\/www.vagadeempregorj.com.br\/es\/wp-json\/wp\/v2\/categories?post=39145"},{"taxonomy":"post_tag","embeddable":true,"href":"https:\/\/www.vagadeempregorj.com.br\/es\/wp-json\/wp\/v2\/tags?post=39145"}],"curies":[{"name":"wp","href":"https:\/\/api.w.org\/{rel}","templated":true}]}}