{"id":39378,"date":"2024-02-09T00:01:00","date_gmt":"2024-02-09T03:01:00","guid":{"rendered":"https:\/\/www.vagadeempregorj.com.br\/?p=39378"},"modified":"2024-01-23T18:17:57","modified_gmt":"2024-01-23T21:17:57","slug":"trabalhar-na-renault-veja-as-vagas-de-emprego-disponiveis","status":"publish","type":"post","link":"https:\/\/www.vagadeempregorj.com.br\/es\/trabalhar-na-renault-veja-as-vagas-de-emprego-disponiveis\/","title":{"rendered":"Trabalhar na Renault: Veja as vagas de emprego dispon\u00edveis"},"content":{"rendered":"<p>Se voc\u00ea \u00e9 apaixonado por autom\u00f3veis e est\u00e1 em busca de uma carreira desafiadora e recompensadora, a Renault pode ser o lugar ideal para voc\u00ea. A montadora francesa, conhecida por sua inova\u00e7\u00e3o e design arrojado, est\u00e1 constantemente em busca de talentos para integrar sua equipe. Neste blogpost, vamos explorar as oportunidades de emprego dispon\u00edveis na Renault, bem como os benef\u00edcios de trabalhar em uma das maiores empresas automotivas do mundo.<\/p>\n\n\n\n<h2 class=\"wp-block-heading\">Trabalhar na Renault: Inova\u00e7\u00e3o e Paix\u00e3o Automotiva<\/h2>\n\n\n\n<p>A Renault tem uma longa hist\u00f3ria de inova\u00e7\u00e3o no setor automotivo, desde a cria\u00e7\u00e3o do primeiro ve\u00edculo com motor traseiro em 1895 at\u00e9 os modelos modernos e sustent\u00e1veis de hoje. A cultura da empresa \u00e9 impulsionada pela paix\u00e3o pela engenharia automotiva e o compromisso com a excel\u00eancia. Trabalhar na Renault significa fazer parte de uma equipe global que valoriza a diversidade, a criatividade e a busca constante por solu\u00e7\u00f5es inovadoras.<\/p>\n\n\n\n<h3 class=\"wp-block-heading\">Renault<\/h3>\n\n\n\n<p>A Renault \u00e9 uma renomada montadora de autom\u00f3veis com origens francesas, reconhecida internacionalmente por sua contribui\u00e7\u00e3o significativa para a ind\u00fastria automotiva ao longo dos anos. Fundada em 1899 pelos irm\u00e3os Louis, Marcel e Fernand Renault, a empresa tem uma rica hist\u00f3ria de inova\u00e7\u00e3o, desde os primeiros ve\u00edculos fabricados at\u00e9 os modelos modernos e sustent\u00e1veis produzidos nos dias de hoje.<\/p>\n\n\n\n<p>A hist\u00f3ria da Renault remonta \u00e0 virada do s\u00e9culo XX, quando os irm\u00e3os Renault come\u00e7aram a fabricar seus pr\u00f3prios ve\u00edculos motorizados. Um marco not\u00e1vel foi a produ\u00e7\u00e3o do Renault Voiturette, um dos primeiros autom\u00f3veis acess\u00edveis para o p\u00fablico em geral. A empresa continuou a crescer e inovar ao longo das d\u00e9cadas, contribuindo para o desenvolvimento de tecnologias automotivas e a cria\u00e7\u00e3o de modelos ic\u00f4nicos.<\/p>\n\n\n\n<figure class=\"wp-block-image size-full\"><img loading=\"lazy\" decoding=\"async\" width=\"549\" height=\"309\" src=\"https:\/\/www.vagadeempregorj.com.br\/wp-content\/uploads\/2024\/01\/image-13.png\" alt=\"\" class=\"wp-image-39394\" srcset=\"https:\/\/www.vagadeempregorj.com.br\/wp-content\/uploads\/2024\/01\/image-13.png 549w, https:\/\/www.vagadeempregorj.com.br\/wp-content\/uploads\/2024\/01\/image-13-300x169.png 300w, https:\/\/www.vagadeempregorj.com.br\/wp-content\/uploads\/2024\/01\/image-13-383x215.png 383w, https:\/\/www.vagadeempregorj.com.br\/wp-content\/uploads\/2024\/01\/image-13-150x84.png 150w\" sizes=\"auto, (max-width: 549px) 100vw, 549px\" \/><\/figure>\n\n\n\n<p>A Renault sempre esteve na vanguarda da inova\u00e7\u00e3o automotiva. Ao longo dos anos, a empresa introduziu avan\u00e7os significativos, desde a introdu\u00e7\u00e3o do motor traseiro no Renault 4CV at\u00e9 a inova\u00e7\u00e3o cont\u00ednua em design, seguran\u00e7a e efici\u00eancia energ\u00e9tica. A Renault tem sido uma l\u00edder em ve\u00edculos el\u00e9tricos, com o popular modelo Zoe e o compromisso constante com solu\u00e7\u00f5es de mobilidade sustent\u00e1veis.<\/p>\n\n\n\n<p>A linha de ve\u00edculos da Renault abrange uma ampla variedade de segmentos, desde carros compactos at\u00e9 ve\u00edculos utilit\u00e1rios esportivos (SUVs) e comerciais. Alguns dos modelos mais conhecidos incluem o Renault Clio, o Megane, o Captur e o Kadjar. A Renault tamb\u00e9m tem uma forte presen\u00e7a no mercado de ve\u00edculos el\u00e9tricos, com o Zoe e o Twizy.<\/p>\n\n\n\n<h2 class=\"wp-block-heading\">Vagas Dispon\u00edveis<\/h2>\n\n\n\n<p>A Renault oferece uma variedade de oportunidades de carreira em diversas \u00e1reas, incluindo engenharia, design, produ\u00e7\u00e3o, marketing, vendas, finan\u00e7as e muito mais. Abaixo est\u00e3o algumas das vagas atualmente dispon\u00edveis:<\/p>\n\n\n\n<h3 class=\"wp-block-heading\">Engenheiro de Desenvolvimento de Produto<\/h3>\n\n\n\n<p>Requisitos: Forma\u00e7\u00e3o em Engenharia Mec\u00e2nica, experi\u00eancia em desenvolvimento de ve\u00edculos, habilidades avan\u00e7adas em software de CAD.<\/p>\n\n\n\n<p>Localiza\u00e7\u00e3o: S\u00e3o Paulo, SP.<\/p>\n\n\n\n<h3 class=\"wp-block-heading\">Analista de Marketing Digital<\/h3>\n\n\n\n<p>Requisitos: Gradua\u00e7\u00e3o em Marketing ou \u00e1reas relacionadas, experi\u00eancia em estrat\u00e9gias de marketing digital, familiaridade com ferramentas de an\u00e1lise.<\/p>\n\n\n\n<p>Localiza\u00e7\u00e3o: Rio de Janeiro, RJ.<\/p>\n\n\n\n<h3 class=\"wp-block-heading\">T\u00e9cnico de Produ\u00e7\u00e3o<\/h3>\n\n\n\n<p>Requisitos: Forma\u00e7\u00e3o t\u00e9cnica em Mec\u00e2nica ou \u00e1reas afins, experi\u00eancia em linha de produ\u00e7\u00e3o, conhecimento em normas de seguran\u00e7a.<\/p>\n\n\n\n<p>Localiza\u00e7\u00e3o: Curitiba, PR.<\/p>\n\n\n\n<h3 class=\"wp-block-heading\">Especialista em Sustentabilidade<\/h3>\n\n\n\n<p>Requisitos: Forma\u00e7\u00e3o em Sustentabilidade, experi\u00eancia em implementa\u00e7\u00e3o de pr\u00e1ticas sustent\u00e1veis, familiaridade com normas ambientais.<\/p>\n\n\n\n<p>Localiza\u00e7\u00e3o: Belo Horizonte, MG.<\/p>\n\n\n\n<h2 class=\"wp-block-heading\">Benef\u00edcios de Trabalhar na Renault<\/h2>\n\n\n\n<p>Al\u00e9m de oportunidades emocionantes e desafiadoras, a Renault oferece uma variedade de benef\u00edcios para seus colaboradores:<\/p>\n\n\n\n<ul class=\"wp-block-list\">\n<li>Desenvolvimento Profissional: Programas de treinamento cont\u00ednuo e oportunidades de desenvolvimento de carreira.<\/li>\n\n\n\n<li>Ambiente Inovador: Trabalhe em um ambiente que valoriza a criatividade e a inova\u00e7\u00e3o.<\/li>\n\n\n\n<li>Remunera\u00e7\u00e3o Competitiva: Sal\u00e1rios competitivos e pacotes de benef\u00edcios abrangentes.<\/li>\n\n\n\n<li>Cultura Inclusiva: Uma cultura que promove a diversidade e a inclus\u00e3o.<\/li>\n\n\n\n<li>Sustentabilidade: Fa\u00e7a parte de uma empresa comprometida com pr\u00e1ticas sustent\u00e1veis e responsabilidade ambiental.<\/li>\n<\/ul>\n\n\n\n<h2 class=\"wp-block-heading\">Como Candidatar-se<\/h2>\n\n\n\n<p>Se uma das vagas acima despertou seu interesse, visite o site oficial da Renault para obter informa\u00e7\u00f5es detalhadas sobre os requisitos espec\u00edficos de cada posi\u00e7\u00e3o. L\u00e1, voc\u00ea tamb\u00e9m encontrar\u00e1 o processo de candidatura online, permitindo que voc\u00ea envie sua inscri\u00e7\u00e3o de maneira f\u00e1cil e conveniente.<\/p>\n\n\n\n<p>Trabalhar na Renault \u00e9 mais do que apenas um emprego; \u00e9 uma oportunidade de fazer parte de uma equipe apaixonada que molda o futuro da ind\u00fastria automotiva. N\u00e3o perca a chance de impulsionar sua carreira em uma das empresas mais ic\u00f4nicas do mundo.<\/p>\n\n\n\n<p>Junte-se \u00e0 Renault e seja parte da inova\u00e7\u00e3o que est\u00e1 transformando a maneira como nos movemos!<\/p>\n\n\n\n<p><strong><strong>Veja tamb\u00e9m: <a href=\"https:\/\/www.vagadeempregorj.com.br\/es\/6-erros-no-curriculo-que-podem-te-desclassificar\/\">6 erros no curr\u00edculo que podem te desclassificar<\/a><\/strong><\/strong><\/p>\n\n\n\n<p>9 de fevereiro de 2024<\/p>","protected":false},"excerpt":{"rendered":"<p>Se voc\u00ea \u00e9 apaixonado por autom\u00f3veis e est\u00e1 em busca de uma carreira desafiadora e recompensadora, a Renault pode ser o lugar ideal para voc\u00ea. A montadora francesa, conhecida por sua inova\u00e7\u00e3o e design arrojado, est\u00e1 constantemente em busca de talentos para integrar sua equipe. Neste blogpost, vamos explorar as oportunidades de emprego dispon\u00edveis na&hellip;&nbsp;<\/p>","protected":false},"author":16,"featured_media":39394,"comment_status":"closed","ping_status":"closed","sticky":false,"template":"","format":"standard","meta":{"neve_meta_sidebar":"","neve_meta_container":"","neve_meta_enable_content_width":"","neve_meta_content_width":0,"neve_meta_title_alignment":"","neve_meta_author_avatar":"","neve_post_elements_order":"","neve_meta_disable_header":"","neve_meta_disable_footer":"","neve_meta_disable_title":"","footnotes":""},"categories":[123],"tags":[],"class_list":["post-39378","post","type-post","status-publish","format-standard","has-post-thumbnail","hentry","category-vagas-de-emprego-nacionais"],"yoast_head":"<!-- This site is optimized with the Yoast SEO plugin v27.5 - https:\/\/yoast.com\/product\/yoast-seo-wordpress\/ -->\n<title>Trabalhar na Renault: Veja as vagas de emprego dispon\u00edveis -<\/title>\n<meta name=\"description\" content=\"Veja em Vagas de Emprego RJ as vagas de emprego com e sem experi\u00eancia no seu Estado e Regi\u00e3o!\" \/>\n<meta name=\"robots\" content=\"index, follow, max-snippet:-1, max-image-preview:large, max-video-preview:-1\" \/>\n<link rel=\"canonical\" href=\"https:\/\/www.vagadeempregorj.com.br\/es\/trabalhar-na-renault-veja-as-vagas-de-emprego-disponiveis\/\" \/>\n<meta property=\"og:locale\" content=\"es_MX\" \/>\n<meta property=\"og:type\" content=\"article\" \/>\n<meta property=\"og:title\" content=\"Trabalhar na Renault: Veja as vagas de emprego dispon\u00edveis -\" \/>\n<meta property=\"og:description\" content=\"Veja em Vagas de Emprego RJ as vagas de emprego com e sem experi\u00eancia no seu Estado e Regi\u00e3o!\" \/>\n<meta property=\"og:url\" content=\"https:\/\/www.vagadeempregorj.com.br\/es\/trabalhar-na-renault-veja-as-vagas-de-emprego-disponiveis\/\" \/>\n<meta property=\"article:publisher\" content=\"https:\/\/www.facebook.com\/empregobrasiloficial\" \/>\n<meta property=\"article:published_time\" content=\"2024-02-09T03:01:00+00:00\" \/>\n<meta property=\"og:image\" content=\"https:\/\/www.vagadeempregorj.com.br\/wp-content\/uploads\/2024\/01\/image-13.png\" \/>\n\t<meta property=\"og:image:width\" content=\"549\" \/>\n\t<meta property=\"og:image:height\" content=\"309\" \/>\n\t<meta property=\"og:image:type\" content=\"image\/png\" \/>\n<meta name=\"author\" content=\"Michele\" \/>\n<meta name=\"twitter:card\" content=\"summary_large_image\" \/>\n<meta name=\"twitter:label1\" content=\"Written by\" \/>\n\t<meta name=\"twitter:data1\" content=\"Michele\" \/>\n\t<meta name=\"twitter:label2\" content=\"Est. reading time\" \/>\n\t<meta name=\"twitter:data2\" content=\"4 minutos\" \/>\n<script type=\"application\/ld+json\" class=\"yoast-schema-graph\">{\"@context\":\"https:\\\/\\\/schema.org\",\"@graph\":[{\"@type\":\"Article\",\"@id\":\"https:\\\/\\\/www.vagadeempregorj.com.br\\\/trabalhar-na-renault-veja-as-vagas-de-emprego-disponiveis\\\/#article\",\"isPartOf\":{\"@id\":\"https:\\\/\\\/www.vagadeempregorj.com.br\\\/trabalhar-na-renault-veja-as-vagas-de-emprego-disponiveis\\\/\"},\"author\":{\"name\":\"Michele\",\"@id\":\"https:\\\/\\\/www.vagadeempregorj.com.br\\\/#\\\/schema\\\/person\\\/3ddb19fa0539706786e502152f3aae95\"},\"headline\":\"Trabalhar na Renault: Veja as vagas de emprego dispon\u00edveis\",\"datePublished\":\"2024-02-09T03:01:00+00:00\",\"mainEntityOfPage\":{\"@id\":\"https:\\\/\\\/www.vagadeempregorj.com.br\\\/trabalhar-na-renault-veja-as-vagas-de-emprego-disponiveis\\\/\"},\"wordCount\":825,\"image\":{\"@id\":\"https:\\\/\\\/www.vagadeempregorj.com.br\\\/trabalhar-na-renault-veja-as-vagas-de-emprego-disponiveis\\\/#primaryimage\"},\"thumbnailUrl\":\"https:\\\/\\\/www.vagadeempregorj.com.br\\\/wp-content\\\/uploads\\\/2024\\\/01\\\/image-13.png\",\"articleSection\":[\"Vagas de Emprego Nacionais\"],\"inLanguage\":\"es\"},{\"@type\":\"WebPage\",\"@id\":\"https:\\\/\\\/www.vagadeempregorj.com.br\\\/trabalhar-na-renault-veja-as-vagas-de-emprego-disponiveis\\\/\",\"url\":\"https:\\\/\\\/www.vagadeempregorj.com.br\\\/trabalhar-na-renault-veja-as-vagas-de-emprego-disponiveis\\\/\",\"name\":\"Trabalhar na Renault: Veja as vagas de emprego dispon\u00edveis -\",\"isPartOf\":{\"@id\":\"https:\\\/\\\/www.vagadeempregorj.com.br\\\/#website\"},\"primaryImageOfPage\":{\"@id\":\"https:\\\/\\\/www.vagadeempregorj.com.br\\\/trabalhar-na-renault-veja-as-vagas-de-emprego-disponiveis\\\/#primaryimage\"},\"image\":{\"@id\":\"https:\\\/\\\/www.vagadeempregorj.com.br\\\/trabalhar-na-renault-veja-as-vagas-de-emprego-disponiveis\\\/#primaryimage\"},\"thumbnailUrl\":\"https:\\\/\\\/www.vagadeempregorj.com.br\\\/wp-content\\\/uploads\\\/2024\\\/01\\\/image-13.png\",\"datePublished\":\"2024-02-09T03:01:00+00:00\",\"author\":{\"@id\":\"https:\\\/\\\/www.vagadeempregorj.com.br\\\/#\\\/schema\\\/person\\\/3ddb19fa0539706786e502152f3aae95\"},\"description\":\"Veja em Vagas de Emprego RJ as vagas de emprego com e sem experi\u00eancia no seu Estado e Regi\u00e3o!\",\"breadcrumb\":{\"@id\":\"https:\\\/\\\/www.vagadeempregorj.com.br\\\/trabalhar-na-renault-veja-as-vagas-de-emprego-disponiveis\\\/#breadcrumb\"},\"inLanguage\":\"es\",\"potentialAction\":[{\"@type\":\"ReadAction\",\"target\":[\"https:\\\/\\\/www.vagadeempregorj.com.br\\\/trabalhar-na-renault-veja-as-vagas-de-emprego-disponiveis\\\/\"]}]},{\"@type\":\"ImageObject\",\"inLanguage\":\"es\",\"@id\":\"https:\\\/\\\/www.vagadeempregorj.com.br\\\/trabalhar-na-renault-veja-as-vagas-de-emprego-disponiveis\\\/#primaryimage\",\"url\":\"https:\\\/\\\/www.vagadeempregorj.com.br\\\/wp-content\\\/uploads\\\/2024\\\/01\\\/image-13.png\",\"contentUrl\":\"https:\\\/\\\/www.vagadeempregorj.com.br\\\/wp-content\\\/uploads\\\/2024\\\/01\\\/image-13.png\",\"width\":549,\"height\":309},{\"@type\":\"BreadcrumbList\",\"@id\":\"https:\\\/\\\/www.vagadeempregorj.com.br\\\/trabalhar-na-renault-veja-as-vagas-de-emprego-disponiveis\\\/#breadcrumb\",\"itemListElement\":[{\"@type\":\"ListItem\",\"position\":1,\"name\":\"In\u00edcio\",\"item\":\"https:\\\/\\\/www.vagadeempregorj.com.br\\\/\"},{\"@type\":\"ListItem\",\"position\":2,\"name\":\"Vagas de Emprego Nacionais\",\"item\":\"https:\\\/\\\/www.vagadeempregorj.com.br\\\/vagas-de-emprego-nacionais\\\/\"},{\"@type\":\"ListItem\",\"position\":3,\"name\":\"Trabalhar na Renault: Veja as vagas de emprego dispon\u00edveis\"}]},{\"@type\":\"WebSite\",\"@id\":\"https:\\\/\\\/www.vagadeempregorj.com.br\\\/#website\",\"url\":\"https:\\\/\\\/www.vagadeempregorj.com.br\\\/\",\"name\":\"\",\"description\":\"Conquiste Sonhos: Vagas, Benef\u00edcios e Economia para Transformar Vidas e Alcan\u00e7ar Melhorias Cotidianas\",\"potentialAction\":[{\"@type\":\"SearchAction\",\"target\":{\"@type\":\"EntryPoint\",\"urlTemplate\":\"https:\\\/\\\/www.vagadeempregorj.com.br\\\/?s={search_term_string}\"},\"query-input\":{\"@type\":\"PropertyValueSpecification\",\"valueRequired\":true,\"valueName\":\"search_term_string\"}}],\"inLanguage\":\"es\"},{\"@type\":\"Person\",\"@id\":\"https:\\\/\\\/www.vagadeempregorj.com.br\\\/#\\\/schema\\\/person\\\/3ddb19fa0539706786e502152f3aae95\",\"name\":\"Michele\",\"image\":{\"@type\":\"ImageObject\",\"inLanguage\":\"es\",\"@id\":\"https:\\\/\\\/secure.gravatar.com\\\/avatar\\\/6b0eb9d22841282815e2cd856a0061c45e1761cd54b22e952d98c4746939aa85?s=96&r=g\",\"url\":\"https:\\\/\\\/secure.gravatar.com\\\/avatar\\\/6b0eb9d22841282815e2cd856a0061c45e1761cd54b22e952d98c4746939aa85?s=96&r=g\",\"contentUrl\":\"https:\\\/\\\/secure.gravatar.com\\\/avatar\\\/6b0eb9d22841282815e2cd856a0061c45e1761cd54b22e952d98c4746939aa85?s=96&r=g\",\"caption\":\"Michele\"},\"description\":\"Formada em Letras - Portugu\u00eas\\\/ Ingl\u00eas, e idealizadora do site Escritora de Sucesso, busca expandir o conhecimento de todos com informa\u00e7\u00f5es relevantes sobre diversos assuntos, enquanto redatora. No Vaga de Emprego RJ, traz oportunidades e dicas sobre o mercado de trabalho.\",\"url\":\"https:\\\/\\\/www.vagadeempregorj.com.br\\\/es\\\/author\\\/michele\\\/\"}]}<\/script>\n<!-- \/ Yoast SEO plugin. -->","yoast_head_json":{"title":"Trabalhar na Renault: Veja as vagas de emprego dispon\u00edveis -","description":"Veja em Vagas de Emprego RJ as vagas de emprego com e sem experi\u00eancia no seu Estado e Regi\u00e3o!","robots":{"index":"index","follow":"follow","max-snippet":"max-snippet:-1","max-image-preview":"max-image-preview:large","max-video-preview":"max-video-preview:-1"},"canonical":"https:\/\/www.vagadeempregorj.com.br\/es\/trabalhar-na-renault-veja-as-vagas-de-emprego-disponiveis\/","og_locale":"es_MX","og_type":"article","og_title":"Trabalhar na Renault: Veja as vagas de emprego dispon\u00edveis -","og_description":"Veja em Vagas de Emprego RJ as vagas de emprego com e sem experi\u00eancia no seu Estado e Regi\u00e3o!","og_url":"https:\/\/www.vagadeempregorj.com.br\/es\/trabalhar-na-renault-veja-as-vagas-de-emprego-disponiveis\/","article_publisher":"https:\/\/www.facebook.com\/empregobrasiloficial","article_published_time":"2024-02-09T03:01:00+00:00","og_image":[{"width":549,"height":309,"url":"https:\/\/www.vagadeempregorj.com.br\/wp-content\/uploads\/2024\/01\/image-13.png","type":"image\/png"}],"author":"Michele","twitter_card":"summary_large_image","twitter_misc":{"Written by":"Michele","Est. reading time":"4 minutos"},"schema":{"@context":"https:\/\/schema.org","@graph":[{"@type":"Article","@id":"https:\/\/www.vagadeempregorj.com.br\/trabalhar-na-renault-veja-as-vagas-de-emprego-disponiveis\/#article","isPartOf":{"@id":"https:\/\/www.vagadeempregorj.com.br\/trabalhar-na-renault-veja-as-vagas-de-emprego-disponiveis\/"},"author":{"name":"Michele","@id":"https:\/\/www.vagadeempregorj.com.br\/#\/schema\/person\/3ddb19fa0539706786e502152f3aae95"},"headline":"Trabalhar na Renault: Veja as vagas de emprego dispon\u00edveis","datePublished":"2024-02-09T03:01:00+00:00","mainEntityOfPage":{"@id":"https:\/\/www.vagadeempregorj.com.br\/trabalhar-na-renault-veja-as-vagas-de-emprego-disponiveis\/"},"wordCount":825,"image":{"@id":"https:\/\/www.vagadeempregorj.com.br\/trabalhar-na-renault-veja-as-vagas-de-emprego-disponiveis\/#primaryimage"},"thumbnailUrl":"https:\/\/www.vagadeempregorj.com.br\/wp-content\/uploads\/2024\/01\/image-13.png","articleSection":["Vagas de Emprego Nacionais"],"inLanguage":"es"},{"@type":"WebPage","@id":"https:\/\/www.vagadeempregorj.com.br\/trabalhar-na-renault-veja-as-vagas-de-emprego-disponiveis\/","url":"https:\/\/www.vagadeempregorj.com.br\/trabalhar-na-renault-veja-as-vagas-de-emprego-disponiveis\/","name":"Trabalhar na Renault: Veja as vagas de emprego dispon\u00edveis -","isPartOf":{"@id":"https:\/\/www.vagadeempregorj.com.br\/#website"},"primaryImageOfPage":{"@id":"https:\/\/www.vagadeempregorj.com.br\/trabalhar-na-renault-veja-as-vagas-de-emprego-disponiveis\/#primaryimage"},"image":{"@id":"https:\/\/www.vagadeempregorj.com.br\/trabalhar-na-renault-veja-as-vagas-de-emprego-disponiveis\/#primaryimage"},"thumbnailUrl":"https:\/\/www.vagadeempregorj.com.br\/wp-content\/uploads\/2024\/01\/image-13.png","datePublished":"2024-02-09T03:01:00+00:00","author":{"@id":"https:\/\/www.vagadeempregorj.com.br\/#\/schema\/person\/3ddb19fa0539706786e502152f3aae95"},"description":"Veja em Vagas de Emprego RJ as vagas de emprego com e sem experi\u00eancia no seu Estado e Regi\u00e3o!","breadcrumb":{"@id":"https:\/\/www.vagadeempregorj.com.br\/trabalhar-na-renault-veja-as-vagas-de-emprego-disponiveis\/#breadcrumb"},"inLanguage":"es","potentialAction":[{"@type":"ReadAction","target":["https:\/\/www.vagadeempregorj.com.br\/trabalhar-na-renault-veja-as-vagas-de-emprego-disponiveis\/"]}]},{"@type":"ImageObject","inLanguage":"es","@id":"https:\/\/www.vagadeempregorj.com.br\/trabalhar-na-renault-veja-as-vagas-de-emprego-disponiveis\/#primaryimage","url":"https:\/\/www.vagadeempregorj.com.br\/wp-content\/uploads\/2024\/01\/image-13.png","contentUrl":"https:\/\/www.vagadeempregorj.com.br\/wp-content\/uploads\/2024\/01\/image-13.png","width":549,"height":309},{"@type":"BreadcrumbList","@id":"https:\/\/www.vagadeempregorj.com.br\/trabalhar-na-renault-veja-as-vagas-de-emprego-disponiveis\/#breadcrumb","itemListElement":[{"@type":"ListItem","position":1,"name":"In\u00edcio","item":"https:\/\/www.vagadeempregorj.com.br\/"},{"@type":"ListItem","position":2,"name":"Vagas de Emprego Nacionais","item":"https:\/\/www.vagadeempregorj.com.br\/vagas-de-emprego-nacionais\/"},{"@type":"ListItem","position":3,"name":"Trabalhar na Renault: Veja as vagas de emprego dispon\u00edveis"}]},{"@type":"WebSite","@id":"https:\/\/www.vagadeempregorj.com.br\/#website","url":"https:\/\/www.vagadeempregorj.com.br\/","name":"","description":"Conquiste Sonhos: Vagas, Benef\u00edcios e Economia para Transformar Vidas e Alcan\u00e7ar Melhorias Cotidianas","potentialAction":[{"@type":"SearchAction","target":{"@type":"EntryPoint","urlTemplate":"https:\/\/www.vagadeempregorj.com.br\/?s={search_term_string}"},"query-input":{"@type":"PropertyValueSpecification","valueRequired":true,"valueName":"search_term_string"}}],"inLanguage":"es"},{"@type":"Person","@id":"https:\/\/www.vagadeempregorj.com.br\/#\/schema\/person\/3ddb19fa0539706786e502152f3aae95","name":"Michele","image":{"@type":"ImageObject","inLanguage":"es","@id":"https:\/\/secure.gravatar.com\/avatar\/6b0eb9d22841282815e2cd856a0061c45e1761cd54b22e952d98c4746939aa85?s=96&r=g","url":"https:\/\/secure.gravatar.com\/avatar\/6b0eb9d22841282815e2cd856a0061c45e1761cd54b22e952d98c4746939aa85?s=96&r=g","contentUrl":"https:\/\/secure.gravatar.com\/avatar\/6b0eb9d22841282815e2cd856a0061c45e1761cd54b22e952d98c4746939aa85?s=96&r=g","caption":"Michele"},"description":"Formada em Letras - Portugu\u00eas\/ Ingl\u00eas, e idealizadora do site Escritora de Sucesso, busca expandir o conhecimento de todos com informa\u00e7\u00f5es relevantes sobre diversos assuntos, enquanto redatora. No Vaga de Emprego RJ, traz oportunidades e dicas sobre o mercado de trabalho.","url":"https:\/\/www.vagadeempregorj.com.br\/es\/author\/michele\/"}]}},"_links":{"self":[{"href":"https:\/\/www.vagadeempregorj.com.br\/es\/wp-json\/wp\/v2\/posts\/39378","targetHints":{"allow":["GET"]}}],"collection":[{"href":"https:\/\/www.vagadeempregorj.com.br\/es\/wp-json\/wp\/v2\/posts"}],"about":[{"href":"https:\/\/www.vagadeempregorj.com.br\/es\/wp-json\/wp\/v2\/types\/post"}],"author":[{"embeddable":true,"href":"https:\/\/www.vagadeempregorj.com.br\/es\/wp-json\/wp\/v2\/users\/16"}],"replies":[{"embeddable":true,"href":"https:\/\/www.vagadeempregorj.com.br\/es\/wp-json\/wp\/v2\/comments?post=39378"}],"version-history":[{"count":0,"href":"https:\/\/www.vagadeempregorj.com.br\/es\/wp-json\/wp\/v2\/posts\/39378\/revisions"}],"wp:featuredmedia":[{"embeddable":true,"href":"https:\/\/www.vagadeempregorj.com.br\/es\/wp-json\/wp\/v2\/media\/39394"}],"wp:attachment":[{"href":"https:\/\/www.vagadeempregorj.com.br\/es\/wp-json\/wp\/v2\/media?parent=39378"}],"wp:term":[{"taxonomy":"category","embeddable":true,"href":"https:\/\/www.vagadeempregorj.com.br\/es\/wp-json\/wp\/v2\/categories?post=39378"},{"taxonomy":"post_tag","embeddable":true,"href":"https:\/\/www.vagadeempregorj.com.br\/es\/wp-json\/wp\/v2\/tags?post=39378"}],"curies":[{"name":"wp","href":"https:\/\/api.w.org\/{rel}","templated":true}]}}