{"id":39552,"date":"2024-03-31T00:01:00","date_gmt":"2024-03-31T03:01:00","guid":{"rendered":"https:\/\/www.vagadeempregorj.com.br\/?p=39552"},"modified":"2024-03-27T14:00:26","modified_gmt":"2024-03-27T17:00:26","slug":"emprego-publico-vs-emprego-privado-qual-e-a-melhor-escolha-para-voce","status":"publish","type":"post","link":"https:\/\/www.vagadeempregorj.com.br\/es\/emprego-publico-vs-emprego-privado-qual-e-a-melhor-escolha-para-voce\/","title":{"rendered":"Emprego P\u00fablico vs. Emprego Privado: Qual \u00e9 a Melhor Escolha para Voc\u00ea?"},"content":{"rendered":"<p>Na jornada em dire\u00e7\u00e3o ao mundo do trabalho, uma das decis\u00f5es mais cruciais que enfrentamos \u00e9 escolher entre o emprego p\u00fablico e o emprego privado. Ambas as op\u00e7\u00f5es t\u00eam seus pr\u00f3prios conjuntos de vantagens e desvantagens, e encontrar a melhor escolha para voc\u00ea requer uma an\u00e1lise cuidadosa de seus objetivos, valores e circunst\u00e2ncias pessoais.<\/p>\n\n\n\n<h2 class=\"wp-block-heading\">Emprego P\u00fablico: Estabilidade e Servi\u00e7o \u00e0 Comunidade<\/h2>\n\n\n\n<p>O emprego p\u00fablico \u00e9 frequentemente associado \u00e0 estabilidade e seguran\u00e7a no emprego. Os funcion\u00e1rios p\u00fablicos geralmente desfrutam de benef\u00edcios robustos, como planos de aposentadoria s\u00f3lidos, seguro de sa\u00fade abrangente e f\u00e9rias remuneradas generosas. Al\u00e9m disso, os sal\u00e1rios nos setores p\u00fablico tendem a ser mais padronizados e menos suscet\u00edveis a flutua\u00e7\u00f5es econ\u00f4micas do que no setor privado.<\/p>\n\n\n\n<p>Outra vantagem significativa do emprego p\u00fablico \u00e9 a oportunidade de servir \u00e0 comunidade. Muitas vezes, os funcion\u00e1rios p\u00fablicos desempenham pap\u00e9is essenciais na presta\u00e7\u00e3o de servi\u00e7os governamentais vitais, como sa\u00fade, educa\u00e7\u00e3o, seguran\u00e7a p\u00fablica e prote\u00e7\u00e3o ambiental. Para aqueles que valorizam a contribui\u00e7\u00e3o para o bem-estar da sociedade, o emprego p\u00fablico pode ser uma escolha gratificante.<\/p>\n\n\n\n<p>No entanto, o emprego p\u00fablico tamb\u00e9m tem suas desvantagens. A burocracia pode ser mais pronunciada, o que pode resultar em processos de tomada de decis\u00e3o mais lentos e rigidez organizacional. Al\u00e9m disso, os sal\u00e1rios iniciais tendem a ser mais baixos do que no setor privado, e as oportunidades de avan\u00e7o de carreira podem ser limitadas em compara\u00e7\u00e3o com os ambientes mais din\u00e2micos e competitivos do setor privado.<\/p>\n\n\n\n<h2 class=\"wp-block-heading\">Emprego Privado: Inova\u00e7\u00e3o e Potencial de Ganho<\/h2>\n\n\n\n<p>O emprego no setor privado \u00e9 frequentemente associado \u00e0 inova\u00e7\u00e3o, agilidade e potencial de ganho. As empresas privadas geralmente operam em ambientes altamente competitivos, o que pode estimular a criatividade e o pensamento empreendedor. Al\u00e9m disso, os sal\u00e1rios no setor privado podem ser mais altos, especialmente em setores como tecnologia, finan\u00e7as e consultoria, onde a demanda por talentos especializados \u00e9 alta.<\/p>\n\n\n\n<figure class=\"wp-block-image size-large\"><img loading=\"lazy\" decoding=\"async\" width=\"1024\" height=\"617\" src=\"https:\/\/www.vagadeempregorj.com.br\/wp-content\/uploads\/2024\/03\/image-3-1024x617.png\" alt=\"\" class=\"wp-image-39568\" srcset=\"https:\/\/www.vagadeempregorj.com.br\/wp-content\/uploads\/2024\/03\/image-3-1024x617.png 1024w, https:\/\/www.vagadeempregorj.com.br\/wp-content\/uploads\/2024\/03\/image-3-300x181.png 300w, https:\/\/www.vagadeempregorj.com.br\/wp-content\/uploads\/2024\/03\/image-3-768x463.png 768w, https:\/\/www.vagadeempregorj.com.br\/wp-content\/uploads\/2024\/03\/image-3-150x90.png 150w, https:\/\/www.vagadeempregorj.com.br\/wp-content\/uploads\/2024\/03\/image-3.png 1280w\" sizes=\"auto, (max-width: 1024px) 100vw, 1024px\" \/><\/figure>\n\n\n\n<p>Uma das principais vantagens do emprego privado \u00e9 a flexibilidade. Os funcion\u00e1rios muitas vezes t\u00eam mais controle sobre sua carga hor\u00e1ria, projetos que assumem e oportunidades de crescimento profissional. Para aqueles que procuram desafios constantes e um ambiente de trabalho din\u00e2mico, o setor privado pode oferecer uma variedade de experi\u00eancias e oportunidades de aprendizado.<\/p>\n\n\n\n<p>No entanto, o emprego privado tamb\u00e9m tem suas desvantagens. A seguran\u00e7a no emprego pode ser menos garantida, especialmente em momentos de recess\u00e3o econ\u00f4mica ou mudan\u00e7as no mercado. Al\u00e9m disso, os benef\u00edcios, como planos de aposentadoria e seguro de sa\u00fade, podem n\u00e3o ser t\u00e3o abrangentes como os oferecidos no setor p\u00fablico.<\/p>\n\n\n\n<h2 class=\"wp-block-heading\">Como Escolher entre Emprego P\u00fablico e Privado<\/h2>\n\n\n\n<p>Ao decidir entre emprego p\u00fablico e emprego privado, \u00e9 importante considerar uma variedade de fatores pessoais e profissionais. Aqui est\u00e3o algumas perguntas que podem ajud\u00e1-lo a tomar uma decis\u00e3o informada:<\/p>\n\n\n\n<h3 class=\"wp-block-heading\">1. Quais s\u00e3o seus valores e prioridades?<\/h3>\n\n\n\n<p>Refletir sobre o que \u00e9 mais importante para voc\u00ea em um emprego pode ajud\u00e1-lo a determinar qual ambiente de trabalho melhor se alinha com seus objetivos e valores pessoais.<\/p>\n\n\n\n<h3 class=\"wp-block-heading\">2. Quanta seguran\u00e7a financeira voc\u00ea precisa?<\/h3>\n\n\n\n<p>A estabilidade no emprego e os benef\u00edcios financeiros s\u00e3o mais importantes para algumas pessoas do que para outras. Avalie sua toler\u00e2ncia ao risco e suas necessidades financeiras antes de decidir entre emprego p\u00fablico e privado.<\/p>\n\n\n\n<h3 class=\"wp-block-heading\">3. Que tipo de ambiente de trabalho voc\u00ea prefere?<\/h3>\n\n\n\n<p>Considere suas prefer\u00eancias quanto ao ritmo de trabalho, cultura organizacional e estilo de gest\u00e3o. Voc\u00ea se sente mais confort\u00e1vel em um ambiente estruturado e est\u00e1vel ou prefere a liberdade e flexibilidade do setor privado?<\/p>\n\n\n\n<h3 class=\"wp-block-heading\">4. Quais s\u00e3o suas metas de carreira a longo prazo?<\/h3>\n\n\n\n<p>Pense sobre onde voc\u00ea v\u00ea sua carreira daqui a cinco, dez ou vinte anos. O emprego p\u00fablico ou privado oferece as melhores oportunidades para alcan\u00e7ar seus objetivos profissionais a longo prazo?<\/p>\n\n\n\n<h3 class=\"wp-block-heading\">5. Voc\u00ea est\u00e1 disposto a comprometer em algum aspecto?<\/h3>\n\n\n\n<p>Nem todos os empregos ser\u00e3o uma combina\u00e7\u00e3o perfeita para todas as suas prefer\u00eancias e prioridades. Esteja preparado para fazer concess\u00f5es em certas \u00e1reas, dependendo do contexto e das oportunidades dispon\u00edveis.<\/p>\n\n\n\n<p>A escolha entre emprego p\u00fablico e emprego privado \u00e9 uma decis\u00e3o pessoal e complexa que requer cuidadosa considera\u00e7\u00e3o de uma variedade de fatores. Ambas as op\u00e7\u00f5es t\u00eam suas pr\u00f3prias vantagens e desvantagens, e n\u00e3o h\u00e1 uma resposta \u00fanica para qual \u00e9 a melhor escolha.&nbsp;<\/p>\n\n\n\n<p>Em \u00faltima an\u00e1lise, cabe a voc\u00ea avaliar suas prioridades, valores e metas de carreira para determinar qual caminho \u00e9 o mais adequado para voc\u00ea. Lembre-se de que n\u00e3o h\u00e1 uma escolha definitiva certa ou errada, mas sim a escolha que melhor se alinha com suas necessidades e aspira\u00e7\u00f5es \u00fanicas.<\/p>\n\n\n\n<p><strong>Veja tamb\u00e9m: <a href=\"https:\/\/www.vagadeempregorj.com.br\/es\/fgts-retido-quando-posso-sacar-veja-as-informacoes\/\">FGTS retido quando posso sacar? Veja as informa\u00e7\u00f5es<\/a><\/strong><\/p>\n\n\n\n<p>31 de mar\u00e7o de 2024<\/p>","protected":false},"excerpt":{"rendered":"<p>Na jornada em dire\u00e7\u00e3o ao mundo do trabalho, uma das decis\u00f5es mais cruciais que enfrentamos \u00e9 escolher entre o emprego p\u00fablico e o emprego privado. Ambas as op\u00e7\u00f5es t\u00eam seus pr\u00f3prios conjuntos de vantagens e desvantagens, e encontrar a melhor escolha para voc\u00ea requer uma an\u00e1lise cuidadosa de seus objetivos, valores e circunst\u00e2ncias pessoais. Emprego&hellip;&nbsp;<\/p>","protected":false},"author":16,"featured_media":39568,"comment_status":"closed","ping_status":"closed","sticky":false,"template":"","format":"standard","meta":{"neve_meta_sidebar":"","neve_meta_container":"","neve_meta_enable_content_width":"","neve_meta_content_width":0,"neve_meta_title_alignment":"","neve_meta_author_avatar":"","neve_post_elements_order":"","neve_meta_disable_header":"","neve_meta_disable_footer":"","neve_meta_disable_title":"","footnotes":""},"categories":[123],"tags":[],"class_list":["post-39552","post","type-post","status-publish","format-standard","has-post-thumbnail","hentry","category-vagas-de-emprego-nacionais"],"yoast_head":"<!-- This site is optimized with the Yoast SEO plugin v27.5 - https:\/\/yoast.com\/product\/yoast-seo-wordpress\/ -->\n<title>Emprego P\u00fablico vs. Emprego Privado: Qual \u00e9 a Melhor Escolha para Voc\u00ea? -<\/title>\n<meta name=\"description\" content=\"Veja em Vagas de Emprego RJ as vagas de emprego com e sem experi\u00eancia no seu Estado e Regi\u00e3o!\" \/>\n<meta name=\"robots\" content=\"index, follow, max-snippet:-1, max-image-preview:large, max-video-preview:-1\" \/>\n<link rel=\"canonical\" href=\"https:\/\/www.vagadeempregorj.com.br\/es\/emprego-publico-vs-emprego-privado-qual-e-a-melhor-escolha-para-voce\/\" \/>\n<meta property=\"og:locale\" content=\"es_MX\" \/>\n<meta property=\"og:type\" content=\"article\" \/>\n<meta property=\"og:title\" content=\"Emprego P\u00fablico vs. Emprego Privado: Qual \u00e9 a Melhor Escolha para Voc\u00ea? -\" \/>\n<meta property=\"og:description\" content=\"Veja em Vagas de Emprego RJ as vagas de emprego com e sem experi\u00eancia no seu Estado e Regi\u00e3o!\" \/>\n<meta property=\"og:url\" content=\"https:\/\/www.vagadeempregorj.com.br\/es\/emprego-publico-vs-emprego-privado-qual-e-a-melhor-escolha-para-voce\/\" \/>\n<meta property=\"article:publisher\" content=\"https:\/\/www.facebook.com\/empregobrasiloficial\" \/>\n<meta property=\"article:published_time\" content=\"2024-03-31T03:01:00+00:00\" \/>\n<meta property=\"og:image\" content=\"https:\/\/www.vagadeempregorj.com.br\/wp-content\/uploads\/2024\/03\/image-3-1024x617.png\" \/>\n\t<meta property=\"og:image:width\" content=\"1024\" \/>\n\t<meta property=\"og:image:height\" content=\"617\" \/>\n\t<meta property=\"og:image:type\" content=\"image\/png\" \/>\n<meta name=\"author\" content=\"Michele\" \/>\n<meta name=\"twitter:card\" content=\"summary_large_image\" \/>\n<meta name=\"twitter:label1\" content=\"Written by\" \/>\n\t<meta name=\"twitter:data1\" content=\"Michele\" \/>\n\t<meta name=\"twitter:label2\" content=\"Est. reading time\" \/>\n\t<meta name=\"twitter:data2\" content=\"4 minutos\" \/>\n<script type=\"application\/ld+json\" class=\"yoast-schema-graph\">{\"@context\":\"https:\\\/\\\/schema.org\",\"@graph\":[{\"@type\":\"Article\",\"@id\":\"https:\\\/\\\/www.vagadeempregorj.com.br\\\/emprego-publico-vs-emprego-privado-qual-e-a-melhor-escolha-para-voce\\\/#article\",\"isPartOf\":{\"@id\":\"https:\\\/\\\/www.vagadeempregorj.com.br\\\/emprego-publico-vs-emprego-privado-qual-e-a-melhor-escolha-para-voce\\\/\"},\"author\":{\"name\":\"Michele\",\"@id\":\"https:\\\/\\\/www.vagadeempregorj.com.br\\\/#\\\/schema\\\/person\\\/3ddb19fa0539706786e502152f3aae95\"},\"headline\":\"Emprego P\u00fablico vs. Emprego Privado: Qual \u00e9 a Melhor Escolha para Voc\u00ea?\",\"datePublished\":\"2024-03-31T03:01:00+00:00\",\"mainEntityOfPage\":{\"@id\":\"https:\\\/\\\/www.vagadeempregorj.com.br\\\/emprego-publico-vs-emprego-privado-qual-e-a-melhor-escolha-para-voce\\\/\"},\"wordCount\":849,\"image\":{\"@id\":\"https:\\\/\\\/www.vagadeempregorj.com.br\\\/emprego-publico-vs-emprego-privado-qual-e-a-melhor-escolha-para-voce\\\/#primaryimage\"},\"thumbnailUrl\":\"https:\\\/\\\/www.vagadeempregorj.com.br\\\/wp-content\\\/uploads\\\/2024\\\/03\\\/image-3.png\",\"articleSection\":[\"Vagas de Emprego Nacionais\"],\"inLanguage\":\"es\"},{\"@type\":\"WebPage\",\"@id\":\"https:\\\/\\\/www.vagadeempregorj.com.br\\\/emprego-publico-vs-emprego-privado-qual-e-a-melhor-escolha-para-voce\\\/\",\"url\":\"https:\\\/\\\/www.vagadeempregorj.com.br\\\/emprego-publico-vs-emprego-privado-qual-e-a-melhor-escolha-para-voce\\\/\",\"name\":\"Emprego P\u00fablico vs. Emprego Privado: Qual \u00e9 a Melhor Escolha para Voc\u00ea? -\",\"isPartOf\":{\"@id\":\"https:\\\/\\\/www.vagadeempregorj.com.br\\\/#website\"},\"primaryImageOfPage\":{\"@id\":\"https:\\\/\\\/www.vagadeempregorj.com.br\\\/emprego-publico-vs-emprego-privado-qual-e-a-melhor-escolha-para-voce\\\/#primaryimage\"},\"image\":{\"@id\":\"https:\\\/\\\/www.vagadeempregorj.com.br\\\/emprego-publico-vs-emprego-privado-qual-e-a-melhor-escolha-para-voce\\\/#primaryimage\"},\"thumbnailUrl\":\"https:\\\/\\\/www.vagadeempregorj.com.br\\\/wp-content\\\/uploads\\\/2024\\\/03\\\/image-3.png\",\"datePublished\":\"2024-03-31T03:01:00+00:00\",\"author\":{\"@id\":\"https:\\\/\\\/www.vagadeempregorj.com.br\\\/#\\\/schema\\\/person\\\/3ddb19fa0539706786e502152f3aae95\"},\"description\":\"Veja em Vagas de Emprego RJ as vagas de emprego com e sem experi\u00eancia no seu Estado e Regi\u00e3o!\",\"breadcrumb\":{\"@id\":\"https:\\\/\\\/www.vagadeempregorj.com.br\\\/emprego-publico-vs-emprego-privado-qual-e-a-melhor-escolha-para-voce\\\/#breadcrumb\"},\"inLanguage\":\"es\",\"potentialAction\":[{\"@type\":\"ReadAction\",\"target\":[\"https:\\\/\\\/www.vagadeempregorj.com.br\\\/emprego-publico-vs-emprego-privado-qual-e-a-melhor-escolha-para-voce\\\/\"]}]},{\"@type\":\"ImageObject\",\"inLanguage\":\"es\",\"@id\":\"https:\\\/\\\/www.vagadeempregorj.com.br\\\/emprego-publico-vs-emprego-privado-qual-e-a-melhor-escolha-para-voce\\\/#primaryimage\",\"url\":\"https:\\\/\\\/www.vagadeempregorj.com.br\\\/wp-content\\\/uploads\\\/2024\\\/03\\\/image-3.png\",\"contentUrl\":\"https:\\\/\\\/www.vagadeempregorj.com.br\\\/wp-content\\\/uploads\\\/2024\\\/03\\\/image-3.png\",\"width\":1280,\"height\":771},{\"@type\":\"BreadcrumbList\",\"@id\":\"https:\\\/\\\/www.vagadeempregorj.com.br\\\/emprego-publico-vs-emprego-privado-qual-e-a-melhor-escolha-para-voce\\\/#breadcrumb\",\"itemListElement\":[{\"@type\":\"ListItem\",\"position\":1,\"name\":\"In\u00edcio\",\"item\":\"https:\\\/\\\/www.vagadeempregorj.com.br\\\/\"},{\"@type\":\"ListItem\",\"position\":2,\"name\":\"Vagas de Emprego Nacionais\",\"item\":\"https:\\\/\\\/www.vagadeempregorj.com.br\\\/vagas-de-emprego-nacionais\\\/\"},{\"@type\":\"ListItem\",\"position\":3,\"name\":\"Emprego P\u00fablico vs. Emprego Privado: Qual \u00e9 a Melhor Escolha para Voc\u00ea?\"}]},{\"@type\":\"WebSite\",\"@id\":\"https:\\\/\\\/www.vagadeempregorj.com.br\\\/#website\",\"url\":\"https:\\\/\\\/www.vagadeempregorj.com.br\\\/\",\"name\":\"\",\"description\":\"Conquiste Sonhos: Vagas, Benef\u00edcios e Economia para Transformar Vidas e Alcan\u00e7ar Melhorias Cotidianas\",\"potentialAction\":[{\"@type\":\"SearchAction\",\"target\":{\"@type\":\"EntryPoint\",\"urlTemplate\":\"https:\\\/\\\/www.vagadeempregorj.com.br\\\/?s={search_term_string}\"},\"query-input\":{\"@type\":\"PropertyValueSpecification\",\"valueRequired\":true,\"valueName\":\"search_term_string\"}}],\"inLanguage\":\"es\"},{\"@type\":\"Person\",\"@id\":\"https:\\\/\\\/www.vagadeempregorj.com.br\\\/#\\\/schema\\\/person\\\/3ddb19fa0539706786e502152f3aae95\",\"name\":\"Michele\",\"image\":{\"@type\":\"ImageObject\",\"inLanguage\":\"es\",\"@id\":\"https:\\\/\\\/secure.gravatar.com\\\/avatar\\\/6b0eb9d22841282815e2cd856a0061c45e1761cd54b22e952d98c4746939aa85?s=96&r=g\",\"url\":\"https:\\\/\\\/secure.gravatar.com\\\/avatar\\\/6b0eb9d22841282815e2cd856a0061c45e1761cd54b22e952d98c4746939aa85?s=96&r=g\",\"contentUrl\":\"https:\\\/\\\/secure.gravatar.com\\\/avatar\\\/6b0eb9d22841282815e2cd856a0061c45e1761cd54b22e952d98c4746939aa85?s=96&r=g\",\"caption\":\"Michele\"},\"description\":\"Formada em Letras - Portugu\u00eas\\\/ Ingl\u00eas, e idealizadora do site Escritora de Sucesso, busca expandir o conhecimento de todos com informa\u00e7\u00f5es relevantes sobre diversos assuntos, enquanto redatora. No Vaga de Emprego RJ, traz oportunidades e dicas sobre o mercado de trabalho.\",\"url\":\"https:\\\/\\\/www.vagadeempregorj.com.br\\\/es\\\/author\\\/michele\\\/\"}]}<\/script>\n<!-- \/ Yoast SEO plugin. -->","yoast_head_json":{"title":"Emprego P\u00fablico vs. Emprego Privado: Qual \u00e9 a Melhor Escolha para Voc\u00ea? -","description":"Veja em Vagas de Emprego RJ as vagas de emprego com e sem experi\u00eancia no seu Estado e Regi\u00e3o!","robots":{"index":"index","follow":"follow","max-snippet":"max-snippet:-1","max-image-preview":"max-image-preview:large","max-video-preview":"max-video-preview:-1"},"canonical":"https:\/\/www.vagadeempregorj.com.br\/es\/emprego-publico-vs-emprego-privado-qual-e-a-melhor-escolha-para-voce\/","og_locale":"es_MX","og_type":"article","og_title":"Emprego P\u00fablico vs. Emprego Privado: Qual \u00e9 a Melhor Escolha para Voc\u00ea? -","og_description":"Veja em Vagas de Emprego RJ as vagas de emprego com e sem experi\u00eancia no seu Estado e Regi\u00e3o!","og_url":"https:\/\/www.vagadeempregorj.com.br\/es\/emprego-publico-vs-emprego-privado-qual-e-a-melhor-escolha-para-voce\/","article_publisher":"https:\/\/www.facebook.com\/empregobrasiloficial","article_published_time":"2024-03-31T03:01:00+00:00","og_image":[{"width":1024,"height":617,"url":"https:\/\/www.vagadeempregorj.com.br\/wp-content\/uploads\/2024\/03\/image-3-1024x617.png","type":"image\/png"}],"author":"Michele","twitter_card":"summary_large_image","twitter_misc":{"Written by":"Michele","Est. reading time":"4 minutos"},"schema":{"@context":"https:\/\/schema.org","@graph":[{"@type":"Article","@id":"https:\/\/www.vagadeempregorj.com.br\/emprego-publico-vs-emprego-privado-qual-e-a-melhor-escolha-para-voce\/#article","isPartOf":{"@id":"https:\/\/www.vagadeempregorj.com.br\/emprego-publico-vs-emprego-privado-qual-e-a-melhor-escolha-para-voce\/"},"author":{"name":"Michele","@id":"https:\/\/www.vagadeempregorj.com.br\/#\/schema\/person\/3ddb19fa0539706786e502152f3aae95"},"headline":"Emprego P\u00fablico vs. Emprego Privado: Qual \u00e9 a Melhor Escolha para Voc\u00ea?","datePublished":"2024-03-31T03:01:00+00:00","mainEntityOfPage":{"@id":"https:\/\/www.vagadeempregorj.com.br\/emprego-publico-vs-emprego-privado-qual-e-a-melhor-escolha-para-voce\/"},"wordCount":849,"image":{"@id":"https:\/\/www.vagadeempregorj.com.br\/emprego-publico-vs-emprego-privado-qual-e-a-melhor-escolha-para-voce\/#primaryimage"},"thumbnailUrl":"https:\/\/www.vagadeempregorj.com.br\/wp-content\/uploads\/2024\/03\/image-3.png","articleSection":["Vagas de Emprego Nacionais"],"inLanguage":"es"},{"@type":"WebPage","@id":"https:\/\/www.vagadeempregorj.com.br\/emprego-publico-vs-emprego-privado-qual-e-a-melhor-escolha-para-voce\/","url":"https:\/\/www.vagadeempregorj.com.br\/emprego-publico-vs-emprego-privado-qual-e-a-melhor-escolha-para-voce\/","name":"Emprego P\u00fablico vs. Emprego Privado: Qual \u00e9 a Melhor Escolha para Voc\u00ea? -","isPartOf":{"@id":"https:\/\/www.vagadeempregorj.com.br\/#website"},"primaryImageOfPage":{"@id":"https:\/\/www.vagadeempregorj.com.br\/emprego-publico-vs-emprego-privado-qual-e-a-melhor-escolha-para-voce\/#primaryimage"},"image":{"@id":"https:\/\/www.vagadeempregorj.com.br\/emprego-publico-vs-emprego-privado-qual-e-a-melhor-escolha-para-voce\/#primaryimage"},"thumbnailUrl":"https:\/\/www.vagadeempregorj.com.br\/wp-content\/uploads\/2024\/03\/image-3.png","datePublished":"2024-03-31T03:01:00+00:00","author":{"@id":"https:\/\/www.vagadeempregorj.com.br\/#\/schema\/person\/3ddb19fa0539706786e502152f3aae95"},"description":"Veja em Vagas de Emprego RJ as vagas de emprego com e sem experi\u00eancia no seu Estado e Regi\u00e3o!","breadcrumb":{"@id":"https:\/\/www.vagadeempregorj.com.br\/emprego-publico-vs-emprego-privado-qual-e-a-melhor-escolha-para-voce\/#breadcrumb"},"inLanguage":"es","potentialAction":[{"@type":"ReadAction","target":["https:\/\/www.vagadeempregorj.com.br\/emprego-publico-vs-emprego-privado-qual-e-a-melhor-escolha-para-voce\/"]}]},{"@type":"ImageObject","inLanguage":"es","@id":"https:\/\/www.vagadeempregorj.com.br\/emprego-publico-vs-emprego-privado-qual-e-a-melhor-escolha-para-voce\/#primaryimage","url":"https:\/\/www.vagadeempregorj.com.br\/wp-content\/uploads\/2024\/03\/image-3.png","contentUrl":"https:\/\/www.vagadeempregorj.com.br\/wp-content\/uploads\/2024\/03\/image-3.png","width":1280,"height":771},{"@type":"BreadcrumbList","@id":"https:\/\/www.vagadeempregorj.com.br\/emprego-publico-vs-emprego-privado-qual-e-a-melhor-escolha-para-voce\/#breadcrumb","itemListElement":[{"@type":"ListItem","position":1,"name":"In\u00edcio","item":"https:\/\/www.vagadeempregorj.com.br\/"},{"@type":"ListItem","position":2,"name":"Vagas de Emprego Nacionais","item":"https:\/\/www.vagadeempregorj.com.br\/vagas-de-emprego-nacionais\/"},{"@type":"ListItem","position":3,"name":"Emprego P\u00fablico vs. Emprego Privado: Qual \u00e9 a Melhor Escolha para Voc\u00ea?"}]},{"@type":"WebSite","@id":"https:\/\/www.vagadeempregorj.com.br\/#website","url":"https:\/\/www.vagadeempregorj.com.br\/","name":"","description":"Conquiste Sonhos: Vagas, Benef\u00edcios e Economia para Transformar Vidas e Alcan\u00e7ar Melhorias Cotidianas","potentialAction":[{"@type":"SearchAction","target":{"@type":"EntryPoint","urlTemplate":"https:\/\/www.vagadeempregorj.com.br\/?s={search_term_string}"},"query-input":{"@type":"PropertyValueSpecification","valueRequired":true,"valueName":"search_term_string"}}],"inLanguage":"es"},{"@type":"Person","@id":"https:\/\/www.vagadeempregorj.com.br\/#\/schema\/person\/3ddb19fa0539706786e502152f3aae95","name":"Michele","image":{"@type":"ImageObject","inLanguage":"es","@id":"https:\/\/secure.gravatar.com\/avatar\/6b0eb9d22841282815e2cd856a0061c45e1761cd54b22e952d98c4746939aa85?s=96&r=g","url":"https:\/\/secure.gravatar.com\/avatar\/6b0eb9d22841282815e2cd856a0061c45e1761cd54b22e952d98c4746939aa85?s=96&r=g","contentUrl":"https:\/\/secure.gravatar.com\/avatar\/6b0eb9d22841282815e2cd856a0061c45e1761cd54b22e952d98c4746939aa85?s=96&r=g","caption":"Michele"},"description":"Formada em Letras - Portugu\u00eas\/ Ingl\u00eas, e idealizadora do site Escritora de Sucesso, busca expandir o conhecimento de todos com informa\u00e7\u00f5es relevantes sobre diversos assuntos, enquanto redatora. No Vaga de Emprego RJ, traz oportunidades e dicas sobre o mercado de trabalho.","url":"https:\/\/www.vagadeempregorj.com.br\/es\/author\/michele\/"}]}},"_links":{"self":[{"href":"https:\/\/www.vagadeempregorj.com.br\/es\/wp-json\/wp\/v2\/posts\/39552","targetHints":{"allow":["GET"]}}],"collection":[{"href":"https:\/\/www.vagadeempregorj.com.br\/es\/wp-json\/wp\/v2\/posts"}],"about":[{"href":"https:\/\/www.vagadeempregorj.com.br\/es\/wp-json\/wp\/v2\/types\/post"}],"author":[{"embeddable":true,"href":"https:\/\/www.vagadeempregorj.com.br\/es\/wp-json\/wp\/v2\/users\/16"}],"replies":[{"embeddable":true,"href":"https:\/\/www.vagadeempregorj.com.br\/es\/wp-json\/wp\/v2\/comments?post=39552"}],"version-history":[{"count":0,"href":"https:\/\/www.vagadeempregorj.com.br\/es\/wp-json\/wp\/v2\/posts\/39552\/revisions"}],"wp:featuredmedia":[{"embeddable":true,"href":"https:\/\/www.vagadeempregorj.com.br\/es\/wp-json\/wp\/v2\/media\/39568"}],"wp:attachment":[{"href":"https:\/\/www.vagadeempregorj.com.br\/es\/wp-json\/wp\/v2\/media?parent=39552"}],"wp:term":[{"taxonomy":"category","embeddable":true,"href":"https:\/\/www.vagadeempregorj.com.br\/es\/wp-json\/wp\/v2\/categories?post=39552"},{"taxonomy":"post_tag","embeddable":true,"href":"https:\/\/www.vagadeempregorj.com.br\/es\/wp-json\/wp\/v2\/tags?post=39552"}],"curies":[{"name":"wp","href":"https:\/\/api.w.org\/{rel}","templated":true}]}}