{"id":39590,"date":"2024-04-21T00:01:00","date_gmt":"2024-04-21T03:01:00","guid":{"rendered":"https:\/\/www.vagadeempregorj.com.br\/?p=39590"},"modified":"2024-04-17T05:14:25","modified_gmt":"2024-04-17T08:14:25","slug":"seguro-desemprego-pode-cair-no-sabado-entenda","status":"publish","type":"post","link":"https:\/\/www.vagadeempregorj.com.br\/es\/seguro-desemprego-pode-cair-no-sabado-entenda\/","title":{"rendered":"Seguro Desemprego pode cair no s\u00e1bado? Entenda"},"content":{"rendered":"<p>O Seguro Desemprego \u00e9 um dos benef\u00edcios mais importantes oferecidos aos trabalhadores brasileiros em momentos de transi\u00e7\u00e3o entre empregos. Ele funciona como uma rede de seguran\u00e7a financeira, proporcionando uma renda tempor\u00e1ria para aqueles que perderam seus empregos involuntariamente. No entanto, muitas d\u00favidas ainda permeiam esse benef\u00edcio, e uma das perguntas frequentes \u00e9 se o Seguro Desemprego pode cair no s\u00e1bado.<\/p>\n\n\n\n<h2 class=\"wp-block-heading\">O que \u00e9 o Seguro Desemprego?<\/h2>\n\n\n\n<p>Antes de mergulharmos na quest\u00e3o do pagamento do Seguro Desemprego aos s\u00e1bados, vamos recapitular o que \u00e9 esse benef\u00edcio e como ele funciona.<\/p>\n\n\n\n<p>O Seguro Desemprego \u00e9 um direito garantido pela Constitui\u00e7\u00e3o Federal e regulamentado pela Lei n\u00ba 7.998\/90. Ele foi criado com o objetivo de prover assist\u00eancia financeira tempor\u00e1ria aos trabalhadores que foram dispensados sem justa causa, para que possam se sustentar enquanto procuram por um novo emprego. Al\u00e9m disso, o benef\u00edcio tamb\u00e9m pode ser concedido em outras situa\u00e7\u00f5es espec\u00edficas, como no caso de trabalhadores resgatados de condi\u00e7\u00f5es an\u00e1logas \u00e0 escravid\u00e3o e pescadores durante o per\u00edodo de defeso.<\/p>\n\n\n\n<h2 class=\"wp-block-heading\">Como funciona o pagamento do Seguro Desemprego?<\/h2>\n\n\n\n<p>O pagamento do Seguro Desemprego \u00e9 feito de forma mensal, em parcelas que variam de acordo com o tempo de trabalho do benefici\u00e1rio e o sal\u00e1rio que ele recebia antes de ser demitido. Em geral, o benef\u00edcio \u00e9 pago por um per\u00edodo que varia de tr\u00eas a cinco meses, dependendo do hist\u00f3rico laboral do trabalhador.<\/p>\n\n\n\n<figure class=\"wp-block-image size-full\"><img loading=\"lazy\" decoding=\"async\" width=\"851\" height=\"520\" src=\"https:\/\/www.vagadeempregorj.com.br\/wp-content\/uploads\/2024\/04\/image.png\" alt=\"\" class=\"wp-image-39598\" srcset=\"https:\/\/www.vagadeempregorj.com.br\/wp-content\/uploads\/2024\/04\/image.png 851w, https:\/\/www.vagadeempregorj.com.br\/wp-content\/uploads\/2024\/04\/image-300x183.png 300w, https:\/\/www.vagadeempregorj.com.br\/wp-content\/uploads\/2024\/04\/image-768x469.png 768w, https:\/\/www.vagadeempregorj.com.br\/wp-content\/uploads\/2024\/04\/image-150x92.png 150w\" sizes=\"auto, (max-width: 851px) 100vw, 851px\" \/><\/figure>\n\n\n\n<p>Os pagamentos do Seguro Desemprego s\u00e3o realizados por meio da Caixa Econ\u00f4mica Federal, que disponibiliza o dinheiro em conta poupan\u00e7a ou em um cart\u00e3o magn\u00e9tico espec\u00edfico para esse fim. O calend\u00e1rio de pagamento \u00e9 divulgado pelo Minist\u00e9rio do Trabalho e Emprego e segue uma ordem baseada no \u00faltimo n\u00famero do PIS (Programa de Integra\u00e7\u00e3o Social) do trabalhador.<\/p>\n\n\n\n<h2 class=\"wp-block-heading\">O Seguro Desemprego pode cair no s\u00e1bado?<\/h2>\n\n\n\n<p>Agora chegamos \u00e0 pergunta central deste artigo: o Seguro Desemprego pode ser depositado em uma conta banc\u00e1ria no s\u00e1bado? A resposta para essa pergunta \u00e9: sim, \u00e9 poss\u00edvel.<\/p>\n\n\n\n<p>Embora o pagamento do Seguro Desemprego geralmente siga um calend\u00e1rio espec\u00edfico, que pode variar de acordo com o n\u00famero final do PIS do benefici\u00e1rio, os dep\u00f3sitos podem ocorrer em qualquer dia \u00fatil da semana, inclusive aos s\u00e1bados. Isso significa que, se o dia programado para o pagamento do benef\u00edcio cair em um s\u00e1bado, o valor ser\u00e1 depositado normalmente na conta do trabalhador.<\/p>\n\n\n\n<p>No entanto, \u00e9 importante ressaltar que os dep\u00f3sitos do Seguro Desemprego podem levar at\u00e9 48 horas \u00fateis para serem processados pelo banco. Portanto, mesmo que o pagamento seja efetuado em um s\u00e1bado, o valor pode n\u00e3o estar dispon\u00edvel imediatamente na conta do benefici\u00e1rio, especialmente se ele utilizar um banco que n\u00e3o realiza opera\u00e7\u00f5es nos finais de semana.<\/p>\n\n\n\n<p>O Seguro Desemprego \u00e9 um benef\u00edcio fundamental para milh\u00f5es de trabalhadores brasileiros que se encontram em situa\u00e7\u00e3o de desemprego involunt\u00e1rio. Embora existam muitas d\u00favidas em torno do funcionamento desse benef\u00edcio, esperamos que este artigo tenha esclarecido a quest\u00e3o sobre se o Seguro Desemprego pode cair no s\u00e1bado.<\/p>\n\n\n\n<p>Sim, \u00e9 poss\u00edvel receber o Seguro Desemprego em um s\u00e1bado, caso o dia de pagamento coincida com esse dia da semana. No entanto, \u00e9 importante lembrar que os dep\u00f3sitos podem levar at\u00e9 48 horas \u00fateis para serem processados pelo banco, ent\u00e3o o valor pode n\u00e3o estar dispon\u00edvel imediatamente na conta do benefici\u00e1rio.<\/p>\n\n\n\n<p><strong>Veja tamb\u00e9m: <a href=\"https:\/\/www.vagadeempregorj.com.br\/es\/fgts-paga-mais-de-r1200-para-beneficiarios-entenda-como-receber\/\">FGTS paga mais de R$1200 para benefici\u00e1rios; entenda como receber<\/a><\/strong><\/p>\n\n\n\n<p>21 de abril de 2024<\/p>","protected":false},"excerpt":{"rendered":"<p>O Seguro Desemprego \u00e9 um dos benef\u00edcios mais importantes oferecidos aos trabalhadores brasileiros em momentos de transi\u00e7\u00e3o entre empregos. Ele funciona como uma rede de seguran\u00e7a financeira, proporcionando uma renda tempor\u00e1ria para aqueles que perderam seus empregos involuntariamente. No entanto, muitas d\u00favidas ainda permeiam esse benef\u00edcio, e uma das perguntas frequentes \u00e9 se o Seguro&hellip;&nbsp;<\/p>","protected":false},"author":16,"featured_media":39598,"comment_status":"closed","ping_status":"closed","sticky":false,"template":"","format":"standard","meta":{"neve_meta_sidebar":"","neve_meta_container":"","neve_meta_enable_content_width":"","neve_meta_content_width":0,"neve_meta_title_alignment":"","neve_meta_author_avatar":"","neve_post_elements_order":"","neve_meta_disable_header":"","neve_meta_disable_footer":"","neve_meta_disable_title":"","footnotes":""},"categories":[1],"tags":[],"class_list":["post-39590","post","type-post","status-publish","format-standard","has-post-thumbnail","hentry","category-beneficios-sociais"],"yoast_head":"<!-- This site is optimized with the Yoast SEO plugin v27.5 - https:\/\/yoast.com\/product\/yoast-seo-wordpress\/ -->\n<title>Seguro Desemprego pode cair no s\u00e1bado? Entenda -<\/title>\n<meta name=\"description\" content=\"Veja em Vagas de Emprego RJ as vagas de emprego com e sem experi\u00eancia no seu Estado e Regi\u00e3o!\" \/>\n<meta name=\"robots\" content=\"index, follow, max-snippet:-1, max-image-preview:large, max-video-preview:-1\" \/>\n<link rel=\"canonical\" href=\"https:\/\/www.vagadeempregorj.com.br\/es\/seguro-desemprego-pode-cair-no-sabado-entenda\/\" \/>\n<meta property=\"og:locale\" content=\"es_MX\" \/>\n<meta property=\"og:type\" content=\"article\" \/>\n<meta property=\"og:title\" content=\"Seguro Desemprego pode cair no s\u00e1bado? Entenda -\" \/>\n<meta property=\"og:description\" content=\"Veja em Vagas de Emprego RJ as vagas de emprego com e sem experi\u00eancia no seu Estado e Regi\u00e3o!\" \/>\n<meta property=\"og:url\" content=\"https:\/\/www.vagadeempregorj.com.br\/es\/seguro-desemprego-pode-cair-no-sabado-entenda\/\" \/>\n<meta property=\"article:publisher\" content=\"https:\/\/www.facebook.com\/empregobrasiloficial\" \/>\n<meta property=\"article:published_time\" content=\"2024-04-21T03:01:00+00:00\" \/>\n<meta property=\"og:image\" content=\"https:\/\/www.vagadeempregorj.com.br\/wp-content\/uploads\/2024\/04\/image.png\" \/>\n\t<meta property=\"og:image:width\" content=\"851\" \/>\n\t<meta property=\"og:image:height\" content=\"520\" \/>\n\t<meta property=\"og:image:type\" content=\"image\/png\" \/>\n<meta name=\"author\" content=\"Michele\" \/>\n<meta name=\"twitter:card\" content=\"summary_large_image\" \/>\n<meta name=\"twitter:label1\" content=\"Escrito por\" \/>\n\t<meta name=\"twitter:data1\" content=\"Michele\" \/>\n\t<meta name=\"twitter:label2\" content=\"Tiempo de lectura\" \/>\n\t<meta name=\"twitter:data2\" content=\"3 minutos\" \/>\n<script type=\"application\/ld+json\" class=\"yoast-schema-graph\">{\"@context\":\"https:\\\/\\\/schema.org\",\"@graph\":[{\"@type\":\"Article\",\"@id\":\"https:\\\/\\\/www.vagadeempregorj.com.br\\\/seguro-desemprego-pode-cair-no-sabado-entenda\\\/#article\",\"isPartOf\":{\"@id\":\"https:\\\/\\\/www.vagadeempregorj.com.br\\\/seguro-desemprego-pode-cair-no-sabado-entenda\\\/\"},\"author\":{\"name\":\"Michele\",\"@id\":\"https:\\\/\\\/www.vagadeempregorj.com.br\\\/#\\\/schema\\\/person\\\/3ddb19fa0539706786e502152f3aae95\"},\"headline\":\"Seguro Desemprego pode cair no s\u00e1bado? Entenda\",\"datePublished\":\"2024-04-21T03:01:00+00:00\",\"mainEntityOfPage\":{\"@id\":\"https:\\\/\\\/www.vagadeempregorj.com.br\\\/seguro-desemprego-pode-cair-no-sabado-entenda\\\/\"},\"wordCount\":615,\"image\":{\"@id\":\"https:\\\/\\\/www.vagadeempregorj.com.br\\\/seguro-desemprego-pode-cair-no-sabado-entenda\\\/#primaryimage\"},\"thumbnailUrl\":\"https:\\\/\\\/www.vagadeempregorj.com.br\\\/wp-content\\\/uploads\\\/2024\\\/04\\\/image.png\",\"articleSection\":[\"Benef\u00edcios Sociais\"],\"inLanguage\":\"es\"},{\"@type\":\"WebPage\",\"@id\":\"https:\\\/\\\/www.vagadeempregorj.com.br\\\/seguro-desemprego-pode-cair-no-sabado-entenda\\\/\",\"url\":\"https:\\\/\\\/www.vagadeempregorj.com.br\\\/seguro-desemprego-pode-cair-no-sabado-entenda\\\/\",\"name\":\"Seguro Desemprego pode cair no s\u00e1bado? Entenda -\",\"isPartOf\":{\"@id\":\"https:\\\/\\\/www.vagadeempregorj.com.br\\\/#website\"},\"primaryImageOfPage\":{\"@id\":\"https:\\\/\\\/www.vagadeempregorj.com.br\\\/seguro-desemprego-pode-cair-no-sabado-entenda\\\/#primaryimage\"},\"image\":{\"@id\":\"https:\\\/\\\/www.vagadeempregorj.com.br\\\/seguro-desemprego-pode-cair-no-sabado-entenda\\\/#primaryimage\"},\"thumbnailUrl\":\"https:\\\/\\\/www.vagadeempregorj.com.br\\\/wp-content\\\/uploads\\\/2024\\\/04\\\/image.png\",\"datePublished\":\"2024-04-21T03:01:00+00:00\",\"author\":{\"@id\":\"https:\\\/\\\/www.vagadeempregorj.com.br\\\/#\\\/schema\\\/person\\\/3ddb19fa0539706786e502152f3aae95\"},\"description\":\"Veja em Vagas de Emprego RJ as vagas de emprego com e sem experi\u00eancia no seu Estado e Regi\u00e3o!\",\"breadcrumb\":{\"@id\":\"https:\\\/\\\/www.vagadeempregorj.com.br\\\/seguro-desemprego-pode-cair-no-sabado-entenda\\\/#breadcrumb\"},\"inLanguage\":\"es\",\"potentialAction\":[{\"@type\":\"ReadAction\",\"target\":[\"https:\\\/\\\/www.vagadeempregorj.com.br\\\/seguro-desemprego-pode-cair-no-sabado-entenda\\\/\"]}]},{\"@type\":\"ImageObject\",\"inLanguage\":\"es\",\"@id\":\"https:\\\/\\\/www.vagadeempregorj.com.br\\\/seguro-desemprego-pode-cair-no-sabado-entenda\\\/#primaryimage\",\"url\":\"https:\\\/\\\/www.vagadeempregorj.com.br\\\/wp-content\\\/uploads\\\/2024\\\/04\\\/image.png\",\"contentUrl\":\"https:\\\/\\\/www.vagadeempregorj.com.br\\\/wp-content\\\/uploads\\\/2024\\\/04\\\/image.png\",\"width\":851,\"height\":520},{\"@type\":\"BreadcrumbList\",\"@id\":\"https:\\\/\\\/www.vagadeempregorj.com.br\\\/seguro-desemprego-pode-cair-no-sabado-entenda\\\/#breadcrumb\",\"itemListElement\":[{\"@type\":\"ListItem\",\"position\":1,\"name\":\"In\u00edcio\",\"item\":\"https:\\\/\\\/www.vagadeempregorj.com.br\\\/\"},{\"@type\":\"ListItem\",\"position\":2,\"name\":\"Benef\u00edcios Sociais\",\"item\":\"https:\\\/\\\/www.vagadeempregorj.com.br\\\/beneficios-sociais\\\/\"},{\"@type\":\"ListItem\",\"position\":3,\"name\":\"Seguro Desemprego pode cair no s\u00e1bado? Entenda\"}]},{\"@type\":\"WebSite\",\"@id\":\"https:\\\/\\\/www.vagadeempregorj.com.br\\\/#website\",\"url\":\"https:\\\/\\\/www.vagadeempregorj.com.br\\\/\",\"name\":\"\",\"description\":\"Conquiste Sonhos: Vagas, Benef\u00edcios e Economia para Transformar Vidas e Alcan\u00e7ar Melhorias Cotidianas\",\"potentialAction\":[{\"@type\":\"SearchAction\",\"target\":{\"@type\":\"EntryPoint\",\"urlTemplate\":\"https:\\\/\\\/www.vagadeempregorj.com.br\\\/?s={search_term_string}\"},\"query-input\":{\"@type\":\"PropertyValueSpecification\",\"valueRequired\":true,\"valueName\":\"search_term_string\"}}],\"inLanguage\":\"es\"},{\"@type\":\"Person\",\"@id\":\"https:\\\/\\\/www.vagadeempregorj.com.br\\\/#\\\/schema\\\/person\\\/3ddb19fa0539706786e502152f3aae95\",\"name\":\"Michele\",\"image\":{\"@type\":\"ImageObject\",\"inLanguage\":\"es\",\"@id\":\"https:\\\/\\\/secure.gravatar.com\\\/avatar\\\/6b0eb9d22841282815e2cd856a0061c45e1761cd54b22e952d98c4746939aa85?s=96&r=g\",\"url\":\"https:\\\/\\\/secure.gravatar.com\\\/avatar\\\/6b0eb9d22841282815e2cd856a0061c45e1761cd54b22e952d98c4746939aa85?s=96&r=g\",\"contentUrl\":\"https:\\\/\\\/secure.gravatar.com\\\/avatar\\\/6b0eb9d22841282815e2cd856a0061c45e1761cd54b22e952d98c4746939aa85?s=96&r=g\",\"caption\":\"Michele\"},\"description\":\"Formada em Letras - Portugu\u00eas\\\/ Ingl\u00eas, e idealizadora do site Escritora de Sucesso, busca expandir o conhecimento de todos com informa\u00e7\u00f5es relevantes sobre diversos assuntos, enquanto redatora. No Vaga de Emprego RJ, traz oportunidades e dicas sobre o mercado de trabalho.\",\"url\":\"https:\\\/\\\/www.vagadeempregorj.com.br\\\/es\\\/author\\\/michele\\\/\"}]}<\/script>\n<!-- \/ Yoast SEO plugin. -->","yoast_head_json":{"title":"Seguro Desemprego pode cair no s\u00e1bado? Entenda -","description":"Veja em Vagas de Emprego RJ as vagas de emprego com e sem experi\u00eancia no seu Estado e Regi\u00e3o!","robots":{"index":"index","follow":"follow","max-snippet":"max-snippet:-1","max-image-preview":"max-image-preview:large","max-video-preview":"max-video-preview:-1"},"canonical":"https:\/\/www.vagadeempregorj.com.br\/es\/seguro-desemprego-pode-cair-no-sabado-entenda\/","og_locale":"es_MX","og_type":"article","og_title":"Seguro Desemprego pode cair no s\u00e1bado? Entenda -","og_description":"Veja em Vagas de Emprego RJ as vagas de emprego com e sem experi\u00eancia no seu Estado e Regi\u00e3o!","og_url":"https:\/\/www.vagadeempregorj.com.br\/es\/seguro-desemprego-pode-cair-no-sabado-entenda\/","article_publisher":"https:\/\/www.facebook.com\/empregobrasiloficial","article_published_time":"2024-04-21T03:01:00+00:00","og_image":[{"width":851,"height":520,"url":"https:\/\/www.vagadeempregorj.com.br\/wp-content\/uploads\/2024\/04\/image.png","type":"image\/png"}],"author":"Michele","twitter_card":"summary_large_image","twitter_misc":{"Escrito por":"Michele","Tiempo de lectura":"3 minutos"},"schema":{"@context":"https:\/\/schema.org","@graph":[{"@type":"Article","@id":"https:\/\/www.vagadeempregorj.com.br\/seguro-desemprego-pode-cair-no-sabado-entenda\/#article","isPartOf":{"@id":"https:\/\/www.vagadeempregorj.com.br\/seguro-desemprego-pode-cair-no-sabado-entenda\/"},"author":{"name":"Michele","@id":"https:\/\/www.vagadeempregorj.com.br\/#\/schema\/person\/3ddb19fa0539706786e502152f3aae95"},"headline":"Seguro Desemprego pode cair no s\u00e1bado? Entenda","datePublished":"2024-04-21T03:01:00+00:00","mainEntityOfPage":{"@id":"https:\/\/www.vagadeempregorj.com.br\/seguro-desemprego-pode-cair-no-sabado-entenda\/"},"wordCount":615,"image":{"@id":"https:\/\/www.vagadeempregorj.com.br\/seguro-desemprego-pode-cair-no-sabado-entenda\/#primaryimage"},"thumbnailUrl":"https:\/\/www.vagadeempregorj.com.br\/wp-content\/uploads\/2024\/04\/image.png","articleSection":["Benef\u00edcios Sociais"],"inLanguage":"es"},{"@type":"WebPage","@id":"https:\/\/www.vagadeempregorj.com.br\/seguro-desemprego-pode-cair-no-sabado-entenda\/","url":"https:\/\/www.vagadeempregorj.com.br\/seguro-desemprego-pode-cair-no-sabado-entenda\/","name":"Seguro Desemprego pode cair no s\u00e1bado? Entenda -","isPartOf":{"@id":"https:\/\/www.vagadeempregorj.com.br\/#website"},"primaryImageOfPage":{"@id":"https:\/\/www.vagadeempregorj.com.br\/seguro-desemprego-pode-cair-no-sabado-entenda\/#primaryimage"},"image":{"@id":"https:\/\/www.vagadeempregorj.com.br\/seguro-desemprego-pode-cair-no-sabado-entenda\/#primaryimage"},"thumbnailUrl":"https:\/\/www.vagadeempregorj.com.br\/wp-content\/uploads\/2024\/04\/image.png","datePublished":"2024-04-21T03:01:00+00:00","author":{"@id":"https:\/\/www.vagadeempregorj.com.br\/#\/schema\/person\/3ddb19fa0539706786e502152f3aae95"},"description":"Veja em Vagas de Emprego RJ as vagas de emprego com e sem experi\u00eancia no seu Estado e Regi\u00e3o!","breadcrumb":{"@id":"https:\/\/www.vagadeempregorj.com.br\/seguro-desemprego-pode-cair-no-sabado-entenda\/#breadcrumb"},"inLanguage":"es","potentialAction":[{"@type":"ReadAction","target":["https:\/\/www.vagadeempregorj.com.br\/seguro-desemprego-pode-cair-no-sabado-entenda\/"]}]},{"@type":"ImageObject","inLanguage":"es","@id":"https:\/\/www.vagadeempregorj.com.br\/seguro-desemprego-pode-cair-no-sabado-entenda\/#primaryimage","url":"https:\/\/www.vagadeempregorj.com.br\/wp-content\/uploads\/2024\/04\/image.png","contentUrl":"https:\/\/www.vagadeempregorj.com.br\/wp-content\/uploads\/2024\/04\/image.png","width":851,"height":520},{"@type":"BreadcrumbList","@id":"https:\/\/www.vagadeempregorj.com.br\/seguro-desemprego-pode-cair-no-sabado-entenda\/#breadcrumb","itemListElement":[{"@type":"ListItem","position":1,"name":"In\u00edcio","item":"https:\/\/www.vagadeempregorj.com.br\/"},{"@type":"ListItem","position":2,"name":"Benef\u00edcios Sociais","item":"https:\/\/www.vagadeempregorj.com.br\/beneficios-sociais\/"},{"@type":"ListItem","position":3,"name":"Seguro Desemprego pode cair no s\u00e1bado? Entenda"}]},{"@type":"WebSite","@id":"https:\/\/www.vagadeempregorj.com.br\/#website","url":"https:\/\/www.vagadeempregorj.com.br\/","name":"","description":"Haz realidad tus sue\u00f1os: Ofertas de empleo, beneficios y ahorros para transformar vidas y lograr mejoras cotidianas.","potentialAction":[{"@type":"SearchAction","target":{"@type":"EntryPoint","urlTemplate":"https:\/\/www.vagadeempregorj.com.br\/?s={search_term_string}"},"query-input":{"@type":"PropertyValueSpecification","valueRequired":true,"valueName":"search_term_string"}}],"inLanguage":"es"},{"@type":"Person","@id":"https:\/\/www.vagadeempregorj.com.br\/#\/schema\/person\/3ddb19fa0539706786e502152f3aae95","name":"Michele","image":{"@type":"ImageObject","inLanguage":"es","@id":"https:\/\/secure.gravatar.com\/avatar\/6b0eb9d22841282815e2cd856a0061c45e1761cd54b22e952d98c4746939aa85?s=96&r=g","url":"https:\/\/secure.gravatar.com\/avatar\/6b0eb9d22841282815e2cd856a0061c45e1761cd54b22e952d98c4746939aa85?s=96&r=g","contentUrl":"https:\/\/secure.gravatar.com\/avatar\/6b0eb9d22841282815e2cd856a0061c45e1761cd54b22e952d98c4746939aa85?s=96&r=g","caption":"Michele"},"description":"Formada em Letras - Portugu\u00eas\/ Ingl\u00eas, e idealizadora do site Escritora de Sucesso, busca expandir o conhecimento de todos com informa\u00e7\u00f5es relevantes sobre diversos assuntos, enquanto redatora. No Vaga de Emprego RJ, traz oportunidades e dicas sobre o mercado de trabalho.","url":"https:\/\/www.vagadeempregorj.com.br\/es\/author\/michele\/"}]}},"_links":{"self":[{"href":"https:\/\/www.vagadeempregorj.com.br\/es\/wp-json\/wp\/v2\/posts\/39590","targetHints":{"allow":["GET"]}}],"collection":[{"href":"https:\/\/www.vagadeempregorj.com.br\/es\/wp-json\/wp\/v2\/posts"}],"about":[{"href":"https:\/\/www.vagadeempregorj.com.br\/es\/wp-json\/wp\/v2\/types\/post"}],"author":[{"embeddable":true,"href":"https:\/\/www.vagadeempregorj.com.br\/es\/wp-json\/wp\/v2\/users\/16"}],"replies":[{"embeddable":true,"href":"https:\/\/www.vagadeempregorj.com.br\/es\/wp-json\/wp\/v2\/comments?post=39590"}],"version-history":[{"count":0,"href":"https:\/\/www.vagadeempregorj.com.br\/es\/wp-json\/wp\/v2\/posts\/39590\/revisions"}],"wp:featuredmedia":[{"embeddable":true,"href":"https:\/\/www.vagadeempregorj.com.br\/es\/wp-json\/wp\/v2\/media\/39598"}],"wp:attachment":[{"href":"https:\/\/www.vagadeempregorj.com.br\/es\/wp-json\/wp\/v2\/media?parent=39590"}],"wp:term":[{"taxonomy":"category","embeddable":true,"href":"https:\/\/www.vagadeempregorj.com.br\/es\/wp-json\/wp\/v2\/categories?post=39590"},{"taxonomy":"post_tag","embeddable":true,"href":"https:\/\/www.vagadeempregorj.com.br\/es\/wp-json\/wp\/v2\/tags?post=39590"}],"curies":[{"name":"wp","href":"https:\/\/api.w.org\/{rel}","templated":true}]}}