{"id":39594,"date":"2024-04-27T00:01:00","date_gmt":"2024-04-27T03:01:00","guid":{"rendered":"https:\/\/www.vagadeempregorj.com.br\/?p=39594"},"modified":"2024-04-17T05:31:58","modified_gmt":"2024-04-17T08:31:58","slug":"empreendedorismo-em-tempos-de-crise-como-inovar-e-se-destacar-no-mercado","status":"publish","type":"post","link":"https:\/\/www.vagadeempregorj.com.br\/es\/empreendedorismo-em-tempos-de-crise-como-inovar-e-se-destacar-no-mercado\/","title":{"rendered":"Empreendedorismo em Tempos de Crise: Como Inovar e se Destacar no Mercado"},"content":{"rendered":"<p>N\u00e3o h\u00e1 d\u00favida de que empreender em tempos de crise \u00e9 um desafio, mas tamb\u00e9m pode ser uma oportunidade. Enquanto muitas empresas lutam para sobreviver, os empreendedores que conseguem inovar e se adaptar t\u00eam a chance de se destacar no mercado. Neste artigo, exploraremos estrat\u00e9gias e dicas para empreender com sucesso em meio \u00e0 turbul\u00eancia econ\u00f4mica.<\/p>\n\n\n\n<h2 class=\"wp-block-heading\">Como inovar e se destacar no mercado em tempos de crise<\/h2>\n\n\n\n<p>O empreendedorismo sempre foi uma jornada repleta de desafios, mas em tempos de crise, esses desafios podem parecer ainda mais intimidadores. A incerteza econ\u00f4mica, a volatilidade do mercado e as mudan\u00e7as no comportamento do consumidor podem tornar dif\u00edcil para os empreendedores navegar e prosperar. No entanto, \u00e9 importante lembrar que a adversidade tamb\u00e9m traz consigo oportunidades para inova\u00e7\u00e3o e crescimento.<\/p>\n\n\n\n<h2 class=\"wp-block-heading\">Entendendo a Crise<\/h2>\n\n\n\n<p>Antes de discutirmos como empreender em tempos de crise, \u00e9 crucial entender os diferentes tipos de crises e como elas impactam os neg\u00f3cios. As crises podem ser causadas por uma variedade de fatores, incluindo recess\u00f5es econ\u00f4micas, pandemias, crises pol\u00edticas e desastres naturais. Cada tipo de crise apresenta seus pr\u00f3prios desafios e nuances, e os empreendedores precisam estar preparados para enfrent\u00e1-los de maneira eficaz.<\/p>\n\n\n\n<h2 class=\"wp-block-heading\">Oportunidades na Adversidade<\/h2>\n\n\n\n<p>Embora as crises possam representar momentos dif\u00edceis para os neg\u00f3cios, tamb\u00e9m podem ser momentos de grande oportunidade. Durante esses per\u00edodos, as necessidades dos consumidores muitas vezes mudam, abrindo espa\u00e7o para novos produtos e servi\u00e7os inovadores. Al\u00e9m disso, as crises podem for\u00e7ar os empreendedores a repensar suas estrat\u00e9gias e encontrar maneiras criativas de alcan\u00e7ar o sucesso.<\/p>\n\n\n\n<h2 class=\"wp-block-heading\">Estrat\u00e9gias para Empreender em Tempos de Crise<\/h2>\n\n\n\n<p>Identifique as necessidades do mercado: Em tempos de crise, as prioridades dos consumidores podem mudar drasticamente. Identificar e atender a essas novas necessidades pode ser uma fonte importante de oportunidades de neg\u00f3cios. Isso pode envolver a adapta\u00e7\u00e3o de produtos ou servi\u00e7os existentes ou o desenvolvimento de novas solu\u00e7\u00f5es para problemas emergentes.<\/p>\n\n\n\n<figure class=\"wp-block-image size-large\"><img loading=\"lazy\" decoding=\"async\" width=\"1024\" height=\"680\" src=\"https:\/\/www.vagadeempregorj.com.br\/wp-content\/uploads\/2024\/04\/image-2-1024x680.png\" alt=\"\" class=\"wp-image-39602\" srcset=\"https:\/\/www.vagadeempregorj.com.br\/wp-content\/uploads\/2024\/04\/image-2-1024x680.png 1024w, https:\/\/www.vagadeempregorj.com.br\/wp-content\/uploads\/2024\/04\/image-2-300x199.png 300w, https:\/\/www.vagadeempregorj.com.br\/wp-content\/uploads\/2024\/04\/image-2-768x510.png 768w, https:\/\/www.vagadeempregorj.com.br\/wp-content\/uploads\/2024\/04\/image-2-150x100.png 150w, https:\/\/www.vagadeempregorj.com.br\/wp-content\/uploads\/2024\/04\/image-2.png 1280w\" sizes=\"auto, (max-width: 1024px) 100vw, 1024px\" \/><\/figure>\n\n\n\n<ul class=\"wp-block-list\">\n<li>Mantenha-se \u00e1gil e flex\u00edvel: A capacidade de se adaptar rapidamente \u00e0s mudan\u00e7as nas condi\u00e7\u00f5es do mercado \u00e9 essencial para o sucesso em tempos de crise. Isso pode significar ajustar rapidamente sua estrat\u00e9gia de neg\u00f3cios, desenvolver novas parcerias ou at\u00e9 mesmo mudar completamente o foco do seu neg\u00f3cio, se necess\u00e1rio.<\/li>\n\n\n\n<li>Invista em inova\u00e7\u00e3o: A inova\u00e7\u00e3o \u00e9 fundamental para se destacar no mercado, especialmente em tempos de crise. Isso pode envolver o desenvolvimento de novos produtos ou servi\u00e7os, a ado\u00e7\u00e3o de tecnologias emergentes ou a implementa\u00e7\u00e3o de novos modelos de neg\u00f3cios. As empresas que conseguem inovar com sucesso muitas vezes t\u00eam uma vantagem competitiva significativa.<\/li>\n\n\n\n<li>Cuide do seu caixa: Em tempos de crise, a gest\u00e3o financeira prudente \u00e9 mais importante do que nunca. Certifique-se de monitorar de perto suas finan\u00e7as, reduzir custos desnecess\u00e1rios e manter reservas de caixa adequadas para enfrentar qualquer imprevisto. Isso pode ajudar a garantir a sobreviv\u00eancia de seu neg\u00f3cio durante per\u00edodos de incerteza econ\u00f4mica.<\/li>\n\n\n\n<li>Construa relacionamentos s\u00f3lidos: Durante uma crise, \u00e9 essencial contar com uma rede de apoio forte. Isso pode incluir parceiros de neg\u00f3cios, fornecedores, clientes e outros empreendedores. Construir relacionamentos s\u00f3lidos pode fornecer suporte emocional e pr\u00e1tico, al\u00e9m de abrir novas oportunidades de colabora\u00e7\u00e3o e crescimento.<\/li>\n<\/ul>\n\n\n\n<h2 class=\"wp-block-heading\">Estudos de Caso de Empreendedorismo em Tempos de Crise<\/h2>\n\n\n\n<p>Para ilustrar como essas estrat\u00e9gias podem ser implementadas na pr\u00e1tica, vamos examinar dois estudos de caso de empreendedores que conseguiram prosperar em meio \u00e0 adversidade.<\/p>\n\n\n\n<h3 class=\"wp-block-heading\">Estudo de Caso 1: Empresa de Tecnologia durante a Pandemia<\/h3>\n\n\n\n<p>Durante a pandemia de COVID-19, muitas empresas de tecnologia tiveram que se adaptar rapidamente \u00e0s mudan\u00e7as nas necessidades dos consumidores. Um exemplo \u00e9 a empresa XYZ, que desenvolveu uma plataforma de ensino \u00e0 dist\u00e2ncia para escolas e universidades. Ao reconhecer a crescente demanda por solu\u00e7\u00f5es de aprendizado online, a empresa conseguiu expandir rapidamente sua base de clientes e aumentar suas receitas.<\/p>\n\n\n\n<h3 class=\"wp-block-heading\">Estudo de Caso 2: Restaurante durante uma Recess\u00e3o Econ\u00f4mica<\/h3>\n\n\n\n<p>Durante uma recess\u00e3o econ\u00f4mica, os restaurantes muitas vezes lutam para atrair clientes e manter suas opera\u00e7\u00f5es lucrativas. No entanto, o restaurante ABC adotou uma abordagem inovadora, oferecendo refei\u00e7\u00f5es prontas para viagem e parcerias com empresas de entrega de alimentos. Ao se adaptar rapidamente \u00e0s mudan\u00e7as nas prefer\u00eancias dos consumidores, o restaurante conseguiu manter suas opera\u00e7\u00f5es e at\u00e9 mesmo expandir seus neg\u00f3cios durante a recess\u00e3o.<\/p>\n\n\n\n<p>Empreender em tempos de crise pode ser desafiador, mas tamb\u00e9m pode ser incrivelmente gratificante. Ao adotar uma abordagem \u00e1gil, inovadora e centrada no cliente, os empreendedores podem n\u00e3o apenas sobreviver em meio \u00e0 adversidade, mas tamb\u00e9m prosperar. Ao identificar e aproveitar as oportunidades emergentes, construir relacionamentos s\u00f3lidos e manter uma gest\u00e3o financeira s\u00f3lida, os empreendedores podem posicionar seus neg\u00f3cios para o sucesso a longo prazo, independentemente das condi\u00e7\u00f5es econ\u00f4micas.<\/p>\n\n\n\n<p><strong>Veja tamb\u00e9m: <a href=\"https:\/\/www.vagadeempregorj.com.br\/es\/fgts-paga-mais-de-r1200-para-beneficiarios-entenda-como-receber\/\">FGTS paga mais de R$1200 para benefici\u00e1rios; entenda como receber<\/a><\/strong><\/p>\n\n\n\n<p>27 de abril de 2024<\/p>","protected":false},"excerpt":{"rendered":"<p>N\u00e3o h\u00e1 d\u00favida de que empreender em tempos de crise \u00e9 um desafio, mas tamb\u00e9m pode ser uma oportunidade. Enquanto muitas empresas lutam para sobreviver, os empreendedores que conseguem inovar e se adaptar t\u00eam a chance de se destacar no mercado. Neste artigo, exploraremos estrat\u00e9gias e dicas para empreender com sucesso em meio \u00e0 turbul\u00eancia&hellip;&nbsp;<\/p>","protected":false},"author":16,"featured_media":39602,"comment_status":"closed","ping_status":"closed","sticky":false,"template":"","format":"standard","meta":{"neve_meta_sidebar":"","neve_meta_container":"","neve_meta_enable_content_width":"","neve_meta_content_width":0,"neve_meta_title_alignment":"","neve_meta_author_avatar":"","neve_post_elements_order":"","neve_meta_disable_header":"","neve_meta_disable_footer":"","neve_meta_disable_title":"","footnotes":""},"categories":[804],"tags":[],"class_list":["post-39594","post","type-post","status-publish","format-standard","has-post-thumbnail","hentry","category-economia"],"yoast_head":"<!-- This site is optimized with the Yoast SEO plugin v27.5 - https:\/\/yoast.com\/product\/yoast-seo-wordpress\/ -->\n<title>Empreendedorismo em Tempos de Crise: Como Inovar e se Destacar no Mercado -<\/title>\n<meta name=\"description\" content=\"Veja em Vagas de Emprego RJ as vagas de emprego com e sem experi\u00eancia no seu Estado e Regi\u00e3o!\" \/>\n<meta name=\"robots\" content=\"index, follow, max-snippet:-1, max-image-preview:large, max-video-preview:-1\" \/>\n<link rel=\"canonical\" href=\"https:\/\/www.vagadeempregorj.com.br\/es\/empreendedorismo-em-tempos-de-crise-como-inovar-e-se-destacar-no-mercado\/\" \/>\n<meta property=\"og:locale\" content=\"es_MX\" \/>\n<meta property=\"og:type\" content=\"article\" \/>\n<meta property=\"og:title\" content=\"Empreendedorismo em Tempos de Crise: Como Inovar e se Destacar no Mercado -\" \/>\n<meta property=\"og:description\" content=\"Veja em Vagas de Emprego RJ as vagas de emprego com e sem experi\u00eancia no seu Estado e Regi\u00e3o!\" \/>\n<meta property=\"og:url\" content=\"https:\/\/www.vagadeempregorj.com.br\/es\/empreendedorismo-em-tempos-de-crise-como-inovar-e-se-destacar-no-mercado\/\" \/>\n<meta property=\"article:publisher\" content=\"https:\/\/www.facebook.com\/empregobrasiloficial\" \/>\n<meta property=\"article:published_time\" content=\"2024-04-27T03:01:00+00:00\" \/>\n<meta property=\"og:image\" content=\"https:\/\/www.vagadeempregorj.com.br\/wp-content\/uploads\/2024\/04\/image-2-1024x680.png\" \/>\n\t<meta property=\"og:image:width\" content=\"1024\" \/>\n\t<meta property=\"og:image:height\" content=\"680\" \/>\n\t<meta property=\"og:image:type\" content=\"image\/png\" \/>\n<meta name=\"author\" content=\"Michele\" \/>\n<meta name=\"twitter:card\" content=\"summary_large_image\" \/>\n<meta name=\"twitter:label1\" content=\"Written by\" \/>\n\t<meta name=\"twitter:data1\" content=\"Michele\" \/>\n\t<meta name=\"twitter:label2\" content=\"Est. reading time\" \/>\n\t<meta name=\"twitter:data2\" content=\"4 minutos\" \/>\n<script type=\"application\/ld+json\" class=\"yoast-schema-graph\">{\"@context\":\"https:\\\/\\\/schema.org\",\"@graph\":[{\"@type\":\"Article\",\"@id\":\"https:\\\/\\\/www.vagadeempregorj.com.br\\\/empreendedorismo-em-tempos-de-crise-como-inovar-e-se-destacar-no-mercado\\\/#article\",\"isPartOf\":{\"@id\":\"https:\\\/\\\/www.vagadeempregorj.com.br\\\/empreendedorismo-em-tempos-de-crise-como-inovar-e-se-destacar-no-mercado\\\/\"},\"author\":{\"name\":\"Michele\",\"@id\":\"https:\\\/\\\/www.vagadeempregorj.com.br\\\/#\\\/schema\\\/person\\\/3ddb19fa0539706786e502152f3aae95\"},\"headline\":\"Empreendedorismo em Tempos de Crise: Como Inovar e se Destacar no Mercado\",\"datePublished\":\"2024-04-27T03:01:00+00:00\",\"mainEntityOfPage\":{\"@id\":\"https:\\\/\\\/www.vagadeempregorj.com.br\\\/empreendedorismo-em-tempos-de-crise-como-inovar-e-se-destacar-no-mercado\\\/\"},\"wordCount\":856,\"image\":{\"@id\":\"https:\\\/\\\/www.vagadeempregorj.com.br\\\/empreendedorismo-em-tempos-de-crise-como-inovar-e-se-destacar-no-mercado\\\/#primaryimage\"},\"thumbnailUrl\":\"https:\\\/\\\/www.vagadeempregorj.com.br\\\/wp-content\\\/uploads\\\/2024\\\/04\\\/image-2.png\",\"articleSection\":[\"Economia\"],\"inLanguage\":\"es\"},{\"@type\":\"WebPage\",\"@id\":\"https:\\\/\\\/www.vagadeempregorj.com.br\\\/empreendedorismo-em-tempos-de-crise-como-inovar-e-se-destacar-no-mercado\\\/\",\"url\":\"https:\\\/\\\/www.vagadeempregorj.com.br\\\/empreendedorismo-em-tempos-de-crise-como-inovar-e-se-destacar-no-mercado\\\/\",\"name\":\"Empreendedorismo em Tempos de Crise: Como Inovar e se Destacar no Mercado -\",\"isPartOf\":{\"@id\":\"https:\\\/\\\/www.vagadeempregorj.com.br\\\/#website\"},\"primaryImageOfPage\":{\"@id\":\"https:\\\/\\\/www.vagadeempregorj.com.br\\\/empreendedorismo-em-tempos-de-crise-como-inovar-e-se-destacar-no-mercado\\\/#primaryimage\"},\"image\":{\"@id\":\"https:\\\/\\\/www.vagadeempregorj.com.br\\\/empreendedorismo-em-tempos-de-crise-como-inovar-e-se-destacar-no-mercado\\\/#primaryimage\"},\"thumbnailUrl\":\"https:\\\/\\\/www.vagadeempregorj.com.br\\\/wp-content\\\/uploads\\\/2024\\\/04\\\/image-2.png\",\"datePublished\":\"2024-04-27T03:01:00+00:00\",\"author\":{\"@id\":\"https:\\\/\\\/www.vagadeempregorj.com.br\\\/#\\\/schema\\\/person\\\/3ddb19fa0539706786e502152f3aae95\"},\"description\":\"Veja em Vagas de Emprego RJ as vagas de emprego com e sem experi\u00eancia no seu Estado e Regi\u00e3o!\",\"breadcrumb\":{\"@id\":\"https:\\\/\\\/www.vagadeempregorj.com.br\\\/empreendedorismo-em-tempos-de-crise-como-inovar-e-se-destacar-no-mercado\\\/#breadcrumb\"},\"inLanguage\":\"es\",\"potentialAction\":[{\"@type\":\"ReadAction\",\"target\":[\"https:\\\/\\\/www.vagadeempregorj.com.br\\\/empreendedorismo-em-tempos-de-crise-como-inovar-e-se-destacar-no-mercado\\\/\"]}]},{\"@type\":\"ImageObject\",\"inLanguage\":\"es\",\"@id\":\"https:\\\/\\\/www.vagadeempregorj.com.br\\\/empreendedorismo-em-tempos-de-crise-como-inovar-e-se-destacar-no-mercado\\\/#primaryimage\",\"url\":\"https:\\\/\\\/www.vagadeempregorj.com.br\\\/wp-content\\\/uploads\\\/2024\\\/04\\\/image-2.png\",\"contentUrl\":\"https:\\\/\\\/www.vagadeempregorj.com.br\\\/wp-content\\\/uploads\\\/2024\\\/04\\\/image-2.png\",\"width\":1280,\"height\":850},{\"@type\":\"BreadcrumbList\",\"@id\":\"https:\\\/\\\/www.vagadeempregorj.com.br\\\/empreendedorismo-em-tempos-de-crise-como-inovar-e-se-destacar-no-mercado\\\/#breadcrumb\",\"itemListElement\":[{\"@type\":\"ListItem\",\"position\":1,\"name\":\"In\u00edcio\",\"item\":\"https:\\\/\\\/www.vagadeempregorj.com.br\\\/\"},{\"@type\":\"ListItem\",\"position\":2,\"name\":\"Economia\",\"item\":\"https:\\\/\\\/www.vagadeempregorj.com.br\\\/economia\\\/\"},{\"@type\":\"ListItem\",\"position\":3,\"name\":\"Empreendedorismo em Tempos de Crise: Como Inovar e se Destacar no Mercado\"}]},{\"@type\":\"WebSite\",\"@id\":\"https:\\\/\\\/www.vagadeempregorj.com.br\\\/#website\",\"url\":\"https:\\\/\\\/www.vagadeempregorj.com.br\\\/\",\"name\":\"\",\"description\":\"Conquiste Sonhos: Vagas, Benef\u00edcios e Economia para Transformar Vidas e Alcan\u00e7ar Melhorias Cotidianas\",\"potentialAction\":[{\"@type\":\"SearchAction\",\"target\":{\"@type\":\"EntryPoint\",\"urlTemplate\":\"https:\\\/\\\/www.vagadeempregorj.com.br\\\/?s={search_term_string}\"},\"query-input\":{\"@type\":\"PropertyValueSpecification\",\"valueRequired\":true,\"valueName\":\"search_term_string\"}}],\"inLanguage\":\"es\"},{\"@type\":\"Person\",\"@id\":\"https:\\\/\\\/www.vagadeempregorj.com.br\\\/#\\\/schema\\\/person\\\/3ddb19fa0539706786e502152f3aae95\",\"name\":\"Michele\",\"image\":{\"@type\":\"ImageObject\",\"inLanguage\":\"es\",\"@id\":\"https:\\\/\\\/secure.gravatar.com\\\/avatar\\\/6b0eb9d22841282815e2cd856a0061c45e1761cd54b22e952d98c4746939aa85?s=96&r=g\",\"url\":\"https:\\\/\\\/secure.gravatar.com\\\/avatar\\\/6b0eb9d22841282815e2cd856a0061c45e1761cd54b22e952d98c4746939aa85?s=96&r=g\",\"contentUrl\":\"https:\\\/\\\/secure.gravatar.com\\\/avatar\\\/6b0eb9d22841282815e2cd856a0061c45e1761cd54b22e952d98c4746939aa85?s=96&r=g\",\"caption\":\"Michele\"},\"description\":\"Formada em Letras - Portugu\u00eas\\\/ Ingl\u00eas, e idealizadora do site Escritora de Sucesso, busca expandir o conhecimento de todos com informa\u00e7\u00f5es relevantes sobre diversos assuntos, enquanto redatora. No Vaga de Emprego RJ, traz oportunidades e dicas sobre o mercado de trabalho.\",\"url\":\"https:\\\/\\\/www.vagadeempregorj.com.br\\\/es\\\/author\\\/michele\\\/\"}]}<\/script>\n<!-- \/ Yoast SEO plugin. -->","yoast_head_json":{"title":"Empreendedorismo em Tempos de Crise: Como Inovar e se Destacar no Mercado -","description":"Veja em Vagas de Emprego RJ as vagas de emprego com e sem experi\u00eancia no seu Estado e Regi\u00e3o!","robots":{"index":"index","follow":"follow","max-snippet":"max-snippet:-1","max-image-preview":"max-image-preview:large","max-video-preview":"max-video-preview:-1"},"canonical":"https:\/\/www.vagadeempregorj.com.br\/es\/empreendedorismo-em-tempos-de-crise-como-inovar-e-se-destacar-no-mercado\/","og_locale":"es_MX","og_type":"article","og_title":"Empreendedorismo em Tempos de Crise: Como Inovar e se Destacar no Mercado -","og_description":"Veja em Vagas de Emprego RJ as vagas de emprego com e sem experi\u00eancia no seu Estado e Regi\u00e3o!","og_url":"https:\/\/www.vagadeempregorj.com.br\/es\/empreendedorismo-em-tempos-de-crise-como-inovar-e-se-destacar-no-mercado\/","article_publisher":"https:\/\/www.facebook.com\/empregobrasiloficial","article_published_time":"2024-04-27T03:01:00+00:00","og_image":[{"width":1024,"height":680,"url":"https:\/\/www.vagadeempregorj.com.br\/wp-content\/uploads\/2024\/04\/image-2-1024x680.png","type":"image\/png"}],"author":"Michele","twitter_card":"summary_large_image","twitter_misc":{"Written by":"Michele","Est. reading time":"4 minutos"},"schema":{"@context":"https:\/\/schema.org","@graph":[{"@type":"Article","@id":"https:\/\/www.vagadeempregorj.com.br\/empreendedorismo-em-tempos-de-crise-como-inovar-e-se-destacar-no-mercado\/#article","isPartOf":{"@id":"https:\/\/www.vagadeempregorj.com.br\/empreendedorismo-em-tempos-de-crise-como-inovar-e-se-destacar-no-mercado\/"},"author":{"name":"Michele","@id":"https:\/\/www.vagadeempregorj.com.br\/#\/schema\/person\/3ddb19fa0539706786e502152f3aae95"},"headline":"Empreendedorismo em Tempos de Crise: Como Inovar e se Destacar no Mercado","datePublished":"2024-04-27T03:01:00+00:00","mainEntityOfPage":{"@id":"https:\/\/www.vagadeempregorj.com.br\/empreendedorismo-em-tempos-de-crise-como-inovar-e-se-destacar-no-mercado\/"},"wordCount":856,"image":{"@id":"https:\/\/www.vagadeempregorj.com.br\/empreendedorismo-em-tempos-de-crise-como-inovar-e-se-destacar-no-mercado\/#primaryimage"},"thumbnailUrl":"https:\/\/www.vagadeempregorj.com.br\/wp-content\/uploads\/2024\/04\/image-2.png","articleSection":["Economia"],"inLanguage":"es"},{"@type":"WebPage","@id":"https:\/\/www.vagadeempregorj.com.br\/empreendedorismo-em-tempos-de-crise-como-inovar-e-se-destacar-no-mercado\/","url":"https:\/\/www.vagadeempregorj.com.br\/empreendedorismo-em-tempos-de-crise-como-inovar-e-se-destacar-no-mercado\/","name":"Empreendedorismo em Tempos de Crise: Como Inovar e se Destacar no Mercado -","isPartOf":{"@id":"https:\/\/www.vagadeempregorj.com.br\/#website"},"primaryImageOfPage":{"@id":"https:\/\/www.vagadeempregorj.com.br\/empreendedorismo-em-tempos-de-crise-como-inovar-e-se-destacar-no-mercado\/#primaryimage"},"image":{"@id":"https:\/\/www.vagadeempregorj.com.br\/empreendedorismo-em-tempos-de-crise-como-inovar-e-se-destacar-no-mercado\/#primaryimage"},"thumbnailUrl":"https:\/\/www.vagadeempregorj.com.br\/wp-content\/uploads\/2024\/04\/image-2.png","datePublished":"2024-04-27T03:01:00+00:00","author":{"@id":"https:\/\/www.vagadeempregorj.com.br\/#\/schema\/person\/3ddb19fa0539706786e502152f3aae95"},"description":"Veja em Vagas de Emprego RJ as vagas de emprego com e sem experi\u00eancia no seu Estado e Regi\u00e3o!","breadcrumb":{"@id":"https:\/\/www.vagadeempregorj.com.br\/empreendedorismo-em-tempos-de-crise-como-inovar-e-se-destacar-no-mercado\/#breadcrumb"},"inLanguage":"es","potentialAction":[{"@type":"ReadAction","target":["https:\/\/www.vagadeempregorj.com.br\/empreendedorismo-em-tempos-de-crise-como-inovar-e-se-destacar-no-mercado\/"]}]},{"@type":"ImageObject","inLanguage":"es","@id":"https:\/\/www.vagadeempregorj.com.br\/empreendedorismo-em-tempos-de-crise-como-inovar-e-se-destacar-no-mercado\/#primaryimage","url":"https:\/\/www.vagadeempregorj.com.br\/wp-content\/uploads\/2024\/04\/image-2.png","contentUrl":"https:\/\/www.vagadeempregorj.com.br\/wp-content\/uploads\/2024\/04\/image-2.png","width":1280,"height":850},{"@type":"BreadcrumbList","@id":"https:\/\/www.vagadeempregorj.com.br\/empreendedorismo-em-tempos-de-crise-como-inovar-e-se-destacar-no-mercado\/#breadcrumb","itemListElement":[{"@type":"ListItem","position":1,"name":"In\u00edcio","item":"https:\/\/www.vagadeempregorj.com.br\/"},{"@type":"ListItem","position":2,"name":"Economia","item":"https:\/\/www.vagadeempregorj.com.br\/economia\/"},{"@type":"ListItem","position":3,"name":"Empreendedorismo em Tempos de Crise: Como Inovar e se Destacar no Mercado"}]},{"@type":"WebSite","@id":"https:\/\/www.vagadeempregorj.com.br\/#website","url":"https:\/\/www.vagadeempregorj.com.br\/","name":"","description":"Conquiste Sonhos: Vagas, Benef\u00edcios e Economia para Transformar Vidas e Alcan\u00e7ar Melhorias Cotidianas","potentialAction":[{"@type":"SearchAction","target":{"@type":"EntryPoint","urlTemplate":"https:\/\/www.vagadeempregorj.com.br\/?s={search_term_string}"},"query-input":{"@type":"PropertyValueSpecification","valueRequired":true,"valueName":"search_term_string"}}],"inLanguage":"es"},{"@type":"Person","@id":"https:\/\/www.vagadeempregorj.com.br\/#\/schema\/person\/3ddb19fa0539706786e502152f3aae95","name":"Michele","image":{"@type":"ImageObject","inLanguage":"es","@id":"https:\/\/secure.gravatar.com\/avatar\/6b0eb9d22841282815e2cd856a0061c45e1761cd54b22e952d98c4746939aa85?s=96&r=g","url":"https:\/\/secure.gravatar.com\/avatar\/6b0eb9d22841282815e2cd856a0061c45e1761cd54b22e952d98c4746939aa85?s=96&r=g","contentUrl":"https:\/\/secure.gravatar.com\/avatar\/6b0eb9d22841282815e2cd856a0061c45e1761cd54b22e952d98c4746939aa85?s=96&r=g","caption":"Michele"},"description":"Formada em Letras - Portugu\u00eas\/ Ingl\u00eas, e idealizadora do site Escritora de Sucesso, busca expandir o conhecimento de todos com informa\u00e7\u00f5es relevantes sobre diversos assuntos, enquanto redatora. No Vaga de Emprego RJ, traz oportunidades e dicas sobre o mercado de trabalho.","url":"https:\/\/www.vagadeempregorj.com.br\/es\/author\/michele\/"}]}},"_links":{"self":[{"href":"https:\/\/www.vagadeempregorj.com.br\/es\/wp-json\/wp\/v2\/posts\/39594","targetHints":{"allow":["GET"]}}],"collection":[{"href":"https:\/\/www.vagadeempregorj.com.br\/es\/wp-json\/wp\/v2\/posts"}],"about":[{"href":"https:\/\/www.vagadeempregorj.com.br\/es\/wp-json\/wp\/v2\/types\/post"}],"author":[{"embeddable":true,"href":"https:\/\/www.vagadeempregorj.com.br\/es\/wp-json\/wp\/v2\/users\/16"}],"replies":[{"embeddable":true,"href":"https:\/\/www.vagadeempregorj.com.br\/es\/wp-json\/wp\/v2\/comments?post=39594"}],"version-history":[{"count":0,"href":"https:\/\/www.vagadeempregorj.com.br\/es\/wp-json\/wp\/v2\/posts\/39594\/revisions"}],"wp:featuredmedia":[{"embeddable":true,"href":"https:\/\/www.vagadeempregorj.com.br\/es\/wp-json\/wp\/v2\/media\/39602"}],"wp:attachment":[{"href":"https:\/\/www.vagadeempregorj.com.br\/es\/wp-json\/wp\/v2\/media?parent=39594"}],"wp:term":[{"taxonomy":"category","embeddable":true,"href":"https:\/\/www.vagadeempregorj.com.br\/es\/wp-json\/wp\/v2\/categories?post=39594"},{"taxonomy":"post_tag","embeddable":true,"href":"https:\/\/www.vagadeempregorj.com.br\/es\/wp-json\/wp\/v2\/tags?post=39594"}],"curies":[{"name":"wp","href":"https:\/\/api.w.org\/{rel}","templated":true}]}}