{"id":39633,"date":"2024-05-12T02:00:00","date_gmt":"2024-05-12T05:00:00","guid":{"rendered":"https:\/\/www.vagadeempregorj.com.br\/?p=39633"},"modified":"2024-05-12T01:33:35","modified_gmt":"2024-05-12T04:33:35","slug":"futuro-digital-tendencias-tecnologicas-que-moldarao-nossa-sociedade","status":"publish","type":"post","link":"https:\/\/www.vagadeempregorj.com.br\/es\/futuro-digital-tendencias-tecnologicas-que-moldarao-nossa-sociedade\/","title":{"rendered":"Futuro Digital: Tend\u00eancias Tecnol\u00f3gicas que Moldar\u00e3o Nossa Sociedade"},"content":{"rendered":"<p>No horizonte do futuro digital, vislumbramos um cen\u00e1rio fascinante e din\u00e2mico, impulsionado por uma constante evolu\u00e7\u00e3o tecnol\u00f3gica. \u00c0 medida que nos aventuramos mais profundamente na era digital, somos confrontados com uma mir\u00edade de possibilidades e desafios. Neste artigo, exploraremos algumas das tend\u00eancias tecnol\u00f3gicas mais impactantes que est\u00e3o moldando nossa sociedade e redefinindo a maneira como vivemos, trabalhamos e interagimos.<\/p>\n\n\n\n<h2 class=\"wp-block-heading\">Quais as tend\u00eancias tecnol\u00f3gicas que moldaram nossa sociedade?<\/h2>\n\n\n\n<p>Nos \u00faltimos anos, testemunhamos uma acelera\u00e7\u00e3o vertiginosa no ritmo da inova\u00e7\u00e3o tecnol\u00f3gica, redefinindo fundamentalmente a maneira como vivemos, trabalhamos e nos relacionamos. De assistentes virtuais a carros aut\u00f4nomos, a tecnologia est\u00e1 moldando cada aspecto de nossa sociedade de maneiras que nunca poder\u00edamos ter imaginado anteriormente.<\/p>\n\n\n\n<h3 class=\"wp-block-heading\">Intelig\u00eancia Artificial (IA) e Aprendizado de M\u00e1quina (ML)<\/h3>\n\n\n\n<p>A Intelig\u00eancia Artificial e o Aprendizado de M\u00e1quina est\u00e3o no cerne da revolu\u00e7\u00e3o digital em curso. Com algoritmos cada vez mais sofisticados e poder computacional sem precedentes, a IA est\u00e1 permeando todos os aspectos de nossas vidas. Desde assistentes virtuais em nossos dispositivos m\u00f3veis at\u00e9 sistemas de diagn\u00f3stico m\u00e9dico de ponta, as aplica\u00e7\u00f5es da IA s\u00e3o vastas e em constante expans\u00e3o. No futuro, podemos esperar que a IA assuma um papel ainda maior na automa\u00e7\u00e3o de tarefas, tomada de decis\u00f5es e at\u00e9 mesmo na cria\u00e7\u00e3o de arte e m\u00fasica.<\/p>\n\n\n\n<h3 class=\"wp-block-heading\">Internet das Coisas (IoT)<\/h3>\n\n\n\n<p>A Internet das Coisas continua a transformar nossos lares, cidades e locais de trabalho. Com a prolifera\u00e7\u00e3o de dispositivos conectados, desde eletrodom\u00e9sticos inteligentes at\u00e9 sensores de monitoramento de sa\u00fade, estamos testemunhando uma interconex\u00e3o sem precedentes de objetos f\u00edsicos e digitais. No futuro, a IoT promete tornar nossas vidas mais convenientes, eficientes e seguras, ao mesmo tempo que nos desafia a repensar quest\u00f5es de privacidade e seguran\u00e7a de dados.<\/p>\n\n\n\n<h3 class=\"wp-block-heading\">Computa\u00e7\u00e3o em Nuvem e Edge Computing<\/h3>\n\n\n\n<p>A computa\u00e7\u00e3o em nuvem revolucionou a maneira como armazenamos, processamos e acessamos dados. No entanto, \u00e0 medida que as demandas por conectividade instant\u00e2nea e baixa lat\u00eancia crescem, surge a necessidade de solu\u00e7\u00f5es mais distribu\u00eddas.&nbsp;<\/p>\n\n\n\n<p>\u00c9 aqui que entra o Edge Computing, que leva o poder computacional mais pr\u00f3ximo dos usu\u00e1rios e dispositivos finais. Essa tend\u00eancia promete impulsionar o desenvolvimento de aplicativos de realidade aumentada, ve\u00edculos aut\u00f4nomos e outras tecnologias imersivas.<\/p>\n\n\n\n<h3 class=\"wp-block-heading\">Blockchain e Criptomoedas<\/h3>\n\n\n\n<p>O Blockchain, a tecnologia subjacente \u00e0s criptomoedas como o Bitcoin e o Ethereum, est\u00e1 redefinindo os paradigmas de confian\u00e7a e transpar\u00eancia em nossas transa\u00e7\u00f5es digitais.\u00a0<\/p>\n\n\n\n<figure class=\"wp-block-image size-large\"><img loading=\"lazy\" decoding=\"async\" width=\"1024\" height=\"682\" src=\"https:\/\/www.vagadeempregorj.com.br\/wp-content\/uploads\/2024\/05\/image-3-1024x682.png\" alt=\"\" class=\"wp-image-39637\" srcset=\"https:\/\/www.vagadeempregorj.com.br\/wp-content\/uploads\/2024\/05\/image-3-1024x682.png 1024w, https:\/\/www.vagadeempregorj.com.br\/wp-content\/uploads\/2024\/05\/image-3-300x200.png 300w, https:\/\/www.vagadeempregorj.com.br\/wp-content\/uploads\/2024\/05\/image-3-768x512.png 768w, https:\/\/www.vagadeempregorj.com.br\/wp-content\/uploads\/2024\/05\/image-3-150x100.png 150w, https:\/\/www.vagadeempregorj.com.br\/wp-content\/uploads\/2024\/05\/image-3.png 1280w\" sizes=\"auto, (max-width: 1024px) 100vw, 1024px\" \/><\/figure>\n\n\n\n<p>Com sua natureza descentralizada e imut\u00e1vel, o Blockchain tem o potencial de transformar setores que v\u00e3o desde servi\u00e7os financeiros at\u00e9 cadeias de suprimentos globais. No futuro, podemos esperar ver uma ado\u00e7\u00e3o mais ampla do Blockchain e o surgimento de novas formas de ativos digitais e contratos inteligentes.<\/p>\n\n\n\n<h3 class=\"wp-block-heading\">Realidade Virtual (RV) e Realidade Aumentada (RA)<\/h3>\n\n\n\n<p>A Realidade Virtual e a Realidade Aumentada est\u00e3o abrindo novas fronteiras no entretenimento, educa\u00e7\u00e3o e colabora\u00e7\u00e3o. \u00c0 medida que a tecnologia se torna mais acess\u00edvel e envolvente, podemos esperar uma integra\u00e7\u00e3o cada vez maior da RV e da RA em nossas vidas cotidianas. Desde experi\u00eancias imersivas de aprendizado at\u00e9 ambientes de trabalho virtuais, essas tecnologias est\u00e3o transformando a maneira como interagimos com o mundo digital e f\u00edsico.<\/p>\n\n\n\n<h3 class=\"wp-block-heading\">\u00c9tica e Responsabilidade Tecnol\u00f3gica<\/h3>\n\n\n\n<p>\u00c0 medida que nos aventuramos mais fundo no territ\u00f3rio do futuro digital, \u00e9 imperativo que consideremos as implica\u00e7\u00f5es \u00e9ticas e sociais de nossas inova\u00e7\u00f5es tecnol\u00f3gicas. Quest\u00f5es relacionadas \u00e0 privacidade dos dados, vi\u00e9s algor\u00edtmico e impacto ambiental devem ser abordadas com urg\u00eancia e responsabilidade. \u00c0 medida que avan\u00e7amos, devemos nos esfor\u00e7ar para garantir que nossas tecnologias sirvam para promover o bem-estar humano e a sustentabilidade planet\u00e1ria.<\/p>\n\n\n\n<p>O futuro digital est\u00e1 repleto de promessas e desafios emocionantes. \u00c0 medida que abra\u00e7amos as tend\u00eancias tecnol\u00f3gicas emergentes, devemos faz\u00ea-lo com um olhar cr\u00edtico e uma consci\u00eancia dos impactos que essas tecnologias podem ter em nossa sociedade e em nosso planeta. Somente atrav\u00e9s de uma abordagem \u00e9tica e respons\u00e1vel podemos aproveitar todo o potencial transformador do futuro digital, enquanto protegemos os valores fundamentais que nos tornam humanos.<\/p>\n\n\n\n<p><strong>Veja tamb\u00e9m: <a href=\"https:\/\/www.vagadeempregorj.com.br\/es\/o-impacto-das-tendencias-tecnologicas-na-economia-oportunidades-e-desafios-para-empresarios-e-investidores\/\">O Impacto das Tend\u00eancias Tecnol\u00f3gicas na Economia: Oportunidades e Desafios para Empres\u00e1rios e Investidores<\/a><\/strong><\/p>\n\n\n\n<p>12 de maio de 2024<\/p>","protected":false},"excerpt":{"rendered":"<p>No horizonte do futuro digital, vislumbramos um cen\u00e1rio fascinante e din\u00e2mico, impulsionado por uma constante evolu\u00e7\u00e3o tecnol\u00f3gica. \u00c0 medida que nos aventuramos mais profundamente na era digital, somos confrontados com uma mir\u00edade de possibilidades e desafios. Neste artigo, exploraremos algumas das tend\u00eancias tecnol\u00f3gicas mais impactantes que est\u00e3o moldando nossa sociedade e redefinindo a maneira como&hellip;&nbsp;<\/p>","protected":false},"author":16,"featured_media":39637,"comment_status":"closed","ping_status":"closed","sticky":false,"template":"","format":"standard","meta":{"neve_meta_sidebar":"","neve_meta_container":"","neve_meta_enable_content_width":"","neve_meta_content_width":0,"neve_meta_title_alignment":"","neve_meta_author_avatar":"","neve_post_elements_order":"","neve_meta_disable_header":"","neve_meta_disable_footer":"","neve_meta_disable_title":"","footnotes":""},"categories":[703],"tags":[],"class_list":["post-39633","post","type-post","status-publish","format-standard","has-post-thumbnail","hentry","category-informacao-tecnologica-e-curiosidades"],"yoast_head":"<!-- This site is optimized with the Yoast SEO plugin v27.5 - https:\/\/yoast.com\/product\/yoast-seo-wordpress\/ -->\n<title>Futuro Digital: Tend\u00eancias Tecnol\u00f3gicas que Moldar\u00e3o Nossa Sociedade -<\/title>\n<meta name=\"description\" content=\"Veja em Vagas de Emprego RJ as vagas de emprego com e sem experi\u00eancia no seu Estado e Regi\u00e3o!\" \/>\n<meta name=\"robots\" content=\"index, follow, max-snippet:-1, max-image-preview:large, max-video-preview:-1\" \/>\n<link rel=\"canonical\" href=\"https:\/\/www.vagadeempregorj.com.br\/es\/futuro-digital-tendencias-tecnologicas-que-moldarao-nossa-sociedade\/\" \/>\n<meta property=\"og:locale\" content=\"es_MX\" \/>\n<meta property=\"og:type\" content=\"article\" \/>\n<meta property=\"og:title\" content=\"Futuro Digital: Tend\u00eancias Tecnol\u00f3gicas que Moldar\u00e3o Nossa Sociedade -\" \/>\n<meta property=\"og:description\" content=\"Veja em Vagas de Emprego RJ as vagas de emprego com e sem experi\u00eancia no seu Estado e Regi\u00e3o!\" \/>\n<meta property=\"og:url\" content=\"https:\/\/www.vagadeempregorj.com.br\/es\/futuro-digital-tendencias-tecnologicas-que-moldarao-nossa-sociedade\/\" \/>\n<meta property=\"article:publisher\" content=\"https:\/\/www.facebook.com\/empregobrasiloficial\" \/>\n<meta property=\"article:published_time\" content=\"2024-05-12T05:00:00+00:00\" \/>\n<meta property=\"og:image\" content=\"https:\/\/www.vagadeempregorj.com.br\/wp-content\/uploads\/2024\/05\/image-3-1024x682.png\" \/>\n\t<meta property=\"og:image:width\" content=\"1024\" \/>\n\t<meta property=\"og:image:height\" content=\"682\" \/>\n\t<meta property=\"og:image:type\" content=\"image\/png\" \/>\n<meta name=\"author\" content=\"Michele\" \/>\n<meta name=\"twitter:card\" content=\"summary_large_image\" \/>\n<meta name=\"twitter:label1\" content=\"Written by\" \/>\n\t<meta name=\"twitter:data1\" content=\"Michele\" \/>\n\t<meta name=\"twitter:label2\" content=\"Est. reading time\" \/>\n\t<meta name=\"twitter:data2\" content=\"4 minutos\" \/>\n<script type=\"application\/ld+json\" class=\"yoast-schema-graph\">{\"@context\":\"https:\\\/\\\/schema.org\",\"@graph\":[{\"@type\":\"Article\",\"@id\":\"https:\\\/\\\/www.vagadeempregorj.com.br\\\/futuro-digital-tendencias-tecnologicas-que-moldarao-nossa-sociedade\\\/#article\",\"isPartOf\":{\"@id\":\"https:\\\/\\\/www.vagadeempregorj.com.br\\\/futuro-digital-tendencias-tecnologicas-que-moldarao-nossa-sociedade\\\/\"},\"author\":{\"name\":\"Michele\",\"@id\":\"https:\\\/\\\/www.vagadeempregorj.com.br\\\/#\\\/schema\\\/person\\\/3ddb19fa0539706786e502152f3aae95\"},\"headline\":\"Futuro Digital: Tend\u00eancias Tecnol\u00f3gicas que Moldar\u00e3o Nossa Sociedade\",\"datePublished\":\"2024-05-12T05:00:00+00:00\",\"mainEntityOfPage\":{\"@id\":\"https:\\\/\\\/www.vagadeempregorj.com.br\\\/futuro-digital-tendencias-tecnologicas-que-moldarao-nossa-sociedade\\\/\"},\"wordCount\":752,\"image\":{\"@id\":\"https:\\\/\\\/www.vagadeempregorj.com.br\\\/futuro-digital-tendencias-tecnologicas-que-moldarao-nossa-sociedade\\\/#primaryimage\"},\"thumbnailUrl\":\"https:\\\/\\\/www.vagadeempregorj.com.br\\\/wp-content\\\/uploads\\\/2024\\\/05\\\/image-3.png\",\"articleSection\":[\"Informa\u00e7\u00e3o Tecnol\u00f3gica, Curiosidades e Cursos\"],\"inLanguage\":\"es\"},{\"@type\":\"WebPage\",\"@id\":\"https:\\\/\\\/www.vagadeempregorj.com.br\\\/futuro-digital-tendencias-tecnologicas-que-moldarao-nossa-sociedade\\\/\",\"url\":\"https:\\\/\\\/www.vagadeempregorj.com.br\\\/futuro-digital-tendencias-tecnologicas-que-moldarao-nossa-sociedade\\\/\",\"name\":\"Futuro Digital: Tend\u00eancias Tecnol\u00f3gicas que Moldar\u00e3o Nossa Sociedade -\",\"isPartOf\":{\"@id\":\"https:\\\/\\\/www.vagadeempregorj.com.br\\\/#website\"},\"primaryImageOfPage\":{\"@id\":\"https:\\\/\\\/www.vagadeempregorj.com.br\\\/futuro-digital-tendencias-tecnologicas-que-moldarao-nossa-sociedade\\\/#primaryimage\"},\"image\":{\"@id\":\"https:\\\/\\\/www.vagadeempregorj.com.br\\\/futuro-digital-tendencias-tecnologicas-que-moldarao-nossa-sociedade\\\/#primaryimage\"},\"thumbnailUrl\":\"https:\\\/\\\/www.vagadeempregorj.com.br\\\/wp-content\\\/uploads\\\/2024\\\/05\\\/image-3.png\",\"datePublished\":\"2024-05-12T05:00:00+00:00\",\"author\":{\"@id\":\"https:\\\/\\\/www.vagadeempregorj.com.br\\\/#\\\/schema\\\/person\\\/3ddb19fa0539706786e502152f3aae95\"},\"description\":\"Veja em Vagas de Emprego RJ as vagas de emprego com e sem experi\u00eancia no seu Estado e Regi\u00e3o!\",\"breadcrumb\":{\"@id\":\"https:\\\/\\\/www.vagadeempregorj.com.br\\\/futuro-digital-tendencias-tecnologicas-que-moldarao-nossa-sociedade\\\/#breadcrumb\"},\"inLanguage\":\"es\",\"potentialAction\":[{\"@type\":\"ReadAction\",\"target\":[\"https:\\\/\\\/www.vagadeempregorj.com.br\\\/futuro-digital-tendencias-tecnologicas-que-moldarao-nossa-sociedade\\\/\"]}]},{\"@type\":\"ImageObject\",\"inLanguage\":\"es\",\"@id\":\"https:\\\/\\\/www.vagadeempregorj.com.br\\\/futuro-digital-tendencias-tecnologicas-que-moldarao-nossa-sociedade\\\/#primaryimage\",\"url\":\"https:\\\/\\\/www.vagadeempregorj.com.br\\\/wp-content\\\/uploads\\\/2024\\\/05\\\/image-3.png\",\"contentUrl\":\"https:\\\/\\\/www.vagadeempregorj.com.br\\\/wp-content\\\/uploads\\\/2024\\\/05\\\/image-3.png\",\"width\":1280,\"height\":853},{\"@type\":\"BreadcrumbList\",\"@id\":\"https:\\\/\\\/www.vagadeempregorj.com.br\\\/futuro-digital-tendencias-tecnologicas-que-moldarao-nossa-sociedade\\\/#breadcrumb\",\"itemListElement\":[{\"@type\":\"ListItem\",\"position\":1,\"name\":\"In\u00edcio\",\"item\":\"https:\\\/\\\/www.vagadeempregorj.com.br\\\/\"},{\"@type\":\"ListItem\",\"position\":2,\"name\":\"Informa\u00e7\u00e3o Tecnol\u00f3gica, Curiosidades e Cursos\",\"item\":\"https:\\\/\\\/www.vagadeempregorj.com.br\\\/informacao-tecnologica-e-curiosidades\\\/\"},{\"@type\":\"ListItem\",\"position\":3,\"name\":\"Futuro Digital: Tend\u00eancias Tecnol\u00f3gicas que Moldar\u00e3o Nossa Sociedade\"}]},{\"@type\":\"WebSite\",\"@id\":\"https:\\\/\\\/www.vagadeempregorj.com.br\\\/#website\",\"url\":\"https:\\\/\\\/www.vagadeempregorj.com.br\\\/\",\"name\":\"\",\"description\":\"Conquiste Sonhos: Vagas, Benef\u00edcios e Economia para Transformar Vidas e Alcan\u00e7ar Melhorias Cotidianas\",\"potentialAction\":[{\"@type\":\"SearchAction\",\"target\":{\"@type\":\"EntryPoint\",\"urlTemplate\":\"https:\\\/\\\/www.vagadeempregorj.com.br\\\/?s={search_term_string}\"},\"query-input\":{\"@type\":\"PropertyValueSpecification\",\"valueRequired\":true,\"valueName\":\"search_term_string\"}}],\"inLanguage\":\"es\"},{\"@type\":\"Person\",\"@id\":\"https:\\\/\\\/www.vagadeempregorj.com.br\\\/#\\\/schema\\\/person\\\/3ddb19fa0539706786e502152f3aae95\",\"name\":\"Michele\",\"image\":{\"@type\":\"ImageObject\",\"inLanguage\":\"es\",\"@id\":\"https:\\\/\\\/secure.gravatar.com\\\/avatar\\\/6b0eb9d22841282815e2cd856a0061c45e1761cd54b22e952d98c4746939aa85?s=96&r=g\",\"url\":\"https:\\\/\\\/secure.gravatar.com\\\/avatar\\\/6b0eb9d22841282815e2cd856a0061c45e1761cd54b22e952d98c4746939aa85?s=96&r=g\",\"contentUrl\":\"https:\\\/\\\/secure.gravatar.com\\\/avatar\\\/6b0eb9d22841282815e2cd856a0061c45e1761cd54b22e952d98c4746939aa85?s=96&r=g\",\"caption\":\"Michele\"},\"description\":\"Formada em Letras - Portugu\u00eas\\\/ Ingl\u00eas, e idealizadora do site Escritora de Sucesso, busca expandir o conhecimento de todos com informa\u00e7\u00f5es relevantes sobre diversos assuntos, enquanto redatora. No Vaga de Emprego RJ, traz oportunidades e dicas sobre o mercado de trabalho.\",\"url\":\"https:\\\/\\\/www.vagadeempregorj.com.br\\\/es\\\/author\\\/michele\\\/\"}]}<\/script>\n<!-- \/ Yoast SEO plugin. -->","yoast_head_json":{"title":"Futuro Digital: Tend\u00eancias Tecnol\u00f3gicas que Moldar\u00e3o Nossa Sociedade -","description":"Veja em Vagas de Emprego RJ as vagas de emprego com e sem experi\u00eancia no seu Estado e Regi\u00e3o!","robots":{"index":"index","follow":"follow","max-snippet":"max-snippet:-1","max-image-preview":"max-image-preview:large","max-video-preview":"max-video-preview:-1"},"canonical":"https:\/\/www.vagadeempregorj.com.br\/es\/futuro-digital-tendencias-tecnologicas-que-moldarao-nossa-sociedade\/","og_locale":"es_MX","og_type":"article","og_title":"Futuro Digital: Tend\u00eancias Tecnol\u00f3gicas que Moldar\u00e3o Nossa Sociedade -","og_description":"Veja em Vagas de Emprego RJ as vagas de emprego com e sem experi\u00eancia no seu Estado e Regi\u00e3o!","og_url":"https:\/\/www.vagadeempregorj.com.br\/es\/futuro-digital-tendencias-tecnologicas-que-moldarao-nossa-sociedade\/","article_publisher":"https:\/\/www.facebook.com\/empregobrasiloficial","article_published_time":"2024-05-12T05:00:00+00:00","og_image":[{"width":1024,"height":682,"url":"https:\/\/www.vagadeempregorj.com.br\/wp-content\/uploads\/2024\/05\/image-3-1024x682.png","type":"image\/png"}],"author":"Michele","twitter_card":"summary_large_image","twitter_misc":{"Written by":"Michele","Est. reading time":"4 minutos"},"schema":{"@context":"https:\/\/schema.org","@graph":[{"@type":"Article","@id":"https:\/\/www.vagadeempregorj.com.br\/futuro-digital-tendencias-tecnologicas-que-moldarao-nossa-sociedade\/#article","isPartOf":{"@id":"https:\/\/www.vagadeempregorj.com.br\/futuro-digital-tendencias-tecnologicas-que-moldarao-nossa-sociedade\/"},"author":{"name":"Michele","@id":"https:\/\/www.vagadeempregorj.com.br\/#\/schema\/person\/3ddb19fa0539706786e502152f3aae95"},"headline":"Futuro Digital: Tend\u00eancias Tecnol\u00f3gicas que Moldar\u00e3o Nossa Sociedade","datePublished":"2024-05-12T05:00:00+00:00","mainEntityOfPage":{"@id":"https:\/\/www.vagadeempregorj.com.br\/futuro-digital-tendencias-tecnologicas-que-moldarao-nossa-sociedade\/"},"wordCount":752,"image":{"@id":"https:\/\/www.vagadeempregorj.com.br\/futuro-digital-tendencias-tecnologicas-que-moldarao-nossa-sociedade\/#primaryimage"},"thumbnailUrl":"https:\/\/www.vagadeempregorj.com.br\/wp-content\/uploads\/2024\/05\/image-3.png","articleSection":["Informa\u00e7\u00e3o Tecnol\u00f3gica, Curiosidades e Cursos"],"inLanguage":"es"},{"@type":"WebPage","@id":"https:\/\/www.vagadeempregorj.com.br\/futuro-digital-tendencias-tecnologicas-que-moldarao-nossa-sociedade\/","url":"https:\/\/www.vagadeempregorj.com.br\/futuro-digital-tendencias-tecnologicas-que-moldarao-nossa-sociedade\/","name":"Futuro Digital: Tend\u00eancias Tecnol\u00f3gicas que Moldar\u00e3o Nossa Sociedade -","isPartOf":{"@id":"https:\/\/www.vagadeempregorj.com.br\/#website"},"primaryImageOfPage":{"@id":"https:\/\/www.vagadeempregorj.com.br\/futuro-digital-tendencias-tecnologicas-que-moldarao-nossa-sociedade\/#primaryimage"},"image":{"@id":"https:\/\/www.vagadeempregorj.com.br\/futuro-digital-tendencias-tecnologicas-que-moldarao-nossa-sociedade\/#primaryimage"},"thumbnailUrl":"https:\/\/www.vagadeempregorj.com.br\/wp-content\/uploads\/2024\/05\/image-3.png","datePublished":"2024-05-12T05:00:00+00:00","author":{"@id":"https:\/\/www.vagadeempregorj.com.br\/#\/schema\/person\/3ddb19fa0539706786e502152f3aae95"},"description":"Veja em Vagas de Emprego RJ as vagas de emprego com e sem experi\u00eancia no seu Estado e Regi\u00e3o!","breadcrumb":{"@id":"https:\/\/www.vagadeempregorj.com.br\/futuro-digital-tendencias-tecnologicas-que-moldarao-nossa-sociedade\/#breadcrumb"},"inLanguage":"es","potentialAction":[{"@type":"ReadAction","target":["https:\/\/www.vagadeempregorj.com.br\/futuro-digital-tendencias-tecnologicas-que-moldarao-nossa-sociedade\/"]}]},{"@type":"ImageObject","inLanguage":"es","@id":"https:\/\/www.vagadeempregorj.com.br\/futuro-digital-tendencias-tecnologicas-que-moldarao-nossa-sociedade\/#primaryimage","url":"https:\/\/www.vagadeempregorj.com.br\/wp-content\/uploads\/2024\/05\/image-3.png","contentUrl":"https:\/\/www.vagadeempregorj.com.br\/wp-content\/uploads\/2024\/05\/image-3.png","width":1280,"height":853},{"@type":"BreadcrumbList","@id":"https:\/\/www.vagadeempregorj.com.br\/futuro-digital-tendencias-tecnologicas-que-moldarao-nossa-sociedade\/#breadcrumb","itemListElement":[{"@type":"ListItem","position":1,"name":"In\u00edcio","item":"https:\/\/www.vagadeempregorj.com.br\/"},{"@type":"ListItem","position":2,"name":"Informa\u00e7\u00e3o Tecnol\u00f3gica, Curiosidades e Cursos","item":"https:\/\/www.vagadeempregorj.com.br\/informacao-tecnologica-e-curiosidades\/"},{"@type":"ListItem","position":3,"name":"Futuro Digital: Tend\u00eancias Tecnol\u00f3gicas que Moldar\u00e3o Nossa Sociedade"}]},{"@type":"WebSite","@id":"https:\/\/www.vagadeempregorj.com.br\/#website","url":"https:\/\/www.vagadeempregorj.com.br\/","name":"","description":"Conquiste Sonhos: Vagas, Benef\u00edcios e Economia para Transformar Vidas e Alcan\u00e7ar Melhorias Cotidianas","potentialAction":[{"@type":"SearchAction","target":{"@type":"EntryPoint","urlTemplate":"https:\/\/www.vagadeempregorj.com.br\/?s={search_term_string}"},"query-input":{"@type":"PropertyValueSpecification","valueRequired":true,"valueName":"search_term_string"}}],"inLanguage":"es"},{"@type":"Person","@id":"https:\/\/www.vagadeempregorj.com.br\/#\/schema\/person\/3ddb19fa0539706786e502152f3aae95","name":"Michele","image":{"@type":"ImageObject","inLanguage":"es","@id":"https:\/\/secure.gravatar.com\/avatar\/6b0eb9d22841282815e2cd856a0061c45e1761cd54b22e952d98c4746939aa85?s=96&r=g","url":"https:\/\/secure.gravatar.com\/avatar\/6b0eb9d22841282815e2cd856a0061c45e1761cd54b22e952d98c4746939aa85?s=96&r=g","contentUrl":"https:\/\/secure.gravatar.com\/avatar\/6b0eb9d22841282815e2cd856a0061c45e1761cd54b22e952d98c4746939aa85?s=96&r=g","caption":"Michele"},"description":"Formada em Letras - Portugu\u00eas\/ Ingl\u00eas, e idealizadora do site Escritora de Sucesso, busca expandir o conhecimento de todos com informa\u00e7\u00f5es relevantes sobre diversos assuntos, enquanto redatora. No Vaga de Emprego RJ, traz oportunidades e dicas sobre o mercado de trabalho.","url":"https:\/\/www.vagadeempregorj.com.br\/es\/author\/michele\/"}]}},"_links":{"self":[{"href":"https:\/\/www.vagadeempregorj.com.br\/es\/wp-json\/wp\/v2\/posts\/39633","targetHints":{"allow":["GET"]}}],"collection":[{"href":"https:\/\/www.vagadeempregorj.com.br\/es\/wp-json\/wp\/v2\/posts"}],"about":[{"href":"https:\/\/www.vagadeempregorj.com.br\/es\/wp-json\/wp\/v2\/types\/post"}],"author":[{"embeddable":true,"href":"https:\/\/www.vagadeempregorj.com.br\/es\/wp-json\/wp\/v2\/users\/16"}],"replies":[{"embeddable":true,"href":"https:\/\/www.vagadeempregorj.com.br\/es\/wp-json\/wp\/v2\/comments?post=39633"}],"version-history":[{"count":0,"href":"https:\/\/www.vagadeempregorj.com.br\/es\/wp-json\/wp\/v2\/posts\/39633\/revisions"}],"wp:featuredmedia":[{"embeddable":true,"href":"https:\/\/www.vagadeempregorj.com.br\/es\/wp-json\/wp\/v2\/media\/39637"}],"wp:attachment":[{"href":"https:\/\/www.vagadeempregorj.com.br\/es\/wp-json\/wp\/v2\/media?parent=39633"}],"wp:term":[{"taxonomy":"category","embeddable":true,"href":"https:\/\/www.vagadeempregorj.com.br\/es\/wp-json\/wp\/v2\/categories?post=39633"},{"taxonomy":"post_tag","embeddable":true,"href":"https:\/\/www.vagadeempregorj.com.br\/es\/wp-json\/wp\/v2\/tags?post=39633"}],"curies":[{"name":"wp","href":"https:\/\/api.w.org\/{rel}","templated":true}]}}