{"id":39664,"date":"2024-05-27T15:49:28","date_gmt":"2024-05-27T18:49:28","guid":{"rendered":"https:\/\/www.vagadeempregorj.com.br\/?p=39664"},"modified":"2026-02-02T17:51:23","modified_gmt":"2026-02-02T20:51:23","slug":"desenrola-brasil-o-que-voce-deve-saber-sobre-o-programa-social","status":"publish","type":"post","link":"https:\/\/www.vagadeempregorj.com.br\/es\/desenrola-brasil-o-que-voce-deve-saber-sobre-o-programa-social\/","title":{"rendered":"Desenrola Brasil: O que voc\u00ea deve saber sobre o programa social"},"content":{"rendered":"<p>Nos \u00faltimos anos, o Brasil tem enfrentado desafios econ\u00f4micos significativos, e uma das respostas do governo federal a esses desafios \u00e9 o programa social &#8220;Desenrola Brasil&#8221;. Este programa visa apoiar a popula\u00e7\u00e3o brasileira, especialmente aqueles em situa\u00e7\u00e3o de vulnerabilidade econ\u00f4mica, a superar dificuldades financeiras e promover um desenvolvimento sustent\u00e1vel e inclusivo.&nbsp;<\/p>\n\n\n\n<h2 class=\"wp-block-heading\">O que \u00e9 o Desenrola Brasil?<\/h2>\n\n\n\n<p>O Desenrola Brasil \u00e9 um programa social criado pelo governo federal com o objetivo de aliviar a press\u00e3o financeira sobre os brasileiros de baixa renda. O programa oferece uma s\u00e9rie de medidas que incluem desde renegocia\u00e7\u00e3o de d\u00edvidas at\u00e9 acesso facilitado a cr\u00e9dito, passando por a\u00e7\u00f5es de educa\u00e7\u00e3o financeira e apoio ao empreendedorismo.<\/p>\n\n\n\n<h2 class=\"wp-block-heading\">Como Funciona o Programa?<\/h2>\n\n\n\n<p>Entender o funcionamento do Desenrola Brasil \u00e9 essencial para aproveitar ao m\u00e1ximo os benef\u00edcios oferecidos. O programa \u00e9 estruturado em v\u00e1rias frentes, cada uma destinada a abordar diferentes aspectos das dificuldades financeiras enfrentadas pelos brasileiros.&nbsp;<\/p>\n\n\n\n<p>Desde a renegocia\u00e7\u00e3o de d\u00edvidas at\u00e9 a facilita\u00e7\u00e3o do acesso ao cr\u00e9dito, o Desenrola Brasil oferece uma gama de solu\u00e7\u00f5es que visam n\u00e3o apenas aliviar a carga financeira imediata, mas tamb\u00e9m proporcionar ferramentas e recursos para uma gest\u00e3o financeira mais sustent\u00e1vel no longo prazo.<\/p>\n\n\n\n<figure class=\"wp-block-image size-full\"><img loading=\"lazy\" decoding=\"async\" width=\"768\" height=\"431\" src=\"https:\/\/www.vagadeempregorj.com.br\/wp-content\/uploads\/2024\/05\/image-8.png\" alt=\"\" class=\"wp-image-39665\" srcset=\"https:\/\/www.vagadeempregorj.com.br\/wp-content\/uploads\/2024\/05\/image-8.png 768w, https:\/\/www.vagadeempregorj.com.br\/wp-content\/uploads\/2024\/05\/image-8-300x168.png 300w, https:\/\/www.vagadeempregorj.com.br\/wp-content\/uploads\/2024\/05\/image-8-350x195.png 350w, https:\/\/www.vagadeempregorj.com.br\/wp-content\/uploads\/2024\/05\/image-8-383x215.png 383w, https:\/\/www.vagadeempregorj.com.br\/wp-content\/uploads\/2024\/05\/image-8-150x84.png 150w\" sizes=\"auto, (max-width: 768px) 100vw, 768px\" \/><\/figure>\n\n\n\n<h3 class=\"wp-block-heading\">Renegocia\u00e7\u00e3o de D\u00edvidas<\/h3>\n\n\n\n<p>Uma das principais iniciativas do Desenrola Brasil \u00e9 a renegocia\u00e7\u00e3o de d\u00edvidas. O programa trabalha em parceria com institui\u00e7\u00f5es financeiras para oferecer condi\u00e7\u00f5es mais favor\u00e1veis para que os devedores possam regularizar sua situa\u00e7\u00e3o financeira. Isso inclui a redu\u00e7\u00e3o de juros, amplia\u00e7\u00e3o de prazos de pagamento e, em alguns casos, at\u00e9 mesmo perd\u00e3o parcial da d\u00edvida.<\/p>\n\n\n\n<h3 class=\"wp-block-heading\">Acesso ao Cr\u00e9dito<\/h3>\n\n\n\n<p>Al\u00e9m da renegocia\u00e7\u00e3o de d\u00edvidas, o programa tamb\u00e9m facilita o acesso ao cr\u00e9dito para pessoas de baixa renda. Isso \u00e9 feito atrav\u00e9s de linhas de cr\u00e9dito com juros mais baixos e prazos mais longos, permitindo que os benefici\u00e1rios possam investir em pequenos neg\u00f3cios, melhorar suas condi\u00e7\u00f5es de moradia ou enfrentar emerg\u00eancias financeiras sem recorrer a agiotas ou outros meios de cr\u00e9dito informal e mais onerosos.<\/p>\n\n\n\n<h3 class=\"wp-block-heading\">Educa\u00e7\u00e3o Financeira<\/h3>\n\n\n\n<p>O Desenrola Brasil tamb\u00e9m inclui a\u00e7\u00f5es voltadas para a educa\u00e7\u00e3o financeira. O objetivo \u00e9 capacitar os cidad\u00e3os para que possam gerir melhor suas finan\u00e7as pessoais, entender a import\u00e2ncia do planejamento financeiro e evitar o endividamento excessivo no futuro. Essas a\u00e7\u00f5es incluem workshops, palestras e cursos online gratuitos.<\/p>\n\n\n\n<h3 class=\"wp-block-heading\">Apoio ao Empreendedorismo<\/h3>\n\n\n\n<p>Outro pilar do programa \u00e9 o incentivo ao empreendedorismo. O Desenrola Brasil oferece suporte a pequenos empreendedores, incluindo acesso a cr\u00e9dito, consultoria e treinamento. A ideia \u00e9 fomentar a cria\u00e7\u00e3o de novos neg\u00f3cios e fortalecer aqueles que j\u00e1 existem, contribuindo para a gera\u00e7\u00e3o de emprego e renda nas comunidades.<\/p>\n\n\n\n<h2 class=\"wp-block-heading\">Quem Pode se Beneficiar?<\/h2>\n\n\n\n<p>O Desenrola Brasil \u00e9 direcionado principalmente para pessoas de baixa renda, mas os crit\u00e9rios espec\u00edficos de elegibilidade podem variar conforme o tipo de benef\u00edcio oferecido. Em geral, s\u00e3o considerados priorit\u00e1rios:<\/p>\n\n\n\n<ul class=\"wp-block-list\">\n<li>Fam\u00edlias inscritas no Cadastro \u00danico (Cad\u00danico) para Programas Sociais do Governo Federal.<\/li>\n\n\n\n<li>Microempreendedores Individuais (MEIs).<\/li>\n\n\n\n<li>Trabalhadores informais e desempregados.<\/li>\n\n\n\n<li>Pessoas que possuem d\u00edvidas com institui\u00e7\u00f5es financeiras e que se encontram em situa\u00e7\u00e3o de inadimpl\u00eancia.<\/li>\n<\/ul>\n\n\n\n<p>Para se inscrever no programa, os interessados devem acessar o site oficial do Desenrola Brasil ou procurar os pontos de atendimento autorizados. \u00c9 importante estar com a documenta\u00e7\u00e3o pessoal em dia, como RG, CPF e comprovante de resid\u00eancia, al\u00e9m de documentos que comprovem a situa\u00e7\u00e3o financeira atual.<\/p>\n\n\n\n<h2 class=\"wp-block-heading\">Principais Objetivos do Desenrola Brasil<\/h2>\n\n\n\n<p>O Desenrola Brasil tem como principais objetivos:<\/p>\n\n\n\n<ul class=\"wp-block-list\">\n<li>Redu\u00e7\u00e3o do Endividamento: Aliviar a press\u00e3o das d\u00edvidas sobre as fam\u00edlias de baixa renda, proporcionando um ambiente financeiro mais saud\u00e1vel.<\/li>\n\n\n\n<li>Inclus\u00e3o Financeira: Facilitar o acesso ao cr\u00e9dito e a servi\u00e7os financeiros para pessoas que historicamente t\u00eam sido exclu\u00eddas do sistema financeiro tradicional.<\/li>\n\n\n\n<li>Educa\u00e7\u00e3o Financeira: Capacitar a popula\u00e7\u00e3o para que possam gerir melhor suas finan\u00e7as e tomar decis\u00f5es mais informadas.<\/li>\n\n\n\n<li>Fomento ao Empreendedorismo: Apoiar pequenos empreendedores para que possam crescer e gerar mais empregos e renda.<\/li>\n\n\n\n<li>Desenvolvimento Sustent\u00e1vel: Promover um desenvolvimento econ\u00f4mico inclusivo e sustent\u00e1vel, que beneficie a todos.<\/li>\n<\/ul>\n\n\n\n<p>O Desenrola Brasil \u00e9 uma iniciativa importante que busca enfrentar um dos maiores desafios econ\u00f4micos do pa\u00eds: o endividamento das fam\u00edlias de baixa renda. Ao oferecer solu\u00e7\u00f5es pr\u00e1ticas e acess\u00edveis, o programa tem o potencial de transformar a vida de milh\u00f5es de brasileiros, proporcionando-lhes uma oportunidade real de recome\u00e7ar e construir um futuro financeiro mais est\u00e1vel e promissor.<\/p>\n\n\n\n<p>Se voc\u00ea ou algu\u00e9m que voc\u00ea conhece est\u00e1 enfrentando dificuldades financeiras, vale a pena explorar as op\u00e7\u00f5es oferecidas pelo Desenrola Brasil e aproveitar os benef\u00edcios deste programa inovador.<\/p>\n\n\n\n<p>27 de maio de 2024<\/p>","protected":false},"excerpt":{"rendered":"<p>Nos \u00faltimos anos, o Brasil tem enfrentado desafios econ\u00f4micos significativos, e uma das respostas do governo federal a esses desafios \u00e9 o programa social &#8220;Desenrola Brasil&#8221;. Este programa visa apoiar a popula\u00e7\u00e3o brasileira, especialmente aqueles em situa\u00e7\u00e3o de vulnerabilidade econ\u00f4mica, a superar dificuldades financeiras e promover um desenvolvimento sustent\u00e1vel e inclusivo.&nbsp; O que \u00e9 o&hellip;&nbsp;<\/p>","protected":false},"author":16,"featured_media":39665,"comment_status":"closed","ping_status":"closed","sticky":false,"template":"","format":"standard","meta":{"neve_meta_sidebar":"","neve_meta_container":"","neve_meta_enable_content_width":"","neve_meta_content_width":0,"neve_meta_title_alignment":"","neve_meta_author_avatar":"","neve_post_elements_order":"","neve_meta_disable_header":"","neve_meta_disable_footer":"","neve_meta_disable_title":"","footnotes":""},"categories":[804],"tags":[],"class_list":["post-39664","post","type-post","status-publish","format-standard","has-post-thumbnail","hentry","category-economia"],"yoast_head":"<!-- This site is optimized with the Yoast SEO plugin v27.5 - https:\/\/yoast.com\/product\/yoast-seo-wordpress\/ -->\n<title>Desenrola Brasil: O que voc\u00ea deve saber sobre o programa social -<\/title>\n<meta name=\"description\" content=\"Veja em Vagas de Emprego RJ as vagas de emprego com e sem experi\u00eancia no seu Estado e Regi\u00e3o!\" \/>\n<meta name=\"robots\" content=\"index, follow, max-snippet:-1, max-image-preview:large, max-video-preview:-1\" \/>\n<link rel=\"canonical\" href=\"https:\/\/www.vagadeempregorj.com.br\/es\/desenrola-brasil-o-que-voce-deve-saber-sobre-o-programa-social\/\" \/>\n<meta property=\"og:locale\" content=\"es_MX\" \/>\n<meta property=\"og:type\" content=\"article\" \/>\n<meta property=\"og:title\" content=\"Desenrola Brasil: O que voc\u00ea deve saber sobre o programa social -\" \/>\n<meta property=\"og:description\" content=\"Veja em Vagas de Emprego RJ as vagas de emprego com e sem experi\u00eancia no seu Estado e Regi\u00e3o!\" \/>\n<meta property=\"og:url\" content=\"https:\/\/www.vagadeempregorj.com.br\/es\/desenrola-brasil-o-que-voce-deve-saber-sobre-o-programa-social\/\" \/>\n<meta property=\"article:publisher\" content=\"https:\/\/www.facebook.com\/empregobrasiloficial\" \/>\n<meta property=\"article:published_time\" content=\"2024-05-27T18:49:28+00:00\" \/>\n<meta property=\"article:modified_time\" content=\"2026-02-02T20:51:23+00:00\" \/>\n<meta property=\"og:image\" content=\"https:\/\/www.vagadeempregorj.com.br\/wp-content\/uploads\/2024\/05\/image-8.png\" \/>\n\t<meta property=\"og:image:width\" content=\"768\" \/>\n\t<meta property=\"og:image:height\" content=\"431\" \/>\n\t<meta property=\"og:image:type\" content=\"image\/png\" \/>\n<meta name=\"author\" content=\"Michele\" \/>\n<meta name=\"twitter:card\" content=\"summary_large_image\" \/>\n<meta name=\"twitter:label1\" content=\"Written by\" \/>\n\t<meta name=\"twitter:data1\" content=\"Michele\" \/>\n\t<meta name=\"twitter:label2\" content=\"Est. reading time\" \/>\n\t<meta name=\"twitter:data2\" content=\"4 minutos\" \/>\n<script type=\"application\/ld+json\" class=\"yoast-schema-graph\">{\"@context\":\"https:\\\/\\\/schema.org\",\"@graph\":[{\"@type\":\"Article\",\"@id\":\"https:\\\/\\\/www.vagadeempregorj.com.br\\\/desenrola-brasil-o-que-voce-deve-saber-sobre-o-programa-social\\\/#article\",\"isPartOf\":{\"@id\":\"https:\\\/\\\/www.vagadeempregorj.com.br\\\/desenrola-brasil-o-que-voce-deve-saber-sobre-o-programa-social\\\/\"},\"author\":{\"name\":\"Michele\",\"@id\":\"https:\\\/\\\/www.vagadeempregorj.com.br\\\/#\\\/schema\\\/person\\\/3ddb19fa0539706786e502152f3aae95\"},\"headline\":\"Desenrola Brasil: O que voc\u00ea deve saber sobre o programa social\",\"datePublished\":\"2024-05-27T18:49:28+00:00\",\"dateModified\":\"2026-02-02T20:51:23+00:00\",\"mainEntityOfPage\":{\"@id\":\"https:\\\/\\\/www.vagadeempregorj.com.br\\\/desenrola-brasil-o-que-voce-deve-saber-sobre-o-programa-social\\\/\"},\"wordCount\":829,\"image\":{\"@id\":\"https:\\\/\\\/www.vagadeempregorj.com.br\\\/desenrola-brasil-o-que-voce-deve-saber-sobre-o-programa-social\\\/#primaryimage\"},\"thumbnailUrl\":\"https:\\\/\\\/www.vagadeempregorj.com.br\\\/wp-content\\\/uploads\\\/2024\\\/05\\\/image-8.png\",\"articleSection\":[\"Economia\"],\"inLanguage\":\"es\"},{\"@type\":\"WebPage\",\"@id\":\"https:\\\/\\\/www.vagadeempregorj.com.br\\\/desenrola-brasil-o-que-voce-deve-saber-sobre-o-programa-social\\\/\",\"url\":\"https:\\\/\\\/www.vagadeempregorj.com.br\\\/desenrola-brasil-o-que-voce-deve-saber-sobre-o-programa-social\\\/\",\"name\":\"Desenrola Brasil: O que voc\u00ea deve saber sobre o programa social -\",\"isPartOf\":{\"@id\":\"https:\\\/\\\/www.vagadeempregorj.com.br\\\/#website\"},\"primaryImageOfPage\":{\"@id\":\"https:\\\/\\\/www.vagadeempregorj.com.br\\\/desenrola-brasil-o-que-voce-deve-saber-sobre-o-programa-social\\\/#primaryimage\"},\"image\":{\"@id\":\"https:\\\/\\\/www.vagadeempregorj.com.br\\\/desenrola-brasil-o-que-voce-deve-saber-sobre-o-programa-social\\\/#primaryimage\"},\"thumbnailUrl\":\"https:\\\/\\\/www.vagadeempregorj.com.br\\\/wp-content\\\/uploads\\\/2024\\\/05\\\/image-8.png\",\"datePublished\":\"2024-05-27T18:49:28+00:00\",\"dateModified\":\"2026-02-02T20:51:23+00:00\",\"author\":{\"@id\":\"https:\\\/\\\/www.vagadeempregorj.com.br\\\/#\\\/schema\\\/person\\\/3ddb19fa0539706786e502152f3aae95\"},\"description\":\"Veja em Vagas de Emprego RJ as vagas de emprego com e sem experi\u00eancia no seu Estado e Regi\u00e3o!\",\"breadcrumb\":{\"@id\":\"https:\\\/\\\/www.vagadeempregorj.com.br\\\/desenrola-brasil-o-que-voce-deve-saber-sobre-o-programa-social\\\/#breadcrumb\"},\"inLanguage\":\"es\",\"potentialAction\":[{\"@type\":\"ReadAction\",\"target\":[\"https:\\\/\\\/www.vagadeempregorj.com.br\\\/desenrola-brasil-o-que-voce-deve-saber-sobre-o-programa-social\\\/\"]}]},{\"@type\":\"ImageObject\",\"inLanguage\":\"es\",\"@id\":\"https:\\\/\\\/www.vagadeempregorj.com.br\\\/desenrola-brasil-o-que-voce-deve-saber-sobre-o-programa-social\\\/#primaryimage\",\"url\":\"https:\\\/\\\/www.vagadeempregorj.com.br\\\/wp-content\\\/uploads\\\/2024\\\/05\\\/image-8.png\",\"contentUrl\":\"https:\\\/\\\/www.vagadeempregorj.com.br\\\/wp-content\\\/uploads\\\/2024\\\/05\\\/image-8.png\",\"width\":768,\"height\":431},{\"@type\":\"BreadcrumbList\",\"@id\":\"https:\\\/\\\/www.vagadeempregorj.com.br\\\/desenrola-brasil-o-que-voce-deve-saber-sobre-o-programa-social\\\/#breadcrumb\",\"itemListElement\":[{\"@type\":\"ListItem\",\"position\":1,\"name\":\"In\u00edcio\",\"item\":\"https:\\\/\\\/www.vagadeempregorj.com.br\\\/\"},{\"@type\":\"ListItem\",\"position\":2,\"name\":\"Economia\",\"item\":\"https:\\\/\\\/www.vagadeempregorj.com.br\\\/economia\\\/\"},{\"@type\":\"ListItem\",\"position\":3,\"name\":\"Desenrola Brasil: O que voc\u00ea deve saber sobre o programa social\"}]},{\"@type\":\"WebSite\",\"@id\":\"https:\\\/\\\/www.vagadeempregorj.com.br\\\/#website\",\"url\":\"https:\\\/\\\/www.vagadeempregorj.com.br\\\/\",\"name\":\"\",\"description\":\"Conquiste Sonhos: Vagas, Benef\u00edcios e Economia para Transformar Vidas e Alcan\u00e7ar Melhorias Cotidianas\",\"potentialAction\":[{\"@type\":\"SearchAction\",\"target\":{\"@type\":\"EntryPoint\",\"urlTemplate\":\"https:\\\/\\\/www.vagadeempregorj.com.br\\\/?s={search_term_string}\"},\"query-input\":{\"@type\":\"PropertyValueSpecification\",\"valueRequired\":true,\"valueName\":\"search_term_string\"}}],\"inLanguage\":\"es\"},{\"@type\":\"Person\",\"@id\":\"https:\\\/\\\/www.vagadeempregorj.com.br\\\/#\\\/schema\\\/person\\\/3ddb19fa0539706786e502152f3aae95\",\"name\":\"Michele\",\"image\":{\"@type\":\"ImageObject\",\"inLanguage\":\"es\",\"@id\":\"https:\\\/\\\/secure.gravatar.com\\\/avatar\\\/6b0eb9d22841282815e2cd856a0061c45e1761cd54b22e952d98c4746939aa85?s=96&r=g\",\"url\":\"https:\\\/\\\/secure.gravatar.com\\\/avatar\\\/6b0eb9d22841282815e2cd856a0061c45e1761cd54b22e952d98c4746939aa85?s=96&r=g\",\"contentUrl\":\"https:\\\/\\\/secure.gravatar.com\\\/avatar\\\/6b0eb9d22841282815e2cd856a0061c45e1761cd54b22e952d98c4746939aa85?s=96&r=g\",\"caption\":\"Michele\"},\"description\":\"Formada em Letras - Portugu\u00eas\\\/ Ingl\u00eas, e idealizadora do site Escritora de Sucesso, busca expandir o conhecimento de todos com informa\u00e7\u00f5es relevantes sobre diversos assuntos, enquanto redatora. No Vaga de Emprego RJ, traz oportunidades e dicas sobre o mercado de trabalho.\",\"url\":\"https:\\\/\\\/www.vagadeempregorj.com.br\\\/es\\\/author\\\/michele\\\/\"}]}<\/script>\n<!-- \/ Yoast SEO plugin. -->","yoast_head_json":{"title":"Desenrola Brasil: O que voc\u00ea deve saber sobre o programa social -","description":"Veja em Vagas de Emprego RJ as vagas de emprego com e sem experi\u00eancia no seu Estado e Regi\u00e3o!","robots":{"index":"index","follow":"follow","max-snippet":"max-snippet:-1","max-image-preview":"max-image-preview:large","max-video-preview":"max-video-preview:-1"},"canonical":"https:\/\/www.vagadeempregorj.com.br\/es\/desenrola-brasil-o-que-voce-deve-saber-sobre-o-programa-social\/","og_locale":"es_MX","og_type":"article","og_title":"Desenrola Brasil: O que voc\u00ea deve saber sobre o programa social -","og_description":"Veja em Vagas de Emprego RJ as vagas de emprego com e sem experi\u00eancia no seu Estado e Regi\u00e3o!","og_url":"https:\/\/www.vagadeempregorj.com.br\/es\/desenrola-brasil-o-que-voce-deve-saber-sobre-o-programa-social\/","article_publisher":"https:\/\/www.facebook.com\/empregobrasiloficial","article_published_time":"2024-05-27T18:49:28+00:00","article_modified_time":"2026-02-02T20:51:23+00:00","og_image":[{"width":768,"height":431,"url":"https:\/\/www.vagadeempregorj.com.br\/wp-content\/uploads\/2024\/05\/image-8.png","type":"image\/png"}],"author":"Michele","twitter_card":"summary_large_image","twitter_misc":{"Written by":"Michele","Est. reading time":"4 minutos"},"schema":{"@context":"https:\/\/schema.org","@graph":[{"@type":"Article","@id":"https:\/\/www.vagadeempregorj.com.br\/desenrola-brasil-o-que-voce-deve-saber-sobre-o-programa-social\/#article","isPartOf":{"@id":"https:\/\/www.vagadeempregorj.com.br\/desenrola-brasil-o-que-voce-deve-saber-sobre-o-programa-social\/"},"author":{"name":"Michele","@id":"https:\/\/www.vagadeempregorj.com.br\/#\/schema\/person\/3ddb19fa0539706786e502152f3aae95"},"headline":"Desenrola Brasil: O que voc\u00ea deve saber sobre o programa social","datePublished":"2024-05-27T18:49:28+00:00","dateModified":"2026-02-02T20:51:23+00:00","mainEntityOfPage":{"@id":"https:\/\/www.vagadeempregorj.com.br\/desenrola-brasil-o-que-voce-deve-saber-sobre-o-programa-social\/"},"wordCount":829,"image":{"@id":"https:\/\/www.vagadeempregorj.com.br\/desenrola-brasil-o-que-voce-deve-saber-sobre-o-programa-social\/#primaryimage"},"thumbnailUrl":"https:\/\/www.vagadeempregorj.com.br\/wp-content\/uploads\/2024\/05\/image-8.png","articleSection":["Economia"],"inLanguage":"es"},{"@type":"WebPage","@id":"https:\/\/www.vagadeempregorj.com.br\/desenrola-brasil-o-que-voce-deve-saber-sobre-o-programa-social\/","url":"https:\/\/www.vagadeempregorj.com.br\/desenrola-brasil-o-que-voce-deve-saber-sobre-o-programa-social\/","name":"Desenrola Brasil: O que voc\u00ea deve saber sobre o programa social -","isPartOf":{"@id":"https:\/\/www.vagadeempregorj.com.br\/#website"},"primaryImageOfPage":{"@id":"https:\/\/www.vagadeempregorj.com.br\/desenrola-brasil-o-que-voce-deve-saber-sobre-o-programa-social\/#primaryimage"},"image":{"@id":"https:\/\/www.vagadeempregorj.com.br\/desenrola-brasil-o-que-voce-deve-saber-sobre-o-programa-social\/#primaryimage"},"thumbnailUrl":"https:\/\/www.vagadeempregorj.com.br\/wp-content\/uploads\/2024\/05\/image-8.png","datePublished":"2024-05-27T18:49:28+00:00","dateModified":"2026-02-02T20:51:23+00:00","author":{"@id":"https:\/\/www.vagadeempregorj.com.br\/#\/schema\/person\/3ddb19fa0539706786e502152f3aae95"},"description":"Veja em Vagas de Emprego RJ as vagas de emprego com e sem experi\u00eancia no seu Estado e Regi\u00e3o!","breadcrumb":{"@id":"https:\/\/www.vagadeempregorj.com.br\/desenrola-brasil-o-que-voce-deve-saber-sobre-o-programa-social\/#breadcrumb"},"inLanguage":"es","potentialAction":[{"@type":"ReadAction","target":["https:\/\/www.vagadeempregorj.com.br\/desenrola-brasil-o-que-voce-deve-saber-sobre-o-programa-social\/"]}]},{"@type":"ImageObject","inLanguage":"es","@id":"https:\/\/www.vagadeempregorj.com.br\/desenrola-brasil-o-que-voce-deve-saber-sobre-o-programa-social\/#primaryimage","url":"https:\/\/www.vagadeempregorj.com.br\/wp-content\/uploads\/2024\/05\/image-8.png","contentUrl":"https:\/\/www.vagadeempregorj.com.br\/wp-content\/uploads\/2024\/05\/image-8.png","width":768,"height":431},{"@type":"BreadcrumbList","@id":"https:\/\/www.vagadeempregorj.com.br\/desenrola-brasil-o-que-voce-deve-saber-sobre-o-programa-social\/#breadcrumb","itemListElement":[{"@type":"ListItem","position":1,"name":"In\u00edcio","item":"https:\/\/www.vagadeempregorj.com.br\/"},{"@type":"ListItem","position":2,"name":"Economia","item":"https:\/\/www.vagadeempregorj.com.br\/economia\/"},{"@type":"ListItem","position":3,"name":"Desenrola Brasil: O que voc\u00ea deve saber sobre o programa social"}]},{"@type":"WebSite","@id":"https:\/\/www.vagadeempregorj.com.br\/#website","url":"https:\/\/www.vagadeempregorj.com.br\/","name":"","description":"Conquiste Sonhos: Vagas, Benef\u00edcios e Economia para Transformar Vidas e Alcan\u00e7ar Melhorias Cotidianas","potentialAction":[{"@type":"SearchAction","target":{"@type":"EntryPoint","urlTemplate":"https:\/\/www.vagadeempregorj.com.br\/?s={search_term_string}"},"query-input":{"@type":"PropertyValueSpecification","valueRequired":true,"valueName":"search_term_string"}}],"inLanguage":"es"},{"@type":"Person","@id":"https:\/\/www.vagadeempregorj.com.br\/#\/schema\/person\/3ddb19fa0539706786e502152f3aae95","name":"Michele","image":{"@type":"ImageObject","inLanguage":"es","@id":"https:\/\/secure.gravatar.com\/avatar\/6b0eb9d22841282815e2cd856a0061c45e1761cd54b22e952d98c4746939aa85?s=96&r=g","url":"https:\/\/secure.gravatar.com\/avatar\/6b0eb9d22841282815e2cd856a0061c45e1761cd54b22e952d98c4746939aa85?s=96&r=g","contentUrl":"https:\/\/secure.gravatar.com\/avatar\/6b0eb9d22841282815e2cd856a0061c45e1761cd54b22e952d98c4746939aa85?s=96&r=g","caption":"Michele"},"description":"Formada em Letras - Portugu\u00eas\/ Ingl\u00eas, e idealizadora do site Escritora de Sucesso, busca expandir o conhecimento de todos com informa\u00e7\u00f5es relevantes sobre diversos assuntos, enquanto redatora. No Vaga de Emprego RJ, traz oportunidades e dicas sobre o mercado de trabalho.","url":"https:\/\/www.vagadeempregorj.com.br\/es\/author\/michele\/"}]}},"_links":{"self":[{"href":"https:\/\/www.vagadeempregorj.com.br\/es\/wp-json\/wp\/v2\/posts\/39664","targetHints":{"allow":["GET"]}}],"collection":[{"href":"https:\/\/www.vagadeempregorj.com.br\/es\/wp-json\/wp\/v2\/posts"}],"about":[{"href":"https:\/\/www.vagadeempregorj.com.br\/es\/wp-json\/wp\/v2\/types\/post"}],"author":[{"embeddable":true,"href":"https:\/\/www.vagadeempregorj.com.br\/es\/wp-json\/wp\/v2\/users\/16"}],"replies":[{"embeddable":true,"href":"https:\/\/www.vagadeempregorj.com.br\/es\/wp-json\/wp\/v2\/comments?post=39664"}],"version-history":[{"count":1,"href":"https:\/\/www.vagadeempregorj.com.br\/es\/wp-json\/wp\/v2\/posts\/39664\/revisions"}],"predecessor-version":[{"id":44214,"href":"https:\/\/www.vagadeempregorj.com.br\/es\/wp-json\/wp\/v2\/posts\/39664\/revisions\/44214"}],"wp:featuredmedia":[{"embeddable":true,"href":"https:\/\/www.vagadeempregorj.com.br\/es\/wp-json\/wp\/v2\/media\/39665"}],"wp:attachment":[{"href":"https:\/\/www.vagadeempregorj.com.br\/es\/wp-json\/wp\/v2\/media?parent=39664"}],"wp:term":[{"taxonomy":"category","embeddable":true,"href":"https:\/\/www.vagadeempregorj.com.br\/es\/wp-json\/wp\/v2\/categories?post=39664"},{"taxonomy":"post_tag","embeddable":true,"href":"https:\/\/www.vagadeempregorj.com.br\/es\/wp-json\/wp\/v2\/tags?post=39664"}],"curies":[{"name":"wp","href":"https:\/\/api.w.org\/{rel}","templated":true}]}}