{"id":39677,"date":"2024-05-30T01:00:00","date_gmt":"2024-05-30T04:00:00","guid":{"rendered":"https:\/\/www.vagadeempregorj.com.br\/?p=39677"},"modified":"2024-05-28T23:24:40","modified_gmt":"2024-05-29T02:24:40","slug":"brf-abre-novas-vagas-de-emprego-pelo-brasil","status":"publish","type":"post","link":"https:\/\/www.vagadeempregorj.com.br\/es\/brf-abre-novas-vagas-de-emprego-pelo-brasil\/","title":{"rendered":"BRF abre NOVAS vagas de emprego pelo Brasil"},"content":{"rendered":"<p>A <strong>BRF<\/strong>, uma das maiores empresas de alimentos do mundo, est\u00e1 anunciando a abertura de novas vagas de emprego em v\u00e1rias localidades do Brasil. Com um portf\u00f3lio diversificado de marcas reconhecidas globalmente e uma forte presen\u00e7a no mercado nacional e internacional, a companhia oferece oportunidades de carreira em diversas \u00e1reas, desde produ\u00e7\u00e3o at\u00e9 administra\u00e7\u00e3o, para profissionais qualificados e dedicados.<\/p>\n\n\n\n<h2 class=\"wp-block-heading\">BRF divulgou novas oportunidades pelo pa\u00eds<\/h2>\n\n\n\n<p>Com um compromisso cont\u00ednuo com a inova\u00e7\u00e3o, qualidade e excel\u00eancia, a empresa anuncia a abertura de novas vagas de emprego em diversas localidades do pa\u00eds. Essa iniciativa n\u00e3o apenas representa um impulso para a economia nacional, mas tamb\u00e9m oferece aos trabalhadores a chance de integrar uma equipe din\u00e2mica e diversificada, contribuindo para o desenvolvimento e sucesso de uma das maiores empresas de alimentos do mundo.<\/p>\n\n\n\n<h2 class=\"wp-block-heading\">Cargos dispon\u00edveis<\/h2>\n\n\n\n<p>A BRF est\u00e1 em busca de talentos para preencher uma variedade de posi\u00e7\u00f5es em suas unidades em todo o Brasil. As oportunidades abrangem \u00e1reas como produ\u00e7\u00e3o, log\u00edstica, vendas, marketing, finan\u00e7as, recursos humanos, tecnologia da informa\u00e7\u00e3o, entre outras.<\/p>\n\n\n\n<p>Alguns dos cargos dispon\u00edveis incluem:<\/p>\n\n\n\n<ul class=\"wp-block-list\">\n<li>Operador de Produ\u00e7\u00e3o: Respons\u00e1vel por operar m\u00e1quinas e equipamentos, garantindo a qualidade e a efici\u00eancia na linha de produ\u00e7\u00e3o.<\/li>\n\n\n\n<li>Analista de Log\u00edstica: Encarregado de planejar e coordenar o transporte de mercadorias, otimizando os processos log\u00edsticos da empresa.<\/li>\n\n\n\n<li>Vendedor Externo: Respons\u00e1vel por prospectar clientes, negociar vendas e garantir a satisfa\u00e7\u00e3o dos clientes.<\/li>\n\n\n\n<li>Analista Financeiro: Atua na an\u00e1lise de dados financeiros, elabora\u00e7\u00e3o de relat\u00f3rios e no suporte \u00e0s atividades do departamento financeiro.<\/li>\n\n\n\n<li>Analista de Recursos Humanos: Desenvolve atividades relacionadas \u00e0 gest\u00e3o de pessoas, recrutamento, sele\u00e7\u00e3o, treinamento e desenvolvimento.<\/li>\n<\/ul>\n\n\n\n<p>Estas s\u00e3o apenas algumas das oportunidades dispon\u00edveis na BRF. A empresa valoriza a diversidade e busca profissionais com diferentes forma\u00e7\u00f5es e experi\u00eancias para integrar sua equipe.<\/p>\n\n\n\n<figure class=\"wp-block-image size-full\"><img loading=\"lazy\" decoding=\"async\" width=\"992\" height=\"680\" src=\"https:\/\/www.vagadeempregorj.com.br\/wp-content\/uploads\/2024\/05\/image-11.png\" alt=\"\" class=\"wp-image-39678\" srcset=\"https:\/\/www.vagadeempregorj.com.br\/wp-content\/uploads\/2024\/05\/image-11.png 992w, https:\/\/www.vagadeempregorj.com.br\/wp-content\/uploads\/2024\/05\/image-11-300x206.png 300w, https:\/\/www.vagadeempregorj.com.br\/wp-content\/uploads\/2024\/05\/image-11-768x526.png 768w, https:\/\/www.vagadeempregorj.com.br\/wp-content\/uploads\/2024\/05\/image-11-150x103.png 150w\" sizes=\"auto, (max-width: 992px) 100vw, 992px\" \/><\/figure>\n\n\n\n<h2 class=\"wp-block-heading\">Como se inscrever<\/h2>\n\n\n\n<p>Para se candidatar \u00e0s vagas na BRF, os interessados podem acessar o site oficial da empresa ou plataformas de recrutamento online. No site da BRF, os candidatos podem encontrar informa\u00e7\u00f5es detalhadas sobre as vagas dispon\u00edveis, requisitos necess\u00e1rios e os benef\u00edcios oferecidos pela empresa.<\/p>\n\n\n\n<p>Ao encontrar uma vaga de interesse, o candidato deve cadastrar seu curr\u00edculo no site e preencher todas as informa\u00e7\u00f5es solicitadas no formul\u00e1rio de inscri\u00e7\u00e3o. \u00c9 importante que o curr\u00edculo esteja atualizado e contenha informa\u00e7\u00f5es relevantes sobre a forma\u00e7\u00e3o acad\u00eamica, experi\u00eancia profissional e habilidades.<\/p>\n\n\n\n<p>Ap\u00f3s o cadastro, os curr\u00edculos ser\u00e3o avaliados pela equipe de recrutamento da BRF. Os candidatos selecionados ser\u00e3o convocados para participar das etapas do processo seletivo, que podem incluir entrevistas individuais, testes de habilidades e din\u00e2micas de grupo.<\/p>\n\n\n\n<h2 class=\"wp-block-heading\">Carreira na BRF<\/h2>\n\n\n\n<p>Trabalhar na BRF \u00e9 fazer parte de uma empresa l\u00edder no setor de alimentos, que valoriza o talento e o comprometimento de seus colaboradores. A empresa oferece um ambiente de trabalho din\u00e2mico e desafiador, onde os profissionais t\u00eam a oportunidade de crescer e se desenvolver.<\/p>\n\n\n\n<p>Al\u00e9m disso, a BRF investe no desenvolvimento de seus colaboradores por meio de programas de capacita\u00e7\u00e3o e treinamento, que visam aprimorar as habilidades t\u00e9cnicas e comportamentais dos funcion\u00e1rios.<\/p>\n\n\n\n<p>A empresa tamb\u00e9m valoriza a diversidade e a inclus\u00e3o, promovendo um ambiente de trabalho plural e acolhedor, onde todos os colaboradores se sintam respeitados e valorizados.<\/p>\n\n\n\n<p>Ao ingressar na BRF, os profissionais t\u00eam a oportunidade de construir uma carreira s\u00f3lida e de sucesso, com possibilidades de crescimento e desenvolvimento em diferentes \u00e1reas e n\u00edveis hier\u00e1rquicos da empresa.<\/p>\n\n\n\n<p><strong>Veja tamb\u00e9m: <a href=\"https:\/\/www.vagadeempregorj.com.br\/es\/vagas-de-emprego-na-perdigao-veja-como-se-candidatar\/\">Vagas de Emprego na Perdig\u00e3o: Veja Como Se Candidatar<\/a><\/strong><\/p>\n\n\n\n<p>30 de maio de 2024<\/p>","protected":false},"excerpt":{"rendered":"<p>A BRF, uma das maiores empresas de alimentos do mundo, est\u00e1 anunciando a abertura de novas vagas de emprego em v\u00e1rias localidades do Brasil. Com um portf\u00f3lio diversificado de marcas reconhecidas globalmente e uma forte presen\u00e7a no mercado nacional e internacional, a companhia oferece oportunidades de carreira em diversas \u00e1reas, desde produ\u00e7\u00e3o at\u00e9 administra\u00e7\u00e3o, para&hellip;&nbsp;<\/p>","protected":false},"author":16,"featured_media":39678,"comment_status":"closed","ping_status":"closed","sticky":false,"template":"","format":"standard","meta":{"neve_meta_sidebar":"","neve_meta_container":"","neve_meta_enable_content_width":"","neve_meta_content_width":0,"neve_meta_title_alignment":"","neve_meta_author_avatar":"","neve_post_elements_order":"","neve_meta_disable_header":"","neve_meta_disable_footer":"","neve_meta_disable_title":"","footnotes":""},"categories":[123],"tags":[],"class_list":["post-39677","post","type-post","status-publish","format-standard","has-post-thumbnail","hentry","category-vagas-de-emprego-nacionais"],"yoast_head":"<!-- This site is optimized with the Yoast SEO plugin v27.5 - https:\/\/yoast.com\/product\/yoast-seo-wordpress\/ -->\n<title>BRF abre NOVAS vagas de emprego pelo Brasil -<\/title>\n<meta name=\"description\" content=\"Veja em Vagas de Emprego RJ as vagas de emprego com e sem experi\u00eancia no seu Estado e Regi\u00e3o!\" \/>\n<meta name=\"robots\" content=\"index, follow, max-snippet:-1, max-image-preview:large, max-video-preview:-1\" \/>\n<link rel=\"canonical\" href=\"https:\/\/www.vagadeempregorj.com.br\/es\/brf-abre-novas-vagas-de-emprego-pelo-brasil\/\" \/>\n<meta property=\"og:locale\" content=\"es_MX\" \/>\n<meta property=\"og:type\" content=\"article\" \/>\n<meta property=\"og:title\" content=\"BRF abre NOVAS vagas de emprego pelo Brasil -\" \/>\n<meta property=\"og:description\" content=\"Veja em Vagas de Emprego RJ as vagas de emprego com e sem experi\u00eancia no seu Estado e Regi\u00e3o!\" \/>\n<meta property=\"og:url\" content=\"https:\/\/www.vagadeempregorj.com.br\/es\/brf-abre-novas-vagas-de-emprego-pelo-brasil\/\" \/>\n<meta property=\"article:publisher\" content=\"https:\/\/www.facebook.com\/empregobrasiloficial\" \/>\n<meta property=\"article:published_time\" content=\"2024-05-30T04:00:00+00:00\" \/>\n<meta property=\"og:image\" content=\"https:\/\/www.vagadeempregorj.com.br\/wp-content\/uploads\/2024\/05\/image-11.png\" \/>\n\t<meta property=\"og:image:width\" content=\"992\" \/>\n\t<meta property=\"og:image:height\" content=\"680\" \/>\n\t<meta property=\"og:image:type\" content=\"image\/png\" \/>\n<meta name=\"author\" content=\"Michele\" \/>\n<meta name=\"twitter:card\" content=\"summary_large_image\" \/>\n<meta name=\"twitter:label1\" content=\"Written by\" \/>\n\t<meta name=\"twitter:data1\" content=\"Michele\" \/>\n\t<meta name=\"twitter:label2\" content=\"Est. reading time\" \/>\n\t<meta name=\"twitter:data2\" content=\"3 minutos\" \/>\n<script type=\"application\/ld+json\" class=\"yoast-schema-graph\">{\"@context\":\"https:\\\/\\\/schema.org\",\"@graph\":[{\"@type\":\"Article\",\"@id\":\"https:\\\/\\\/www.vagadeempregorj.com.br\\\/brf-abre-novas-vagas-de-emprego-pelo-brasil\\\/#article\",\"isPartOf\":{\"@id\":\"https:\\\/\\\/www.vagadeempregorj.com.br\\\/brf-abre-novas-vagas-de-emprego-pelo-brasil\\\/\"},\"author\":{\"name\":\"Michele\",\"@id\":\"https:\\\/\\\/www.vagadeempregorj.com.br\\\/#\\\/schema\\\/person\\\/3ddb19fa0539706786e502152f3aae95\"},\"headline\":\"BRF abre NOVAS vagas de emprego pelo Brasil\",\"datePublished\":\"2024-05-30T04:00:00+00:00\",\"mainEntityOfPage\":{\"@id\":\"https:\\\/\\\/www.vagadeempregorj.com.br\\\/brf-abre-novas-vagas-de-emprego-pelo-brasil\\\/\"},\"wordCount\":635,\"image\":{\"@id\":\"https:\\\/\\\/www.vagadeempregorj.com.br\\\/brf-abre-novas-vagas-de-emprego-pelo-brasil\\\/#primaryimage\"},\"thumbnailUrl\":\"https:\\\/\\\/www.vagadeempregorj.com.br\\\/wp-content\\\/uploads\\\/2024\\\/05\\\/image-11.png\",\"articleSection\":[\"Vagas de Emprego Nacionais\"],\"inLanguage\":\"es\"},{\"@type\":\"WebPage\",\"@id\":\"https:\\\/\\\/www.vagadeempregorj.com.br\\\/brf-abre-novas-vagas-de-emprego-pelo-brasil\\\/\",\"url\":\"https:\\\/\\\/www.vagadeempregorj.com.br\\\/brf-abre-novas-vagas-de-emprego-pelo-brasil\\\/\",\"name\":\"BRF abre NOVAS vagas de emprego pelo Brasil -\",\"isPartOf\":{\"@id\":\"https:\\\/\\\/www.vagadeempregorj.com.br\\\/#website\"},\"primaryImageOfPage\":{\"@id\":\"https:\\\/\\\/www.vagadeempregorj.com.br\\\/brf-abre-novas-vagas-de-emprego-pelo-brasil\\\/#primaryimage\"},\"image\":{\"@id\":\"https:\\\/\\\/www.vagadeempregorj.com.br\\\/brf-abre-novas-vagas-de-emprego-pelo-brasil\\\/#primaryimage\"},\"thumbnailUrl\":\"https:\\\/\\\/www.vagadeempregorj.com.br\\\/wp-content\\\/uploads\\\/2024\\\/05\\\/image-11.png\",\"datePublished\":\"2024-05-30T04:00:00+00:00\",\"author\":{\"@id\":\"https:\\\/\\\/www.vagadeempregorj.com.br\\\/#\\\/schema\\\/person\\\/3ddb19fa0539706786e502152f3aae95\"},\"description\":\"Veja em Vagas de Emprego RJ as vagas de emprego com e sem experi\u00eancia no seu Estado e Regi\u00e3o!\",\"breadcrumb\":{\"@id\":\"https:\\\/\\\/www.vagadeempregorj.com.br\\\/brf-abre-novas-vagas-de-emprego-pelo-brasil\\\/#breadcrumb\"},\"inLanguage\":\"es\",\"potentialAction\":[{\"@type\":\"ReadAction\",\"target\":[\"https:\\\/\\\/www.vagadeempregorj.com.br\\\/brf-abre-novas-vagas-de-emprego-pelo-brasil\\\/\"]}]},{\"@type\":\"ImageObject\",\"inLanguage\":\"es\",\"@id\":\"https:\\\/\\\/www.vagadeempregorj.com.br\\\/brf-abre-novas-vagas-de-emprego-pelo-brasil\\\/#primaryimage\",\"url\":\"https:\\\/\\\/www.vagadeempregorj.com.br\\\/wp-content\\\/uploads\\\/2024\\\/05\\\/image-11.png\",\"contentUrl\":\"https:\\\/\\\/www.vagadeempregorj.com.br\\\/wp-content\\\/uploads\\\/2024\\\/05\\\/image-11.png\",\"width\":992,\"height\":680},{\"@type\":\"BreadcrumbList\",\"@id\":\"https:\\\/\\\/www.vagadeempregorj.com.br\\\/brf-abre-novas-vagas-de-emprego-pelo-brasil\\\/#breadcrumb\",\"itemListElement\":[{\"@type\":\"ListItem\",\"position\":1,\"name\":\"In\u00edcio\",\"item\":\"https:\\\/\\\/www.vagadeempregorj.com.br\\\/\"},{\"@type\":\"ListItem\",\"position\":2,\"name\":\"Vagas de Emprego Nacionais\",\"item\":\"https:\\\/\\\/www.vagadeempregorj.com.br\\\/vagas-de-emprego-nacionais\\\/\"},{\"@type\":\"ListItem\",\"position\":3,\"name\":\"BRF abre NOVAS vagas de emprego pelo Brasil\"}]},{\"@type\":\"WebSite\",\"@id\":\"https:\\\/\\\/www.vagadeempregorj.com.br\\\/#website\",\"url\":\"https:\\\/\\\/www.vagadeempregorj.com.br\\\/\",\"name\":\"\",\"description\":\"Conquiste Sonhos: Vagas, Benef\u00edcios e Economia para Transformar Vidas e Alcan\u00e7ar Melhorias Cotidianas\",\"potentialAction\":[{\"@type\":\"SearchAction\",\"target\":{\"@type\":\"EntryPoint\",\"urlTemplate\":\"https:\\\/\\\/www.vagadeempregorj.com.br\\\/?s={search_term_string}\"},\"query-input\":{\"@type\":\"PropertyValueSpecification\",\"valueRequired\":true,\"valueName\":\"search_term_string\"}}],\"inLanguage\":\"es\"},{\"@type\":\"Person\",\"@id\":\"https:\\\/\\\/www.vagadeempregorj.com.br\\\/#\\\/schema\\\/person\\\/3ddb19fa0539706786e502152f3aae95\",\"name\":\"Michele\",\"image\":{\"@type\":\"ImageObject\",\"inLanguage\":\"es\",\"@id\":\"https:\\\/\\\/secure.gravatar.com\\\/avatar\\\/6b0eb9d22841282815e2cd856a0061c45e1761cd54b22e952d98c4746939aa85?s=96&r=g\",\"url\":\"https:\\\/\\\/secure.gravatar.com\\\/avatar\\\/6b0eb9d22841282815e2cd856a0061c45e1761cd54b22e952d98c4746939aa85?s=96&r=g\",\"contentUrl\":\"https:\\\/\\\/secure.gravatar.com\\\/avatar\\\/6b0eb9d22841282815e2cd856a0061c45e1761cd54b22e952d98c4746939aa85?s=96&r=g\",\"caption\":\"Michele\"},\"description\":\"Formada em Letras - Portugu\u00eas\\\/ Ingl\u00eas, e idealizadora do site Escritora de Sucesso, busca expandir o conhecimento de todos com informa\u00e7\u00f5es relevantes sobre diversos assuntos, enquanto redatora. No Vaga de Emprego RJ, traz oportunidades e dicas sobre o mercado de trabalho.\",\"url\":\"https:\\\/\\\/www.vagadeempregorj.com.br\\\/es\\\/author\\\/michele\\\/\"}]}<\/script>\n<!-- \/ Yoast SEO plugin. -->","yoast_head_json":{"title":"BRF abre NOVAS vagas de emprego pelo Brasil -","description":"Veja em Vagas de Emprego RJ as vagas de emprego com e sem experi\u00eancia no seu Estado e Regi\u00e3o!","robots":{"index":"index","follow":"follow","max-snippet":"max-snippet:-1","max-image-preview":"max-image-preview:large","max-video-preview":"max-video-preview:-1"},"canonical":"https:\/\/www.vagadeempregorj.com.br\/es\/brf-abre-novas-vagas-de-emprego-pelo-brasil\/","og_locale":"es_MX","og_type":"article","og_title":"BRF abre NOVAS vagas de emprego pelo Brasil -","og_description":"Veja em Vagas de Emprego RJ as vagas de emprego com e sem experi\u00eancia no seu Estado e Regi\u00e3o!","og_url":"https:\/\/www.vagadeempregorj.com.br\/es\/brf-abre-novas-vagas-de-emprego-pelo-brasil\/","article_publisher":"https:\/\/www.facebook.com\/empregobrasiloficial","article_published_time":"2024-05-30T04:00:00+00:00","og_image":[{"width":992,"height":680,"url":"https:\/\/www.vagadeempregorj.com.br\/wp-content\/uploads\/2024\/05\/image-11.png","type":"image\/png"}],"author":"Michele","twitter_card":"summary_large_image","twitter_misc":{"Written by":"Michele","Est. reading time":"3 minutos"},"schema":{"@context":"https:\/\/schema.org","@graph":[{"@type":"Article","@id":"https:\/\/www.vagadeempregorj.com.br\/brf-abre-novas-vagas-de-emprego-pelo-brasil\/#article","isPartOf":{"@id":"https:\/\/www.vagadeempregorj.com.br\/brf-abre-novas-vagas-de-emprego-pelo-brasil\/"},"author":{"name":"Michele","@id":"https:\/\/www.vagadeempregorj.com.br\/#\/schema\/person\/3ddb19fa0539706786e502152f3aae95"},"headline":"BRF abre NOVAS vagas de emprego pelo Brasil","datePublished":"2024-05-30T04:00:00+00:00","mainEntityOfPage":{"@id":"https:\/\/www.vagadeempregorj.com.br\/brf-abre-novas-vagas-de-emprego-pelo-brasil\/"},"wordCount":635,"image":{"@id":"https:\/\/www.vagadeempregorj.com.br\/brf-abre-novas-vagas-de-emprego-pelo-brasil\/#primaryimage"},"thumbnailUrl":"https:\/\/www.vagadeempregorj.com.br\/wp-content\/uploads\/2024\/05\/image-11.png","articleSection":["Vagas de Emprego Nacionais"],"inLanguage":"es"},{"@type":"WebPage","@id":"https:\/\/www.vagadeempregorj.com.br\/brf-abre-novas-vagas-de-emprego-pelo-brasil\/","url":"https:\/\/www.vagadeempregorj.com.br\/brf-abre-novas-vagas-de-emprego-pelo-brasil\/","name":"BRF abre NOVAS vagas de emprego pelo Brasil -","isPartOf":{"@id":"https:\/\/www.vagadeempregorj.com.br\/#website"},"primaryImageOfPage":{"@id":"https:\/\/www.vagadeempregorj.com.br\/brf-abre-novas-vagas-de-emprego-pelo-brasil\/#primaryimage"},"image":{"@id":"https:\/\/www.vagadeempregorj.com.br\/brf-abre-novas-vagas-de-emprego-pelo-brasil\/#primaryimage"},"thumbnailUrl":"https:\/\/www.vagadeempregorj.com.br\/wp-content\/uploads\/2024\/05\/image-11.png","datePublished":"2024-05-30T04:00:00+00:00","author":{"@id":"https:\/\/www.vagadeempregorj.com.br\/#\/schema\/person\/3ddb19fa0539706786e502152f3aae95"},"description":"Veja em Vagas de Emprego RJ as vagas de emprego com e sem experi\u00eancia no seu Estado e Regi\u00e3o!","breadcrumb":{"@id":"https:\/\/www.vagadeempregorj.com.br\/brf-abre-novas-vagas-de-emprego-pelo-brasil\/#breadcrumb"},"inLanguage":"es","potentialAction":[{"@type":"ReadAction","target":["https:\/\/www.vagadeempregorj.com.br\/brf-abre-novas-vagas-de-emprego-pelo-brasil\/"]}]},{"@type":"ImageObject","inLanguage":"es","@id":"https:\/\/www.vagadeempregorj.com.br\/brf-abre-novas-vagas-de-emprego-pelo-brasil\/#primaryimage","url":"https:\/\/www.vagadeempregorj.com.br\/wp-content\/uploads\/2024\/05\/image-11.png","contentUrl":"https:\/\/www.vagadeempregorj.com.br\/wp-content\/uploads\/2024\/05\/image-11.png","width":992,"height":680},{"@type":"BreadcrumbList","@id":"https:\/\/www.vagadeempregorj.com.br\/brf-abre-novas-vagas-de-emprego-pelo-brasil\/#breadcrumb","itemListElement":[{"@type":"ListItem","position":1,"name":"In\u00edcio","item":"https:\/\/www.vagadeempregorj.com.br\/"},{"@type":"ListItem","position":2,"name":"Vagas de Emprego Nacionais","item":"https:\/\/www.vagadeempregorj.com.br\/vagas-de-emprego-nacionais\/"},{"@type":"ListItem","position":3,"name":"BRF abre NOVAS vagas de emprego pelo Brasil"}]},{"@type":"WebSite","@id":"https:\/\/www.vagadeempregorj.com.br\/#website","url":"https:\/\/www.vagadeempregorj.com.br\/","name":"","description":"Conquiste Sonhos: Vagas, Benef\u00edcios e Economia para Transformar Vidas e Alcan\u00e7ar Melhorias Cotidianas","potentialAction":[{"@type":"SearchAction","target":{"@type":"EntryPoint","urlTemplate":"https:\/\/www.vagadeempregorj.com.br\/?s={search_term_string}"},"query-input":{"@type":"PropertyValueSpecification","valueRequired":true,"valueName":"search_term_string"}}],"inLanguage":"es"},{"@type":"Person","@id":"https:\/\/www.vagadeempregorj.com.br\/#\/schema\/person\/3ddb19fa0539706786e502152f3aae95","name":"Michele","image":{"@type":"ImageObject","inLanguage":"es","@id":"https:\/\/secure.gravatar.com\/avatar\/6b0eb9d22841282815e2cd856a0061c45e1761cd54b22e952d98c4746939aa85?s=96&r=g","url":"https:\/\/secure.gravatar.com\/avatar\/6b0eb9d22841282815e2cd856a0061c45e1761cd54b22e952d98c4746939aa85?s=96&r=g","contentUrl":"https:\/\/secure.gravatar.com\/avatar\/6b0eb9d22841282815e2cd856a0061c45e1761cd54b22e952d98c4746939aa85?s=96&r=g","caption":"Michele"},"description":"Formada em Letras - Portugu\u00eas\/ Ingl\u00eas, e idealizadora do site Escritora de Sucesso, busca expandir o conhecimento de todos com informa\u00e7\u00f5es relevantes sobre diversos assuntos, enquanto redatora. No Vaga de Emprego RJ, traz oportunidades e dicas sobre o mercado de trabalho.","url":"https:\/\/www.vagadeempregorj.com.br\/es\/author\/michele\/"}]}},"_links":{"self":[{"href":"https:\/\/www.vagadeempregorj.com.br\/es\/wp-json\/wp\/v2\/posts\/39677","targetHints":{"allow":["GET"]}}],"collection":[{"href":"https:\/\/www.vagadeempregorj.com.br\/es\/wp-json\/wp\/v2\/posts"}],"about":[{"href":"https:\/\/www.vagadeempregorj.com.br\/es\/wp-json\/wp\/v2\/types\/post"}],"author":[{"embeddable":true,"href":"https:\/\/www.vagadeempregorj.com.br\/es\/wp-json\/wp\/v2\/users\/16"}],"replies":[{"embeddable":true,"href":"https:\/\/www.vagadeempregorj.com.br\/es\/wp-json\/wp\/v2\/comments?post=39677"}],"version-history":[{"count":0,"href":"https:\/\/www.vagadeempregorj.com.br\/es\/wp-json\/wp\/v2\/posts\/39677\/revisions"}],"wp:featuredmedia":[{"embeddable":true,"href":"https:\/\/www.vagadeempregorj.com.br\/es\/wp-json\/wp\/v2\/media\/39678"}],"wp:attachment":[{"href":"https:\/\/www.vagadeempregorj.com.br\/es\/wp-json\/wp\/v2\/media?parent=39677"}],"wp:term":[{"taxonomy":"category","embeddable":true,"href":"https:\/\/www.vagadeempregorj.com.br\/es\/wp-json\/wp\/v2\/categories?post=39677"},{"taxonomy":"post_tag","embeddable":true,"href":"https:\/\/www.vagadeempregorj.com.br\/es\/wp-json\/wp\/v2\/tags?post=39677"}],"curies":[{"name":"wp","href":"https:\/\/api.w.org\/{rel}","templated":true}]}}