{"id":39693,"date":"2024-06-05T01:00:00","date_gmt":"2024-06-05T04:00:00","guid":{"rendered":"https:\/\/www.vagadeempregorj.com.br\/?p=39693"},"modified":"2024-06-01T17:46:33","modified_gmt":"2024-06-01T20:46:33","slug":"cnh-social-e-verdade-entenda-mais-sobre-o-programa-social","status":"publish","type":"post","link":"https:\/\/www.vagadeempregorj.com.br\/es\/cnh-social-e-verdade-entenda-mais-sobre-o-programa-social\/","title":{"rendered":"CNH Social \u00e9 verdade? Entenda mais sobre o programa social"},"content":{"rendered":"<p>Nos \u00faltimos anos, o termo <strong>CNH Social<\/strong> tem ganhado bastante destaque entre os brasileiros. Trata-se de um programa social que promete oferecer a Carteira Nacional de Habilita\u00e7\u00e3o (CNH) gratuitamente ou a um custo reduzido para pessoas de baixa renda. Mas ser\u00e1 que isso \u00e9 verdade? Entenda melhor como funciona esse programa, quem pode se beneficiar e quais s\u00e3o os mitos e verdades por tr\u00e1s dele.<\/p>\n\n\n\n<h2 class=\"wp-block-heading\">O que \u00e9 a CNH Social?<\/h2>\n\n\n\n<p>A CNH Social \u00e9 um programa criado para facilitar o acesso \u00e0 habilita\u00e7\u00e3o para pessoas de baixa renda, possibilitando a inclus\u00e3o social e profissional. O principal objetivo \u00e9 ajudar cidad\u00e3os que n\u00e3o t\u00eam condi\u00e7\u00f5es financeiras de arcar com os custos para obter a CNH, que podem ser bastante elevados no Brasil.<\/p>\n\n\n\n<h3 class=\"wp-block-heading\">Origem e Implementa\u00e7\u00e3o<\/h3>\n\n\n\n<p>O programa foi implementado inicialmente por alguns estados brasileiros, como Esp\u00edrito Santo, Rio Grande do Sul e Maranh\u00e3o. Cada estado possui sua pr\u00f3pria regulamenta\u00e7\u00e3o e crit\u00e9rios para participa\u00e7\u00e3o. O Departamento Estadual de Tr\u00e2nsito (DETRAN) de cada estado \u00e9 o respons\u00e1vel pela execu\u00e7\u00e3o e administra\u00e7\u00e3o do programa.<\/p>\n\n\n\n<h2 class=\"wp-block-heading\">Quem pode participar?<\/h2>\n\n\n\n<p>Para se candidatar ao programa CNH Social, os candidatos devem atender a alguns requisitos b\u00e1sicos, que podem variar de estado para estado. No entanto, os crit\u00e9rios mais comuns incluem:<\/p>\n\n\n\n<ul class=\"wp-block-list\">\n<li>Renda Familiar: O candidato deve ter uma renda familiar de at\u00e9 dois sal\u00e1rios m\u00ednimos.<\/li>\n\n\n\n<li>Idade: \u00c9 necess\u00e1rio ser maior de 18 anos.<\/li>\n\n\n\n<li>Resid\u00eancia: O candidato deve residir no estado onde est\u00e1 se inscrevendo no programa.<\/li>\n\n\n\n<li>Escolaridade: Alguns estados exigem que o candidato tenha, no m\u00ednimo, o ensino fundamental completo.<\/li>\n\n\n\n<li>Registro no Cad\u00danico: Muitas vezes \u00e9 necess\u00e1rio estar registrado no Cadastro \u00danico para Programas Sociais do Governo Federal (Cad\u00danico).<\/li>\n<\/ul>\n\n\n\n<p>Al\u00e9m desses crit\u00e9rios, estados podem estabelecer requisitos adicionais, como estar desempregado h\u00e1 mais de um ano, ser benefici\u00e1rio de programas sociais como o Bolsa Fam\u00edlia, ou possuir algum tipo de defici\u00eancia f\u00edsica.<\/p>\n\n\n\n<figure class=\"wp-block-image size-large\"><img loading=\"lazy\" decoding=\"async\" width=\"1024\" height=\"640\" src=\"https:\/\/www.vagadeempregorj.com.br\/wp-content\/uploads\/2024\/06\/image-1-1024x640.png\" alt=\"\" class=\"wp-image-39705\" srcset=\"https:\/\/www.vagadeempregorj.com.br\/wp-content\/uploads\/2024\/06\/image-1-1024x640.png 1024w, https:\/\/www.vagadeempregorj.com.br\/wp-content\/uploads\/2024\/06\/image-1-300x188.png 300w, https:\/\/www.vagadeempregorj.com.br\/wp-content\/uploads\/2024\/06\/image-1-768x480.png 768w, https:\/\/www.vagadeempregorj.com.br\/wp-content\/uploads\/2024\/06\/image-1-150x94.png 150w, https:\/\/www.vagadeempregorj.com.br\/wp-content\/uploads\/2024\/06\/image-1.png 1200w\" sizes=\"auto, (max-width: 1024px) 100vw, 1024px\" \/><figcaption class=\"wp-element-caption\">Imagem: Reprodu\u00e7\u00e3o<\/figcaption><\/figure>\n\n\n\n<h2 class=\"wp-block-heading\">Como se inscrever?<\/h2>\n\n\n\n<p>A inscri\u00e7\u00e3o no programa CNH Social geralmente \u00e9 realizada por meio do site do DETRAN do estado participante. O processo envolve algumas etapas:<\/p>\n\n\n\n<ul class=\"wp-block-list\">\n<li>Inscri\u00e7\u00e3o Online: O candidato deve preencher um formul\u00e1rio com seus dados pessoais e informa\u00e7\u00f5es sobre sua situa\u00e7\u00e3o econ\u00f4mica e social.<\/li>\n\n\n\n<li>An\u00e1lise de Dados: Os dados fornecidos s\u00e3o analisados pelo DETRAN para verificar se o candidato atende aos crit\u00e9rios estabelecidos.<\/li>\n\n\n\n<li>Convoca\u00e7\u00e3o: Os candidatos aprovados s\u00e3o convocados para comparecer ao DETRAN e apresentar a documenta\u00e7\u00e3o necess\u00e1ria.<\/li>\n\n\n\n<li>In\u00edcio do Processo: Ap\u00f3s a confirma\u00e7\u00e3o dos dados e documentos, o candidato inicia o processo para obten\u00e7\u00e3o da CNH, que inclui aulas te\u00f3ricas, pr\u00e1ticas e exames.<\/li>\n<\/ul>\n\n\n\n<h2 class=\"wp-block-heading\">Mitos e Verdades sobre a CNH Social<\/h2>\n\n\n\n<p><strong>Mito: Todo mundo pode conseguir a CNH Social<\/strong><\/p>\n\n\n\n<p>Como mencionado, a CNH Social \u00e9 destinada a pessoas de baixa renda que atendem a crit\u00e9rios espec\u00edficos. N\u00e3o \u00e9 um programa universal que atende a qualquer pessoa interessada.<\/p>\n\n\n\n<p><strong>Verdade: O programa realmente oferece a CNH de gra\u00e7a<\/strong><\/p>\n\n\n\n<p>Sim, o programa cobre os custos envolvidos na obten\u00e7\u00e3o da CNH, como taxas de inscri\u00e7\u00e3o, aulas te\u00f3ricas e pr\u00e1ticas, exames m\u00e9dicos e psicol\u00f3gicos, e at\u00e9 mesmo a emiss\u00e3o da carteira. No entanto, \u00e9 importante lembrar que a gratuidade pode variar conforme a regulamenta\u00e7\u00e3o de cada estado.<\/p>\n\n\n\n<p><strong>Mito: A CNH Social \u00e9 uma fraude<\/strong><\/p>\n\n\n\n<p>Infelizmente, devido \u00e0 popularidade do programa, h\u00e1 muitas fraudes e golpes associados ao nome &#8220;CNH Social&#8221;. \u00c9 crucial que os candidatos se inscrevam apenas por meio dos canais oficiais do DETRAN de seu estado e n\u00e3o forne\u00e7am dados pessoais ou efetuem pagamentos para terceiros que prometem facilidades.<\/p>\n\n\n\n<p><strong>Verdade: A CNH Social pode ajudar na inser\u00e7\u00e3o no mercado de trabalho<\/strong><\/p>\n\n\n\n<p>Ter uma CNH pode abrir muitas portas no mercado de trabalho, especialmente em setores que demandam motoristas profissionais. A CNH Social possibilita que pessoas de baixa renda tenham acesso a essas oportunidades, promovendo a inclus\u00e3o social e econ\u00f4mica.<\/p>\n\n\n\n<h2 class=\"wp-block-heading\">Desafios e Limita\u00e7\u00f5es<\/h2>\n\n\n\n<p>Apesar dos benef\u00edcios, o programa CNH Social enfrenta alguns desafios:<\/p>\n\n\n\n<ul class=\"wp-block-list\">\n<li>Limita\u00e7\u00e3o de Vagas: A quantidade de vagas oferecidas anualmente \u00e9 limitada, o que significa que nem todos os candidatos eleg\u00edveis conseguem participar.<\/li>\n\n\n\n<li>Desinforma\u00e7\u00e3o: Muitas pessoas n\u00e3o conhecem o programa ou n\u00e3o sabem como se inscrever, o que pode limitar o alcance do benef\u00edcio.<\/li>\n\n\n\n<li>Burocracia: O processo de inscri\u00e7\u00e3o e sele\u00e7\u00e3o pode ser burocr\u00e1tico e demorado, desanimando alguns candidatos.<\/li>\n<\/ul>\n\n\n\n<p>A CNH Social \u00e9, de fato, uma iniciativa real e valiosa que busca democratizar o acesso \u00e0 habilita\u00e7\u00e3o para cidad\u00e3os de baixa renda. No entanto, \u00e9 fundamental que os interessados se informem corretamente e utilizem os canais oficiais para inscri\u00e7\u00e3o, evitando fraudes e golpes.<\/p>\n\n\n\n<p>Este programa n\u00e3o apenas facilita o acesso \u00e0 CNH, mas tamb\u00e9m promove a inclus\u00e3o social e oferece novas oportunidades de emprego para milhares de brasileiros. Se voc\u00ea se enquadra nos crit\u00e9rios e est\u00e1 interessado em obter sua carteira de motorista, procure o DETRAN do seu estado e informe-se sobre como participar da CNH Social. \u00c9 uma oportunidade que pode transformar vidas e abrir novos caminhos.<\/p>\n\n\n\n<p><strong>Veja tamb\u00e9m: <a href=\"https:\/\/www.vagadeempregorj.com.br\/es\/vale-abre-vagas-de-emprego-pelo-pais-veja-oportunidades\/\">Vale abre vagas de emprego pelo pa\u00eds; veja oportunidades<\/a><\/strong><\/p>\n\n\n\n<p>05 de junho de 2024<\/p>","protected":false},"excerpt":{"rendered":"<p>Nos \u00faltimos anos, o termo CNH Social tem ganhado bastante destaque entre os brasileiros. Trata-se de um programa social que promete oferecer a Carteira Nacional de Habilita\u00e7\u00e3o (CNH) gratuitamente ou a um custo reduzido para pessoas de baixa renda. Mas ser\u00e1 que isso \u00e9 verdade? Entenda melhor como funciona esse programa, quem pode se beneficiar&hellip;&nbsp;<\/p>","protected":false},"author":16,"featured_media":39705,"comment_status":"closed","ping_status":"closed","sticky":false,"template":"","format":"standard","meta":{"neve_meta_sidebar":"","neve_meta_container":"","neve_meta_enable_content_width":"","neve_meta_content_width":0,"neve_meta_title_alignment":"","neve_meta_author_avatar":"","neve_post_elements_order":"","neve_meta_disable_header":"","neve_meta_disable_footer":"","neve_meta_disable_title":"","footnotes":""},"categories":[1],"tags":[],"class_list":["post-39693","post","type-post","status-publish","format-standard","has-post-thumbnail","hentry","category-beneficios-sociais"],"yoast_head":"<!-- This site is optimized with the Yoast SEO plugin v27.5 - https:\/\/yoast.com\/product\/yoast-seo-wordpress\/ -->\n<title>CNH Social \u00e9 verdade? Entenda mais sobre o programa social -<\/title>\n<meta name=\"description\" content=\"Veja em Vagas de Emprego RJ as vagas de emprego com e sem experi\u00eancia no seu Estado e Regi\u00e3o!\" \/>\n<meta name=\"robots\" content=\"index, follow, max-snippet:-1, max-image-preview:large, max-video-preview:-1\" \/>\n<link rel=\"canonical\" href=\"https:\/\/www.vagadeempregorj.com.br\/es\/cnh-social-e-verdade-entenda-mais-sobre-o-programa-social\/\" \/>\n<meta property=\"og:locale\" content=\"es_MX\" \/>\n<meta property=\"og:type\" content=\"article\" \/>\n<meta property=\"og:title\" content=\"CNH Social \u00e9 verdade? Entenda mais sobre o programa social -\" \/>\n<meta property=\"og:description\" content=\"Veja em Vagas de Emprego RJ as vagas de emprego com e sem experi\u00eancia no seu Estado e Regi\u00e3o!\" \/>\n<meta property=\"og:url\" content=\"https:\/\/www.vagadeempregorj.com.br\/es\/cnh-social-e-verdade-entenda-mais-sobre-o-programa-social\/\" \/>\n<meta property=\"article:publisher\" content=\"https:\/\/www.facebook.com\/empregobrasiloficial\" \/>\n<meta property=\"article:published_time\" content=\"2024-06-05T04:00:00+00:00\" \/>\n<meta property=\"og:image\" content=\"https:\/\/www.vagadeempregorj.com.br\/wp-content\/uploads\/2024\/06\/image-1.png\" \/>\n\t<meta property=\"og:image:width\" content=\"1200\" \/>\n\t<meta property=\"og:image:height\" content=\"750\" \/>\n\t<meta property=\"og:image:type\" content=\"image\/png\" \/>\n<meta name=\"author\" content=\"Michele\" \/>\n<meta name=\"twitter:card\" content=\"summary_large_image\" \/>\n<meta name=\"twitter:label1\" content=\"Escrito por\" \/>\n\t<meta name=\"twitter:data1\" content=\"Michele\" \/>\n\t<meta name=\"twitter:label2\" content=\"Tiempo de lectura\" \/>\n\t<meta name=\"twitter:data2\" content=\"4 minutos\" \/>\n<script type=\"application\/ld+json\" class=\"yoast-schema-graph\">{\"@context\":\"https:\\\/\\\/schema.org\",\"@graph\":[{\"@type\":\"Article\",\"@id\":\"https:\\\/\\\/www.vagadeempregorj.com.br\\\/cnh-social-e-verdade-entenda-mais-sobre-o-programa-social\\\/#article\",\"isPartOf\":{\"@id\":\"https:\\\/\\\/www.vagadeempregorj.com.br\\\/cnh-social-e-verdade-entenda-mais-sobre-o-programa-social\\\/\"},\"author\":{\"name\":\"Michele\",\"@id\":\"https:\\\/\\\/www.vagadeempregorj.com.br\\\/#\\\/schema\\\/person\\\/3ddb19fa0539706786e502152f3aae95\"},\"headline\":\"CNH Social \u00e9 verdade? Entenda mais sobre o programa social\",\"datePublished\":\"2024-06-05T04:00:00+00:00\",\"mainEntityOfPage\":{\"@id\":\"https:\\\/\\\/www.vagadeempregorj.com.br\\\/cnh-social-e-verdade-entenda-mais-sobre-o-programa-social\\\/\"},\"wordCount\":887,\"image\":{\"@id\":\"https:\\\/\\\/www.vagadeempregorj.com.br\\\/cnh-social-e-verdade-entenda-mais-sobre-o-programa-social\\\/#primaryimage\"},\"thumbnailUrl\":\"https:\\\/\\\/www.vagadeempregorj.com.br\\\/wp-content\\\/uploads\\\/2024\\\/06\\\/image-1.png\",\"articleSection\":[\"Benef\u00edcios Sociais\"],\"inLanguage\":\"es\"},{\"@type\":\"WebPage\",\"@id\":\"https:\\\/\\\/www.vagadeempregorj.com.br\\\/cnh-social-e-verdade-entenda-mais-sobre-o-programa-social\\\/\",\"url\":\"https:\\\/\\\/www.vagadeempregorj.com.br\\\/cnh-social-e-verdade-entenda-mais-sobre-o-programa-social\\\/\",\"name\":\"CNH Social \u00e9 verdade? Entenda mais sobre o programa social -\",\"isPartOf\":{\"@id\":\"https:\\\/\\\/www.vagadeempregorj.com.br\\\/#website\"},\"primaryImageOfPage\":{\"@id\":\"https:\\\/\\\/www.vagadeempregorj.com.br\\\/cnh-social-e-verdade-entenda-mais-sobre-o-programa-social\\\/#primaryimage\"},\"image\":{\"@id\":\"https:\\\/\\\/www.vagadeempregorj.com.br\\\/cnh-social-e-verdade-entenda-mais-sobre-o-programa-social\\\/#primaryimage\"},\"thumbnailUrl\":\"https:\\\/\\\/www.vagadeempregorj.com.br\\\/wp-content\\\/uploads\\\/2024\\\/06\\\/image-1.png\",\"datePublished\":\"2024-06-05T04:00:00+00:00\",\"author\":{\"@id\":\"https:\\\/\\\/www.vagadeempregorj.com.br\\\/#\\\/schema\\\/person\\\/3ddb19fa0539706786e502152f3aae95\"},\"description\":\"Veja em Vagas de Emprego RJ as vagas de emprego com e sem experi\u00eancia no seu Estado e Regi\u00e3o!\",\"breadcrumb\":{\"@id\":\"https:\\\/\\\/www.vagadeempregorj.com.br\\\/cnh-social-e-verdade-entenda-mais-sobre-o-programa-social\\\/#breadcrumb\"},\"inLanguage\":\"es\",\"potentialAction\":[{\"@type\":\"ReadAction\",\"target\":[\"https:\\\/\\\/www.vagadeempregorj.com.br\\\/cnh-social-e-verdade-entenda-mais-sobre-o-programa-social\\\/\"]}]},{\"@type\":\"ImageObject\",\"inLanguage\":\"es\",\"@id\":\"https:\\\/\\\/www.vagadeempregorj.com.br\\\/cnh-social-e-verdade-entenda-mais-sobre-o-programa-social\\\/#primaryimage\",\"url\":\"https:\\\/\\\/www.vagadeempregorj.com.br\\\/wp-content\\\/uploads\\\/2024\\\/06\\\/image-1.png\",\"contentUrl\":\"https:\\\/\\\/www.vagadeempregorj.com.br\\\/wp-content\\\/uploads\\\/2024\\\/06\\\/image-1.png\",\"width\":1200,\"height\":750},{\"@type\":\"BreadcrumbList\",\"@id\":\"https:\\\/\\\/www.vagadeempregorj.com.br\\\/cnh-social-e-verdade-entenda-mais-sobre-o-programa-social\\\/#breadcrumb\",\"itemListElement\":[{\"@type\":\"ListItem\",\"position\":1,\"name\":\"In\u00edcio\",\"item\":\"https:\\\/\\\/www.vagadeempregorj.com.br\\\/\"},{\"@type\":\"ListItem\",\"position\":2,\"name\":\"Benef\u00edcios Sociais\",\"item\":\"https:\\\/\\\/www.vagadeempregorj.com.br\\\/beneficios-sociais\\\/\"},{\"@type\":\"ListItem\",\"position\":3,\"name\":\"CNH Social \u00e9 verdade? Entenda mais sobre o programa social\"}]},{\"@type\":\"WebSite\",\"@id\":\"https:\\\/\\\/www.vagadeempregorj.com.br\\\/#website\",\"url\":\"https:\\\/\\\/www.vagadeempregorj.com.br\\\/\",\"name\":\"\",\"description\":\"Conquiste Sonhos: Vagas, Benef\u00edcios e Economia para Transformar Vidas e Alcan\u00e7ar Melhorias Cotidianas\",\"potentialAction\":[{\"@type\":\"SearchAction\",\"target\":{\"@type\":\"EntryPoint\",\"urlTemplate\":\"https:\\\/\\\/www.vagadeempregorj.com.br\\\/?s={search_term_string}\"},\"query-input\":{\"@type\":\"PropertyValueSpecification\",\"valueRequired\":true,\"valueName\":\"search_term_string\"}}],\"inLanguage\":\"es\"},{\"@type\":\"Person\",\"@id\":\"https:\\\/\\\/www.vagadeempregorj.com.br\\\/#\\\/schema\\\/person\\\/3ddb19fa0539706786e502152f3aae95\",\"name\":\"Michele\",\"image\":{\"@type\":\"ImageObject\",\"inLanguage\":\"es\",\"@id\":\"https:\\\/\\\/secure.gravatar.com\\\/avatar\\\/6b0eb9d22841282815e2cd856a0061c45e1761cd54b22e952d98c4746939aa85?s=96&r=g\",\"url\":\"https:\\\/\\\/secure.gravatar.com\\\/avatar\\\/6b0eb9d22841282815e2cd856a0061c45e1761cd54b22e952d98c4746939aa85?s=96&r=g\",\"contentUrl\":\"https:\\\/\\\/secure.gravatar.com\\\/avatar\\\/6b0eb9d22841282815e2cd856a0061c45e1761cd54b22e952d98c4746939aa85?s=96&r=g\",\"caption\":\"Michele\"},\"description\":\"Formada em Letras - Portugu\u00eas\\\/ Ingl\u00eas, e idealizadora do site Escritora de Sucesso, busca expandir o conhecimento de todos com informa\u00e7\u00f5es relevantes sobre diversos assuntos, enquanto redatora. No Vaga de Emprego RJ, traz oportunidades e dicas sobre o mercado de trabalho.\",\"url\":\"https:\\\/\\\/www.vagadeempregorj.com.br\\\/es\\\/author\\\/michele\\\/\"}]}<\/script>\n<!-- \/ Yoast SEO plugin. -->","yoast_head_json":{"title":"CNH Social \u00e9 verdade? Entenda mais sobre o programa social -","description":"Veja em Vagas de Emprego RJ as vagas de emprego com e sem experi\u00eancia no seu Estado e Regi\u00e3o!","robots":{"index":"index","follow":"follow","max-snippet":"max-snippet:-1","max-image-preview":"max-image-preview:large","max-video-preview":"max-video-preview:-1"},"canonical":"https:\/\/www.vagadeempregorj.com.br\/es\/cnh-social-e-verdade-entenda-mais-sobre-o-programa-social\/","og_locale":"es_MX","og_type":"article","og_title":"CNH Social \u00e9 verdade? Entenda mais sobre o programa social -","og_description":"Veja em Vagas de Emprego RJ as vagas de emprego com e sem experi\u00eancia no seu Estado e Regi\u00e3o!","og_url":"https:\/\/www.vagadeempregorj.com.br\/es\/cnh-social-e-verdade-entenda-mais-sobre-o-programa-social\/","article_publisher":"https:\/\/www.facebook.com\/empregobrasiloficial","article_published_time":"2024-06-05T04:00:00+00:00","og_image":[{"width":1200,"height":750,"url":"https:\/\/www.vagadeempregorj.com.br\/wp-content\/uploads\/2024\/06\/image-1.png","type":"image\/png"}],"author":"Michele","twitter_card":"summary_large_image","twitter_misc":{"Escrito por":"Michele","Tiempo de lectura":"4 minutos"},"schema":{"@context":"https:\/\/schema.org","@graph":[{"@type":"Article","@id":"https:\/\/www.vagadeempregorj.com.br\/cnh-social-e-verdade-entenda-mais-sobre-o-programa-social\/#article","isPartOf":{"@id":"https:\/\/www.vagadeempregorj.com.br\/cnh-social-e-verdade-entenda-mais-sobre-o-programa-social\/"},"author":{"name":"Michele","@id":"https:\/\/www.vagadeempregorj.com.br\/#\/schema\/person\/3ddb19fa0539706786e502152f3aae95"},"headline":"CNH Social \u00e9 verdade? Entenda mais sobre o programa social","datePublished":"2024-06-05T04:00:00+00:00","mainEntityOfPage":{"@id":"https:\/\/www.vagadeempregorj.com.br\/cnh-social-e-verdade-entenda-mais-sobre-o-programa-social\/"},"wordCount":887,"image":{"@id":"https:\/\/www.vagadeempregorj.com.br\/cnh-social-e-verdade-entenda-mais-sobre-o-programa-social\/#primaryimage"},"thumbnailUrl":"https:\/\/www.vagadeempregorj.com.br\/wp-content\/uploads\/2024\/06\/image-1.png","articleSection":["Benef\u00edcios Sociais"],"inLanguage":"es"},{"@type":"WebPage","@id":"https:\/\/www.vagadeempregorj.com.br\/cnh-social-e-verdade-entenda-mais-sobre-o-programa-social\/","url":"https:\/\/www.vagadeempregorj.com.br\/cnh-social-e-verdade-entenda-mais-sobre-o-programa-social\/","name":"CNH Social \u00e9 verdade? Entenda mais sobre o programa social -","isPartOf":{"@id":"https:\/\/www.vagadeempregorj.com.br\/#website"},"primaryImageOfPage":{"@id":"https:\/\/www.vagadeempregorj.com.br\/cnh-social-e-verdade-entenda-mais-sobre-o-programa-social\/#primaryimage"},"image":{"@id":"https:\/\/www.vagadeempregorj.com.br\/cnh-social-e-verdade-entenda-mais-sobre-o-programa-social\/#primaryimage"},"thumbnailUrl":"https:\/\/www.vagadeempregorj.com.br\/wp-content\/uploads\/2024\/06\/image-1.png","datePublished":"2024-06-05T04:00:00+00:00","author":{"@id":"https:\/\/www.vagadeempregorj.com.br\/#\/schema\/person\/3ddb19fa0539706786e502152f3aae95"},"description":"Veja em Vagas de Emprego RJ as vagas de emprego com e sem experi\u00eancia no seu Estado e Regi\u00e3o!","breadcrumb":{"@id":"https:\/\/www.vagadeempregorj.com.br\/cnh-social-e-verdade-entenda-mais-sobre-o-programa-social\/#breadcrumb"},"inLanguage":"es","potentialAction":[{"@type":"ReadAction","target":["https:\/\/www.vagadeempregorj.com.br\/cnh-social-e-verdade-entenda-mais-sobre-o-programa-social\/"]}]},{"@type":"ImageObject","inLanguage":"es","@id":"https:\/\/www.vagadeempregorj.com.br\/cnh-social-e-verdade-entenda-mais-sobre-o-programa-social\/#primaryimage","url":"https:\/\/www.vagadeempregorj.com.br\/wp-content\/uploads\/2024\/06\/image-1.png","contentUrl":"https:\/\/www.vagadeempregorj.com.br\/wp-content\/uploads\/2024\/06\/image-1.png","width":1200,"height":750},{"@type":"BreadcrumbList","@id":"https:\/\/www.vagadeempregorj.com.br\/cnh-social-e-verdade-entenda-mais-sobre-o-programa-social\/#breadcrumb","itemListElement":[{"@type":"ListItem","position":1,"name":"In\u00edcio","item":"https:\/\/www.vagadeempregorj.com.br\/"},{"@type":"ListItem","position":2,"name":"Benef\u00edcios Sociais","item":"https:\/\/www.vagadeempregorj.com.br\/beneficios-sociais\/"},{"@type":"ListItem","position":3,"name":"CNH Social \u00e9 verdade? Entenda mais sobre o programa social"}]},{"@type":"WebSite","@id":"https:\/\/www.vagadeempregorj.com.br\/#website","url":"https:\/\/www.vagadeempregorj.com.br\/","name":"","description":"Haz realidad tus sue\u00f1os: Ofertas de empleo, beneficios y ahorros para transformar vidas y lograr mejoras cotidianas.","potentialAction":[{"@type":"SearchAction","target":{"@type":"EntryPoint","urlTemplate":"https:\/\/www.vagadeempregorj.com.br\/?s={search_term_string}"},"query-input":{"@type":"PropertyValueSpecification","valueRequired":true,"valueName":"search_term_string"}}],"inLanguage":"es"},{"@type":"Person","@id":"https:\/\/www.vagadeempregorj.com.br\/#\/schema\/person\/3ddb19fa0539706786e502152f3aae95","name":"Michele","image":{"@type":"ImageObject","inLanguage":"es","@id":"https:\/\/secure.gravatar.com\/avatar\/6b0eb9d22841282815e2cd856a0061c45e1761cd54b22e952d98c4746939aa85?s=96&r=g","url":"https:\/\/secure.gravatar.com\/avatar\/6b0eb9d22841282815e2cd856a0061c45e1761cd54b22e952d98c4746939aa85?s=96&r=g","contentUrl":"https:\/\/secure.gravatar.com\/avatar\/6b0eb9d22841282815e2cd856a0061c45e1761cd54b22e952d98c4746939aa85?s=96&r=g","caption":"Michele"},"description":"Formada em Letras - Portugu\u00eas\/ Ingl\u00eas, e idealizadora do site Escritora de Sucesso, busca expandir o conhecimento de todos com informa\u00e7\u00f5es relevantes sobre diversos assuntos, enquanto redatora. No Vaga de Emprego RJ, traz oportunidades e dicas sobre o mercado de trabalho.","url":"https:\/\/www.vagadeempregorj.com.br\/es\/author\/michele\/"}]}},"_links":{"self":[{"href":"https:\/\/www.vagadeempregorj.com.br\/es\/wp-json\/wp\/v2\/posts\/39693","targetHints":{"allow":["GET"]}}],"collection":[{"href":"https:\/\/www.vagadeempregorj.com.br\/es\/wp-json\/wp\/v2\/posts"}],"about":[{"href":"https:\/\/www.vagadeempregorj.com.br\/es\/wp-json\/wp\/v2\/types\/post"}],"author":[{"embeddable":true,"href":"https:\/\/www.vagadeempregorj.com.br\/es\/wp-json\/wp\/v2\/users\/16"}],"replies":[{"embeddable":true,"href":"https:\/\/www.vagadeempregorj.com.br\/es\/wp-json\/wp\/v2\/comments?post=39693"}],"version-history":[{"count":0,"href":"https:\/\/www.vagadeempregorj.com.br\/es\/wp-json\/wp\/v2\/posts\/39693\/revisions"}],"wp:featuredmedia":[{"embeddable":true,"href":"https:\/\/www.vagadeempregorj.com.br\/es\/wp-json\/wp\/v2\/media\/39705"}],"wp:attachment":[{"href":"https:\/\/www.vagadeempregorj.com.br\/es\/wp-json\/wp\/v2\/media?parent=39693"}],"wp:term":[{"taxonomy":"category","embeddable":true,"href":"https:\/\/www.vagadeempregorj.com.br\/es\/wp-json\/wp\/v2\/categories?post=39693"},{"taxonomy":"post_tag","embeddable":true,"href":"https:\/\/www.vagadeempregorj.com.br\/es\/wp-json\/wp\/v2\/tags?post=39693"}],"curies":[{"name":"wp","href":"https:\/\/api.w.org\/{rel}","templated":true}]}}