{"id":39770,"date":"2024-06-17T01:00:00","date_gmt":"2024-06-17T04:00:00","guid":{"rendered":"https:\/\/www.vagadeempregorj.com.br\/?p=39770"},"modified":"2024-06-15T23:14:26","modified_gmt":"2024-06-16T02:14:26","slug":"vagas-de-emprego-na-shein-novas-oportunidades-abertas","status":"publish","type":"post","link":"https:\/\/www.vagadeempregorj.com.br\/es\/vagas-de-emprego-na-shein-novas-oportunidades-abertas\/","title":{"rendered":"Vagas de emprego na Shein: NOVAS oportunidades abertas"},"content":{"rendered":"<p>Nos \u00faltimos anos, a Shein se consolidou como uma das maiores varejistas de moda online do mundo. Com um crescimento exponencial, a empresa est\u00e1 constantemente em busca de novos talentos para integrar sua equipe global. Recentemente, a Shein anunciou uma s\u00e9rie de novas oportunidades de emprego, abrindo vagas em diversas \u00e1reas.<\/p>\n\n\n\n<h2 class=\"wp-block-heading\">Sobre a Shein<\/h2>\n\n\n\n<p>Fundada em 2008, a Shein \u00e9 uma empresa chinesa que se especializou na venda de roupas, acess\u00f3rios e produtos de moda pela internet. Com uma presen\u00e7a significativa em mais de 220 pa\u00edses, a Shein se destaca por oferecer uma vasta gama de produtos a pre\u00e7os acess\u00edveis.&nbsp;<\/p>\n\n\n\n<p>A empresa utiliza tecnologias avan\u00e7adas de intelig\u00eancia artificial e big data para prever tend\u00eancias de moda e ajustar seu estoque em tempo real, garantindo que os consumidores sempre encontrem as \u00faltimas novidades.<\/p>\n\n\n\n<h2 class=\"wp-block-heading\">Oportunidades de Emprego na Shein<\/h2>\n\n\n\n<p>A Shein est\u00e1 divulgando diversas <a href=\"https:\/\/careers.shein.com\/\">vagas abertas<\/a>, abrangendo diferentes \u00e1reas e n\u00edveis de experi\u00eancia. Veja algumas das principais oportunidades dispon\u00edveis:<\/p>\n\n\n\n<h3 class=\"wp-block-heading\">Desenvolvedor de Software<\/h3>\n\n\n\n<p>A Shein est\u00e1 buscando desenvolvedores de software talentosos para integrar sua equipe de tecnologia. Os candidatos ideais devem ter experi\u00eancia em programa\u00e7\u00e3o, conhecimento em linguagens como Java, Python ou C++ e familiaridade com metodologias \u00e1geis.<\/p>\n\n\n\n<p>Responsabilidades:<\/p>\n\n\n\n<ul class=\"wp-block-list\">\n<li>Desenvolver e manter sistemas de e-commerce<\/li>\n\n\n\n<li>Colaborar com equipes multidisciplinares para implementar novas funcionalidades<\/li>\n\n\n\n<li>Garantir a escalabilidade e performance dos sistemas<\/li>\n<\/ul>\n\n\n\n<figure class=\"wp-block-image size-large\"><img loading=\"lazy\" decoding=\"async\" width=\"1024\" height=\"615\" src=\"https:\/\/www.vagadeempregorj.com.br\/wp-content\/uploads\/2024\/06\/image-21-1024x615.png\" alt=\"\" class=\"wp-image-39776\" srcset=\"https:\/\/www.vagadeempregorj.com.br\/wp-content\/uploads\/2024\/06\/image-21-1024x615.png 1024w, https:\/\/www.vagadeempregorj.com.br\/wp-content\/uploads\/2024\/06\/image-21-300x180.png 300w, https:\/\/www.vagadeempregorj.com.br\/wp-content\/uploads\/2024\/06\/image-21-768x461.png 768w, https:\/\/www.vagadeempregorj.com.br\/wp-content\/uploads\/2024\/06\/image-21-150x90.png 150w, https:\/\/www.vagadeempregorj.com.br\/wp-content\/uploads\/2024\/06\/image-21.png 1200w\" sizes=\"auto, (max-width: 1024px) 100vw, 1024px\" \/><\/figure>\n\n\n\n<h3 class=\"wp-block-heading\">Especialista em Marketing Digital<\/h3>\n\n\n\n<p>A Shein est\u00e1 \u00e0 procura de especialistas em marketing digital para ajudar a expandir sua presen\u00e7a online. Os candidatos devem ter experi\u00eancia em SEO, SEM, gest\u00e3o de redes sociais e campanhas de marketing digital.<\/p>\n\n\n\n<p>Responsabilidades:<\/p>\n\n\n\n<ul class=\"wp-block-list\">\n<li>Planejar e executar campanhas de marketing digital<\/li>\n\n\n\n<li>Analisar m\u00e9tricas e ajustar estrat\u00e9gias conforme necess\u00e1rio<\/li>\n\n\n\n<li>Colaborar com a equipe de design para criar conte\u00fados atrativos<\/li>\n<\/ul>\n\n\n\n<h3 class=\"wp-block-heading\">Analista de Dados<\/h3>\n\n\n\n<p>A Shein valoriza a tomada de decis\u00f5es baseada em dados e est\u00e1 em busca de analistas de dados para integrar sua equipe. Os candidatos devem ter forte habilidade anal\u00edtica, experi\u00eancia em ferramentas de an\u00e1lise de dados como SQL, Python e Tableau.<\/p>\n\n\n\n<p>Responsabilidades:<\/p>\n\n\n\n<ul class=\"wp-block-list\">\n<li>Coletar e analisar dados de vendas e marketing<\/li>\n\n\n\n<li>Identificar tend\u00eancias e oportunidades de melhoria<\/li>\n\n\n\n<li>Apresentar relat\u00f3rios e recomenda\u00e7\u00f5es para a alta gest\u00e3o<\/li>\n<\/ul>\n\n\n\n<h3 class=\"wp-block-heading\">Designer de Moda<\/h3>\n\n\n\n<p>A Shein est\u00e1 procurando designers de moda criativos e inovadores para ajudar a expandir sua linha de produtos. Os candidatos devem ter experi\u00eancia em design de moda, conhecimento das tend\u00eancias atuais e habilidades em softwares de design como Adobe Illustrator e Photoshop.<\/p>\n\n\n\n<p>Responsabilidades:<\/p>\n\n\n\n<ul class=\"wp-block-list\">\n<li>Criar novas cole\u00e7\u00f5es de moda<\/li>\n\n\n\n<li>Colaborar com a equipe de produ\u00e7\u00e3o para garantir a qualidade dos produtos<\/li>\n\n\n\n<li>Pesquisar tend\u00eancias e trazer novas ideias para a linha de produtos<\/li>\n<\/ul>\n\n\n\n<h3 class=\"wp-block-heading\">Gerente de Log\u00edstica<\/h3>\n\n\n\n<p>Para garantir que os produtos cheguem aos clientes de maneira eficiente, a Shein est\u00e1 contratando gerentes de log\u00edstica. Os candidatos devem ter experi\u00eancia em gest\u00e3o de cadeia de suprimentos, habilidades em planejamento e organiza\u00e7\u00e3o, e conhecimento em sistemas ERP.<\/p>\n\n\n\n<p>Responsabilidades:<\/p>\n\n\n\n<ul class=\"wp-block-list\">\n<li>Gerenciar a distribui\u00e7\u00e3o de produtos<\/li>\n\n\n\n<li>Coordenar com fornecedores e transportadoras<\/li>\n\n\n\n<li>Otimizar processos log\u00edsticos para reduzir custos e melhorar a efici\u00eancia<\/li>\n<\/ul>\n\n\n\n<h2 class=\"wp-block-heading\">Benef\u00edcios de Trabalhar na Shein<\/h2>\n\n\n\n<p>A Shein oferece uma s\u00e9rie de benef\u00edcios atraentes para seus funcion\u00e1rios. Aqui est\u00e3o alguns dos principais:<\/p>\n\n\n\n<h3 class=\"wp-block-heading\">Ambiente de Trabalho Inovador<\/h3>\n\n\n\n<p>A Shein valoriza a inova\u00e7\u00e3o e a criatividade, proporcionando um ambiente de trabalho din\u00e2mico e estimulante. Os funcion\u00e1rios s\u00e3o incentivados a pensar fora da caixa e trazer novas ideias para melhorar os processos e produtos.<\/p>\n\n\n\n<h3 class=\"wp-block-heading\">Crescimento Profissional<\/h3>\n\n\n\n<p>A empresa investe no desenvolvimento profissional de seus colaboradores, oferecendo programas de treinamento e oportunidades de crescimento na carreira. Funcion\u00e1rios dedicados e talentosos t\u00eam a chance de subir na hierarquia e assumir posi\u00e7\u00f5es de lideran\u00e7a.<\/p>\n\n\n\n<h3 class=\"wp-block-heading\">Remunera\u00e7\u00e3o Competitiva<\/h3>\n\n\n\n<p>A Shein oferece sal\u00e1rios competitivos e pacotes de benef\u00edcios abrangentes, que incluem seguro de sa\u00fade, plano odontol\u00f3gico, e b\u00f4nus baseados em desempenho. Al\u00e9m disso, a empresa oferece descontos exclusivos em seus produtos para os funcion\u00e1rios.<\/p>\n\n\n\n<h3 class=\"wp-block-heading\">Cultura Inclusiva<\/h3>\n\n\n\n<p>A Shein se orgulha de ter uma cultura de trabalho inclusiva e diversificada. A empresa promove a igualdade de oportunidades e valoriza a diversidade em todas as suas formas, garantindo um ambiente acolhedor para todos os funcion\u00e1rios.<\/p>\n\n\n\n<h2 class=\"wp-block-heading\">Dicas para se Candidatar<\/h2>\n\n\n\n<p>Se voc\u00ea est\u00e1 interessado em uma das vagas na Shein, aqui est\u00e3o algumas dicas para aumentar suas chances de sucesso:<\/p>\n\n\n\n<h3 class=\"wp-block-heading\">Personalize seu Curr\u00edculo<\/h3>\n\n\n\n<p>Certifique-se de que seu curr\u00edculo est\u00e1 atualizado e alinhado com a vaga para a qual voc\u00ea est\u00e1 se candidatando. Destaque suas experi\u00eancias e habilidades mais relevantes para o cargo.<\/p>\n\n\n\n<h3 class=\"wp-block-heading\">Prepare-se para a Entrevista<\/h3>\n\n\n\n<p>Pesquise sobre a Shein e esteja preparado para discutir como suas habilidades e experi\u00eancias se alinham com os objetivos e valores da empresa. Pratique respostas para perguntas comuns de entrevistas e esteja pronto para demonstrar seu entusiasmo pela oportunidade.<\/p>\n\n\n\n<h3 class=\"wp-block-heading\">Destaque suas Habilidades T\u00e9cnicas<\/h3>\n\n\n\n<p>Para cargos t\u00e9cnicos, \u00e9 essencial demonstrar suas habilidades e conhecimentos espec\u00edficos. Inclua exemplos de projetos anteriores e esteja pronto para discutir detalhes t\u00e9cnicos durante a entrevista.<\/p>\n\n\n\n<h3 class=\"wp-block-heading\">Mostre sua Criatividade<\/h3>\n\n\n\n<p>Para cargos em \u00e1reas como design de moda e marketing, sua criatividade \u00e9 uma das qualidades mais importantes. Traga portf\u00f3lios, amostras de trabalhos e exemplos de campanhas ou designs que voc\u00ea criou para mostrar seu talento.<\/p>\n\n\n\n<h3 class=\"wp-block-heading\">Seja Proativo<\/h3>\n\n\n\n<p>Se voc\u00ea n\u00e3o encontrar uma vaga espec\u00edfica que corresponda \u00e0s suas habilidades, considere enviar uma candidatura espont\u00e2nea. Demonstre seu interesse pela empresa e explique como voc\u00ea acredita que pode contribuir para o sucesso da Shein.<\/p>\n\n\n\n<h2 class=\"wp-block-heading\">Uma empresa inovadora<\/h2>\n\n\n\n<p>A Shein oferece in\u00fameras oportunidades para profissionais talentosos que desejam fazer parte de uma empresa inovadora e em r\u00e1pido crescimento. Com uma ampla variedade de vagas abertas, benef\u00edcios atraentes e um ambiente de trabalho din\u00e2mico, a Shein \u00e9 um excelente lugar para desenvolver sua carreira. Se voc\u00ea est\u00e1 pronto para um novo desafio, n\u00e3o perca tempo e envie sua candidatura hoje mesmo!<\/p>\n\n\n\n<p><strong>Veja tamb\u00e9m: <a href=\"https:\/\/www.vagadeempregorj.com.br\/es\/vagas-de-emprego-na-energisa-mais-de-80-oportunidades-abertas\/\">Vagas de emprego na Energisa: Mais de 80 oportunidades abertas<\/a><\/strong><\/p>\n\n\n\n<p>17 de junho de 2024<\/p>","protected":false},"excerpt":{"rendered":"<p>Nos \u00faltimos anos, a Shein se consolidou como uma das maiores varejistas de moda online do mundo. Com um crescimento exponencial, a empresa est\u00e1 constantemente em busca de novos talentos para integrar sua equipe global. Recentemente, a Shein anunciou uma s\u00e9rie de novas oportunidades de emprego, abrindo vagas em diversas \u00e1reas. Sobre a Shein Fundada&hellip;&nbsp;<\/p>","protected":false},"author":16,"featured_media":39776,"comment_status":"closed","ping_status":"closed","sticky":false,"template":"","format":"standard","meta":{"neve_meta_sidebar":"","neve_meta_container":"","neve_meta_enable_content_width":"","neve_meta_content_width":0,"neve_meta_title_alignment":"","neve_meta_author_avatar":"","neve_post_elements_order":"","neve_meta_disable_header":"","neve_meta_disable_footer":"","neve_meta_disable_title":"","footnotes":""},"categories":[123],"tags":[830,608],"class_list":["post-39770","post","type-post","status-publish","format-standard","has-post-thumbnail","hentry","category-vagas-de-emprego-nacionais","tag-empregos","tag-oportunidades"],"yoast_head":"<!-- This site is optimized with the Yoast SEO plugin v27.5 - https:\/\/yoast.com\/product\/yoast-seo-wordpress\/ -->\n<title>Vagas de emprego na Shein: NOVAS oportunidades abertas -<\/title>\n<meta name=\"description\" content=\"Veja em Vagas de Emprego RJ as vagas de emprego com e sem experi\u00eancia no seu Estado e Regi\u00e3o!\" \/>\n<meta name=\"robots\" content=\"index, follow, max-snippet:-1, max-image-preview:large, max-video-preview:-1\" \/>\n<link rel=\"canonical\" href=\"https:\/\/www.vagadeempregorj.com.br\/es\/vagas-de-emprego-na-shein-novas-oportunidades-abertas\/\" \/>\n<meta property=\"og:locale\" content=\"es_MX\" \/>\n<meta property=\"og:type\" content=\"article\" \/>\n<meta property=\"og:title\" content=\"Vagas de emprego na Shein: NOVAS oportunidades abertas -\" \/>\n<meta property=\"og:description\" content=\"Veja em Vagas de Emprego RJ as vagas de emprego com e sem experi\u00eancia no seu Estado e Regi\u00e3o!\" \/>\n<meta property=\"og:url\" content=\"https:\/\/www.vagadeempregorj.com.br\/es\/vagas-de-emprego-na-shein-novas-oportunidades-abertas\/\" \/>\n<meta property=\"article:publisher\" content=\"https:\/\/www.facebook.com\/empregobrasiloficial\" \/>\n<meta property=\"article:published_time\" content=\"2024-06-17T04:00:00+00:00\" \/>\n<meta property=\"og:image\" content=\"https:\/\/www.vagadeempregorj.com.br\/wp-content\/uploads\/2024\/06\/image-21.png\" \/>\n\t<meta property=\"og:image:width\" content=\"1200\" \/>\n\t<meta property=\"og:image:height\" content=\"721\" \/>\n\t<meta property=\"og:image:type\" content=\"image\/png\" \/>\n<meta name=\"author\" content=\"Michele\" \/>\n<meta name=\"twitter:card\" content=\"summary_large_image\" \/>\n<meta name=\"twitter:label1\" content=\"Written by\" \/>\n\t<meta name=\"twitter:data1\" content=\"Michele\" \/>\n\t<meta name=\"twitter:label2\" content=\"Est. reading time\" \/>\n\t<meta name=\"twitter:data2\" content=\"5 minutos\" \/>\n<script type=\"application\/ld+json\" class=\"yoast-schema-graph\">{\"@context\":\"https:\\\/\\\/schema.org\",\"@graph\":[{\"@type\":\"Article\",\"@id\":\"https:\\\/\\\/www.vagadeempregorj.com.br\\\/vagas-de-emprego-na-shein-novas-oportunidades-abertas\\\/#article\",\"isPartOf\":{\"@id\":\"https:\\\/\\\/www.vagadeempregorj.com.br\\\/vagas-de-emprego-na-shein-novas-oportunidades-abertas\\\/\"},\"author\":{\"name\":\"Michele\",\"@id\":\"https:\\\/\\\/www.vagadeempregorj.com.br\\\/#\\\/schema\\\/person\\\/3ddb19fa0539706786e502152f3aae95\"},\"headline\":\"Vagas de emprego na Shein: NOVAS oportunidades abertas\",\"datePublished\":\"2024-06-17T04:00:00+00:00\",\"mainEntityOfPage\":{\"@id\":\"https:\\\/\\\/www.vagadeempregorj.com.br\\\/vagas-de-emprego-na-shein-novas-oportunidades-abertas\\\/\"},\"wordCount\":1026,\"image\":{\"@id\":\"https:\\\/\\\/www.vagadeempregorj.com.br\\\/vagas-de-emprego-na-shein-novas-oportunidades-abertas\\\/#primaryimage\"},\"thumbnailUrl\":\"https:\\\/\\\/www.vagadeempregorj.com.br\\\/wp-content\\\/uploads\\\/2024\\\/06\\\/image-21.png\",\"keywords\":[\"empregos\",\"oportunidades\"],\"articleSection\":[\"Vagas de Emprego Nacionais\"],\"inLanguage\":\"es\"},{\"@type\":\"WebPage\",\"@id\":\"https:\\\/\\\/www.vagadeempregorj.com.br\\\/vagas-de-emprego-na-shein-novas-oportunidades-abertas\\\/\",\"url\":\"https:\\\/\\\/www.vagadeempregorj.com.br\\\/vagas-de-emprego-na-shein-novas-oportunidades-abertas\\\/\",\"name\":\"Vagas de emprego na Shein: NOVAS oportunidades abertas -\",\"isPartOf\":{\"@id\":\"https:\\\/\\\/www.vagadeempregorj.com.br\\\/#website\"},\"primaryImageOfPage\":{\"@id\":\"https:\\\/\\\/www.vagadeempregorj.com.br\\\/vagas-de-emprego-na-shein-novas-oportunidades-abertas\\\/#primaryimage\"},\"image\":{\"@id\":\"https:\\\/\\\/www.vagadeempregorj.com.br\\\/vagas-de-emprego-na-shein-novas-oportunidades-abertas\\\/#primaryimage\"},\"thumbnailUrl\":\"https:\\\/\\\/www.vagadeempregorj.com.br\\\/wp-content\\\/uploads\\\/2024\\\/06\\\/image-21.png\",\"datePublished\":\"2024-06-17T04:00:00+00:00\",\"author\":{\"@id\":\"https:\\\/\\\/www.vagadeempregorj.com.br\\\/#\\\/schema\\\/person\\\/3ddb19fa0539706786e502152f3aae95\"},\"description\":\"Veja em Vagas de Emprego RJ as vagas de emprego com e sem experi\u00eancia no seu Estado e Regi\u00e3o!\",\"breadcrumb\":{\"@id\":\"https:\\\/\\\/www.vagadeempregorj.com.br\\\/vagas-de-emprego-na-shein-novas-oportunidades-abertas\\\/#breadcrumb\"},\"inLanguage\":\"es\",\"potentialAction\":[{\"@type\":\"ReadAction\",\"target\":[\"https:\\\/\\\/www.vagadeempregorj.com.br\\\/vagas-de-emprego-na-shein-novas-oportunidades-abertas\\\/\"]}]},{\"@type\":\"ImageObject\",\"inLanguage\":\"es\",\"@id\":\"https:\\\/\\\/www.vagadeempregorj.com.br\\\/vagas-de-emprego-na-shein-novas-oportunidades-abertas\\\/#primaryimage\",\"url\":\"https:\\\/\\\/www.vagadeempregorj.com.br\\\/wp-content\\\/uploads\\\/2024\\\/06\\\/image-21.png\",\"contentUrl\":\"https:\\\/\\\/www.vagadeempregorj.com.br\\\/wp-content\\\/uploads\\\/2024\\\/06\\\/image-21.png\",\"width\":1200,\"height\":721},{\"@type\":\"BreadcrumbList\",\"@id\":\"https:\\\/\\\/www.vagadeempregorj.com.br\\\/vagas-de-emprego-na-shein-novas-oportunidades-abertas\\\/#breadcrumb\",\"itemListElement\":[{\"@type\":\"ListItem\",\"position\":1,\"name\":\"In\u00edcio\",\"item\":\"https:\\\/\\\/www.vagadeempregorj.com.br\\\/\"},{\"@type\":\"ListItem\",\"position\":2,\"name\":\"Vagas de Emprego Nacionais\",\"item\":\"https:\\\/\\\/www.vagadeempregorj.com.br\\\/vagas-de-emprego-nacionais\\\/\"},{\"@type\":\"ListItem\",\"position\":3,\"name\":\"Vagas de emprego na Shein: NOVAS oportunidades abertas\"}]},{\"@type\":\"WebSite\",\"@id\":\"https:\\\/\\\/www.vagadeempregorj.com.br\\\/#website\",\"url\":\"https:\\\/\\\/www.vagadeempregorj.com.br\\\/\",\"name\":\"\",\"description\":\"Conquiste Sonhos: Vagas, Benef\u00edcios e Economia para Transformar Vidas e Alcan\u00e7ar Melhorias Cotidianas\",\"potentialAction\":[{\"@type\":\"SearchAction\",\"target\":{\"@type\":\"EntryPoint\",\"urlTemplate\":\"https:\\\/\\\/www.vagadeempregorj.com.br\\\/?s={search_term_string}\"},\"query-input\":{\"@type\":\"PropertyValueSpecification\",\"valueRequired\":true,\"valueName\":\"search_term_string\"}}],\"inLanguage\":\"es\"},{\"@type\":\"Person\",\"@id\":\"https:\\\/\\\/www.vagadeempregorj.com.br\\\/#\\\/schema\\\/person\\\/3ddb19fa0539706786e502152f3aae95\",\"name\":\"Michele\",\"image\":{\"@type\":\"ImageObject\",\"inLanguage\":\"es\",\"@id\":\"https:\\\/\\\/secure.gravatar.com\\\/avatar\\\/6b0eb9d22841282815e2cd856a0061c45e1761cd54b22e952d98c4746939aa85?s=96&r=g\",\"url\":\"https:\\\/\\\/secure.gravatar.com\\\/avatar\\\/6b0eb9d22841282815e2cd856a0061c45e1761cd54b22e952d98c4746939aa85?s=96&r=g\",\"contentUrl\":\"https:\\\/\\\/secure.gravatar.com\\\/avatar\\\/6b0eb9d22841282815e2cd856a0061c45e1761cd54b22e952d98c4746939aa85?s=96&r=g\",\"caption\":\"Michele\"},\"description\":\"Formada em Letras - Portugu\u00eas\\\/ Ingl\u00eas, e idealizadora do site Escritora de Sucesso, busca expandir o conhecimento de todos com informa\u00e7\u00f5es relevantes sobre diversos assuntos, enquanto redatora. No Vaga de Emprego RJ, traz oportunidades e dicas sobre o mercado de trabalho.\",\"url\":\"https:\\\/\\\/www.vagadeempregorj.com.br\\\/es\\\/author\\\/michele\\\/\"}]}<\/script>\n<!-- \/ Yoast SEO plugin. -->","yoast_head_json":{"title":"Vagas de emprego na Shein: NOVAS oportunidades abertas -","description":"Veja em Vagas de Emprego RJ as vagas de emprego com e sem experi\u00eancia no seu Estado e Regi\u00e3o!","robots":{"index":"index","follow":"follow","max-snippet":"max-snippet:-1","max-image-preview":"max-image-preview:large","max-video-preview":"max-video-preview:-1"},"canonical":"https:\/\/www.vagadeempregorj.com.br\/es\/vagas-de-emprego-na-shein-novas-oportunidades-abertas\/","og_locale":"es_MX","og_type":"article","og_title":"Vagas de emprego na Shein: NOVAS oportunidades abertas -","og_description":"Veja em Vagas de Emprego RJ as vagas de emprego com e sem experi\u00eancia no seu Estado e Regi\u00e3o!","og_url":"https:\/\/www.vagadeempregorj.com.br\/es\/vagas-de-emprego-na-shein-novas-oportunidades-abertas\/","article_publisher":"https:\/\/www.facebook.com\/empregobrasiloficial","article_published_time":"2024-06-17T04:00:00+00:00","og_image":[{"width":1200,"height":721,"url":"https:\/\/www.vagadeempregorj.com.br\/wp-content\/uploads\/2024\/06\/image-21.png","type":"image\/png"}],"author":"Michele","twitter_card":"summary_large_image","twitter_misc":{"Written by":"Michele","Est. reading time":"5 minutos"},"schema":{"@context":"https:\/\/schema.org","@graph":[{"@type":"Article","@id":"https:\/\/www.vagadeempregorj.com.br\/vagas-de-emprego-na-shein-novas-oportunidades-abertas\/#article","isPartOf":{"@id":"https:\/\/www.vagadeempregorj.com.br\/vagas-de-emprego-na-shein-novas-oportunidades-abertas\/"},"author":{"name":"Michele","@id":"https:\/\/www.vagadeempregorj.com.br\/#\/schema\/person\/3ddb19fa0539706786e502152f3aae95"},"headline":"Vagas de emprego na Shein: NOVAS oportunidades abertas","datePublished":"2024-06-17T04:00:00+00:00","mainEntityOfPage":{"@id":"https:\/\/www.vagadeempregorj.com.br\/vagas-de-emprego-na-shein-novas-oportunidades-abertas\/"},"wordCount":1026,"image":{"@id":"https:\/\/www.vagadeempregorj.com.br\/vagas-de-emprego-na-shein-novas-oportunidades-abertas\/#primaryimage"},"thumbnailUrl":"https:\/\/www.vagadeempregorj.com.br\/wp-content\/uploads\/2024\/06\/image-21.png","keywords":["empregos","oportunidades"],"articleSection":["Vagas de Emprego Nacionais"],"inLanguage":"es"},{"@type":"WebPage","@id":"https:\/\/www.vagadeempregorj.com.br\/vagas-de-emprego-na-shein-novas-oportunidades-abertas\/","url":"https:\/\/www.vagadeempregorj.com.br\/vagas-de-emprego-na-shein-novas-oportunidades-abertas\/","name":"Vagas de emprego na Shein: NOVAS oportunidades abertas -","isPartOf":{"@id":"https:\/\/www.vagadeempregorj.com.br\/#website"},"primaryImageOfPage":{"@id":"https:\/\/www.vagadeempregorj.com.br\/vagas-de-emprego-na-shein-novas-oportunidades-abertas\/#primaryimage"},"image":{"@id":"https:\/\/www.vagadeempregorj.com.br\/vagas-de-emprego-na-shein-novas-oportunidades-abertas\/#primaryimage"},"thumbnailUrl":"https:\/\/www.vagadeempregorj.com.br\/wp-content\/uploads\/2024\/06\/image-21.png","datePublished":"2024-06-17T04:00:00+00:00","author":{"@id":"https:\/\/www.vagadeempregorj.com.br\/#\/schema\/person\/3ddb19fa0539706786e502152f3aae95"},"description":"Veja em Vagas de Emprego RJ as vagas de emprego com e sem experi\u00eancia no seu Estado e Regi\u00e3o!","breadcrumb":{"@id":"https:\/\/www.vagadeempregorj.com.br\/vagas-de-emprego-na-shein-novas-oportunidades-abertas\/#breadcrumb"},"inLanguage":"es","potentialAction":[{"@type":"ReadAction","target":["https:\/\/www.vagadeempregorj.com.br\/vagas-de-emprego-na-shein-novas-oportunidades-abertas\/"]}]},{"@type":"ImageObject","inLanguage":"es","@id":"https:\/\/www.vagadeempregorj.com.br\/vagas-de-emprego-na-shein-novas-oportunidades-abertas\/#primaryimage","url":"https:\/\/www.vagadeempregorj.com.br\/wp-content\/uploads\/2024\/06\/image-21.png","contentUrl":"https:\/\/www.vagadeempregorj.com.br\/wp-content\/uploads\/2024\/06\/image-21.png","width":1200,"height":721},{"@type":"BreadcrumbList","@id":"https:\/\/www.vagadeempregorj.com.br\/vagas-de-emprego-na-shein-novas-oportunidades-abertas\/#breadcrumb","itemListElement":[{"@type":"ListItem","position":1,"name":"In\u00edcio","item":"https:\/\/www.vagadeempregorj.com.br\/"},{"@type":"ListItem","position":2,"name":"Vagas de Emprego Nacionais","item":"https:\/\/www.vagadeempregorj.com.br\/vagas-de-emprego-nacionais\/"},{"@type":"ListItem","position":3,"name":"Vagas de emprego na Shein: NOVAS oportunidades abertas"}]},{"@type":"WebSite","@id":"https:\/\/www.vagadeempregorj.com.br\/#website","url":"https:\/\/www.vagadeempregorj.com.br\/","name":"","description":"Conquiste Sonhos: Vagas, Benef\u00edcios e Economia para Transformar Vidas e Alcan\u00e7ar Melhorias Cotidianas","potentialAction":[{"@type":"SearchAction","target":{"@type":"EntryPoint","urlTemplate":"https:\/\/www.vagadeempregorj.com.br\/?s={search_term_string}"},"query-input":{"@type":"PropertyValueSpecification","valueRequired":true,"valueName":"search_term_string"}}],"inLanguage":"es"},{"@type":"Person","@id":"https:\/\/www.vagadeempregorj.com.br\/#\/schema\/person\/3ddb19fa0539706786e502152f3aae95","name":"Michele","image":{"@type":"ImageObject","inLanguage":"es","@id":"https:\/\/secure.gravatar.com\/avatar\/6b0eb9d22841282815e2cd856a0061c45e1761cd54b22e952d98c4746939aa85?s=96&r=g","url":"https:\/\/secure.gravatar.com\/avatar\/6b0eb9d22841282815e2cd856a0061c45e1761cd54b22e952d98c4746939aa85?s=96&r=g","contentUrl":"https:\/\/secure.gravatar.com\/avatar\/6b0eb9d22841282815e2cd856a0061c45e1761cd54b22e952d98c4746939aa85?s=96&r=g","caption":"Michele"},"description":"Formada em Letras - Portugu\u00eas\/ Ingl\u00eas, e idealizadora do site Escritora de Sucesso, busca expandir o conhecimento de todos com informa\u00e7\u00f5es relevantes sobre diversos assuntos, enquanto redatora. No Vaga de Emprego RJ, traz oportunidades e dicas sobre o mercado de trabalho.","url":"https:\/\/www.vagadeempregorj.com.br\/es\/author\/michele\/"}]}},"_links":{"self":[{"href":"https:\/\/www.vagadeempregorj.com.br\/es\/wp-json\/wp\/v2\/posts\/39770","targetHints":{"allow":["GET"]}}],"collection":[{"href":"https:\/\/www.vagadeempregorj.com.br\/es\/wp-json\/wp\/v2\/posts"}],"about":[{"href":"https:\/\/www.vagadeempregorj.com.br\/es\/wp-json\/wp\/v2\/types\/post"}],"author":[{"embeddable":true,"href":"https:\/\/www.vagadeempregorj.com.br\/es\/wp-json\/wp\/v2\/users\/16"}],"replies":[{"embeddable":true,"href":"https:\/\/www.vagadeempregorj.com.br\/es\/wp-json\/wp\/v2\/comments?post=39770"}],"version-history":[{"count":0,"href":"https:\/\/www.vagadeempregorj.com.br\/es\/wp-json\/wp\/v2\/posts\/39770\/revisions"}],"wp:featuredmedia":[{"embeddable":true,"href":"https:\/\/www.vagadeempregorj.com.br\/es\/wp-json\/wp\/v2\/media\/39776"}],"wp:attachment":[{"href":"https:\/\/www.vagadeempregorj.com.br\/es\/wp-json\/wp\/v2\/media?parent=39770"}],"wp:term":[{"taxonomy":"category","embeddable":true,"href":"https:\/\/www.vagadeempregorj.com.br\/es\/wp-json\/wp\/v2\/categories?post=39770"},{"taxonomy":"post_tag","embeddable":true,"href":"https:\/\/www.vagadeempregorj.com.br\/es\/wp-json\/wp\/v2\/tags?post=39770"}],"curies":[{"name":"wp","href":"https:\/\/api.w.org\/{rel}","templated":true}]}}