{"id":39866,"date":"2024-07-02T19:29:23","date_gmt":"2024-07-02T22:29:23","guid":{"rendered":"https:\/\/www.vagadeempregorj.com.br\/?p=39866"},"modified":"2024-07-02T19:29:24","modified_gmt":"2024-07-02T22:29:24","slug":"vagas-de-emprego-na-raizen-mais-de-100-oportunidades-abertas","status":"publish","type":"post","link":"https:\/\/www.vagadeempregorj.com.br\/es\/vagas-de-emprego-na-raizen-mais-de-100-oportunidades-abertas\/","title":{"rendered":"Vagas de emprego na Ra\u00edzen: Mais de 100 oportunidades abertas"},"content":{"rendered":"<p>A busca por oportunidades de emprego no Brasil tem sido uma constante para muitos profissionais que almejam uma carreira s\u00f3lida em grandes empresas. Uma das empresas que se destacam no mercado brasileiro \u00e9 a Ra\u00edzen, uma das maiores produtoras de etanol e energia renov\u00e1vel do mundo. Recentemente, a Ra\u00edzen anunciou a abertura de mais de 100 vagas de emprego em diversas \u00e1reas e regi\u00f5es do pa\u00eds.&nbsp;<\/p>\n\n\n\n<h2 class=\"wp-block-heading\">Sobre a Ra\u00edzen<\/h2>\n\n\n\n<p>A Ra\u00edzen \u00e9 uma joint venture formada em 2011 entre a Shell e a Cosan, duas gigantes em seus respectivos segmentos. Com atua\u00e7\u00e3o destacada no setor de energia, a Ra\u00edzen se tornou uma das maiores produtoras de etanol do mundo, al\u00e9m de ser refer\u00eancia na produ\u00e7\u00e3o de bioenergia.\u00a0<\/p>\n\n\n\n<figure class=\"wp-block-image size-full\"><img loading=\"lazy\" decoding=\"async\" width=\"860\" height=\"420\" src=\"https:\/\/www.vagadeempregorj.com.br\/wp-content\/uploads\/2024\/07\/image.png\" alt=\"\" class=\"wp-image-39876\" srcset=\"https:\/\/www.vagadeempregorj.com.br\/wp-content\/uploads\/2024\/07\/image.png 860w, https:\/\/www.vagadeempregorj.com.br\/wp-content\/uploads\/2024\/07\/image-300x147.png 300w, https:\/\/www.vagadeempregorj.com.br\/wp-content\/uploads\/2024\/07\/image-768x375.png 768w, https:\/\/www.vagadeempregorj.com.br\/wp-content\/uploads\/2024\/07\/image-150x73.png 150w\" sizes=\"auto, (max-width: 860px) 100vw, 860px\" \/><\/figure>\n\n\n\n<p>A empresa est\u00e1 presente em toda a cadeia produtiva, desde a produ\u00e7\u00e3o de cana-de-a\u00e7\u00facar at\u00e9 a distribui\u00e7\u00e3o de combust\u00edveis, passando pela gera\u00e7\u00e3o de energia el\u00e9trica a partir de biomassa.<\/p>\n\n\n\n<p>Al\u00e9m de seu papel significativo na economia brasileira, a Ra\u00edzen tamb\u00e9m se destaca por suas iniciativas sustent\u00e1veis e seu compromisso com a inova\u00e7\u00e3o e a tecnologia. A empresa investe constantemente em pesquisa e desenvolvimento para otimizar seus processos produtivos e reduzir impactos ambientais, consolidando-se como um exemplo de sustentabilidade no setor energ\u00e9tico.<\/p>\n\n\n\n<h2 class=\"wp-block-heading\">Oportunidades de emprego abertas na Ra\u00edzen<\/h2>\n\n\n\n<p>Atualmente, a Ra\u00edzen est\u00e1 com mais de 100 vagas de emprego abertas em diferentes \u00e1reas de atua\u00e7\u00e3o, abrangendo desde posi\u00e7\u00f5es operacionais at\u00e9 cargos de gest\u00e3o e lideran\u00e7a. As oportunidades est\u00e3o distribu\u00eddas em v\u00e1rias regi\u00f5es do Brasil, incluindo cidades como S\u00e3o Paulo, Piracicaba, Rio de Janeiro, entre outras. A seguir, destacamos algumas das vagas dispon\u00edveis:<\/p>\n\n\n\n<h3 class=\"wp-block-heading\">Engenheiro de Processos<\/h3>\n\n\n\n<ul class=\"wp-block-list\">\n<li>Local: Piracicaba, SP<\/li>\n\n\n\n<li>Responsabilidades: Desenvolvimento e otimiza\u00e7\u00e3o de processos industriais, an\u00e1lise de dados e implementa\u00e7\u00e3o de melhorias cont\u00ednuas.<\/li>\n<\/ul>\n\n\n\n<h3 class=\"wp-block-heading\">Analista de Sustentabilidade<\/h3>\n\n\n\n<ul class=\"wp-block-list\">\n<li>Local: S\u00e3o Paulo, SP<\/li>\n\n\n\n<li>Responsabilidades: Implementa\u00e7\u00e3o de projetos de sustentabilidade, elabora\u00e7\u00e3o de relat\u00f3rios e monitoramento de indicadores ambientais.<\/li>\n<\/ul>\n\n\n\n<h3 class=\"wp-block-heading\">T\u00e9cnico de Manuten\u00e7\u00e3o<\/h3>\n\n\n\n<ul class=\"wp-block-list\">\n<li>Local: Rio de Janeiro, RJ<\/li>\n\n\n\n<li>Responsabilidades: Realiza\u00e7\u00e3o de manuten\u00e7\u00f5es preventivas e corretivas em equipamentos industriais, an\u00e1lise de falhas e implementa\u00e7\u00e3o de solu\u00e7\u00f5es.<\/li>\n<\/ul>\n\n\n\n<h3 class=\"wp-block-heading\">Coordenador de Log\u00edstica<\/h3>\n\n\n\n<ul class=\"wp-block-list\">\n<li>Local: Campinas, SP<\/li>\n\n\n\n<li>Responsabilidades: Gest\u00e3o de opera\u00e7\u00f5es log\u00edsticas, coordena\u00e7\u00e3o de equipes e controle de invent\u00e1rio.<\/li>\n<\/ul>\n\n\n\n<h3 class=\"wp-block-heading\">Analista de Recursos Humanos<\/h3>\n\n\n\n<ul class=\"wp-block-list\">\n<li>Local: Ribeir\u00e3o Preto, SP<\/li>\n\n\n\n<li>Responsabilidades: Recrutamento e sele\u00e7\u00e3o de candidatos, gest\u00e3o de processos de desenvolvimento de pessoal e implementa\u00e7\u00e3o de pol\u00edticas de RH.<\/li>\n<\/ul>\n\n\n\n<p>Essas s\u00e3o apenas algumas das vagas dispon\u00edveis na Ra\u00edzen. A empresa tamb\u00e9m oferece oportunidades em \u00e1reas como tecnologia da informa\u00e7\u00e3o, finan\u00e7as, marketing, entre outras.&nbsp;<\/p>\n\n\n\n<h2 class=\"wp-block-heading\">Como se candidatar<\/h2>\n\n\n\n<p>Se voc\u00ea se interessou por alguma das vagas mencionadas ou deseja explorar outras oportunidades na Ra\u00edzen, o processo de candidatura \u00e9 simples e pode ser feito online. A seguir, descrevemos o passo a passo para se candidatar \u00e0s vagas na Ra\u00edzen:<\/p>\n\n\n\n<p><strong>Acesse a p\u00e1gina de carreiras da Ra\u00edzen na Gupy: <\/strong>A Ra\u00edzen utiliza a <a href=\"https:\/\/genteraizen.gupy.io\/\">plataforma Gupy<\/a> para gerenciar seu processo de recrutamento. Voc\u00ea pode acessar a p\u00e1gina de carreiras da empresa atrav\u00e9s do link: Ra\u00edzen no Gupy.<\/p>\n\n\n\n<p><strong>Crie um perfil na Gupy<\/strong>: Se voc\u00ea ainda n\u00e3o possui uma conta na Gupy, ser\u00e1 necess\u00e1rio criar um perfil. Preencha suas informa\u00e7\u00f5es pessoais, experi\u00eancias profissionais, habilidades e qualifica\u00e7\u00f5es.<\/p>\n\n\n\n<p><strong>Pesquise pelas vagas dispon\u00edveis:<\/strong> Na p\u00e1gina de carreiras da Ra\u00edzen, voc\u00ea poder\u00e1 filtrar as vagas por localidade, \u00e1rea de atua\u00e7\u00e3o e tipo de contrata\u00e7\u00e3o. Explore as oportunidades e selecione aquelas que mais se alinham ao seu perfil e objetivos profissionais.<\/p>\n\n\n\n<p><strong>Candidate-se \u00e0s vagas de interesse: <\/strong>Ap\u00f3s encontrar as vagas de seu interesse, clique no bot\u00e3o &#8220;Candidatar-se&#8221; e siga as instru\u00e7\u00f5es para enviar sua candidatura. Certifique-se de revisar seu perfil e curr\u00edculo antes de concluir a aplica\u00e7\u00e3o.<\/p>\n\n\n\n<p><strong>Acompanhe o status da sua candidatura: <\/strong>A Gupy permite que voc\u00ea acompanhe o status da sua candidatura em tempo real. Fique atento \u00e0s notifica\u00e7\u00f5es e e-mails enviados pela plataforma para saber sobre o andamento do processo seletivo.<\/p>\n\n\n\n<h2 class=\"wp-block-heading\">Seja um contratado da Ra\u00edzen!<\/h2>\n\n\n\n<p>A Ra\u00edzen oferece uma excelente oportunidade para profissionais que desejam desenvolver suas carreiras em uma empresa inovadora e comprometida com a sustentabilidade. Com mais de 100 vagas de emprego abertas em diversas \u00e1reas, h\u00e1 chances para diferentes perfis e n\u00edveis de experi\u00eancia.&nbsp;<\/p>\n\n\n\n<p>N\u00e3o perca a chance de fazer parte de uma das maiores empresas do setor energ\u00e9tico do mundo. Acesse a p\u00e1gina de carreiras da Ra\u00edzen na Gupy, crie seu perfil e candidate-se \u00e0s vagas que mais se encaixam com seus objetivos profissionais.\u00a0<\/p>\n\n\n\n<p><strong>Veja tamb\u00e9m: <a href=\"https:\/\/www.vagadeempregorj.com.br\/es\/vagas-de-emprego-na-leroy-merlin-mais-de-110-oportunidades-abertas\/\">Vagas de emprego na Leroy Merlin: Mais de 110 oportunidades abertas<\/a><\/strong><\/p>\n\n\n\n<p>2 de julho de 2024<\/p>","protected":false},"excerpt":{"rendered":"<p>A busca por oportunidades de emprego no Brasil tem sido uma constante para muitos profissionais que almejam uma carreira s\u00f3lida em grandes empresas. Uma das empresas que se destacam no mercado brasileiro \u00e9 a Ra\u00edzen, uma das maiores produtoras de etanol e energia renov\u00e1vel do mundo. Recentemente, a Ra\u00edzen anunciou a abertura de mais de&hellip;&nbsp;<\/p>","protected":false},"author":16,"featured_media":39876,"comment_status":"closed","ping_status":"closed","sticky":false,"template":"","format":"standard","meta":{"neve_meta_sidebar":"","neve_meta_container":"","neve_meta_enable_content_width":"","neve_meta_content_width":0,"neve_meta_title_alignment":"","neve_meta_author_avatar":"","neve_post_elements_order":"","neve_meta_disable_header":"","neve_meta_disable_footer":"","neve_meta_disable_title":"","footnotes":""},"categories":[123],"tags":[830,608],"class_list":["post-39866","post","type-post","status-publish","format-standard","has-post-thumbnail","hentry","category-vagas-de-emprego-nacionais","tag-empregos","tag-oportunidades"],"yoast_head":"<!-- This site is optimized with the Yoast SEO plugin v27.5 - https:\/\/yoast.com\/product\/yoast-seo-wordpress\/ -->\n<title>Vagas de emprego na Ra\u00edzen: Mais de 100 oportunidades abertas -<\/title>\n<meta name=\"description\" content=\"Veja em Vagas de Emprego RJ as vagas de emprego com e sem experi\u00eancia no seu Estado e Regi\u00e3o!\" \/>\n<meta name=\"robots\" content=\"index, follow, max-snippet:-1, max-image-preview:large, max-video-preview:-1\" \/>\n<link rel=\"canonical\" href=\"https:\/\/www.vagadeempregorj.com.br\/es\/vagas-de-emprego-na-raizen-mais-de-100-oportunidades-abertas\/\" \/>\n<meta property=\"og:locale\" content=\"es_MX\" \/>\n<meta property=\"og:type\" content=\"article\" \/>\n<meta property=\"og:title\" content=\"Vagas de emprego na Ra\u00edzen: Mais de 100 oportunidades abertas -\" \/>\n<meta property=\"og:description\" content=\"Veja em Vagas de Emprego RJ as vagas de emprego com e sem experi\u00eancia no seu Estado e Regi\u00e3o!\" \/>\n<meta property=\"og:url\" content=\"https:\/\/www.vagadeempregorj.com.br\/es\/vagas-de-emprego-na-raizen-mais-de-100-oportunidades-abertas\/\" \/>\n<meta property=\"article:publisher\" content=\"https:\/\/www.facebook.com\/empregobrasiloficial\" \/>\n<meta property=\"article:published_time\" content=\"2024-07-02T22:29:23+00:00\" \/>\n<meta property=\"article:modified_time\" content=\"2024-07-02T22:29:24+00:00\" \/>\n<meta property=\"og:image\" content=\"https:\/\/www.vagadeempregorj.com.br\/wp-content\/uploads\/2024\/07\/image.png\" \/>\n\t<meta property=\"og:image:width\" content=\"860\" \/>\n\t<meta property=\"og:image:height\" content=\"420\" \/>\n\t<meta property=\"og:image:type\" content=\"image\/png\" \/>\n<meta name=\"author\" content=\"Michele\" \/>\n<meta name=\"twitter:card\" content=\"summary_large_image\" \/>\n<meta name=\"twitter:label1\" content=\"Written by\" \/>\n\t<meta name=\"twitter:data1\" content=\"Michele\" \/>\n\t<meta name=\"twitter:label2\" content=\"Est. reading time\" \/>\n\t<meta name=\"twitter:data2\" content=\"4 minutos\" \/>\n<script type=\"application\/ld+json\" class=\"yoast-schema-graph\">{\"@context\":\"https:\\\/\\\/schema.org\",\"@graph\":[{\"@type\":\"Article\",\"@id\":\"https:\\\/\\\/www.vagadeempregorj.com.br\\\/vagas-de-emprego-na-raizen-mais-de-100-oportunidades-abertas\\\/#article\",\"isPartOf\":{\"@id\":\"https:\\\/\\\/www.vagadeempregorj.com.br\\\/vagas-de-emprego-na-raizen-mais-de-100-oportunidades-abertas\\\/\"},\"author\":{\"name\":\"Michele\",\"@id\":\"https:\\\/\\\/www.vagadeempregorj.com.br\\\/#\\\/schema\\\/person\\\/3ddb19fa0539706786e502152f3aae95\"},\"headline\":\"Vagas de emprego na Ra\u00edzen: Mais de 100 oportunidades abertas\",\"datePublished\":\"2024-07-02T22:29:23+00:00\",\"dateModified\":\"2024-07-02T22:29:24+00:00\",\"mainEntityOfPage\":{\"@id\":\"https:\\\/\\\/www.vagadeempregorj.com.br\\\/vagas-de-emprego-na-raizen-mais-de-100-oportunidades-abertas\\\/\"},\"wordCount\":826,\"image\":{\"@id\":\"https:\\\/\\\/www.vagadeempregorj.com.br\\\/vagas-de-emprego-na-raizen-mais-de-100-oportunidades-abertas\\\/#primaryimage\"},\"thumbnailUrl\":\"https:\\\/\\\/www.vagadeempregorj.com.br\\\/wp-content\\\/uploads\\\/2024\\\/07\\\/image.png\",\"keywords\":[\"empregos\",\"oportunidades\"],\"articleSection\":[\"Vagas de Emprego Nacionais\"],\"inLanguage\":\"es\"},{\"@type\":\"WebPage\",\"@id\":\"https:\\\/\\\/www.vagadeempregorj.com.br\\\/vagas-de-emprego-na-raizen-mais-de-100-oportunidades-abertas\\\/\",\"url\":\"https:\\\/\\\/www.vagadeempregorj.com.br\\\/vagas-de-emprego-na-raizen-mais-de-100-oportunidades-abertas\\\/\",\"name\":\"Vagas de emprego na Ra\u00edzen: Mais de 100 oportunidades abertas -\",\"isPartOf\":{\"@id\":\"https:\\\/\\\/www.vagadeempregorj.com.br\\\/#website\"},\"primaryImageOfPage\":{\"@id\":\"https:\\\/\\\/www.vagadeempregorj.com.br\\\/vagas-de-emprego-na-raizen-mais-de-100-oportunidades-abertas\\\/#primaryimage\"},\"image\":{\"@id\":\"https:\\\/\\\/www.vagadeempregorj.com.br\\\/vagas-de-emprego-na-raizen-mais-de-100-oportunidades-abertas\\\/#primaryimage\"},\"thumbnailUrl\":\"https:\\\/\\\/www.vagadeempregorj.com.br\\\/wp-content\\\/uploads\\\/2024\\\/07\\\/image.png\",\"datePublished\":\"2024-07-02T22:29:23+00:00\",\"dateModified\":\"2024-07-02T22:29:24+00:00\",\"author\":{\"@id\":\"https:\\\/\\\/www.vagadeempregorj.com.br\\\/#\\\/schema\\\/person\\\/3ddb19fa0539706786e502152f3aae95\"},\"description\":\"Veja em Vagas de Emprego RJ as vagas de emprego com e sem experi\u00eancia no seu Estado e Regi\u00e3o!\",\"breadcrumb\":{\"@id\":\"https:\\\/\\\/www.vagadeempregorj.com.br\\\/vagas-de-emprego-na-raizen-mais-de-100-oportunidades-abertas\\\/#breadcrumb\"},\"inLanguage\":\"es\",\"potentialAction\":[{\"@type\":\"ReadAction\",\"target\":[\"https:\\\/\\\/www.vagadeempregorj.com.br\\\/vagas-de-emprego-na-raizen-mais-de-100-oportunidades-abertas\\\/\"]}]},{\"@type\":\"ImageObject\",\"inLanguage\":\"es\",\"@id\":\"https:\\\/\\\/www.vagadeempregorj.com.br\\\/vagas-de-emprego-na-raizen-mais-de-100-oportunidades-abertas\\\/#primaryimage\",\"url\":\"https:\\\/\\\/www.vagadeempregorj.com.br\\\/wp-content\\\/uploads\\\/2024\\\/07\\\/image.png\",\"contentUrl\":\"https:\\\/\\\/www.vagadeempregorj.com.br\\\/wp-content\\\/uploads\\\/2024\\\/07\\\/image.png\",\"width\":860,\"height\":420,\"caption\":\"Vagas de emprego na Ra\u00edzen: Mais de 100 oportunidades abertas\"},{\"@type\":\"BreadcrumbList\",\"@id\":\"https:\\\/\\\/www.vagadeempregorj.com.br\\\/vagas-de-emprego-na-raizen-mais-de-100-oportunidades-abertas\\\/#breadcrumb\",\"itemListElement\":[{\"@type\":\"ListItem\",\"position\":1,\"name\":\"In\u00edcio\",\"item\":\"https:\\\/\\\/www.vagadeempregorj.com.br\\\/\"},{\"@type\":\"ListItem\",\"position\":2,\"name\":\"Vagas de Emprego Nacionais\",\"item\":\"https:\\\/\\\/www.vagadeempregorj.com.br\\\/vagas-de-emprego-nacionais\\\/\"},{\"@type\":\"ListItem\",\"position\":3,\"name\":\"Vagas de emprego na Ra\u00edzen: Mais de 100 oportunidades abertas\"}]},{\"@type\":\"WebSite\",\"@id\":\"https:\\\/\\\/www.vagadeempregorj.com.br\\\/#website\",\"url\":\"https:\\\/\\\/www.vagadeempregorj.com.br\\\/\",\"name\":\"\",\"description\":\"Conquiste Sonhos: Vagas, Benef\u00edcios e Economia para Transformar Vidas e Alcan\u00e7ar Melhorias Cotidianas\",\"potentialAction\":[{\"@type\":\"SearchAction\",\"target\":{\"@type\":\"EntryPoint\",\"urlTemplate\":\"https:\\\/\\\/www.vagadeempregorj.com.br\\\/?s={search_term_string}\"},\"query-input\":{\"@type\":\"PropertyValueSpecification\",\"valueRequired\":true,\"valueName\":\"search_term_string\"}}],\"inLanguage\":\"es\"},{\"@type\":\"Person\",\"@id\":\"https:\\\/\\\/www.vagadeempregorj.com.br\\\/#\\\/schema\\\/person\\\/3ddb19fa0539706786e502152f3aae95\",\"name\":\"Michele\",\"image\":{\"@type\":\"ImageObject\",\"inLanguage\":\"es\",\"@id\":\"https:\\\/\\\/secure.gravatar.com\\\/avatar\\\/6b0eb9d22841282815e2cd856a0061c45e1761cd54b22e952d98c4746939aa85?s=96&r=g\",\"url\":\"https:\\\/\\\/secure.gravatar.com\\\/avatar\\\/6b0eb9d22841282815e2cd856a0061c45e1761cd54b22e952d98c4746939aa85?s=96&r=g\",\"contentUrl\":\"https:\\\/\\\/secure.gravatar.com\\\/avatar\\\/6b0eb9d22841282815e2cd856a0061c45e1761cd54b22e952d98c4746939aa85?s=96&r=g\",\"caption\":\"Michele\"},\"description\":\"Formada em Letras - Portugu\u00eas\\\/ Ingl\u00eas, e idealizadora do site Escritora de Sucesso, busca expandir o conhecimento de todos com informa\u00e7\u00f5es relevantes sobre diversos assuntos, enquanto redatora. No Vaga de Emprego RJ, traz oportunidades e dicas sobre o mercado de trabalho.\",\"url\":\"https:\\\/\\\/www.vagadeempregorj.com.br\\\/es\\\/author\\\/michele\\\/\"}]}<\/script>\n<!-- \/ Yoast SEO plugin. -->","yoast_head_json":{"title":"Vagas de emprego na Ra\u00edzen: Mais de 100 oportunidades abertas -","description":"Veja em Vagas de Emprego RJ as vagas de emprego com e sem experi\u00eancia no seu Estado e Regi\u00e3o!","robots":{"index":"index","follow":"follow","max-snippet":"max-snippet:-1","max-image-preview":"max-image-preview:large","max-video-preview":"max-video-preview:-1"},"canonical":"https:\/\/www.vagadeempregorj.com.br\/es\/vagas-de-emprego-na-raizen-mais-de-100-oportunidades-abertas\/","og_locale":"es_MX","og_type":"article","og_title":"Vagas de emprego na Ra\u00edzen: Mais de 100 oportunidades abertas -","og_description":"Veja em Vagas de Emprego RJ as vagas de emprego com e sem experi\u00eancia no seu Estado e Regi\u00e3o!","og_url":"https:\/\/www.vagadeempregorj.com.br\/es\/vagas-de-emprego-na-raizen-mais-de-100-oportunidades-abertas\/","article_publisher":"https:\/\/www.facebook.com\/empregobrasiloficial","article_published_time":"2024-07-02T22:29:23+00:00","article_modified_time":"2024-07-02T22:29:24+00:00","og_image":[{"width":860,"height":420,"url":"https:\/\/www.vagadeempregorj.com.br\/wp-content\/uploads\/2024\/07\/image.png","type":"image\/png"}],"author":"Michele","twitter_card":"summary_large_image","twitter_misc":{"Written by":"Michele","Est. reading time":"4 minutos"},"schema":{"@context":"https:\/\/schema.org","@graph":[{"@type":"Article","@id":"https:\/\/www.vagadeempregorj.com.br\/vagas-de-emprego-na-raizen-mais-de-100-oportunidades-abertas\/#article","isPartOf":{"@id":"https:\/\/www.vagadeempregorj.com.br\/vagas-de-emprego-na-raizen-mais-de-100-oportunidades-abertas\/"},"author":{"name":"Michele","@id":"https:\/\/www.vagadeempregorj.com.br\/#\/schema\/person\/3ddb19fa0539706786e502152f3aae95"},"headline":"Vagas de emprego na Ra\u00edzen: Mais de 100 oportunidades abertas","datePublished":"2024-07-02T22:29:23+00:00","dateModified":"2024-07-02T22:29:24+00:00","mainEntityOfPage":{"@id":"https:\/\/www.vagadeempregorj.com.br\/vagas-de-emprego-na-raizen-mais-de-100-oportunidades-abertas\/"},"wordCount":826,"image":{"@id":"https:\/\/www.vagadeempregorj.com.br\/vagas-de-emprego-na-raizen-mais-de-100-oportunidades-abertas\/#primaryimage"},"thumbnailUrl":"https:\/\/www.vagadeempregorj.com.br\/wp-content\/uploads\/2024\/07\/image.png","keywords":["empregos","oportunidades"],"articleSection":["Vagas de Emprego Nacionais"],"inLanguage":"es"},{"@type":"WebPage","@id":"https:\/\/www.vagadeempregorj.com.br\/vagas-de-emprego-na-raizen-mais-de-100-oportunidades-abertas\/","url":"https:\/\/www.vagadeempregorj.com.br\/vagas-de-emprego-na-raizen-mais-de-100-oportunidades-abertas\/","name":"Vagas de emprego na Ra\u00edzen: Mais de 100 oportunidades abertas -","isPartOf":{"@id":"https:\/\/www.vagadeempregorj.com.br\/#website"},"primaryImageOfPage":{"@id":"https:\/\/www.vagadeempregorj.com.br\/vagas-de-emprego-na-raizen-mais-de-100-oportunidades-abertas\/#primaryimage"},"image":{"@id":"https:\/\/www.vagadeempregorj.com.br\/vagas-de-emprego-na-raizen-mais-de-100-oportunidades-abertas\/#primaryimage"},"thumbnailUrl":"https:\/\/www.vagadeempregorj.com.br\/wp-content\/uploads\/2024\/07\/image.png","datePublished":"2024-07-02T22:29:23+00:00","dateModified":"2024-07-02T22:29:24+00:00","author":{"@id":"https:\/\/www.vagadeempregorj.com.br\/#\/schema\/person\/3ddb19fa0539706786e502152f3aae95"},"description":"Veja em Vagas de Emprego RJ as vagas de emprego com e sem experi\u00eancia no seu Estado e Regi\u00e3o!","breadcrumb":{"@id":"https:\/\/www.vagadeempregorj.com.br\/vagas-de-emprego-na-raizen-mais-de-100-oportunidades-abertas\/#breadcrumb"},"inLanguage":"es","potentialAction":[{"@type":"ReadAction","target":["https:\/\/www.vagadeempregorj.com.br\/vagas-de-emprego-na-raizen-mais-de-100-oportunidades-abertas\/"]}]},{"@type":"ImageObject","inLanguage":"es","@id":"https:\/\/www.vagadeempregorj.com.br\/vagas-de-emprego-na-raizen-mais-de-100-oportunidades-abertas\/#primaryimage","url":"https:\/\/www.vagadeempregorj.com.br\/wp-content\/uploads\/2024\/07\/image.png","contentUrl":"https:\/\/www.vagadeempregorj.com.br\/wp-content\/uploads\/2024\/07\/image.png","width":860,"height":420,"caption":"Vagas de emprego na Ra\u00edzen: Mais de 100 oportunidades abertas"},{"@type":"BreadcrumbList","@id":"https:\/\/www.vagadeempregorj.com.br\/vagas-de-emprego-na-raizen-mais-de-100-oportunidades-abertas\/#breadcrumb","itemListElement":[{"@type":"ListItem","position":1,"name":"In\u00edcio","item":"https:\/\/www.vagadeempregorj.com.br\/"},{"@type":"ListItem","position":2,"name":"Vagas de Emprego Nacionais","item":"https:\/\/www.vagadeempregorj.com.br\/vagas-de-emprego-nacionais\/"},{"@type":"ListItem","position":3,"name":"Vagas de emprego na Ra\u00edzen: Mais de 100 oportunidades abertas"}]},{"@type":"WebSite","@id":"https:\/\/www.vagadeempregorj.com.br\/#website","url":"https:\/\/www.vagadeempregorj.com.br\/","name":"","description":"Conquiste Sonhos: Vagas, Benef\u00edcios e Economia para Transformar Vidas e Alcan\u00e7ar Melhorias Cotidianas","potentialAction":[{"@type":"SearchAction","target":{"@type":"EntryPoint","urlTemplate":"https:\/\/www.vagadeempregorj.com.br\/?s={search_term_string}"},"query-input":{"@type":"PropertyValueSpecification","valueRequired":true,"valueName":"search_term_string"}}],"inLanguage":"es"},{"@type":"Person","@id":"https:\/\/www.vagadeempregorj.com.br\/#\/schema\/person\/3ddb19fa0539706786e502152f3aae95","name":"Michele","image":{"@type":"ImageObject","inLanguage":"es","@id":"https:\/\/secure.gravatar.com\/avatar\/6b0eb9d22841282815e2cd856a0061c45e1761cd54b22e952d98c4746939aa85?s=96&r=g","url":"https:\/\/secure.gravatar.com\/avatar\/6b0eb9d22841282815e2cd856a0061c45e1761cd54b22e952d98c4746939aa85?s=96&r=g","contentUrl":"https:\/\/secure.gravatar.com\/avatar\/6b0eb9d22841282815e2cd856a0061c45e1761cd54b22e952d98c4746939aa85?s=96&r=g","caption":"Michele"},"description":"Formada em Letras - Portugu\u00eas\/ Ingl\u00eas, e idealizadora do site Escritora de Sucesso, busca expandir o conhecimento de todos com informa\u00e7\u00f5es relevantes sobre diversos assuntos, enquanto redatora. No Vaga de Emprego RJ, traz oportunidades e dicas sobre o mercado de trabalho.","url":"https:\/\/www.vagadeempregorj.com.br\/es\/author\/michele\/"}]}},"_links":{"self":[{"href":"https:\/\/www.vagadeempregorj.com.br\/es\/wp-json\/wp\/v2\/posts\/39866","targetHints":{"allow":["GET"]}}],"collection":[{"href":"https:\/\/www.vagadeempregorj.com.br\/es\/wp-json\/wp\/v2\/posts"}],"about":[{"href":"https:\/\/www.vagadeempregorj.com.br\/es\/wp-json\/wp\/v2\/types\/post"}],"author":[{"embeddable":true,"href":"https:\/\/www.vagadeempregorj.com.br\/es\/wp-json\/wp\/v2\/users\/16"}],"replies":[{"embeddable":true,"href":"https:\/\/www.vagadeempregorj.com.br\/es\/wp-json\/wp\/v2\/comments?post=39866"}],"version-history":[{"count":0,"href":"https:\/\/www.vagadeempregorj.com.br\/es\/wp-json\/wp\/v2\/posts\/39866\/revisions"}],"wp:featuredmedia":[{"embeddable":true,"href":"https:\/\/www.vagadeempregorj.com.br\/es\/wp-json\/wp\/v2\/media\/39876"}],"wp:attachment":[{"href":"https:\/\/www.vagadeempregorj.com.br\/es\/wp-json\/wp\/v2\/media?parent=39866"}],"wp:term":[{"taxonomy":"category","embeddable":true,"href":"https:\/\/www.vagadeempregorj.com.br\/es\/wp-json\/wp\/v2\/categories?post=39866"},{"taxonomy":"post_tag","embeddable":true,"href":"https:\/\/www.vagadeempregorj.com.br\/es\/wp-json\/wp\/v2\/tags?post=39866"}],"curies":[{"name":"wp","href":"https:\/\/api.w.org\/{rel}","templated":true}]}}