{"id":39893,"date":"2024-07-11T01:00:00","date_gmt":"2024-07-11T04:00:00","guid":{"rendered":"https:\/\/www.vagadeempregorj.com.br\/?p=39893"},"modified":"2024-07-02T21:22:48","modified_gmt":"2024-07-03T00:22:48","slug":"inflacao-por-que-aumenta-e-impactos-que-geram-ao-seu-bolso","status":"publish","type":"post","link":"https:\/\/www.vagadeempregorj.com.br\/es\/inflacao-por-que-aumenta-e-impactos-que-geram-ao-seu-bolso\/","title":{"rendered":"Infla\u00e7\u00e3o: Por que aumenta e impactos que geram ao seu bolso"},"content":{"rendered":"<p>A infla\u00e7\u00e3o \u00e9 um fen\u00f4meno econ\u00f4mico que afeta diretamente a vida de milh\u00f5es de pessoas ao redor do mundo. \u00c9 um conceito complexo, mas fundamental para entender como os pre\u00e7os dos bens e servi\u00e7os mudam ao longo do tempo.<\/p>\n\n\n\n<h2 class=\"wp-block-heading\">O que \u00e9 infla\u00e7\u00e3o?<\/h2>\n\n\n\n<p>Antes de entrarmos nos detalhes sobre os motivos pelos quais a infla\u00e7\u00e3o aumenta, \u00e9 importante entender o conceito b\u00e1sico de infla\u00e7\u00e3o. Em termos simples, refere-se ao aumento geral e cont\u00ednuo dos pre\u00e7os dos produtos e servi\u00e7os em uma economia durante um per\u00edodo de tempo.&nbsp;<\/p>\n\n\n\n<p>Quando a infla\u00e7\u00e3o ocorre, cada unidade da moeda de um pa\u00eds compra menos bens e servi\u00e7os do que antes.<\/p>\n\n\n\n<figure class=\"wp-block-image size-full is-resized\"><img loading=\"lazy\" decoding=\"async\" width=\"740\" height=\"416\" src=\"https:\/\/www.vagadeempregorj.com.br\/wp-content\/uploads\/2024\/07\/image-8.png\" alt=\"\" class=\"wp-image-39905\" style=\"width:839px;height:auto\" srcset=\"https:\/\/www.vagadeempregorj.com.br\/wp-content\/uploads\/2024\/07\/image-8.png 740w, https:\/\/www.vagadeempregorj.com.br\/wp-content\/uploads\/2024\/07\/image-8-300x169.png 300w, https:\/\/www.vagadeempregorj.com.br\/wp-content\/uploads\/2024\/07\/image-8-383x215.png 383w, https:\/\/www.vagadeempregorj.com.br\/wp-content\/uploads\/2024\/07\/image-8-150x84.png 150w\" sizes=\"auto, (max-width: 740px) 100vw, 740px\" \/><\/figure>\n\n\n\n<h2 class=\"wp-block-heading\">Por que a infla\u00e7\u00e3o aumenta?<\/h2>\n\n\n\n<p>Existem v\u00e1rias causas que podem levar ao aumento da infla\u00e7\u00e3o em uma economia. Aqui est\u00e3o alguns dos principais motivos:<\/p>\n\n\n\n<h3 class=\"wp-block-heading\">1. Demanda agregada<\/h3>\n\n\n\n<p>Um dos fatores que podem impulsionar a infla\u00e7\u00e3o \u00e9 o aumento da demanda agregada na economia. Isso ocorre quando os consumidores est\u00e3o gastando mais, seja devido a aumento da renda, cr\u00e9dito mais f\u00e1cil ou confian\u00e7a elevada na economia. Quando a demanda excede a capacidade de produ\u00e7\u00e3o da economia, os pre\u00e7os tendem a subir.<\/p>\n\n\n\n<h3 class=\"wp-block-heading\">2. Custos de produ\u00e7\u00e3o<\/h3>\n\n\n\n<p>Outro fator significativo \u00e9 o aumento nos custos de produ\u00e7\u00e3o. Isso pode incluir aumentos nos pre\u00e7os das mat\u00e9rias-primas, sal\u00e1rios mais altos para os trabalhadores ou custos maiores com energia e transporte. Quando as empresas enfrentam maiores custos, muitas vezes repassam esses aumentos para os consumidores na forma de pre\u00e7os mais altos.<\/p>\n\n\n\n<h3 class=\"wp-block-heading\">3. Pol\u00edtica monet\u00e1ria<\/h3>\n\n\n\n<p>As decis\u00f5es de pol\u00edtica monet\u00e1ria dos bancos centrais tamb\u00e9m desempenham um papel crucial na infla\u00e7\u00e3o. Quando os bancos centrais reduzem as taxas de juros e aumentam a oferta de dinheiro na economia, isso pode incentivar mais gastos e investimentos, mas tamb\u00e9m pode alimentar a infla\u00e7\u00e3o se n\u00e3o for feito com cautela.<\/p>\n\n\n\n<h3 class=\"wp-block-heading\">4. Expectativas inflacion\u00e1rias<\/h3>\n\n\n\n<p>As expectativas dos consumidores e das empresas sobre futuros aumentos de pre\u00e7os tamb\u00e9m podem contribuir para a infla\u00e7\u00e3o atual. Se as pessoas esperam que os pre\u00e7os subam, elas podem comprar agora para evitar custos mais altos no futuro, criando assim uma press\u00e3o inflacion\u00e1ria adicional.<\/p>\n\n\n\n<h2 class=\"wp-block-heading\">Impactos da infla\u00e7\u00e3o no seu bolso<\/h2>\n\n\n\n<p>Agora que exploramos algumas das causas do aumento da infla\u00e7\u00e3o, vamos analisar os impactos que ela pode ter no seu bolso e no seu or\u00e7amento pessoal.<\/p>\n\n\n\n<h3 class=\"wp-block-heading\">1. Poder de compra<\/h3>\n\n\n\n<p>Um dos efeitos mais imediatos da infla\u00e7\u00e3o \u00e9 a redu\u00e7\u00e3o do poder de compra do consumidor. Isso significa que, com o mesmo valor de dinheiro, voc\u00ea pode comprar menos bens e servi\u00e7os do que antes.&nbsp;<\/p>\n\n\n\n<p>Por exemplo, se os pre\u00e7os dos alimentos e da gasolina aumentam, seu or\u00e7amento mensal pode n\u00e3o ser suficiente para cobrir as mesmas despesas b\u00e1sicas.<\/p>\n\n\n\n<h3 class=\"wp-block-heading\">2. Investimentos e poupan\u00e7a<\/h3>\n\n\n\n<p>A infla\u00e7\u00e3o tamb\u00e9m afeta seus investimentos e poupan\u00e7as. Se a taxa de infla\u00e7\u00e3o supera a taxa de retorno dos seus investimentos, o valor real do seu dinheiro investido pode diminuir ao longo do tempo.&nbsp;<\/p>\n\n\n\n<p>Isso \u00e9 especialmente relevante para aposentadorias e planos de longo prazo, onde a manuten\u00e7\u00e3o do poder de compra \u00e9 essencial.<\/p>\n\n\n\n<h3 class=\"wp-block-heading\">3. Custos de empr\u00e9stimos<\/h3>\n\n\n\n<p>Para aqueles que t\u00eam empr\u00e9stimos ou financiamentos, a infla\u00e7\u00e3o pode ter impactos variados. Em alguns casos, as taxas de juros podem subir para compensar a infla\u00e7\u00e3o, o que significa pagamentos mensais mais altos para hipotecas, empr\u00e9stimos estudantis e outros tipos de d\u00edvida.<\/p>\n\n\n\n<h3 class=\"wp-block-heading\">4. Planejamento financeiro<\/h3>\n\n\n\n<p>A infla\u00e7\u00e3o tamb\u00e9m torna o planejamento financeiro mais desafiador. Se os pre\u00e7os est\u00e3o aumentando de forma imprevis\u00edvel, pode ser dif\u00edcil estimar adequadamente quanto dinheiro ser\u00e1 necess\u00e1rio para alcan\u00e7ar metas financeiras futuras, como comprar uma casa ou financiar a educa\u00e7\u00e3o dos filhos.<\/p>\n\n\n\n<h2 class=\"wp-block-heading\">Como se proteger da infla\u00e7\u00e3o?<\/h2>\n\n\n\n<p>Embora a infla\u00e7\u00e3o seja um fen\u00f4meno econ\u00f4mico complexo e muitas vezes fora do controle direto dos indiv\u00edduos, h\u00e1 algumas estrat\u00e9gias que podem ajudar a mitigar seus impactos:<\/p>\n\n\n\n<h3 class=\"wp-block-heading\">1. Diversifica\u00e7\u00e3o de investimentos<\/h3>\n\n\n\n<p>Investir em uma variedade de ativos, como a\u00e7\u00f5es, t\u00edtulos e commodities, pode ajudar a proteger seu portf\u00f3lio contra os efeitos negativos da infla\u00e7\u00e3o. Alguns investimentos, como a\u00e7\u00f5es de empresas que se beneficiam de pre\u00e7os mais altos, podem at\u00e9 mesmo superar a infla\u00e7\u00e3o.<\/p>\n\n\n\n<h3 class=\"wp-block-heading\">2. Planejamento de or\u00e7amento<\/h3>\n\n\n\n<p>Manter um or\u00e7amento detalhado e revis\u00e1-lo regularmente pode ajudar a identificar \u00e1reas onde voc\u00ea pode reduzir despesas ou ajustar gastos para compensar aumentos de pre\u00e7os em outros lugares.<\/p>\n\n\n\n<h3 class=\"wp-block-heading\">3. Investimentos infla\u00e7\u00e3o-indexados<\/h3>\n\n\n\n<p>Alguns investimentos, como t\u00edtulos do governo indexados \u00e0 infla\u00e7\u00e3o, ajustam seus retornos para acompanhar as mudan\u00e7as nos \u00edndices de pre\u00e7os, oferecendo assim uma prote\u00e7\u00e3o parcial contra a infla\u00e7\u00e3o.<\/p>\n\n\n\n<h3 class=\"wp-block-heading\">4. Educa\u00e7\u00e3o financeira<\/h3>\n\n\n\n<p>Entender como a infla\u00e7\u00e3o funciona e como ela pode afetar suas finan\u00e7as pessoais \u00e9 fundamental. Educar-se sobre estrat\u00e9gias de investimento, diversifica\u00e7\u00e3o e gest\u00e3o de riscos pode ajud\u00e1-lo a tomar decis\u00f5es financeiras mais informadas.<\/p>\n\n\n\n<h2 class=\"wp-block-heading\">Entendendo as causas do aumento da infla\u00e7\u00e3o<\/h2>\n\n\n\n<p>A infla\u00e7\u00e3o \u00e9 um fen\u00f4meno econ\u00f4mico que pode ter impactos significativos no seu bolso e no seu planejamento financeiro. Entender as causas do aumento da infla\u00e7\u00e3o, como a demanda agregada, custos de produ\u00e7\u00e3o, pol\u00edticas monet\u00e1rias e expectativas inflacion\u00e1rias, \u00e9 crucial para se preparar adequadamente.&nbsp;<\/p>\n\n\n\n<p>Ao estar ciente dos efeitos da infla\u00e7\u00e3o e adotar estrat\u00e9gias para se proteger, voc\u00ea pode mitigar seus impactos negativos e manter uma sa\u00fade financeira mais robusta ao longo do tempo.<\/p>\n\n\n\n<p><strong>Veja tamb\u00e9m: <a href=\"https:\/\/www.vagadeempregorj.com.br\/es\/emprego-na-area-de-vigilante-6-empresas-contratando\/\">Emprego na \u00e1rea de vigilante: 6 empresas contratando<\/a><\/strong><\/p>\n\n\n\n<p>11 de julho de 2024<\/p>","protected":false},"excerpt":{"rendered":"<p>A infla\u00e7\u00e3o \u00e9 um fen\u00f4meno econ\u00f4mico que afeta diretamente a vida de milh\u00f5es de pessoas ao redor do mundo. \u00c9 um conceito complexo, mas fundamental para entender como os pre\u00e7os dos bens e servi\u00e7os mudam ao longo do tempo. O que \u00e9 infla\u00e7\u00e3o? Antes de entrarmos nos detalhes sobre os motivos pelos quais a infla\u00e7\u00e3o&hellip;&nbsp;<\/p>","protected":false},"author":16,"featured_media":39905,"comment_status":"closed","ping_status":"closed","sticky":false,"template":"","format":"standard","meta":{"neve_meta_sidebar":"","neve_meta_container":"","neve_meta_enable_content_width":"","neve_meta_content_width":0,"neve_meta_title_alignment":"","neve_meta_author_avatar":"","neve_post_elements_order":"","neve_meta_disable_header":"","neve_meta_disable_footer":"","neve_meta_disable_title":"","footnotes":""},"categories":[804],"tags":[],"class_list":["post-39893","post","type-post","status-publish","format-standard","has-post-thumbnail","hentry","category-economia"],"yoast_head":"<!-- This site is optimized with the Yoast SEO plugin v27.5 - https:\/\/yoast.com\/product\/yoast-seo-wordpress\/ -->\n<title>Infla\u00e7\u00e3o: Por que aumenta e impactos que geram ao seu bolso -<\/title>\n<meta name=\"description\" content=\"Veja em Vagas de Emprego RJ as vagas de emprego com e sem experi\u00eancia no seu Estado e Regi\u00e3o!\" \/>\n<meta name=\"robots\" content=\"index, follow, max-snippet:-1, max-image-preview:large, max-video-preview:-1\" \/>\n<link rel=\"canonical\" href=\"https:\/\/www.vagadeempregorj.com.br\/es\/inflacao-por-que-aumenta-e-impactos-que-geram-ao-seu-bolso\/\" \/>\n<meta property=\"og:locale\" content=\"es_MX\" \/>\n<meta property=\"og:type\" content=\"article\" \/>\n<meta property=\"og:title\" content=\"Infla\u00e7\u00e3o: Por que aumenta e impactos que geram ao seu bolso -\" \/>\n<meta property=\"og:description\" content=\"Veja em Vagas de Emprego RJ as vagas de emprego com e sem experi\u00eancia no seu Estado e Regi\u00e3o!\" \/>\n<meta property=\"og:url\" content=\"https:\/\/www.vagadeempregorj.com.br\/es\/inflacao-por-que-aumenta-e-impactos-que-geram-ao-seu-bolso\/\" \/>\n<meta property=\"article:publisher\" content=\"https:\/\/www.facebook.com\/empregobrasiloficial\" \/>\n<meta property=\"article:published_time\" content=\"2024-07-11T04:00:00+00:00\" \/>\n<meta property=\"og:image\" content=\"https:\/\/www.vagadeempregorj.com.br\/wp-content\/uploads\/2024\/07\/image-8.png\" \/>\n\t<meta property=\"og:image:width\" content=\"740\" \/>\n\t<meta property=\"og:image:height\" content=\"416\" \/>\n\t<meta property=\"og:image:type\" content=\"image\/png\" \/>\n<meta name=\"author\" content=\"Michele\" \/>\n<meta name=\"twitter:card\" content=\"summary_large_image\" \/>\n<meta name=\"twitter:label1\" content=\"Written by\" \/>\n\t<meta name=\"twitter:data1\" content=\"Michele\" \/>\n\t<meta name=\"twitter:label2\" content=\"Est. reading time\" \/>\n\t<meta name=\"twitter:data2\" content=\"5 minutos\" \/>\n<script type=\"application\/ld+json\" class=\"yoast-schema-graph\">{\"@context\":\"https:\\\/\\\/schema.org\",\"@graph\":[{\"@type\":\"Article\",\"@id\":\"https:\\\/\\\/www.vagadeempregorj.com.br\\\/inflacao-por-que-aumenta-e-impactos-que-geram-ao-seu-bolso\\\/#article\",\"isPartOf\":{\"@id\":\"https:\\\/\\\/www.vagadeempregorj.com.br\\\/inflacao-por-que-aumenta-e-impactos-que-geram-ao-seu-bolso\\\/\"},\"author\":{\"name\":\"Michele\",\"@id\":\"https:\\\/\\\/www.vagadeempregorj.com.br\\\/#\\\/schema\\\/person\\\/3ddb19fa0539706786e502152f3aae95\"},\"headline\":\"Infla\u00e7\u00e3o: Por que aumenta e impactos que geram ao seu bolso\",\"datePublished\":\"2024-07-11T04:00:00+00:00\",\"mainEntityOfPage\":{\"@id\":\"https:\\\/\\\/www.vagadeempregorj.com.br\\\/inflacao-por-que-aumenta-e-impactos-que-geram-ao-seu-bolso\\\/\"},\"wordCount\":975,\"image\":{\"@id\":\"https:\\\/\\\/www.vagadeempregorj.com.br\\\/inflacao-por-que-aumenta-e-impactos-que-geram-ao-seu-bolso\\\/#primaryimage\"},\"thumbnailUrl\":\"https:\\\/\\\/www.vagadeempregorj.com.br\\\/wp-content\\\/uploads\\\/2024\\\/07\\\/image-8.png\",\"articleSection\":[\"Economia\"],\"inLanguage\":\"es\"},{\"@type\":\"WebPage\",\"@id\":\"https:\\\/\\\/www.vagadeempregorj.com.br\\\/inflacao-por-que-aumenta-e-impactos-que-geram-ao-seu-bolso\\\/\",\"url\":\"https:\\\/\\\/www.vagadeempregorj.com.br\\\/inflacao-por-que-aumenta-e-impactos-que-geram-ao-seu-bolso\\\/\",\"name\":\"Infla\u00e7\u00e3o: Por que aumenta e impactos que geram ao seu bolso -\",\"isPartOf\":{\"@id\":\"https:\\\/\\\/www.vagadeempregorj.com.br\\\/#website\"},\"primaryImageOfPage\":{\"@id\":\"https:\\\/\\\/www.vagadeempregorj.com.br\\\/inflacao-por-que-aumenta-e-impactos-que-geram-ao-seu-bolso\\\/#primaryimage\"},\"image\":{\"@id\":\"https:\\\/\\\/www.vagadeempregorj.com.br\\\/inflacao-por-que-aumenta-e-impactos-que-geram-ao-seu-bolso\\\/#primaryimage\"},\"thumbnailUrl\":\"https:\\\/\\\/www.vagadeempregorj.com.br\\\/wp-content\\\/uploads\\\/2024\\\/07\\\/image-8.png\",\"datePublished\":\"2024-07-11T04:00:00+00:00\",\"author\":{\"@id\":\"https:\\\/\\\/www.vagadeempregorj.com.br\\\/#\\\/schema\\\/person\\\/3ddb19fa0539706786e502152f3aae95\"},\"description\":\"Veja em Vagas de Emprego RJ as vagas de emprego com e sem experi\u00eancia no seu Estado e Regi\u00e3o!\",\"breadcrumb\":{\"@id\":\"https:\\\/\\\/www.vagadeempregorj.com.br\\\/inflacao-por-que-aumenta-e-impactos-que-geram-ao-seu-bolso\\\/#breadcrumb\"},\"inLanguage\":\"es\",\"potentialAction\":[{\"@type\":\"ReadAction\",\"target\":[\"https:\\\/\\\/www.vagadeempregorj.com.br\\\/inflacao-por-que-aumenta-e-impactos-que-geram-ao-seu-bolso\\\/\"]}]},{\"@type\":\"ImageObject\",\"inLanguage\":\"es\",\"@id\":\"https:\\\/\\\/www.vagadeempregorj.com.br\\\/inflacao-por-que-aumenta-e-impactos-que-geram-ao-seu-bolso\\\/#primaryimage\",\"url\":\"https:\\\/\\\/www.vagadeempregorj.com.br\\\/wp-content\\\/uploads\\\/2024\\\/07\\\/image-8.png\",\"contentUrl\":\"https:\\\/\\\/www.vagadeempregorj.com.br\\\/wp-content\\\/uploads\\\/2024\\\/07\\\/image-8.png\",\"width\":740,\"height\":416},{\"@type\":\"BreadcrumbList\",\"@id\":\"https:\\\/\\\/www.vagadeempregorj.com.br\\\/inflacao-por-que-aumenta-e-impactos-que-geram-ao-seu-bolso\\\/#breadcrumb\",\"itemListElement\":[{\"@type\":\"ListItem\",\"position\":1,\"name\":\"In\u00edcio\",\"item\":\"https:\\\/\\\/www.vagadeempregorj.com.br\\\/\"},{\"@type\":\"ListItem\",\"position\":2,\"name\":\"Economia\",\"item\":\"https:\\\/\\\/www.vagadeempregorj.com.br\\\/economia\\\/\"},{\"@type\":\"ListItem\",\"position\":3,\"name\":\"Infla\u00e7\u00e3o: Por que aumenta e impactos que geram ao seu bolso\"}]},{\"@type\":\"WebSite\",\"@id\":\"https:\\\/\\\/www.vagadeempregorj.com.br\\\/#website\",\"url\":\"https:\\\/\\\/www.vagadeempregorj.com.br\\\/\",\"name\":\"\",\"description\":\"Conquiste Sonhos: Vagas, Benef\u00edcios e Economia para Transformar Vidas e Alcan\u00e7ar Melhorias Cotidianas\",\"potentialAction\":[{\"@type\":\"SearchAction\",\"target\":{\"@type\":\"EntryPoint\",\"urlTemplate\":\"https:\\\/\\\/www.vagadeempregorj.com.br\\\/?s={search_term_string}\"},\"query-input\":{\"@type\":\"PropertyValueSpecification\",\"valueRequired\":true,\"valueName\":\"search_term_string\"}}],\"inLanguage\":\"es\"},{\"@type\":\"Person\",\"@id\":\"https:\\\/\\\/www.vagadeempregorj.com.br\\\/#\\\/schema\\\/person\\\/3ddb19fa0539706786e502152f3aae95\",\"name\":\"Michele\",\"image\":{\"@type\":\"ImageObject\",\"inLanguage\":\"es\",\"@id\":\"https:\\\/\\\/secure.gravatar.com\\\/avatar\\\/6b0eb9d22841282815e2cd856a0061c45e1761cd54b22e952d98c4746939aa85?s=96&r=g\",\"url\":\"https:\\\/\\\/secure.gravatar.com\\\/avatar\\\/6b0eb9d22841282815e2cd856a0061c45e1761cd54b22e952d98c4746939aa85?s=96&r=g\",\"contentUrl\":\"https:\\\/\\\/secure.gravatar.com\\\/avatar\\\/6b0eb9d22841282815e2cd856a0061c45e1761cd54b22e952d98c4746939aa85?s=96&r=g\",\"caption\":\"Michele\"},\"description\":\"Formada em Letras - Portugu\u00eas\\\/ Ingl\u00eas, e idealizadora do site Escritora de Sucesso, busca expandir o conhecimento de todos com informa\u00e7\u00f5es relevantes sobre diversos assuntos, enquanto redatora. No Vaga de Emprego RJ, traz oportunidades e dicas sobre o mercado de trabalho.\",\"url\":\"https:\\\/\\\/www.vagadeempregorj.com.br\\\/es\\\/author\\\/michele\\\/\"}]}<\/script>\n<!-- \/ Yoast SEO plugin. -->","yoast_head_json":{"title":"Infla\u00e7\u00e3o: Por que aumenta e impactos que geram ao seu bolso -","description":"Veja em Vagas de Emprego RJ as vagas de emprego com e sem experi\u00eancia no seu Estado e Regi\u00e3o!","robots":{"index":"index","follow":"follow","max-snippet":"max-snippet:-1","max-image-preview":"max-image-preview:large","max-video-preview":"max-video-preview:-1"},"canonical":"https:\/\/www.vagadeempregorj.com.br\/es\/inflacao-por-que-aumenta-e-impactos-que-geram-ao-seu-bolso\/","og_locale":"es_MX","og_type":"article","og_title":"Infla\u00e7\u00e3o: Por que aumenta e impactos que geram ao seu bolso -","og_description":"Veja em Vagas de Emprego RJ as vagas de emprego com e sem experi\u00eancia no seu Estado e Regi\u00e3o!","og_url":"https:\/\/www.vagadeempregorj.com.br\/es\/inflacao-por-que-aumenta-e-impactos-que-geram-ao-seu-bolso\/","article_publisher":"https:\/\/www.facebook.com\/empregobrasiloficial","article_published_time":"2024-07-11T04:00:00+00:00","og_image":[{"width":740,"height":416,"url":"https:\/\/www.vagadeempregorj.com.br\/wp-content\/uploads\/2024\/07\/image-8.png","type":"image\/png"}],"author":"Michele","twitter_card":"summary_large_image","twitter_misc":{"Written by":"Michele","Est. reading time":"5 minutos"},"schema":{"@context":"https:\/\/schema.org","@graph":[{"@type":"Article","@id":"https:\/\/www.vagadeempregorj.com.br\/inflacao-por-que-aumenta-e-impactos-que-geram-ao-seu-bolso\/#article","isPartOf":{"@id":"https:\/\/www.vagadeempregorj.com.br\/inflacao-por-que-aumenta-e-impactos-que-geram-ao-seu-bolso\/"},"author":{"name":"Michele","@id":"https:\/\/www.vagadeempregorj.com.br\/#\/schema\/person\/3ddb19fa0539706786e502152f3aae95"},"headline":"Infla\u00e7\u00e3o: Por que aumenta e impactos que geram ao seu bolso","datePublished":"2024-07-11T04:00:00+00:00","mainEntityOfPage":{"@id":"https:\/\/www.vagadeempregorj.com.br\/inflacao-por-que-aumenta-e-impactos-que-geram-ao-seu-bolso\/"},"wordCount":975,"image":{"@id":"https:\/\/www.vagadeempregorj.com.br\/inflacao-por-que-aumenta-e-impactos-que-geram-ao-seu-bolso\/#primaryimage"},"thumbnailUrl":"https:\/\/www.vagadeempregorj.com.br\/wp-content\/uploads\/2024\/07\/image-8.png","articleSection":["Economia"],"inLanguage":"es"},{"@type":"WebPage","@id":"https:\/\/www.vagadeempregorj.com.br\/inflacao-por-que-aumenta-e-impactos-que-geram-ao-seu-bolso\/","url":"https:\/\/www.vagadeempregorj.com.br\/inflacao-por-que-aumenta-e-impactos-que-geram-ao-seu-bolso\/","name":"Infla\u00e7\u00e3o: Por que aumenta e impactos que geram ao seu bolso -","isPartOf":{"@id":"https:\/\/www.vagadeempregorj.com.br\/#website"},"primaryImageOfPage":{"@id":"https:\/\/www.vagadeempregorj.com.br\/inflacao-por-que-aumenta-e-impactos-que-geram-ao-seu-bolso\/#primaryimage"},"image":{"@id":"https:\/\/www.vagadeempregorj.com.br\/inflacao-por-que-aumenta-e-impactos-que-geram-ao-seu-bolso\/#primaryimage"},"thumbnailUrl":"https:\/\/www.vagadeempregorj.com.br\/wp-content\/uploads\/2024\/07\/image-8.png","datePublished":"2024-07-11T04:00:00+00:00","author":{"@id":"https:\/\/www.vagadeempregorj.com.br\/#\/schema\/person\/3ddb19fa0539706786e502152f3aae95"},"description":"Veja em Vagas de Emprego RJ as vagas de emprego com e sem experi\u00eancia no seu Estado e Regi\u00e3o!","breadcrumb":{"@id":"https:\/\/www.vagadeempregorj.com.br\/inflacao-por-que-aumenta-e-impactos-que-geram-ao-seu-bolso\/#breadcrumb"},"inLanguage":"es","potentialAction":[{"@type":"ReadAction","target":["https:\/\/www.vagadeempregorj.com.br\/inflacao-por-que-aumenta-e-impactos-que-geram-ao-seu-bolso\/"]}]},{"@type":"ImageObject","inLanguage":"es","@id":"https:\/\/www.vagadeempregorj.com.br\/inflacao-por-que-aumenta-e-impactos-que-geram-ao-seu-bolso\/#primaryimage","url":"https:\/\/www.vagadeempregorj.com.br\/wp-content\/uploads\/2024\/07\/image-8.png","contentUrl":"https:\/\/www.vagadeempregorj.com.br\/wp-content\/uploads\/2024\/07\/image-8.png","width":740,"height":416},{"@type":"BreadcrumbList","@id":"https:\/\/www.vagadeempregorj.com.br\/inflacao-por-que-aumenta-e-impactos-que-geram-ao-seu-bolso\/#breadcrumb","itemListElement":[{"@type":"ListItem","position":1,"name":"In\u00edcio","item":"https:\/\/www.vagadeempregorj.com.br\/"},{"@type":"ListItem","position":2,"name":"Economia","item":"https:\/\/www.vagadeempregorj.com.br\/economia\/"},{"@type":"ListItem","position":3,"name":"Infla\u00e7\u00e3o: Por que aumenta e impactos que geram ao seu bolso"}]},{"@type":"WebSite","@id":"https:\/\/www.vagadeempregorj.com.br\/#website","url":"https:\/\/www.vagadeempregorj.com.br\/","name":"","description":"Conquiste Sonhos: Vagas, Benef\u00edcios e Economia para Transformar Vidas e Alcan\u00e7ar Melhorias Cotidianas","potentialAction":[{"@type":"SearchAction","target":{"@type":"EntryPoint","urlTemplate":"https:\/\/www.vagadeempregorj.com.br\/?s={search_term_string}"},"query-input":{"@type":"PropertyValueSpecification","valueRequired":true,"valueName":"search_term_string"}}],"inLanguage":"es"},{"@type":"Person","@id":"https:\/\/www.vagadeempregorj.com.br\/#\/schema\/person\/3ddb19fa0539706786e502152f3aae95","name":"Michele","image":{"@type":"ImageObject","inLanguage":"es","@id":"https:\/\/secure.gravatar.com\/avatar\/6b0eb9d22841282815e2cd856a0061c45e1761cd54b22e952d98c4746939aa85?s=96&r=g","url":"https:\/\/secure.gravatar.com\/avatar\/6b0eb9d22841282815e2cd856a0061c45e1761cd54b22e952d98c4746939aa85?s=96&r=g","contentUrl":"https:\/\/secure.gravatar.com\/avatar\/6b0eb9d22841282815e2cd856a0061c45e1761cd54b22e952d98c4746939aa85?s=96&r=g","caption":"Michele"},"description":"Formada em Letras - Portugu\u00eas\/ Ingl\u00eas, e idealizadora do site Escritora de Sucesso, busca expandir o conhecimento de todos com informa\u00e7\u00f5es relevantes sobre diversos assuntos, enquanto redatora. No Vaga de Emprego RJ, traz oportunidades e dicas sobre o mercado de trabalho.","url":"https:\/\/www.vagadeempregorj.com.br\/es\/author\/michele\/"}]}},"_links":{"self":[{"href":"https:\/\/www.vagadeempregorj.com.br\/es\/wp-json\/wp\/v2\/posts\/39893","targetHints":{"allow":["GET"]}}],"collection":[{"href":"https:\/\/www.vagadeempregorj.com.br\/es\/wp-json\/wp\/v2\/posts"}],"about":[{"href":"https:\/\/www.vagadeempregorj.com.br\/es\/wp-json\/wp\/v2\/types\/post"}],"author":[{"embeddable":true,"href":"https:\/\/www.vagadeempregorj.com.br\/es\/wp-json\/wp\/v2\/users\/16"}],"replies":[{"embeddable":true,"href":"https:\/\/www.vagadeempregorj.com.br\/es\/wp-json\/wp\/v2\/comments?post=39893"}],"version-history":[{"count":0,"href":"https:\/\/www.vagadeempregorj.com.br\/es\/wp-json\/wp\/v2\/posts\/39893\/revisions"}],"wp:featuredmedia":[{"embeddable":true,"href":"https:\/\/www.vagadeempregorj.com.br\/es\/wp-json\/wp\/v2\/media\/39905"}],"wp:attachment":[{"href":"https:\/\/www.vagadeempregorj.com.br\/es\/wp-json\/wp\/v2\/media?parent=39893"}],"wp:term":[{"taxonomy":"category","embeddable":true,"href":"https:\/\/www.vagadeempregorj.com.br\/es\/wp-json\/wp\/v2\/categories?post=39893"},{"taxonomy":"post_tag","embeddable":true,"href":"https:\/\/www.vagadeempregorj.com.br\/es\/wp-json\/wp\/v2\/tags?post=39893"}],"curies":[{"name":"wp","href":"https:\/\/api.w.org\/{rel}","templated":true}]}}