{"id":39914,"date":"2024-07-08T23:29:20","date_gmt":"2024-07-09T02:29:20","guid":{"rendered":"https:\/\/www.vagadeempregorj.com.br\/?p=39914"},"modified":"2024-07-08T23:29:21","modified_gmt":"2024-07-09T02:29:21","slug":"vagas-de-emprego-na-electrolux-mais-de-100-oportunidades-abertas","status":"publish","type":"post","link":"https:\/\/www.vagadeempregorj.com.br\/es\/vagas-de-emprego-na-electrolux-mais-de-100-oportunidades-abertas\/","title":{"rendered":"Vagas de emprego na Electrolux: Mais de 100 oportunidades abertas"},"content":{"rendered":"<p>A busca por oportunidades de emprego tem se intensificado, impulsionada pela necessidade de muitos profissionais de se reinventarem em um mercado de trabalho em constante evolu\u00e7\u00e3o.&nbsp;<\/p>\n\n\n\n<p>Empresas l\u00edderes como a <strong>Electrolux <\/strong>t\u00eam desempenhado um papel crucial ao oferecer n\u00e3o apenas empregos, mas tamb\u00e9m oportunidades de carreira promissoras em diversas \u00e1reas.\u00a0<\/p>\n\n\n\n<p>Com mais de 100 vagas atualmente abertas, a Electrolux se destaca como uma das principais empregadoras no setor de eletrodom\u00e9sticos, proporcionando um ambiente de trabalho din\u00e2mico e inovador para seus colaboradores.<\/p>\n\n\n\n<h2 class=\"wp-block-heading\">Sobre a Electrolux<\/h2>\n\n\n\n<p>Fundada em 1919 e sediada em Estocolmo, na Su\u00e9cia, a Electrolux \u00e9 uma das maiores fabricantes globais de eletrodom\u00e9sticos para uso dom\u00e9stico e profissional.\u00a0<\/p>\n\n\n\n<figure class=\"wp-block-image size-large\"><img loading=\"lazy\" decoding=\"async\" width=\"1024\" height=\"538\" src=\"https:\/\/www.vagadeempregorj.com.br\/wp-content\/uploads\/2024\/07\/image-12-1024x538.png\" alt=\"\" class=\"wp-image-39920\" srcset=\"https:\/\/www.vagadeempregorj.com.br\/wp-content\/uploads\/2024\/07\/image-12-1024x538.png 1024w, https:\/\/www.vagadeempregorj.com.br\/wp-content\/uploads\/2024\/07\/image-12-300x158.png 300w, https:\/\/www.vagadeempregorj.com.br\/wp-content\/uploads\/2024\/07\/image-12-768x403.png 768w, https:\/\/www.vagadeempregorj.com.br\/wp-content\/uploads\/2024\/07\/image-12-150x79.png 150w, https:\/\/www.vagadeempregorj.com.br\/wp-content\/uploads\/2024\/07\/image-12.png 1200w\" sizes=\"auto, (max-width: 1024px) 100vw, 1024px\" \/><\/figure>\n\n\n\n<p>Com presen\u00e7a em mais de 150 pa\u00edses e uma extensa linha de produtos que inclui desde refrigeradores e m\u00e1quinas de lavar at\u00e9 aparelhos de ar condicionado e aspiradores de p\u00f3, a empresa se destaca por sua inova\u00e7\u00e3o cont\u00ednua e compromisso com a sustentabilidade.<\/p>\n\n\n\n<p>No Brasil, a Electrolux opera h\u00e1 d\u00e9cadas, contribuindo significativamente para a economia local e oferecendo emprego a milhares de brasileiros em suas diversas unidades e escrit\u00f3rios pelo pa\u00eds.&nbsp;<\/p>\n\n\n\n<p>Al\u00e9m de seu impacto econ\u00f4mico, tamb\u00e9m investe em iniciativas sociais e ambientais, demonstrando seu comprometimento com a responsabilidade corporativa e a comunidade.<\/p>\n\n\n\n<h2 class=\"wp-block-heading\">Oportunidades de emprego abertas na Electrolux<\/h2>\n\n\n\n<p>Com a miss\u00e3o de transformar a vida das pessoas por meio de experi\u00eancias excepcionais com seus produtos, a Electrolux est\u00e1 buscando talentos em diversas \u00e1reas para integrar sua equipe.&nbsp;<\/p>\n\n\n\n<p>Atualmente, mais de 100 vagas est\u00e3o dispon\u00edveis, abrangendo desde oportunidades operacionais at\u00e9 cargos estrat\u00e9gicos em \u00e1reas como:<\/p>\n\n\n\n<h3 class=\"wp-block-heading\">1. Engenharia de produ\u00e7\u00e3o<\/h3>\n\n\n\n<p>Para profissionais com experi\u00eancia em processos industriais, automa\u00e7\u00e3o e otimiza\u00e7\u00e3o de produ\u00e7\u00e3o, a Electrolux oferece oportunidades desafiadoras para contribuir diretamente na melhoria cont\u00ednua de suas linhas de fabrica\u00e7\u00e3o.<\/p>\n\n\n\n<h3 class=\"wp-block-heading\">2. Marketing digital e e-commerce<\/h3>\n\n\n\n<p>Com o crescimento do com\u00e9rcio eletr\u00f4nico, a companhia est\u00e1 expandindo sua equipe de marketing digital e e-commerce, buscando profissionais criativos e anal\u00edticos para impulsionar suas estrat\u00e9gias de vendas online.<\/p>\n\n\n\n<h3 class=\"wp-block-heading\">3. Tecnologia da informa\u00e7\u00e3o<\/h3>\n\n\n\n<p>Em um mundo cada vez mais digital, a Electrolux est\u00e1 investindo em talentos da \u00e1rea de TI para fortalecer sua infraestrutura tecnol\u00f3gica e desenvolver solu\u00e7\u00f5es inovadoras que impulsionem o neg\u00f3cio.<\/p>\n\n\n\n<h3 class=\"wp-block-heading\">4. Recursos humanos e desenvolvimento organizacional<\/h3>\n\n\n\n<p>Para aqueles interessados \u200b\u200bem desenvolver carreiras na \u00e1rea de recursos humanos, a companhia oferece oportunidades para trabalhar no recrutamento, desenvolvimento de talentos e gest\u00e3o estrat\u00e9gica de pessoas.<\/p>\n\n\n\n<h3 class=\"wp-block-heading\">5. Sustentabilidade e responsabilidade social corporativa<\/h3>\n\n\n\n<p>Com um compromisso global com a sustentabilidade, a empresa procura profissionais engajados em impulsionar iniciativas ambientais e responsabilidade social dentro da empresa e nas comunidades onde opera.<\/p>\n\n\n\n<p>Essas s\u00e3o apenas algumas das \u00e1reas em que a Electrolux est\u00e1 recrutando atualmente. As vagas s\u00e3o destinadas a candidatos com diferentes n\u00edveis de experi\u00eancia, desde rec\u00e9m-formados at\u00e9 profissionais seniores, proporcionando oportunidades de crescimento profissional e desenvolvimento de carreira dentro de uma empresa globalmente reconhecida.<\/p>\n\n\n\n<h2 class=\"wp-block-heading\">Como se candidatar<\/h2>\n\n\n\n<p>Para se candidatar a uma das vagas na Electrolux, o processo \u00e9 realizado atrav\u00e9s da <a href=\"https:\/\/projeta.electrolux.com.br\/\">plataforma de cadastro<\/a>, um sistema moderno e intuitivo que facilita a aplica\u00e7\u00e3o e acompanhamento das oportunidades dispon\u00edveis. A seguir, um guia para iniciar sua jornada:<\/p>\n\n\n\n<h3 class=\"wp-block-heading\">Passo 1: Acesse o site da Electrolux ou a plataforma de cadastro<\/h3>\n\n\n\n<p>Visite o site oficial da Electrolux ou acesse diretamente a plataforma de cadastro para verificar todas as vagas dispon\u00edveis atualmente. \u00c9 recomend\u00e1vel explorar as descri\u00e7\u00f5es de cargo com cuidado para entender os requisitos espec\u00edficos de cada posi\u00e7\u00e3o.<\/p>\n\n\n\n<h3 class=\"wp-block-heading\">Passo 2: Entrevista e sele\u00e7\u00e3o<\/h3>\n\n\n\n<p>Se selecionado para entrevistas, esteja preparado para discutir suas qualifica\u00e7\u00f5es, experi\u00eancias e motivos pelos quais deseja fazer parte da equipe da Electrolux. Demonstre entusiasmo pela oportunidade e esteja aberto para discutir como suas habilidades podem contribuir para o sucesso da empresa.<\/p>\n\n\n\n<h2 class=\"wp-block-heading\">Uma carreira gratificante<\/h2>\n\n\n\n<p>As oportunidades de emprego na Electrolux representam mais do que simplesmente uma chance de trabalho; elas s\u00e3o portas abertas para uma carreira gratificante em uma empresa globalmente reconhecida por sua inova\u00e7\u00e3o e compromisso com a excel\u00eancia.<\/p>\n\n\n\n<p><strong>Veja tamb\u00e9m: <a href=\"https:\/\/www.vagadeempregorj.com.br\/es\/vagas-de-emprego-na-ems-mais-de-140-oportunidades-abertas\/\">Vagas de emprego na EMS: Mais de 140 oportunidades abertas<\/a><\/strong><\/p>\n\n\n\n<p>8 de julho de 2024<\/p>","protected":false},"excerpt":{"rendered":"<p>A busca por oportunidades de emprego tem se intensificado, impulsionada pela necessidade de muitos profissionais de se reinventarem em um mercado de trabalho em constante evolu\u00e7\u00e3o.&nbsp; Empresas l\u00edderes como a Electrolux t\u00eam desempenhado um papel crucial ao oferecer n\u00e3o apenas empregos, mas tamb\u00e9m oportunidades de carreira promissoras em diversas \u00e1reas.\u00a0 Com mais de 100 vagas&hellip;&nbsp;<\/p>","protected":false},"author":16,"featured_media":39920,"comment_status":"closed","ping_status":"closed","sticky":false,"template":"","format":"standard","meta":{"neve_meta_sidebar":"","neve_meta_container":"","neve_meta_enable_content_width":"","neve_meta_content_width":0,"neve_meta_title_alignment":"","neve_meta_author_avatar":"","neve_post_elements_order":"","neve_meta_disable_header":"","neve_meta_disable_footer":"","neve_meta_disable_title":"","footnotes":""},"categories":[123],"tags":[830,608],"class_list":["post-39914","post","type-post","status-publish","format-standard","has-post-thumbnail","hentry","category-vagas-de-emprego-nacionais","tag-empregos","tag-oportunidades"],"yoast_head":"<!-- This site is optimized with the Yoast SEO plugin v27.5 - https:\/\/yoast.com\/product\/yoast-seo-wordpress\/ -->\n<title>Vagas de emprego na Electrolux: Mais de 100 oportunidades abertas -<\/title>\n<meta name=\"description\" content=\"Veja em Vagas de Emprego RJ as vagas de emprego com e sem experi\u00eancia no seu Estado e Regi\u00e3o!\" \/>\n<meta name=\"robots\" content=\"index, follow, max-snippet:-1, max-image-preview:large, max-video-preview:-1\" \/>\n<link rel=\"canonical\" href=\"https:\/\/www.vagadeempregorj.com.br\/es\/vagas-de-emprego-na-electrolux-mais-de-100-oportunidades-abertas\/\" \/>\n<meta property=\"og:locale\" content=\"es_MX\" \/>\n<meta property=\"og:type\" content=\"article\" \/>\n<meta property=\"og:title\" content=\"Vagas de emprego na Electrolux: Mais de 100 oportunidades abertas -\" \/>\n<meta property=\"og:description\" content=\"Veja em Vagas de Emprego RJ as vagas de emprego com e sem experi\u00eancia no seu Estado e Regi\u00e3o!\" \/>\n<meta property=\"og:url\" content=\"https:\/\/www.vagadeempregorj.com.br\/es\/vagas-de-emprego-na-electrolux-mais-de-100-oportunidades-abertas\/\" \/>\n<meta property=\"article:publisher\" content=\"https:\/\/www.facebook.com\/empregobrasiloficial\" \/>\n<meta property=\"article:published_time\" content=\"2024-07-09T02:29:20+00:00\" \/>\n<meta property=\"article:modified_time\" content=\"2024-07-09T02:29:21+00:00\" \/>\n<meta property=\"og:image\" content=\"https:\/\/www.vagadeempregorj.com.br\/wp-content\/uploads\/2024\/07\/image-12.png\" \/>\n\t<meta property=\"og:image:width\" content=\"1200\" \/>\n\t<meta property=\"og:image:height\" content=\"630\" \/>\n\t<meta property=\"og:image:type\" content=\"image\/png\" \/>\n<meta name=\"author\" content=\"Michele\" \/>\n<meta name=\"twitter:card\" content=\"summary_large_image\" \/>\n<meta name=\"twitter:label1\" content=\"Written by\" \/>\n\t<meta name=\"twitter:data1\" content=\"Michele\" \/>\n\t<meta name=\"twitter:label2\" content=\"Est. reading time\" \/>\n\t<meta name=\"twitter:data2\" content=\"4 minutos\" \/>\n<script type=\"application\/ld+json\" class=\"yoast-schema-graph\">{\"@context\":\"https:\\\/\\\/schema.org\",\"@graph\":[{\"@type\":\"Article\",\"@id\":\"https:\\\/\\\/www.vagadeempregorj.com.br\\\/vagas-de-emprego-na-electrolux-mais-de-100-oportunidades-abertas\\\/#article\",\"isPartOf\":{\"@id\":\"https:\\\/\\\/www.vagadeempregorj.com.br\\\/vagas-de-emprego-na-electrolux-mais-de-100-oportunidades-abertas\\\/\"},\"author\":{\"name\":\"Michele\",\"@id\":\"https:\\\/\\\/www.vagadeempregorj.com.br\\\/#\\\/schema\\\/person\\\/3ddb19fa0539706786e502152f3aae95\"},\"headline\":\"Vagas de emprego na Electrolux: Mais de 100 oportunidades abertas\",\"datePublished\":\"2024-07-09T02:29:20+00:00\",\"dateModified\":\"2024-07-09T02:29:21+00:00\",\"mainEntityOfPage\":{\"@id\":\"https:\\\/\\\/www.vagadeempregorj.com.br\\\/vagas-de-emprego-na-electrolux-mais-de-100-oportunidades-abertas\\\/\"},\"wordCount\":715,\"image\":{\"@id\":\"https:\\\/\\\/www.vagadeempregorj.com.br\\\/vagas-de-emprego-na-electrolux-mais-de-100-oportunidades-abertas\\\/#primaryimage\"},\"thumbnailUrl\":\"https:\\\/\\\/www.vagadeempregorj.com.br\\\/wp-content\\\/uploads\\\/2024\\\/07\\\/image-12.png\",\"keywords\":[\"empregos\",\"oportunidades\"],\"articleSection\":[\"Vagas de Emprego Nacionais\"],\"inLanguage\":\"es\"},{\"@type\":\"WebPage\",\"@id\":\"https:\\\/\\\/www.vagadeempregorj.com.br\\\/vagas-de-emprego-na-electrolux-mais-de-100-oportunidades-abertas\\\/\",\"url\":\"https:\\\/\\\/www.vagadeempregorj.com.br\\\/vagas-de-emprego-na-electrolux-mais-de-100-oportunidades-abertas\\\/\",\"name\":\"Vagas de emprego na Electrolux: Mais de 100 oportunidades abertas -\",\"isPartOf\":{\"@id\":\"https:\\\/\\\/www.vagadeempregorj.com.br\\\/#website\"},\"primaryImageOfPage\":{\"@id\":\"https:\\\/\\\/www.vagadeempregorj.com.br\\\/vagas-de-emprego-na-electrolux-mais-de-100-oportunidades-abertas\\\/#primaryimage\"},\"image\":{\"@id\":\"https:\\\/\\\/www.vagadeempregorj.com.br\\\/vagas-de-emprego-na-electrolux-mais-de-100-oportunidades-abertas\\\/#primaryimage\"},\"thumbnailUrl\":\"https:\\\/\\\/www.vagadeempregorj.com.br\\\/wp-content\\\/uploads\\\/2024\\\/07\\\/image-12.png\",\"datePublished\":\"2024-07-09T02:29:20+00:00\",\"dateModified\":\"2024-07-09T02:29:21+00:00\",\"author\":{\"@id\":\"https:\\\/\\\/www.vagadeempregorj.com.br\\\/#\\\/schema\\\/person\\\/3ddb19fa0539706786e502152f3aae95\"},\"description\":\"Veja em Vagas de Emprego RJ as vagas de emprego com e sem experi\u00eancia no seu Estado e Regi\u00e3o!\",\"breadcrumb\":{\"@id\":\"https:\\\/\\\/www.vagadeempregorj.com.br\\\/vagas-de-emprego-na-electrolux-mais-de-100-oportunidades-abertas\\\/#breadcrumb\"},\"inLanguage\":\"es\",\"potentialAction\":[{\"@type\":\"ReadAction\",\"target\":[\"https:\\\/\\\/www.vagadeempregorj.com.br\\\/vagas-de-emprego-na-electrolux-mais-de-100-oportunidades-abertas\\\/\"]}]},{\"@type\":\"ImageObject\",\"inLanguage\":\"es\",\"@id\":\"https:\\\/\\\/www.vagadeempregorj.com.br\\\/vagas-de-emprego-na-electrolux-mais-de-100-oportunidades-abertas\\\/#primaryimage\",\"url\":\"https:\\\/\\\/www.vagadeempregorj.com.br\\\/wp-content\\\/uploads\\\/2024\\\/07\\\/image-12.png\",\"contentUrl\":\"https:\\\/\\\/www.vagadeempregorj.com.br\\\/wp-content\\\/uploads\\\/2024\\\/07\\\/image-12.png\",\"width\":1200,\"height\":630},{\"@type\":\"BreadcrumbList\",\"@id\":\"https:\\\/\\\/www.vagadeempregorj.com.br\\\/vagas-de-emprego-na-electrolux-mais-de-100-oportunidades-abertas\\\/#breadcrumb\",\"itemListElement\":[{\"@type\":\"ListItem\",\"position\":1,\"name\":\"In\u00edcio\",\"item\":\"https:\\\/\\\/www.vagadeempregorj.com.br\\\/\"},{\"@type\":\"ListItem\",\"position\":2,\"name\":\"Vagas de Emprego Nacionais\",\"item\":\"https:\\\/\\\/www.vagadeempregorj.com.br\\\/vagas-de-emprego-nacionais\\\/\"},{\"@type\":\"ListItem\",\"position\":3,\"name\":\"Vagas de emprego na Electrolux: Mais de 100 oportunidades abertas\"}]},{\"@type\":\"WebSite\",\"@id\":\"https:\\\/\\\/www.vagadeempregorj.com.br\\\/#website\",\"url\":\"https:\\\/\\\/www.vagadeempregorj.com.br\\\/\",\"name\":\"\",\"description\":\"Conquiste Sonhos: Vagas, Benef\u00edcios e Economia para Transformar Vidas e Alcan\u00e7ar Melhorias Cotidianas\",\"potentialAction\":[{\"@type\":\"SearchAction\",\"target\":{\"@type\":\"EntryPoint\",\"urlTemplate\":\"https:\\\/\\\/www.vagadeempregorj.com.br\\\/?s={search_term_string}\"},\"query-input\":{\"@type\":\"PropertyValueSpecification\",\"valueRequired\":true,\"valueName\":\"search_term_string\"}}],\"inLanguage\":\"es\"},{\"@type\":\"Person\",\"@id\":\"https:\\\/\\\/www.vagadeempregorj.com.br\\\/#\\\/schema\\\/person\\\/3ddb19fa0539706786e502152f3aae95\",\"name\":\"Michele\",\"image\":{\"@type\":\"ImageObject\",\"inLanguage\":\"es\",\"@id\":\"https:\\\/\\\/secure.gravatar.com\\\/avatar\\\/6b0eb9d22841282815e2cd856a0061c45e1761cd54b22e952d98c4746939aa85?s=96&r=g\",\"url\":\"https:\\\/\\\/secure.gravatar.com\\\/avatar\\\/6b0eb9d22841282815e2cd856a0061c45e1761cd54b22e952d98c4746939aa85?s=96&r=g\",\"contentUrl\":\"https:\\\/\\\/secure.gravatar.com\\\/avatar\\\/6b0eb9d22841282815e2cd856a0061c45e1761cd54b22e952d98c4746939aa85?s=96&r=g\",\"caption\":\"Michele\"},\"description\":\"Formada em Letras - Portugu\u00eas\\\/ Ingl\u00eas, e idealizadora do site Escritora de Sucesso, busca expandir o conhecimento de todos com informa\u00e7\u00f5es relevantes sobre diversos assuntos, enquanto redatora. No Vaga de Emprego RJ, traz oportunidades e dicas sobre o mercado de trabalho.\",\"url\":\"https:\\\/\\\/www.vagadeempregorj.com.br\\\/es\\\/author\\\/michele\\\/\"}]}<\/script>\n<!-- \/ Yoast SEO plugin. -->","yoast_head_json":{"title":"Vagas de emprego na Electrolux: Mais de 100 oportunidades abertas -","description":"Veja em Vagas de Emprego RJ as vagas de emprego com e sem experi\u00eancia no seu Estado e Regi\u00e3o!","robots":{"index":"index","follow":"follow","max-snippet":"max-snippet:-1","max-image-preview":"max-image-preview:large","max-video-preview":"max-video-preview:-1"},"canonical":"https:\/\/www.vagadeempregorj.com.br\/es\/vagas-de-emprego-na-electrolux-mais-de-100-oportunidades-abertas\/","og_locale":"es_MX","og_type":"article","og_title":"Vagas de emprego na Electrolux: Mais de 100 oportunidades abertas -","og_description":"Veja em Vagas de Emprego RJ as vagas de emprego com e sem experi\u00eancia no seu Estado e Regi\u00e3o!","og_url":"https:\/\/www.vagadeempregorj.com.br\/es\/vagas-de-emprego-na-electrolux-mais-de-100-oportunidades-abertas\/","article_publisher":"https:\/\/www.facebook.com\/empregobrasiloficial","article_published_time":"2024-07-09T02:29:20+00:00","article_modified_time":"2024-07-09T02:29:21+00:00","og_image":[{"width":1200,"height":630,"url":"https:\/\/www.vagadeempregorj.com.br\/wp-content\/uploads\/2024\/07\/image-12.png","type":"image\/png"}],"author":"Michele","twitter_card":"summary_large_image","twitter_misc":{"Written by":"Michele","Est. reading time":"4 minutos"},"schema":{"@context":"https:\/\/schema.org","@graph":[{"@type":"Article","@id":"https:\/\/www.vagadeempregorj.com.br\/vagas-de-emprego-na-electrolux-mais-de-100-oportunidades-abertas\/#article","isPartOf":{"@id":"https:\/\/www.vagadeempregorj.com.br\/vagas-de-emprego-na-electrolux-mais-de-100-oportunidades-abertas\/"},"author":{"name":"Michele","@id":"https:\/\/www.vagadeempregorj.com.br\/#\/schema\/person\/3ddb19fa0539706786e502152f3aae95"},"headline":"Vagas de emprego na Electrolux: Mais de 100 oportunidades abertas","datePublished":"2024-07-09T02:29:20+00:00","dateModified":"2024-07-09T02:29:21+00:00","mainEntityOfPage":{"@id":"https:\/\/www.vagadeempregorj.com.br\/vagas-de-emprego-na-electrolux-mais-de-100-oportunidades-abertas\/"},"wordCount":715,"image":{"@id":"https:\/\/www.vagadeempregorj.com.br\/vagas-de-emprego-na-electrolux-mais-de-100-oportunidades-abertas\/#primaryimage"},"thumbnailUrl":"https:\/\/www.vagadeempregorj.com.br\/wp-content\/uploads\/2024\/07\/image-12.png","keywords":["empregos","oportunidades"],"articleSection":["Vagas de Emprego Nacionais"],"inLanguage":"es"},{"@type":"WebPage","@id":"https:\/\/www.vagadeempregorj.com.br\/vagas-de-emprego-na-electrolux-mais-de-100-oportunidades-abertas\/","url":"https:\/\/www.vagadeempregorj.com.br\/vagas-de-emprego-na-electrolux-mais-de-100-oportunidades-abertas\/","name":"Vagas de emprego na Electrolux: Mais de 100 oportunidades abertas -","isPartOf":{"@id":"https:\/\/www.vagadeempregorj.com.br\/#website"},"primaryImageOfPage":{"@id":"https:\/\/www.vagadeempregorj.com.br\/vagas-de-emprego-na-electrolux-mais-de-100-oportunidades-abertas\/#primaryimage"},"image":{"@id":"https:\/\/www.vagadeempregorj.com.br\/vagas-de-emprego-na-electrolux-mais-de-100-oportunidades-abertas\/#primaryimage"},"thumbnailUrl":"https:\/\/www.vagadeempregorj.com.br\/wp-content\/uploads\/2024\/07\/image-12.png","datePublished":"2024-07-09T02:29:20+00:00","dateModified":"2024-07-09T02:29:21+00:00","author":{"@id":"https:\/\/www.vagadeempregorj.com.br\/#\/schema\/person\/3ddb19fa0539706786e502152f3aae95"},"description":"Veja em Vagas de Emprego RJ as vagas de emprego com e sem experi\u00eancia no seu Estado e Regi\u00e3o!","breadcrumb":{"@id":"https:\/\/www.vagadeempregorj.com.br\/vagas-de-emprego-na-electrolux-mais-de-100-oportunidades-abertas\/#breadcrumb"},"inLanguage":"es","potentialAction":[{"@type":"ReadAction","target":["https:\/\/www.vagadeempregorj.com.br\/vagas-de-emprego-na-electrolux-mais-de-100-oportunidades-abertas\/"]}]},{"@type":"ImageObject","inLanguage":"es","@id":"https:\/\/www.vagadeempregorj.com.br\/vagas-de-emprego-na-electrolux-mais-de-100-oportunidades-abertas\/#primaryimage","url":"https:\/\/www.vagadeempregorj.com.br\/wp-content\/uploads\/2024\/07\/image-12.png","contentUrl":"https:\/\/www.vagadeempregorj.com.br\/wp-content\/uploads\/2024\/07\/image-12.png","width":1200,"height":630},{"@type":"BreadcrumbList","@id":"https:\/\/www.vagadeempregorj.com.br\/vagas-de-emprego-na-electrolux-mais-de-100-oportunidades-abertas\/#breadcrumb","itemListElement":[{"@type":"ListItem","position":1,"name":"In\u00edcio","item":"https:\/\/www.vagadeempregorj.com.br\/"},{"@type":"ListItem","position":2,"name":"Vagas de Emprego Nacionais","item":"https:\/\/www.vagadeempregorj.com.br\/vagas-de-emprego-nacionais\/"},{"@type":"ListItem","position":3,"name":"Vagas de emprego na Electrolux: Mais de 100 oportunidades abertas"}]},{"@type":"WebSite","@id":"https:\/\/www.vagadeempregorj.com.br\/#website","url":"https:\/\/www.vagadeempregorj.com.br\/","name":"","description":"Conquiste Sonhos: Vagas, Benef\u00edcios e Economia para Transformar Vidas e Alcan\u00e7ar Melhorias Cotidianas","potentialAction":[{"@type":"SearchAction","target":{"@type":"EntryPoint","urlTemplate":"https:\/\/www.vagadeempregorj.com.br\/?s={search_term_string}"},"query-input":{"@type":"PropertyValueSpecification","valueRequired":true,"valueName":"search_term_string"}}],"inLanguage":"es"},{"@type":"Person","@id":"https:\/\/www.vagadeempregorj.com.br\/#\/schema\/person\/3ddb19fa0539706786e502152f3aae95","name":"Michele","image":{"@type":"ImageObject","inLanguage":"es","@id":"https:\/\/secure.gravatar.com\/avatar\/6b0eb9d22841282815e2cd856a0061c45e1761cd54b22e952d98c4746939aa85?s=96&r=g","url":"https:\/\/secure.gravatar.com\/avatar\/6b0eb9d22841282815e2cd856a0061c45e1761cd54b22e952d98c4746939aa85?s=96&r=g","contentUrl":"https:\/\/secure.gravatar.com\/avatar\/6b0eb9d22841282815e2cd856a0061c45e1761cd54b22e952d98c4746939aa85?s=96&r=g","caption":"Michele"},"description":"Formada em Letras - Portugu\u00eas\/ Ingl\u00eas, e idealizadora do site Escritora de Sucesso, busca expandir o conhecimento de todos com informa\u00e7\u00f5es relevantes sobre diversos assuntos, enquanto redatora. No Vaga de Emprego RJ, traz oportunidades e dicas sobre o mercado de trabalho.","url":"https:\/\/www.vagadeempregorj.com.br\/es\/author\/michele\/"}]}},"_links":{"self":[{"href":"https:\/\/www.vagadeempregorj.com.br\/es\/wp-json\/wp\/v2\/posts\/39914","targetHints":{"allow":["GET"]}}],"collection":[{"href":"https:\/\/www.vagadeempregorj.com.br\/es\/wp-json\/wp\/v2\/posts"}],"about":[{"href":"https:\/\/www.vagadeempregorj.com.br\/es\/wp-json\/wp\/v2\/types\/post"}],"author":[{"embeddable":true,"href":"https:\/\/www.vagadeempregorj.com.br\/es\/wp-json\/wp\/v2\/users\/16"}],"replies":[{"embeddable":true,"href":"https:\/\/www.vagadeempregorj.com.br\/es\/wp-json\/wp\/v2\/comments?post=39914"}],"version-history":[{"count":0,"href":"https:\/\/www.vagadeempregorj.com.br\/es\/wp-json\/wp\/v2\/posts\/39914\/revisions"}],"wp:featuredmedia":[{"embeddable":true,"href":"https:\/\/www.vagadeempregorj.com.br\/es\/wp-json\/wp\/v2\/media\/39920"}],"wp:attachment":[{"href":"https:\/\/www.vagadeempregorj.com.br\/es\/wp-json\/wp\/v2\/media?parent=39914"}],"wp:term":[{"taxonomy":"category","embeddable":true,"href":"https:\/\/www.vagadeempregorj.com.br\/es\/wp-json\/wp\/v2\/categories?post=39914"},{"taxonomy":"post_tag","embeddable":true,"href":"https:\/\/www.vagadeempregorj.com.br\/es\/wp-json\/wp\/v2\/tags?post=39914"}],"curies":[{"name":"wp","href":"https:\/\/api.w.org\/{rel}","templated":true}]}}