{"id":39951,"date":"2024-07-19T06:00:00","date_gmt":"2024-07-19T09:00:00","guid":{"rendered":"https:\/\/www.vagadeempregorj.com.br\/?p=39951"},"modified":"2024-07-14T14:39:15","modified_gmt":"2024-07-14T17:39:15","slug":"forno-de-minas-abre-27-vagas-de-emprego-em-minas-gerais","status":"publish","type":"post","link":"https:\/\/www.vagadeempregorj.com.br\/es\/forno-de-minas-abre-27-vagas-de-emprego-em-minas-gerais\/","title":{"rendered":"Forno de Minas abre 27 vagas de emprego em Minas Gerais"},"content":{"rendered":"<p>No din\u00e2mico cen\u00e1rio econ\u00f4mico de Minas Gerais, uma boa not\u00edcia vem movimentando o mercado de trabalho: a Forno de Minas, renomada empresa do setor aliment\u00edcio, est\u00e1 com 27 vagas de emprego abertas.&nbsp;<\/p>\n\n\n\n<p>As oportunidades s\u00e3o diversas e contemplam diferentes \u00e1reas de atua\u00e7\u00e3o, representando uma excelente chance para profissionais qualificados que buscam crescimento e estabilidade em suas carreiras.&nbsp;<\/p>\n\n\n\n<p>A empresa, reconhecida nacional e internacionalmente pela qualidade de seus produtos, busca refor\u00e7ar seu time com talentos que compartilhem de seus valores e estejam alinhados com sua miss\u00e3o de oferecer produtos de excel\u00eancia aos consumidores.<\/p>\n\n\n\n<figure class=\"wp-block-image size-full\"><img loading=\"lazy\" decoding=\"async\" width=\"900\" height=\"900\" src=\"https:\/\/www.vagadeempregorj.com.br\/wp-content\/uploads\/2024\/07\/image-26.png\" alt=\"\" class=\"wp-image-39972\" srcset=\"https:\/\/www.vagadeempregorj.com.br\/wp-content\/uploads\/2024\/07\/image-26.png 900w, https:\/\/www.vagadeempregorj.com.br\/wp-content\/uploads\/2024\/07\/image-26-300x300.png 300w, https:\/\/www.vagadeempregorj.com.br\/wp-content\/uploads\/2024\/07\/image-26-150x150.png 150w, https:\/\/www.vagadeempregorj.com.br\/wp-content\/uploads\/2024\/07\/image-26-768x768.png 768w, https:\/\/www.vagadeempregorj.com.br\/wp-content\/uploads\/2024\/07\/image-26-96x96.png 96w\" sizes=\"auto, (max-width: 900px) 100vw, 900px\" \/><\/figure>\n\n\n\n<h2 class=\"wp-block-heading\">Sobre a Forno de Minas<\/h2>\n\n\n\n<p>Fundada em 1990 por Dona Dalva e o empres\u00e1rio Ronaldo, a Forno de Minas come\u00e7ou como uma pequena produ\u00e7\u00e3o de p\u00e3es de queijo em Belo Horizonte. Com o tempo, a qualidade e o sabor dos produtos conquistaram n\u00e3o apenas os mineiros, mas tamb\u00e9m o paladar de todo o Brasil e al\u00e9m-fronteiras, levando os quitutes brasileiros para mercados internacionais.&nbsp;<\/p>\n\n\n\n<p>Atualmente, a empresa n\u00e3o se limita apenas aos p\u00e3es de queijo, mas diversificou sua linha de produtos mantendo sempre a qualidade e o sabor caseiro que a tornou t\u00e3o conhecida e admirada.<\/p>\n\n\n\n<p>Com uma trajet\u00f3ria pautada pela inova\u00e7\u00e3o, qualidade e compromisso com o consumidor, a Forno de Minas se destaca n\u00e3o apenas como uma refer\u00eancia no setor aliment\u00edcio, mas tamb\u00e9m como um ambiente de trabalho que valoriza seus colaboradores e busca constantemente novos talentos para integrar sua equipe.<\/p>\n\n\n\n<h2 class=\"wp-block-heading\">Oportunidades de emprego abertas na Forno de Minas<\/h2>\n\n\n\n<p>As vagas anunciadas pela Forno de Minas s\u00e3o uma excelente oportunidade para profissionais que desejam fazer parte de uma empresa consolidada e em constante crescimento. As vagas dispon\u00edveis contemplam diversas \u00e1reas de atua\u00e7\u00e3o, desde produ\u00e7\u00e3o at\u00e9 \u00e1reas administrativas e comerciais. A seguir, destacamos algumas das vagas em aberto:<\/p>\n\n\n\n<ul class=\"wp-block-list\">\n<li>Analista de Marketing Digital;<\/li>\n\n\n\n<li>Assistente Administrativo;<\/li>\n\n\n\n<li>Auxiliar de Produ\u00e7\u00e3o;<\/li>\n\n\n\n<li>Coordenador de Log\u00edstica;<\/li>\n\n\n\n<li>Gerente de Vendas;<\/li>\n\n\n\n<li>Operador de M\u00e1quinas;<\/li>\n\n\n\n<li>T\u00e9cnico de Qualidade;<\/li>\n\n\n\n<li>Vendedor Externo.<\/li>\n<\/ul>\n\n\n\n<p>Essas s\u00e3o apenas algumas das oportunidades dispon\u00edveis na empresa. Cada vaga exige habilidades espec\u00edficas e oferece oportunidades de desenvolvimento profissional dentro de um ambiente colaborativo e inovador.<\/p>\n\n\n\n<p>A Forno de Minas valoriza a diversidade e busca profissionais comprometidos, que compartilhem de seus valores e estejam dispostos a contribuir para o cont\u00ednuo sucesso da marca.<\/p>\n\n\n\n<h2 class=\"wp-block-heading\">Como se candidatar<\/h2>\n\n\n\n<p>Para se candidatar \u00e0s vagas na Forno de Minas, o processo \u00e9 realizado atrav\u00e9s da plataforma Gupy, especializada em recrutamento e sele\u00e7\u00e3o. A seguir, um passo a passo simplificado para guiar os interessados:<\/p>\n\n\n\n<ol class=\"wp-block-list\">\n<li><strong>Acesso \u00e0 plataforma<\/strong>: Acesse o site da Forno de Minas na <a href=\"https:\/\/fornodeminas.gupy.io\/\">plataforma Gupy<\/a>, onde voc\u00ea encontrar\u00e1 o link direto para as vagas dispon\u00edveis.<\/li>\n<\/ol>\n\n\n\n<ol class=\"wp-block-list\" start=\"2\">\n<li><strong>Cadastro e login<\/strong>: Caso ainda n\u00e3o possua cadastro na plataforma Gupy, ser\u00e1 necess\u00e1rio criar uma conta utilizando seu e-mail ou se conectar atrav\u00e9s de sua conta do LinkedIn. Se j\u00e1 tiver cadastro, basta fazer login.<\/li>\n<\/ol>\n\n\n\n<ol class=\"wp-block-list\" start=\"3\">\n<li><strong>Busca por vagas<\/strong>: Utilize a barra de pesquisa para encontrar as vagas dispon\u00edveis na Forno de Minas. Voc\u00ea pode filtrar por localiza\u00e7\u00e3o, \u00e1rea de interesse ou tipo de contrato.<\/li>\n<\/ol>\n\n\n\n<ol class=\"wp-block-list\" start=\"4\">\n<li><strong>Sele\u00e7\u00e3o da vaga<\/strong>: Ap\u00f3s encontrar a vaga desejada, clique sobre ela para visualizar todos os detalhes e requisitos necess\u00e1rios para a vaga.<\/li>\n<\/ol>\n\n\n\n<ol class=\"wp-block-list\" start=\"5\">\n<li><strong>Candidatura<\/strong>: Leia atentamente as informa\u00e7\u00f5es da vaga e, se estiver alinhado com o perfil desejado, clique em &#8220;Candidatar-se&#8221;. Neste momento, voc\u00ea poder\u00e1 anexar seu curr\u00edculo atualizado e preencher quaisquer informa\u00e7\u00f5es adicionais solicitadas.<\/li>\n<\/ol>\n\n\n\n<ol class=\"wp-block-list\" start=\"6\">\n<li><strong>Acompanhamento<\/strong>: Ap\u00f3s o envio da candidatura, acompanhe regularmente o status de seu processo seletivo atrav\u00e9s da plataforma Gupy. Caso seu perfil seja selecionado para a pr\u00f3xima etapa, voc\u00ea ser\u00e1 contatado diretamente pela equipe de recrutamento da Forno de Minas.<\/li>\n<\/ol>\n\n\n\n<h2 class=\"wp-block-heading\">Empresa consolidada e reconhecida<\/h2>\n\n\n\n<p>As vagas oferecidas pela Forno de Minas representam uma excelente oportunidade para profissionais que buscam crescimento profissional em uma empresa consolidada e reconhecida por sua qualidade e inova\u00e7\u00e3o.&nbsp;<\/p>\n\n\n\n<p><p><strong>Veja tamb\u00e9m: <a href=\"https:\/\/www.vagadeempregorj.com.br\/es\/gol-linhas-aereas-abre-novas-vagas-de-emprego-pelo-pais\/\">GOL Linhas A\u00e9reas abre NOVAS vagas de emprego pelo pa\u00eds<\/a><\/strong>19 de julho de 2024<\/p> <\/p>","protected":false},"excerpt":{"rendered":"<p>No din\u00e2mico cen\u00e1rio econ\u00f4mico de Minas Gerais, uma boa not\u00edcia vem movimentando o mercado de trabalho: a Forno de Minas, renomada empresa do setor aliment\u00edcio, est\u00e1 com 27 vagas de emprego abertas.&nbsp; As oportunidades s\u00e3o diversas e contemplam diferentes \u00e1reas de atua\u00e7\u00e3o, representando uma excelente chance para profissionais qualificados que buscam crescimento e estabilidade em&hellip;&nbsp;<\/p>","protected":false},"author":16,"featured_media":39972,"comment_status":"closed","ping_status":"closed","sticky":false,"template":"","format":"standard","meta":{"neve_meta_sidebar":"","neve_meta_container":"","neve_meta_enable_content_width":"","neve_meta_content_width":0,"neve_meta_title_alignment":"","neve_meta_author_avatar":"","neve_post_elements_order":"","neve_meta_disable_header":"","neve_meta_disable_footer":"","neve_meta_disable_title":"","footnotes":""},"categories":[123],"tags":[830,608],"class_list":["post-39951","post","type-post","status-publish","format-standard","has-post-thumbnail","hentry","category-vagas-de-emprego-nacionais","tag-empregos","tag-oportunidades"],"yoast_head":"<!-- This site is optimized with the Yoast SEO plugin v27.5 - https:\/\/yoast.com\/product\/yoast-seo-wordpress\/ -->\n<title>Forno de Minas abre 27 vagas de emprego em Minas Gerais -<\/title>\n<meta name=\"description\" content=\"Veja em Vagas de Emprego RJ as vagas de emprego com e sem experi\u00eancia no seu Estado e Regi\u00e3o!\" \/>\n<meta name=\"robots\" content=\"index, follow, max-snippet:-1, max-image-preview:large, max-video-preview:-1\" \/>\n<link rel=\"canonical\" href=\"https:\/\/www.vagadeempregorj.com.br\/es\/forno-de-minas-abre-27-vagas-de-emprego-em-minas-gerais\/\" \/>\n<meta property=\"og:locale\" content=\"es_MX\" \/>\n<meta property=\"og:type\" content=\"article\" \/>\n<meta property=\"og:title\" content=\"Forno de Minas abre 27 vagas de emprego em Minas Gerais -\" \/>\n<meta property=\"og:description\" content=\"Veja em Vagas de Emprego RJ as vagas de emprego com e sem experi\u00eancia no seu Estado e Regi\u00e3o!\" \/>\n<meta property=\"og:url\" content=\"https:\/\/www.vagadeempregorj.com.br\/es\/forno-de-minas-abre-27-vagas-de-emprego-em-minas-gerais\/\" \/>\n<meta property=\"article:publisher\" content=\"https:\/\/www.facebook.com\/empregobrasiloficial\" \/>\n<meta property=\"article:published_time\" content=\"2024-07-19T09:00:00+00:00\" \/>\n<meta property=\"og:image\" content=\"https:\/\/www.vagadeempregorj.com.br\/wp-content\/uploads\/2024\/07\/image-26.png\" \/>\n\t<meta property=\"og:image:width\" content=\"900\" \/>\n\t<meta property=\"og:image:height\" content=\"900\" \/>\n\t<meta property=\"og:image:type\" content=\"image\/png\" \/>\n<meta name=\"author\" content=\"Michele\" \/>\n<meta name=\"twitter:card\" content=\"summary_large_image\" \/>\n<meta name=\"twitter:label1\" content=\"Written by\" \/>\n\t<meta name=\"twitter:data1\" content=\"Michele\" \/>\n\t<meta name=\"twitter:label2\" content=\"Est. reading time\" \/>\n\t<meta name=\"twitter:data2\" content=\"3 minutos\" \/>\n<script type=\"application\/ld+json\" class=\"yoast-schema-graph\">{\"@context\":\"https:\\\/\\\/schema.org\",\"@graph\":[{\"@type\":\"Article\",\"@id\":\"https:\\\/\\\/www.vagadeempregorj.com.br\\\/forno-de-minas-abre-27-vagas-de-emprego-em-minas-gerais\\\/#article\",\"isPartOf\":{\"@id\":\"https:\\\/\\\/www.vagadeempregorj.com.br\\\/forno-de-minas-abre-27-vagas-de-emprego-em-minas-gerais\\\/\"},\"author\":{\"name\":\"Michele\",\"@id\":\"https:\\\/\\\/www.vagadeempregorj.com.br\\\/#\\\/schema\\\/person\\\/3ddb19fa0539706786e502152f3aae95\"},\"headline\":\"Forno de Minas abre 27 vagas de emprego em Minas Gerais\",\"datePublished\":\"2024-07-19T09:00:00+00:00\",\"mainEntityOfPage\":{\"@id\":\"https:\\\/\\\/www.vagadeempregorj.com.br\\\/forno-de-minas-abre-27-vagas-de-emprego-em-minas-gerais\\\/\"},\"wordCount\":698,\"image\":{\"@id\":\"https:\\\/\\\/www.vagadeempregorj.com.br\\\/forno-de-minas-abre-27-vagas-de-emprego-em-minas-gerais\\\/#primaryimage\"},\"thumbnailUrl\":\"https:\\\/\\\/www.vagadeempregorj.com.br\\\/wp-content\\\/uploads\\\/2024\\\/07\\\/image-26.png\",\"keywords\":[\"empregos\",\"oportunidades\"],\"articleSection\":[\"Vagas de Emprego Nacionais\"],\"inLanguage\":\"es\"},{\"@type\":\"WebPage\",\"@id\":\"https:\\\/\\\/www.vagadeempregorj.com.br\\\/forno-de-minas-abre-27-vagas-de-emprego-em-minas-gerais\\\/\",\"url\":\"https:\\\/\\\/www.vagadeempregorj.com.br\\\/forno-de-minas-abre-27-vagas-de-emprego-em-minas-gerais\\\/\",\"name\":\"Forno de Minas abre 27 vagas de emprego em Minas Gerais -\",\"isPartOf\":{\"@id\":\"https:\\\/\\\/www.vagadeempregorj.com.br\\\/#website\"},\"primaryImageOfPage\":{\"@id\":\"https:\\\/\\\/www.vagadeempregorj.com.br\\\/forno-de-minas-abre-27-vagas-de-emprego-em-minas-gerais\\\/#primaryimage\"},\"image\":{\"@id\":\"https:\\\/\\\/www.vagadeempregorj.com.br\\\/forno-de-minas-abre-27-vagas-de-emprego-em-minas-gerais\\\/#primaryimage\"},\"thumbnailUrl\":\"https:\\\/\\\/www.vagadeempregorj.com.br\\\/wp-content\\\/uploads\\\/2024\\\/07\\\/image-26.png\",\"datePublished\":\"2024-07-19T09:00:00+00:00\",\"author\":{\"@id\":\"https:\\\/\\\/www.vagadeempregorj.com.br\\\/#\\\/schema\\\/person\\\/3ddb19fa0539706786e502152f3aae95\"},\"description\":\"Veja em Vagas de Emprego RJ as vagas de emprego com e sem experi\u00eancia no seu Estado e Regi\u00e3o!\",\"breadcrumb\":{\"@id\":\"https:\\\/\\\/www.vagadeempregorj.com.br\\\/forno-de-minas-abre-27-vagas-de-emprego-em-minas-gerais\\\/#breadcrumb\"},\"inLanguage\":\"es\",\"potentialAction\":[{\"@type\":\"ReadAction\",\"target\":[\"https:\\\/\\\/www.vagadeempregorj.com.br\\\/forno-de-minas-abre-27-vagas-de-emprego-em-minas-gerais\\\/\"]}]},{\"@type\":\"ImageObject\",\"inLanguage\":\"es\",\"@id\":\"https:\\\/\\\/www.vagadeempregorj.com.br\\\/forno-de-minas-abre-27-vagas-de-emprego-em-minas-gerais\\\/#primaryimage\",\"url\":\"https:\\\/\\\/www.vagadeempregorj.com.br\\\/wp-content\\\/uploads\\\/2024\\\/07\\\/image-26.png\",\"contentUrl\":\"https:\\\/\\\/www.vagadeempregorj.com.br\\\/wp-content\\\/uploads\\\/2024\\\/07\\\/image-26.png\",\"width\":900,\"height\":900},{\"@type\":\"BreadcrumbList\",\"@id\":\"https:\\\/\\\/www.vagadeempregorj.com.br\\\/forno-de-minas-abre-27-vagas-de-emprego-em-minas-gerais\\\/#breadcrumb\",\"itemListElement\":[{\"@type\":\"ListItem\",\"position\":1,\"name\":\"In\u00edcio\",\"item\":\"https:\\\/\\\/www.vagadeempregorj.com.br\\\/\"},{\"@type\":\"ListItem\",\"position\":2,\"name\":\"Vagas de Emprego Nacionais\",\"item\":\"https:\\\/\\\/www.vagadeempregorj.com.br\\\/vagas-de-emprego-nacionais\\\/\"},{\"@type\":\"ListItem\",\"position\":3,\"name\":\"Forno de Minas abre 27 vagas de emprego em Minas Gerais\"}]},{\"@type\":\"WebSite\",\"@id\":\"https:\\\/\\\/www.vagadeempregorj.com.br\\\/#website\",\"url\":\"https:\\\/\\\/www.vagadeempregorj.com.br\\\/\",\"name\":\"\",\"description\":\"Conquiste Sonhos: Vagas, Benef\u00edcios e Economia para Transformar Vidas e Alcan\u00e7ar Melhorias Cotidianas\",\"potentialAction\":[{\"@type\":\"SearchAction\",\"target\":{\"@type\":\"EntryPoint\",\"urlTemplate\":\"https:\\\/\\\/www.vagadeempregorj.com.br\\\/?s={search_term_string}\"},\"query-input\":{\"@type\":\"PropertyValueSpecification\",\"valueRequired\":true,\"valueName\":\"search_term_string\"}}],\"inLanguage\":\"es\"},{\"@type\":\"Person\",\"@id\":\"https:\\\/\\\/www.vagadeempregorj.com.br\\\/#\\\/schema\\\/person\\\/3ddb19fa0539706786e502152f3aae95\",\"name\":\"Michele\",\"image\":{\"@type\":\"ImageObject\",\"inLanguage\":\"es\",\"@id\":\"https:\\\/\\\/secure.gravatar.com\\\/avatar\\\/6b0eb9d22841282815e2cd856a0061c45e1761cd54b22e952d98c4746939aa85?s=96&r=g\",\"url\":\"https:\\\/\\\/secure.gravatar.com\\\/avatar\\\/6b0eb9d22841282815e2cd856a0061c45e1761cd54b22e952d98c4746939aa85?s=96&r=g\",\"contentUrl\":\"https:\\\/\\\/secure.gravatar.com\\\/avatar\\\/6b0eb9d22841282815e2cd856a0061c45e1761cd54b22e952d98c4746939aa85?s=96&r=g\",\"caption\":\"Michele\"},\"description\":\"Formada em Letras - Portugu\u00eas\\\/ Ingl\u00eas, e idealizadora do site Escritora de Sucesso, busca expandir o conhecimento de todos com informa\u00e7\u00f5es relevantes sobre diversos assuntos, enquanto redatora. No Vaga de Emprego RJ, traz oportunidades e dicas sobre o mercado de trabalho.\",\"url\":\"https:\\\/\\\/www.vagadeempregorj.com.br\\\/es\\\/author\\\/michele\\\/\"}]}<\/script>\n<!-- \/ Yoast SEO plugin. -->","yoast_head_json":{"title":"Forno de Minas abre 27 vagas de emprego em Minas Gerais -","description":"Veja em Vagas de Emprego RJ as vagas de emprego com e sem experi\u00eancia no seu Estado e Regi\u00e3o!","robots":{"index":"index","follow":"follow","max-snippet":"max-snippet:-1","max-image-preview":"max-image-preview:large","max-video-preview":"max-video-preview:-1"},"canonical":"https:\/\/www.vagadeempregorj.com.br\/es\/forno-de-minas-abre-27-vagas-de-emprego-em-minas-gerais\/","og_locale":"es_MX","og_type":"article","og_title":"Forno de Minas abre 27 vagas de emprego em Minas Gerais -","og_description":"Veja em Vagas de Emprego RJ as vagas de emprego com e sem experi\u00eancia no seu Estado e Regi\u00e3o!","og_url":"https:\/\/www.vagadeempregorj.com.br\/es\/forno-de-minas-abre-27-vagas-de-emprego-em-minas-gerais\/","article_publisher":"https:\/\/www.facebook.com\/empregobrasiloficial","article_published_time":"2024-07-19T09:00:00+00:00","og_image":[{"width":900,"height":900,"url":"https:\/\/www.vagadeempregorj.com.br\/wp-content\/uploads\/2024\/07\/image-26.png","type":"image\/png"}],"author":"Michele","twitter_card":"summary_large_image","twitter_misc":{"Written by":"Michele","Est. reading time":"3 minutos"},"schema":{"@context":"https:\/\/schema.org","@graph":[{"@type":"Article","@id":"https:\/\/www.vagadeempregorj.com.br\/forno-de-minas-abre-27-vagas-de-emprego-em-minas-gerais\/#article","isPartOf":{"@id":"https:\/\/www.vagadeempregorj.com.br\/forno-de-minas-abre-27-vagas-de-emprego-em-minas-gerais\/"},"author":{"name":"Michele","@id":"https:\/\/www.vagadeempregorj.com.br\/#\/schema\/person\/3ddb19fa0539706786e502152f3aae95"},"headline":"Forno de Minas abre 27 vagas de emprego em Minas Gerais","datePublished":"2024-07-19T09:00:00+00:00","mainEntityOfPage":{"@id":"https:\/\/www.vagadeempregorj.com.br\/forno-de-minas-abre-27-vagas-de-emprego-em-minas-gerais\/"},"wordCount":698,"image":{"@id":"https:\/\/www.vagadeempregorj.com.br\/forno-de-minas-abre-27-vagas-de-emprego-em-minas-gerais\/#primaryimage"},"thumbnailUrl":"https:\/\/www.vagadeempregorj.com.br\/wp-content\/uploads\/2024\/07\/image-26.png","keywords":["empregos","oportunidades"],"articleSection":["Vagas de Emprego Nacionais"],"inLanguage":"es"},{"@type":"WebPage","@id":"https:\/\/www.vagadeempregorj.com.br\/forno-de-minas-abre-27-vagas-de-emprego-em-minas-gerais\/","url":"https:\/\/www.vagadeempregorj.com.br\/forno-de-minas-abre-27-vagas-de-emprego-em-minas-gerais\/","name":"Forno de Minas abre 27 vagas de emprego em Minas Gerais -","isPartOf":{"@id":"https:\/\/www.vagadeempregorj.com.br\/#website"},"primaryImageOfPage":{"@id":"https:\/\/www.vagadeempregorj.com.br\/forno-de-minas-abre-27-vagas-de-emprego-em-minas-gerais\/#primaryimage"},"image":{"@id":"https:\/\/www.vagadeempregorj.com.br\/forno-de-minas-abre-27-vagas-de-emprego-em-minas-gerais\/#primaryimage"},"thumbnailUrl":"https:\/\/www.vagadeempregorj.com.br\/wp-content\/uploads\/2024\/07\/image-26.png","datePublished":"2024-07-19T09:00:00+00:00","author":{"@id":"https:\/\/www.vagadeempregorj.com.br\/#\/schema\/person\/3ddb19fa0539706786e502152f3aae95"},"description":"Veja em Vagas de Emprego RJ as vagas de emprego com e sem experi\u00eancia no seu Estado e Regi\u00e3o!","breadcrumb":{"@id":"https:\/\/www.vagadeempregorj.com.br\/forno-de-minas-abre-27-vagas-de-emprego-em-minas-gerais\/#breadcrumb"},"inLanguage":"es","potentialAction":[{"@type":"ReadAction","target":["https:\/\/www.vagadeempregorj.com.br\/forno-de-minas-abre-27-vagas-de-emprego-em-minas-gerais\/"]}]},{"@type":"ImageObject","inLanguage":"es","@id":"https:\/\/www.vagadeempregorj.com.br\/forno-de-minas-abre-27-vagas-de-emprego-em-minas-gerais\/#primaryimage","url":"https:\/\/www.vagadeempregorj.com.br\/wp-content\/uploads\/2024\/07\/image-26.png","contentUrl":"https:\/\/www.vagadeempregorj.com.br\/wp-content\/uploads\/2024\/07\/image-26.png","width":900,"height":900},{"@type":"BreadcrumbList","@id":"https:\/\/www.vagadeempregorj.com.br\/forno-de-minas-abre-27-vagas-de-emprego-em-minas-gerais\/#breadcrumb","itemListElement":[{"@type":"ListItem","position":1,"name":"In\u00edcio","item":"https:\/\/www.vagadeempregorj.com.br\/"},{"@type":"ListItem","position":2,"name":"Vagas de Emprego Nacionais","item":"https:\/\/www.vagadeempregorj.com.br\/vagas-de-emprego-nacionais\/"},{"@type":"ListItem","position":3,"name":"Forno de Minas abre 27 vagas de emprego em Minas Gerais"}]},{"@type":"WebSite","@id":"https:\/\/www.vagadeempregorj.com.br\/#website","url":"https:\/\/www.vagadeempregorj.com.br\/","name":"","description":"Conquiste Sonhos: Vagas, Benef\u00edcios e Economia para Transformar Vidas e Alcan\u00e7ar Melhorias Cotidianas","potentialAction":[{"@type":"SearchAction","target":{"@type":"EntryPoint","urlTemplate":"https:\/\/www.vagadeempregorj.com.br\/?s={search_term_string}"},"query-input":{"@type":"PropertyValueSpecification","valueRequired":true,"valueName":"search_term_string"}}],"inLanguage":"es"},{"@type":"Person","@id":"https:\/\/www.vagadeempregorj.com.br\/#\/schema\/person\/3ddb19fa0539706786e502152f3aae95","name":"Michele","image":{"@type":"ImageObject","inLanguage":"es","@id":"https:\/\/secure.gravatar.com\/avatar\/6b0eb9d22841282815e2cd856a0061c45e1761cd54b22e952d98c4746939aa85?s=96&r=g","url":"https:\/\/secure.gravatar.com\/avatar\/6b0eb9d22841282815e2cd856a0061c45e1761cd54b22e952d98c4746939aa85?s=96&r=g","contentUrl":"https:\/\/secure.gravatar.com\/avatar\/6b0eb9d22841282815e2cd856a0061c45e1761cd54b22e952d98c4746939aa85?s=96&r=g","caption":"Michele"},"description":"Formada em Letras - Portugu\u00eas\/ Ingl\u00eas, e idealizadora do site Escritora de Sucesso, busca expandir o conhecimento de todos com informa\u00e7\u00f5es relevantes sobre diversos assuntos, enquanto redatora. No Vaga de Emprego RJ, traz oportunidades e dicas sobre o mercado de trabalho.","url":"https:\/\/www.vagadeempregorj.com.br\/es\/author\/michele\/"}]}},"_links":{"self":[{"href":"https:\/\/www.vagadeempregorj.com.br\/es\/wp-json\/wp\/v2\/posts\/39951","targetHints":{"allow":["GET"]}}],"collection":[{"href":"https:\/\/www.vagadeempregorj.com.br\/es\/wp-json\/wp\/v2\/posts"}],"about":[{"href":"https:\/\/www.vagadeempregorj.com.br\/es\/wp-json\/wp\/v2\/types\/post"}],"author":[{"embeddable":true,"href":"https:\/\/www.vagadeempregorj.com.br\/es\/wp-json\/wp\/v2\/users\/16"}],"replies":[{"embeddable":true,"href":"https:\/\/www.vagadeempregorj.com.br\/es\/wp-json\/wp\/v2\/comments?post=39951"}],"version-history":[{"count":0,"href":"https:\/\/www.vagadeempregorj.com.br\/es\/wp-json\/wp\/v2\/posts\/39951\/revisions"}],"wp:featuredmedia":[{"embeddable":true,"href":"https:\/\/www.vagadeempregorj.com.br\/es\/wp-json\/wp\/v2\/media\/39972"}],"wp:attachment":[{"href":"https:\/\/www.vagadeempregorj.com.br\/es\/wp-json\/wp\/v2\/media?parent=39951"}],"wp:term":[{"taxonomy":"category","embeddable":true,"href":"https:\/\/www.vagadeempregorj.com.br\/es\/wp-json\/wp\/v2\/categories?post=39951"},{"taxonomy":"post_tag","embeddable":true,"href":"https:\/\/www.vagadeempregorj.com.br\/es\/wp-json\/wp\/v2\/tags?post=39951"}],"curies":[{"name":"wp","href":"https:\/\/api.w.org\/{rel}","templated":true}]}}