{"id":39955,"date":"2024-07-21T06:00:00","date_gmt":"2024-07-21T09:00:00","guid":{"rendered":"https:\/\/www.vagadeempregorj.com.br\/?p=39955"},"modified":"2024-07-14T14:49:27","modified_gmt":"2024-07-14T17:49:27","slug":"vagas-de-emprego-na-grendene-mais-de-40-oportunidades-abertas","status":"publish","type":"post","link":"https:\/\/www.vagadeempregorj.com.br\/es\/vagas-de-emprego-na-grendene-mais-de-40-oportunidades-abertas\/","title":{"rendered":"Vagas de emprego na Grendene: Mais de 40 oportunidades abertas"},"content":{"rendered":"<p>Encontrar oportunidades de emprego tem sido uma busca constante para muitos profissionais em diversas \u00e1reas. Uma das empresas que t\u00eam se destacado nesse aspecto \u00e9 a Grendene, conhecida por sua atua\u00e7\u00e3o no setor cal\u00e7adista e por oferecer um ambiente de trabalho din\u00e2mico e inovador.&nbsp;<\/p>\n\n\n\n<p>Atualmente, a Grendene est\u00e1 com mais de 40 vagas abertas, cobrindo uma variedade de cargos que v\u00e3o desde produ\u00e7\u00e3o at\u00e9 \u00e1reas administrativas e de engenharia. Para aqueles que buscam crescimento profissional em uma empresa s\u00f3lida e reconhecida internacionalmente, estas vagas representam uma excelente oportunidade.<\/p>\n\n\n\n<h2 class=\"wp-block-heading\">Sobre a Grendene<\/h2>\n\n\n\n<p>Fundada em 1971, a Grendene \u00e9 uma das maiores fabricantes de cal\u00e7ados do Brasil e do mundo. Com sede em Farroupilha, Rio Grande do Sul, a empresa se destaca n\u00e3o apenas pelo volume de produ\u00e7\u00e3o, mas tamb\u00e9m pela sua capacidade de inova\u00e7\u00e3o e pela busca cont\u00ednua por novas tecnologias e processos sustent\u00e1veis.&nbsp;<\/p>\n\n\n\n<p>A Grendene \u00e9 conhecida por marcas ic\u00f4nicas como Melissa, Rider, Ipanema, entre outras, que conquistaram espa\u00e7o no mercado nacional, e tamb\u00e9m internacionalmente.<\/p>\n\n\n\n<figure class=\"wp-block-image size-full is-resized\"><img loading=\"lazy\" decoding=\"async\" width=\"629\" height=\"386\" src=\"https:\/\/www.vagadeempregorj.com.br\/wp-content\/uploads\/2024\/07\/image-28.png\" alt=\"\" class=\"wp-image-39976\" style=\"width:840px;height:auto\" srcset=\"https:\/\/www.vagadeempregorj.com.br\/wp-content\/uploads\/2024\/07\/image-28.png 629w, https:\/\/www.vagadeempregorj.com.br\/wp-content\/uploads\/2024\/07\/image-28-300x184.png 300w, https:\/\/www.vagadeempregorj.com.br\/wp-content\/uploads\/2024\/07\/image-28-150x92.png 150w\" sizes=\"auto, (max-width: 629px) 100vw, 629px\" \/><\/figure>\n\n\n\n<p>Com uma cultura corporativa que valoriza o desenvolvimento pessoal e profissional de seus colaboradores, a empresa investe em programas de capacita\u00e7\u00e3o e incentiva a criatividade e o esp\u00edrito empreendedor entre seus funcion\u00e1rios.&nbsp;<\/p>\n\n\n\n<p>Al\u00e9m disso, a companhia mant\u00e9m um compromisso s\u00f3lido com pr\u00e1ticas ambientais respons\u00e1veis e com a comunidade onde est\u00e1 inserida, refor\u00e7ando sua posi\u00e7\u00e3o como uma das empresas mais admiradas do setor.<\/p>\n\n\n\n<h2 class=\"wp-block-heading\">Oportunidades de emprego abertas na Grendene<\/h2>\n\n\n\n<p>As vagas atualmente dispon\u00edveis na Grendene abrangem uma ampla gama de \u00e1reas e n\u00edveis de experi\u00eancia. Para aqueles interessados em produ\u00e7\u00e3o, h\u00e1 oportunidades em diversas linhas de montagem, com possibilidades de crescimento dentro da empresa.&nbsp;<\/p>\n\n\n\n<p>Para os profissionais da \u00e1rea administrativa, h\u00e1 vagas em recursos humanos, finan\u00e7as, marketing e log\u00edstica, proporcionando um leque diversificado de oportunidades para diferentes perfis profissionais.<\/p>\n\n\n\n<p>Al\u00e9m das \u00e1reas tradicionais, a Grendene tamb\u00e9m est\u00e1 em busca de talentos na \u00e1rea de pesquisa e desenvolvimento, engenharia de produtos e processos, oferecendo um ambiente prop\u00edcio para o desenvolvimento de novas ideias e solu\u00e7\u00f5es inovadoras.&nbsp;<\/p>\n\n\n\n<p>Para os interessados em tecnologia da informa\u00e7\u00e3o, h\u00e1 oportunidades em TI e digital, refletindo o compromisso da empresa com a moderniza\u00e7\u00e3o de seus processos e sistemas.<\/p>\n\n\n\n<h2 class=\"wp-block-heading\">Como se candidatar<\/h2>\n\n\n\n<p>Para se candidatar \u00e0s vagas na Grendene, o processo \u00e9 conduzido atrav\u00e9s da plataforma Gupy, uma ferramenta moderna e intuitiva que facilita tanto a divulga\u00e7\u00e3o das vagas quanto o acompanhamento do status da candidatura.&nbsp;<\/p>\n\n\n\n<p>Os interessados devem acessar o site da Grendene na <a href=\"https:\/\/facapartegrendene.gupy.io\/\">plataforma Gupy<\/a>, onde todas as vagas est\u00e3o listadas com suas respectivas descri\u00e7\u00f5es e requisitos espec\u00edficos.<\/p>\n\n\n\n<p>Antes de iniciar o processo de candidatura, \u00e9 importante que os candidatos revisem suas qualifica\u00e7\u00f5es e experi\u00eancias para garantir que estejam alinhadas com os requisitos da vaga desejada.&nbsp;<\/p>\n\n\n\n<p>\u00c9 recomend\u00e1vel preparar um curr\u00edculo atualizado e uma carta de apresenta\u00e7\u00e3o que destaque suas habilidades e motiva\u00e7\u00f5es para trabalhar na Grendene.<\/p>\n\n\n\n<p>Durante o processo seletivo, os candidatos podem esperar uma avalia\u00e7\u00e3o criteriosa de suas habilidades t\u00e9cnicas e comportamentais, seguida por entrevistas que podem incluir etapas presenciais ou virtuais, dependendo da posi\u00e7\u00e3o e da localiza\u00e7\u00e3o do candidato.<\/p>\n\n\n\n<h2 class=\"wp-block-heading\">Uma empresa comprometida com a inova\u00e7\u00e3o<\/h2>\n\n\n\n<p>As vagas de emprego na Grendene representam uma oportunidade de carreira, e tamb\u00e9m a chance de fazer parte de uma empresa l\u00edder em seu setor, comprometida com a inova\u00e7\u00e3o, a sustentabilidade e o desenvolvimento humano.&nbsp;<\/p>\n\n\n\n<p><strong>Veja tamb\u00e9m: <a href=\"https:\/\/www.vagadeempregorj.com.br\/es\/gol-linhas-aereas-abre-novas-vagas-de-emprego-pelo-pais\/\">GOL Linhas A\u00e9reas abre NOVAS vagas de emprego pelo pa\u00eds<\/a><\/strong><\/p>\n\n\n\n<p>21 de julho de 2024<\/p>","protected":false},"excerpt":{"rendered":"<p>Encontrar oportunidades de emprego tem sido uma busca constante para muitos profissionais em diversas \u00e1reas. Uma das empresas que t\u00eam se destacado nesse aspecto \u00e9 a Grendene, conhecida por sua atua\u00e7\u00e3o no setor cal\u00e7adista e por oferecer um ambiente de trabalho din\u00e2mico e inovador.&nbsp; Atualmente, a Grendene est\u00e1 com mais de 40 vagas abertas, cobrindo&hellip;&nbsp;<\/p>","protected":false},"author":16,"featured_media":39976,"comment_status":"closed","ping_status":"closed","sticky":false,"template":"","format":"standard","meta":{"neve_meta_sidebar":"","neve_meta_container":"","neve_meta_enable_content_width":"","neve_meta_content_width":0,"neve_meta_title_alignment":"","neve_meta_author_avatar":"","neve_post_elements_order":"","neve_meta_disable_header":"","neve_meta_disable_footer":"","neve_meta_disable_title":"","footnotes":""},"categories":[123],"tags":[830,608],"class_list":["post-39955","post","type-post","status-publish","format-standard","has-post-thumbnail","hentry","category-vagas-de-emprego-nacionais","tag-empregos","tag-oportunidades"],"yoast_head":"<!-- This site is optimized with the Yoast SEO plugin v27.5 - https:\/\/yoast.com\/product\/yoast-seo-wordpress\/ -->\n<title>Vagas de emprego na Grendene: Mais de 40 oportunidades abertas -<\/title>\n<meta name=\"description\" content=\"Veja em Vagas de Emprego RJ as vagas de emprego com e sem experi\u00eancia no seu Estado e Regi\u00e3o!\" \/>\n<meta name=\"robots\" content=\"index, follow, max-snippet:-1, max-image-preview:large, max-video-preview:-1\" \/>\n<link rel=\"canonical\" href=\"https:\/\/www.vagadeempregorj.com.br\/es\/vagas-de-emprego-na-grendene-mais-de-40-oportunidades-abertas\/\" \/>\n<meta property=\"og:locale\" content=\"es_MX\" \/>\n<meta property=\"og:type\" content=\"article\" \/>\n<meta property=\"og:title\" content=\"Vagas de emprego na Grendene: Mais de 40 oportunidades abertas -\" \/>\n<meta property=\"og:description\" content=\"Veja em Vagas de Emprego RJ as vagas de emprego com e sem experi\u00eancia no seu Estado e Regi\u00e3o!\" \/>\n<meta property=\"og:url\" content=\"https:\/\/www.vagadeempregorj.com.br\/es\/vagas-de-emprego-na-grendene-mais-de-40-oportunidades-abertas\/\" \/>\n<meta property=\"article:publisher\" content=\"https:\/\/www.facebook.com\/empregobrasiloficial\" \/>\n<meta property=\"article:published_time\" content=\"2024-07-21T09:00:00+00:00\" \/>\n<meta property=\"og:image\" content=\"https:\/\/www.vagadeempregorj.com.br\/wp-content\/uploads\/2024\/07\/image-28.png\" \/>\n\t<meta property=\"og:image:width\" content=\"629\" \/>\n\t<meta property=\"og:image:height\" content=\"386\" \/>\n\t<meta property=\"og:image:type\" content=\"image\/png\" \/>\n<meta name=\"author\" content=\"Michele\" \/>\n<meta name=\"twitter:card\" content=\"summary_large_image\" \/>\n<meta name=\"twitter:label1\" content=\"Written by\" \/>\n\t<meta name=\"twitter:data1\" content=\"Michele\" \/>\n\t<meta name=\"twitter:label2\" content=\"Est. reading time\" \/>\n\t<meta name=\"twitter:data2\" content=\"3 minutos\" \/>\n<script type=\"application\/ld+json\" class=\"yoast-schema-graph\">{\"@context\":\"https:\\\/\\\/schema.org\",\"@graph\":[{\"@type\":\"Article\",\"@id\":\"https:\\\/\\\/www.vagadeempregorj.com.br\\\/vagas-de-emprego-na-grendene-mais-de-40-oportunidades-abertas\\\/#article\",\"isPartOf\":{\"@id\":\"https:\\\/\\\/www.vagadeempregorj.com.br\\\/vagas-de-emprego-na-grendene-mais-de-40-oportunidades-abertas\\\/\"},\"author\":{\"name\":\"Michele\",\"@id\":\"https:\\\/\\\/www.vagadeempregorj.com.br\\\/#\\\/schema\\\/person\\\/3ddb19fa0539706786e502152f3aae95\"},\"headline\":\"Vagas de emprego na Grendene: Mais de 40 oportunidades abertas\",\"datePublished\":\"2024-07-21T09:00:00+00:00\",\"mainEntityOfPage\":{\"@id\":\"https:\\\/\\\/www.vagadeempregorj.com.br\\\/vagas-de-emprego-na-grendene-mais-de-40-oportunidades-abertas\\\/\"},\"wordCount\":626,\"image\":{\"@id\":\"https:\\\/\\\/www.vagadeempregorj.com.br\\\/vagas-de-emprego-na-grendene-mais-de-40-oportunidades-abertas\\\/#primaryimage\"},\"thumbnailUrl\":\"https:\\\/\\\/www.vagadeempregorj.com.br\\\/wp-content\\\/uploads\\\/2024\\\/07\\\/image-28.png\",\"keywords\":[\"empregos\",\"oportunidades\"],\"articleSection\":[\"Vagas de Emprego Nacionais\"],\"inLanguage\":\"es\"},{\"@type\":\"WebPage\",\"@id\":\"https:\\\/\\\/www.vagadeempregorj.com.br\\\/vagas-de-emprego-na-grendene-mais-de-40-oportunidades-abertas\\\/\",\"url\":\"https:\\\/\\\/www.vagadeempregorj.com.br\\\/vagas-de-emprego-na-grendene-mais-de-40-oportunidades-abertas\\\/\",\"name\":\"Vagas de emprego na Grendene: Mais de 40 oportunidades abertas -\",\"isPartOf\":{\"@id\":\"https:\\\/\\\/www.vagadeempregorj.com.br\\\/#website\"},\"primaryImageOfPage\":{\"@id\":\"https:\\\/\\\/www.vagadeempregorj.com.br\\\/vagas-de-emprego-na-grendene-mais-de-40-oportunidades-abertas\\\/#primaryimage\"},\"image\":{\"@id\":\"https:\\\/\\\/www.vagadeempregorj.com.br\\\/vagas-de-emprego-na-grendene-mais-de-40-oportunidades-abertas\\\/#primaryimage\"},\"thumbnailUrl\":\"https:\\\/\\\/www.vagadeempregorj.com.br\\\/wp-content\\\/uploads\\\/2024\\\/07\\\/image-28.png\",\"datePublished\":\"2024-07-21T09:00:00+00:00\",\"author\":{\"@id\":\"https:\\\/\\\/www.vagadeempregorj.com.br\\\/#\\\/schema\\\/person\\\/3ddb19fa0539706786e502152f3aae95\"},\"description\":\"Veja em Vagas de Emprego RJ as vagas de emprego com e sem experi\u00eancia no seu Estado e Regi\u00e3o!\",\"breadcrumb\":{\"@id\":\"https:\\\/\\\/www.vagadeempregorj.com.br\\\/vagas-de-emprego-na-grendene-mais-de-40-oportunidades-abertas\\\/#breadcrumb\"},\"inLanguage\":\"es\",\"potentialAction\":[{\"@type\":\"ReadAction\",\"target\":[\"https:\\\/\\\/www.vagadeempregorj.com.br\\\/vagas-de-emprego-na-grendene-mais-de-40-oportunidades-abertas\\\/\"]}]},{\"@type\":\"ImageObject\",\"inLanguage\":\"es\",\"@id\":\"https:\\\/\\\/www.vagadeempregorj.com.br\\\/vagas-de-emprego-na-grendene-mais-de-40-oportunidades-abertas\\\/#primaryimage\",\"url\":\"https:\\\/\\\/www.vagadeempregorj.com.br\\\/wp-content\\\/uploads\\\/2024\\\/07\\\/image-28.png\",\"contentUrl\":\"https:\\\/\\\/www.vagadeempregorj.com.br\\\/wp-content\\\/uploads\\\/2024\\\/07\\\/image-28.png\",\"width\":629,\"height\":386},{\"@type\":\"BreadcrumbList\",\"@id\":\"https:\\\/\\\/www.vagadeempregorj.com.br\\\/vagas-de-emprego-na-grendene-mais-de-40-oportunidades-abertas\\\/#breadcrumb\",\"itemListElement\":[{\"@type\":\"ListItem\",\"position\":1,\"name\":\"In\u00edcio\",\"item\":\"https:\\\/\\\/www.vagadeempregorj.com.br\\\/\"},{\"@type\":\"ListItem\",\"position\":2,\"name\":\"Vagas de Emprego Nacionais\",\"item\":\"https:\\\/\\\/www.vagadeempregorj.com.br\\\/vagas-de-emprego-nacionais\\\/\"},{\"@type\":\"ListItem\",\"position\":3,\"name\":\"Vagas de emprego na Grendene: Mais de 40 oportunidades abertas\"}]},{\"@type\":\"WebSite\",\"@id\":\"https:\\\/\\\/www.vagadeempregorj.com.br\\\/#website\",\"url\":\"https:\\\/\\\/www.vagadeempregorj.com.br\\\/\",\"name\":\"\",\"description\":\"Conquiste Sonhos: Vagas, Benef\u00edcios e Economia para Transformar Vidas e Alcan\u00e7ar Melhorias Cotidianas\",\"potentialAction\":[{\"@type\":\"SearchAction\",\"target\":{\"@type\":\"EntryPoint\",\"urlTemplate\":\"https:\\\/\\\/www.vagadeempregorj.com.br\\\/?s={search_term_string}\"},\"query-input\":{\"@type\":\"PropertyValueSpecification\",\"valueRequired\":true,\"valueName\":\"search_term_string\"}}],\"inLanguage\":\"es\"},{\"@type\":\"Person\",\"@id\":\"https:\\\/\\\/www.vagadeempregorj.com.br\\\/#\\\/schema\\\/person\\\/3ddb19fa0539706786e502152f3aae95\",\"name\":\"Michele\",\"image\":{\"@type\":\"ImageObject\",\"inLanguage\":\"es\",\"@id\":\"https:\\\/\\\/secure.gravatar.com\\\/avatar\\\/6b0eb9d22841282815e2cd856a0061c45e1761cd54b22e952d98c4746939aa85?s=96&r=g\",\"url\":\"https:\\\/\\\/secure.gravatar.com\\\/avatar\\\/6b0eb9d22841282815e2cd856a0061c45e1761cd54b22e952d98c4746939aa85?s=96&r=g\",\"contentUrl\":\"https:\\\/\\\/secure.gravatar.com\\\/avatar\\\/6b0eb9d22841282815e2cd856a0061c45e1761cd54b22e952d98c4746939aa85?s=96&r=g\",\"caption\":\"Michele\"},\"description\":\"Formada em Letras - Portugu\u00eas\\\/ Ingl\u00eas, e idealizadora do site Escritora de Sucesso, busca expandir o conhecimento de todos com informa\u00e7\u00f5es relevantes sobre diversos assuntos, enquanto redatora. No Vaga de Emprego RJ, traz oportunidades e dicas sobre o mercado de trabalho.\",\"url\":\"https:\\\/\\\/www.vagadeempregorj.com.br\\\/es\\\/author\\\/michele\\\/\"}]}<\/script>\n<!-- \/ Yoast SEO plugin. -->","yoast_head_json":{"title":"Vagas de emprego na Grendene: Mais de 40 oportunidades abertas -","description":"Veja em Vagas de Emprego RJ as vagas de emprego com e sem experi\u00eancia no seu Estado e Regi\u00e3o!","robots":{"index":"index","follow":"follow","max-snippet":"max-snippet:-1","max-image-preview":"max-image-preview:large","max-video-preview":"max-video-preview:-1"},"canonical":"https:\/\/www.vagadeempregorj.com.br\/es\/vagas-de-emprego-na-grendene-mais-de-40-oportunidades-abertas\/","og_locale":"es_MX","og_type":"article","og_title":"Vagas de emprego na Grendene: Mais de 40 oportunidades abertas -","og_description":"Veja em Vagas de Emprego RJ as vagas de emprego com e sem experi\u00eancia no seu Estado e Regi\u00e3o!","og_url":"https:\/\/www.vagadeempregorj.com.br\/es\/vagas-de-emprego-na-grendene-mais-de-40-oportunidades-abertas\/","article_publisher":"https:\/\/www.facebook.com\/empregobrasiloficial","article_published_time":"2024-07-21T09:00:00+00:00","og_image":[{"width":629,"height":386,"url":"https:\/\/www.vagadeempregorj.com.br\/wp-content\/uploads\/2024\/07\/image-28.png","type":"image\/png"}],"author":"Michele","twitter_card":"summary_large_image","twitter_misc":{"Written by":"Michele","Est. reading time":"3 minutos"},"schema":{"@context":"https:\/\/schema.org","@graph":[{"@type":"Article","@id":"https:\/\/www.vagadeempregorj.com.br\/vagas-de-emprego-na-grendene-mais-de-40-oportunidades-abertas\/#article","isPartOf":{"@id":"https:\/\/www.vagadeempregorj.com.br\/vagas-de-emprego-na-grendene-mais-de-40-oportunidades-abertas\/"},"author":{"name":"Michele","@id":"https:\/\/www.vagadeempregorj.com.br\/#\/schema\/person\/3ddb19fa0539706786e502152f3aae95"},"headline":"Vagas de emprego na Grendene: Mais de 40 oportunidades abertas","datePublished":"2024-07-21T09:00:00+00:00","mainEntityOfPage":{"@id":"https:\/\/www.vagadeempregorj.com.br\/vagas-de-emprego-na-grendene-mais-de-40-oportunidades-abertas\/"},"wordCount":626,"image":{"@id":"https:\/\/www.vagadeempregorj.com.br\/vagas-de-emprego-na-grendene-mais-de-40-oportunidades-abertas\/#primaryimage"},"thumbnailUrl":"https:\/\/www.vagadeempregorj.com.br\/wp-content\/uploads\/2024\/07\/image-28.png","keywords":["empregos","oportunidades"],"articleSection":["Vagas de Emprego Nacionais"],"inLanguage":"es"},{"@type":"WebPage","@id":"https:\/\/www.vagadeempregorj.com.br\/vagas-de-emprego-na-grendene-mais-de-40-oportunidades-abertas\/","url":"https:\/\/www.vagadeempregorj.com.br\/vagas-de-emprego-na-grendene-mais-de-40-oportunidades-abertas\/","name":"Vagas de emprego na Grendene: Mais de 40 oportunidades abertas -","isPartOf":{"@id":"https:\/\/www.vagadeempregorj.com.br\/#website"},"primaryImageOfPage":{"@id":"https:\/\/www.vagadeempregorj.com.br\/vagas-de-emprego-na-grendene-mais-de-40-oportunidades-abertas\/#primaryimage"},"image":{"@id":"https:\/\/www.vagadeempregorj.com.br\/vagas-de-emprego-na-grendene-mais-de-40-oportunidades-abertas\/#primaryimage"},"thumbnailUrl":"https:\/\/www.vagadeempregorj.com.br\/wp-content\/uploads\/2024\/07\/image-28.png","datePublished":"2024-07-21T09:00:00+00:00","author":{"@id":"https:\/\/www.vagadeempregorj.com.br\/#\/schema\/person\/3ddb19fa0539706786e502152f3aae95"},"description":"Veja em Vagas de Emprego RJ as vagas de emprego com e sem experi\u00eancia no seu Estado e Regi\u00e3o!","breadcrumb":{"@id":"https:\/\/www.vagadeempregorj.com.br\/vagas-de-emprego-na-grendene-mais-de-40-oportunidades-abertas\/#breadcrumb"},"inLanguage":"es","potentialAction":[{"@type":"ReadAction","target":["https:\/\/www.vagadeempregorj.com.br\/vagas-de-emprego-na-grendene-mais-de-40-oportunidades-abertas\/"]}]},{"@type":"ImageObject","inLanguage":"es","@id":"https:\/\/www.vagadeempregorj.com.br\/vagas-de-emprego-na-grendene-mais-de-40-oportunidades-abertas\/#primaryimage","url":"https:\/\/www.vagadeempregorj.com.br\/wp-content\/uploads\/2024\/07\/image-28.png","contentUrl":"https:\/\/www.vagadeempregorj.com.br\/wp-content\/uploads\/2024\/07\/image-28.png","width":629,"height":386},{"@type":"BreadcrumbList","@id":"https:\/\/www.vagadeempregorj.com.br\/vagas-de-emprego-na-grendene-mais-de-40-oportunidades-abertas\/#breadcrumb","itemListElement":[{"@type":"ListItem","position":1,"name":"In\u00edcio","item":"https:\/\/www.vagadeempregorj.com.br\/"},{"@type":"ListItem","position":2,"name":"Vagas de Emprego Nacionais","item":"https:\/\/www.vagadeempregorj.com.br\/vagas-de-emprego-nacionais\/"},{"@type":"ListItem","position":3,"name":"Vagas de emprego na Grendene: Mais de 40 oportunidades abertas"}]},{"@type":"WebSite","@id":"https:\/\/www.vagadeempregorj.com.br\/#website","url":"https:\/\/www.vagadeempregorj.com.br\/","name":"","description":"Conquiste Sonhos: Vagas, Benef\u00edcios e Economia para Transformar Vidas e Alcan\u00e7ar Melhorias Cotidianas","potentialAction":[{"@type":"SearchAction","target":{"@type":"EntryPoint","urlTemplate":"https:\/\/www.vagadeempregorj.com.br\/?s={search_term_string}"},"query-input":{"@type":"PropertyValueSpecification","valueRequired":true,"valueName":"search_term_string"}}],"inLanguage":"es"},{"@type":"Person","@id":"https:\/\/www.vagadeempregorj.com.br\/#\/schema\/person\/3ddb19fa0539706786e502152f3aae95","name":"Michele","image":{"@type":"ImageObject","inLanguage":"es","@id":"https:\/\/secure.gravatar.com\/avatar\/6b0eb9d22841282815e2cd856a0061c45e1761cd54b22e952d98c4746939aa85?s=96&r=g","url":"https:\/\/secure.gravatar.com\/avatar\/6b0eb9d22841282815e2cd856a0061c45e1761cd54b22e952d98c4746939aa85?s=96&r=g","contentUrl":"https:\/\/secure.gravatar.com\/avatar\/6b0eb9d22841282815e2cd856a0061c45e1761cd54b22e952d98c4746939aa85?s=96&r=g","caption":"Michele"},"description":"Formada em Letras - Portugu\u00eas\/ Ingl\u00eas, e idealizadora do site Escritora de Sucesso, busca expandir o conhecimento de todos com informa\u00e7\u00f5es relevantes sobre diversos assuntos, enquanto redatora. No Vaga de Emprego RJ, traz oportunidades e dicas sobre o mercado de trabalho.","url":"https:\/\/www.vagadeempregorj.com.br\/es\/author\/michele\/"}]}},"_links":{"self":[{"href":"https:\/\/www.vagadeempregorj.com.br\/es\/wp-json\/wp\/v2\/posts\/39955","targetHints":{"allow":["GET"]}}],"collection":[{"href":"https:\/\/www.vagadeempregorj.com.br\/es\/wp-json\/wp\/v2\/posts"}],"about":[{"href":"https:\/\/www.vagadeempregorj.com.br\/es\/wp-json\/wp\/v2\/types\/post"}],"author":[{"embeddable":true,"href":"https:\/\/www.vagadeempregorj.com.br\/es\/wp-json\/wp\/v2\/users\/16"}],"replies":[{"embeddable":true,"href":"https:\/\/www.vagadeempregorj.com.br\/es\/wp-json\/wp\/v2\/comments?post=39955"}],"version-history":[{"count":0,"href":"https:\/\/www.vagadeempregorj.com.br\/es\/wp-json\/wp\/v2\/posts\/39955\/revisions"}],"wp:featuredmedia":[{"embeddable":true,"href":"https:\/\/www.vagadeempregorj.com.br\/es\/wp-json\/wp\/v2\/media\/39976"}],"wp:attachment":[{"href":"https:\/\/www.vagadeempregorj.com.br\/es\/wp-json\/wp\/v2\/media?parent=39955"}],"wp:term":[{"taxonomy":"category","embeddable":true,"href":"https:\/\/www.vagadeempregorj.com.br\/es\/wp-json\/wp\/v2\/categories?post=39955"},{"taxonomy":"post_tag","embeddable":true,"href":"https:\/\/www.vagadeempregorj.com.br\/es\/wp-json\/wp\/v2\/tags?post=39955"}],"curies":[{"name":"wp","href":"https:\/\/api.w.org\/{rel}","templated":true}]}}