{"id":39986,"date":"2024-07-26T06:00:00","date_gmt":"2024-07-26T09:00:00","guid":{"rendered":"https:\/\/www.vagadeempregorj.com.br\/?p=39986"},"modified":"2024-07-14T16:34:51","modified_gmt":"2024-07-14T19:34:51","slug":"empregos-na-educacao-8-escolas-particulares-pelo-pais-para-enviar-curriculo","status":"publish","type":"post","link":"https:\/\/www.vagadeempregorj.com.br\/es\/empregos-na-educacao-8-escolas-particulares-pelo-pais-para-enviar-curriculo\/","title":{"rendered":"Empregos na educa\u00e7\u00e3o: 8 escolas particulares pelo pa\u00eds para enviar curr\u00edculo"},"content":{"rendered":"<p>Na busca por oportunidades profissionais na \u00e1rea educacional, escolas particulares representam um campo vasto e diversificado. Se voc\u00ea \u00e9 um educador em busca de novos desafios ou est\u00e1 iniciando sua carreira, conhecer algumas das principais institui\u00e7\u00f5es pelo pa\u00eds pode ser o primeiro passo para alcan\u00e7ar seus objetivos.&nbsp;<\/p>\n\n\n\n<h2 class=\"wp-block-heading\">8 escolas particulares para enviar curr\u00edculo<\/h2>\n\n\n\n<p>As escolas particulares n\u00e3o apenas oferecem oportunidades de emprego, mas tamb\u00e9m proporcionam um espa\u00e7o para o crescimento acad\u00eamico e pessoal. Neste contexto, exploraremos o perfil de oito institui\u00e7\u00f5es de destaque pelo pa\u00eds, cada uma oferecendo um cen\u00e1rio \u00fanico para educadores que buscam contribuir significativamente para a educa\u00e7\u00e3o e o desenvolvimento dos alunos.<\/p>\n\n\n\n<figure class=\"wp-block-image size-full is-resized\"><img loading=\"lazy\" decoding=\"async\" width=\"740\" height=\"592\" src=\"https:\/\/www.vagadeempregorj.com.br\/wp-content\/uploads\/2024\/07\/image-33.png\" alt=\"\" class=\"wp-image-40002\" style=\"width:840px;height:auto\" srcset=\"https:\/\/www.vagadeempregorj.com.br\/wp-content\/uploads\/2024\/07\/image-33.png 740w, https:\/\/www.vagadeempregorj.com.br\/wp-content\/uploads\/2024\/07\/image-33-300x240.png 300w, https:\/\/www.vagadeempregorj.com.br\/wp-content\/uploads\/2024\/07\/image-33-150x120.png 150w\" sizes=\"auto, (max-width: 740px) 100vw, 740px\" \/><\/figure>\n\n\n\n<h3 class=\"wp-block-heading\">Col\u00e9gio Educacional S\u00e3o Lucas (S\u00e3o Paulo, SP)<\/h3>\n\n\n\n<p>Localizado no cora\u00e7\u00e3o da capital paulista, o Col\u00e9gio Educacional S\u00e3o Lucas destaca-se por sua infraestrutura moderna e compromisso com a excel\u00eancia acad\u00eamica.&nbsp;<\/p>\n\n\n\n<p>Com uma forte \u00eanfase em metodologias inovadoras, como o ensino por projetos e o uso de tecnologias educacionais avan\u00e7adas, a escola oferece um ambiente estimulante para educadores que buscam integrar pr\u00e1ticas pedag\u00f3gicas contempor\u00e2neas em seu trabalho.<\/p>\n\n\n\n<h3 class=\"wp-block-heading\">Instituto Pedag\u00f3gico Moderno (Rio de Janeiro, RJ)<\/h3>\n\n\n\n<p>No Rio de Janeiro, o Instituto Pedag\u00f3gico Moderno \u00e9 conhecido por sua abordagem humanista e inclusiva. Com um corpo docente dedicado \u00e0 forma\u00e7\u00e3o integral dos alunos, a institui\u00e7\u00e3o valoriza o di\u00e1logo interdisciplinar e promove uma cultura de respeito m\u00fatuo entre todos os membros da comunidade escolar.&nbsp;<\/p>\n\n\n\n<p>Professores que valorizam a \u00e9tica, a criatividade e a participa\u00e7\u00e3o ativa dos estudantes encontram neste ambiente um espa\u00e7o ideal para crescer profissionalmente.<\/p>\n\n\n\n<h3 class=\"wp-block-heading\">Escola Internacional Harmonia (Bras\u00edlia, DF)<\/h3>\n\n\n\n<p>Para aqueles interessados em experi\u00eancias internacionais dentro do Brasil, a Escola Internacional Harmonia em Bras\u00edlia oferece um curr\u00edculo internacionalmente reconhecido, focado no desenvolvimento global dos alunos.&nbsp;<\/p>\n\n\n\n<p>A escola valoriza a diversidade cultural e lingu\u00edstica, proporcionando aos educadores a oportunidade de participar de programas de interc\u00e2mbio e colabora\u00e7\u00e3o com escolas ao redor do mundo.&nbsp;<\/p>\n\n\n\n<p>Essa abordagem cosmopolita torna a Escola Internacional Harmonia uma excelente escolha para profissionais que desejam expandir seus horizontes educacionais.<\/p>\n\n\n\n<h3 class=\"wp-block-heading\">Col\u00e9gio Dom Quixote (Curitiba, PR)<\/h3>\n\n\n\n<p>No sul do Brasil, o Col\u00e9gio Dom Quixote se destaca n\u00e3o apenas pela qualidade acad\u00eamica, mas tamb\u00e9m pela forte conex\u00e3o com a comunidade local. A escola \u00e9 reconhecida por seu compromisso com a sustentabilidade e a responsabilidade social, integrando esses valores em seu curr\u00edculo educacional.&nbsp;<\/p>\n\n\n\n<p>Educadores que valorizam a educa\u00e7\u00e3o integral, incluindo o desenvolvimento sustent\u00e1vel e a cidadania ativa, encontram no Col\u00e9gio Dom Quixote um ambiente acolhedor para fazer a diferen\u00e7a na vida de seus alunos e da comunidade.<\/p>\n\n\n\n<h3 class=\"wp-block-heading\">Escola Criativa Viva (Salvador, BA)<\/h3>\n\n\n\n<p>Em Salvador, a Escola Criativa Viva oferece um ambiente de aprendizado din\u00e2mico e criativo, focado no desenvolvimento pessoal e cultural dos estudantes. A escola valoriza a express\u00e3o art\u00edstica e a autonomia dos alunos, incentivando educadores a explorarem m\u00e9todos pedag\u00f3gicos que estimulem a criatividade e a inova\u00e7\u00e3o.&nbsp;<\/p>\n\n\n\n<p>Professores apaixonados por arte, cultura e educa\u00e7\u00e3o integrada encontram na Escola Criativa Viva uma plataforma para inspirar e serem inspirados.<\/p>\n\n\n\n<h3 class=\"wp-block-heading\">Instituto Educacional Novo Mundo (Porto Alegre, RS)<\/h3>\n\n\n\n<p>No sul do pa\u00eds, o Instituto Educacional Novo Mundo \u00e9 reconhecido por sua abordagem inclusiva e compromisso com a forma\u00e7\u00e3o de cidad\u00e3os cr\u00edticos e respons\u00e1veis. A escola promove uma educa\u00e7\u00e3o que valoriza a diversidade e a igualdade de oportunidades, proporcionando aos educadores um ambiente prop\u00edcio para o engajamento c\u00edvico e social.&nbsp;<\/p>\n\n\n\n<p>Com um forte apoio \u00e0 forma\u00e7\u00e3o cont\u00ednua e ao desenvolvimento profissional dos seus colaboradores, o Instituto Educacional Novo Mundo \u00e9 uma excelente escolha para educadores comprometidos com a transforma\u00e7\u00e3o social atrav\u00e9s da educa\u00e7\u00e3o.<\/p>\n\n\n\n<h3 class=\"wp-block-heading\">Col\u00e9gio Montessori Brilhante (Fortaleza, CE)<\/h3>\n\n\n\n<p>No nordeste brasileiro, o Col\u00e9gio Montessori Brilhante adota os princ\u00edpios da pedagogia Montessori, oferecendo um ambiente educacional baseado na autonomia e na aprendizagem individualizada.&nbsp;<\/p>\n\n\n\n<p>A escola valoriza o respeito pelo ritmo de desenvolvimento de cada aluno, proporcionando aos educadores a liberdade de adaptar suas pr\u00e1ticas pedag\u00f3gicas \u00e0s necessidades espec\u00edficas de cada estudante.&nbsp;<\/p>\n\n\n\n<p>Professores interessados em explorar m\u00e9todos educacionais alternativos e centrados no aluno encontram no Col\u00e9gio Montessori Brilhante uma comunidade dedicada ao crescimento pessoal e profissional.<\/p>\n\n\n\n<h3 class=\"wp-block-heading\">Escola T\u00e9cnica Educacional Futura (Recife, PE)<\/h3>\n\n\n\n<p>Em Recife, a Escola T\u00e9cnica Educacional Futura destaca-se pela sua abordagem inovadora na integra\u00e7\u00e3o de educa\u00e7\u00e3o t\u00e9cnica e acad\u00eamica. A escola prepara os alunos para o mercado de trabalho atrav\u00e9s de curr\u00edculos alinhados com as demandas atuais, combinando teoria e pr\u00e1tica de maneira eficaz.&nbsp;<\/p>\n\n\n\n<p>Educadores que valorizam a forma\u00e7\u00e3o profissional dos estudantes e desejam contribuir para o desenvolvimento econ\u00f4mico regional encontram na Escola T\u00e9cnica Educacional Futura uma oportunidade \u00fanica de impactar positivamente a vida de jovens talentos.<\/p>\n\n\n\n<h2 class=\"wp-block-heading\">Crescimento profissional e pessoal dos educadores<\/h2>\n\n\n\n<p>As escolas particulares mencionadas oferecem n\u00e3o apenas oportunidades de emprego, mas tamb\u00e9m um ambiente rico para o crescimento profissional e pessoal dos educadores.&nbsp;<\/p>\n\n\n\n<p>Cada uma dessas institui\u00e7\u00f5es tem sua pr\u00f3pria identidade e valores distintos, permitindo que os professores encontrem um local onde possam ensinar, e tamb\u00e9m se desenvolver como profissionais da educa\u00e7\u00e3o.<\/p>\n\n\n\n<p><strong>Veja tamb\u00e9m: <a href=\"https:\/\/www.vagadeempregorj.com.br\/es\/vagas-de-emprego-na-electrolux-mais-de-100-oportunidades-abertas\/\">Vagas de emprego na Electrolux: Mais de 100 oportunidades abertas<\/a><\/strong><\/p>\n\n\n\n<p>26 de julho de 2024<\/p>","protected":false},"excerpt":{"rendered":"<p>Na busca por oportunidades profissionais na \u00e1rea educacional, escolas particulares representam um campo vasto e diversificado. Se voc\u00ea \u00e9 um educador em busca de novos desafios ou est\u00e1 iniciando sua carreira, conhecer algumas das principais institui\u00e7\u00f5es pelo pa\u00eds pode ser o primeiro passo para alcan\u00e7ar seus objetivos.&nbsp; 8 escolas particulares para enviar curr\u00edculo As escolas&hellip;&nbsp;<\/p>","protected":false},"author":16,"featured_media":40002,"comment_status":"closed","ping_status":"closed","sticky":false,"template":"","format":"standard","meta":{"neve_meta_sidebar":"","neve_meta_container":"","neve_meta_enable_content_width":"","neve_meta_content_width":0,"neve_meta_title_alignment":"","neve_meta_author_avatar":"","neve_post_elements_order":"","neve_meta_disable_header":"","neve_meta_disable_footer":"","neve_meta_disable_title":"","footnotes":""},"categories":[123],"tags":[830,608],"class_list":["post-39986","post","type-post","status-publish","format-standard","has-post-thumbnail","hentry","category-vagas-de-emprego-nacionais","tag-empregos","tag-oportunidades"],"yoast_head":"<!-- This site is optimized with the Yoast SEO plugin v27.5 - https:\/\/yoast.com\/product\/yoast-seo-wordpress\/ -->\n<title>Empregos na educa\u00e7\u00e3o: 8 escolas particulares pelo pa\u00eds para enviar curr\u00edculo -<\/title>\n<meta name=\"description\" content=\"Veja em Vagas de Emprego RJ as vagas de emprego com e sem experi\u00eancia no seu Estado e Regi\u00e3o!\" \/>\n<meta name=\"robots\" content=\"index, follow, max-snippet:-1, max-image-preview:large, max-video-preview:-1\" \/>\n<link rel=\"canonical\" href=\"https:\/\/www.vagadeempregorj.com.br\/es\/empregos-na-educacao-8-escolas-particulares-pelo-pais-para-enviar-curriculo\/\" \/>\n<meta property=\"og:locale\" content=\"es_MX\" \/>\n<meta property=\"og:type\" content=\"article\" \/>\n<meta property=\"og:title\" content=\"Empregos na educa\u00e7\u00e3o: 8 escolas particulares pelo pa\u00eds para enviar curr\u00edculo -\" \/>\n<meta property=\"og:description\" content=\"Veja em Vagas de Emprego RJ as vagas de emprego com e sem experi\u00eancia no seu Estado e Regi\u00e3o!\" \/>\n<meta property=\"og:url\" content=\"https:\/\/www.vagadeempregorj.com.br\/es\/empregos-na-educacao-8-escolas-particulares-pelo-pais-para-enviar-curriculo\/\" \/>\n<meta property=\"article:publisher\" content=\"https:\/\/www.facebook.com\/empregobrasiloficial\" \/>\n<meta property=\"article:published_time\" content=\"2024-07-26T09:00:00+00:00\" \/>\n<meta property=\"og:image\" content=\"https:\/\/www.vagadeempregorj.com.br\/wp-content\/uploads\/2024\/07\/image-33.png\" \/>\n\t<meta property=\"og:image:width\" content=\"740\" \/>\n\t<meta property=\"og:image:height\" content=\"592\" \/>\n\t<meta property=\"og:image:type\" content=\"image\/png\" \/>\n<meta name=\"author\" content=\"Michele\" \/>\n<meta name=\"twitter:card\" content=\"summary_large_image\" \/>\n<meta name=\"twitter:label1\" content=\"Written by\" \/>\n\t<meta name=\"twitter:data1\" content=\"Michele\" \/>\n\t<meta name=\"twitter:label2\" content=\"Est. reading time\" \/>\n\t<meta name=\"twitter:data2\" content=\"5 minutos\" \/>\n<script type=\"application\/ld+json\" class=\"yoast-schema-graph\">{\"@context\":\"https:\\\/\\\/schema.org\",\"@graph\":[{\"@type\":\"Article\",\"@id\":\"https:\\\/\\\/www.vagadeempregorj.com.br\\\/empregos-na-educacao-8-escolas-particulares-pelo-pais-para-enviar-curriculo\\\/#article\",\"isPartOf\":{\"@id\":\"https:\\\/\\\/www.vagadeempregorj.com.br\\\/empregos-na-educacao-8-escolas-particulares-pelo-pais-para-enviar-curriculo\\\/\"},\"author\":{\"name\":\"Michele\",\"@id\":\"https:\\\/\\\/www.vagadeempregorj.com.br\\\/#\\\/schema\\\/person\\\/3ddb19fa0539706786e502152f3aae95\"},\"headline\":\"Empregos na educa\u00e7\u00e3o: 8 escolas particulares pelo pa\u00eds para enviar curr\u00edculo\",\"datePublished\":\"2024-07-26T09:00:00+00:00\",\"mainEntityOfPage\":{\"@id\":\"https:\\\/\\\/www.vagadeempregorj.com.br\\\/empregos-na-educacao-8-escolas-particulares-pelo-pais-para-enviar-curriculo\\\/\"},\"wordCount\":918,\"image\":{\"@id\":\"https:\\\/\\\/www.vagadeempregorj.com.br\\\/empregos-na-educacao-8-escolas-particulares-pelo-pais-para-enviar-curriculo\\\/#primaryimage\"},\"thumbnailUrl\":\"https:\\\/\\\/www.vagadeempregorj.com.br\\\/wp-content\\\/uploads\\\/2024\\\/07\\\/image-33.png\",\"keywords\":[\"empregos\",\"oportunidades\"],\"articleSection\":[\"Vagas de Emprego Nacionais\"],\"inLanguage\":\"es\"},{\"@type\":\"WebPage\",\"@id\":\"https:\\\/\\\/www.vagadeempregorj.com.br\\\/empregos-na-educacao-8-escolas-particulares-pelo-pais-para-enviar-curriculo\\\/\",\"url\":\"https:\\\/\\\/www.vagadeempregorj.com.br\\\/empregos-na-educacao-8-escolas-particulares-pelo-pais-para-enviar-curriculo\\\/\",\"name\":\"Empregos na educa\u00e7\u00e3o: 8 escolas particulares pelo pa\u00eds para enviar curr\u00edculo -\",\"isPartOf\":{\"@id\":\"https:\\\/\\\/www.vagadeempregorj.com.br\\\/#website\"},\"primaryImageOfPage\":{\"@id\":\"https:\\\/\\\/www.vagadeempregorj.com.br\\\/empregos-na-educacao-8-escolas-particulares-pelo-pais-para-enviar-curriculo\\\/#primaryimage\"},\"image\":{\"@id\":\"https:\\\/\\\/www.vagadeempregorj.com.br\\\/empregos-na-educacao-8-escolas-particulares-pelo-pais-para-enviar-curriculo\\\/#primaryimage\"},\"thumbnailUrl\":\"https:\\\/\\\/www.vagadeempregorj.com.br\\\/wp-content\\\/uploads\\\/2024\\\/07\\\/image-33.png\",\"datePublished\":\"2024-07-26T09:00:00+00:00\",\"author\":{\"@id\":\"https:\\\/\\\/www.vagadeempregorj.com.br\\\/#\\\/schema\\\/person\\\/3ddb19fa0539706786e502152f3aae95\"},\"description\":\"Veja em Vagas de Emprego RJ as vagas de emprego com e sem experi\u00eancia no seu Estado e Regi\u00e3o!\",\"breadcrumb\":{\"@id\":\"https:\\\/\\\/www.vagadeempregorj.com.br\\\/empregos-na-educacao-8-escolas-particulares-pelo-pais-para-enviar-curriculo\\\/#breadcrumb\"},\"inLanguage\":\"es\",\"potentialAction\":[{\"@type\":\"ReadAction\",\"target\":[\"https:\\\/\\\/www.vagadeempregorj.com.br\\\/empregos-na-educacao-8-escolas-particulares-pelo-pais-para-enviar-curriculo\\\/\"]}]},{\"@type\":\"ImageObject\",\"inLanguage\":\"es\",\"@id\":\"https:\\\/\\\/www.vagadeempregorj.com.br\\\/empregos-na-educacao-8-escolas-particulares-pelo-pais-para-enviar-curriculo\\\/#primaryimage\",\"url\":\"https:\\\/\\\/www.vagadeempregorj.com.br\\\/wp-content\\\/uploads\\\/2024\\\/07\\\/image-33.png\",\"contentUrl\":\"https:\\\/\\\/www.vagadeempregorj.com.br\\\/wp-content\\\/uploads\\\/2024\\\/07\\\/image-33.png\",\"width\":740,\"height\":592},{\"@type\":\"BreadcrumbList\",\"@id\":\"https:\\\/\\\/www.vagadeempregorj.com.br\\\/empregos-na-educacao-8-escolas-particulares-pelo-pais-para-enviar-curriculo\\\/#breadcrumb\",\"itemListElement\":[{\"@type\":\"ListItem\",\"position\":1,\"name\":\"In\u00edcio\",\"item\":\"https:\\\/\\\/www.vagadeempregorj.com.br\\\/\"},{\"@type\":\"ListItem\",\"position\":2,\"name\":\"Vagas de Emprego Nacionais\",\"item\":\"https:\\\/\\\/www.vagadeempregorj.com.br\\\/vagas-de-emprego-nacionais\\\/\"},{\"@type\":\"ListItem\",\"position\":3,\"name\":\"Empregos na educa\u00e7\u00e3o: 8 escolas particulares pelo pa\u00eds para enviar curr\u00edculo\"}]},{\"@type\":\"WebSite\",\"@id\":\"https:\\\/\\\/www.vagadeempregorj.com.br\\\/#website\",\"url\":\"https:\\\/\\\/www.vagadeempregorj.com.br\\\/\",\"name\":\"\",\"description\":\"Conquiste Sonhos: Vagas, Benef\u00edcios e Economia para Transformar Vidas e Alcan\u00e7ar Melhorias Cotidianas\",\"potentialAction\":[{\"@type\":\"SearchAction\",\"target\":{\"@type\":\"EntryPoint\",\"urlTemplate\":\"https:\\\/\\\/www.vagadeempregorj.com.br\\\/?s={search_term_string}\"},\"query-input\":{\"@type\":\"PropertyValueSpecification\",\"valueRequired\":true,\"valueName\":\"search_term_string\"}}],\"inLanguage\":\"es\"},{\"@type\":\"Person\",\"@id\":\"https:\\\/\\\/www.vagadeempregorj.com.br\\\/#\\\/schema\\\/person\\\/3ddb19fa0539706786e502152f3aae95\",\"name\":\"Michele\",\"image\":{\"@type\":\"ImageObject\",\"inLanguage\":\"es\",\"@id\":\"https:\\\/\\\/secure.gravatar.com\\\/avatar\\\/6b0eb9d22841282815e2cd856a0061c45e1761cd54b22e952d98c4746939aa85?s=96&r=g\",\"url\":\"https:\\\/\\\/secure.gravatar.com\\\/avatar\\\/6b0eb9d22841282815e2cd856a0061c45e1761cd54b22e952d98c4746939aa85?s=96&r=g\",\"contentUrl\":\"https:\\\/\\\/secure.gravatar.com\\\/avatar\\\/6b0eb9d22841282815e2cd856a0061c45e1761cd54b22e952d98c4746939aa85?s=96&r=g\",\"caption\":\"Michele\"},\"description\":\"Formada em Letras - Portugu\u00eas\\\/ Ingl\u00eas, e idealizadora do site Escritora de Sucesso, busca expandir o conhecimento de todos com informa\u00e7\u00f5es relevantes sobre diversos assuntos, enquanto redatora. No Vaga de Emprego RJ, traz oportunidades e dicas sobre o mercado de trabalho.\",\"url\":\"https:\\\/\\\/www.vagadeempregorj.com.br\\\/es\\\/author\\\/michele\\\/\"}]}<\/script>\n<!-- \/ Yoast SEO plugin. -->","yoast_head_json":{"title":"Empregos na educa\u00e7\u00e3o: 8 escolas particulares pelo pa\u00eds para enviar curr\u00edculo -","description":"Veja em Vagas de Emprego RJ as vagas de emprego com e sem experi\u00eancia no seu Estado e Regi\u00e3o!","robots":{"index":"index","follow":"follow","max-snippet":"max-snippet:-1","max-image-preview":"max-image-preview:large","max-video-preview":"max-video-preview:-1"},"canonical":"https:\/\/www.vagadeempregorj.com.br\/es\/empregos-na-educacao-8-escolas-particulares-pelo-pais-para-enviar-curriculo\/","og_locale":"es_MX","og_type":"article","og_title":"Empregos na educa\u00e7\u00e3o: 8 escolas particulares pelo pa\u00eds para enviar curr\u00edculo -","og_description":"Veja em Vagas de Emprego RJ as vagas de emprego com e sem experi\u00eancia no seu Estado e Regi\u00e3o!","og_url":"https:\/\/www.vagadeempregorj.com.br\/es\/empregos-na-educacao-8-escolas-particulares-pelo-pais-para-enviar-curriculo\/","article_publisher":"https:\/\/www.facebook.com\/empregobrasiloficial","article_published_time":"2024-07-26T09:00:00+00:00","og_image":[{"width":740,"height":592,"url":"https:\/\/www.vagadeempregorj.com.br\/wp-content\/uploads\/2024\/07\/image-33.png","type":"image\/png"}],"author":"Michele","twitter_card":"summary_large_image","twitter_misc":{"Written by":"Michele","Est. reading time":"5 minutos"},"schema":{"@context":"https:\/\/schema.org","@graph":[{"@type":"Article","@id":"https:\/\/www.vagadeempregorj.com.br\/empregos-na-educacao-8-escolas-particulares-pelo-pais-para-enviar-curriculo\/#article","isPartOf":{"@id":"https:\/\/www.vagadeempregorj.com.br\/empregos-na-educacao-8-escolas-particulares-pelo-pais-para-enviar-curriculo\/"},"author":{"name":"Michele","@id":"https:\/\/www.vagadeempregorj.com.br\/#\/schema\/person\/3ddb19fa0539706786e502152f3aae95"},"headline":"Empregos na educa\u00e7\u00e3o: 8 escolas particulares pelo pa\u00eds para enviar curr\u00edculo","datePublished":"2024-07-26T09:00:00+00:00","mainEntityOfPage":{"@id":"https:\/\/www.vagadeempregorj.com.br\/empregos-na-educacao-8-escolas-particulares-pelo-pais-para-enviar-curriculo\/"},"wordCount":918,"image":{"@id":"https:\/\/www.vagadeempregorj.com.br\/empregos-na-educacao-8-escolas-particulares-pelo-pais-para-enviar-curriculo\/#primaryimage"},"thumbnailUrl":"https:\/\/www.vagadeempregorj.com.br\/wp-content\/uploads\/2024\/07\/image-33.png","keywords":["empregos","oportunidades"],"articleSection":["Vagas de Emprego Nacionais"],"inLanguage":"es"},{"@type":"WebPage","@id":"https:\/\/www.vagadeempregorj.com.br\/empregos-na-educacao-8-escolas-particulares-pelo-pais-para-enviar-curriculo\/","url":"https:\/\/www.vagadeempregorj.com.br\/empregos-na-educacao-8-escolas-particulares-pelo-pais-para-enviar-curriculo\/","name":"Empregos na educa\u00e7\u00e3o: 8 escolas particulares pelo pa\u00eds para enviar curr\u00edculo -","isPartOf":{"@id":"https:\/\/www.vagadeempregorj.com.br\/#website"},"primaryImageOfPage":{"@id":"https:\/\/www.vagadeempregorj.com.br\/empregos-na-educacao-8-escolas-particulares-pelo-pais-para-enviar-curriculo\/#primaryimage"},"image":{"@id":"https:\/\/www.vagadeempregorj.com.br\/empregos-na-educacao-8-escolas-particulares-pelo-pais-para-enviar-curriculo\/#primaryimage"},"thumbnailUrl":"https:\/\/www.vagadeempregorj.com.br\/wp-content\/uploads\/2024\/07\/image-33.png","datePublished":"2024-07-26T09:00:00+00:00","author":{"@id":"https:\/\/www.vagadeempregorj.com.br\/#\/schema\/person\/3ddb19fa0539706786e502152f3aae95"},"description":"Veja em Vagas de Emprego RJ as vagas de emprego com e sem experi\u00eancia no seu Estado e Regi\u00e3o!","breadcrumb":{"@id":"https:\/\/www.vagadeempregorj.com.br\/empregos-na-educacao-8-escolas-particulares-pelo-pais-para-enviar-curriculo\/#breadcrumb"},"inLanguage":"es","potentialAction":[{"@type":"ReadAction","target":["https:\/\/www.vagadeempregorj.com.br\/empregos-na-educacao-8-escolas-particulares-pelo-pais-para-enviar-curriculo\/"]}]},{"@type":"ImageObject","inLanguage":"es","@id":"https:\/\/www.vagadeempregorj.com.br\/empregos-na-educacao-8-escolas-particulares-pelo-pais-para-enviar-curriculo\/#primaryimage","url":"https:\/\/www.vagadeempregorj.com.br\/wp-content\/uploads\/2024\/07\/image-33.png","contentUrl":"https:\/\/www.vagadeempregorj.com.br\/wp-content\/uploads\/2024\/07\/image-33.png","width":740,"height":592},{"@type":"BreadcrumbList","@id":"https:\/\/www.vagadeempregorj.com.br\/empregos-na-educacao-8-escolas-particulares-pelo-pais-para-enviar-curriculo\/#breadcrumb","itemListElement":[{"@type":"ListItem","position":1,"name":"In\u00edcio","item":"https:\/\/www.vagadeempregorj.com.br\/"},{"@type":"ListItem","position":2,"name":"Vagas de Emprego Nacionais","item":"https:\/\/www.vagadeempregorj.com.br\/vagas-de-emprego-nacionais\/"},{"@type":"ListItem","position":3,"name":"Empregos na educa\u00e7\u00e3o: 8 escolas particulares pelo pa\u00eds para enviar curr\u00edculo"}]},{"@type":"WebSite","@id":"https:\/\/www.vagadeempregorj.com.br\/#website","url":"https:\/\/www.vagadeempregorj.com.br\/","name":"","description":"Conquiste Sonhos: Vagas, Benef\u00edcios e Economia para Transformar Vidas e Alcan\u00e7ar Melhorias Cotidianas","potentialAction":[{"@type":"SearchAction","target":{"@type":"EntryPoint","urlTemplate":"https:\/\/www.vagadeempregorj.com.br\/?s={search_term_string}"},"query-input":{"@type":"PropertyValueSpecification","valueRequired":true,"valueName":"search_term_string"}}],"inLanguage":"es"},{"@type":"Person","@id":"https:\/\/www.vagadeempregorj.com.br\/#\/schema\/person\/3ddb19fa0539706786e502152f3aae95","name":"Michele","image":{"@type":"ImageObject","inLanguage":"es","@id":"https:\/\/secure.gravatar.com\/avatar\/6b0eb9d22841282815e2cd856a0061c45e1761cd54b22e952d98c4746939aa85?s=96&r=g","url":"https:\/\/secure.gravatar.com\/avatar\/6b0eb9d22841282815e2cd856a0061c45e1761cd54b22e952d98c4746939aa85?s=96&r=g","contentUrl":"https:\/\/secure.gravatar.com\/avatar\/6b0eb9d22841282815e2cd856a0061c45e1761cd54b22e952d98c4746939aa85?s=96&r=g","caption":"Michele"},"description":"Formada em Letras - Portugu\u00eas\/ Ingl\u00eas, e idealizadora do site Escritora de Sucesso, busca expandir o conhecimento de todos com informa\u00e7\u00f5es relevantes sobre diversos assuntos, enquanto redatora. No Vaga de Emprego RJ, traz oportunidades e dicas sobre o mercado de trabalho.","url":"https:\/\/www.vagadeempregorj.com.br\/es\/author\/michele\/"}]}},"_links":{"self":[{"href":"https:\/\/www.vagadeempregorj.com.br\/es\/wp-json\/wp\/v2\/posts\/39986","targetHints":{"allow":["GET"]}}],"collection":[{"href":"https:\/\/www.vagadeempregorj.com.br\/es\/wp-json\/wp\/v2\/posts"}],"about":[{"href":"https:\/\/www.vagadeempregorj.com.br\/es\/wp-json\/wp\/v2\/types\/post"}],"author":[{"embeddable":true,"href":"https:\/\/www.vagadeempregorj.com.br\/es\/wp-json\/wp\/v2\/users\/16"}],"replies":[{"embeddable":true,"href":"https:\/\/www.vagadeempregorj.com.br\/es\/wp-json\/wp\/v2\/comments?post=39986"}],"version-history":[{"count":0,"href":"https:\/\/www.vagadeempregorj.com.br\/es\/wp-json\/wp\/v2\/posts\/39986\/revisions"}],"wp:featuredmedia":[{"embeddable":true,"href":"https:\/\/www.vagadeempregorj.com.br\/es\/wp-json\/wp\/v2\/media\/40002"}],"wp:attachment":[{"href":"https:\/\/www.vagadeempregorj.com.br\/es\/wp-json\/wp\/v2\/media?parent=39986"}],"wp:term":[{"taxonomy":"category","embeddable":true,"href":"https:\/\/www.vagadeempregorj.com.br\/es\/wp-json\/wp\/v2\/categories?post=39986"},{"taxonomy":"post_tag","embeddable":true,"href":"https:\/\/www.vagadeempregorj.com.br\/es\/wp-json\/wp\/v2\/tags?post=39986"}],"curies":[{"name":"wp","href":"https:\/\/api.w.org\/{rel}","templated":true}]}}