{"id":40017,"date":"2024-07-20T06:00:00","date_gmt":"2024-07-20T09:00:00","guid":{"rendered":"https:\/\/www.vagadeempregorj.com.br\/?p=40017"},"modified":"2025-04-15T13:40:28","modified_gmt":"2025-04-15T16:40:28","slug":"bolsa-familia-pode-ser-bloqueado-judicialmente-por-divida","status":"publish","type":"post","link":"https:\/\/www.vagadeempregorj.com.br\/es\/bolsa-familia-pode-ser-bloqueado-judicialmente-por-divida\/","title":{"rendered":"Bolsa Fam\u00edlia pode ser bloqueado judicialmente por d\u00edvida?"},"content":{"rendered":"<p>O Bolsa Fam\u00edlia \u00e9 um programa essencial no contexto socioecon\u00f4mico brasileiro, criado com o intuito de auxiliar fam\u00edlias em situa\u00e7\u00e3o de pobreza e extrema pobreza. Desde sua implementa\u00e7\u00e3o, tem sido um instrumento fundamental para mitigar desigualdades e promover inclus\u00e3o social no pa\u00eds.&nbsp;<\/p>\n\n\n\n<p>No entanto, surge frequentemente a d\u00favida sobre a possibilidade de bloqueio judicial do benef\u00edcio em caso de d\u00edvidas por parte dos benefici\u00e1rios.&nbsp;<\/p>\n\n\n\n<h2 class=\"wp-block-heading\">O que \u00e9 o Bolsa Fam\u00edlia?<\/h2>\n\n\n\n<p>O Bolsa Fam\u00edlia \u00e9 um programa de transfer\u00eancia direta de renda, criado pelo governo federal brasileiro em 2003, durante a gest\u00e3o do Presidente Luiz In\u00e1cio Lula da Silva. Seu objetivo principal \u00e9 combater a fome e a mis\u00e9ria, garantindo o acesso de fam\u00edlias em situa\u00e7\u00e3o de vulnerabilidade a condi\u00e7\u00f5es m\u00ednimas de dignidade. O benef\u00edcio \u00e9 concedido de forma mensal e condicionado ao cumprimento de requisitos espec\u00edficos estabelecidos pelo governo.<\/p>\n\n\n\n<h2 class=\"wp-block-heading\">Funcionamento e requisitos do Bolsa Fam\u00edlia<\/h2>\n\n\n\n<p>Para se tornar benefici\u00e1rio do Bolsa Fam\u00edlia, \u00e9 necess\u00e1rio que a fam\u00edlia esteja cadastrada no Cadastro \u00danico para Programas Sociais do Governo Federal (Cad\u00danico) e que atenda aos crit\u00e9rios de renda estabelecidos pelo programa.\u00a0<\/p>\n\n\n\n<figure class=\"wp-block-image size-large\"><img loading=\"lazy\" decoding=\"async\" width=\"1024\" height=\"605\" src=\"https:\/\/www.vagadeempregorj.com.br\/wp-content\/uploads\/2024\/07\/image-40-1024x605.png\" alt=\"\" class=\"wp-image-40018\" srcset=\"https:\/\/www.vagadeempregorj.com.br\/wp-content\/uploads\/2024\/07\/image-40-1024x605.png 1024w, https:\/\/www.vagadeempregorj.com.br\/wp-content\/uploads\/2024\/07\/image-40-300x177.png 300w, https:\/\/www.vagadeempregorj.com.br\/wp-content\/uploads\/2024\/07\/image-40-768x454.png 768w, https:\/\/www.vagadeempregorj.com.br\/wp-content\/uploads\/2024\/07\/image-40-150x89.png 150w, https:\/\/www.vagadeempregorj.com.br\/wp-content\/uploads\/2024\/07\/image-40.png 1234w\" sizes=\"auto, (max-width: 1024px) 100vw, 1024px\" \/><\/figure>\n\n\n\n<p>Al\u00e9m disso, s\u00e3o consideradas outras condi\u00e7\u00f5es como a frequ\u00eancia escolar de crian\u00e7as e adolescentes e a realiza\u00e7\u00e3o de acompanhamento m\u00e9dico para gestantes e crian\u00e7as menores de 7 anos.<\/p>\n\n\n\n<h2 class=\"wp-block-heading\">A possibilidade de bloqueio judicial por d\u00edvidas<\/h2>\n\n\n\n<p>Uma das quest\u00f5es que frequentemente preocupa os benefici\u00e1rios do Bolsa Fam\u00edlia \u00e9 a seguran\u00e7a do recebimento do benef\u00edcio frente a eventuais d\u00edvidas ou cobran\u00e7as judiciais. De acordo com a legisla\u00e7\u00e3o brasileira, a impenhorabilidade de determinados bens e direitos visa proteger o m\u00ednimo existencial das pessoas em situa\u00e7\u00e3o de vulnerabilidade social.<\/p>\n\n\n\n<h2 class=\"wp-block-heading\">Princ\u00edpio da impenhorabilidade e o Bolsa Fam\u00edlia<\/h2>\n\n\n\n<p>O princ\u00edpio da impenhorabilidade est\u00e1 previsto na Constitui\u00e7\u00e3o Federal e busca proteger os bens e direitos essenciais para a subsist\u00eancia digna dos indiv\u00edduos. Entre esses direitos, destacam-se os benef\u00edcios previdenci\u00e1rios e assistenciais, como \u00e9 o caso do Bolsa Fam\u00edlia.&nbsp;<\/p>\n\n\n\n<p>Portanto, em regra, o benef\u00edcio do Bolsa Fam\u00edlia n\u00e3o pode ser objeto de penhora ou bloqueio judicial para pagamento de d\u00edvidas.<\/p>\n\n\n\n<h2 class=\"wp-block-heading\">Exce\u00e7\u00f5es \u00e0 impenhorabilidade<\/h2>\n\n\n\n<p>Embora o Bolsa Fam\u00edlia seja protegido pelo princ\u00edpio da impenhorabilidade, existem situa\u00e7\u00f5es excepcionais em que o benef\u00edcio pode ser bloqueado judicialmente. Uma dessas exce\u00e7\u00f5es ocorre quando h\u00e1 descumprimento das condicionalidades do programa, como a n\u00e3o frequ\u00eancia escolar das crian\u00e7as ou a n\u00e3o realiza\u00e7\u00e3o dos acompanhamentos m\u00e9dicos obrigat\u00f3rios.<\/p>\n\n\n\n<p>Al\u00e9m disso, o benef\u00edcio pode ser suspenso caso a fam\u00edlia n\u00e3o atualize suas informa\u00e7\u00f5es cadastrais no Cad\u00danico dentro dos prazos estabelecidos pelo governo. Nessas circunst\u00e2ncias, o bloqueio n\u00e3o \u00e9 decorrente de d\u00edvidas com terceiros, mas sim da n\u00e3o conformidade com as exig\u00eancias estabelecidas para a manuten\u00e7\u00e3o do benef\u00edcio.<\/p>\n\n\n\n<h2 class=\"wp-block-heading\">Decis\u00f5es judiciais e entendimento atual<\/h2>\n\n\n\n<p>A jurisprud\u00eancia brasileira tem se consolidado no sentido de proteger os benef\u00edcios assistenciais como o Bolsa Fam\u00edlia da penhora e bloqueio judicial, refor\u00e7ando a import\u00e2ncia desses recursos para a subsist\u00eancia das fam\u00edlias em situa\u00e7\u00e3o de vulnerabilidade.&nbsp;<\/p>\n\n\n\n<p>Decis\u00f5es recentes dos tribunais superiores t\u00eam reafirmado que o benef\u00edcio n\u00e3o pode ser utilizado para quita\u00e7\u00e3o de d\u00edvidas particulares.<\/p>\n\n\n\n<h2 class=\"wp-block-heading\">Medidas para prote\u00e7\u00e3o do benef\u00edcio<\/h2>\n\n\n\n<p>Para garantir a seguran\u00e7a do recebimento do Bolsa Fam\u00edlia, \u00e9 essencial que os benefici\u00e1rios estejam sempre em dia com as exig\u00eancias do programa. Isso inclui manter o cadastro atualizado no Cad\u00danico, cumprir as condicionalidades estabelecidas e estar atento aos prazos e obriga\u00e7\u00f5es determinadas pelo governo.<\/p>\n\n\n\n<p>Al\u00e9m disso, \u00e9 importante buscar orienta\u00e7\u00e3o jur\u00eddica caso haja tentativas indevidas de bloqueio ou penhora do benef\u00edcio. Advogados especializados em direito previdenci\u00e1rio e assistencial podem auxiliar os benefici\u00e1rios na defesa de seus direitos perante o Poder Judici\u00e1rio, garantindo que o Bolsa Fam\u00edlia seja preservado como meio de subsist\u00eancia para as fam\u00edlias mais necessitadas.<\/p>\n\n\n\n<h2 class=\"wp-block-heading\">Assegurando condi\u00e7\u00f5es m\u00ednimas de subsist\u00eancia \u00e0s fam\u00edlias&nbsp;<\/h2>\n\n\n\n<p>O Bolsa Fam\u00edlia n\u00e3o pode ser bloqueado judicialmente por d\u00edvida comum, de acordo com a legisla\u00e7\u00e3o vigente e o entendimento da jurisprud\u00eancia brasileira. O benef\u00edcio \u00e9 protegido pelo princ\u00edpio da impenhorabilidade, que visa assegurar condi\u00e7\u00f5es m\u00ednimas de subsist\u00eancia \u00e0s fam\u00edlias em situa\u00e7\u00e3o de vulnerabilidade social.<\/p>\n\n\n\n<p>\u00c9 fundamental que os benefici\u00e1rios estejam cientes de seus direitos e deveres para garantir o acesso cont\u00ednuo ao programa e buscar aux\u00edlio jur\u00eddico em caso de necessidade.<\/p>\n\n\n\n<p>Portanto, o Bolsa Fam\u00edlia continua desempenhando um papel crucial na redu\u00e7\u00e3o das desigualdades sociais no Brasil, proporcionando apoio financeiro direto a milh\u00f5es de fam\u00edlias que dele dependem para sua sobreviv\u00eancia digna e a melhoria de suas condi\u00e7\u00f5es de vida.<\/p>\n\n\n\n<p><strong>Veja tamb\u00e9m: <a href=\"https:\/\/www.vagadeempregorj.com.br\/es\/o-que-acontece-com-o-fgts-retido-por-pedido-de-demissao\/\">O que acontece com o FGTS retido por pedido de demiss\u00e3o?<\/a><\/strong><\/p>\n\n\n\n<p>20 de julho de 2024<\/p>","protected":false},"excerpt":{"rendered":"<p>O Bolsa Fam\u00edlia \u00e9 um programa essencial no contexto socioecon\u00f4mico brasileiro, criado com o intuito de auxiliar fam\u00edlias em situa\u00e7\u00e3o de pobreza e extrema pobreza. Desde sua implementa\u00e7\u00e3o, tem sido um instrumento fundamental para mitigar desigualdades e promover inclus\u00e3o social no pa\u00eds.&nbsp; No entanto, surge frequentemente a d\u00favida sobre a possibilidade de bloqueio judicial do&hellip;&nbsp;<\/p>","protected":false},"author":16,"featured_media":43107,"comment_status":"closed","ping_status":"closed","sticky":false,"template":"","format":"standard","meta":{"neve_meta_sidebar":"","neve_meta_container":"","neve_meta_enable_content_width":"","neve_meta_content_width":0,"neve_meta_title_alignment":"","neve_meta_author_avatar":"","neve_post_elements_order":"","neve_meta_disable_header":"","neve_meta_disable_footer":"","neve_meta_disable_title":"","footnotes":""},"categories":[1],"tags":[],"class_list":["post-40017","post","type-post","status-publish","format-standard","has-post-thumbnail","hentry","category-beneficios-sociais"],"yoast_head":"<!-- This site is optimized with the Yoast SEO plugin v27.5 - https:\/\/yoast.com\/product\/yoast-seo-wordpress\/ -->\n<title>Bolsa Fam\u00edlia pode ser bloqueado judicialmente por d\u00edvida? -<\/title>\n<meta name=\"description\" content=\"Veja em Vagas de Emprego RJ as vagas de emprego com e sem experi\u00eancia no seu Estado e Regi\u00e3o!\" \/>\n<meta name=\"robots\" content=\"index, follow, max-snippet:-1, max-image-preview:large, max-video-preview:-1\" \/>\n<link rel=\"canonical\" href=\"https:\/\/www.vagadeempregorj.com.br\/es\/bolsa-familia-pode-ser-bloqueado-judicialmente-por-divida\/\" \/>\n<meta property=\"og:locale\" content=\"es_MX\" \/>\n<meta property=\"og:type\" content=\"article\" \/>\n<meta property=\"og:title\" content=\"Bolsa Fam\u00edlia pode ser bloqueado judicialmente por d\u00edvida? -\" \/>\n<meta property=\"og:description\" content=\"Veja em Vagas de Emprego RJ as vagas de emprego com e sem experi\u00eancia no seu Estado e Regi\u00e3o!\" \/>\n<meta property=\"og:url\" content=\"https:\/\/www.vagadeempregorj.com.br\/es\/bolsa-familia-pode-ser-bloqueado-judicialmente-por-divida\/\" \/>\n<meta property=\"article:publisher\" content=\"https:\/\/www.facebook.com\/empregobrasiloficial\" \/>\n<meta property=\"article:published_time\" content=\"2024-07-20T09:00:00+00:00\" \/>\n<meta property=\"article:modified_time\" content=\"2025-04-15T16:40:28+00:00\" \/>\n<meta property=\"og:image\" content=\"https:\/\/www.vagadeempregorj.com.br\/wp-content\/uploads\/2024\/07\/image-40.png\" \/>\n\t<meta property=\"og:image:width\" content=\"1234\" \/>\n\t<meta property=\"og:image:height\" content=\"729\" \/>\n\t<meta property=\"og:image:type\" content=\"image\/png\" \/>\n<meta name=\"author\" content=\"Michele\" \/>\n<meta name=\"twitter:card\" content=\"summary_large_image\" \/>\n<meta name=\"twitter:label1\" content=\"Written by\" \/>\n\t<meta name=\"twitter:data1\" content=\"Michele\" \/>\n\t<meta name=\"twitter:label2\" content=\"Est. reading time\" \/>\n\t<meta name=\"twitter:data2\" content=\"4 minutos\" \/>\n<script type=\"application\/ld+json\" class=\"yoast-schema-graph\">{\"@context\":\"https:\\\/\\\/schema.org\",\"@graph\":[{\"@type\":\"Article\",\"@id\":\"https:\\\/\\\/www.vagadeempregorj.com.br\\\/bolsa-familia-pode-ser-bloqueado-judicialmente-por-divida\\\/#article\",\"isPartOf\":{\"@id\":\"https:\\\/\\\/www.vagadeempregorj.com.br\\\/bolsa-familia-pode-ser-bloqueado-judicialmente-por-divida\\\/\"},\"author\":{\"name\":\"Michele\",\"@id\":\"https:\\\/\\\/www.vagadeempregorj.com.br\\\/#\\\/schema\\\/person\\\/3ddb19fa0539706786e502152f3aae95\"},\"headline\":\"Bolsa Fam\u00edlia pode ser bloqueado judicialmente por d\u00edvida?\",\"datePublished\":\"2024-07-20T09:00:00+00:00\",\"dateModified\":\"2025-04-15T16:40:28+00:00\",\"mainEntityOfPage\":{\"@id\":\"https:\\\/\\\/www.vagadeempregorj.com.br\\\/bolsa-familia-pode-ser-bloqueado-judicialmente-por-divida\\\/\"},\"wordCount\":874,\"image\":{\"@id\":\"https:\\\/\\\/www.vagadeempregorj.com.br\\\/bolsa-familia-pode-ser-bloqueado-judicialmente-por-divida\\\/#primaryimage\"},\"thumbnailUrl\":\"https:\\\/\\\/www.vagadeempregorj.com.br\\\/wp-content\\\/uploads\\\/2024\\\/07\\\/bolsa-familia.png\",\"articleSection\":[\"Benef\u00edcios Sociais\"],\"inLanguage\":\"es\"},{\"@type\":\"WebPage\",\"@id\":\"https:\\\/\\\/www.vagadeempregorj.com.br\\\/bolsa-familia-pode-ser-bloqueado-judicialmente-por-divida\\\/\",\"url\":\"https:\\\/\\\/www.vagadeempregorj.com.br\\\/bolsa-familia-pode-ser-bloqueado-judicialmente-por-divida\\\/\",\"name\":\"Bolsa Fam\u00edlia pode ser bloqueado judicialmente por d\u00edvida? -\",\"isPartOf\":{\"@id\":\"https:\\\/\\\/www.vagadeempregorj.com.br\\\/#website\"},\"primaryImageOfPage\":{\"@id\":\"https:\\\/\\\/www.vagadeempregorj.com.br\\\/bolsa-familia-pode-ser-bloqueado-judicialmente-por-divida\\\/#primaryimage\"},\"image\":{\"@id\":\"https:\\\/\\\/www.vagadeempregorj.com.br\\\/bolsa-familia-pode-ser-bloqueado-judicialmente-por-divida\\\/#primaryimage\"},\"thumbnailUrl\":\"https:\\\/\\\/www.vagadeempregorj.com.br\\\/wp-content\\\/uploads\\\/2024\\\/07\\\/bolsa-familia.png\",\"datePublished\":\"2024-07-20T09:00:00+00:00\",\"dateModified\":\"2025-04-15T16:40:28+00:00\",\"author\":{\"@id\":\"https:\\\/\\\/www.vagadeempregorj.com.br\\\/#\\\/schema\\\/person\\\/3ddb19fa0539706786e502152f3aae95\"},\"description\":\"Veja em Vagas de Emprego RJ as vagas de emprego com e sem experi\u00eancia no seu Estado e Regi\u00e3o!\",\"breadcrumb\":{\"@id\":\"https:\\\/\\\/www.vagadeempregorj.com.br\\\/bolsa-familia-pode-ser-bloqueado-judicialmente-por-divida\\\/#breadcrumb\"},\"inLanguage\":\"es\",\"potentialAction\":[{\"@type\":\"ReadAction\",\"target\":[\"https:\\\/\\\/www.vagadeempregorj.com.br\\\/bolsa-familia-pode-ser-bloqueado-judicialmente-por-divida\\\/\"]}]},{\"@type\":\"ImageObject\",\"inLanguage\":\"es\",\"@id\":\"https:\\\/\\\/www.vagadeempregorj.com.br\\\/bolsa-familia-pode-ser-bloqueado-judicialmente-por-divida\\\/#primaryimage\",\"url\":\"https:\\\/\\\/www.vagadeempregorj.com.br\\\/wp-content\\\/uploads\\\/2024\\\/07\\\/bolsa-familia.png\",\"contentUrl\":\"https:\\\/\\\/www.vagadeempregorj.com.br\\\/wp-content\\\/uploads\\\/2024\\\/07\\\/bolsa-familia.png\",\"width\":1536,\"height\":1024,\"caption\":\"bolsa fam\u00edlia\"},{\"@type\":\"BreadcrumbList\",\"@id\":\"https:\\\/\\\/www.vagadeempregorj.com.br\\\/bolsa-familia-pode-ser-bloqueado-judicialmente-por-divida\\\/#breadcrumb\",\"itemListElement\":[{\"@type\":\"ListItem\",\"position\":1,\"name\":\"In\u00edcio\",\"item\":\"https:\\\/\\\/www.vagadeempregorj.com.br\\\/\"},{\"@type\":\"ListItem\",\"position\":2,\"name\":\"Benef\u00edcios Sociais\",\"item\":\"https:\\\/\\\/www.vagadeempregorj.com.br\\\/beneficios-sociais\\\/\"},{\"@type\":\"ListItem\",\"position\":3,\"name\":\"Bolsa Fam\u00edlia pode ser bloqueado judicialmente por d\u00edvida?\"}]},{\"@type\":\"WebSite\",\"@id\":\"https:\\\/\\\/www.vagadeempregorj.com.br\\\/#website\",\"url\":\"https:\\\/\\\/www.vagadeempregorj.com.br\\\/\",\"name\":\"\",\"description\":\"Conquiste Sonhos: Vagas, Benef\u00edcios e Economia para Transformar Vidas e Alcan\u00e7ar Melhorias Cotidianas\",\"potentialAction\":[{\"@type\":\"SearchAction\",\"target\":{\"@type\":\"EntryPoint\",\"urlTemplate\":\"https:\\\/\\\/www.vagadeempregorj.com.br\\\/?s={search_term_string}\"},\"query-input\":{\"@type\":\"PropertyValueSpecification\",\"valueRequired\":true,\"valueName\":\"search_term_string\"}}],\"inLanguage\":\"es\"},{\"@type\":\"Person\",\"@id\":\"https:\\\/\\\/www.vagadeempregorj.com.br\\\/#\\\/schema\\\/person\\\/3ddb19fa0539706786e502152f3aae95\",\"name\":\"Michele\",\"image\":{\"@type\":\"ImageObject\",\"inLanguage\":\"es\",\"@id\":\"https:\\\/\\\/secure.gravatar.com\\\/avatar\\\/6b0eb9d22841282815e2cd856a0061c45e1761cd54b22e952d98c4746939aa85?s=96&r=g\",\"url\":\"https:\\\/\\\/secure.gravatar.com\\\/avatar\\\/6b0eb9d22841282815e2cd856a0061c45e1761cd54b22e952d98c4746939aa85?s=96&r=g\",\"contentUrl\":\"https:\\\/\\\/secure.gravatar.com\\\/avatar\\\/6b0eb9d22841282815e2cd856a0061c45e1761cd54b22e952d98c4746939aa85?s=96&r=g\",\"caption\":\"Michele\"},\"description\":\"Formada em Letras - Portugu\u00eas\\\/ Ingl\u00eas, e idealizadora do site Escritora de Sucesso, busca expandir o conhecimento de todos com informa\u00e7\u00f5es relevantes sobre diversos assuntos, enquanto redatora. No Vaga de Emprego RJ, traz oportunidades e dicas sobre o mercado de trabalho.\",\"url\":\"https:\\\/\\\/www.vagadeempregorj.com.br\\\/es\\\/author\\\/michele\\\/\"}]}<\/script>\n<!-- \/ Yoast SEO plugin. -->","yoast_head_json":{"title":"Bolsa Fam\u00edlia pode ser bloqueado judicialmente por d\u00edvida? -","description":"Veja em Vagas de Emprego RJ as vagas de emprego com e sem experi\u00eancia no seu Estado e Regi\u00e3o!","robots":{"index":"index","follow":"follow","max-snippet":"max-snippet:-1","max-image-preview":"max-image-preview:large","max-video-preview":"max-video-preview:-1"},"canonical":"https:\/\/www.vagadeempregorj.com.br\/es\/bolsa-familia-pode-ser-bloqueado-judicialmente-por-divida\/","og_locale":"es_MX","og_type":"article","og_title":"Bolsa Fam\u00edlia pode ser bloqueado judicialmente por d\u00edvida? -","og_description":"Veja em Vagas de Emprego RJ as vagas de emprego com e sem experi\u00eancia no seu Estado e Regi\u00e3o!","og_url":"https:\/\/www.vagadeempregorj.com.br\/es\/bolsa-familia-pode-ser-bloqueado-judicialmente-por-divida\/","article_publisher":"https:\/\/www.facebook.com\/empregobrasiloficial","article_published_time":"2024-07-20T09:00:00+00:00","article_modified_time":"2025-04-15T16:40:28+00:00","og_image":[{"width":1234,"height":729,"url":"https:\/\/www.vagadeempregorj.com.br\/wp-content\/uploads\/2024\/07\/image-40.png","type":"image\/png"}],"author":"Michele","twitter_card":"summary_large_image","twitter_misc":{"Written by":"Michele","Est. reading time":"4 minutos"},"schema":{"@context":"https:\/\/schema.org","@graph":[{"@type":"Article","@id":"https:\/\/www.vagadeempregorj.com.br\/bolsa-familia-pode-ser-bloqueado-judicialmente-por-divida\/#article","isPartOf":{"@id":"https:\/\/www.vagadeempregorj.com.br\/bolsa-familia-pode-ser-bloqueado-judicialmente-por-divida\/"},"author":{"name":"Michele","@id":"https:\/\/www.vagadeempregorj.com.br\/#\/schema\/person\/3ddb19fa0539706786e502152f3aae95"},"headline":"Bolsa Fam\u00edlia pode ser bloqueado judicialmente por d\u00edvida?","datePublished":"2024-07-20T09:00:00+00:00","dateModified":"2025-04-15T16:40:28+00:00","mainEntityOfPage":{"@id":"https:\/\/www.vagadeempregorj.com.br\/bolsa-familia-pode-ser-bloqueado-judicialmente-por-divida\/"},"wordCount":874,"image":{"@id":"https:\/\/www.vagadeempregorj.com.br\/bolsa-familia-pode-ser-bloqueado-judicialmente-por-divida\/#primaryimage"},"thumbnailUrl":"https:\/\/www.vagadeempregorj.com.br\/wp-content\/uploads\/2024\/07\/bolsa-familia.png","articleSection":["Benef\u00edcios Sociais"],"inLanguage":"es"},{"@type":"WebPage","@id":"https:\/\/www.vagadeempregorj.com.br\/bolsa-familia-pode-ser-bloqueado-judicialmente-por-divida\/","url":"https:\/\/www.vagadeempregorj.com.br\/bolsa-familia-pode-ser-bloqueado-judicialmente-por-divida\/","name":"Bolsa Fam\u00edlia pode ser bloqueado judicialmente por d\u00edvida? -","isPartOf":{"@id":"https:\/\/www.vagadeempregorj.com.br\/#website"},"primaryImageOfPage":{"@id":"https:\/\/www.vagadeempregorj.com.br\/bolsa-familia-pode-ser-bloqueado-judicialmente-por-divida\/#primaryimage"},"image":{"@id":"https:\/\/www.vagadeempregorj.com.br\/bolsa-familia-pode-ser-bloqueado-judicialmente-por-divida\/#primaryimage"},"thumbnailUrl":"https:\/\/www.vagadeempregorj.com.br\/wp-content\/uploads\/2024\/07\/bolsa-familia.png","datePublished":"2024-07-20T09:00:00+00:00","dateModified":"2025-04-15T16:40:28+00:00","author":{"@id":"https:\/\/www.vagadeempregorj.com.br\/#\/schema\/person\/3ddb19fa0539706786e502152f3aae95"},"description":"Veja em Vagas de Emprego RJ as vagas de emprego com e sem experi\u00eancia no seu Estado e Regi\u00e3o!","breadcrumb":{"@id":"https:\/\/www.vagadeempregorj.com.br\/bolsa-familia-pode-ser-bloqueado-judicialmente-por-divida\/#breadcrumb"},"inLanguage":"es","potentialAction":[{"@type":"ReadAction","target":["https:\/\/www.vagadeempregorj.com.br\/bolsa-familia-pode-ser-bloqueado-judicialmente-por-divida\/"]}]},{"@type":"ImageObject","inLanguage":"es","@id":"https:\/\/www.vagadeempregorj.com.br\/bolsa-familia-pode-ser-bloqueado-judicialmente-por-divida\/#primaryimage","url":"https:\/\/www.vagadeempregorj.com.br\/wp-content\/uploads\/2024\/07\/bolsa-familia.png","contentUrl":"https:\/\/www.vagadeempregorj.com.br\/wp-content\/uploads\/2024\/07\/bolsa-familia.png","width":1536,"height":1024,"caption":"bolsa fam\u00edlia"},{"@type":"BreadcrumbList","@id":"https:\/\/www.vagadeempregorj.com.br\/bolsa-familia-pode-ser-bloqueado-judicialmente-por-divida\/#breadcrumb","itemListElement":[{"@type":"ListItem","position":1,"name":"In\u00edcio","item":"https:\/\/www.vagadeempregorj.com.br\/"},{"@type":"ListItem","position":2,"name":"Benef\u00edcios Sociais","item":"https:\/\/www.vagadeempregorj.com.br\/beneficios-sociais\/"},{"@type":"ListItem","position":3,"name":"Bolsa Fam\u00edlia pode ser bloqueado judicialmente por d\u00edvida?"}]},{"@type":"WebSite","@id":"https:\/\/www.vagadeempregorj.com.br\/#website","url":"https:\/\/www.vagadeempregorj.com.br\/","name":"","description":"Conquiste Sonhos: Vagas, Benef\u00edcios e Economia para Transformar Vidas e Alcan\u00e7ar Melhorias Cotidianas","potentialAction":[{"@type":"SearchAction","target":{"@type":"EntryPoint","urlTemplate":"https:\/\/www.vagadeempregorj.com.br\/?s={search_term_string}"},"query-input":{"@type":"PropertyValueSpecification","valueRequired":true,"valueName":"search_term_string"}}],"inLanguage":"es"},{"@type":"Person","@id":"https:\/\/www.vagadeempregorj.com.br\/#\/schema\/person\/3ddb19fa0539706786e502152f3aae95","name":"Michele","image":{"@type":"ImageObject","inLanguage":"es","@id":"https:\/\/secure.gravatar.com\/avatar\/6b0eb9d22841282815e2cd856a0061c45e1761cd54b22e952d98c4746939aa85?s=96&r=g","url":"https:\/\/secure.gravatar.com\/avatar\/6b0eb9d22841282815e2cd856a0061c45e1761cd54b22e952d98c4746939aa85?s=96&r=g","contentUrl":"https:\/\/secure.gravatar.com\/avatar\/6b0eb9d22841282815e2cd856a0061c45e1761cd54b22e952d98c4746939aa85?s=96&r=g","caption":"Michele"},"description":"Formada em Letras - Portugu\u00eas\/ Ingl\u00eas, e idealizadora do site Escritora de Sucesso, busca expandir o conhecimento de todos com informa\u00e7\u00f5es relevantes sobre diversos assuntos, enquanto redatora. No Vaga de Emprego RJ, traz oportunidades e dicas sobre o mercado de trabalho.","url":"https:\/\/www.vagadeempregorj.com.br\/es\/author\/michele\/"}]}},"_links":{"self":[{"href":"https:\/\/www.vagadeempregorj.com.br\/es\/wp-json\/wp\/v2\/posts\/40017","targetHints":{"allow":["GET"]}}],"collection":[{"href":"https:\/\/www.vagadeempregorj.com.br\/es\/wp-json\/wp\/v2\/posts"}],"about":[{"href":"https:\/\/www.vagadeempregorj.com.br\/es\/wp-json\/wp\/v2\/types\/post"}],"author":[{"embeddable":true,"href":"https:\/\/www.vagadeempregorj.com.br\/es\/wp-json\/wp\/v2\/users\/16"}],"replies":[{"embeddable":true,"href":"https:\/\/www.vagadeempregorj.com.br\/es\/wp-json\/wp\/v2\/comments?post=40017"}],"version-history":[{"count":0,"href":"https:\/\/www.vagadeempregorj.com.br\/es\/wp-json\/wp\/v2\/posts\/40017\/revisions"}],"wp:featuredmedia":[{"embeddable":true,"href":"https:\/\/www.vagadeempregorj.com.br\/es\/wp-json\/wp\/v2\/media\/43107"}],"wp:attachment":[{"href":"https:\/\/www.vagadeempregorj.com.br\/es\/wp-json\/wp\/v2\/media?parent=40017"}],"wp:term":[{"taxonomy":"category","embeddable":true,"href":"https:\/\/www.vagadeempregorj.com.br\/es\/wp-json\/wp\/v2\/categories?post=40017"},{"taxonomy":"post_tag","embeddable":true,"href":"https:\/\/www.vagadeempregorj.com.br\/es\/wp-json\/wp\/v2\/tags?post=40017"}],"curies":[{"name":"wp","href":"https:\/\/api.w.org\/{rel}","templated":true}]}}