{"id":40046,"date":"2024-08-15T06:00:00","date_gmt":"2024-08-15T09:00:00","guid":{"rendered":"https:\/\/www.vagadeempregorj.com.br\/?p=40046"},"modified":"2024-07-26T16:26:10","modified_gmt":"2024-07-26T19:26:10","slug":"cimed-abre-vagas-de-emprego-pelo-pais-veja-os-cargos","status":"publish","type":"post","link":"https:\/\/www.vagadeempregorj.com.br\/es\/cimed-abre-vagas-de-emprego-pelo-pais-veja-os-cargos\/","title":{"rendered":"Cimed abre vagas de emprego pelo pa\u00eds; veja os cargos"},"content":{"rendered":"<p>A Cimed, uma das maiores ind\u00fastrias farmac\u00eauticas do Brasil, anunciou recentemente a abertura de diversas vagas de emprego em v\u00e1rias regi\u00f5es do pa\u00eds. Com uma hist\u00f3ria de crescimento e inova\u00e7\u00e3o no setor farmac\u00eautico, a empresa busca talentos para compor seu quadro de colaboradores, oferecendo oportunidades para diferentes n\u00edveis de experi\u00eancia e forma\u00e7\u00f5es.&nbsp;<\/p>\n\n\n\n<h2 class=\"wp-block-heading\">Sobre a Cimed<\/h2>\n\n\n\n<p>Fundada em 1977, a Cimed \u00e9 reconhecida por sua dedica\u00e7\u00e3o \u00e0 sa\u00fade e ao bem-estar. Com um portf\u00f3lio diversificado de produtos, que inclui medicamentos, suplementos alimentares e produtos de higiene e beleza, a empresa se destaca no mercado pela qualidade e inova\u00e7\u00e3o.&nbsp;<\/p>\n\n\n\n<p>Sua sede est\u00e1 localizada em Pouso Alegre, Minas Gerais, mas a atua\u00e7\u00e3o \u00e9 nacional, com unidades de produ\u00e7\u00e3o, centros de distribui\u00e7\u00e3o e filiais espalhadas por todo o Brasil.<\/p>\n\n\n\n<figure class=\"wp-block-image size-full\"><img loading=\"lazy\" decoding=\"async\" width=\"1024\" height=\"577\" src=\"https:\/\/www.vagadeempregorj.com.br\/wp-content\/uploads\/2024\/07\/image-50.png\" alt=\"\" class=\"wp-image-40053\" srcset=\"https:\/\/www.vagadeempregorj.com.br\/wp-content\/uploads\/2024\/07\/image-50.png 1024w, https:\/\/www.vagadeempregorj.com.br\/wp-content\/uploads\/2024\/07\/image-50-300x169.png 300w, https:\/\/www.vagadeempregorj.com.br\/wp-content\/uploads\/2024\/07\/image-50-768x433.png 768w, https:\/\/www.vagadeempregorj.com.br\/wp-content\/uploads\/2024\/07\/image-50-383x215.png 383w, https:\/\/www.vagadeempregorj.com.br\/wp-content\/uploads\/2024\/07\/image-50-150x85.png 150w\" sizes=\"auto, (max-width: 1024px) 100vw, 1024px\" \/><\/figure>\n\n\n\n<p>A Cimed investe constantemente em pesquisa e desenvolvimento, garantindo a fabrica\u00e7\u00e3o de produtos que atendem \u00e0s necessidades dos consumidores e aos padr\u00f5es rigorosos da ind\u00fastria farmac\u00eautica.&nbsp;<\/p>\n\n\n\n<p>Al\u00e9m disso, a empresa se preocupa com a sustentabilidade e a responsabilidade social, promovendo a\u00e7\u00f5es que beneficiam tanto o meio ambiente quanto as comunidades onde est\u00e1 inserida.<\/p>\n\n\n\n<h2 class=\"wp-block-heading\">Vagas dispon\u00edveis<\/h2>\n\n\n\n<h3 class=\"wp-block-heading\">\u00c1rea de produ\u00e7\u00e3o<\/h3>\n\n\n\n<p>Na \u00e1rea de produ\u00e7\u00e3o, a Cimed oferece vagas para operadores de m\u00e1quinas, t\u00e9cnicos de produ\u00e7\u00e3o e engenheiros de processo. Esses profissionais s\u00e3o essenciais para garantir a fabrica\u00e7\u00e3o de produtos de alta qualidade, seguindo rigorosos padr\u00f5es de seguran\u00e7a e efici\u00eancia.<\/p>\n\n\n\n<ul class=\"wp-block-list\">\n<li><strong>Operador de m\u00e1quinas<\/strong>: Este cargo requer ensino m\u00e9dio completo e experi\u00eancia pr\u00e9via em opera\u00e7\u00e3o de m\u00e1quinas industriais. O operador \u00e9 respons\u00e1vel pelo manuseio e controle das m\u00e1quinas utilizadas na fabrica\u00e7\u00e3o de medicamentos e outros produtos.<\/li>\n<\/ul>\n\n\n\n<ul class=\"wp-block-list\">\n<li><strong>T\u00e9cnico de produ\u00e7\u00e3o<\/strong>: Para esta \u00e1rea, \u00e9 necess\u00e1rio ter curso t\u00e9cnico em \u00e1reas relacionadas, como Qu\u00edmica, Farm\u00e1cia ou Mec\u00e2nica. O t\u00e9cnico de produ\u00e7\u00e3o atua no controle de qualidade dos processos, assegurando que todos os procedimentos sejam seguidos corretamente.<\/li>\n<\/ul>\n\n\n\n<ul class=\"wp-block-list\">\n<li><strong>Engenheiro de processo<\/strong>: Esta vaga exige forma\u00e7\u00e3o superior em Engenharia Qu\u00edmica, Engenharia de Produ\u00e7\u00e3o ou \u00e1reas correlatas. O engenheiro de processo trabalha na otimiza\u00e7\u00e3o das linhas de produ\u00e7\u00e3o, buscando melhorias cont\u00ednuas e solu\u00e7\u00f5es inovadoras para aumentar a efici\u00eancia.<\/li>\n<\/ul>\n\n\n\n<h3 class=\"wp-block-heading\">\u00c1rea administrativa<\/h3>\n\n\n\n<p>A \u00e1rea administrativa da Cimed tamb\u00e9m est\u00e1 com diversas oportunidades, abrangendo cargos como analista financeiro, assistente administrativo e gerente de recursos humanos.<\/p>\n\n\n\n<ul class=\"wp-block-list\">\n<li><strong>Analista financeiro<\/strong>: Este profissional deve possuir gradua\u00e7\u00e3o em Administra\u00e7\u00e3o, Economia, Contabilidade ou \u00e1reas afins. As responsabilidades incluem a an\u00e1lise e controle de custos, elabora\u00e7\u00e3o de relat\u00f3rios financeiros e apoio na tomada de decis\u00f5es estrat\u00e9gicas.<\/li>\n<\/ul>\n\n\n\n<ul class=\"wp-block-list\">\n<li><strong>Assistente administrativo<\/strong>: Para esta fun\u00e7\u00e3o, \u00e9 necess\u00e1rio ter ensino m\u00e9dio completo e conhecimento em inform\u00e1tica. O assistente administrativo oferece suporte \u00e0s atividades administrativas, como organiza\u00e7\u00e3o de documentos, atendimento telef\u00f4nico e agendamento de reuni\u00f5es.<\/li>\n<\/ul>\n\n\n\n<ul class=\"wp-block-list\">\n<li><strong>Gerente de recursos humanos<\/strong>: A vaga de gerente de RH requer forma\u00e7\u00e3o superior em Administra\u00e7\u00e3o, Psicologia ou \u00e1reas relacionadas, al\u00e9m de experi\u00eancia comprovada na \u00e1rea. O gerente de RH \u00e9 respons\u00e1vel por gerenciar o recrutamento, sele\u00e7\u00e3o, treinamento e desenvolvimento de colaboradores, al\u00e9m de promover um ambiente de trabalho saud\u00e1vel e motivador.<\/li>\n<\/ul>\n\n\n\n<h3 class=\"wp-block-heading\">\u00c1rea de vendas e marketing<\/h3>\n\n\n\n<p>Para aqueles que possuem habilidades em vendas e marketing, a Cimed disponibiliza vagas para representantes comerciais, analistas de marketing e coordenadores de vendas.<\/p>\n\n\n\n<ul class=\"wp-block-list\">\n<li><strong>Representante comercial<\/strong>: Este cargo exige ensino m\u00e9dio completo e experi\u00eancia em vendas. O representante comercial \u00e9 respons\u00e1vel por prospectar novos clientes, negociar contratos e garantir a satisfa\u00e7\u00e3o dos clientes atuais.<\/li>\n<\/ul>\n\n\n\n<ul class=\"wp-block-list\">\n<li><strong>Analista de marketing<\/strong>: A vaga requer forma\u00e7\u00e3o superior em Marketing, Publicidade e Propaganda ou \u00e1reas correlatas. O analista de marketing desenvolve campanhas publicit\u00e1rias, analisa o mercado e elabora estrat\u00e9gias para aumentar a visibilidade e as vendas dos produtos da Cimed.<\/li>\n<\/ul>\n\n\n\n<ul class=\"wp-block-list\">\n<li><strong>Coordenador de vendas<\/strong>: Para esta vaga, \u00e9 necess\u00e1rio ter gradua\u00e7\u00e3o em Administra\u00e7\u00e3o, Marketing ou \u00e1reas afins, al\u00e9m de experi\u00eancia em lideran\u00e7a de equipes de vendas. O coordenador de vendas define metas, acompanha o desempenho da equipe e desenvolve estrat\u00e9gias para alcan\u00e7ar os objetivos comerciais da empresa.<\/li>\n<\/ul>\n\n\n\n<h3 class=\"wp-block-heading\">\u00c1rea de pesquisa e desenvolvimento<\/h3>\n\n\n\n<p>Na \u00e1rea de pesquisa e desenvolvimento (P&D), a empresa busca profissionais como pesquisadores, cientistas e t\u00e9cnicos de laborat\u00f3rio. Esses cargos s\u00e3o essenciais para a inova\u00e7\u00e3o e a cria\u00e7\u00e3o de novos produtos.<\/p>\n\n\n\n<ul class=\"wp-block-list\">\n<li><strong>Pesquisador<\/strong>: Esta \u00e1rea requer forma\u00e7\u00e3o superior em Farm\u00e1cia, Qu\u00edmica, Biomedicina ou \u00e1reas correlatas, al\u00e9m de experi\u00eancia em pesquisa cient\u00edfica. O pesquisador trabalha no desenvolvimento de novos medicamentos, testes de efic\u00e1cia e seguran\u00e7a dos produtos.<\/li>\n<\/ul>\n\n\n\n<ul class=\"wp-block-list\">\n<li><strong>Cientista<\/strong>: Para ser cientista na Cimed, \u00e9 necess\u00e1rio ter p\u00f3s-gradua\u00e7\u00e3o (mestrado ou doutorado) em \u00e1reas relacionadas \u00e0 sa\u00fade e ci\u00eancias biol\u00f3gicas. O cientista atua na condu\u00e7\u00e3o de estudos cl\u00ednicos e pr\u00e9-cl\u00ednicos, contribuindo para a inova\u00e7\u00e3o e o avan\u00e7o da ci\u00eancia farmac\u00eautica.<\/li>\n<\/ul>\n\n\n\n<ul class=\"wp-block-list\">\n<li><strong>T\u00e9cnico de laborat\u00f3rio<\/strong>: Este cargo exige curso t\u00e9cnico em Qu\u00edmica, Biotecnologia ou \u00e1reas afins. O t\u00e9cnico de laborat\u00f3rio auxilia na realiza\u00e7\u00e3o de experimentos, an\u00e1lises e controle de qualidade dos produtos em desenvolvimento.<\/li>\n<\/ul>\n\n\n\n<h3 class=\"wp-block-heading\">Requisitos gerais&nbsp;<\/h3>\n\n\n\n<p>Embora cada cargo tenha requisitos espec\u00edficos, a Cimed valoriza algumas caracter\u00edsticas comuns em todos os seus colaboradores, tais como:<\/p>\n\n\n\n<ul class=\"wp-block-list\">\n<li>Comprometimento e responsabilidade;<\/li>\n\n\n\n<li>Boa comunica\u00e7\u00e3o e trabalho em equipe;<\/li>\n\n\n\n<li>Proatividade e capacidade de resolu\u00e7\u00e3o de problemas;<\/li>\n\n\n\n<li>Interesse em desenvolvimento cont\u00ednuo e aprendizado.<\/li>\n<\/ul>\n\n\n\n<p>Al\u00e9m disso, a empresa busca profissionais que compartilhem seus valores de \u00e9tica, transpar\u00eancia e respeito, tanto no ambiente de trabalho quanto no relacionamento com clientes e parceiros.<\/p>\n\n\n\n<h3 class=\"wp-block-heading\">Benef\u00edcios<\/h3>\n\n\n\n<p>A Cimed oferece um pacote de benef\u00edcios competitivo para seus colaboradores, que inclui:<\/p>\n\n\n\n<ul class=\"wp-block-list\">\n<li>Plano de sa\u00fade e odontol\u00f3gico;<\/li>\n\n\n\n<li>Vale-refei\u00e7\u00e3o ou alimenta\u00e7\u00e3o;<\/li>\n\n\n\n<li>Seguro de vida;<\/li>\n\n\n\n<li>Participa\u00e7\u00e3o nos lucros e resultados (PLR);<\/li>\n\n\n\n<li>Programas de treinamento e desenvolvimento profissional;<\/li>\n\n\n\n<li>Descontos em produtos da empresa.<\/li>\n<\/ul>\n\n\n\n<p>Esses benef\u00edcios s\u00e3o parte do compromisso da companhia em proporcionar um ambiente de trabalho positivo e motivador, incentivando o crescimento e o bem-estar de seus colaboradores.<\/p>\n\n\n\n<h2 class=\"wp-block-heading\">Como se candidatar<\/h2>\n\n\n\n<p>Os interessados em se candidatar \u00e0s vagas dispon\u00edveis na Cimed devem acessar o <a href=\"https:\/\/cimed.gupy.io\/\">site de contrata\u00e7\u00e3o<\/a> da empresa. Nessa p\u00e1gina, \u00e9 poss\u00edvel encontrar informa\u00e7\u00f5es detalhadas sobre as oportunidades, requisitos e etapas do processo seletivo.<\/p>\n\n\n\n<p>O processo de candidatura envolve o envio do curr\u00edculo e, em alguns casos, o preenchimento de um formul\u00e1rio online. Ap\u00f3s a an\u00e1lise dos curr\u00edculos, os candidatos selecionados ser\u00e3o contatados para participar das etapas seguintes, que podem incluir testes online, entrevistas e din\u00e2micas de grupo.<\/p>\n\n\n\n<p>\u00c9 importante que os candidatos preparem um curr\u00edculo bem elaborado, destacando suas experi\u00eancias e habilidades relevantes para o cargo desejado. Al\u00e9m disso, estar bem informado sobre a empresa e demonstrar interesse genu\u00edno pela oportunidade podem ser diferenciais importantes no processo seletivo.<\/p>\n\n\n\n<h2 class=\"wp-block-heading\">Uma empresa s\u00f3lida e inovadora<\/h2>\n\n\n\n<p>A abertura de vagas de emprego pela Cimed representa uma excelente oportunidade para profissionais de diversas \u00e1reas ingressarem em uma empresa s\u00f3lida e inovadora no setor farmac\u00eautico.&nbsp;<\/p>\n\n\n\n<p>Com um compromisso firme com a qualidade, a sustentabilidade e o desenvolvimento de seus colaboradores, a Cimed se destaca como um empregador atrativo no mercado.<\/p>\n\n\n\n<p><strong>Veja tamb\u00e9m: <a href=\"https:\/\/www.vagadeempregorj.com.br\/es\/vagas-de-emprego-na-piracanjuba-mais-de-40-oportunidades-abertas\/\">Vagas de emprego na Piracanjuba: Mais de 40 oportunidades abertas<\/a><\/strong><\/p>\n\n\n\n<p>15 de agosto de 2024<\/p>","protected":false},"excerpt":{"rendered":"<p>A Cimed, uma das maiores ind\u00fastrias farmac\u00eauticas do Brasil, anunciou recentemente a abertura de diversas vagas de emprego em v\u00e1rias regi\u00f5es do pa\u00eds. Com uma hist\u00f3ria de crescimento e inova\u00e7\u00e3o no setor farmac\u00eautico, a empresa busca talentos para compor seu quadro de colaboradores, oferecendo oportunidades para diferentes n\u00edveis de experi\u00eancia e forma\u00e7\u00f5es.&nbsp; Sobre a Cimed&hellip;&nbsp;<\/p>","protected":false},"author":16,"featured_media":40053,"comment_status":"closed","ping_status":"closed","sticky":false,"template":"","format":"standard","meta":{"neve_meta_sidebar":"","neve_meta_container":"","neve_meta_enable_content_width":"","neve_meta_content_width":0,"neve_meta_title_alignment":"","neve_meta_author_avatar":"","neve_post_elements_order":"","neve_meta_disable_header":"","neve_meta_disable_footer":"","neve_meta_disable_title":"","footnotes":""},"categories":[123],"tags":[],"class_list":["post-40046","post","type-post","status-publish","format-standard","has-post-thumbnail","hentry","category-vagas-de-emprego-nacionais"],"yoast_head":"<!-- This site is optimized with the Yoast SEO plugin v27.5 - https:\/\/yoast.com\/product\/yoast-seo-wordpress\/ -->\n<title>Cimed abre vagas de emprego pelo pa\u00eds; veja os cargos -<\/title>\n<meta name=\"description\" content=\"Veja em Vagas de Emprego RJ as vagas de emprego com e sem experi\u00eancia no seu Estado e Regi\u00e3o!\" \/>\n<meta name=\"robots\" content=\"index, follow, max-snippet:-1, max-image-preview:large, max-video-preview:-1\" \/>\n<link rel=\"canonical\" href=\"https:\/\/www.vagadeempregorj.com.br\/es\/cimed-abre-vagas-de-emprego-pelo-pais-veja-os-cargos\/\" \/>\n<meta property=\"og:locale\" content=\"es_MX\" \/>\n<meta property=\"og:type\" content=\"article\" \/>\n<meta property=\"og:title\" content=\"Cimed abre vagas de emprego pelo pa\u00eds; veja os cargos -\" \/>\n<meta property=\"og:description\" content=\"Veja em Vagas de Emprego RJ as vagas de emprego com e sem experi\u00eancia no seu Estado e Regi\u00e3o!\" \/>\n<meta property=\"og:url\" content=\"https:\/\/www.vagadeempregorj.com.br\/es\/cimed-abre-vagas-de-emprego-pelo-pais-veja-os-cargos\/\" \/>\n<meta property=\"article:publisher\" content=\"https:\/\/www.facebook.com\/empregobrasiloficial\" \/>\n<meta property=\"article:published_time\" content=\"2024-08-15T09:00:00+00:00\" \/>\n<meta property=\"og:image\" content=\"https:\/\/www.vagadeempregorj.com.br\/wp-content\/uploads\/2024\/07\/image-50.png\" \/>\n\t<meta property=\"og:image:width\" content=\"1024\" \/>\n\t<meta property=\"og:image:height\" content=\"577\" \/>\n\t<meta property=\"og:image:type\" content=\"image\/png\" \/>\n<meta name=\"author\" content=\"Michele\" \/>\n<meta name=\"twitter:card\" content=\"summary_large_image\" \/>\n<meta name=\"twitter:label1\" content=\"Escrito por\" \/>\n\t<meta name=\"twitter:data1\" content=\"Michele\" \/>\n\t<meta name=\"twitter:label2\" content=\"Tiempo de lectura\" \/>\n\t<meta name=\"twitter:data2\" content=\"6 minutos\" \/>\n<script type=\"application\/ld+json\" class=\"yoast-schema-graph\">{\"@context\":\"https:\\\/\\\/schema.org\",\"@graph\":[{\"@type\":\"Article\",\"@id\":\"https:\\\/\\\/www.vagadeempregorj.com.br\\\/cimed-abre-vagas-de-emprego-pelo-pais-veja-os-cargos\\\/#article\",\"isPartOf\":{\"@id\":\"https:\\\/\\\/www.vagadeempregorj.com.br\\\/cimed-abre-vagas-de-emprego-pelo-pais-veja-os-cargos\\\/\"},\"author\":{\"name\":\"Michele\",\"@id\":\"https:\\\/\\\/www.vagadeempregorj.com.br\\\/#\\\/schema\\\/person\\\/3ddb19fa0539706786e502152f3aae95\"},\"headline\":\"Cimed abre vagas de emprego pelo pa\u00eds; veja os cargos\",\"datePublished\":\"2024-08-15T09:00:00+00:00\",\"mainEntityOfPage\":{\"@id\":\"https:\\\/\\\/www.vagadeempregorj.com.br\\\/cimed-abre-vagas-de-emprego-pelo-pais-veja-os-cargos\\\/\"},\"wordCount\":1267,\"image\":{\"@id\":\"https:\\\/\\\/www.vagadeempregorj.com.br\\\/cimed-abre-vagas-de-emprego-pelo-pais-veja-os-cargos\\\/#primaryimage\"},\"thumbnailUrl\":\"https:\\\/\\\/www.vagadeempregorj.com.br\\\/wp-content\\\/uploads\\\/2024\\\/07\\\/image-50.png\",\"articleSection\":[\"Vagas de Emprego Nacionais\"],\"inLanguage\":\"es\"},{\"@type\":\"WebPage\",\"@id\":\"https:\\\/\\\/www.vagadeempregorj.com.br\\\/cimed-abre-vagas-de-emprego-pelo-pais-veja-os-cargos\\\/\",\"url\":\"https:\\\/\\\/www.vagadeempregorj.com.br\\\/cimed-abre-vagas-de-emprego-pelo-pais-veja-os-cargos\\\/\",\"name\":\"Cimed abre vagas de emprego pelo pa\u00eds; veja os cargos -\",\"isPartOf\":{\"@id\":\"https:\\\/\\\/www.vagadeempregorj.com.br\\\/#website\"},\"primaryImageOfPage\":{\"@id\":\"https:\\\/\\\/www.vagadeempregorj.com.br\\\/cimed-abre-vagas-de-emprego-pelo-pais-veja-os-cargos\\\/#primaryimage\"},\"image\":{\"@id\":\"https:\\\/\\\/www.vagadeempregorj.com.br\\\/cimed-abre-vagas-de-emprego-pelo-pais-veja-os-cargos\\\/#primaryimage\"},\"thumbnailUrl\":\"https:\\\/\\\/www.vagadeempregorj.com.br\\\/wp-content\\\/uploads\\\/2024\\\/07\\\/image-50.png\",\"datePublished\":\"2024-08-15T09:00:00+00:00\",\"author\":{\"@id\":\"https:\\\/\\\/www.vagadeempregorj.com.br\\\/#\\\/schema\\\/person\\\/3ddb19fa0539706786e502152f3aae95\"},\"description\":\"Veja em Vagas de Emprego RJ as vagas de emprego com e sem experi\u00eancia no seu Estado e Regi\u00e3o!\",\"breadcrumb\":{\"@id\":\"https:\\\/\\\/www.vagadeempregorj.com.br\\\/cimed-abre-vagas-de-emprego-pelo-pais-veja-os-cargos\\\/#breadcrumb\"},\"inLanguage\":\"es\",\"potentialAction\":[{\"@type\":\"ReadAction\",\"target\":[\"https:\\\/\\\/www.vagadeempregorj.com.br\\\/cimed-abre-vagas-de-emprego-pelo-pais-veja-os-cargos\\\/\"]}]},{\"@type\":\"ImageObject\",\"inLanguage\":\"es\",\"@id\":\"https:\\\/\\\/www.vagadeempregorj.com.br\\\/cimed-abre-vagas-de-emprego-pelo-pais-veja-os-cargos\\\/#primaryimage\",\"url\":\"https:\\\/\\\/www.vagadeempregorj.com.br\\\/wp-content\\\/uploads\\\/2024\\\/07\\\/image-50.png\",\"contentUrl\":\"https:\\\/\\\/www.vagadeempregorj.com.br\\\/wp-content\\\/uploads\\\/2024\\\/07\\\/image-50.png\",\"width\":1024,\"height\":577},{\"@type\":\"BreadcrumbList\",\"@id\":\"https:\\\/\\\/www.vagadeempregorj.com.br\\\/cimed-abre-vagas-de-emprego-pelo-pais-veja-os-cargos\\\/#breadcrumb\",\"itemListElement\":[{\"@type\":\"ListItem\",\"position\":1,\"name\":\"In\u00edcio\",\"item\":\"https:\\\/\\\/www.vagadeempregorj.com.br\\\/\"},{\"@type\":\"ListItem\",\"position\":2,\"name\":\"Vagas de Emprego Nacionais\",\"item\":\"https:\\\/\\\/www.vagadeempregorj.com.br\\\/vagas-de-emprego-nacionais\\\/\"},{\"@type\":\"ListItem\",\"position\":3,\"name\":\"Cimed abre vagas de emprego pelo pa\u00eds; veja os cargos\"}]},{\"@type\":\"WebSite\",\"@id\":\"https:\\\/\\\/www.vagadeempregorj.com.br\\\/#website\",\"url\":\"https:\\\/\\\/www.vagadeempregorj.com.br\\\/\",\"name\":\"\",\"description\":\"Conquiste Sonhos: Vagas, Benef\u00edcios e Economia para Transformar Vidas e Alcan\u00e7ar Melhorias Cotidianas\",\"potentialAction\":[{\"@type\":\"SearchAction\",\"target\":{\"@type\":\"EntryPoint\",\"urlTemplate\":\"https:\\\/\\\/www.vagadeempregorj.com.br\\\/?s={search_term_string}\"},\"query-input\":{\"@type\":\"PropertyValueSpecification\",\"valueRequired\":true,\"valueName\":\"search_term_string\"}}],\"inLanguage\":\"es\"},{\"@type\":\"Person\",\"@id\":\"https:\\\/\\\/www.vagadeempregorj.com.br\\\/#\\\/schema\\\/person\\\/3ddb19fa0539706786e502152f3aae95\",\"name\":\"Michele\",\"image\":{\"@type\":\"ImageObject\",\"inLanguage\":\"es\",\"@id\":\"https:\\\/\\\/secure.gravatar.com\\\/avatar\\\/6b0eb9d22841282815e2cd856a0061c45e1761cd54b22e952d98c4746939aa85?s=96&r=g\",\"url\":\"https:\\\/\\\/secure.gravatar.com\\\/avatar\\\/6b0eb9d22841282815e2cd856a0061c45e1761cd54b22e952d98c4746939aa85?s=96&r=g\",\"contentUrl\":\"https:\\\/\\\/secure.gravatar.com\\\/avatar\\\/6b0eb9d22841282815e2cd856a0061c45e1761cd54b22e952d98c4746939aa85?s=96&r=g\",\"caption\":\"Michele\"},\"description\":\"Formada em Letras - Portugu\u00eas\\\/ Ingl\u00eas, e idealizadora do site Escritora de Sucesso, busca expandir o conhecimento de todos com informa\u00e7\u00f5es relevantes sobre diversos assuntos, enquanto redatora. No Vaga de Emprego RJ, traz oportunidades e dicas sobre o mercado de trabalho.\",\"url\":\"https:\\\/\\\/www.vagadeempregorj.com.br\\\/es\\\/author\\\/michele\\\/\"}]}<\/script>\n<!-- \/ Yoast SEO plugin. -->","yoast_head_json":{"title":"Cimed abre vagas de emprego pelo pa\u00eds; veja os cargos -","description":"Veja em Vagas de Emprego RJ as vagas de emprego com e sem experi\u00eancia no seu Estado e Regi\u00e3o!","robots":{"index":"index","follow":"follow","max-snippet":"max-snippet:-1","max-image-preview":"max-image-preview:large","max-video-preview":"max-video-preview:-1"},"canonical":"https:\/\/www.vagadeempregorj.com.br\/es\/cimed-abre-vagas-de-emprego-pelo-pais-veja-os-cargos\/","og_locale":"es_MX","og_type":"article","og_title":"Cimed abre vagas de emprego pelo pa\u00eds; veja os cargos -","og_description":"Veja em Vagas de Emprego RJ as vagas de emprego com e sem experi\u00eancia no seu Estado e Regi\u00e3o!","og_url":"https:\/\/www.vagadeempregorj.com.br\/es\/cimed-abre-vagas-de-emprego-pelo-pais-veja-os-cargos\/","article_publisher":"https:\/\/www.facebook.com\/empregobrasiloficial","article_published_time":"2024-08-15T09:00:00+00:00","og_image":[{"width":1024,"height":577,"url":"https:\/\/www.vagadeempregorj.com.br\/wp-content\/uploads\/2024\/07\/image-50.png","type":"image\/png"}],"author":"Michele","twitter_card":"summary_large_image","twitter_misc":{"Escrito por":"Michele","Tiempo de lectura":"6 minutos"},"schema":{"@context":"https:\/\/schema.org","@graph":[{"@type":"Article","@id":"https:\/\/www.vagadeempregorj.com.br\/cimed-abre-vagas-de-emprego-pelo-pais-veja-os-cargos\/#article","isPartOf":{"@id":"https:\/\/www.vagadeempregorj.com.br\/cimed-abre-vagas-de-emprego-pelo-pais-veja-os-cargos\/"},"author":{"name":"Michele","@id":"https:\/\/www.vagadeempregorj.com.br\/#\/schema\/person\/3ddb19fa0539706786e502152f3aae95"},"headline":"Cimed abre vagas de emprego pelo pa\u00eds; veja os cargos","datePublished":"2024-08-15T09:00:00+00:00","mainEntityOfPage":{"@id":"https:\/\/www.vagadeempregorj.com.br\/cimed-abre-vagas-de-emprego-pelo-pais-veja-os-cargos\/"},"wordCount":1267,"image":{"@id":"https:\/\/www.vagadeempregorj.com.br\/cimed-abre-vagas-de-emprego-pelo-pais-veja-os-cargos\/#primaryimage"},"thumbnailUrl":"https:\/\/www.vagadeempregorj.com.br\/wp-content\/uploads\/2024\/07\/image-50.png","articleSection":["Vagas de Emprego Nacionais"],"inLanguage":"es"},{"@type":"WebPage","@id":"https:\/\/www.vagadeempregorj.com.br\/cimed-abre-vagas-de-emprego-pelo-pais-veja-os-cargos\/","url":"https:\/\/www.vagadeempregorj.com.br\/cimed-abre-vagas-de-emprego-pelo-pais-veja-os-cargos\/","name":"Cimed abre vagas de emprego pelo pa\u00eds; veja os cargos -","isPartOf":{"@id":"https:\/\/www.vagadeempregorj.com.br\/#website"},"primaryImageOfPage":{"@id":"https:\/\/www.vagadeempregorj.com.br\/cimed-abre-vagas-de-emprego-pelo-pais-veja-os-cargos\/#primaryimage"},"image":{"@id":"https:\/\/www.vagadeempregorj.com.br\/cimed-abre-vagas-de-emprego-pelo-pais-veja-os-cargos\/#primaryimage"},"thumbnailUrl":"https:\/\/www.vagadeempregorj.com.br\/wp-content\/uploads\/2024\/07\/image-50.png","datePublished":"2024-08-15T09:00:00+00:00","author":{"@id":"https:\/\/www.vagadeempregorj.com.br\/#\/schema\/person\/3ddb19fa0539706786e502152f3aae95"},"description":"Veja em Vagas de Emprego RJ as vagas de emprego com e sem experi\u00eancia no seu Estado e Regi\u00e3o!","breadcrumb":{"@id":"https:\/\/www.vagadeempregorj.com.br\/cimed-abre-vagas-de-emprego-pelo-pais-veja-os-cargos\/#breadcrumb"},"inLanguage":"es","potentialAction":[{"@type":"ReadAction","target":["https:\/\/www.vagadeempregorj.com.br\/cimed-abre-vagas-de-emprego-pelo-pais-veja-os-cargos\/"]}]},{"@type":"ImageObject","inLanguage":"es","@id":"https:\/\/www.vagadeempregorj.com.br\/cimed-abre-vagas-de-emprego-pelo-pais-veja-os-cargos\/#primaryimage","url":"https:\/\/www.vagadeempregorj.com.br\/wp-content\/uploads\/2024\/07\/image-50.png","contentUrl":"https:\/\/www.vagadeempregorj.com.br\/wp-content\/uploads\/2024\/07\/image-50.png","width":1024,"height":577},{"@type":"BreadcrumbList","@id":"https:\/\/www.vagadeempregorj.com.br\/cimed-abre-vagas-de-emprego-pelo-pais-veja-os-cargos\/#breadcrumb","itemListElement":[{"@type":"ListItem","position":1,"name":"In\u00edcio","item":"https:\/\/www.vagadeempregorj.com.br\/"},{"@type":"ListItem","position":2,"name":"Vagas de Emprego Nacionais","item":"https:\/\/www.vagadeempregorj.com.br\/vagas-de-emprego-nacionais\/"},{"@type":"ListItem","position":3,"name":"Cimed abre vagas de emprego pelo pa\u00eds; veja os cargos"}]},{"@type":"WebSite","@id":"https:\/\/www.vagadeempregorj.com.br\/#website","url":"https:\/\/www.vagadeempregorj.com.br\/","name":"","description":"Haz realidad tus sue\u00f1os: Ofertas de empleo, beneficios y ahorros para transformar vidas y lograr mejoras cotidianas.","potentialAction":[{"@type":"SearchAction","target":{"@type":"EntryPoint","urlTemplate":"https:\/\/www.vagadeempregorj.com.br\/?s={search_term_string}"},"query-input":{"@type":"PropertyValueSpecification","valueRequired":true,"valueName":"search_term_string"}}],"inLanguage":"es"},{"@type":"Person","@id":"https:\/\/www.vagadeempregorj.com.br\/#\/schema\/person\/3ddb19fa0539706786e502152f3aae95","name":"Michele","image":{"@type":"ImageObject","inLanguage":"es","@id":"https:\/\/secure.gravatar.com\/avatar\/6b0eb9d22841282815e2cd856a0061c45e1761cd54b22e952d98c4746939aa85?s=96&r=g","url":"https:\/\/secure.gravatar.com\/avatar\/6b0eb9d22841282815e2cd856a0061c45e1761cd54b22e952d98c4746939aa85?s=96&r=g","contentUrl":"https:\/\/secure.gravatar.com\/avatar\/6b0eb9d22841282815e2cd856a0061c45e1761cd54b22e952d98c4746939aa85?s=96&r=g","caption":"Michele"},"description":"Formada em Letras - Portugu\u00eas\/ Ingl\u00eas, e idealizadora do site Escritora de Sucesso, busca expandir o conhecimento de todos com informa\u00e7\u00f5es relevantes sobre diversos assuntos, enquanto redatora. No Vaga de Emprego RJ, traz oportunidades e dicas sobre o mercado de trabalho.","url":"https:\/\/www.vagadeempregorj.com.br\/es\/author\/michele\/"}]}},"_links":{"self":[{"href":"https:\/\/www.vagadeempregorj.com.br\/es\/wp-json\/wp\/v2\/posts\/40046","targetHints":{"allow":["GET"]}}],"collection":[{"href":"https:\/\/www.vagadeempregorj.com.br\/es\/wp-json\/wp\/v2\/posts"}],"about":[{"href":"https:\/\/www.vagadeempregorj.com.br\/es\/wp-json\/wp\/v2\/types\/post"}],"author":[{"embeddable":true,"href":"https:\/\/www.vagadeempregorj.com.br\/es\/wp-json\/wp\/v2\/users\/16"}],"replies":[{"embeddable":true,"href":"https:\/\/www.vagadeempregorj.com.br\/es\/wp-json\/wp\/v2\/comments?post=40046"}],"version-history":[{"count":0,"href":"https:\/\/www.vagadeempregorj.com.br\/es\/wp-json\/wp\/v2\/posts\/40046\/revisions"}],"wp:featuredmedia":[{"embeddable":true,"href":"https:\/\/www.vagadeempregorj.com.br\/es\/wp-json\/wp\/v2\/media\/40053"}],"wp:attachment":[{"href":"https:\/\/www.vagadeempregorj.com.br\/es\/wp-json\/wp\/v2\/media?parent=40046"}],"wp:term":[{"taxonomy":"category","embeddable":true,"href":"https:\/\/www.vagadeempregorj.com.br\/es\/wp-json\/wp\/v2\/categories?post=40046"},{"taxonomy":"post_tag","embeddable":true,"href":"https:\/\/www.vagadeempregorj.com.br\/es\/wp-json\/wp\/v2\/tags?post=40046"}],"curies":[{"name":"wp","href":"https:\/\/api.w.org\/{rel}","templated":true}]}}