{"id":40077,"date":"2024-08-05T06:03:00","date_gmt":"2024-08-05T09:03:00","guid":{"rendered":"https:\/\/www.vagadeempregorj.com.br\/?p=40077"},"modified":"2024-08-04T00:08:46","modified_gmt":"2024-08-04T03:08:46","slug":"renner-tem-mais-de-1000-empregos-abertos-pelo-pais","status":"publish","type":"post","link":"https:\/\/www.vagadeempregorj.com.br\/es\/renner-tem-mais-de-1000-empregos-abertos-pelo-pais\/","title":{"rendered":"Renner tem mais de 1000 empregos abertos pelo pa\u00eds"},"content":{"rendered":"<p>A Lojas Renner, uma das maiores redes de moda do Brasil, anunciou recentemente a abertura de mais de 1000 vagas de emprego em diversas regi\u00f5es do pa\u00eds. A not\u00edcia chega em um momento oportuno, considerando a crescente busca por oportunidades de trabalho em um cen\u00e1rio econ\u00f4mico desafiador.&nbsp;<\/p>\n\n\n\n<h2 class=\"wp-block-heading\">Sobre a Renner<\/h2>\n\n\n\n<p>Fundada em 1922, a Renner come\u00e7ou suas atividades em Porto Alegre, Rio Grande do Sul. Inicialmente voltada para a venda de produtos importados, a empresa evoluiu ao longo dos anos, tornando-se uma refer\u00eancia no setor de moda e varejo.&nbsp;<\/p>\n\n\n\n<p>Atualmente, a Renner conta com mais de 600 lojas espalhadas pelo Brasil e outros pa\u00edses da Am\u00e9rica Latina. Com uma trajet\u00f3ria marcada pela inova\u00e7\u00e3o e compromisso com a qualidade, a empresa se destaca pela diversidade de produtos e pelo atendimento diferenciado.<\/p>\n\n\n\n<figure class=\"wp-block-image size-large\"><img loading=\"lazy\" decoding=\"async\" width=\"1024\" height=\"576\" src=\"https:\/\/www.vagadeempregorj.com.br\/wp-content\/uploads\/2024\/08\/image-4-1024x576.png\" alt=\"\" class=\"wp-image-40085\" srcset=\"https:\/\/www.vagadeempregorj.com.br\/wp-content\/uploads\/2024\/08\/image-4-1024x576.png 1024w, https:\/\/www.vagadeempregorj.com.br\/wp-content\/uploads\/2024\/08\/image-4-300x169.png 300w, https:\/\/www.vagadeempregorj.com.br\/wp-content\/uploads\/2024\/08\/image-4-768x432.png 768w, https:\/\/www.vagadeempregorj.com.br\/wp-content\/uploads\/2024\/08\/image-4-383x215.png 383w, https:\/\/www.vagadeempregorj.com.br\/wp-content\/uploads\/2024\/08\/image-4-150x84.png 150w, https:\/\/www.vagadeempregorj.com.br\/wp-content\/uploads\/2024\/08\/image-4.png 1280w\" sizes=\"auto, (max-width: 1024px) 100vw, 1024px\" \/><\/figure>\n\n\n\n<p>A Renner \u00e9 conhecida por seu ambiente de trabalho inclusivo e por valorizar seus colaboradores. A empresa investe constantemente em treinamento e desenvolvimento, proporcionando aos funcion\u00e1rios oportunidades de crescimento e ascens\u00e3o na carreira. Al\u00e9m disso, a Renner tem um forte compromisso com a sustentabilidade, implementando pr\u00e1ticas que visam reduzir o impacto ambiental de suas opera\u00e7\u00f5es.<\/p>\n\n\n\n<h2 class=\"wp-block-heading\">Oportunidades de emprego na Renner<\/h2>\n\n\n\n<p>As vagas abertas pela Renner abrangem uma ampla gama de fun\u00e7\u00f5es, desde posi\u00e7\u00f5es administrativas at\u00e9 <a href=\"https:\/\/escritoradesucesso.com.br\/texto-pronto-para-pedir-emprego-por-email-e-exemplos\/\">cargos operacionais<\/a> e de atendimento ao cliente. As oportunidades est\u00e3o distribu\u00eddas por todo o pa\u00eds, permitindo que candidatos de diferentes regi\u00f5es possam se candidatar.<\/p>\n\n\n\n<p>Entre as posi\u00e7\u00f5es dispon\u00edveis, destacam-se as vagas para vendedores, caixas, estoquistas e gerentes de loja. Al\u00e9m disso, h\u00e1 oportunidades em \u00e1reas espec\u00edficas como log\u00edstica, recursos humanos, marketing e tecnologia da informa\u00e7\u00e3o.&nbsp;<\/p>\n\n\n\n<p><strong>A Renner tamb\u00e9m oferece vagas para jovens aprendizes e estagi\u00e1rios, contribuindo para a forma\u00e7\u00e3o e inser\u00e7\u00e3o de novos talentos no mercado de trabalho.<\/strong><\/p>\n\n\n\n<p>Para ocupar essas posi\u00e7\u00f5es, a Renner busca candidatos que compartilhem dos valores da empresa, como compromisso com a qualidade, atendimento ao cliente e trabalho em equipe. A experi\u00eancia pr\u00e9via no setor de varejo \u00e9 valorizada, mas n\u00e3o \u00e9 um requisito obrigat\u00f3rio para todas as vagas.&nbsp;<\/p>\n\n\n\n<p>A empresa tamb\u00e9m preza pela diversidade e inclus\u00e3o, encorajando a candidatura de pessoas de diferentes perfis e experi\u00eancias.<\/p>\n\n\n\n<p>Os benef\u00edcios oferecidos pela Renner incluem sal\u00e1rio compat\u00edvel com o mercado, vale-transporte, vale-refei\u00e7\u00e3o, plano de sa\u00fade e descontos em produtos da loja. A empresa tamb\u00e9m oferece programas de capacita\u00e7\u00e3o e desenvolvimento profissional, visando o crescimento cont\u00ednuo de seus colaboradores.<\/p>\n\n\n\n<h2 class=\"wp-block-heading\">Como se candidatar<\/h2>\n\n\n\n<p>O processo de candidatura para as vagas na Renner \u00e9 simples e pode ser realizado de forma totalmente online. Os interessados devem acessar o site oficial da empresa e navegar at\u00e9 a se\u00e7\u00e3o <a href=\"https:\/\/lojasrenner.gupy.io\/\"><strong>Trabalhe Conosco<\/strong><\/a>. L\u00e1, \u00e9 poss\u00edvel visualizar todas as vagas dispon\u00edveis, filtrando por localiza\u00e7\u00e3o e \u00e1rea de interesse.<\/p>\n\n\n\n<p>Ap\u00f3s escolher a vaga desejada, o candidato deve preencher um formul\u00e1rio com suas informa\u00e7\u00f5es pessoais, experi\u00eancia profissional e forma\u00e7\u00e3o acad\u00eamica. \u00c9 importante fornecer dados precisos e atualizados, pois isso facilitar\u00e1 o processo de sele\u00e7\u00e3o. Al\u00e9m do formul\u00e1rio, a Renner pode solicitar o envio de um curr\u00edculo e, em alguns casos, uma carta de apresenta\u00e7\u00e3o.<\/p>\n\n\n\n<p>Depois de enviar a candidatura, o candidato passar\u00e1 por um processo seletivo que pode incluir testes online, entrevistas e din\u00e2micas de grupo. A Renner valoriza a transpar\u00eancia e a comunica\u00e7\u00e3o durante todo o processo, mantendo os candidatos informados sobre o status de sua aplica\u00e7\u00e3o.<\/p>\n\n\n\n<p>Para os candidatos que se destacarem, a empresa oferece um ambiente de trabalho din\u00e2mico e oportunidades reais de crescimento. A Renner acredita no potencial de seus colaboradores e investe no desenvolvimento de suas habilidades e compet\u00eancias, preparando-os para assumir novos desafios e responsabilidades.<\/p>\n\n\n\n<p>A abertura de mais de 1000 vagas de emprego pela Renner representa uma excelente oportunidade para aqueles que buscam uma coloca\u00e7\u00e3o no mercado de trabalho. Com uma hist\u00f3ria s\u00f3lida, valores claros e um compromisso com o desenvolvimento de seus colaboradores, a Renner se destaca como uma empregadora de escolha no setor de moda e varejo.&nbsp;<\/p>\n\n\n\n<p><strong>Veja tamb\u00e9m: <a href=\"https:\/\/www.vagadeempregorj.com.br\/es\/melhores-empregos-para-quem-faz-faculdade-7-empresas-contratando\/\">Melhores empregos para quem faz faculdade: 7 empresas contratando<\/a><\/strong><\/p>\n\n\n\n<p>5 de agosto de 2024<\/p>","protected":false},"excerpt":{"rendered":"<p>A Lojas Renner, uma das maiores redes de moda do Brasil, anunciou recentemente a abertura de mais de 1000 vagas de emprego em diversas regi\u00f5es do pa\u00eds. A not\u00edcia chega em um momento oportuno, considerando a crescente busca por oportunidades de trabalho em um cen\u00e1rio econ\u00f4mico desafiador.&nbsp; Sobre a Renner Fundada em 1922, a Renner&hellip;&nbsp;<\/p>","protected":false},"author":16,"featured_media":40085,"comment_status":"closed","ping_status":"closed","sticky":false,"template":"","format":"standard","meta":{"neve_meta_sidebar":"","neve_meta_container":"","neve_meta_enable_content_width":"","neve_meta_content_width":0,"neve_meta_title_alignment":"","neve_meta_author_avatar":"","neve_post_elements_order":"","neve_meta_disable_header":"","neve_meta_disable_footer":"","neve_meta_disable_title":"","footnotes":""},"categories":[123],"tags":[830,608],"class_list":["post-40077","post","type-post","status-publish","format-standard","has-post-thumbnail","hentry","category-vagas-de-emprego-nacionais","tag-empregos","tag-oportunidades"],"yoast_head":"<!-- This site is optimized with the Yoast SEO plugin v27.5 - https:\/\/yoast.com\/product\/yoast-seo-wordpress\/ -->\n<title>Renner tem mais de 1000 empregos abertos pelo pa\u00eds -<\/title>\n<meta name=\"description\" content=\"Veja em Vagas de Emprego RJ as vagas de emprego com e sem experi\u00eancia no seu Estado e Regi\u00e3o!\" \/>\n<meta name=\"robots\" content=\"index, follow, max-snippet:-1, max-image-preview:large, max-video-preview:-1\" \/>\n<link rel=\"canonical\" href=\"https:\/\/www.vagadeempregorj.com.br\/es\/renner-tem-mais-de-1000-empregos-abertos-pelo-pais\/\" \/>\n<meta property=\"og:locale\" content=\"es_MX\" \/>\n<meta property=\"og:type\" content=\"article\" \/>\n<meta property=\"og:title\" content=\"Renner tem mais de 1000 empregos abertos pelo pa\u00eds -\" \/>\n<meta property=\"og:description\" content=\"Veja em Vagas de Emprego RJ as vagas de emprego com e sem experi\u00eancia no seu Estado e Regi\u00e3o!\" \/>\n<meta property=\"og:url\" content=\"https:\/\/www.vagadeempregorj.com.br\/es\/renner-tem-mais-de-1000-empregos-abertos-pelo-pais\/\" \/>\n<meta property=\"article:publisher\" content=\"https:\/\/www.facebook.com\/empregobrasiloficial\" \/>\n<meta property=\"article:published_time\" content=\"2024-08-05T09:03:00+00:00\" \/>\n<meta property=\"og:image\" content=\"https:\/\/www.vagadeempregorj.com.br\/wp-content\/uploads\/2024\/08\/image-4.png\" \/>\n\t<meta property=\"og:image:width\" content=\"1280\" \/>\n\t<meta property=\"og:image:height\" content=\"720\" \/>\n\t<meta property=\"og:image:type\" content=\"image\/png\" \/>\n<meta name=\"author\" content=\"Michele\" \/>\n<meta name=\"twitter:card\" content=\"summary_large_image\" \/>\n<meta name=\"twitter:label1\" content=\"Escrito por\" \/>\n\t<meta name=\"twitter:data1\" content=\"Michele\" \/>\n\t<meta name=\"twitter:label2\" content=\"Tiempo de lectura\" \/>\n\t<meta name=\"twitter:data2\" content=\"4 minutos\" \/>\n<script type=\"application\/ld+json\" class=\"yoast-schema-graph\">{\"@context\":\"https:\\\/\\\/schema.org\",\"@graph\":[{\"@type\":\"Article\",\"@id\":\"https:\\\/\\\/www.vagadeempregorj.com.br\\\/renner-tem-mais-de-1000-empregos-abertos-pelo-pais\\\/#article\",\"isPartOf\":{\"@id\":\"https:\\\/\\\/www.vagadeempregorj.com.br\\\/renner-tem-mais-de-1000-empregos-abertos-pelo-pais\\\/\"},\"author\":{\"name\":\"Michele\",\"@id\":\"https:\\\/\\\/www.vagadeempregorj.com.br\\\/#\\\/schema\\\/person\\\/3ddb19fa0539706786e502152f3aae95\"},\"headline\":\"Renner tem mais de 1000 empregos abertos pelo pa\u00eds\",\"datePublished\":\"2024-08-05T09:03:00+00:00\",\"mainEntityOfPage\":{\"@id\":\"https:\\\/\\\/www.vagadeempregorj.com.br\\\/renner-tem-mais-de-1000-empregos-abertos-pelo-pais\\\/\"},\"wordCount\":724,\"image\":{\"@id\":\"https:\\\/\\\/www.vagadeempregorj.com.br\\\/renner-tem-mais-de-1000-empregos-abertos-pelo-pais\\\/#primaryimage\"},\"thumbnailUrl\":\"https:\\\/\\\/www.vagadeempregorj.com.br\\\/wp-content\\\/uploads\\\/2024\\\/08\\\/image-4.png\",\"keywords\":[\"empregos\",\"oportunidades\"],\"articleSection\":[\"Vagas de Emprego Nacionais\"],\"inLanguage\":\"es\"},{\"@type\":\"WebPage\",\"@id\":\"https:\\\/\\\/www.vagadeempregorj.com.br\\\/renner-tem-mais-de-1000-empregos-abertos-pelo-pais\\\/\",\"url\":\"https:\\\/\\\/www.vagadeempregorj.com.br\\\/renner-tem-mais-de-1000-empregos-abertos-pelo-pais\\\/\",\"name\":\"Renner tem mais de 1000 empregos abertos pelo pa\u00eds -\",\"isPartOf\":{\"@id\":\"https:\\\/\\\/www.vagadeempregorj.com.br\\\/#website\"},\"primaryImageOfPage\":{\"@id\":\"https:\\\/\\\/www.vagadeempregorj.com.br\\\/renner-tem-mais-de-1000-empregos-abertos-pelo-pais\\\/#primaryimage\"},\"image\":{\"@id\":\"https:\\\/\\\/www.vagadeempregorj.com.br\\\/renner-tem-mais-de-1000-empregos-abertos-pelo-pais\\\/#primaryimage\"},\"thumbnailUrl\":\"https:\\\/\\\/www.vagadeempregorj.com.br\\\/wp-content\\\/uploads\\\/2024\\\/08\\\/image-4.png\",\"datePublished\":\"2024-08-05T09:03:00+00:00\",\"author\":{\"@id\":\"https:\\\/\\\/www.vagadeempregorj.com.br\\\/#\\\/schema\\\/person\\\/3ddb19fa0539706786e502152f3aae95\"},\"description\":\"Veja em Vagas de Emprego RJ as vagas de emprego com e sem experi\u00eancia no seu Estado e Regi\u00e3o!\",\"breadcrumb\":{\"@id\":\"https:\\\/\\\/www.vagadeempregorj.com.br\\\/renner-tem-mais-de-1000-empregos-abertos-pelo-pais\\\/#breadcrumb\"},\"inLanguage\":\"es\",\"potentialAction\":[{\"@type\":\"ReadAction\",\"target\":[\"https:\\\/\\\/www.vagadeempregorj.com.br\\\/renner-tem-mais-de-1000-empregos-abertos-pelo-pais\\\/\"]}]},{\"@type\":\"ImageObject\",\"inLanguage\":\"es\",\"@id\":\"https:\\\/\\\/www.vagadeempregorj.com.br\\\/renner-tem-mais-de-1000-empregos-abertos-pelo-pais\\\/#primaryimage\",\"url\":\"https:\\\/\\\/www.vagadeempregorj.com.br\\\/wp-content\\\/uploads\\\/2024\\\/08\\\/image-4.png\",\"contentUrl\":\"https:\\\/\\\/www.vagadeempregorj.com.br\\\/wp-content\\\/uploads\\\/2024\\\/08\\\/image-4.png\",\"width\":1280,\"height\":720},{\"@type\":\"BreadcrumbList\",\"@id\":\"https:\\\/\\\/www.vagadeempregorj.com.br\\\/renner-tem-mais-de-1000-empregos-abertos-pelo-pais\\\/#breadcrumb\",\"itemListElement\":[{\"@type\":\"ListItem\",\"position\":1,\"name\":\"In\u00edcio\",\"item\":\"https:\\\/\\\/www.vagadeempregorj.com.br\\\/\"},{\"@type\":\"ListItem\",\"position\":2,\"name\":\"Vagas de Emprego Nacionais\",\"item\":\"https:\\\/\\\/www.vagadeempregorj.com.br\\\/vagas-de-emprego-nacionais\\\/\"},{\"@type\":\"ListItem\",\"position\":3,\"name\":\"Renner tem mais de 1000 empregos abertos pelo pa\u00eds\"}]},{\"@type\":\"WebSite\",\"@id\":\"https:\\\/\\\/www.vagadeempregorj.com.br\\\/#website\",\"url\":\"https:\\\/\\\/www.vagadeempregorj.com.br\\\/\",\"name\":\"\",\"description\":\"Conquiste Sonhos: Vagas, Benef\u00edcios e Economia para Transformar Vidas e Alcan\u00e7ar Melhorias Cotidianas\",\"potentialAction\":[{\"@type\":\"SearchAction\",\"target\":{\"@type\":\"EntryPoint\",\"urlTemplate\":\"https:\\\/\\\/www.vagadeempregorj.com.br\\\/?s={search_term_string}\"},\"query-input\":{\"@type\":\"PropertyValueSpecification\",\"valueRequired\":true,\"valueName\":\"search_term_string\"}}],\"inLanguage\":\"es\"},{\"@type\":\"Person\",\"@id\":\"https:\\\/\\\/www.vagadeempregorj.com.br\\\/#\\\/schema\\\/person\\\/3ddb19fa0539706786e502152f3aae95\",\"name\":\"Michele\",\"image\":{\"@type\":\"ImageObject\",\"inLanguage\":\"es\",\"@id\":\"https:\\\/\\\/secure.gravatar.com\\\/avatar\\\/6b0eb9d22841282815e2cd856a0061c45e1761cd54b22e952d98c4746939aa85?s=96&r=g\",\"url\":\"https:\\\/\\\/secure.gravatar.com\\\/avatar\\\/6b0eb9d22841282815e2cd856a0061c45e1761cd54b22e952d98c4746939aa85?s=96&r=g\",\"contentUrl\":\"https:\\\/\\\/secure.gravatar.com\\\/avatar\\\/6b0eb9d22841282815e2cd856a0061c45e1761cd54b22e952d98c4746939aa85?s=96&r=g\",\"caption\":\"Michele\"},\"description\":\"Formada em Letras - Portugu\u00eas\\\/ Ingl\u00eas, e idealizadora do site Escritora de Sucesso, busca expandir o conhecimento de todos com informa\u00e7\u00f5es relevantes sobre diversos assuntos, enquanto redatora. No Vaga de Emprego RJ, traz oportunidades e dicas sobre o mercado de trabalho.\",\"url\":\"https:\\\/\\\/www.vagadeempregorj.com.br\\\/es\\\/author\\\/michele\\\/\"}]}<\/script>\n<!-- \/ Yoast SEO plugin. -->","yoast_head_json":{"title":"Renner tem mais de 1000 empregos abertos pelo pa\u00eds -","description":"Veja em Vagas de Emprego RJ as vagas de emprego com e sem experi\u00eancia no seu Estado e Regi\u00e3o!","robots":{"index":"index","follow":"follow","max-snippet":"max-snippet:-1","max-image-preview":"max-image-preview:large","max-video-preview":"max-video-preview:-1"},"canonical":"https:\/\/www.vagadeempregorj.com.br\/es\/renner-tem-mais-de-1000-empregos-abertos-pelo-pais\/","og_locale":"es_MX","og_type":"article","og_title":"Renner tem mais de 1000 empregos abertos pelo pa\u00eds -","og_description":"Veja em Vagas de Emprego RJ as vagas de emprego com e sem experi\u00eancia no seu Estado e Regi\u00e3o!","og_url":"https:\/\/www.vagadeempregorj.com.br\/es\/renner-tem-mais-de-1000-empregos-abertos-pelo-pais\/","article_publisher":"https:\/\/www.facebook.com\/empregobrasiloficial","article_published_time":"2024-08-05T09:03:00+00:00","og_image":[{"width":1280,"height":720,"url":"https:\/\/www.vagadeempregorj.com.br\/wp-content\/uploads\/2024\/08\/image-4.png","type":"image\/png"}],"author":"Michele","twitter_card":"summary_large_image","twitter_misc":{"Escrito por":"Michele","Tiempo de lectura":"4 minutos"},"schema":{"@context":"https:\/\/schema.org","@graph":[{"@type":"Article","@id":"https:\/\/www.vagadeempregorj.com.br\/renner-tem-mais-de-1000-empregos-abertos-pelo-pais\/#article","isPartOf":{"@id":"https:\/\/www.vagadeempregorj.com.br\/renner-tem-mais-de-1000-empregos-abertos-pelo-pais\/"},"author":{"name":"Michele","@id":"https:\/\/www.vagadeempregorj.com.br\/#\/schema\/person\/3ddb19fa0539706786e502152f3aae95"},"headline":"Renner tem mais de 1000 empregos abertos pelo pa\u00eds","datePublished":"2024-08-05T09:03:00+00:00","mainEntityOfPage":{"@id":"https:\/\/www.vagadeempregorj.com.br\/renner-tem-mais-de-1000-empregos-abertos-pelo-pais\/"},"wordCount":724,"image":{"@id":"https:\/\/www.vagadeempregorj.com.br\/renner-tem-mais-de-1000-empregos-abertos-pelo-pais\/#primaryimage"},"thumbnailUrl":"https:\/\/www.vagadeempregorj.com.br\/wp-content\/uploads\/2024\/08\/image-4.png","keywords":["empregos","oportunidades"],"articleSection":["Vagas de Emprego Nacionais"],"inLanguage":"es"},{"@type":"WebPage","@id":"https:\/\/www.vagadeempregorj.com.br\/renner-tem-mais-de-1000-empregos-abertos-pelo-pais\/","url":"https:\/\/www.vagadeempregorj.com.br\/renner-tem-mais-de-1000-empregos-abertos-pelo-pais\/","name":"Renner tem mais de 1000 empregos abertos pelo pa\u00eds -","isPartOf":{"@id":"https:\/\/www.vagadeempregorj.com.br\/#website"},"primaryImageOfPage":{"@id":"https:\/\/www.vagadeempregorj.com.br\/renner-tem-mais-de-1000-empregos-abertos-pelo-pais\/#primaryimage"},"image":{"@id":"https:\/\/www.vagadeempregorj.com.br\/renner-tem-mais-de-1000-empregos-abertos-pelo-pais\/#primaryimage"},"thumbnailUrl":"https:\/\/www.vagadeempregorj.com.br\/wp-content\/uploads\/2024\/08\/image-4.png","datePublished":"2024-08-05T09:03:00+00:00","author":{"@id":"https:\/\/www.vagadeempregorj.com.br\/#\/schema\/person\/3ddb19fa0539706786e502152f3aae95"},"description":"Veja em Vagas de Emprego RJ as vagas de emprego com e sem experi\u00eancia no seu Estado e Regi\u00e3o!","breadcrumb":{"@id":"https:\/\/www.vagadeempregorj.com.br\/renner-tem-mais-de-1000-empregos-abertos-pelo-pais\/#breadcrumb"},"inLanguage":"es","potentialAction":[{"@type":"ReadAction","target":["https:\/\/www.vagadeempregorj.com.br\/renner-tem-mais-de-1000-empregos-abertos-pelo-pais\/"]}]},{"@type":"ImageObject","inLanguage":"es","@id":"https:\/\/www.vagadeempregorj.com.br\/renner-tem-mais-de-1000-empregos-abertos-pelo-pais\/#primaryimage","url":"https:\/\/www.vagadeempregorj.com.br\/wp-content\/uploads\/2024\/08\/image-4.png","contentUrl":"https:\/\/www.vagadeempregorj.com.br\/wp-content\/uploads\/2024\/08\/image-4.png","width":1280,"height":720},{"@type":"BreadcrumbList","@id":"https:\/\/www.vagadeempregorj.com.br\/renner-tem-mais-de-1000-empregos-abertos-pelo-pais\/#breadcrumb","itemListElement":[{"@type":"ListItem","position":1,"name":"In\u00edcio","item":"https:\/\/www.vagadeempregorj.com.br\/"},{"@type":"ListItem","position":2,"name":"Vagas de Emprego Nacionais","item":"https:\/\/www.vagadeempregorj.com.br\/vagas-de-emprego-nacionais\/"},{"@type":"ListItem","position":3,"name":"Renner tem mais de 1000 empregos abertos pelo pa\u00eds"}]},{"@type":"WebSite","@id":"https:\/\/www.vagadeempregorj.com.br\/#website","url":"https:\/\/www.vagadeempregorj.com.br\/","name":"","description":"Haz realidad tus sue\u00f1os: Ofertas de empleo, beneficios y ahorros para transformar vidas y lograr mejoras cotidianas.","potentialAction":[{"@type":"SearchAction","target":{"@type":"EntryPoint","urlTemplate":"https:\/\/www.vagadeempregorj.com.br\/?s={search_term_string}"},"query-input":{"@type":"PropertyValueSpecification","valueRequired":true,"valueName":"search_term_string"}}],"inLanguage":"es"},{"@type":"Person","@id":"https:\/\/www.vagadeempregorj.com.br\/#\/schema\/person\/3ddb19fa0539706786e502152f3aae95","name":"Michele","image":{"@type":"ImageObject","inLanguage":"es","@id":"https:\/\/secure.gravatar.com\/avatar\/6b0eb9d22841282815e2cd856a0061c45e1761cd54b22e952d98c4746939aa85?s=96&r=g","url":"https:\/\/secure.gravatar.com\/avatar\/6b0eb9d22841282815e2cd856a0061c45e1761cd54b22e952d98c4746939aa85?s=96&r=g","contentUrl":"https:\/\/secure.gravatar.com\/avatar\/6b0eb9d22841282815e2cd856a0061c45e1761cd54b22e952d98c4746939aa85?s=96&r=g","caption":"Michele"},"description":"Formada em Letras - Portugu\u00eas\/ Ingl\u00eas, e idealizadora do site Escritora de Sucesso, busca expandir o conhecimento de todos com informa\u00e7\u00f5es relevantes sobre diversos assuntos, enquanto redatora. No Vaga de Emprego RJ, traz oportunidades e dicas sobre o mercado de trabalho.","url":"https:\/\/www.vagadeempregorj.com.br\/es\/author\/michele\/"}]}},"_links":{"self":[{"href":"https:\/\/www.vagadeempregorj.com.br\/es\/wp-json\/wp\/v2\/posts\/40077","targetHints":{"allow":["GET"]}}],"collection":[{"href":"https:\/\/www.vagadeempregorj.com.br\/es\/wp-json\/wp\/v2\/posts"}],"about":[{"href":"https:\/\/www.vagadeempregorj.com.br\/es\/wp-json\/wp\/v2\/types\/post"}],"author":[{"embeddable":true,"href":"https:\/\/www.vagadeempregorj.com.br\/es\/wp-json\/wp\/v2\/users\/16"}],"replies":[{"embeddable":true,"href":"https:\/\/www.vagadeempregorj.com.br\/es\/wp-json\/wp\/v2\/comments?post=40077"}],"version-history":[{"count":0,"href":"https:\/\/www.vagadeempregorj.com.br\/es\/wp-json\/wp\/v2\/posts\/40077\/revisions"}],"wp:featuredmedia":[{"embeddable":true,"href":"https:\/\/www.vagadeempregorj.com.br\/es\/wp-json\/wp\/v2\/media\/40085"}],"wp:attachment":[{"href":"https:\/\/www.vagadeempregorj.com.br\/es\/wp-json\/wp\/v2\/media?parent=40077"}],"wp:term":[{"taxonomy":"category","embeddable":true,"href":"https:\/\/www.vagadeempregorj.com.br\/es\/wp-json\/wp\/v2\/categories?post=40077"},{"taxonomy":"post_tag","embeddable":true,"href":"https:\/\/www.vagadeempregorj.com.br\/es\/wp-json\/wp\/v2\/tags?post=40077"}],"curies":[{"name":"wp","href":"https:\/\/api.w.org\/{rel}","templated":true}]}}