{"id":40096,"date":"2024-08-10T06:00:00","date_gmt":"2024-08-10T09:00:00","guid":{"rendered":"https:\/\/www.vagadeempregorj.com.br\/?p=40096"},"modified":"2024-08-07T21:01:55","modified_gmt":"2024-08-08T00:01:55","slug":"movida-tem-mais-de-250-empregos-pelo-pais","status":"publish","type":"post","link":"https:\/\/www.vagadeempregorj.com.br\/es\/movida-tem-mais-de-250-empregos-pelo-pais\/","title":{"rendered":"Movida tem mais de 250 empregos pelo pa\u00eds"},"content":{"rendered":"<p>O mercado de trabalho tem passado por transforma\u00e7\u00f5es significativas, impulsionadas pela inova\u00e7\u00e3o e pela necessidade de adapta\u00e7\u00e3o \u00e0s novas demandas da sociedade.&nbsp;<\/p>\n\n\n\n<p>Nesse cen\u00e1rio din\u00e2mico, empresas como a Movida t\u00eam se destacado por sua presen\u00e7a robusta no mercado de aluguel de ve\u00edculos, e tamb\u00e9m por seu compromisso em oferecer oportunidades de emprego e contribuir para o desenvolvimento econ\u00f4mico e social do pa\u00eds.&nbsp;<\/p>\n\n\n\n<p>Atualmente, a Movida est\u00e1 anunciando mais de 250 vagas em diversas localidades do Brasil, abrangendo uma variedade de fun\u00e7\u00f5es e n\u00edveis de experi\u00eancia.&nbsp;<\/p>\n\n\n\n<h2 class=\"wp-block-heading\">Sobre a Movida<\/h2>\n\n\n\n<p>A Movida \u00e9 uma das principais empresas do setor de loca\u00e7\u00e3o de ve\u00edculos do Brasil, reconhecida pela qualidade de seus servi\u00e7os, e tamb\u00e9m pela sua capacidade de inova\u00e7\u00e3o e pela expans\u00e3o constante de suas opera\u00e7\u00f5es.&nbsp;<\/p>\n\n\n\n<figure class=\"wp-block-image size-full is-resized\"><img loading=\"lazy\" decoding=\"async\" width=\"800\" height=\"500\" src=\"https:\/\/www.vagadeempregorj.com.br\/wp-content\/uploads\/2024\/08\/image-9.png\" alt=\"\" class=\"wp-image-40110\" style=\"width:840px;height:auto\" srcset=\"https:\/\/www.vagadeempregorj.com.br\/wp-content\/uploads\/2024\/08\/image-9.png 800w, https:\/\/www.vagadeempregorj.com.br\/wp-content\/uploads\/2024\/08\/image-9-300x188.png 300w, https:\/\/www.vagadeempregorj.com.br\/wp-content\/uploads\/2024\/08\/image-9-768x480.png 768w, https:\/\/www.vagadeempregorj.com.br\/wp-content\/uploads\/2024\/08\/image-9-150x94.png 150w\" sizes=\"auto, (max-width: 800px) 100vw, 800px\" \/><\/figure>\n\n\n\n<p>Fundada em 2006, a empresa tem se consolidado como uma das l\u00edderes do mercado, oferecendo uma frota diversificada que atende tanto a clientes individuais quanto corporativos.<\/p>\n\n\n\n<p>Com uma vis\u00e3o voltada para o futuro, a companhia tem investido em tecnologia e sustentabilidade, buscando crescer como empresa e contribuir de forma positiva para a sociedade e o meio ambiente.&nbsp;<\/p>\n\n\n\n<p>Al\u00e9m do aluguel de carros, a Movida tamb\u00e9m atua nos segmentos de venda de seminovos e gest\u00e3o de frotas, ampliando seu escopo de atua\u00e7\u00e3o e gerando novas oportunidades de emprego em todo o pa\u00eds.<\/p>\n\n\n\n<h2 class=\"wp-block-heading\">Oportunidades de emprego abertas na Movida<\/h2>\n\n\n\n<p>Atualmente, a Movida est\u00e1 com mais de 250 vagas abertas em diversas \u00e1reas e localidades do Brasil. Essas oportunidades englobam desde vagas operacionais at\u00e9 cargos estrat\u00e9gicos, oferecendo um leque variado de possibilidades para profissionais de diferentes perfis e forma\u00e7\u00f5es. Entre as \u00e1reas com vagas dispon\u00edveis est\u00e3o:<\/p>\n\n\n\n<ul class=\"wp-block-list\">\n<li><strong>Atendimento ao cliente<\/strong>: Vagas para profissionais que ser\u00e3o a interface direta com os clientes da Movida, garantindo um servi\u00e7o de alta qualidade e efici\u00eancia.<\/li>\n<\/ul>\n\n\n\n<ul class=\"wp-block-list\">\n<li><strong>Opera\u00e7\u00f5es e log\u00edstica<\/strong>: Oportunidades para aqueles interessados \u200b\u200bem trabalhar nos bastidores, garantindo que a frota de ve\u00edculos da companhia esteja sempre pronta e bem gerenciada.<\/li>\n<\/ul>\n\n\n\n<ul class=\"wp-block-list\">\n<li><strong>TI e inova\u00e7\u00e3o<\/strong>: Cargos para desenvolvedores, analistas e especialistas em tecnologia, essenciais para a cont\u00ednua evolu\u00e7\u00e3o digital da empresa.<\/li>\n\n\n\n<li><strong>Administra\u00e7\u00e3o e suporte corporativo<\/strong>: Vagas em \u00e1reas administrativas, financeiras, recursos humanos e jur\u00eddicas, que s\u00e3o fundamentais para o suporte e funcionamento eficaz das opera\u00e7\u00f5es da Movida.<\/li>\n<\/ul>\n\n\n\n<p>Cada uma dessas oportunidades oferece a chance de fazer parte de uma empresa l\u00edder em seu setor, e tamb\u00e9m de contribuir para um ambiente de trabalho din\u00e2mico e desafiador, onde o crescimento profissional \u00e9 incentivado e valorizado.<\/p>\n\n\n\n<h2 class=\"wp-block-heading\">Como se candidatar<\/h2>\n\n\n\n<p>Para se candidatar \u00e0s vagas na Movida, o processo \u00e9 simples e pode ser feito atrav\u00e9s da plataforma de recrutamento da empresa. A companhia utiliza a plataforma Gupy, uma das principais ferramentas de recrutamento e sele\u00e7\u00e3o do mercado, para gerenciar seus processos seletivos de maneira eficiente e transparente.<\/p>\n\n\n\n<p>Aqui est\u00e3o os passos para se candidatar:<\/p>\n\n\n\n<ol class=\"wp-block-list\">\n<li><strong>Acesse o site da Movida na plataforma Gupy<\/strong>: Visite o <a href=\"https:\/\/movida.gupy.io\/\">site de recrutamento<\/a> da Movida na plataforma Gupy.<\/li>\n<\/ol>\n\n\n\n<ol start=\"2\" class=\"wp-block-list\">\n<li><strong>Cadastre seu curr\u00edculo<\/strong>: Se ainda n\u00e3o tiver um perfil na Gupy, ser\u00e1 necess\u00e1rio criar um cadastro com suas informa\u00e7\u00f5es pessoais, educacionais e profissionais relevantes.<\/li>\n<\/ol>\n\n\n\n<ol start=\"3\" class=\"wp-block-list\">\n<li><strong>Pesquise e escolha as vagas<\/strong>: Utilize a ferramenta de busca para encontrar as vagas dispon\u00edveis que correspondam ao seu perfil e interesses.<\/li>\n<\/ol>\n\n\n\n<ol start=\"4\" class=\"wp-block-list\">\n<li><strong>Envie sua candidatura<\/strong>: Ap\u00f3s selecionar a vaga desejada, siga as instru\u00e7\u00f5es para enviar sua candidatura. Isso pode incluir o envio de seu curr\u00edculo atualizado, informa\u00e7\u00f5es adicionais solicitadas pela empresa e, em alguns casos, a realiza\u00e7\u00e3o de testes ou entrevistas preliminares.<\/li>\n<\/ol>\n\n\n\n<ol start=\"5\" class=\"wp-block-list\">\n<li><strong>Acompanhe seu processo seletivo<\/strong>: Fique atento \u00e0 sua caixa de entrada de e-mails e \u00e0 plataforma Gupy para atualiza\u00e7\u00f5es sobre o status de sua candidatura. A Movida se esfor\u00e7a para manter um processo seletivo transparente e comunicativo, garantindo que todos os candidatos recebam feedback adequado sobre suas candidaturas.<\/li>\n<\/ol>\n\n\n\n<h2 class=\"wp-block-heading\">Chance de crescimento profissional e pessoal<\/h2>\n\n\n\n<p>As oportunidades de emprego na Movida representam uma chance de crescimento profissional e pessoal, e tamb\u00e9m de fazer parte de uma empresa que valoriza o talento e o comprometimento de seus colaboradores.&nbsp;<\/p>\n\n\n\n<p>Com mais de 250 vagas dispon\u00edveis em todo o Brasil, a empresa est\u00e1 buscando profissionais motivados e qualificados para integrar sua equipe e contribuir para o sucesso cont\u00ednuo da empresa.<\/p>\n\n\n\n<p><strong>Veja tamb\u00e9m: <a href=\"https:\/\/www.vagadeempregorj.com.br\/es\/muffato-tem-mais-de-800-vagas-de-emprego-abertas-pelo-pais\/\">Muffato tem mais de 800 vagas de emprego abertas pelo pa\u00eds<\/a><\/strong><\/p>\n\n\n\n<p>10 de agosto de 2024<\/p>","protected":false},"excerpt":{"rendered":"<p>O mercado de trabalho tem passado por transforma\u00e7\u00f5es significativas, impulsionadas pela inova\u00e7\u00e3o e pela necessidade de adapta\u00e7\u00e3o \u00e0s novas demandas da sociedade.&nbsp; Nesse cen\u00e1rio din\u00e2mico, empresas como a Movida t\u00eam se destacado por sua presen\u00e7a robusta no mercado de aluguel de ve\u00edculos, e tamb\u00e9m por seu compromisso em oferecer oportunidades de emprego e contribuir para&hellip;&nbsp;<\/p>","protected":false},"author":16,"featured_media":40110,"comment_status":"closed","ping_status":"closed","sticky":false,"template":"","format":"standard","meta":{"neve_meta_sidebar":"","neve_meta_container":"","neve_meta_enable_content_width":"","neve_meta_content_width":0,"neve_meta_title_alignment":"","neve_meta_author_avatar":"","neve_post_elements_order":"","neve_meta_disable_header":"","neve_meta_disable_footer":"","neve_meta_disable_title":"","footnotes":""},"categories":[123],"tags":[],"class_list":["post-40096","post","type-post","status-publish","format-standard","has-post-thumbnail","hentry","category-vagas-de-emprego-nacionais"],"yoast_head":"<!-- This site is optimized with the Yoast SEO plugin v27.5 - https:\/\/yoast.com\/product\/yoast-seo-wordpress\/ -->\n<title>Movida tem mais de 250 empregos pelo pa\u00eds -<\/title>\n<meta name=\"description\" content=\"Veja em Vagas de Emprego RJ as vagas de emprego com e sem experi\u00eancia no seu Estado e Regi\u00e3o!\" \/>\n<meta name=\"robots\" content=\"index, follow, max-snippet:-1, max-image-preview:large, max-video-preview:-1\" \/>\n<link rel=\"canonical\" href=\"https:\/\/www.vagadeempregorj.com.br\/es\/movida-tem-mais-de-250-empregos-pelo-pais\/\" \/>\n<meta property=\"og:locale\" content=\"es_MX\" \/>\n<meta property=\"og:type\" content=\"article\" \/>\n<meta property=\"og:title\" content=\"Movida tem mais de 250 empregos pelo pa\u00eds -\" \/>\n<meta property=\"og:description\" content=\"Veja em Vagas de Emprego RJ as vagas de emprego com e sem experi\u00eancia no seu Estado e Regi\u00e3o!\" \/>\n<meta property=\"og:url\" content=\"https:\/\/www.vagadeempregorj.com.br\/es\/movida-tem-mais-de-250-empregos-pelo-pais\/\" \/>\n<meta property=\"article:publisher\" content=\"https:\/\/www.facebook.com\/empregobrasiloficial\" \/>\n<meta property=\"article:published_time\" content=\"2024-08-10T09:00:00+00:00\" \/>\n<meta property=\"og:image\" content=\"https:\/\/www.vagadeempregorj.com.br\/wp-content\/uploads\/2024\/08\/image-9.png\" \/>\n\t<meta property=\"og:image:width\" content=\"800\" \/>\n\t<meta property=\"og:image:height\" content=\"500\" \/>\n\t<meta property=\"og:image:type\" content=\"image\/png\" \/>\n<meta name=\"author\" content=\"Michele\" \/>\n<meta name=\"twitter:card\" content=\"summary_large_image\" \/>\n<meta name=\"twitter:label1\" content=\"Written by\" \/>\n\t<meta name=\"twitter:data1\" content=\"Michele\" \/>\n\t<meta name=\"twitter:label2\" content=\"Est. reading time\" \/>\n\t<meta name=\"twitter:data2\" content=\"4 minutos\" \/>\n<script type=\"application\/ld+json\" class=\"yoast-schema-graph\">{\"@context\":\"https:\\\/\\\/schema.org\",\"@graph\":[{\"@type\":\"Article\",\"@id\":\"https:\\\/\\\/www.vagadeempregorj.com.br\\\/movida-tem-mais-de-250-empregos-pelo-pais\\\/#article\",\"isPartOf\":{\"@id\":\"https:\\\/\\\/www.vagadeempregorj.com.br\\\/movida-tem-mais-de-250-empregos-pelo-pais\\\/\"},\"author\":{\"name\":\"Michele\",\"@id\":\"https:\\\/\\\/www.vagadeempregorj.com.br\\\/#\\\/schema\\\/person\\\/3ddb19fa0539706786e502152f3aae95\"},\"headline\":\"Movida tem mais de 250 empregos pelo pa\u00eds\",\"datePublished\":\"2024-08-10T09:00:00+00:00\",\"mainEntityOfPage\":{\"@id\":\"https:\\\/\\\/www.vagadeempregorj.com.br\\\/movida-tem-mais-de-250-empregos-pelo-pais\\\/\"},\"wordCount\":763,\"image\":{\"@id\":\"https:\\\/\\\/www.vagadeempregorj.com.br\\\/movida-tem-mais-de-250-empregos-pelo-pais\\\/#primaryimage\"},\"thumbnailUrl\":\"https:\\\/\\\/www.vagadeempregorj.com.br\\\/wp-content\\\/uploads\\\/2024\\\/08\\\/image-9.png\",\"articleSection\":[\"Vagas de Emprego Nacionais\"],\"inLanguage\":\"es\"},{\"@type\":\"WebPage\",\"@id\":\"https:\\\/\\\/www.vagadeempregorj.com.br\\\/movida-tem-mais-de-250-empregos-pelo-pais\\\/\",\"url\":\"https:\\\/\\\/www.vagadeempregorj.com.br\\\/movida-tem-mais-de-250-empregos-pelo-pais\\\/\",\"name\":\"Movida tem mais de 250 empregos pelo pa\u00eds -\",\"isPartOf\":{\"@id\":\"https:\\\/\\\/www.vagadeempregorj.com.br\\\/#website\"},\"primaryImageOfPage\":{\"@id\":\"https:\\\/\\\/www.vagadeempregorj.com.br\\\/movida-tem-mais-de-250-empregos-pelo-pais\\\/#primaryimage\"},\"image\":{\"@id\":\"https:\\\/\\\/www.vagadeempregorj.com.br\\\/movida-tem-mais-de-250-empregos-pelo-pais\\\/#primaryimage\"},\"thumbnailUrl\":\"https:\\\/\\\/www.vagadeempregorj.com.br\\\/wp-content\\\/uploads\\\/2024\\\/08\\\/image-9.png\",\"datePublished\":\"2024-08-10T09:00:00+00:00\",\"author\":{\"@id\":\"https:\\\/\\\/www.vagadeempregorj.com.br\\\/#\\\/schema\\\/person\\\/3ddb19fa0539706786e502152f3aae95\"},\"description\":\"Veja em Vagas de Emprego RJ as vagas de emprego com e sem experi\u00eancia no seu Estado e Regi\u00e3o!\",\"breadcrumb\":{\"@id\":\"https:\\\/\\\/www.vagadeempregorj.com.br\\\/movida-tem-mais-de-250-empregos-pelo-pais\\\/#breadcrumb\"},\"inLanguage\":\"es\",\"potentialAction\":[{\"@type\":\"ReadAction\",\"target\":[\"https:\\\/\\\/www.vagadeempregorj.com.br\\\/movida-tem-mais-de-250-empregos-pelo-pais\\\/\"]}]},{\"@type\":\"ImageObject\",\"inLanguage\":\"es\",\"@id\":\"https:\\\/\\\/www.vagadeempregorj.com.br\\\/movida-tem-mais-de-250-empregos-pelo-pais\\\/#primaryimage\",\"url\":\"https:\\\/\\\/www.vagadeempregorj.com.br\\\/wp-content\\\/uploads\\\/2024\\\/08\\\/image-9.png\",\"contentUrl\":\"https:\\\/\\\/www.vagadeempregorj.com.br\\\/wp-content\\\/uploads\\\/2024\\\/08\\\/image-9.png\",\"width\":800,\"height\":500},{\"@type\":\"BreadcrumbList\",\"@id\":\"https:\\\/\\\/www.vagadeempregorj.com.br\\\/movida-tem-mais-de-250-empregos-pelo-pais\\\/#breadcrumb\",\"itemListElement\":[{\"@type\":\"ListItem\",\"position\":1,\"name\":\"In\u00edcio\",\"item\":\"https:\\\/\\\/www.vagadeempregorj.com.br\\\/\"},{\"@type\":\"ListItem\",\"position\":2,\"name\":\"Vagas de Emprego Nacionais\",\"item\":\"https:\\\/\\\/www.vagadeempregorj.com.br\\\/vagas-de-emprego-nacionais\\\/\"},{\"@type\":\"ListItem\",\"position\":3,\"name\":\"Movida tem mais de 250 empregos pelo pa\u00eds\"}]},{\"@type\":\"WebSite\",\"@id\":\"https:\\\/\\\/www.vagadeempregorj.com.br\\\/#website\",\"url\":\"https:\\\/\\\/www.vagadeempregorj.com.br\\\/\",\"name\":\"\",\"description\":\"Conquiste Sonhos: Vagas, Benef\u00edcios e Economia para Transformar Vidas e Alcan\u00e7ar Melhorias Cotidianas\",\"potentialAction\":[{\"@type\":\"SearchAction\",\"target\":{\"@type\":\"EntryPoint\",\"urlTemplate\":\"https:\\\/\\\/www.vagadeempregorj.com.br\\\/?s={search_term_string}\"},\"query-input\":{\"@type\":\"PropertyValueSpecification\",\"valueRequired\":true,\"valueName\":\"search_term_string\"}}],\"inLanguage\":\"es\"},{\"@type\":\"Person\",\"@id\":\"https:\\\/\\\/www.vagadeempregorj.com.br\\\/#\\\/schema\\\/person\\\/3ddb19fa0539706786e502152f3aae95\",\"name\":\"Michele\",\"image\":{\"@type\":\"ImageObject\",\"inLanguage\":\"es\",\"@id\":\"https:\\\/\\\/secure.gravatar.com\\\/avatar\\\/6b0eb9d22841282815e2cd856a0061c45e1761cd54b22e952d98c4746939aa85?s=96&r=g\",\"url\":\"https:\\\/\\\/secure.gravatar.com\\\/avatar\\\/6b0eb9d22841282815e2cd856a0061c45e1761cd54b22e952d98c4746939aa85?s=96&r=g\",\"contentUrl\":\"https:\\\/\\\/secure.gravatar.com\\\/avatar\\\/6b0eb9d22841282815e2cd856a0061c45e1761cd54b22e952d98c4746939aa85?s=96&r=g\",\"caption\":\"Michele\"},\"description\":\"Formada em Letras - Portugu\u00eas\\\/ Ingl\u00eas, e idealizadora do site Escritora de Sucesso, busca expandir o conhecimento de todos com informa\u00e7\u00f5es relevantes sobre diversos assuntos, enquanto redatora. No Vaga de Emprego RJ, traz oportunidades e dicas sobre o mercado de trabalho.\",\"url\":\"https:\\\/\\\/www.vagadeempregorj.com.br\\\/es\\\/author\\\/michele\\\/\"}]}<\/script>\n<!-- \/ Yoast SEO plugin. -->","yoast_head_json":{"title":"Movida tem mais de 250 empregos pelo pa\u00eds -","description":"Veja em Vagas de Emprego RJ as vagas de emprego com e sem experi\u00eancia no seu Estado e Regi\u00e3o!","robots":{"index":"index","follow":"follow","max-snippet":"max-snippet:-1","max-image-preview":"max-image-preview:large","max-video-preview":"max-video-preview:-1"},"canonical":"https:\/\/www.vagadeempregorj.com.br\/es\/movida-tem-mais-de-250-empregos-pelo-pais\/","og_locale":"es_MX","og_type":"article","og_title":"Movida tem mais de 250 empregos pelo pa\u00eds -","og_description":"Veja em Vagas de Emprego RJ as vagas de emprego com e sem experi\u00eancia no seu Estado e Regi\u00e3o!","og_url":"https:\/\/www.vagadeempregorj.com.br\/es\/movida-tem-mais-de-250-empregos-pelo-pais\/","article_publisher":"https:\/\/www.facebook.com\/empregobrasiloficial","article_published_time":"2024-08-10T09:00:00+00:00","og_image":[{"width":800,"height":500,"url":"https:\/\/www.vagadeempregorj.com.br\/wp-content\/uploads\/2024\/08\/image-9.png","type":"image\/png"}],"author":"Michele","twitter_card":"summary_large_image","twitter_misc":{"Written by":"Michele","Est. reading time":"4 minutos"},"schema":{"@context":"https:\/\/schema.org","@graph":[{"@type":"Article","@id":"https:\/\/www.vagadeempregorj.com.br\/movida-tem-mais-de-250-empregos-pelo-pais\/#article","isPartOf":{"@id":"https:\/\/www.vagadeempregorj.com.br\/movida-tem-mais-de-250-empregos-pelo-pais\/"},"author":{"name":"Michele","@id":"https:\/\/www.vagadeempregorj.com.br\/#\/schema\/person\/3ddb19fa0539706786e502152f3aae95"},"headline":"Movida tem mais de 250 empregos pelo pa\u00eds","datePublished":"2024-08-10T09:00:00+00:00","mainEntityOfPage":{"@id":"https:\/\/www.vagadeempregorj.com.br\/movida-tem-mais-de-250-empregos-pelo-pais\/"},"wordCount":763,"image":{"@id":"https:\/\/www.vagadeempregorj.com.br\/movida-tem-mais-de-250-empregos-pelo-pais\/#primaryimage"},"thumbnailUrl":"https:\/\/www.vagadeempregorj.com.br\/wp-content\/uploads\/2024\/08\/image-9.png","articleSection":["Vagas de Emprego Nacionais"],"inLanguage":"es"},{"@type":"WebPage","@id":"https:\/\/www.vagadeempregorj.com.br\/movida-tem-mais-de-250-empregos-pelo-pais\/","url":"https:\/\/www.vagadeempregorj.com.br\/movida-tem-mais-de-250-empregos-pelo-pais\/","name":"Movida tem mais de 250 empregos pelo pa\u00eds -","isPartOf":{"@id":"https:\/\/www.vagadeempregorj.com.br\/#website"},"primaryImageOfPage":{"@id":"https:\/\/www.vagadeempregorj.com.br\/movida-tem-mais-de-250-empregos-pelo-pais\/#primaryimage"},"image":{"@id":"https:\/\/www.vagadeempregorj.com.br\/movida-tem-mais-de-250-empregos-pelo-pais\/#primaryimage"},"thumbnailUrl":"https:\/\/www.vagadeempregorj.com.br\/wp-content\/uploads\/2024\/08\/image-9.png","datePublished":"2024-08-10T09:00:00+00:00","author":{"@id":"https:\/\/www.vagadeempregorj.com.br\/#\/schema\/person\/3ddb19fa0539706786e502152f3aae95"},"description":"Veja em Vagas de Emprego RJ as vagas de emprego com e sem experi\u00eancia no seu Estado e Regi\u00e3o!","breadcrumb":{"@id":"https:\/\/www.vagadeempregorj.com.br\/movida-tem-mais-de-250-empregos-pelo-pais\/#breadcrumb"},"inLanguage":"es","potentialAction":[{"@type":"ReadAction","target":["https:\/\/www.vagadeempregorj.com.br\/movida-tem-mais-de-250-empregos-pelo-pais\/"]}]},{"@type":"ImageObject","inLanguage":"es","@id":"https:\/\/www.vagadeempregorj.com.br\/movida-tem-mais-de-250-empregos-pelo-pais\/#primaryimage","url":"https:\/\/www.vagadeempregorj.com.br\/wp-content\/uploads\/2024\/08\/image-9.png","contentUrl":"https:\/\/www.vagadeempregorj.com.br\/wp-content\/uploads\/2024\/08\/image-9.png","width":800,"height":500},{"@type":"BreadcrumbList","@id":"https:\/\/www.vagadeempregorj.com.br\/movida-tem-mais-de-250-empregos-pelo-pais\/#breadcrumb","itemListElement":[{"@type":"ListItem","position":1,"name":"In\u00edcio","item":"https:\/\/www.vagadeempregorj.com.br\/"},{"@type":"ListItem","position":2,"name":"Vagas de Emprego Nacionais","item":"https:\/\/www.vagadeempregorj.com.br\/vagas-de-emprego-nacionais\/"},{"@type":"ListItem","position":3,"name":"Movida tem mais de 250 empregos pelo pa\u00eds"}]},{"@type":"WebSite","@id":"https:\/\/www.vagadeempregorj.com.br\/#website","url":"https:\/\/www.vagadeempregorj.com.br\/","name":"","description":"Conquiste Sonhos: Vagas, Benef\u00edcios e Economia para Transformar Vidas e Alcan\u00e7ar Melhorias Cotidianas","potentialAction":[{"@type":"SearchAction","target":{"@type":"EntryPoint","urlTemplate":"https:\/\/www.vagadeempregorj.com.br\/?s={search_term_string}"},"query-input":{"@type":"PropertyValueSpecification","valueRequired":true,"valueName":"search_term_string"}}],"inLanguage":"es"},{"@type":"Person","@id":"https:\/\/www.vagadeempregorj.com.br\/#\/schema\/person\/3ddb19fa0539706786e502152f3aae95","name":"Michele","image":{"@type":"ImageObject","inLanguage":"es","@id":"https:\/\/secure.gravatar.com\/avatar\/6b0eb9d22841282815e2cd856a0061c45e1761cd54b22e952d98c4746939aa85?s=96&r=g","url":"https:\/\/secure.gravatar.com\/avatar\/6b0eb9d22841282815e2cd856a0061c45e1761cd54b22e952d98c4746939aa85?s=96&r=g","contentUrl":"https:\/\/secure.gravatar.com\/avatar\/6b0eb9d22841282815e2cd856a0061c45e1761cd54b22e952d98c4746939aa85?s=96&r=g","caption":"Michele"},"description":"Formada em Letras - Portugu\u00eas\/ Ingl\u00eas, e idealizadora do site Escritora de Sucesso, busca expandir o conhecimento de todos com informa\u00e7\u00f5es relevantes sobre diversos assuntos, enquanto redatora. No Vaga de Emprego RJ, traz oportunidades e dicas sobre o mercado de trabalho.","url":"https:\/\/www.vagadeempregorj.com.br\/es\/author\/michele\/"}]}},"_links":{"self":[{"href":"https:\/\/www.vagadeempregorj.com.br\/es\/wp-json\/wp\/v2\/posts\/40096","targetHints":{"allow":["GET"]}}],"collection":[{"href":"https:\/\/www.vagadeempregorj.com.br\/es\/wp-json\/wp\/v2\/posts"}],"about":[{"href":"https:\/\/www.vagadeempregorj.com.br\/es\/wp-json\/wp\/v2\/types\/post"}],"author":[{"embeddable":true,"href":"https:\/\/www.vagadeempregorj.com.br\/es\/wp-json\/wp\/v2\/users\/16"}],"replies":[{"embeddable":true,"href":"https:\/\/www.vagadeempregorj.com.br\/es\/wp-json\/wp\/v2\/comments?post=40096"}],"version-history":[{"count":0,"href":"https:\/\/www.vagadeempregorj.com.br\/es\/wp-json\/wp\/v2\/posts\/40096\/revisions"}],"wp:featuredmedia":[{"embeddable":true,"href":"https:\/\/www.vagadeempregorj.com.br\/es\/wp-json\/wp\/v2\/media\/40110"}],"wp:attachment":[{"href":"https:\/\/www.vagadeempregorj.com.br\/es\/wp-json\/wp\/v2\/media?parent=40096"}],"wp:term":[{"taxonomy":"category","embeddable":true,"href":"https:\/\/www.vagadeempregorj.com.br\/es\/wp-json\/wp\/v2\/categories?post=40096"},{"taxonomy":"post_tag","embeddable":true,"href":"https:\/\/www.vagadeempregorj.com.br\/es\/wp-json\/wp\/v2\/tags?post=40096"}],"curies":[{"name":"wp","href":"https:\/\/api.w.org\/{rel}","templated":true}]}}