{"id":40104,"date":"2024-08-14T06:00:00","date_gmt":"2024-08-14T09:00:00","guid":{"rendered":"https:\/\/www.vagadeempregorj.com.br\/?p=40104"},"modified":"2024-08-07T21:12:05","modified_gmt":"2024-08-08T00:12:05","slug":"linea-abre-vagas-de-emprego-pelo-pais-veja-os-cargos","status":"publish","type":"post","link":"https:\/\/www.vagadeempregorj.com.br\/es\/linea-abre-vagas-de-emprego-pelo-pais-veja-os-cargos\/","title":{"rendered":"Linea abre vagas de emprego pelo pa\u00eds; veja os cargos"},"content":{"rendered":"\n<p>O mercado de trabalho tem sido marcado por constantes transforma\u00e7\u00f5es e demandas por novas habilidades. Desta forma, empresas que oferecem oportunidades de emprego se destacam por sua capacidade de inova\u00e7\u00e3o e crescimento, e tamb\u00e9m por contribuir para a movimenta\u00e7\u00e3o econ\u00f4mica e social das regi\u00f5es onde est\u00e3o inseridas.&nbsp;<\/p>\n\n\n\n<p>A Linea, empresa reconhecida, recentemente anunciou a abertura de diversas vagas de emprego em v\u00e1rias localidades do pa\u00eds, visando expandir sua equipe e fortalecer sua posi\u00e7\u00e3o no mercado.<\/p>\n\n\n\n<h2 class=\"wp-block-heading\">Sobre a Linea<\/h2>\n\n\n\n<p>A Linea tem se destacado pelo seu crescimento sustent\u00e1vel, mas tamb\u00e9m pela inova\u00e7\u00e3o constante e pela qualidade dos servi\u00e7os\/produtos oferecidos. Com uma equipe altamente qualificada e um compromisso com a excel\u00eancia, a empresa tem expandido suas opera\u00e7\u00f5es n\u00e3o somente no Brasil, mas tamb\u00e9m internacionalmente, consolidando sua posi\u00e7\u00e3o como uma das principais empresas do setor.<\/p>\n\n\n\n<figure class=\"wp-block-image size-full is-resized\"><img loading=\"lazy\" decoding=\"async\" width=\"600\" height=\"481\" src=\"https:\/\/www.vagadeempregorj.com.br\/wp-content\/uploads\/2024\/08\/image-13.png\" alt=\"\" class=\"wp-image-40118\" style=\"width:840px;height:auto\" srcset=\"https:\/\/www.vagadeempregorj.com.br\/wp-content\/uploads\/2024\/08\/image-13.png 600w, https:\/\/www.vagadeempregorj.com.br\/wp-content\/uploads\/2024\/08\/image-13-300x241.png 300w, https:\/\/www.vagadeempregorj.com.br\/wp-content\/uploads\/2024\/08\/image-13-150x120.png 150w\" sizes=\"auto, (max-width: 600px) 100vw, 600px\" \/><\/figure>\n\n\n\n<h2 class=\"wp-block-heading\">Oportunidades de emprego abertas na Linea<\/h2>\n\n\n\n<p>Com o objetivo de fortalecer ainda mais sua equipe e acompanhar seu crescimento acelerado, a Linea est\u00e1 com vagas abertas em diversas \u00e1reas e n\u00edveis hier\u00e1rquicos.&nbsp;<\/p>\n\n\n\n<p>As oportunidades incluem desde \u00e1reas operacionais at\u00e9 cargos de lideran\u00e7a, oferecendo um ambiente din\u00e2mico e desafiador para profissionais que buscam fazer a diferen\u00e7a em suas carreiras. Abaixo est\u00e3o algumas das vagas dispon\u00edveis:<\/p>\n\n\n\n<h3 class=\"wp-block-heading\">Analista de Marketing Digital<\/h3>\n\n\n\n<p>Localiza\u00e7\u00e3o: S\u00e3o Paulo\/SP<\/p>\n\n\n\n<p>Requisitos:<\/p>\n\n\n\n<ul class=\"wp-block-list\">\n<li>Experi\u00eancia comprovada em estrat\u00e9gias de marketing digital;<\/li>\n\n\n\n<li>Conhecimento em SEO, SEM e gest\u00e3o de redes sociais;<\/li>\n\n\n\n<li>Gradua\u00e7\u00e3o em Marketing, Publicidade ou \u00e1reas correlatas.<\/li>\n<\/ul>\n\n\n\n<h3 class=\"wp-block-heading\">Desenvolvedor Front-End<\/h3>\n\n\n\n<p>Localiza\u00e7\u00e3o: Remoto<\/p>\n\n\n\n<p>Requisitos:<\/p>\n\n\n\n<ul class=\"wp-block-list\">\n<li>Experi\u00eancia s\u00f3lida em desenvolvimento web, com foco em Front-End;<\/li>\n\n\n\n<li>Conhecimento avan\u00e7ado em HTML, CSS, JavaScript e frameworks modernos;<\/li>\n\n\n\n<li>Capacidade de trabalhar de forma aut\u00f4noma e em equipe.<\/li>\n<\/ul>\n\n\n\n<h3 class=\"wp-block-heading\">Gerente de Projetos<\/h3>\n\n\n\n<p>Localiza\u00e7\u00e3o: Rio de Janeiro\/RJ<\/p>\n\n\n\n<p>Requisitos:<\/p>\n\n\n\n<ul class=\"wp-block-list\">\n<li>Experi\u00eancia pr\u00e9via em gest\u00e3o de projetos, preferencialmente na \u00e1rea de [inserir \u00e1rea espec\u00edfica, se aplic\u00e1vel];<\/li>\n\n\n\n<li>Habilidades em lideran\u00e7a, comunica\u00e7\u00e3o e resolu\u00e7\u00e3o de problemas;<\/li>\n\n\n\n<li>Forma\u00e7\u00e3o em Administra\u00e7\u00e3o, Engenharia ou \u00e1reas afins.<\/li>\n<\/ul>\n\n\n\n<h3 class=\"wp-block-heading\">Analista Financeiro<\/h3>\n\n\n\n<p>Localiza\u00e7\u00e3o: Belo Horizonte\/MG<\/p>\n\n\n\n<p>Requisitos:<\/p>\n\n\n\n<ul class=\"wp-block-list\">\n<li>Experi\u00eancia em an\u00e1lise financeira, controle de custos e or\u00e7amentos;<\/li>\n\n\n\n<li>Conhecimento avan\u00e7ado em Excel e sistemas ERP;<\/li>\n\n\n\n<li>Forma\u00e7\u00e3o em Ci\u00eancias Cont\u00e1beis, Economia ou \u00e1reas relacionadas.<\/li>\n<\/ul>\n\n\n\n<h3 class=\"wp-block-heading\">Especialista em Recursos Humanos<\/h3>\n\n\n\n<p>Localiza\u00e7\u00e3o: Curitiba\/PR<\/p>\n\n\n\n<p>Requisitos:<\/p>\n\n\n\n<ul class=\"wp-block-list\">\n<li>Experi\u00eancia em recrutamento e sele\u00e7\u00e3o, desenvolvimento organizacional e gest\u00e3o de pessoas;<\/li>\n\n\n\n<li>Conhecimento em legisla\u00e7\u00e3o trabalhista e processos de RH;<\/li>\n\n\n\n<li>Gradua\u00e7\u00e3o em Psicologia, Administra\u00e7\u00e3o ou \u00e1reas similares.<\/li>\n<\/ul>\n\n\n\n<p>Essas s\u00e3o apenas algumas das oportunidades dispon\u00edveis na Linea. Para visualizar todas as vagas e seus requisitos espec\u00edficos, os interessados podem acessar o portal de recrutamento da empresa na plataforma Gupy.<\/p>\n\n\n\n<h2 class=\"wp-block-heading\">Como se candidatar<\/h2>\n\n\n\n<p>Para se candidatar \u00e0s vagas na Linea, o processo \u00e9 simples e direto. Os interessados devem seguir os passos abaixo:<\/p>\n\n\n\n<ol class=\"wp-block-list\">\n<li><strong>Acesso ao Portal Gupy<\/strong>: Visite o <a href=\"https:\/\/linea.gupy.io\/\">site de recrutamento<\/a> da Linea na plataforma Gupy<\/li>\n<\/ol>\n\n\n\n<ol start=\"2\" class=\"wp-block-list\">\n<li><strong>Cadastro e pesquisa de vagas<\/strong>: Crie um perfil na plataforma Gupy se ainda n\u00e3o tiver um. Utilize seu perfil para buscar as vagas dispon\u00edveis na Linea, filtrando por localiza\u00e7\u00e3o, \u00e1rea de interesse ou cargo espec\u00edfico.<\/li>\n<\/ol>\n\n\n\n<ol start=\"3\" class=\"wp-block-list\">\n<li><strong>Envio de candidatura<\/strong>: Ap\u00f3s encontrar a vaga desejada, clique no bot\u00e3o &#8220;Candidatar-se&#8221; e siga as instru\u00e7\u00f5es para preencher os campos necess\u00e1rios e enviar seu curr\u00edculo.<\/li>\n<\/ol>\n\n\n\n<ol start=\"4\" class=\"wp-block-list\">\n<li><strong>Acompanhamento<\/strong>: Ap\u00f3s o envio da candidatura, acompanhe o status do processo seletivo atrav\u00e9s da plataforma Gupy. A Linea mant\u00e9m seus candidatos informados sobre o andamento das sele\u00e7\u00f5es.<\/li>\n<\/ol>\n\n\n\n<ol start=\"5\" class=\"wp-block-list\">\n<li><strong>Entrevistas e processo seletivo<\/strong>: Se selecionado para a pr\u00f3xima etapa, voc\u00ea ser\u00e1 contatado pela equipe de recrutamento da Linea para entrevistas e poss\u00edveis avalia\u00e7\u00f5es adicionais.<\/li>\n<\/ol>\n\n\n\n<p>A Linea valoriza a diversidade e a inclus\u00e3o em seu ambiente de trabalho, buscando atrair talentos que possam contribuir com suas habilidades \u00fanicas e experi\u00eancias variadas. Al\u00e9m disso, oferece benef\u00edcios competitivos e oportunidades de crescimento profissional, garantindo um ambiente de trabalho colaborativo e inovador para todos os seus colaboradores.<\/p>\n\n\n\n<p><strong>Veja tamb\u00e9m: <a href=\"https:\/\/www.vagadeempregorj.com.br\/muffato-tem-mais-de-800-vagas-de-emprego-abertas-pelo-pais\/\">Muffato tem mais de 800 vagas de emprego abertas pelo pa\u00eds<\/a><\/strong><\/p>\n\n\n\n<p>14 de agosto de 2024<\/p>\n","protected":false},"excerpt":{"rendered":"<p>O mercado de trabalho tem sido marcado por constantes transforma\u00e7\u00f5es e demandas por novas habilidades. Desta forma, empresas que oferecem oportunidades de emprego se destacam por sua capacidade de inova\u00e7\u00e3o e crescimento, e tamb\u00e9m por contribuir para a movimenta\u00e7\u00e3o econ\u00f4mica e social das regi\u00f5es onde est\u00e3o inseridas.&nbsp; A Linea, empresa reconhecida, recentemente anunciou a abertura&hellip;&nbsp;<\/p>","protected":false},"author":16,"featured_media":40118,"comment_status":"closed","ping_status":"closed","sticky":false,"template":"","format":"standard","meta":{"neve_meta_sidebar":"","neve_meta_container":"","neve_meta_enable_content_width":"","neve_meta_content_width":0,"neve_meta_title_alignment":"","neve_meta_author_avatar":"","neve_post_elements_order":"","neve_meta_disable_header":"","neve_meta_disable_footer":"","neve_meta_disable_title":"","footnotes":""},"categories":[123],"tags":[],"class_list":["post-40104","post","type-post","status-publish","format-standard","has-post-thumbnail","hentry","category-vagas-de-emprego-nacionais"],"yoast_head":"<!-- This site is optimized with the Yoast SEO plugin v27.5 - https:\/\/yoast.com\/product\/yoast-seo-wordpress\/ -->\n<title>Linea abre vagas de emprego pelo pa\u00eds; veja os cargos -<\/title>\n<meta name=\"description\" content=\"Veja em Vagas de Emprego RJ as vagas de emprego com e sem experi\u00eancia no seu Estado e Regi\u00e3o!\" \/>\n<meta name=\"robots\" content=\"index, follow, max-snippet:-1, max-image-preview:large, max-video-preview:-1\" \/>\n<link rel=\"canonical\" href=\"https:\/\/www.vagadeempregorj.com.br\/es\/linea-abre-vagas-de-emprego-pelo-pais-veja-os-cargos\/\" \/>\n<meta property=\"og:locale\" content=\"es_MX\" \/>\n<meta property=\"og:type\" content=\"article\" \/>\n<meta property=\"og:title\" content=\"Linea abre vagas de emprego pelo pa\u00eds; veja os cargos -\" \/>\n<meta property=\"og:description\" content=\"Veja em Vagas de Emprego RJ as vagas de emprego com e sem experi\u00eancia no seu Estado e Regi\u00e3o!\" \/>\n<meta property=\"og:url\" content=\"https:\/\/www.vagadeempregorj.com.br\/es\/linea-abre-vagas-de-emprego-pelo-pais-veja-os-cargos\/\" \/>\n<meta property=\"article:publisher\" content=\"https:\/\/www.facebook.com\/empregobrasiloficial\" \/>\n<meta property=\"article:published_time\" content=\"2024-08-14T09:00:00+00:00\" \/>\n<meta property=\"og:image\" content=\"https:\/\/www.vagadeempregorj.com.br\/wp-content\/uploads\/2024\/08\/image-13.png\" \/>\n\t<meta property=\"og:image:width\" content=\"600\" \/>\n\t<meta property=\"og:image:height\" content=\"481\" \/>\n\t<meta property=\"og:image:type\" content=\"image\/png\" \/>\n<meta name=\"author\" content=\"Michele\" \/>\n<meta name=\"twitter:card\" content=\"summary_large_image\" \/>\n<meta name=\"twitter:label1\" content=\"Escrito por\" \/>\n\t<meta name=\"twitter:data1\" content=\"Michele\" \/>\n\t<meta name=\"twitter:label2\" content=\"Tiempo de lectura\" \/>\n\t<meta name=\"twitter:data2\" content=\"3 minutos\" \/>\n<script type=\"application\/ld+json\" class=\"yoast-schema-graph\">{\"@context\":\"https:\\\/\\\/schema.org\",\"@graph\":[{\"@type\":\"Article\",\"@id\":\"https:\\\/\\\/www.vagadeempregorj.com.br\\\/linea-abre-vagas-de-emprego-pelo-pais-veja-os-cargos\\\/#article\",\"isPartOf\":{\"@id\":\"https:\\\/\\\/www.vagadeempregorj.com.br\\\/linea-abre-vagas-de-emprego-pelo-pais-veja-os-cargos\\\/\"},\"author\":{\"name\":\"Michele\",\"@id\":\"https:\\\/\\\/www.vagadeempregorj.com.br\\\/#\\\/schema\\\/person\\\/3ddb19fa0539706786e502152f3aae95\"},\"headline\":\"Linea abre vagas de emprego pelo pa\u00eds; veja os cargos\",\"datePublished\":\"2024-08-14T09:00:00+00:00\",\"mainEntityOfPage\":{\"@id\":\"https:\\\/\\\/www.vagadeempregorj.com.br\\\/linea-abre-vagas-de-emprego-pelo-pais-veja-os-cargos\\\/\"},\"wordCount\":709,\"image\":{\"@id\":\"https:\\\/\\\/www.vagadeempregorj.com.br\\\/linea-abre-vagas-de-emprego-pelo-pais-veja-os-cargos\\\/#primaryimage\"},\"thumbnailUrl\":\"https:\\\/\\\/www.vagadeempregorj.com.br\\\/wp-content\\\/uploads\\\/2024\\\/08\\\/image-13.png\",\"articleSection\":[\"Vagas de Emprego Nacionais\"],\"inLanguage\":\"es\"},{\"@type\":\"WebPage\",\"@id\":\"https:\\\/\\\/www.vagadeempregorj.com.br\\\/linea-abre-vagas-de-emprego-pelo-pais-veja-os-cargos\\\/\",\"url\":\"https:\\\/\\\/www.vagadeempregorj.com.br\\\/linea-abre-vagas-de-emprego-pelo-pais-veja-os-cargos\\\/\",\"name\":\"Linea abre vagas de emprego pelo pa\u00eds; veja os cargos -\",\"isPartOf\":{\"@id\":\"https:\\\/\\\/www.vagadeempregorj.com.br\\\/#website\"},\"primaryImageOfPage\":{\"@id\":\"https:\\\/\\\/www.vagadeempregorj.com.br\\\/linea-abre-vagas-de-emprego-pelo-pais-veja-os-cargos\\\/#primaryimage\"},\"image\":{\"@id\":\"https:\\\/\\\/www.vagadeempregorj.com.br\\\/linea-abre-vagas-de-emprego-pelo-pais-veja-os-cargos\\\/#primaryimage\"},\"thumbnailUrl\":\"https:\\\/\\\/www.vagadeempregorj.com.br\\\/wp-content\\\/uploads\\\/2024\\\/08\\\/image-13.png\",\"datePublished\":\"2024-08-14T09:00:00+00:00\",\"author\":{\"@id\":\"https:\\\/\\\/www.vagadeempregorj.com.br\\\/#\\\/schema\\\/person\\\/3ddb19fa0539706786e502152f3aae95\"},\"description\":\"Veja em Vagas de Emprego RJ as vagas de emprego com e sem experi\u00eancia no seu Estado e Regi\u00e3o!\",\"breadcrumb\":{\"@id\":\"https:\\\/\\\/www.vagadeempregorj.com.br\\\/linea-abre-vagas-de-emprego-pelo-pais-veja-os-cargos\\\/#breadcrumb\"},\"inLanguage\":\"es\",\"potentialAction\":[{\"@type\":\"ReadAction\",\"target\":[\"https:\\\/\\\/www.vagadeempregorj.com.br\\\/linea-abre-vagas-de-emprego-pelo-pais-veja-os-cargos\\\/\"]}]},{\"@type\":\"ImageObject\",\"inLanguage\":\"es\",\"@id\":\"https:\\\/\\\/www.vagadeempregorj.com.br\\\/linea-abre-vagas-de-emprego-pelo-pais-veja-os-cargos\\\/#primaryimage\",\"url\":\"https:\\\/\\\/www.vagadeempregorj.com.br\\\/wp-content\\\/uploads\\\/2024\\\/08\\\/image-13.png\",\"contentUrl\":\"https:\\\/\\\/www.vagadeempregorj.com.br\\\/wp-content\\\/uploads\\\/2024\\\/08\\\/image-13.png\",\"width\":600,\"height\":481},{\"@type\":\"BreadcrumbList\",\"@id\":\"https:\\\/\\\/www.vagadeempregorj.com.br\\\/linea-abre-vagas-de-emprego-pelo-pais-veja-os-cargos\\\/#breadcrumb\",\"itemListElement\":[{\"@type\":\"ListItem\",\"position\":1,\"name\":\"In\u00edcio\",\"item\":\"https:\\\/\\\/www.vagadeempregorj.com.br\\\/\"},{\"@type\":\"ListItem\",\"position\":2,\"name\":\"Vagas de Emprego Nacionais\",\"item\":\"https:\\\/\\\/www.vagadeempregorj.com.br\\\/vagas-de-emprego-nacionais\\\/\"},{\"@type\":\"ListItem\",\"position\":3,\"name\":\"Linea abre vagas de emprego pelo pa\u00eds; veja os cargos\"}]},{\"@type\":\"WebSite\",\"@id\":\"https:\\\/\\\/www.vagadeempregorj.com.br\\\/#website\",\"url\":\"https:\\\/\\\/www.vagadeempregorj.com.br\\\/\",\"name\":\"\",\"description\":\"Conquiste Sonhos: Vagas, Benef\u00edcios e Economia para Transformar Vidas e Alcan\u00e7ar Melhorias Cotidianas\",\"potentialAction\":[{\"@type\":\"SearchAction\",\"target\":{\"@type\":\"EntryPoint\",\"urlTemplate\":\"https:\\\/\\\/www.vagadeempregorj.com.br\\\/?s={search_term_string}\"},\"query-input\":{\"@type\":\"PropertyValueSpecification\",\"valueRequired\":true,\"valueName\":\"search_term_string\"}}],\"inLanguage\":\"es\"},{\"@type\":\"Person\",\"@id\":\"https:\\\/\\\/www.vagadeempregorj.com.br\\\/#\\\/schema\\\/person\\\/3ddb19fa0539706786e502152f3aae95\",\"name\":\"Michele\",\"image\":{\"@type\":\"ImageObject\",\"inLanguage\":\"es\",\"@id\":\"https:\\\/\\\/secure.gravatar.com\\\/avatar\\\/6b0eb9d22841282815e2cd856a0061c45e1761cd54b22e952d98c4746939aa85?s=96&r=g\",\"url\":\"https:\\\/\\\/secure.gravatar.com\\\/avatar\\\/6b0eb9d22841282815e2cd856a0061c45e1761cd54b22e952d98c4746939aa85?s=96&r=g\",\"contentUrl\":\"https:\\\/\\\/secure.gravatar.com\\\/avatar\\\/6b0eb9d22841282815e2cd856a0061c45e1761cd54b22e952d98c4746939aa85?s=96&r=g\",\"caption\":\"Michele\"},\"description\":\"Formada em Letras - Portugu\u00eas\\\/ Ingl\u00eas, e idealizadora do site Escritora de Sucesso, busca expandir o conhecimento de todos com informa\u00e7\u00f5es relevantes sobre diversos assuntos, enquanto redatora. No Vaga de Emprego RJ, traz oportunidades e dicas sobre o mercado de trabalho.\",\"url\":\"https:\\\/\\\/www.vagadeempregorj.com.br\\\/es\\\/author\\\/michele\\\/\"}]}<\/script>\n<!-- \/ Yoast SEO plugin. -->","yoast_head_json":{"title":"Linea abre vagas de emprego pelo pa\u00eds; veja os cargos -","description":"Veja em Vagas de Emprego RJ as vagas de emprego com e sem experi\u00eancia no seu Estado e Regi\u00e3o!","robots":{"index":"index","follow":"follow","max-snippet":"max-snippet:-1","max-image-preview":"max-image-preview:large","max-video-preview":"max-video-preview:-1"},"canonical":"https:\/\/www.vagadeempregorj.com.br\/es\/linea-abre-vagas-de-emprego-pelo-pais-veja-os-cargos\/","og_locale":"es_MX","og_type":"article","og_title":"Linea abre vagas de emprego pelo pa\u00eds; veja os cargos -","og_description":"Veja em Vagas de Emprego RJ as vagas de emprego com e sem experi\u00eancia no seu Estado e Regi\u00e3o!","og_url":"https:\/\/www.vagadeempregorj.com.br\/es\/linea-abre-vagas-de-emprego-pelo-pais-veja-os-cargos\/","article_publisher":"https:\/\/www.facebook.com\/empregobrasiloficial","article_published_time":"2024-08-14T09:00:00+00:00","og_image":[{"width":600,"height":481,"url":"https:\/\/www.vagadeempregorj.com.br\/wp-content\/uploads\/2024\/08\/image-13.png","type":"image\/png"}],"author":"Michele","twitter_card":"summary_large_image","twitter_misc":{"Escrito por":"Michele","Tiempo de lectura":"3 minutos"},"schema":{"@context":"https:\/\/schema.org","@graph":[{"@type":"Article","@id":"https:\/\/www.vagadeempregorj.com.br\/linea-abre-vagas-de-emprego-pelo-pais-veja-os-cargos\/#article","isPartOf":{"@id":"https:\/\/www.vagadeempregorj.com.br\/linea-abre-vagas-de-emprego-pelo-pais-veja-os-cargos\/"},"author":{"name":"Michele","@id":"https:\/\/www.vagadeempregorj.com.br\/#\/schema\/person\/3ddb19fa0539706786e502152f3aae95"},"headline":"Linea abre vagas de emprego pelo pa\u00eds; veja os cargos","datePublished":"2024-08-14T09:00:00+00:00","mainEntityOfPage":{"@id":"https:\/\/www.vagadeempregorj.com.br\/linea-abre-vagas-de-emprego-pelo-pais-veja-os-cargos\/"},"wordCount":709,"image":{"@id":"https:\/\/www.vagadeempregorj.com.br\/linea-abre-vagas-de-emprego-pelo-pais-veja-os-cargos\/#primaryimage"},"thumbnailUrl":"https:\/\/www.vagadeempregorj.com.br\/wp-content\/uploads\/2024\/08\/image-13.png","articleSection":["Vagas de Emprego Nacionais"],"inLanguage":"es"},{"@type":"WebPage","@id":"https:\/\/www.vagadeempregorj.com.br\/linea-abre-vagas-de-emprego-pelo-pais-veja-os-cargos\/","url":"https:\/\/www.vagadeempregorj.com.br\/linea-abre-vagas-de-emprego-pelo-pais-veja-os-cargos\/","name":"Linea abre vagas de emprego pelo pa\u00eds; veja os cargos -","isPartOf":{"@id":"https:\/\/www.vagadeempregorj.com.br\/#website"},"primaryImageOfPage":{"@id":"https:\/\/www.vagadeempregorj.com.br\/linea-abre-vagas-de-emprego-pelo-pais-veja-os-cargos\/#primaryimage"},"image":{"@id":"https:\/\/www.vagadeempregorj.com.br\/linea-abre-vagas-de-emprego-pelo-pais-veja-os-cargos\/#primaryimage"},"thumbnailUrl":"https:\/\/www.vagadeempregorj.com.br\/wp-content\/uploads\/2024\/08\/image-13.png","datePublished":"2024-08-14T09:00:00+00:00","author":{"@id":"https:\/\/www.vagadeempregorj.com.br\/#\/schema\/person\/3ddb19fa0539706786e502152f3aae95"},"description":"Veja em Vagas de Emprego RJ as vagas de emprego com e sem experi\u00eancia no seu Estado e Regi\u00e3o!","breadcrumb":{"@id":"https:\/\/www.vagadeempregorj.com.br\/linea-abre-vagas-de-emprego-pelo-pais-veja-os-cargos\/#breadcrumb"},"inLanguage":"es","potentialAction":[{"@type":"ReadAction","target":["https:\/\/www.vagadeempregorj.com.br\/linea-abre-vagas-de-emprego-pelo-pais-veja-os-cargos\/"]}]},{"@type":"ImageObject","inLanguage":"es","@id":"https:\/\/www.vagadeempregorj.com.br\/linea-abre-vagas-de-emprego-pelo-pais-veja-os-cargos\/#primaryimage","url":"https:\/\/www.vagadeempregorj.com.br\/wp-content\/uploads\/2024\/08\/image-13.png","contentUrl":"https:\/\/www.vagadeempregorj.com.br\/wp-content\/uploads\/2024\/08\/image-13.png","width":600,"height":481},{"@type":"BreadcrumbList","@id":"https:\/\/www.vagadeempregorj.com.br\/linea-abre-vagas-de-emprego-pelo-pais-veja-os-cargos\/#breadcrumb","itemListElement":[{"@type":"ListItem","position":1,"name":"In\u00edcio","item":"https:\/\/www.vagadeempregorj.com.br\/"},{"@type":"ListItem","position":2,"name":"Vagas de Emprego Nacionais","item":"https:\/\/www.vagadeempregorj.com.br\/vagas-de-emprego-nacionais\/"},{"@type":"ListItem","position":3,"name":"Linea abre vagas de emprego pelo pa\u00eds; veja os cargos"}]},{"@type":"WebSite","@id":"https:\/\/www.vagadeempregorj.com.br\/#website","url":"https:\/\/www.vagadeempregorj.com.br\/","name":"","description":"Haz realidad tus sue\u00f1os: Ofertas de empleo, beneficios y ahorros para transformar vidas y lograr mejoras cotidianas.","potentialAction":[{"@type":"SearchAction","target":{"@type":"EntryPoint","urlTemplate":"https:\/\/www.vagadeempregorj.com.br\/?s={search_term_string}"},"query-input":{"@type":"PropertyValueSpecification","valueRequired":true,"valueName":"search_term_string"}}],"inLanguage":"es"},{"@type":"Person","@id":"https:\/\/www.vagadeempregorj.com.br\/#\/schema\/person\/3ddb19fa0539706786e502152f3aae95","name":"Michele","image":{"@type":"ImageObject","inLanguage":"es","@id":"https:\/\/secure.gravatar.com\/avatar\/6b0eb9d22841282815e2cd856a0061c45e1761cd54b22e952d98c4746939aa85?s=96&r=g","url":"https:\/\/secure.gravatar.com\/avatar\/6b0eb9d22841282815e2cd856a0061c45e1761cd54b22e952d98c4746939aa85?s=96&r=g","contentUrl":"https:\/\/secure.gravatar.com\/avatar\/6b0eb9d22841282815e2cd856a0061c45e1761cd54b22e952d98c4746939aa85?s=96&r=g","caption":"Michele"},"description":"Formada em Letras - Portugu\u00eas\/ Ingl\u00eas, e idealizadora do site Escritora de Sucesso, busca expandir o conhecimento de todos com informa\u00e7\u00f5es relevantes sobre diversos assuntos, enquanto redatora. No Vaga de Emprego RJ, traz oportunidades e dicas sobre o mercado de trabalho.","url":"https:\/\/www.vagadeempregorj.com.br\/es\/author\/michele\/"}]}},"_links":{"self":[{"href":"https:\/\/www.vagadeempregorj.com.br\/es\/wp-json\/wp\/v2\/posts\/40104","targetHints":{"allow":["GET"]}}],"collection":[{"href":"https:\/\/www.vagadeempregorj.com.br\/es\/wp-json\/wp\/v2\/posts"}],"about":[{"href":"https:\/\/www.vagadeempregorj.com.br\/es\/wp-json\/wp\/v2\/types\/post"}],"author":[{"embeddable":true,"href":"https:\/\/www.vagadeempregorj.com.br\/es\/wp-json\/wp\/v2\/users\/16"}],"replies":[{"embeddable":true,"href":"https:\/\/www.vagadeempregorj.com.br\/es\/wp-json\/wp\/v2\/comments?post=40104"}],"version-history":[{"count":0,"href":"https:\/\/www.vagadeempregorj.com.br\/es\/wp-json\/wp\/v2\/posts\/40104\/revisions"}],"wp:featuredmedia":[{"embeddable":true,"href":"https:\/\/www.vagadeempregorj.com.br\/es\/wp-json\/wp\/v2\/media\/40118"}],"wp:attachment":[{"href":"https:\/\/www.vagadeempregorj.com.br\/es\/wp-json\/wp\/v2\/media?parent=40104"}],"wp:term":[{"taxonomy":"category","embeddable":true,"href":"https:\/\/www.vagadeempregorj.com.br\/es\/wp-json\/wp\/v2\/categories?post=40104"},{"taxonomy":"post_tag","embeddable":true,"href":"https:\/\/www.vagadeempregorj.com.br\/es\/wp-json\/wp\/v2\/tags?post=40104"}],"curies":[{"name":"wp","href":"https:\/\/api.w.org\/{rel}","templated":true}]}}