{"id":40161,"date":"2024-08-19T06:00:00","date_gmt":"2024-08-19T09:00:00","guid":{"rendered":"https:\/\/www.vagadeempregorj.com.br\/?p=40161"},"modified":"2024-08-15T13:25:49","modified_gmt":"2024-08-15T16:25:49","slug":"arezzo-tem-137-vagas-de-emprego-abertas-pelo-brasil","status":"publish","type":"post","link":"https:\/\/www.vagadeempregorj.com.br\/es\/arezzo-tem-137-vagas-de-emprego-abertas-pelo-brasil\/","title":{"rendered":"Arezzo tem 137 vagas de emprego abertas pelo Brasil"},"content":{"rendered":"<p>A <strong>Arezzo<\/strong>, renomada marca de cal\u00e7ados e acess\u00f3rios, est\u00e1 com uma excelente not\u00edcia para quem busca uma oportunidade no mercado de trabalho: a empresa est\u00e1 com 137 vagas de emprego abertas em diversas regi\u00f5es do Brasil. Com uma forte presen\u00e7a no cen\u00e1rio nacional, a Arezzo busca expandir ainda mais sua equipe, oferecendo oportunidades que abrangem desde fun\u00e7\u00f5es administrativas at\u00e9 posi\u00e7\u00f5es em lojas e na produ\u00e7\u00e3o.&nbsp;<\/p>\n\n\n\n<h2 class=\"wp-block-heading\">Sobre a Arezzo<\/h2>\n\n\n\n<p>Fundada em 1972, a Arezzo \u00e9 uma refer\u00eancia quando o assunto \u00e9 moda e qualidade. A empresa se destaca por sua forte presen\u00e7a no mercado nacional e internacional, conquistando um p\u00fablico fiel que aprecia produtos com design inovador e excel\u00eancia na confec\u00e7\u00e3o.&nbsp;<\/p>\n\n\n\n<figure class=\"wp-block-image size-large\"><img loading=\"lazy\" decoding=\"async\" width=\"1024\" height=\"576\" src=\"https:\/\/www.vagadeempregorj.com.br\/wp-content\/uploads\/2024\/08\/image-17-1024x576.png\" alt=\"\" class=\"wp-image-40169\" srcset=\"https:\/\/www.vagadeempregorj.com.br\/wp-content\/uploads\/2024\/08\/image-17-1024x576.png 1024w, https:\/\/www.vagadeempregorj.com.br\/wp-content\/uploads\/2024\/08\/image-17-300x169.png 300w, https:\/\/www.vagadeempregorj.com.br\/wp-content\/uploads\/2024\/08\/image-17-768x432.png 768w, https:\/\/www.vagadeempregorj.com.br\/wp-content\/uploads\/2024\/08\/image-17-383x215.png 383w, https:\/\/www.vagadeempregorj.com.br\/wp-content\/uploads\/2024\/08\/image-17-150x84.png 150w, https:\/\/www.vagadeempregorj.com.br\/wp-content\/uploads\/2024\/08\/image-17.png 1280w\" sizes=\"auto, (max-width: 1024px) 100vw, 1024px\" \/><\/figure>\n\n\n\n<p>Al\u00e9m da Arezzo, o grupo Arezzo&Co tamb\u00e9m \u00e9 respons\u00e1vel por outras marcas de sucesso, como Schutz, Anacapri, Alexandre Birman, Fiever e Alme. Com mais de 400 lojas no Brasil e presen\u00e7a em mais de 30 pa\u00edses, a Arezzo&Co \u00e9 uma pot\u00eancia no setor de cal\u00e7ados e acess\u00f3rios, e trabalhar em uma empresa com essa trajet\u00f3ria \u00e9, sem d\u00favida, uma oportunidade \u00fanica para o crescimento profissional.<\/p>\n\n\n\n<h2 class=\"wp-block-heading\">Cargos dispon\u00edveis na Arezzo<\/h2>\n\n\n\n<p>As 137 vagas abertas pela Arezzo est\u00e3o distribu\u00eddas em diversas \u00e1reas, oferecendo oportunidades tanto para quem est\u00e1 come\u00e7ando a carreira quanto para profissionais experientes. Os cargos variam de acordo com a regi\u00e3o e as necessidades espec\u00edficas de cada unidade, mas h\u00e1 vagas para todos os perfis.<\/p>\n\n\n\n<p>Entre as oportunidades dispon\u00edveis, destacam-se:<\/p>\n\n\n\n<ul class=\"wp-block-list\">\n<li>Vendedor(a): Atuando diretamente nas lojas, o vendedor \u00e9 respons\u00e1vel pelo atendimento ao cliente, ajudando na escolha dos produtos e garantindo uma experi\u00eancia de compra agrad\u00e1vel.<\/li>\n\n\n\n<li>Gerente de Loja: Respons\u00e1vel pela gest\u00e3o da equipe e pelo alcance das metas, o gerente de loja desempenha um papel crucial no sucesso da unidade.<\/li>\n\n\n\n<li>Auxiliar Administrativo: O profissional dessa \u00e1rea lida com tarefas burocr\u00e1ticas e de suporte \u00e0 gest\u00e3o, garantindo que todos os processos administrativos sejam realizados de forma eficiente.<\/li>\n\n\n\n<li>Designer de Moda: A Arezzo valoriza a criatividade, e o designer de moda tem a miss\u00e3o de criar novos modelos e cole\u00e7\u00f5es que mantenham a marca na vanguarda do mercado.<\/li>\n\n\n\n<li>Analista de Log\u00edstica: Com o desafio de otimizar o fluxo de produtos entre a f\u00e1brica e as lojas, o analista de log\u00edstica \u00e9 uma pe\u00e7a-chave na cadeia de suprimentos da Arezzo.<\/li>\n\n\n\n<li>Operador de Produ\u00e7\u00e3o: Trabalhando na linha de produ\u00e7\u00e3o, este profissional \u00e9 essencial para garantir a qualidade e a efici\u00eancia na fabrica\u00e7\u00e3o dos produtos Arezzo.<\/li>\n<\/ul>\n\n\n\n<p>Esses s\u00e3o apenas alguns exemplos das vagas dispon\u00edveis. Cada fun\u00e7\u00e3o oferece uma oportunidade \u00fanica de desenvolvimento, com possibilidades reais de crescimento dentro da empresa.<\/p>\n\n\n\n<h2 class=\"wp-block-heading\">Como se candidatar<\/h2>\n\n\n\n<p>Se voc\u00ea se interessou por alguma das vagas e deseja fazer parte da equipe Arezzo, o processo de candidatura \u00e9 simples e acess\u00edvel. A empresa utiliza a plataforma Gupy para gerenciar as inscri\u00e7\u00f5es e o processo seletivo. Abaixo, voc\u00ea encontra um passo a passo para se candidatar:<\/p>\n\n\n\n<ul class=\"wp-block-list\">\n<li>Copie e cole o endere\u00e7o <strong>https:\/\/arezzoco.gupy.io\/ <\/strong>em seu navegador: Este \u00e9 o link direto para a p\u00e1gina de carreiras da Arezzo na plataforma Gupy.<\/li>\n\n\n\n<li>Acesse a p\u00e1gina e encontre uma oportunidade: Navegue pela lista de vagas dispon\u00edveis, filtrando por localidade, \u00e1rea de interesse ou palavra-chave. Assim, voc\u00ea encontrar\u00e1 rapidamente a vaga que mais combina com o seu perfil.<\/li>\n<\/ul>\n\n\n\n<p>Ap\u00f3s escolher a vaga desejada, clique em &#8220;Candidatar-se&#8221; e siga as instru\u00e7\u00f5es para preencher seus dados e enviar seu curr\u00edculo. \u00c9 importante ficar atento \u00e0s exig\u00eancias de cada cargo, como experi\u00eancia pr\u00e9via ou forma\u00e7\u00e3o espec\u00edfica, para aumentar suas chances de sucesso na candidatura.<\/p>\n\n\n\n<h2 class=\"wp-block-heading\">Uma marca de sucesso<\/h2>\n\n\n\n<p>A Arezzo oferece n\u00e3o apenas um emprego, mas a oportunidade de fazer parte de uma marca que \u00e9 sin\u00f4nimo de sucesso e inova\u00e7\u00e3o no mercado da moda. Se voc\u00ea busca crescimento profissional, um ambiente din\u00e2mico e desafiador, e deseja contribuir para a consolida\u00e7\u00e3o de uma das marcas mais respeitadas do Brasil, n\u00e3o perca essa chance.&nbsp;<\/p>\n\n\n\n<p>As vagas est\u00e3o distribu\u00eddas por todo o pa\u00eds, o que amplia ainda mais as possibilidades de encontrar uma oportunidade que se adeque ao seu perfil e localiza\u00e7\u00e3o.<\/p>\n\n\n\n<p><strong>Veja tamb\u00e9m: <a href=\"https:\/\/www.vagadeempregorj.com.br\/es\/cimed-abre-vagas-de-emprego-pelo-pais-veja-os-cargos\/\">Cimed abre vagas de emprego pelo pa\u00eds; veja os cargos<\/a><\/strong><\/p>\n\n\n\n<p>19 de agosto de 2024<\/p>","protected":false},"excerpt":{"rendered":"<p>A Arezzo, renomada marca de cal\u00e7ados e acess\u00f3rios, est\u00e1 com uma excelente not\u00edcia para quem busca uma oportunidade no mercado de trabalho: a empresa est\u00e1 com 137 vagas de emprego abertas em diversas regi\u00f5es do Brasil. Com uma forte presen\u00e7a no cen\u00e1rio nacional, a Arezzo busca expandir ainda mais sua equipe, oferecendo oportunidades que abrangem&hellip;&nbsp;<\/p>","protected":false},"author":16,"featured_media":40169,"comment_status":"closed","ping_status":"closed","sticky":false,"template":"","format":"standard","meta":{"neve_meta_sidebar":"","neve_meta_container":"","neve_meta_enable_content_width":"","neve_meta_content_width":0,"neve_meta_title_alignment":"","neve_meta_author_avatar":"","neve_post_elements_order":"","neve_meta_disable_header":"","neve_meta_disable_footer":"","neve_meta_disable_title":"","footnotes":""},"categories":[123],"tags":[830,608],"class_list":["post-40161","post","type-post","status-publish","format-standard","has-post-thumbnail","hentry","category-vagas-de-emprego-nacionais","tag-empregos","tag-oportunidades"],"yoast_head":"<!-- This site is optimized with the Yoast SEO plugin v27.5 - https:\/\/yoast.com\/product\/yoast-seo-wordpress\/ -->\n<title>Arezzo tem 137 vagas de emprego abertas pelo Brasil -<\/title>\n<meta name=\"description\" content=\"Veja em Vagas de Emprego RJ as vagas de emprego com e sem experi\u00eancia no seu Estado e Regi\u00e3o!\" \/>\n<meta name=\"robots\" content=\"index, follow, max-snippet:-1, max-image-preview:large, max-video-preview:-1\" \/>\n<link rel=\"canonical\" href=\"https:\/\/www.vagadeempregorj.com.br\/es\/arezzo-tem-137-vagas-de-emprego-abertas-pelo-brasil\/\" \/>\n<meta property=\"og:locale\" content=\"es_MX\" \/>\n<meta property=\"og:type\" content=\"article\" \/>\n<meta property=\"og:title\" content=\"Arezzo tem 137 vagas de emprego abertas pelo Brasil -\" \/>\n<meta property=\"og:description\" content=\"Veja em Vagas de Emprego RJ as vagas de emprego com e sem experi\u00eancia no seu Estado e Regi\u00e3o!\" \/>\n<meta property=\"og:url\" content=\"https:\/\/www.vagadeempregorj.com.br\/es\/arezzo-tem-137-vagas-de-emprego-abertas-pelo-brasil\/\" \/>\n<meta property=\"article:publisher\" content=\"https:\/\/www.facebook.com\/empregobrasiloficial\" \/>\n<meta property=\"article:published_time\" content=\"2024-08-19T09:00:00+00:00\" \/>\n<meta property=\"og:image\" content=\"https:\/\/www.vagadeempregorj.com.br\/wp-content\/uploads\/2024\/08\/image-17.png\" \/>\n\t<meta property=\"og:image:width\" content=\"1280\" \/>\n\t<meta property=\"og:image:height\" content=\"720\" \/>\n\t<meta property=\"og:image:type\" content=\"image\/png\" \/>\n<meta name=\"author\" content=\"Michele\" \/>\n<meta name=\"twitter:card\" content=\"summary_large_image\" \/>\n<meta name=\"twitter:label1\" content=\"Escrito por\" \/>\n\t<meta name=\"twitter:data1\" content=\"Michele\" \/>\n\t<meta name=\"twitter:label2\" content=\"Tiempo de lectura\" \/>\n\t<meta name=\"twitter:data2\" content=\"4 minutos\" \/>\n<script type=\"application\/ld+json\" class=\"yoast-schema-graph\">{\"@context\":\"https:\\\/\\\/schema.org\",\"@graph\":[{\"@type\":\"Article\",\"@id\":\"https:\\\/\\\/www.vagadeempregorj.com.br\\\/arezzo-tem-137-vagas-de-emprego-abertas-pelo-brasil\\\/#article\",\"isPartOf\":{\"@id\":\"https:\\\/\\\/www.vagadeempregorj.com.br\\\/arezzo-tem-137-vagas-de-emprego-abertas-pelo-brasil\\\/\"},\"author\":{\"name\":\"Michele\",\"@id\":\"https:\\\/\\\/www.vagadeempregorj.com.br\\\/#\\\/schema\\\/person\\\/3ddb19fa0539706786e502152f3aae95\"},\"headline\":\"Arezzo tem 137 vagas de emprego abertas pelo Brasil\",\"datePublished\":\"2024-08-19T09:00:00+00:00\",\"mainEntityOfPage\":{\"@id\":\"https:\\\/\\\/www.vagadeempregorj.com.br\\\/arezzo-tem-137-vagas-de-emprego-abertas-pelo-brasil\\\/\"},\"wordCount\":745,\"image\":{\"@id\":\"https:\\\/\\\/www.vagadeempregorj.com.br\\\/arezzo-tem-137-vagas-de-emprego-abertas-pelo-brasil\\\/#primaryimage\"},\"thumbnailUrl\":\"https:\\\/\\\/www.vagadeempregorj.com.br\\\/wp-content\\\/uploads\\\/2024\\\/08\\\/image-17.png\",\"keywords\":[\"empregos\",\"oportunidades\"],\"articleSection\":[\"Vagas de Emprego Nacionais\"],\"inLanguage\":\"es\"},{\"@type\":\"WebPage\",\"@id\":\"https:\\\/\\\/www.vagadeempregorj.com.br\\\/arezzo-tem-137-vagas-de-emprego-abertas-pelo-brasil\\\/\",\"url\":\"https:\\\/\\\/www.vagadeempregorj.com.br\\\/arezzo-tem-137-vagas-de-emprego-abertas-pelo-brasil\\\/\",\"name\":\"Arezzo tem 137 vagas de emprego abertas pelo Brasil -\",\"isPartOf\":{\"@id\":\"https:\\\/\\\/www.vagadeempregorj.com.br\\\/#website\"},\"primaryImageOfPage\":{\"@id\":\"https:\\\/\\\/www.vagadeempregorj.com.br\\\/arezzo-tem-137-vagas-de-emprego-abertas-pelo-brasil\\\/#primaryimage\"},\"image\":{\"@id\":\"https:\\\/\\\/www.vagadeempregorj.com.br\\\/arezzo-tem-137-vagas-de-emprego-abertas-pelo-brasil\\\/#primaryimage\"},\"thumbnailUrl\":\"https:\\\/\\\/www.vagadeempregorj.com.br\\\/wp-content\\\/uploads\\\/2024\\\/08\\\/image-17.png\",\"datePublished\":\"2024-08-19T09:00:00+00:00\",\"author\":{\"@id\":\"https:\\\/\\\/www.vagadeempregorj.com.br\\\/#\\\/schema\\\/person\\\/3ddb19fa0539706786e502152f3aae95\"},\"description\":\"Veja em Vagas de Emprego RJ as vagas de emprego com e sem experi\u00eancia no seu Estado e Regi\u00e3o!\",\"breadcrumb\":{\"@id\":\"https:\\\/\\\/www.vagadeempregorj.com.br\\\/arezzo-tem-137-vagas-de-emprego-abertas-pelo-brasil\\\/#breadcrumb\"},\"inLanguage\":\"es\",\"potentialAction\":[{\"@type\":\"ReadAction\",\"target\":[\"https:\\\/\\\/www.vagadeempregorj.com.br\\\/arezzo-tem-137-vagas-de-emprego-abertas-pelo-brasil\\\/\"]}]},{\"@type\":\"ImageObject\",\"inLanguage\":\"es\",\"@id\":\"https:\\\/\\\/www.vagadeempregorj.com.br\\\/arezzo-tem-137-vagas-de-emprego-abertas-pelo-brasil\\\/#primaryimage\",\"url\":\"https:\\\/\\\/www.vagadeempregorj.com.br\\\/wp-content\\\/uploads\\\/2024\\\/08\\\/image-17.png\",\"contentUrl\":\"https:\\\/\\\/www.vagadeempregorj.com.br\\\/wp-content\\\/uploads\\\/2024\\\/08\\\/image-17.png\",\"width\":1280,\"height\":720},{\"@type\":\"BreadcrumbList\",\"@id\":\"https:\\\/\\\/www.vagadeempregorj.com.br\\\/arezzo-tem-137-vagas-de-emprego-abertas-pelo-brasil\\\/#breadcrumb\",\"itemListElement\":[{\"@type\":\"ListItem\",\"position\":1,\"name\":\"In\u00edcio\",\"item\":\"https:\\\/\\\/www.vagadeempregorj.com.br\\\/\"},{\"@type\":\"ListItem\",\"position\":2,\"name\":\"Vagas de Emprego Nacionais\",\"item\":\"https:\\\/\\\/www.vagadeempregorj.com.br\\\/vagas-de-emprego-nacionais\\\/\"},{\"@type\":\"ListItem\",\"position\":3,\"name\":\"Arezzo tem 137 vagas de emprego abertas pelo Brasil\"}]},{\"@type\":\"WebSite\",\"@id\":\"https:\\\/\\\/www.vagadeempregorj.com.br\\\/#website\",\"url\":\"https:\\\/\\\/www.vagadeempregorj.com.br\\\/\",\"name\":\"\",\"description\":\"Conquiste Sonhos: Vagas, Benef\u00edcios e Economia para Transformar Vidas e Alcan\u00e7ar Melhorias Cotidianas\",\"potentialAction\":[{\"@type\":\"SearchAction\",\"target\":{\"@type\":\"EntryPoint\",\"urlTemplate\":\"https:\\\/\\\/www.vagadeempregorj.com.br\\\/?s={search_term_string}\"},\"query-input\":{\"@type\":\"PropertyValueSpecification\",\"valueRequired\":true,\"valueName\":\"search_term_string\"}}],\"inLanguage\":\"es\"},{\"@type\":\"Person\",\"@id\":\"https:\\\/\\\/www.vagadeempregorj.com.br\\\/#\\\/schema\\\/person\\\/3ddb19fa0539706786e502152f3aae95\",\"name\":\"Michele\",\"image\":{\"@type\":\"ImageObject\",\"inLanguage\":\"es\",\"@id\":\"https:\\\/\\\/secure.gravatar.com\\\/avatar\\\/6b0eb9d22841282815e2cd856a0061c45e1761cd54b22e952d98c4746939aa85?s=96&r=g\",\"url\":\"https:\\\/\\\/secure.gravatar.com\\\/avatar\\\/6b0eb9d22841282815e2cd856a0061c45e1761cd54b22e952d98c4746939aa85?s=96&r=g\",\"contentUrl\":\"https:\\\/\\\/secure.gravatar.com\\\/avatar\\\/6b0eb9d22841282815e2cd856a0061c45e1761cd54b22e952d98c4746939aa85?s=96&r=g\",\"caption\":\"Michele\"},\"description\":\"Formada em Letras - Portugu\u00eas\\\/ Ingl\u00eas, e idealizadora do site Escritora de Sucesso, busca expandir o conhecimento de todos com informa\u00e7\u00f5es relevantes sobre diversos assuntos, enquanto redatora. No Vaga de Emprego RJ, traz oportunidades e dicas sobre o mercado de trabalho.\",\"url\":\"https:\\\/\\\/www.vagadeempregorj.com.br\\\/es\\\/author\\\/michele\\\/\"}]}<\/script>\n<!-- \/ Yoast SEO plugin. -->","yoast_head_json":{"title":"Arezzo tem 137 vagas de emprego abertas pelo Brasil -","description":"Veja em Vagas de Emprego RJ as vagas de emprego com e sem experi\u00eancia no seu Estado e Regi\u00e3o!","robots":{"index":"index","follow":"follow","max-snippet":"max-snippet:-1","max-image-preview":"max-image-preview:large","max-video-preview":"max-video-preview:-1"},"canonical":"https:\/\/www.vagadeempregorj.com.br\/es\/arezzo-tem-137-vagas-de-emprego-abertas-pelo-brasil\/","og_locale":"es_MX","og_type":"article","og_title":"Arezzo tem 137 vagas de emprego abertas pelo Brasil -","og_description":"Veja em Vagas de Emprego RJ as vagas de emprego com e sem experi\u00eancia no seu Estado e Regi\u00e3o!","og_url":"https:\/\/www.vagadeempregorj.com.br\/es\/arezzo-tem-137-vagas-de-emprego-abertas-pelo-brasil\/","article_publisher":"https:\/\/www.facebook.com\/empregobrasiloficial","article_published_time":"2024-08-19T09:00:00+00:00","og_image":[{"width":1280,"height":720,"url":"https:\/\/www.vagadeempregorj.com.br\/wp-content\/uploads\/2024\/08\/image-17.png","type":"image\/png"}],"author":"Michele","twitter_card":"summary_large_image","twitter_misc":{"Escrito por":"Michele","Tiempo de lectura":"4 minutos"},"schema":{"@context":"https:\/\/schema.org","@graph":[{"@type":"Article","@id":"https:\/\/www.vagadeempregorj.com.br\/arezzo-tem-137-vagas-de-emprego-abertas-pelo-brasil\/#article","isPartOf":{"@id":"https:\/\/www.vagadeempregorj.com.br\/arezzo-tem-137-vagas-de-emprego-abertas-pelo-brasil\/"},"author":{"name":"Michele","@id":"https:\/\/www.vagadeempregorj.com.br\/#\/schema\/person\/3ddb19fa0539706786e502152f3aae95"},"headline":"Arezzo tem 137 vagas de emprego abertas pelo Brasil","datePublished":"2024-08-19T09:00:00+00:00","mainEntityOfPage":{"@id":"https:\/\/www.vagadeempregorj.com.br\/arezzo-tem-137-vagas-de-emprego-abertas-pelo-brasil\/"},"wordCount":745,"image":{"@id":"https:\/\/www.vagadeempregorj.com.br\/arezzo-tem-137-vagas-de-emprego-abertas-pelo-brasil\/#primaryimage"},"thumbnailUrl":"https:\/\/www.vagadeempregorj.com.br\/wp-content\/uploads\/2024\/08\/image-17.png","keywords":["empregos","oportunidades"],"articleSection":["Vagas de Emprego Nacionais"],"inLanguage":"es"},{"@type":"WebPage","@id":"https:\/\/www.vagadeempregorj.com.br\/arezzo-tem-137-vagas-de-emprego-abertas-pelo-brasil\/","url":"https:\/\/www.vagadeempregorj.com.br\/arezzo-tem-137-vagas-de-emprego-abertas-pelo-brasil\/","name":"Arezzo tem 137 vagas de emprego abertas pelo Brasil -","isPartOf":{"@id":"https:\/\/www.vagadeempregorj.com.br\/#website"},"primaryImageOfPage":{"@id":"https:\/\/www.vagadeempregorj.com.br\/arezzo-tem-137-vagas-de-emprego-abertas-pelo-brasil\/#primaryimage"},"image":{"@id":"https:\/\/www.vagadeempregorj.com.br\/arezzo-tem-137-vagas-de-emprego-abertas-pelo-brasil\/#primaryimage"},"thumbnailUrl":"https:\/\/www.vagadeempregorj.com.br\/wp-content\/uploads\/2024\/08\/image-17.png","datePublished":"2024-08-19T09:00:00+00:00","author":{"@id":"https:\/\/www.vagadeempregorj.com.br\/#\/schema\/person\/3ddb19fa0539706786e502152f3aae95"},"description":"Veja em Vagas de Emprego RJ as vagas de emprego com e sem experi\u00eancia no seu Estado e Regi\u00e3o!","breadcrumb":{"@id":"https:\/\/www.vagadeempregorj.com.br\/arezzo-tem-137-vagas-de-emprego-abertas-pelo-brasil\/#breadcrumb"},"inLanguage":"es","potentialAction":[{"@type":"ReadAction","target":["https:\/\/www.vagadeempregorj.com.br\/arezzo-tem-137-vagas-de-emprego-abertas-pelo-brasil\/"]}]},{"@type":"ImageObject","inLanguage":"es","@id":"https:\/\/www.vagadeempregorj.com.br\/arezzo-tem-137-vagas-de-emprego-abertas-pelo-brasil\/#primaryimage","url":"https:\/\/www.vagadeempregorj.com.br\/wp-content\/uploads\/2024\/08\/image-17.png","contentUrl":"https:\/\/www.vagadeempregorj.com.br\/wp-content\/uploads\/2024\/08\/image-17.png","width":1280,"height":720},{"@type":"BreadcrumbList","@id":"https:\/\/www.vagadeempregorj.com.br\/arezzo-tem-137-vagas-de-emprego-abertas-pelo-brasil\/#breadcrumb","itemListElement":[{"@type":"ListItem","position":1,"name":"In\u00edcio","item":"https:\/\/www.vagadeempregorj.com.br\/"},{"@type":"ListItem","position":2,"name":"Vagas de Emprego Nacionais","item":"https:\/\/www.vagadeempregorj.com.br\/vagas-de-emprego-nacionais\/"},{"@type":"ListItem","position":3,"name":"Arezzo tem 137 vagas de emprego abertas pelo Brasil"}]},{"@type":"WebSite","@id":"https:\/\/www.vagadeempregorj.com.br\/#website","url":"https:\/\/www.vagadeempregorj.com.br\/","name":"","description":"Haz realidad tus sue\u00f1os: Ofertas de empleo, beneficios y ahorros para transformar vidas y lograr mejoras cotidianas.","potentialAction":[{"@type":"SearchAction","target":{"@type":"EntryPoint","urlTemplate":"https:\/\/www.vagadeempregorj.com.br\/?s={search_term_string}"},"query-input":{"@type":"PropertyValueSpecification","valueRequired":true,"valueName":"search_term_string"}}],"inLanguage":"es"},{"@type":"Person","@id":"https:\/\/www.vagadeempregorj.com.br\/#\/schema\/person\/3ddb19fa0539706786e502152f3aae95","name":"Michele","image":{"@type":"ImageObject","inLanguage":"es","@id":"https:\/\/secure.gravatar.com\/avatar\/6b0eb9d22841282815e2cd856a0061c45e1761cd54b22e952d98c4746939aa85?s=96&r=g","url":"https:\/\/secure.gravatar.com\/avatar\/6b0eb9d22841282815e2cd856a0061c45e1761cd54b22e952d98c4746939aa85?s=96&r=g","contentUrl":"https:\/\/secure.gravatar.com\/avatar\/6b0eb9d22841282815e2cd856a0061c45e1761cd54b22e952d98c4746939aa85?s=96&r=g","caption":"Michele"},"description":"Formada em Letras - Portugu\u00eas\/ Ingl\u00eas, e idealizadora do site Escritora de Sucesso, busca expandir o conhecimento de todos com informa\u00e7\u00f5es relevantes sobre diversos assuntos, enquanto redatora. No Vaga de Emprego RJ, traz oportunidades e dicas sobre o mercado de trabalho.","url":"https:\/\/www.vagadeempregorj.com.br\/es\/author\/michele\/"}]}},"_links":{"self":[{"href":"https:\/\/www.vagadeempregorj.com.br\/es\/wp-json\/wp\/v2\/posts\/40161","targetHints":{"allow":["GET"]}}],"collection":[{"href":"https:\/\/www.vagadeempregorj.com.br\/es\/wp-json\/wp\/v2\/posts"}],"about":[{"href":"https:\/\/www.vagadeempregorj.com.br\/es\/wp-json\/wp\/v2\/types\/post"}],"author":[{"embeddable":true,"href":"https:\/\/www.vagadeempregorj.com.br\/es\/wp-json\/wp\/v2\/users\/16"}],"replies":[{"embeddable":true,"href":"https:\/\/www.vagadeempregorj.com.br\/es\/wp-json\/wp\/v2\/comments?post=40161"}],"version-history":[{"count":0,"href":"https:\/\/www.vagadeempregorj.com.br\/es\/wp-json\/wp\/v2\/posts\/40161\/revisions"}],"wp:featuredmedia":[{"embeddable":true,"href":"https:\/\/www.vagadeempregorj.com.br\/es\/wp-json\/wp\/v2\/media\/40169"}],"wp:attachment":[{"href":"https:\/\/www.vagadeempregorj.com.br\/es\/wp-json\/wp\/v2\/media?parent=40161"}],"wp:term":[{"taxonomy":"category","embeddable":true,"href":"https:\/\/www.vagadeempregorj.com.br\/es\/wp-json\/wp\/v2\/categories?post=40161"},{"taxonomy":"post_tag","embeddable":true,"href":"https:\/\/www.vagadeempregorj.com.br\/es\/wp-json\/wp\/v2\/tags?post=40161"}],"curies":[{"name":"wp","href":"https:\/\/api.w.org\/{rel}","templated":true}]}}