{"id":40386,"date":"2024-08-23T07:00:00","date_gmt":"2024-08-23T10:00:00","guid":{"rendered":"https:\/\/www.vagadeempregorj.com.br\/?p=40386"},"modified":"2024-08-21T10:09:30","modified_gmt":"2024-08-21T13:09:30","slug":"vale-abre-vagas-em-mineracao-e-sustentabilidade","status":"publish","type":"post","link":"https:\/\/www.vagadeempregorj.com.br\/es\/vale-abre-vagas-em-mineracao-e-sustentabilidade\/","title":{"rendered":"Vale abre vagas em minera\u00e7\u00e3o e sustentabilidade"},"content":{"rendered":"<p>A <strong>Vale<\/strong>, uma das maiores mineradoras do mundo, anunciou novas oportunidades de emprego em \u00e1reas estrat\u00e9gicas como minera\u00e7\u00e3o e sustentabilidade. A empresa, conhecida por sua atua\u00e7\u00e3o global, est\u00e1 em busca de profissionais que possam contribuir com suas iniciativas de transforma\u00e7\u00e3o e inova\u00e7\u00e3o, especialmente em um momento em que a sustentabilidade se torna cada vez mais central em suas opera\u00e7\u00f5es.<\/p>\n\n\n\n<h2 class=\"wp-block-heading\">Oportunidades na minera\u00e7\u00e3o<\/h2>\n\n\n\n<p>As vagas na \u00e1rea de minera\u00e7\u00e3o est\u00e3o direcionadas para profissionais que possuam experi\u00eancia e forma\u00e7\u00e3o t\u00e9cnica ou superior. A Vale busca candidatos que possam contribuir para o aprimoramento cont\u00ednuo de suas opera\u00e7\u00f5es, com foco em seguran\u00e7a, efici\u00eancia e automa\u00e7\u00e3o. A empresa tem investido fortemente em tecnologia, incluindo a implanta\u00e7\u00e3o de intelig\u00eancia artificial e a automa\u00e7\u00e3o de processos, o que tem sido fundamental para melhorar a produtividade e reduzir riscos operacionais.<\/p>\n\n\n\n<figure class=\"wp-block-image size-large\"><img loading=\"lazy\" decoding=\"async\" width=\"1024\" height=\"470\" src=\"https:\/\/www.vagadeempregorj.com.br\/wp-content\/uploads\/2024\/08\/image-32-1024x470.png\" alt=\"\" class=\"wp-image-40409\" srcset=\"https:\/\/www.vagadeempregorj.com.br\/wp-content\/uploads\/2024\/08\/image-32-1024x470.png 1024w, https:\/\/www.vagadeempregorj.com.br\/wp-content\/uploads\/2024\/08\/image-32-300x138.png 300w, https:\/\/www.vagadeempregorj.com.br\/wp-content\/uploads\/2024\/08\/image-32-768x353.png 768w, https:\/\/www.vagadeempregorj.com.br\/wp-content\/uploads\/2024\/08\/image-32-1536x706.png 1536w, https:\/\/www.vagadeempregorj.com.br\/wp-content\/uploads\/2024\/08\/image-32-2048x941.png 2048w, https:\/\/www.vagadeempregorj.com.br\/wp-content\/uploads\/2024\/08\/image-32-150x69.png 150w\" sizes=\"auto, (max-width: 1024px) 100vw, 1024px\" \/><\/figure>\n\n\n\n<p>Os profissionais contratados para a \u00e1rea de minera\u00e7\u00e3o ter\u00e3o a oportunidade de trabalhar em projetos de alta relev\u00e2ncia, com equipamentos de \u00faltima gera\u00e7\u00e3o e tecnologias de ponta, como caminh\u00f5es aut\u00f4nomos e perfuratrizes inteligentes, que j\u00e1 est\u00e3o sendo utilizados em v\u00e1rias opera\u00e7\u00f5es da Vale ao redor do mundo\u200b (<a href=\"https:\/\/www.oliberal.com\/economia\/vale-vence-premio-valor-inovacao-2024-do-setor-de-mineracao-metalurgia-e-siderurgia-1.848703\" target=\"_blank\" rel=\"noreferrer noopener\">O Liberal<\/a>).<\/p>\n\n\n\n<h2 class=\"wp-block-heading\">Sustentabilidade e inova\u00e7\u00e3o na Vale<\/h2>\n\n\n\n<p>A Vale tamb\u00e9m est\u00e1 abrindo vagas para profissionais na \u00e1rea de sustentabilidade, com foco em projetos que visam reduzir o impacto ambiental das opera\u00e7\u00f5es da empresa. A mineradora tem investido em iniciativas inovadoras, como o desenvolvimento de novos materiais sustent\u00e1veis a partir de res\u00edduos de minera\u00e7\u00e3o e a promo\u00e7\u00e3o de pr\u00e1ticas que favore\u00e7am a descarboniza\u00e7\u00e3o e a economia circular.<\/p>\n\n\n\n<p>Os candidatos que ingressarem na \u00e1rea de sustentabilidade trabalhar\u00e3o em projetos que envolvem o uso de tecnologia para preservar a biodiversidade e melhorar a gest\u00e3o ambiental. Um dos projetos em destaque \u00e9 a produ\u00e7\u00e3o de uma resina sustent\u00e1vel feita a partir de garrafas PET, que ajuda a controlar a dispers\u00e3o de poeira em pilhas de min\u00e9rio, contribuindo para a redu\u00e7\u00e3o do descarte de lixo e gerando renda para catadores de materiais recicl\u00e1veis\u200b.<\/p>\n\n\n\n<h2 class=\"wp-block-heading\">Como se inscrever<\/h2>\n\n\n\n<p><strong>Para se candidatar \u00e0s vagas na Vale, os interessados devem acessar o <a href=\"https:\/\/vale.eightfold.ai\">portal de carreiras da Vale<\/a>, onde \u00e9 poss\u00edvel encontrar detalhes sobre as oportunidades dispon\u00edveis e realizar a inscri\u00e7\u00e3o. No portal, o candidato deve criar um perfil com suas informa\u00e7\u00f5es pessoais e profissionais, al\u00e9m de responder a um question\u00e1rio que ajuda a Vale a identificar o melhor encaixe para cada perfil.<\/strong><\/p>\n\n\n\n<p>O processo de inscri\u00e7\u00e3o envolve o preenchimento de um formul\u00e1rio com dados b\u00e1sicos e informa\u00e7\u00f5es sobre a forma\u00e7\u00e3o e experi\u00eancia do candidato. Ap\u00f3s essa etapa, os candidatos ser\u00e3o avaliados em testes online, que variam de acordo com a posi\u00e7\u00e3o desejada. As etapas seguintes podem incluir entrevistas virtuais e presenciais, al\u00e9m de din\u00e2micas de grupo para avaliar compet\u00eancias t\u00e9cnicas e comportamentais.<\/p>\n\n\n\n<p>A Vale est\u00e1 comprometida em promover a diversidade e a inclus\u00e3o, buscando atrair talentos de diferentes origens e com diferentes perspectivas, que possam contribuir para a transforma\u00e7\u00e3o cultural da empresa. Por isso, o processo seletivo \u00e9 conduzido de forma a garantir igualdade de oportunidades para todos os candidatos.<\/p>\n\n\n\n<h2 class=\"wp-block-heading\">Venha fazer parte da transforma\u00e7\u00e3o da Vale<\/h2>\n\n\n\n<p>Trabalhar na Vale significa integrar uma das empresas mais inovadoras e sustent\u00e1veis do setor de minera\u00e7\u00e3o. Se voc\u00ea est\u00e1 em busca de um ambiente de trabalho din\u00e2mico e desafiador, onde a inova\u00e7\u00e3o e a sustentabilidade s\u00e3o valorizadas, a Vale pode ser o lugar ideal para o pr\u00f3ximo passo na sua carreira. Acesse o portal de carreiras e candidate-se \u00e0s vagas dispon\u00edveis, contribuindo para a constru\u00e7\u00e3o de um futuro mais sustent\u00e1vel e seguro para a minera\u00e7\u00e3o e para o planeta\u200b.<\/p>\n\n\n\n<p><strong>Veja tamb\u00e9m: <a href=\"https:\/\/www.vagadeempregorj.com.br\/es\/magazine-luiza-abre-mais-de-100-vagas-de-emprego-pelo-pais\/\">Magazine Luiza abre mais de 100 vagas de emprego pelo pa\u00eds<\/a><\/strong><\/p>\n\n\n\n<p>23 de agosto de 2024<\/p>","protected":false},"excerpt":{"rendered":"<p>A Vale, uma das maiores mineradoras do mundo, anunciou novas oportunidades de emprego em \u00e1reas estrat\u00e9gicas como minera\u00e7\u00e3o e sustentabilidade. A empresa, conhecida por sua atua\u00e7\u00e3o global, est\u00e1 em busca de profissionais que possam contribuir com suas iniciativas de transforma\u00e7\u00e3o e inova\u00e7\u00e3o, especialmente em um momento em que a sustentabilidade se torna cada vez mais&hellip;&nbsp;<\/p>","protected":false},"author":16,"featured_media":40409,"comment_status":"closed","ping_status":"closed","sticky":false,"template":"","format":"standard","meta":{"neve_meta_sidebar":"","neve_meta_container":"","neve_meta_enable_content_width":"","neve_meta_content_width":0,"neve_meta_title_alignment":"","neve_meta_author_avatar":"","neve_post_elements_order":"","neve_meta_disable_header":"","neve_meta_disable_footer":"","neve_meta_disable_title":"","footnotes":""},"categories":[123],"tags":[],"class_list":["post-40386","post","type-post","status-publish","format-standard","has-post-thumbnail","hentry","category-vagas-de-emprego-nacionais"],"yoast_head":"<!-- This site is optimized with the Yoast SEO plugin v27.5 - https:\/\/yoast.com\/product\/yoast-seo-wordpress\/ -->\n<title>Vale abre vagas em minera\u00e7\u00e3o e sustentabilidade -<\/title>\n<meta name=\"description\" content=\"Veja em Vagas de Emprego RJ as vagas de emprego com e sem experi\u00eancia no seu Estado e Regi\u00e3o!\" \/>\n<meta name=\"robots\" content=\"index, follow, max-snippet:-1, max-image-preview:large, max-video-preview:-1\" \/>\n<link rel=\"canonical\" href=\"https:\/\/www.vagadeempregorj.com.br\/es\/vale-abre-vagas-em-mineracao-e-sustentabilidade\/\" \/>\n<meta property=\"og:locale\" content=\"es_MX\" \/>\n<meta property=\"og:type\" content=\"article\" \/>\n<meta property=\"og:title\" content=\"Vale abre vagas em minera\u00e7\u00e3o e sustentabilidade -\" \/>\n<meta property=\"og:description\" content=\"Veja em Vagas de Emprego RJ as vagas de emprego com e sem experi\u00eancia no seu Estado e Regi\u00e3o!\" \/>\n<meta property=\"og:url\" content=\"https:\/\/www.vagadeempregorj.com.br\/es\/vale-abre-vagas-em-mineracao-e-sustentabilidade\/\" \/>\n<meta property=\"article:publisher\" content=\"https:\/\/www.facebook.com\/empregobrasiloficial\" \/>\n<meta property=\"article:published_time\" content=\"2024-08-23T10:00:00+00:00\" \/>\n<meta property=\"og:image\" content=\"https:\/\/www.vagadeempregorj.com.br\/wp-content\/uploads\/2024\/08\/image-32-1024x470.png\" \/>\n\t<meta property=\"og:image:width\" content=\"1024\" \/>\n\t<meta property=\"og:image:height\" content=\"470\" \/>\n\t<meta property=\"og:image:type\" content=\"image\/png\" \/>\n<meta name=\"author\" content=\"Michele\" \/>\n<meta name=\"twitter:card\" content=\"summary_large_image\" \/>\n<meta name=\"twitter:label1\" content=\"Written by\" \/>\n\t<meta name=\"twitter:data1\" content=\"Michele\" \/>\n\t<meta name=\"twitter:label2\" content=\"Est. reading time\" \/>\n\t<meta name=\"twitter:data2\" content=\"3 minutos\" \/>\n<script type=\"application\/ld+json\" class=\"yoast-schema-graph\">{\"@context\":\"https:\\\/\\\/schema.org\",\"@graph\":[{\"@type\":\"Article\",\"@id\":\"https:\\\/\\\/www.vagadeempregorj.com.br\\\/vale-abre-vagas-em-mineracao-e-sustentabilidade\\\/#article\",\"isPartOf\":{\"@id\":\"https:\\\/\\\/www.vagadeempregorj.com.br\\\/vale-abre-vagas-em-mineracao-e-sustentabilidade\\\/\"},\"author\":{\"name\":\"Michele\",\"@id\":\"https:\\\/\\\/www.vagadeempregorj.com.br\\\/#\\\/schema\\\/person\\\/3ddb19fa0539706786e502152f3aae95\"},\"headline\":\"Vale abre vagas em minera\u00e7\u00e3o e sustentabilidade\",\"datePublished\":\"2024-08-23T10:00:00+00:00\",\"mainEntityOfPage\":{\"@id\":\"https:\\\/\\\/www.vagadeempregorj.com.br\\\/vale-abre-vagas-em-mineracao-e-sustentabilidade\\\/\"},\"wordCount\":677,\"image\":{\"@id\":\"https:\\\/\\\/www.vagadeempregorj.com.br\\\/vale-abre-vagas-em-mineracao-e-sustentabilidade\\\/#primaryimage\"},\"thumbnailUrl\":\"https:\\\/\\\/www.vagadeempregorj.com.br\\\/wp-content\\\/uploads\\\/2024\\\/08\\\/image-32.png\",\"articleSection\":[\"Vagas de Emprego Nacionais\"],\"inLanguage\":\"es\"},{\"@type\":\"WebPage\",\"@id\":\"https:\\\/\\\/www.vagadeempregorj.com.br\\\/vale-abre-vagas-em-mineracao-e-sustentabilidade\\\/\",\"url\":\"https:\\\/\\\/www.vagadeempregorj.com.br\\\/vale-abre-vagas-em-mineracao-e-sustentabilidade\\\/\",\"name\":\"Vale abre vagas em minera\u00e7\u00e3o e sustentabilidade -\",\"isPartOf\":{\"@id\":\"https:\\\/\\\/www.vagadeempregorj.com.br\\\/#website\"},\"primaryImageOfPage\":{\"@id\":\"https:\\\/\\\/www.vagadeempregorj.com.br\\\/vale-abre-vagas-em-mineracao-e-sustentabilidade\\\/#primaryimage\"},\"image\":{\"@id\":\"https:\\\/\\\/www.vagadeempregorj.com.br\\\/vale-abre-vagas-em-mineracao-e-sustentabilidade\\\/#primaryimage\"},\"thumbnailUrl\":\"https:\\\/\\\/www.vagadeempregorj.com.br\\\/wp-content\\\/uploads\\\/2024\\\/08\\\/image-32.png\",\"datePublished\":\"2024-08-23T10:00:00+00:00\",\"author\":{\"@id\":\"https:\\\/\\\/www.vagadeempregorj.com.br\\\/#\\\/schema\\\/person\\\/3ddb19fa0539706786e502152f3aae95\"},\"description\":\"Veja em Vagas de Emprego RJ as vagas de emprego com e sem experi\u00eancia no seu Estado e Regi\u00e3o!\",\"breadcrumb\":{\"@id\":\"https:\\\/\\\/www.vagadeempregorj.com.br\\\/vale-abre-vagas-em-mineracao-e-sustentabilidade\\\/#breadcrumb\"},\"inLanguage\":\"es\",\"potentialAction\":[{\"@type\":\"ReadAction\",\"target\":[\"https:\\\/\\\/www.vagadeempregorj.com.br\\\/vale-abre-vagas-em-mineracao-e-sustentabilidade\\\/\"]}]},{\"@type\":\"ImageObject\",\"inLanguage\":\"es\",\"@id\":\"https:\\\/\\\/www.vagadeempregorj.com.br\\\/vale-abre-vagas-em-mineracao-e-sustentabilidade\\\/#primaryimage\",\"url\":\"https:\\\/\\\/www.vagadeempregorj.com.br\\\/wp-content\\\/uploads\\\/2024\\\/08\\\/image-32.png\",\"contentUrl\":\"https:\\\/\\\/www.vagadeempregorj.com.br\\\/wp-content\\\/uploads\\\/2024\\\/08\\\/image-32.png\",\"width\":2882,\"height\":1324},{\"@type\":\"BreadcrumbList\",\"@id\":\"https:\\\/\\\/www.vagadeempregorj.com.br\\\/vale-abre-vagas-em-mineracao-e-sustentabilidade\\\/#breadcrumb\",\"itemListElement\":[{\"@type\":\"ListItem\",\"position\":1,\"name\":\"In\u00edcio\",\"item\":\"https:\\\/\\\/www.vagadeempregorj.com.br\\\/\"},{\"@type\":\"ListItem\",\"position\":2,\"name\":\"Vagas de Emprego Nacionais\",\"item\":\"https:\\\/\\\/www.vagadeempregorj.com.br\\\/vagas-de-emprego-nacionais\\\/\"},{\"@type\":\"ListItem\",\"position\":3,\"name\":\"Vale abre vagas em minera\u00e7\u00e3o e sustentabilidade\"}]},{\"@type\":\"WebSite\",\"@id\":\"https:\\\/\\\/www.vagadeempregorj.com.br\\\/#website\",\"url\":\"https:\\\/\\\/www.vagadeempregorj.com.br\\\/\",\"name\":\"\",\"description\":\"Conquiste Sonhos: Vagas, Benef\u00edcios e Economia para Transformar Vidas e Alcan\u00e7ar Melhorias Cotidianas\",\"potentialAction\":[{\"@type\":\"SearchAction\",\"target\":{\"@type\":\"EntryPoint\",\"urlTemplate\":\"https:\\\/\\\/www.vagadeempregorj.com.br\\\/?s={search_term_string}\"},\"query-input\":{\"@type\":\"PropertyValueSpecification\",\"valueRequired\":true,\"valueName\":\"search_term_string\"}}],\"inLanguage\":\"es\"},{\"@type\":\"Person\",\"@id\":\"https:\\\/\\\/www.vagadeempregorj.com.br\\\/#\\\/schema\\\/person\\\/3ddb19fa0539706786e502152f3aae95\",\"name\":\"Michele\",\"image\":{\"@type\":\"ImageObject\",\"inLanguage\":\"es\",\"@id\":\"https:\\\/\\\/secure.gravatar.com\\\/avatar\\\/6b0eb9d22841282815e2cd856a0061c45e1761cd54b22e952d98c4746939aa85?s=96&r=g\",\"url\":\"https:\\\/\\\/secure.gravatar.com\\\/avatar\\\/6b0eb9d22841282815e2cd856a0061c45e1761cd54b22e952d98c4746939aa85?s=96&r=g\",\"contentUrl\":\"https:\\\/\\\/secure.gravatar.com\\\/avatar\\\/6b0eb9d22841282815e2cd856a0061c45e1761cd54b22e952d98c4746939aa85?s=96&r=g\",\"caption\":\"Michele\"},\"description\":\"Formada em Letras - Portugu\u00eas\\\/ Ingl\u00eas, e idealizadora do site Escritora de Sucesso, busca expandir o conhecimento de todos com informa\u00e7\u00f5es relevantes sobre diversos assuntos, enquanto redatora. No Vaga de Emprego RJ, traz oportunidades e dicas sobre o mercado de trabalho.\",\"url\":\"https:\\\/\\\/www.vagadeempregorj.com.br\\\/es\\\/author\\\/michele\\\/\"}]}<\/script>\n<!-- \/ Yoast SEO plugin. -->","yoast_head_json":{"title":"Vale abre vagas em minera\u00e7\u00e3o e sustentabilidade -","description":"Veja em Vagas de Emprego RJ as vagas de emprego com e sem experi\u00eancia no seu Estado e Regi\u00e3o!","robots":{"index":"index","follow":"follow","max-snippet":"max-snippet:-1","max-image-preview":"max-image-preview:large","max-video-preview":"max-video-preview:-1"},"canonical":"https:\/\/www.vagadeempregorj.com.br\/es\/vale-abre-vagas-em-mineracao-e-sustentabilidade\/","og_locale":"es_MX","og_type":"article","og_title":"Vale abre vagas em minera\u00e7\u00e3o e sustentabilidade -","og_description":"Veja em Vagas de Emprego RJ as vagas de emprego com e sem experi\u00eancia no seu Estado e Regi\u00e3o!","og_url":"https:\/\/www.vagadeempregorj.com.br\/es\/vale-abre-vagas-em-mineracao-e-sustentabilidade\/","article_publisher":"https:\/\/www.facebook.com\/empregobrasiloficial","article_published_time":"2024-08-23T10:00:00+00:00","og_image":[{"width":1024,"height":470,"url":"https:\/\/www.vagadeempregorj.com.br\/wp-content\/uploads\/2024\/08\/image-32-1024x470.png","type":"image\/png"}],"author":"Michele","twitter_card":"summary_large_image","twitter_misc":{"Written by":"Michele","Est. reading time":"3 minutos"},"schema":{"@context":"https:\/\/schema.org","@graph":[{"@type":"Article","@id":"https:\/\/www.vagadeempregorj.com.br\/vale-abre-vagas-em-mineracao-e-sustentabilidade\/#article","isPartOf":{"@id":"https:\/\/www.vagadeempregorj.com.br\/vale-abre-vagas-em-mineracao-e-sustentabilidade\/"},"author":{"name":"Michele","@id":"https:\/\/www.vagadeempregorj.com.br\/#\/schema\/person\/3ddb19fa0539706786e502152f3aae95"},"headline":"Vale abre vagas em minera\u00e7\u00e3o e sustentabilidade","datePublished":"2024-08-23T10:00:00+00:00","mainEntityOfPage":{"@id":"https:\/\/www.vagadeempregorj.com.br\/vale-abre-vagas-em-mineracao-e-sustentabilidade\/"},"wordCount":677,"image":{"@id":"https:\/\/www.vagadeempregorj.com.br\/vale-abre-vagas-em-mineracao-e-sustentabilidade\/#primaryimage"},"thumbnailUrl":"https:\/\/www.vagadeempregorj.com.br\/wp-content\/uploads\/2024\/08\/image-32.png","articleSection":["Vagas de Emprego Nacionais"],"inLanguage":"es"},{"@type":"WebPage","@id":"https:\/\/www.vagadeempregorj.com.br\/vale-abre-vagas-em-mineracao-e-sustentabilidade\/","url":"https:\/\/www.vagadeempregorj.com.br\/vale-abre-vagas-em-mineracao-e-sustentabilidade\/","name":"Vale abre vagas em minera\u00e7\u00e3o e sustentabilidade -","isPartOf":{"@id":"https:\/\/www.vagadeempregorj.com.br\/#website"},"primaryImageOfPage":{"@id":"https:\/\/www.vagadeempregorj.com.br\/vale-abre-vagas-em-mineracao-e-sustentabilidade\/#primaryimage"},"image":{"@id":"https:\/\/www.vagadeempregorj.com.br\/vale-abre-vagas-em-mineracao-e-sustentabilidade\/#primaryimage"},"thumbnailUrl":"https:\/\/www.vagadeempregorj.com.br\/wp-content\/uploads\/2024\/08\/image-32.png","datePublished":"2024-08-23T10:00:00+00:00","author":{"@id":"https:\/\/www.vagadeempregorj.com.br\/#\/schema\/person\/3ddb19fa0539706786e502152f3aae95"},"description":"Veja em Vagas de Emprego RJ as vagas de emprego com e sem experi\u00eancia no seu Estado e Regi\u00e3o!","breadcrumb":{"@id":"https:\/\/www.vagadeempregorj.com.br\/vale-abre-vagas-em-mineracao-e-sustentabilidade\/#breadcrumb"},"inLanguage":"es","potentialAction":[{"@type":"ReadAction","target":["https:\/\/www.vagadeempregorj.com.br\/vale-abre-vagas-em-mineracao-e-sustentabilidade\/"]}]},{"@type":"ImageObject","inLanguage":"es","@id":"https:\/\/www.vagadeempregorj.com.br\/vale-abre-vagas-em-mineracao-e-sustentabilidade\/#primaryimage","url":"https:\/\/www.vagadeempregorj.com.br\/wp-content\/uploads\/2024\/08\/image-32.png","contentUrl":"https:\/\/www.vagadeempregorj.com.br\/wp-content\/uploads\/2024\/08\/image-32.png","width":2882,"height":1324},{"@type":"BreadcrumbList","@id":"https:\/\/www.vagadeempregorj.com.br\/vale-abre-vagas-em-mineracao-e-sustentabilidade\/#breadcrumb","itemListElement":[{"@type":"ListItem","position":1,"name":"In\u00edcio","item":"https:\/\/www.vagadeempregorj.com.br\/"},{"@type":"ListItem","position":2,"name":"Vagas de Emprego Nacionais","item":"https:\/\/www.vagadeempregorj.com.br\/vagas-de-emprego-nacionais\/"},{"@type":"ListItem","position":3,"name":"Vale abre vagas em minera\u00e7\u00e3o e sustentabilidade"}]},{"@type":"WebSite","@id":"https:\/\/www.vagadeempregorj.com.br\/#website","url":"https:\/\/www.vagadeempregorj.com.br\/","name":"","description":"Conquiste Sonhos: Vagas, Benef\u00edcios e Economia para Transformar Vidas e Alcan\u00e7ar Melhorias Cotidianas","potentialAction":[{"@type":"SearchAction","target":{"@type":"EntryPoint","urlTemplate":"https:\/\/www.vagadeempregorj.com.br\/?s={search_term_string}"},"query-input":{"@type":"PropertyValueSpecification","valueRequired":true,"valueName":"search_term_string"}}],"inLanguage":"es"},{"@type":"Person","@id":"https:\/\/www.vagadeempregorj.com.br\/#\/schema\/person\/3ddb19fa0539706786e502152f3aae95","name":"Michele","image":{"@type":"ImageObject","inLanguage":"es","@id":"https:\/\/secure.gravatar.com\/avatar\/6b0eb9d22841282815e2cd856a0061c45e1761cd54b22e952d98c4746939aa85?s=96&r=g","url":"https:\/\/secure.gravatar.com\/avatar\/6b0eb9d22841282815e2cd856a0061c45e1761cd54b22e952d98c4746939aa85?s=96&r=g","contentUrl":"https:\/\/secure.gravatar.com\/avatar\/6b0eb9d22841282815e2cd856a0061c45e1761cd54b22e952d98c4746939aa85?s=96&r=g","caption":"Michele"},"description":"Formada em Letras - Portugu\u00eas\/ Ingl\u00eas, e idealizadora do site Escritora de Sucesso, busca expandir o conhecimento de todos com informa\u00e7\u00f5es relevantes sobre diversos assuntos, enquanto redatora. No Vaga de Emprego RJ, traz oportunidades e dicas sobre o mercado de trabalho.","url":"https:\/\/www.vagadeempregorj.com.br\/es\/author\/michele\/"}]}},"_links":{"self":[{"href":"https:\/\/www.vagadeempregorj.com.br\/es\/wp-json\/wp\/v2\/posts\/40386","targetHints":{"allow":["GET"]}}],"collection":[{"href":"https:\/\/www.vagadeempregorj.com.br\/es\/wp-json\/wp\/v2\/posts"}],"about":[{"href":"https:\/\/www.vagadeempregorj.com.br\/es\/wp-json\/wp\/v2\/types\/post"}],"author":[{"embeddable":true,"href":"https:\/\/www.vagadeempregorj.com.br\/es\/wp-json\/wp\/v2\/users\/16"}],"replies":[{"embeddable":true,"href":"https:\/\/www.vagadeempregorj.com.br\/es\/wp-json\/wp\/v2\/comments?post=40386"}],"version-history":[{"count":0,"href":"https:\/\/www.vagadeempregorj.com.br\/es\/wp-json\/wp\/v2\/posts\/40386\/revisions"}],"wp:featuredmedia":[{"embeddable":true,"href":"https:\/\/www.vagadeempregorj.com.br\/es\/wp-json\/wp\/v2\/media\/40409"}],"wp:attachment":[{"href":"https:\/\/www.vagadeempregorj.com.br\/es\/wp-json\/wp\/v2\/media?parent=40386"}],"wp:term":[{"taxonomy":"category","embeddable":true,"href":"https:\/\/www.vagadeempregorj.com.br\/es\/wp-json\/wp\/v2\/categories?post=40386"},{"taxonomy":"post_tag","embeddable":true,"href":"https:\/\/www.vagadeempregorj.com.br\/es\/wp-json\/wp\/v2\/tags?post=40386"}],"curies":[{"name":"wp","href":"https:\/\/api.w.org\/{rel}","templated":true}]}}