{"id":40388,"date":"2024-08-24T07:00:00","date_gmt":"2024-08-24T10:00:00","guid":{"rendered":"https:\/\/www.vagadeempregorj.com.br\/?p=40388"},"modified":"2024-08-21T10:12:01","modified_gmt":"2024-08-21T13:12:01","slug":"amazon-brasil-amplia-equipe-e-oferece-vagas-em-logistica-e-tecnologia","status":"publish","type":"post","link":"https:\/\/www.vagadeempregorj.com.br\/es\/amazon-brasil-amplia-equipe-e-oferece-vagas-em-logistica-e-tecnologia\/","title":{"rendered":"Amazon Brasil amplia equipe e oferece vagas em log\u00edstica e tecnologia"},"content":{"rendered":"<p>A <strong>Amazon Brasil<\/strong> est\u00e1 expandindo suas opera\u00e7\u00f5es e oferecendo novas oportunidades de emprego nas \u00e1reas de log\u00edstica e tecnologia. A gigante do com\u00e9rcio eletr\u00f4nico est\u00e1 buscando profissionais qualificados para integrar seu time, com vagas dispon\u00edveis em diversas cidades do pa\u00eds, incluindo S\u00e3o Paulo, Rio de Janeiro, Minas Gerais, e outros estados. As posi\u00e7\u00f5es oferecidas variam desde cargos t\u00e9cnicos at\u00e9 gerenciais, permitindo que profissionais com diferentes n\u00edveis de experi\u00eancia encontrem uma oportunidade alinhada ao seu perfil.<\/p>\n\n\n\n<h2 class=\"wp-block-heading\">Oportunidades dispon\u00edveis em log\u00edstica e tecnologia<\/h2>\n\n\n\n<p>No setor de log\u00edstica, a Amazon est\u00e1 em busca de l\u00edderes de log\u00edstica, especialistas de opera\u00e7\u00f5es, e coordenadores de recrutamento, entre outras fun\u00e7\u00f5es. Esses profissionais s\u00e3o essenciais para garantir que os produtos cheguem aos clientes de maneira eficiente e dentro dos prazos estabelecidos. Al\u00e9m disso, a empresa tamb\u00e9m est\u00e1 contratando para cargos voltados ao suporte e manuten\u00e7\u00e3o de suas instala\u00e7\u00f5es log\u00edsticas, assegurando que a infraestrutura da Amazon continue operando em alta performance.<\/p>\n\n\n\n<figure class=\"wp-block-image size-large\"><img loading=\"lazy\" decoding=\"async\" width=\"1024\" height=\"683\" src=\"https:\/\/www.vagadeempregorj.com.br\/wp-content\/uploads\/2024\/08\/image-33-1024x683.png\" alt=\"\" class=\"wp-image-40411\" srcset=\"https:\/\/www.vagadeempregorj.com.br\/wp-content\/uploads\/2024\/08\/image-33-1024x683.png 1024w, https:\/\/www.vagadeempregorj.com.br\/wp-content\/uploads\/2024\/08\/image-33-300x200.png 300w, https:\/\/www.vagadeempregorj.com.br\/wp-content\/uploads\/2024\/08\/image-33-768x512.png 768w, https:\/\/www.vagadeempregorj.com.br\/wp-content\/uploads\/2024\/08\/image-33-1536x1024.png 1536w, https:\/\/www.vagadeempregorj.com.br\/wp-content\/uploads\/2024\/08\/image-33-150x100.png 150w, https:\/\/www.vagadeempregorj.com.br\/wp-content\/uploads\/2024\/08\/image-33.png 1800w\" sizes=\"auto, (max-width: 1024px) 100vw, 1024px\" \/><\/figure>\n\n\n\n<p>Em tecnologia, as oportunidades s\u00e3o vastas e focam principalmente em desenvolvimento de software, arquitetura de solu\u00e7\u00f5es, e suporte de TI. A empresa est\u00e1 particularmente interessada em contratar desenvolvedores de software, com mais de 150 posi\u00e7\u00f5es abertas em diferentes n\u00edveis de experi\u00eancia. Outras vagas incluem arquitetos de software e t\u00e9cnicos em data center, fun\u00e7\u00f5es cruciais para o suporte das opera\u00e7\u00f5es digitais da Amazon e de seus servi\u00e7os em nuvem, como a Amazon Web Services (AWS).<\/p>\n\n\n\n<p>Al\u00e9m dessas \u00e1reas, a Amazon tamb\u00e9m tem vagas em marketing e suporte ao cliente, refletindo sua estrat\u00e9gia de crescimento cont\u00ednuo no mercado brasileiro. Com a expans\u00e3o de suas opera\u00e7\u00f5es, a Amazon oferece tanto vagas presenciais quanto op\u00e7\u00f5es de trabalho remoto, dependendo do cargo e da localidade.<\/p>\n\n\n\n<h2 class=\"wp-block-heading\">Como se inscrever<\/h2>\n\n\n\n<p><strong>Para se candidatar a uma das vagas oferecidas pela Amazon Brasil, o processo \u00e9 simples e pode ser realizado online. Os interessados devem acessar o <a href=\"https:\/\/www.amazon.jobs\">portal de carreiras da Amazon<\/a>, onde poder\u00e3o filtrar as vagas por \u00e1rea de interesse, cidade, e n\u00edvel de experi\u00eancia. Uma vez selecionada a vaga, basta clicar no bot\u00e3o &#8220;Candidate-se agora&#8221; para iniciar o processo de inscri\u00e7\u00e3o.<\/strong><\/p>\n\n\n\n<p>Ap\u00f3s se inscrever, os candidatos passar\u00e3o por uma s\u00e9rie de testes, que podem incluir avalia\u00e7\u00f5es de cultura organizacional e resolu\u00e7\u00e3o de problemas, dependendo do cargo. Se aprovado, o candidato ser\u00e1 contatado para as pr\u00f3ximas etapas do processo seletivo, que podem incluir entrevistas e testes t\u00e9cnicos mais aprofundados.<\/p>\n\n\n\n<p>As vagas na Amazon s\u00e3o altamente competitivas, ent\u00e3o \u00e9 recomendado que os candidatos se preparem bem para cada etapa do processo. Al\u00e9m disso, \u00e9 uma excelente oportunidade para aqueles que buscam crescimento profissional em uma das maiores empresas de tecnologia e e-commerce do mundo.<\/p>\n\n\n\n<p>Com esta expans\u00e3o, a Amazon refor\u00e7a seu compromisso com o mercado brasileiro, oferecendo oportunidades de carreira tanto para profissionais experientes quanto para aqueles que est\u00e3o iniciando sua trajet\u00f3ria no mercado de trabalho. Se voc\u00ea est\u00e1 em busca de uma nova oportunidade, a Amazon Brasil pode ser o pr\u00f3ximo passo na sua carreira.<\/p>\n\n\n\n<p><strong>Veja tamb\u00e9m: <a href=\"https:\/\/www.vagadeempregorj.com.br\/es\/magazine-luiza-abre-mais-de-100-vagas-de-emprego-pelo-pais\/\">Magazine Luiza abre mais de 100 vagas de emprego pelo pa\u00eds<\/a><\/strong><\/p>\n\n\n\n<p>24 de agosto de 2024<\/p>","protected":false},"excerpt":{"rendered":"<p>A Amazon Brasil est\u00e1 expandindo suas opera\u00e7\u00f5es e oferecendo novas oportunidades de emprego nas \u00e1reas de log\u00edstica e tecnologia. A gigante do com\u00e9rcio eletr\u00f4nico est\u00e1 buscando profissionais qualificados para integrar seu time, com vagas dispon\u00edveis em diversas cidades do pa\u00eds, incluindo S\u00e3o Paulo, Rio de Janeiro, Minas Gerais, e outros estados. As posi\u00e7\u00f5es oferecidas variam&hellip;&nbsp;<\/p>","protected":false},"author":16,"featured_media":40411,"comment_status":"closed","ping_status":"closed","sticky":false,"template":"","format":"standard","meta":{"neve_meta_sidebar":"","neve_meta_container":"","neve_meta_enable_content_width":"","neve_meta_content_width":0,"neve_meta_title_alignment":"","neve_meta_author_avatar":"","neve_post_elements_order":"","neve_meta_disable_header":"","neve_meta_disable_footer":"","neve_meta_disable_title":"","footnotes":""},"categories":[123],"tags":[],"class_list":["post-40388","post","type-post","status-publish","format-standard","has-post-thumbnail","hentry","category-vagas-de-emprego-nacionais"],"yoast_head":"<!-- This site is optimized with the Yoast SEO plugin v27.5 - https:\/\/yoast.com\/product\/yoast-seo-wordpress\/ -->\n<title>Amazon Brasil amplia equipe e oferece vagas em log\u00edstica e tecnologia -<\/title>\n<meta name=\"description\" content=\"Veja em Vagas de Emprego RJ as vagas de emprego com e sem experi\u00eancia no seu Estado e Regi\u00e3o!\" \/>\n<meta name=\"robots\" content=\"index, follow, max-snippet:-1, max-image-preview:large, max-video-preview:-1\" \/>\n<link rel=\"canonical\" href=\"https:\/\/www.vagadeempregorj.com.br\/es\/amazon-brasil-amplia-equipe-e-oferece-vagas-em-logistica-e-tecnologia\/\" \/>\n<meta property=\"og:locale\" content=\"es_MX\" \/>\n<meta property=\"og:type\" content=\"article\" \/>\n<meta property=\"og:title\" content=\"Amazon Brasil amplia equipe e oferece vagas em log\u00edstica e tecnologia -\" \/>\n<meta property=\"og:description\" content=\"Veja em Vagas de Emprego RJ as vagas de emprego com e sem experi\u00eancia no seu Estado e Regi\u00e3o!\" \/>\n<meta property=\"og:url\" content=\"https:\/\/www.vagadeempregorj.com.br\/es\/amazon-brasil-amplia-equipe-e-oferece-vagas-em-logistica-e-tecnologia\/\" \/>\n<meta property=\"article:publisher\" content=\"https:\/\/www.facebook.com\/empregobrasiloficial\" \/>\n<meta property=\"article:published_time\" content=\"2024-08-24T10:00:00+00:00\" \/>\n<meta property=\"og:image\" content=\"https:\/\/www.vagadeempregorj.com.br\/wp-content\/uploads\/2024\/08\/image-33.png\" \/>\n\t<meta property=\"og:image:width\" content=\"1800\" \/>\n\t<meta property=\"og:image:height\" content=\"1200\" \/>\n\t<meta property=\"og:image:type\" content=\"image\/png\" \/>\n<meta name=\"author\" content=\"Michele\" \/>\n<meta name=\"twitter:card\" content=\"summary_large_image\" \/>\n<meta name=\"twitter:label1\" content=\"Written by\" \/>\n\t<meta name=\"twitter:data1\" content=\"Michele\" \/>\n\t<meta name=\"twitter:label2\" content=\"Est. reading time\" \/>\n\t<meta name=\"twitter:data2\" content=\"3 minutos\" \/>\n<script type=\"application\/ld+json\" class=\"yoast-schema-graph\">{\"@context\":\"https:\\\/\\\/schema.org\",\"@graph\":[{\"@type\":\"Article\",\"@id\":\"https:\\\/\\\/www.vagadeempregorj.com.br\\\/amazon-brasil-amplia-equipe-e-oferece-vagas-em-logistica-e-tecnologia\\\/#article\",\"isPartOf\":{\"@id\":\"https:\\\/\\\/www.vagadeempregorj.com.br\\\/amazon-brasil-amplia-equipe-e-oferece-vagas-em-logistica-e-tecnologia\\\/\"},\"author\":{\"name\":\"Michele\",\"@id\":\"https:\\\/\\\/www.vagadeempregorj.com.br\\\/#\\\/schema\\\/person\\\/3ddb19fa0539706786e502152f3aae95\"},\"headline\":\"Amazon Brasil amplia equipe e oferece vagas em log\u00edstica e tecnologia\",\"datePublished\":\"2024-08-24T10:00:00+00:00\",\"mainEntityOfPage\":{\"@id\":\"https:\\\/\\\/www.vagadeempregorj.com.br\\\/amazon-brasil-amplia-equipe-e-oferece-vagas-em-logistica-e-tecnologia\\\/\"},\"wordCount\":565,\"image\":{\"@id\":\"https:\\\/\\\/www.vagadeempregorj.com.br\\\/amazon-brasil-amplia-equipe-e-oferece-vagas-em-logistica-e-tecnologia\\\/#primaryimage\"},\"thumbnailUrl\":\"https:\\\/\\\/www.vagadeempregorj.com.br\\\/wp-content\\\/uploads\\\/2024\\\/08\\\/image-33.png\",\"articleSection\":[\"Vagas de Emprego Nacionais\"],\"inLanguage\":\"es\"},{\"@type\":\"WebPage\",\"@id\":\"https:\\\/\\\/www.vagadeempregorj.com.br\\\/amazon-brasil-amplia-equipe-e-oferece-vagas-em-logistica-e-tecnologia\\\/\",\"url\":\"https:\\\/\\\/www.vagadeempregorj.com.br\\\/amazon-brasil-amplia-equipe-e-oferece-vagas-em-logistica-e-tecnologia\\\/\",\"name\":\"Amazon Brasil amplia equipe e oferece vagas em log\u00edstica e tecnologia -\",\"isPartOf\":{\"@id\":\"https:\\\/\\\/www.vagadeempregorj.com.br\\\/#website\"},\"primaryImageOfPage\":{\"@id\":\"https:\\\/\\\/www.vagadeempregorj.com.br\\\/amazon-brasil-amplia-equipe-e-oferece-vagas-em-logistica-e-tecnologia\\\/#primaryimage\"},\"image\":{\"@id\":\"https:\\\/\\\/www.vagadeempregorj.com.br\\\/amazon-brasil-amplia-equipe-e-oferece-vagas-em-logistica-e-tecnologia\\\/#primaryimage\"},\"thumbnailUrl\":\"https:\\\/\\\/www.vagadeempregorj.com.br\\\/wp-content\\\/uploads\\\/2024\\\/08\\\/image-33.png\",\"datePublished\":\"2024-08-24T10:00:00+00:00\",\"author\":{\"@id\":\"https:\\\/\\\/www.vagadeempregorj.com.br\\\/#\\\/schema\\\/person\\\/3ddb19fa0539706786e502152f3aae95\"},\"description\":\"Veja em Vagas de Emprego RJ as vagas de emprego com e sem experi\u00eancia no seu Estado e Regi\u00e3o!\",\"breadcrumb\":{\"@id\":\"https:\\\/\\\/www.vagadeempregorj.com.br\\\/amazon-brasil-amplia-equipe-e-oferece-vagas-em-logistica-e-tecnologia\\\/#breadcrumb\"},\"inLanguage\":\"es\",\"potentialAction\":[{\"@type\":\"ReadAction\",\"target\":[\"https:\\\/\\\/www.vagadeempregorj.com.br\\\/amazon-brasil-amplia-equipe-e-oferece-vagas-em-logistica-e-tecnologia\\\/\"]}]},{\"@type\":\"ImageObject\",\"inLanguage\":\"es\",\"@id\":\"https:\\\/\\\/www.vagadeempregorj.com.br\\\/amazon-brasil-amplia-equipe-e-oferece-vagas-em-logistica-e-tecnologia\\\/#primaryimage\",\"url\":\"https:\\\/\\\/www.vagadeempregorj.com.br\\\/wp-content\\\/uploads\\\/2024\\\/08\\\/image-33.png\",\"contentUrl\":\"https:\\\/\\\/www.vagadeempregorj.com.br\\\/wp-content\\\/uploads\\\/2024\\\/08\\\/image-33.png\",\"width\":1800,\"height\":1200},{\"@type\":\"BreadcrumbList\",\"@id\":\"https:\\\/\\\/www.vagadeempregorj.com.br\\\/amazon-brasil-amplia-equipe-e-oferece-vagas-em-logistica-e-tecnologia\\\/#breadcrumb\",\"itemListElement\":[{\"@type\":\"ListItem\",\"position\":1,\"name\":\"In\u00edcio\",\"item\":\"https:\\\/\\\/www.vagadeempregorj.com.br\\\/\"},{\"@type\":\"ListItem\",\"position\":2,\"name\":\"Vagas de Emprego Nacionais\",\"item\":\"https:\\\/\\\/www.vagadeempregorj.com.br\\\/vagas-de-emprego-nacionais\\\/\"},{\"@type\":\"ListItem\",\"position\":3,\"name\":\"Amazon Brasil amplia equipe e oferece vagas em log\u00edstica e tecnologia\"}]},{\"@type\":\"WebSite\",\"@id\":\"https:\\\/\\\/www.vagadeempregorj.com.br\\\/#website\",\"url\":\"https:\\\/\\\/www.vagadeempregorj.com.br\\\/\",\"name\":\"\",\"description\":\"Conquiste Sonhos: Vagas, Benef\u00edcios e Economia para Transformar Vidas e Alcan\u00e7ar Melhorias Cotidianas\",\"potentialAction\":[{\"@type\":\"SearchAction\",\"target\":{\"@type\":\"EntryPoint\",\"urlTemplate\":\"https:\\\/\\\/www.vagadeempregorj.com.br\\\/?s={search_term_string}\"},\"query-input\":{\"@type\":\"PropertyValueSpecification\",\"valueRequired\":true,\"valueName\":\"search_term_string\"}}],\"inLanguage\":\"es\"},{\"@type\":\"Person\",\"@id\":\"https:\\\/\\\/www.vagadeempregorj.com.br\\\/#\\\/schema\\\/person\\\/3ddb19fa0539706786e502152f3aae95\",\"name\":\"Michele\",\"image\":{\"@type\":\"ImageObject\",\"inLanguage\":\"es\",\"@id\":\"https:\\\/\\\/secure.gravatar.com\\\/avatar\\\/6b0eb9d22841282815e2cd856a0061c45e1761cd54b22e952d98c4746939aa85?s=96&r=g\",\"url\":\"https:\\\/\\\/secure.gravatar.com\\\/avatar\\\/6b0eb9d22841282815e2cd856a0061c45e1761cd54b22e952d98c4746939aa85?s=96&r=g\",\"contentUrl\":\"https:\\\/\\\/secure.gravatar.com\\\/avatar\\\/6b0eb9d22841282815e2cd856a0061c45e1761cd54b22e952d98c4746939aa85?s=96&r=g\",\"caption\":\"Michele\"},\"description\":\"Formada em Letras - Portugu\u00eas\\\/ Ingl\u00eas, e idealizadora do site Escritora de Sucesso, busca expandir o conhecimento de todos com informa\u00e7\u00f5es relevantes sobre diversos assuntos, enquanto redatora. No Vaga de Emprego RJ, traz oportunidades e dicas sobre o mercado de trabalho.\",\"url\":\"https:\\\/\\\/www.vagadeempregorj.com.br\\\/es\\\/author\\\/michele\\\/\"}]}<\/script>\n<!-- \/ Yoast SEO plugin. -->","yoast_head_json":{"title":"Amazon Brasil amplia equipe e oferece vagas em log\u00edstica e tecnologia -","description":"Veja em Vagas de Emprego RJ as vagas de emprego com e sem experi\u00eancia no seu Estado e Regi\u00e3o!","robots":{"index":"index","follow":"follow","max-snippet":"max-snippet:-1","max-image-preview":"max-image-preview:large","max-video-preview":"max-video-preview:-1"},"canonical":"https:\/\/www.vagadeempregorj.com.br\/es\/amazon-brasil-amplia-equipe-e-oferece-vagas-em-logistica-e-tecnologia\/","og_locale":"es_MX","og_type":"article","og_title":"Amazon Brasil amplia equipe e oferece vagas em log\u00edstica e tecnologia -","og_description":"Veja em Vagas de Emprego RJ as vagas de emprego com e sem experi\u00eancia no seu Estado e Regi\u00e3o!","og_url":"https:\/\/www.vagadeempregorj.com.br\/es\/amazon-brasil-amplia-equipe-e-oferece-vagas-em-logistica-e-tecnologia\/","article_publisher":"https:\/\/www.facebook.com\/empregobrasiloficial","article_published_time":"2024-08-24T10:00:00+00:00","og_image":[{"width":1800,"height":1200,"url":"https:\/\/www.vagadeempregorj.com.br\/wp-content\/uploads\/2024\/08\/image-33.png","type":"image\/png"}],"author":"Michele","twitter_card":"summary_large_image","twitter_misc":{"Written by":"Michele","Est. reading time":"3 minutos"},"schema":{"@context":"https:\/\/schema.org","@graph":[{"@type":"Article","@id":"https:\/\/www.vagadeempregorj.com.br\/amazon-brasil-amplia-equipe-e-oferece-vagas-em-logistica-e-tecnologia\/#article","isPartOf":{"@id":"https:\/\/www.vagadeempregorj.com.br\/amazon-brasil-amplia-equipe-e-oferece-vagas-em-logistica-e-tecnologia\/"},"author":{"name":"Michele","@id":"https:\/\/www.vagadeempregorj.com.br\/#\/schema\/person\/3ddb19fa0539706786e502152f3aae95"},"headline":"Amazon Brasil amplia equipe e oferece vagas em log\u00edstica e tecnologia","datePublished":"2024-08-24T10:00:00+00:00","mainEntityOfPage":{"@id":"https:\/\/www.vagadeempregorj.com.br\/amazon-brasil-amplia-equipe-e-oferece-vagas-em-logistica-e-tecnologia\/"},"wordCount":565,"image":{"@id":"https:\/\/www.vagadeempregorj.com.br\/amazon-brasil-amplia-equipe-e-oferece-vagas-em-logistica-e-tecnologia\/#primaryimage"},"thumbnailUrl":"https:\/\/www.vagadeempregorj.com.br\/wp-content\/uploads\/2024\/08\/image-33.png","articleSection":["Vagas de Emprego Nacionais"],"inLanguage":"es"},{"@type":"WebPage","@id":"https:\/\/www.vagadeempregorj.com.br\/amazon-brasil-amplia-equipe-e-oferece-vagas-em-logistica-e-tecnologia\/","url":"https:\/\/www.vagadeempregorj.com.br\/amazon-brasil-amplia-equipe-e-oferece-vagas-em-logistica-e-tecnologia\/","name":"Amazon Brasil amplia equipe e oferece vagas em log\u00edstica e tecnologia -","isPartOf":{"@id":"https:\/\/www.vagadeempregorj.com.br\/#website"},"primaryImageOfPage":{"@id":"https:\/\/www.vagadeempregorj.com.br\/amazon-brasil-amplia-equipe-e-oferece-vagas-em-logistica-e-tecnologia\/#primaryimage"},"image":{"@id":"https:\/\/www.vagadeempregorj.com.br\/amazon-brasil-amplia-equipe-e-oferece-vagas-em-logistica-e-tecnologia\/#primaryimage"},"thumbnailUrl":"https:\/\/www.vagadeempregorj.com.br\/wp-content\/uploads\/2024\/08\/image-33.png","datePublished":"2024-08-24T10:00:00+00:00","author":{"@id":"https:\/\/www.vagadeempregorj.com.br\/#\/schema\/person\/3ddb19fa0539706786e502152f3aae95"},"description":"Veja em Vagas de Emprego RJ as vagas de emprego com e sem experi\u00eancia no seu Estado e Regi\u00e3o!","breadcrumb":{"@id":"https:\/\/www.vagadeempregorj.com.br\/amazon-brasil-amplia-equipe-e-oferece-vagas-em-logistica-e-tecnologia\/#breadcrumb"},"inLanguage":"es","potentialAction":[{"@type":"ReadAction","target":["https:\/\/www.vagadeempregorj.com.br\/amazon-brasil-amplia-equipe-e-oferece-vagas-em-logistica-e-tecnologia\/"]}]},{"@type":"ImageObject","inLanguage":"es","@id":"https:\/\/www.vagadeempregorj.com.br\/amazon-brasil-amplia-equipe-e-oferece-vagas-em-logistica-e-tecnologia\/#primaryimage","url":"https:\/\/www.vagadeempregorj.com.br\/wp-content\/uploads\/2024\/08\/image-33.png","contentUrl":"https:\/\/www.vagadeempregorj.com.br\/wp-content\/uploads\/2024\/08\/image-33.png","width":1800,"height":1200},{"@type":"BreadcrumbList","@id":"https:\/\/www.vagadeempregorj.com.br\/amazon-brasil-amplia-equipe-e-oferece-vagas-em-logistica-e-tecnologia\/#breadcrumb","itemListElement":[{"@type":"ListItem","position":1,"name":"In\u00edcio","item":"https:\/\/www.vagadeempregorj.com.br\/"},{"@type":"ListItem","position":2,"name":"Vagas de Emprego Nacionais","item":"https:\/\/www.vagadeempregorj.com.br\/vagas-de-emprego-nacionais\/"},{"@type":"ListItem","position":3,"name":"Amazon Brasil amplia equipe e oferece vagas em log\u00edstica e tecnologia"}]},{"@type":"WebSite","@id":"https:\/\/www.vagadeempregorj.com.br\/#website","url":"https:\/\/www.vagadeempregorj.com.br\/","name":"","description":"Conquiste Sonhos: Vagas, Benef\u00edcios e Economia para Transformar Vidas e Alcan\u00e7ar Melhorias Cotidianas","potentialAction":[{"@type":"SearchAction","target":{"@type":"EntryPoint","urlTemplate":"https:\/\/www.vagadeempregorj.com.br\/?s={search_term_string}"},"query-input":{"@type":"PropertyValueSpecification","valueRequired":true,"valueName":"search_term_string"}}],"inLanguage":"es"},{"@type":"Person","@id":"https:\/\/www.vagadeempregorj.com.br\/#\/schema\/person\/3ddb19fa0539706786e502152f3aae95","name":"Michele","image":{"@type":"ImageObject","inLanguage":"es","@id":"https:\/\/secure.gravatar.com\/avatar\/6b0eb9d22841282815e2cd856a0061c45e1761cd54b22e952d98c4746939aa85?s=96&r=g","url":"https:\/\/secure.gravatar.com\/avatar\/6b0eb9d22841282815e2cd856a0061c45e1761cd54b22e952d98c4746939aa85?s=96&r=g","contentUrl":"https:\/\/secure.gravatar.com\/avatar\/6b0eb9d22841282815e2cd856a0061c45e1761cd54b22e952d98c4746939aa85?s=96&r=g","caption":"Michele"},"description":"Formada em Letras - Portugu\u00eas\/ Ingl\u00eas, e idealizadora do site Escritora de Sucesso, busca expandir o conhecimento de todos com informa\u00e7\u00f5es relevantes sobre diversos assuntos, enquanto redatora. No Vaga de Emprego RJ, traz oportunidades e dicas sobre o mercado de trabalho.","url":"https:\/\/www.vagadeempregorj.com.br\/es\/author\/michele\/"}]}},"_links":{"self":[{"href":"https:\/\/www.vagadeempregorj.com.br\/es\/wp-json\/wp\/v2\/posts\/40388","targetHints":{"allow":["GET"]}}],"collection":[{"href":"https:\/\/www.vagadeempregorj.com.br\/es\/wp-json\/wp\/v2\/posts"}],"about":[{"href":"https:\/\/www.vagadeempregorj.com.br\/es\/wp-json\/wp\/v2\/types\/post"}],"author":[{"embeddable":true,"href":"https:\/\/www.vagadeempregorj.com.br\/es\/wp-json\/wp\/v2\/users\/16"}],"replies":[{"embeddable":true,"href":"https:\/\/www.vagadeempregorj.com.br\/es\/wp-json\/wp\/v2\/comments?post=40388"}],"version-history":[{"count":0,"href":"https:\/\/www.vagadeempregorj.com.br\/es\/wp-json\/wp\/v2\/posts\/40388\/revisions"}],"wp:featuredmedia":[{"embeddable":true,"href":"https:\/\/www.vagadeempregorj.com.br\/es\/wp-json\/wp\/v2\/media\/40411"}],"wp:attachment":[{"href":"https:\/\/www.vagadeempregorj.com.br\/es\/wp-json\/wp\/v2\/media?parent=40388"}],"wp:term":[{"taxonomy":"category","embeddable":true,"href":"https:\/\/www.vagadeempregorj.com.br\/es\/wp-json\/wp\/v2\/categories?post=40388"},{"taxonomy":"post_tag","embeddable":true,"href":"https:\/\/www.vagadeempregorj.com.br\/es\/wp-json\/wp\/v2\/tags?post=40388"}],"curies":[{"name":"wp","href":"https:\/\/api.w.org\/{rel}","templated":true}]}}