{"id":40402,"date":"2024-08-31T07:00:00","date_gmt":"2024-08-31T10:00:00","guid":{"rendered":"https:\/\/www.vagadeempregorj.com.br\/?p=40402"},"modified":"2024-08-21T10:17:20","modified_gmt":"2024-08-21T13:17:20","slug":"carrefour-contrata-para-vagas-em-atendimento-e-gestao-de-lojas","status":"publish","type":"post","link":"https:\/\/www.vagadeempregorj.com.br\/es\/carrefour-contrata-para-vagas-em-atendimento-e-gestao-de-lojas\/","title":{"rendered":"Carrefour contrata para vagas em atendimento e gest\u00e3o de lojas"},"content":{"rendered":"<p>O <strong>Carrefour<\/strong>, um dos maiores grupos de varejo do mundo, est\u00e1 expandindo suas opera\u00e7\u00f5es e criando novas oportunidades de emprego em diversas \u00e1reas de atendimento e gest\u00e3o de lojas. Com uma forte presen\u00e7a no Brasil, o Carrefour busca profissionais dedicados e qualificados para integrar suas equipes e contribuir para a excel\u00eancia no atendimento ao cliente e na gest\u00e3o de suas unidades de varejo. Se voc\u00ea est\u00e1 interessado em uma carreira din\u00e2mica em um ambiente de varejo, esta \u00e9 uma \u00f3tima oportunidade para voc\u00ea.<\/p>\n\n\n\n<h2 class=\"wp-block-heading\">Oportunidades Dispon\u00edveis<\/h2>\n\n\n\n<p>O Carrefour est\u00e1 oferecendo vagas em duas \u00e1reas principais: atendimento ao cliente e gest\u00e3o de lojas. Essas posi\u00e7\u00f5es s\u00e3o essenciais para garantir a satisfa\u00e7\u00e3o dos clientes e a efici\u00eancia operacional das lojas.<\/p>\n\n\n\n<figure class=\"wp-block-image size-full\"><img loading=\"lazy\" decoding=\"async\" width=\"984\" height=\"657\" src=\"https:\/\/www.vagadeempregorj.com.br\/wp-content\/uploads\/2024\/08\/image-40.png\" alt=\"\" class=\"wp-image-40425\" srcset=\"https:\/\/www.vagadeempregorj.com.br\/wp-content\/uploads\/2024\/08\/image-40.png 984w, https:\/\/www.vagadeempregorj.com.br\/wp-content\/uploads\/2024\/08\/image-40-300x200.png 300w, https:\/\/www.vagadeempregorj.com.br\/wp-content\/uploads\/2024\/08\/image-40-768x513.png 768w, https:\/\/www.vagadeempregorj.com.br\/wp-content\/uploads\/2024\/08\/image-40-150x100.png 150w\" sizes=\"auto, (max-width: 984px) 100vw, 984px\" \/><\/figure>\n\n\n\n<h3 class=\"wp-block-heading\">Atendimento ao Cliente<\/h3>\n\n\n\n<p>Na \u00e1rea de atendimento ao cliente, o Carrefour est\u00e1 recrutando para posi\u00e7\u00f5es de atendentes e coordenadores de atendimento. Os atendentes s\u00e3o respons\u00e1veis por oferecer um atendimento de alta qualidade, ajudando os clientes com suas necessidades, respondendo perguntas e resolvendo problemas. J\u00e1 os coordenadores de atendimento supervisam as equipes de atendimento, garantem que os padr\u00f5es de servi\u00e7o sejam cumpridos e desenvolvem estrat\u00e9gias para melhorar a experi\u00eancia do cliente.<\/p>\n\n\n\n<p>Para se candidatar a essas vagas, \u00e9 necess\u00e1rio ter experi\u00eancia pr\u00e9via em atendimento ao cliente e habilidades de comunica\u00e7\u00e3o excepcionais. A capacidade de lidar com situa\u00e7\u00f5es desafiadoras e de manter um alto n\u00edvel de profissionalismo s\u00e3o fundamentais para o sucesso nessa fun\u00e7\u00e3o.<\/p>\n\n\n\n<h3 class=\"wp-block-heading\">Gest\u00e3o de Lojas<\/h3>\n\n\n\n<p>Na \u00e1rea de gest\u00e3o de lojas, o Carrefour est\u00e1 contratando gerentes e assistentes de loja. Os gerentes de loja s\u00e3o respons\u00e1veis por supervisionar as opera\u00e7\u00f5es di\u00e1rias da loja, gerenciar equipes, garantir a conformidade com as pol\u00edticas da empresa e implementar estrat\u00e9gias para maximizar as vendas e a satisfa\u00e7\u00e3o do cliente. Os assistentes de loja apoiam os gerentes em suas fun\u00e7\u00f5es e ajudam a manter a loja organizada e eficiente.<\/p>\n\n\n\n<p>Profissionais interessados em vagas na gest\u00e3o de lojas devem ter experi\u00eancia em supervis\u00e3o e gest\u00e3o, com habilidades de lideran\u00e7a e capacidade de tomar decis\u00f5es estrat\u00e9gicas. Conhecimento em opera\u00e7\u00f5es de varejo e habilidades de resolu\u00e7\u00e3o de problemas s\u00e3o altamente valorizados.<\/p>\n\n\n\n<h2 class=\"wp-block-heading\">Como se Inscrever<\/h2>\n\n\n\n<p>Para se candidatar a uma vaga no Carrefour, siga estas etapas para garantir que sua inscri\u00e7\u00e3o seja completa e destaque suas qualifica\u00e7\u00f5es.<\/p>\n\n\n\n<p>Comece pesquisando sobre as vagas dispon\u00edveis e identificando a que melhor se alinha com suas habilidades e interesses. Visite o site de carreiras do Carrefour para obter informa\u00e7\u00f5es detalhadas sobre cada posi\u00e7\u00e3o e os requisitos necess\u00e1rios. Prepare um curr\u00edculo atualizado e uma carta de apresenta\u00e7\u00e3o personalizada que destaque suas qualifica\u00e7\u00f5es e experi\u00eancias nas \u00e1reas de atendimento e gest\u00e3o de lojas.<\/p>\n\n\n\n<p><strong>Acesse o site de carreiras do Carrefour para visualizar as oportunidades dispon\u00edveis. Utilize os filtros de busca para encontrar as vagas relacionadas a atendimento ao cliente e gest\u00e3o de lojas. O link para a p\u00e1gina de carreiras \u00e9: <a>Carreiras Carrefour<\/a>.<\/strong><\/p>\n\n\n\n<p>Ap\u00f3s encontrar a vaga que corresponde ao seu perfil, clique nela para ver os detalhes e o formul\u00e1rio de inscri\u00e7\u00e3o. Complete todos os campos obrigat\u00f3rios, incluindo informa\u00e7\u00f5es pessoais, experi\u00eancia profissional e forma\u00e7\u00e3o acad\u00eamica. \u00c9 importante destacar suas habilidades e experi\u00eancias relevantes para a vaga desejada, fornecendo exemplos espec\u00edficos de suas realiza\u00e7\u00f5es anteriores.<\/p>\n\n\n\n<p>Anexe seu curr\u00edculo e carta de apresenta\u00e7\u00e3o conforme as instru\u00e7\u00f5es fornecidas no formul\u00e1rio de inscri\u00e7\u00e3o. Assegure-se de que esses documentos estejam bem elaborados e adaptados para a vaga espec\u00edfica. A carta de apresenta\u00e7\u00e3o deve refletir seu entusiasmo pela posi\u00e7\u00e3o e como suas habilidades atendem \u00e0s necessidades do Carrefour.<\/p>\n\n\n\n<p>Antes de enviar sua inscri\u00e7\u00e3o, revise todos os detalhes para garantir que todas as informa\u00e7\u00f5es estejam corretas e que os documentos estejam corretamente anexados. Ap\u00f3s a revis\u00e3o, envie sua inscri\u00e7\u00e3o e aguarde a confirma\u00e7\u00e3o de recebimento.<\/p>\n\n\n\n<p>Ap\u00f3s a submiss\u00e3o, \u00e9 recomend\u00e1vel acompanhar o status da sua candidatura. O Carrefour pode entrar em contato para agendar entrevistas ou solicitar informa\u00e7\u00f5es adicionais. Prepare-se para entrevistas t\u00e9cnicas e comportamentais, e esteja pronto para discutir suas experi\u00eancias anteriores e suas qualifica\u00e7\u00f5es nas \u00e1reas de atendimento e gest\u00e3o de lojas.<\/p>\n\n\n\n<h2 class=\"wp-block-heading\">Perspectivas de Carreira<\/h2>\n\n\n\n<p>Trabalhar no Carrefour oferece uma oportunidade de se envolver em um ambiente de varejo din\u00e2mico e de contribuir para a experi\u00eancia de compra de milh\u00f5es de clientes. Se voc\u00ea possui a experi\u00eancia necess\u00e1ria e est\u00e1 pronto para enfrentar novos desafios, esta \u00e9 uma excelente oportunidade para avan\u00e7ar em sua carreira.<\/p>\n\n\n\n<p>Aproveite essa chance de se juntar a uma das maiores redes de varejo do mundo e fazer parte de uma equipe comprometida com a excel\u00eancia no atendimento e na gest\u00e3o de lojas. <\/p>\n\n\n\n<p><strong>Veja tamb\u00e9m: <a href=\"https:\/\/www.vagadeempregorj.com.br\/es\/magazine-luiza-abre-mais-de-100-vagas-de-emprego-pelo-pais\/\">Magazine Luiza abre mais de 100 vagas de emprego pelo pa\u00eds<\/a><\/strong><\/p>\n\n\n\n<p>31 de agosto de 2024<\/p>","protected":false},"excerpt":{"rendered":"<p>O Carrefour, um dos maiores grupos de varejo do mundo, est\u00e1 expandindo suas opera\u00e7\u00f5es e criando novas oportunidades de emprego em diversas \u00e1reas de atendimento e gest\u00e3o de lojas. Com uma forte presen\u00e7a no Brasil, o Carrefour busca profissionais dedicados e qualificados para integrar suas equipes e contribuir para a excel\u00eancia no atendimento ao cliente&hellip;&nbsp;<\/p>","protected":false},"author":16,"featured_media":40425,"comment_status":"closed","ping_status":"closed","sticky":false,"template":"","format":"standard","meta":{"neve_meta_sidebar":"","neve_meta_container":"","neve_meta_enable_content_width":"","neve_meta_content_width":0,"neve_meta_title_alignment":"","neve_meta_author_avatar":"","neve_post_elements_order":"","neve_meta_disable_header":"","neve_meta_disable_footer":"","neve_meta_disable_title":"","footnotes":""},"categories":[123],"tags":[],"class_list":["post-40402","post","type-post","status-publish","format-standard","has-post-thumbnail","hentry","category-vagas-de-emprego-nacionais"],"yoast_head":"<!-- This site is optimized with the Yoast SEO plugin v27.5 - https:\/\/yoast.com\/product\/yoast-seo-wordpress\/ -->\n<title>Carrefour contrata para vagas em atendimento e gest\u00e3o de lojas -<\/title>\n<meta name=\"description\" content=\"Veja em Vagas de Emprego RJ as vagas de emprego com e sem experi\u00eancia no seu Estado e Regi\u00e3o!\" \/>\n<meta name=\"robots\" content=\"index, follow, max-snippet:-1, max-image-preview:large, max-video-preview:-1\" \/>\n<link rel=\"canonical\" href=\"https:\/\/www.vagadeempregorj.com.br\/es\/carrefour-contrata-para-vagas-em-atendimento-e-gestao-de-lojas\/\" \/>\n<meta property=\"og:locale\" content=\"es_MX\" \/>\n<meta property=\"og:type\" content=\"article\" \/>\n<meta property=\"og:title\" content=\"Carrefour contrata para vagas em atendimento e gest\u00e3o de lojas -\" \/>\n<meta property=\"og:description\" content=\"Veja em Vagas de Emprego RJ as vagas de emprego com e sem experi\u00eancia no seu Estado e Regi\u00e3o!\" \/>\n<meta property=\"og:url\" content=\"https:\/\/www.vagadeempregorj.com.br\/es\/carrefour-contrata-para-vagas-em-atendimento-e-gestao-de-lojas\/\" \/>\n<meta property=\"article:publisher\" content=\"https:\/\/www.facebook.com\/empregobrasiloficial\" \/>\n<meta property=\"article:published_time\" content=\"2024-08-31T10:00:00+00:00\" \/>\n<meta property=\"og:image\" content=\"https:\/\/www.vagadeempregorj.com.br\/wp-content\/uploads\/2024\/08\/image-40.png\" \/>\n\t<meta property=\"og:image:width\" content=\"984\" \/>\n\t<meta property=\"og:image:height\" content=\"657\" \/>\n\t<meta property=\"og:image:type\" content=\"image\/png\" \/>\n<meta name=\"author\" content=\"Michele\" \/>\n<meta name=\"twitter:card\" content=\"summary_large_image\" \/>\n<meta name=\"twitter:label1\" content=\"Escrito por\" \/>\n\t<meta name=\"twitter:data1\" content=\"Michele\" \/>\n\t<meta name=\"twitter:label2\" content=\"Tiempo de lectura\" \/>\n\t<meta name=\"twitter:data2\" content=\"4 minutos\" \/>\n<script type=\"application\/ld+json\" class=\"yoast-schema-graph\">{\"@context\":\"https:\\\/\\\/schema.org\",\"@graph\":[{\"@type\":\"Article\",\"@id\":\"https:\\\/\\\/www.vagadeempregorj.com.br\\\/carrefour-contrata-para-vagas-em-atendimento-e-gestao-de-lojas\\\/#article\",\"isPartOf\":{\"@id\":\"https:\\\/\\\/www.vagadeempregorj.com.br\\\/carrefour-contrata-para-vagas-em-atendimento-e-gestao-de-lojas\\\/\"},\"author\":{\"name\":\"Michele\",\"@id\":\"https:\\\/\\\/www.vagadeempregorj.com.br\\\/#\\\/schema\\\/person\\\/3ddb19fa0539706786e502152f3aae95\"},\"headline\":\"Carrefour contrata para vagas em atendimento e gest\u00e3o de lojas\",\"datePublished\":\"2024-08-31T10:00:00+00:00\",\"mainEntityOfPage\":{\"@id\":\"https:\\\/\\\/www.vagadeempregorj.com.br\\\/carrefour-contrata-para-vagas-em-atendimento-e-gestao-de-lojas\\\/\"},\"wordCount\":859,\"image\":{\"@id\":\"https:\\\/\\\/www.vagadeempregorj.com.br\\\/carrefour-contrata-para-vagas-em-atendimento-e-gestao-de-lojas\\\/#primaryimage\"},\"thumbnailUrl\":\"https:\\\/\\\/www.vagadeempregorj.com.br\\\/wp-content\\\/uploads\\\/2024\\\/08\\\/image-40.png\",\"articleSection\":[\"Vagas de Emprego Nacionais\"],\"inLanguage\":\"es\"},{\"@type\":\"WebPage\",\"@id\":\"https:\\\/\\\/www.vagadeempregorj.com.br\\\/carrefour-contrata-para-vagas-em-atendimento-e-gestao-de-lojas\\\/\",\"url\":\"https:\\\/\\\/www.vagadeempregorj.com.br\\\/carrefour-contrata-para-vagas-em-atendimento-e-gestao-de-lojas\\\/\",\"name\":\"Carrefour contrata para vagas em atendimento e gest\u00e3o de lojas -\",\"isPartOf\":{\"@id\":\"https:\\\/\\\/www.vagadeempregorj.com.br\\\/#website\"},\"primaryImageOfPage\":{\"@id\":\"https:\\\/\\\/www.vagadeempregorj.com.br\\\/carrefour-contrata-para-vagas-em-atendimento-e-gestao-de-lojas\\\/#primaryimage\"},\"image\":{\"@id\":\"https:\\\/\\\/www.vagadeempregorj.com.br\\\/carrefour-contrata-para-vagas-em-atendimento-e-gestao-de-lojas\\\/#primaryimage\"},\"thumbnailUrl\":\"https:\\\/\\\/www.vagadeempregorj.com.br\\\/wp-content\\\/uploads\\\/2024\\\/08\\\/image-40.png\",\"datePublished\":\"2024-08-31T10:00:00+00:00\",\"author\":{\"@id\":\"https:\\\/\\\/www.vagadeempregorj.com.br\\\/#\\\/schema\\\/person\\\/3ddb19fa0539706786e502152f3aae95\"},\"description\":\"Veja em Vagas de Emprego RJ as vagas de emprego com e sem experi\u00eancia no seu Estado e Regi\u00e3o!\",\"breadcrumb\":{\"@id\":\"https:\\\/\\\/www.vagadeempregorj.com.br\\\/carrefour-contrata-para-vagas-em-atendimento-e-gestao-de-lojas\\\/#breadcrumb\"},\"inLanguage\":\"es\",\"potentialAction\":[{\"@type\":\"ReadAction\",\"target\":[\"https:\\\/\\\/www.vagadeempregorj.com.br\\\/carrefour-contrata-para-vagas-em-atendimento-e-gestao-de-lojas\\\/\"]}]},{\"@type\":\"ImageObject\",\"inLanguage\":\"es\",\"@id\":\"https:\\\/\\\/www.vagadeempregorj.com.br\\\/carrefour-contrata-para-vagas-em-atendimento-e-gestao-de-lojas\\\/#primaryimage\",\"url\":\"https:\\\/\\\/www.vagadeempregorj.com.br\\\/wp-content\\\/uploads\\\/2024\\\/08\\\/image-40.png\",\"contentUrl\":\"https:\\\/\\\/www.vagadeempregorj.com.br\\\/wp-content\\\/uploads\\\/2024\\\/08\\\/image-40.png\",\"width\":984,\"height\":657},{\"@type\":\"BreadcrumbList\",\"@id\":\"https:\\\/\\\/www.vagadeempregorj.com.br\\\/carrefour-contrata-para-vagas-em-atendimento-e-gestao-de-lojas\\\/#breadcrumb\",\"itemListElement\":[{\"@type\":\"ListItem\",\"position\":1,\"name\":\"In\u00edcio\",\"item\":\"https:\\\/\\\/www.vagadeempregorj.com.br\\\/\"},{\"@type\":\"ListItem\",\"position\":2,\"name\":\"Vagas de Emprego Nacionais\",\"item\":\"https:\\\/\\\/www.vagadeempregorj.com.br\\\/vagas-de-emprego-nacionais\\\/\"},{\"@type\":\"ListItem\",\"position\":3,\"name\":\"Carrefour contrata para vagas em atendimento e gest\u00e3o de lojas\"}]},{\"@type\":\"WebSite\",\"@id\":\"https:\\\/\\\/www.vagadeempregorj.com.br\\\/#website\",\"url\":\"https:\\\/\\\/www.vagadeempregorj.com.br\\\/\",\"name\":\"\",\"description\":\"Conquiste Sonhos: Vagas, Benef\u00edcios e Economia para Transformar Vidas e Alcan\u00e7ar Melhorias Cotidianas\",\"potentialAction\":[{\"@type\":\"SearchAction\",\"target\":{\"@type\":\"EntryPoint\",\"urlTemplate\":\"https:\\\/\\\/www.vagadeempregorj.com.br\\\/?s={search_term_string}\"},\"query-input\":{\"@type\":\"PropertyValueSpecification\",\"valueRequired\":true,\"valueName\":\"search_term_string\"}}],\"inLanguage\":\"es\"},{\"@type\":\"Person\",\"@id\":\"https:\\\/\\\/www.vagadeempregorj.com.br\\\/#\\\/schema\\\/person\\\/3ddb19fa0539706786e502152f3aae95\",\"name\":\"Michele\",\"image\":{\"@type\":\"ImageObject\",\"inLanguage\":\"es\",\"@id\":\"https:\\\/\\\/secure.gravatar.com\\\/avatar\\\/6b0eb9d22841282815e2cd856a0061c45e1761cd54b22e952d98c4746939aa85?s=96&r=g\",\"url\":\"https:\\\/\\\/secure.gravatar.com\\\/avatar\\\/6b0eb9d22841282815e2cd856a0061c45e1761cd54b22e952d98c4746939aa85?s=96&r=g\",\"contentUrl\":\"https:\\\/\\\/secure.gravatar.com\\\/avatar\\\/6b0eb9d22841282815e2cd856a0061c45e1761cd54b22e952d98c4746939aa85?s=96&r=g\",\"caption\":\"Michele\"},\"description\":\"Formada em Letras - Portugu\u00eas\\\/ Ingl\u00eas, e idealizadora do site Escritora de Sucesso, busca expandir o conhecimento de todos com informa\u00e7\u00f5es relevantes sobre diversos assuntos, enquanto redatora. No Vaga de Emprego RJ, traz oportunidades e dicas sobre o mercado de trabalho.\",\"url\":\"https:\\\/\\\/www.vagadeempregorj.com.br\\\/es\\\/author\\\/michele\\\/\"}]}<\/script>\n<!-- \/ Yoast SEO plugin. -->","yoast_head_json":{"title":"Carrefour contrata para vagas em atendimento e gest\u00e3o de lojas -","description":"Veja em Vagas de Emprego RJ as vagas de emprego com e sem experi\u00eancia no seu Estado e Regi\u00e3o!","robots":{"index":"index","follow":"follow","max-snippet":"max-snippet:-1","max-image-preview":"max-image-preview:large","max-video-preview":"max-video-preview:-1"},"canonical":"https:\/\/www.vagadeempregorj.com.br\/es\/carrefour-contrata-para-vagas-em-atendimento-e-gestao-de-lojas\/","og_locale":"es_MX","og_type":"article","og_title":"Carrefour contrata para vagas em atendimento e gest\u00e3o de lojas -","og_description":"Veja em Vagas de Emprego RJ as vagas de emprego com e sem experi\u00eancia no seu Estado e Regi\u00e3o!","og_url":"https:\/\/www.vagadeempregorj.com.br\/es\/carrefour-contrata-para-vagas-em-atendimento-e-gestao-de-lojas\/","article_publisher":"https:\/\/www.facebook.com\/empregobrasiloficial","article_published_time":"2024-08-31T10:00:00+00:00","og_image":[{"width":984,"height":657,"url":"https:\/\/www.vagadeempregorj.com.br\/wp-content\/uploads\/2024\/08\/image-40.png","type":"image\/png"}],"author":"Michele","twitter_card":"summary_large_image","twitter_misc":{"Escrito por":"Michele","Tiempo de lectura":"4 minutos"},"schema":{"@context":"https:\/\/schema.org","@graph":[{"@type":"Article","@id":"https:\/\/www.vagadeempregorj.com.br\/carrefour-contrata-para-vagas-em-atendimento-e-gestao-de-lojas\/#article","isPartOf":{"@id":"https:\/\/www.vagadeempregorj.com.br\/carrefour-contrata-para-vagas-em-atendimento-e-gestao-de-lojas\/"},"author":{"name":"Michele","@id":"https:\/\/www.vagadeempregorj.com.br\/#\/schema\/person\/3ddb19fa0539706786e502152f3aae95"},"headline":"Carrefour contrata para vagas em atendimento e gest\u00e3o de lojas","datePublished":"2024-08-31T10:00:00+00:00","mainEntityOfPage":{"@id":"https:\/\/www.vagadeempregorj.com.br\/carrefour-contrata-para-vagas-em-atendimento-e-gestao-de-lojas\/"},"wordCount":859,"image":{"@id":"https:\/\/www.vagadeempregorj.com.br\/carrefour-contrata-para-vagas-em-atendimento-e-gestao-de-lojas\/#primaryimage"},"thumbnailUrl":"https:\/\/www.vagadeempregorj.com.br\/wp-content\/uploads\/2024\/08\/image-40.png","articleSection":["Vagas de Emprego Nacionais"],"inLanguage":"es"},{"@type":"WebPage","@id":"https:\/\/www.vagadeempregorj.com.br\/carrefour-contrata-para-vagas-em-atendimento-e-gestao-de-lojas\/","url":"https:\/\/www.vagadeempregorj.com.br\/carrefour-contrata-para-vagas-em-atendimento-e-gestao-de-lojas\/","name":"Carrefour contrata para vagas em atendimento e gest\u00e3o de lojas -","isPartOf":{"@id":"https:\/\/www.vagadeempregorj.com.br\/#website"},"primaryImageOfPage":{"@id":"https:\/\/www.vagadeempregorj.com.br\/carrefour-contrata-para-vagas-em-atendimento-e-gestao-de-lojas\/#primaryimage"},"image":{"@id":"https:\/\/www.vagadeempregorj.com.br\/carrefour-contrata-para-vagas-em-atendimento-e-gestao-de-lojas\/#primaryimage"},"thumbnailUrl":"https:\/\/www.vagadeempregorj.com.br\/wp-content\/uploads\/2024\/08\/image-40.png","datePublished":"2024-08-31T10:00:00+00:00","author":{"@id":"https:\/\/www.vagadeempregorj.com.br\/#\/schema\/person\/3ddb19fa0539706786e502152f3aae95"},"description":"Veja em Vagas de Emprego RJ as vagas de emprego com e sem experi\u00eancia no seu Estado e Regi\u00e3o!","breadcrumb":{"@id":"https:\/\/www.vagadeempregorj.com.br\/carrefour-contrata-para-vagas-em-atendimento-e-gestao-de-lojas\/#breadcrumb"},"inLanguage":"es","potentialAction":[{"@type":"ReadAction","target":["https:\/\/www.vagadeempregorj.com.br\/carrefour-contrata-para-vagas-em-atendimento-e-gestao-de-lojas\/"]}]},{"@type":"ImageObject","inLanguage":"es","@id":"https:\/\/www.vagadeempregorj.com.br\/carrefour-contrata-para-vagas-em-atendimento-e-gestao-de-lojas\/#primaryimage","url":"https:\/\/www.vagadeempregorj.com.br\/wp-content\/uploads\/2024\/08\/image-40.png","contentUrl":"https:\/\/www.vagadeempregorj.com.br\/wp-content\/uploads\/2024\/08\/image-40.png","width":984,"height":657},{"@type":"BreadcrumbList","@id":"https:\/\/www.vagadeempregorj.com.br\/carrefour-contrata-para-vagas-em-atendimento-e-gestao-de-lojas\/#breadcrumb","itemListElement":[{"@type":"ListItem","position":1,"name":"In\u00edcio","item":"https:\/\/www.vagadeempregorj.com.br\/"},{"@type":"ListItem","position":2,"name":"Vagas de Emprego Nacionais","item":"https:\/\/www.vagadeempregorj.com.br\/vagas-de-emprego-nacionais\/"},{"@type":"ListItem","position":3,"name":"Carrefour contrata para vagas em atendimento e gest\u00e3o de lojas"}]},{"@type":"WebSite","@id":"https:\/\/www.vagadeempregorj.com.br\/#website","url":"https:\/\/www.vagadeempregorj.com.br\/","name":"","description":"Haz realidad tus sue\u00f1os: Ofertas de empleo, beneficios y ahorros para transformar vidas y lograr mejoras cotidianas.","potentialAction":[{"@type":"SearchAction","target":{"@type":"EntryPoint","urlTemplate":"https:\/\/www.vagadeempregorj.com.br\/?s={search_term_string}"},"query-input":{"@type":"PropertyValueSpecification","valueRequired":true,"valueName":"search_term_string"}}],"inLanguage":"es"},{"@type":"Person","@id":"https:\/\/www.vagadeempregorj.com.br\/#\/schema\/person\/3ddb19fa0539706786e502152f3aae95","name":"Michele","image":{"@type":"ImageObject","inLanguage":"es","@id":"https:\/\/secure.gravatar.com\/avatar\/6b0eb9d22841282815e2cd856a0061c45e1761cd54b22e952d98c4746939aa85?s=96&r=g","url":"https:\/\/secure.gravatar.com\/avatar\/6b0eb9d22841282815e2cd856a0061c45e1761cd54b22e952d98c4746939aa85?s=96&r=g","contentUrl":"https:\/\/secure.gravatar.com\/avatar\/6b0eb9d22841282815e2cd856a0061c45e1761cd54b22e952d98c4746939aa85?s=96&r=g","caption":"Michele"},"description":"Formada em Letras - Portugu\u00eas\/ Ingl\u00eas, e idealizadora do site Escritora de Sucesso, busca expandir o conhecimento de todos com informa\u00e7\u00f5es relevantes sobre diversos assuntos, enquanto redatora. No Vaga de Emprego RJ, traz oportunidades e dicas sobre o mercado de trabalho.","url":"https:\/\/www.vagadeempregorj.com.br\/es\/author\/michele\/"}]}},"_links":{"self":[{"href":"https:\/\/www.vagadeempregorj.com.br\/es\/wp-json\/wp\/v2\/posts\/40402","targetHints":{"allow":["GET"]}}],"collection":[{"href":"https:\/\/www.vagadeempregorj.com.br\/es\/wp-json\/wp\/v2\/posts"}],"about":[{"href":"https:\/\/www.vagadeempregorj.com.br\/es\/wp-json\/wp\/v2\/types\/post"}],"author":[{"embeddable":true,"href":"https:\/\/www.vagadeempregorj.com.br\/es\/wp-json\/wp\/v2\/users\/16"}],"replies":[{"embeddable":true,"href":"https:\/\/www.vagadeempregorj.com.br\/es\/wp-json\/wp\/v2\/comments?post=40402"}],"version-history":[{"count":0,"href":"https:\/\/www.vagadeempregorj.com.br\/es\/wp-json\/wp\/v2\/posts\/40402\/revisions"}],"wp:featuredmedia":[{"embeddable":true,"href":"https:\/\/www.vagadeempregorj.com.br\/es\/wp-json\/wp\/v2\/media\/40425"}],"wp:attachment":[{"href":"https:\/\/www.vagadeempregorj.com.br\/es\/wp-json\/wp\/v2\/media?parent=40402"}],"wp:term":[{"taxonomy":"category","embeddable":true,"href":"https:\/\/www.vagadeempregorj.com.br\/es\/wp-json\/wp\/v2\/categories?post=40402"},{"taxonomy":"post_tag","embeddable":true,"href":"https:\/\/www.vagadeempregorj.com.br\/es\/wp-json\/wp\/v2\/tags?post=40402"}],"curies":[{"name":"wp","href":"https:\/\/api.w.org\/{rel}","templated":true}]}}