{"id":40590,"date":"2024-09-08T06:00:00","date_gmt":"2024-09-08T09:00:00","guid":{"rendered":"https:\/\/www.vagadeempregorj.com.br\/?p=40590"},"modified":"2024-09-05T20:04:55","modified_gmt":"2024-09-05T23:04:55","slug":"3coracoes-257-vagas-de-emprego-abertas-pelo-pais","status":"publish","type":"post","link":"https:\/\/www.vagadeempregorj.com.br\/es\/3coracoes-257-vagas-de-emprego-abertas-pelo-pais\/","title":{"rendered":"3cora\u00e7\u00f5es: 257 vagas de emprego abertas pelo pa\u00eds"},"content":{"rendered":"<p>O Grupo <strong>3cora\u00e7\u00f5es<\/strong>, uma das principais marcas de caf\u00e9 do Brasil, est\u00e1 com mais de 1000 vagas de emprego abertas em diversas regi\u00f5es do pa\u00eds. A empresa, que se consolidou no mercado pela qualidade de seus produtos e inova\u00e7\u00f5es, busca expandir sua equipe em diferentes \u00e1reas. Atrav\u00e9s da recrutadora, oferece oportunidades para pessoas com diversos perfis profissionais, desde o setor operacional at\u00e9 cargos estrat\u00e9gicos, em um ambiente que valoriza o crescimento pessoal e profissional.<\/p>\n\n\n\n<figure class=\"wp-block-image size-full is-resized\"><img loading=\"lazy\" decoding=\"async\" width=\"690\" height=\"390\" src=\"https:\/\/www.vagadeempregorj.com.br\/wp-content\/uploads\/2024\/09\/image-7.png\" alt=\"\" class=\"wp-image-40598\" style=\"width:840px;height:auto\" srcset=\"https:\/\/www.vagadeempregorj.com.br\/wp-content\/uploads\/2024\/09\/image-7.png 690w, https:\/\/www.vagadeempregorj.com.br\/wp-content\/uploads\/2024\/09\/image-7-300x170.png 300w, https:\/\/www.vagadeempregorj.com.br\/wp-content\/uploads\/2024\/09\/image-7-383x215.png 383w, https:\/\/www.vagadeempregorj.com.br\/wp-content\/uploads\/2024\/09\/image-7-150x85.png 150w\" sizes=\"auto, (max-width: 690px) 100vw, 690px\" \/><\/figure>\n\n\n\n<h2 class=\"wp-block-heading\">Quais s\u00e3o as vagas de emprego abertas pela 3cora\u00e7\u00f5es?<\/h2>\n\n\n\n<p>A 3cora\u00e7\u00f5es est\u00e1 oferecendo vagas para diversas \u00e1reas e n\u00edveis de experi\u00eancia. Entre as principais oportunidades, destacam-se:<\/p>\n\n\n\n<ul class=\"wp-block-list\">\n<li>Operador de Produ\u00e7\u00e3o: A empresa est\u00e1 com diversas vagas para operadores de produ\u00e7\u00e3o em suas f\u00e1bricas. Esses profissionais s\u00e3o respons\u00e1veis por garantir o bom funcionamento das m\u00e1quinas e a qualidade dos produtos que chegam \u00e0s prateleiras de todo o pa\u00eds. \u00c9 uma excelente oportunidade para quem busca o primeiro emprego ou uma recoloca\u00e7\u00e3o no mercado de trabalho.<\/li>\n\n\n\n<li>Auxiliar Log\u00edstico: Para quem tem experi\u00eancia no setor de log\u00edstica, h\u00e1 vagas de auxiliar para trabalhar nos centros de distribui\u00e7\u00e3o da empresa. Esses profissionais s\u00e3o essenciais para garantir que os produtos cheguem aos pontos de venda no prazo correto.<\/li>\n\n\n\n<li>Analista de Marketing: A 3cora\u00e7\u00f5es tamb\u00e9m est\u00e1 com vagas para analistas de marketing, que atuar\u00e3o na cria\u00e7\u00e3o de campanhas publicit\u00e1rias, estrat\u00e9gias de branding e posicionamento de marca. Essa \u00e9 uma \u00e1rea estrat\u00e9gica, ideal para profissionais que t\u00eam experi\u00eancia em comunica\u00e7\u00e3o, publicidade e marketing digital.<\/li>\n\n\n\n<li>Vendedor Externo: A equipe de vendas da 3cora\u00e7\u00f5es est\u00e1 crescendo, e h\u00e1 vagas para vendedores externos em diversas regi\u00f5es do Brasil. Esses profissionais s\u00e3o respons\u00e1veis por visitar pontos de venda e garantir que os produtos da marca estejam sempre dispon\u00edveis para os consumidores.<\/li>\n\n\n\n<li>Analista de Recursos Humanos: Para os profissionais de RH, a 3cora\u00e7\u00f5es oferece oportunidades na \u00e1rea de gest\u00e3o de pessoas, recrutamento e sele\u00e7\u00e3o. Esses analistas desempenham um papel fundamental na integra\u00e7\u00e3o de novos colaboradores e no desenvolvimento de a\u00e7\u00f5es que melhorem o ambiente de trabalho.<\/li>\n\n\n\n<li>T\u00e9cnico em Manuten\u00e7\u00e3o: H\u00e1 vagas tamb\u00e9m para t\u00e9cnicos especializados em manuten\u00e7\u00e3o de equipamentos industriais. Esses profissionais s\u00e3o respons\u00e1veis por garantir o bom funcionamento das m\u00e1quinas e evitar paradas inesperadas na linha de produ\u00e7\u00e3o.<\/li>\n<\/ul>\n\n\n\n<p>Al\u00e9m dessas oportunidades, a 3cora\u00e7\u00f5es tem vagas abertas para cargos administrativos, gerenciais e operacionais em v\u00e1rias localidades do Brasil. O grupo valoriza a diversidade e a inclus\u00e3o em seu quadro de funcion\u00e1rios, por isso, h\u00e1 oportunidades para pessoas com defici\u00eancia e para profissionais de diferentes perfis.<\/p>\n\n\n\n<h2 class=\"wp-block-heading\">Como se candidatar?<\/h2>\n\n\n\n<p>O processo de candidatura para as vagas na 3cora\u00e7\u00f5es \u00e9 bastante simples. A empresa utiliza uma plataforma online para receber e gerenciar as candidaturas, garantindo agilidade e acessibilidade para todos os interessados.<\/p>\n\n\n\n<p>Para se candidatar a uma vaga, basta seguir os seguintes passos:<\/p>\n\n\n\n<ul class=\"wp-block-list\">\n<li>Acesse a p\u00e1gina oficial de carreiras da 3cora\u00e7\u00f5es, onde todas as vagas est\u00e3o listadas. As oportunidades est\u00e3o organizadas por \u00e1reas, localidades e n\u00edveis de experi\u00eancia, facilitando a busca por uma vaga que se encaixe no seu perfil.<\/li>\n\n\n\n<li>Ap\u00f3s acessar o site, navegue pelas vagas dispon\u00edveis e escolha aquela que mais combina com suas habilidades e experi\u00eancia profissional. Leia atentamente a descri\u00e7\u00e3o da vaga, os requisitos exigidos e as responsabilidades do cargo.<\/li>\n\n\n\n<li>Ao encontrar a vaga ideal, voc\u00ea poder\u00e1 enviar seu curr\u00edculo diretamente pela plataforma. Certifique-se de que todas as informa\u00e7\u00f5es do seu curr\u00edculo est\u00e3o atualizadas, incluindo experi\u00eancias anteriores, forma\u00e7\u00e3o acad\u00eamica e cursos complementares.<\/li>\n\n\n\n<li>Ap\u00f3s enviar sua candidatura, \u00e9 s\u00f3 aguardar o contato do time de recrutamento da 3cora\u00e7\u00f5es. Se seu perfil estiver alinhado com a vaga, voc\u00ea ser\u00e1 chamado para as pr\u00f3ximas etapas do processo seletivo, que podem incluir entrevistas e din\u00e2micas.<\/li>\n<\/ul>\n\n\n\n<p>\u00c9 importante lembrar que a 3cora\u00e7\u00f5es valoriza o desenvolvimento profissional de seus colaboradores, oferecendo treinamentos e oportunidades de crescimento dentro da empresa. Por isso, se voc\u00ea est\u00e1 em busca de uma empresa que oferece mais do que apenas um emprego, mas tamb\u00e9m oportunidades de aprendizado e desenvolvimento, essa pode ser a chance que voc\u00ea estava esperando.<\/p>\n\n\n\n<p>Para se candidatar a uma das vagas dispon\u00edveis, copie e cole o endere\u00e7o a seguir em seu navegador e acesse o site: trabalheconosco.3coracoes.com.br. L\u00e1, voc\u00ea ter\u00e1 acesso a todas as oportunidades e poder\u00e1 enviar seu curr\u00edculo de forma simples e r\u00e1pida.<\/p>\n\n\n\n<h2 class=\"wp-block-heading\">Dicas para se destacar no processo seletivo<\/h2>\n\n\n\n<p>Agora que voc\u00ea j\u00e1 sabe como se candidatar, \u00e9 importante entender como se destacar no processo seletivo. A 3cora\u00e7\u00f5es busca profissionais que se identifiquem com seus valores e que estejam dispostos a contribuir para o crescimento da empresa. Veja algumas dicas que podem aumentar suas chances de ser selecionado:<\/p>\n\n\n\n<ul class=\"wp-block-list\">\n<li>Personalize seu curr\u00edculo: Sempre que poss\u00edvel, ajuste seu curr\u00edculo para destacar as experi\u00eancias e habilidades que est\u00e3o mais alinhadas com a vaga para a qual voc\u00ea est\u00e1 se candidatando. Isso mostra que voc\u00ea tem o perfil certo para a posi\u00e7\u00e3o.<\/li>\n\n\n\n<li>Esteja preparado para a entrevista: Se voc\u00ea for chamado para uma entrevista, estude sobre a empresa, seus produtos e sua atua\u00e7\u00e3o no mercado. Mostrar que voc\u00ea conhece a 3cora\u00e7\u00f5es e est\u00e1 interessado em fazer parte da equipe pode ser um diferencial.<\/li>\n\n\n\n<li>Demonstre suas habilidades interpessoais: Al\u00e9m das compet\u00eancias t\u00e9cnicas, a 3cora\u00e7\u00f5es valoriza habilidades interpessoais, como trabalho em equipe, comunica\u00e7\u00e3o e proatividade. Durante o processo seletivo, demonstre essas qualidades.<\/li>\n<\/ul>\n\n\n\n<p>A 3cora\u00e7\u00f5es \u00e9 uma das empresas mais respeitadas no mercado de alimentos e bebidas, e agora, com essas mais de 1000 vagas abertas, voc\u00ea tem a chance de fazer parte dessa hist\u00f3ria de sucesso. Boa sorte no processo!<\/p>\n\n\n\n<p><strong>Veja tamb\u00e9m: <a href=\"https:\/\/www.vagadeempregorj.com.br\/es\/leo-madeiras-149-novas-vagas-de-emprego-abertas-pelo-pais\/\">Leo Madeiras: 149 novas vagas de emprego abertas pelo pa\u00eds<\/a><\/strong><\/p>\n\n\n\n<p>8 de setembro de 2024<\/p>","protected":false},"excerpt":{"rendered":"<p>O Grupo 3cora\u00e7\u00f5es, uma das principais marcas de caf\u00e9 do Brasil, est\u00e1 com mais de 1000 vagas de emprego abertas em diversas regi\u00f5es do pa\u00eds. A empresa, que se consolidou no mercado pela qualidade de seus produtos e inova\u00e7\u00f5es, busca expandir sua equipe em diferentes \u00e1reas. Atrav\u00e9s da recrutadora, oferece oportunidades para pessoas com diversos&hellip;&nbsp;<\/p>","protected":false},"author":16,"featured_media":40598,"comment_status":"closed","ping_status":"closed","sticky":false,"template":"","format":"standard","meta":{"neve_meta_sidebar":"","neve_meta_container":"","neve_meta_enable_content_width":"","neve_meta_content_width":0,"neve_meta_title_alignment":"","neve_meta_author_avatar":"","neve_post_elements_order":"","neve_meta_disable_header":"","neve_meta_disable_footer":"","neve_meta_disable_title":"","footnotes":""},"categories":[123],"tags":[830,608],"class_list":["post-40590","post","type-post","status-publish","format-standard","has-post-thumbnail","hentry","category-vagas-de-emprego-nacionais","tag-empregos","tag-oportunidades"],"yoast_head":"<!-- This site is optimized with the Yoast SEO plugin v27.5 - https:\/\/yoast.com\/product\/yoast-seo-wordpress\/ -->\n<title>3cora\u00e7\u00f5es: 257 vagas de emprego abertas pelo pa\u00eds -<\/title>\n<meta name=\"description\" content=\"Veja em Vagas de Emprego RJ as vagas de emprego com e sem experi\u00eancia no seu Estado e Regi\u00e3o!\" \/>\n<meta name=\"robots\" content=\"index, follow, max-snippet:-1, max-image-preview:large, max-video-preview:-1\" \/>\n<link rel=\"canonical\" href=\"https:\/\/www.vagadeempregorj.com.br\/es\/3coracoes-257-vagas-de-emprego-abertas-pelo-pais\/\" \/>\n<meta property=\"og:locale\" content=\"es_MX\" \/>\n<meta property=\"og:type\" content=\"article\" \/>\n<meta property=\"og:title\" content=\"3cora\u00e7\u00f5es: 257 vagas de emprego abertas pelo pa\u00eds -\" \/>\n<meta property=\"og:description\" content=\"Veja em Vagas de Emprego RJ as vagas de emprego com e sem experi\u00eancia no seu Estado e Regi\u00e3o!\" \/>\n<meta property=\"og:url\" content=\"https:\/\/www.vagadeempregorj.com.br\/es\/3coracoes-257-vagas-de-emprego-abertas-pelo-pais\/\" \/>\n<meta property=\"article:publisher\" content=\"https:\/\/www.facebook.com\/empregobrasiloficial\" \/>\n<meta property=\"article:published_time\" content=\"2024-09-08T09:00:00+00:00\" \/>\n<meta property=\"og:image\" content=\"https:\/\/www.vagadeempregorj.com.br\/wp-content\/uploads\/2024\/09\/image-7.png\" \/>\n\t<meta property=\"og:image:width\" content=\"690\" \/>\n\t<meta property=\"og:image:height\" content=\"390\" \/>\n\t<meta property=\"og:image:type\" content=\"image\/png\" \/>\n<meta name=\"author\" content=\"Michele\" \/>\n<meta name=\"twitter:card\" content=\"summary_large_image\" \/>\n<meta name=\"twitter:label1\" content=\"Written by\" \/>\n\t<meta name=\"twitter:data1\" content=\"Michele\" \/>\n\t<meta name=\"twitter:label2\" content=\"Est. reading time\" \/>\n\t<meta name=\"twitter:data2\" content=\"5 minutos\" \/>\n<script type=\"application\/ld+json\" class=\"yoast-schema-graph\">{\"@context\":\"https:\\\/\\\/schema.org\",\"@graph\":[{\"@type\":\"Article\",\"@id\":\"https:\\\/\\\/www.vagadeempregorj.com.br\\\/3coracoes-257-vagas-de-emprego-abertas-pelo-pais\\\/#article\",\"isPartOf\":{\"@id\":\"https:\\\/\\\/www.vagadeempregorj.com.br\\\/3coracoes-257-vagas-de-emprego-abertas-pelo-pais\\\/\"},\"author\":{\"name\":\"Michele\",\"@id\":\"https:\\\/\\\/www.vagadeempregorj.com.br\\\/#\\\/schema\\\/person\\\/3ddb19fa0539706786e502152f3aae95\"},\"headline\":\"3cora\u00e7\u00f5es: 257 vagas de emprego abertas pelo pa\u00eds\",\"datePublished\":\"2024-09-08T09:00:00+00:00\",\"mainEntityOfPage\":{\"@id\":\"https:\\\/\\\/www.vagadeempregorj.com.br\\\/3coracoes-257-vagas-de-emprego-abertas-pelo-pais\\\/\"},\"wordCount\":1015,\"image\":{\"@id\":\"https:\\\/\\\/www.vagadeempregorj.com.br\\\/3coracoes-257-vagas-de-emprego-abertas-pelo-pais\\\/#primaryimage\"},\"thumbnailUrl\":\"https:\\\/\\\/www.vagadeempregorj.com.br\\\/wp-content\\\/uploads\\\/2024\\\/09\\\/image-7.png\",\"keywords\":[\"empregos\",\"oportunidades\"],\"articleSection\":[\"Vagas de Emprego Nacionais\"],\"inLanguage\":\"es\"},{\"@type\":\"WebPage\",\"@id\":\"https:\\\/\\\/www.vagadeempregorj.com.br\\\/3coracoes-257-vagas-de-emprego-abertas-pelo-pais\\\/\",\"url\":\"https:\\\/\\\/www.vagadeempregorj.com.br\\\/3coracoes-257-vagas-de-emprego-abertas-pelo-pais\\\/\",\"name\":\"3cora\u00e7\u00f5es: 257 vagas de emprego abertas pelo pa\u00eds -\",\"isPartOf\":{\"@id\":\"https:\\\/\\\/www.vagadeempregorj.com.br\\\/#website\"},\"primaryImageOfPage\":{\"@id\":\"https:\\\/\\\/www.vagadeempregorj.com.br\\\/3coracoes-257-vagas-de-emprego-abertas-pelo-pais\\\/#primaryimage\"},\"image\":{\"@id\":\"https:\\\/\\\/www.vagadeempregorj.com.br\\\/3coracoes-257-vagas-de-emprego-abertas-pelo-pais\\\/#primaryimage\"},\"thumbnailUrl\":\"https:\\\/\\\/www.vagadeempregorj.com.br\\\/wp-content\\\/uploads\\\/2024\\\/09\\\/image-7.png\",\"datePublished\":\"2024-09-08T09:00:00+00:00\",\"author\":{\"@id\":\"https:\\\/\\\/www.vagadeempregorj.com.br\\\/#\\\/schema\\\/person\\\/3ddb19fa0539706786e502152f3aae95\"},\"description\":\"Veja em Vagas de Emprego RJ as vagas de emprego com e sem experi\u00eancia no seu Estado e Regi\u00e3o!\",\"breadcrumb\":{\"@id\":\"https:\\\/\\\/www.vagadeempregorj.com.br\\\/3coracoes-257-vagas-de-emprego-abertas-pelo-pais\\\/#breadcrumb\"},\"inLanguage\":\"es\",\"potentialAction\":[{\"@type\":\"ReadAction\",\"target\":[\"https:\\\/\\\/www.vagadeempregorj.com.br\\\/3coracoes-257-vagas-de-emprego-abertas-pelo-pais\\\/\"]}]},{\"@type\":\"ImageObject\",\"inLanguage\":\"es\",\"@id\":\"https:\\\/\\\/www.vagadeempregorj.com.br\\\/3coracoes-257-vagas-de-emprego-abertas-pelo-pais\\\/#primaryimage\",\"url\":\"https:\\\/\\\/www.vagadeempregorj.com.br\\\/wp-content\\\/uploads\\\/2024\\\/09\\\/image-7.png\",\"contentUrl\":\"https:\\\/\\\/www.vagadeempregorj.com.br\\\/wp-content\\\/uploads\\\/2024\\\/09\\\/image-7.png\",\"width\":690,\"height\":390},{\"@type\":\"BreadcrumbList\",\"@id\":\"https:\\\/\\\/www.vagadeempregorj.com.br\\\/3coracoes-257-vagas-de-emprego-abertas-pelo-pais\\\/#breadcrumb\",\"itemListElement\":[{\"@type\":\"ListItem\",\"position\":1,\"name\":\"In\u00edcio\",\"item\":\"https:\\\/\\\/www.vagadeempregorj.com.br\\\/\"},{\"@type\":\"ListItem\",\"position\":2,\"name\":\"Vagas de Emprego Nacionais\",\"item\":\"https:\\\/\\\/www.vagadeempregorj.com.br\\\/vagas-de-emprego-nacionais\\\/\"},{\"@type\":\"ListItem\",\"position\":3,\"name\":\"3cora\u00e7\u00f5es: 257 vagas de emprego abertas pelo pa\u00eds\"}]},{\"@type\":\"WebSite\",\"@id\":\"https:\\\/\\\/www.vagadeempregorj.com.br\\\/#website\",\"url\":\"https:\\\/\\\/www.vagadeempregorj.com.br\\\/\",\"name\":\"\",\"description\":\"Conquiste Sonhos: Vagas, Benef\u00edcios e Economia para Transformar Vidas e Alcan\u00e7ar Melhorias Cotidianas\",\"potentialAction\":[{\"@type\":\"SearchAction\",\"target\":{\"@type\":\"EntryPoint\",\"urlTemplate\":\"https:\\\/\\\/www.vagadeempregorj.com.br\\\/?s={search_term_string}\"},\"query-input\":{\"@type\":\"PropertyValueSpecification\",\"valueRequired\":true,\"valueName\":\"search_term_string\"}}],\"inLanguage\":\"es\"},{\"@type\":\"Person\",\"@id\":\"https:\\\/\\\/www.vagadeempregorj.com.br\\\/#\\\/schema\\\/person\\\/3ddb19fa0539706786e502152f3aae95\",\"name\":\"Michele\",\"image\":{\"@type\":\"ImageObject\",\"inLanguage\":\"es\",\"@id\":\"https:\\\/\\\/secure.gravatar.com\\\/avatar\\\/6b0eb9d22841282815e2cd856a0061c45e1761cd54b22e952d98c4746939aa85?s=96&r=g\",\"url\":\"https:\\\/\\\/secure.gravatar.com\\\/avatar\\\/6b0eb9d22841282815e2cd856a0061c45e1761cd54b22e952d98c4746939aa85?s=96&r=g\",\"contentUrl\":\"https:\\\/\\\/secure.gravatar.com\\\/avatar\\\/6b0eb9d22841282815e2cd856a0061c45e1761cd54b22e952d98c4746939aa85?s=96&r=g\",\"caption\":\"Michele\"},\"description\":\"Formada em Letras - Portugu\u00eas\\\/ Ingl\u00eas, e idealizadora do site Escritora de Sucesso, busca expandir o conhecimento de todos com informa\u00e7\u00f5es relevantes sobre diversos assuntos, enquanto redatora. No Vaga de Emprego RJ, traz oportunidades e dicas sobre o mercado de trabalho.\",\"url\":\"https:\\\/\\\/www.vagadeempregorj.com.br\\\/es\\\/author\\\/michele\\\/\"}]}<\/script>\n<!-- \/ Yoast SEO plugin. -->","yoast_head_json":{"title":"3cora\u00e7\u00f5es: 257 vagas de emprego abertas pelo pa\u00eds -","description":"Veja em Vagas de Emprego RJ as vagas de emprego com e sem experi\u00eancia no seu Estado e Regi\u00e3o!","robots":{"index":"index","follow":"follow","max-snippet":"max-snippet:-1","max-image-preview":"max-image-preview:large","max-video-preview":"max-video-preview:-1"},"canonical":"https:\/\/www.vagadeempregorj.com.br\/es\/3coracoes-257-vagas-de-emprego-abertas-pelo-pais\/","og_locale":"es_MX","og_type":"article","og_title":"3cora\u00e7\u00f5es: 257 vagas de emprego abertas pelo pa\u00eds -","og_description":"Veja em Vagas de Emprego RJ as vagas de emprego com e sem experi\u00eancia no seu Estado e Regi\u00e3o!","og_url":"https:\/\/www.vagadeempregorj.com.br\/es\/3coracoes-257-vagas-de-emprego-abertas-pelo-pais\/","article_publisher":"https:\/\/www.facebook.com\/empregobrasiloficial","article_published_time":"2024-09-08T09:00:00+00:00","og_image":[{"width":690,"height":390,"url":"https:\/\/www.vagadeempregorj.com.br\/wp-content\/uploads\/2024\/09\/image-7.png","type":"image\/png"}],"author":"Michele","twitter_card":"summary_large_image","twitter_misc":{"Written by":"Michele","Est. reading time":"5 minutos"},"schema":{"@context":"https:\/\/schema.org","@graph":[{"@type":"Article","@id":"https:\/\/www.vagadeempregorj.com.br\/3coracoes-257-vagas-de-emprego-abertas-pelo-pais\/#article","isPartOf":{"@id":"https:\/\/www.vagadeempregorj.com.br\/3coracoes-257-vagas-de-emprego-abertas-pelo-pais\/"},"author":{"name":"Michele","@id":"https:\/\/www.vagadeempregorj.com.br\/#\/schema\/person\/3ddb19fa0539706786e502152f3aae95"},"headline":"3cora\u00e7\u00f5es: 257 vagas de emprego abertas pelo pa\u00eds","datePublished":"2024-09-08T09:00:00+00:00","mainEntityOfPage":{"@id":"https:\/\/www.vagadeempregorj.com.br\/3coracoes-257-vagas-de-emprego-abertas-pelo-pais\/"},"wordCount":1015,"image":{"@id":"https:\/\/www.vagadeempregorj.com.br\/3coracoes-257-vagas-de-emprego-abertas-pelo-pais\/#primaryimage"},"thumbnailUrl":"https:\/\/www.vagadeempregorj.com.br\/wp-content\/uploads\/2024\/09\/image-7.png","keywords":["empregos","oportunidades"],"articleSection":["Vagas de Emprego Nacionais"],"inLanguage":"es"},{"@type":"WebPage","@id":"https:\/\/www.vagadeempregorj.com.br\/3coracoes-257-vagas-de-emprego-abertas-pelo-pais\/","url":"https:\/\/www.vagadeempregorj.com.br\/3coracoes-257-vagas-de-emprego-abertas-pelo-pais\/","name":"3cora\u00e7\u00f5es: 257 vagas de emprego abertas pelo pa\u00eds -","isPartOf":{"@id":"https:\/\/www.vagadeempregorj.com.br\/#website"},"primaryImageOfPage":{"@id":"https:\/\/www.vagadeempregorj.com.br\/3coracoes-257-vagas-de-emprego-abertas-pelo-pais\/#primaryimage"},"image":{"@id":"https:\/\/www.vagadeempregorj.com.br\/3coracoes-257-vagas-de-emprego-abertas-pelo-pais\/#primaryimage"},"thumbnailUrl":"https:\/\/www.vagadeempregorj.com.br\/wp-content\/uploads\/2024\/09\/image-7.png","datePublished":"2024-09-08T09:00:00+00:00","author":{"@id":"https:\/\/www.vagadeempregorj.com.br\/#\/schema\/person\/3ddb19fa0539706786e502152f3aae95"},"description":"Veja em Vagas de Emprego RJ as vagas de emprego com e sem experi\u00eancia no seu Estado e Regi\u00e3o!","breadcrumb":{"@id":"https:\/\/www.vagadeempregorj.com.br\/3coracoes-257-vagas-de-emprego-abertas-pelo-pais\/#breadcrumb"},"inLanguage":"es","potentialAction":[{"@type":"ReadAction","target":["https:\/\/www.vagadeempregorj.com.br\/3coracoes-257-vagas-de-emprego-abertas-pelo-pais\/"]}]},{"@type":"ImageObject","inLanguage":"es","@id":"https:\/\/www.vagadeempregorj.com.br\/3coracoes-257-vagas-de-emprego-abertas-pelo-pais\/#primaryimage","url":"https:\/\/www.vagadeempregorj.com.br\/wp-content\/uploads\/2024\/09\/image-7.png","contentUrl":"https:\/\/www.vagadeempregorj.com.br\/wp-content\/uploads\/2024\/09\/image-7.png","width":690,"height":390},{"@type":"BreadcrumbList","@id":"https:\/\/www.vagadeempregorj.com.br\/3coracoes-257-vagas-de-emprego-abertas-pelo-pais\/#breadcrumb","itemListElement":[{"@type":"ListItem","position":1,"name":"In\u00edcio","item":"https:\/\/www.vagadeempregorj.com.br\/"},{"@type":"ListItem","position":2,"name":"Vagas de Emprego Nacionais","item":"https:\/\/www.vagadeempregorj.com.br\/vagas-de-emprego-nacionais\/"},{"@type":"ListItem","position":3,"name":"3cora\u00e7\u00f5es: 257 vagas de emprego abertas pelo pa\u00eds"}]},{"@type":"WebSite","@id":"https:\/\/www.vagadeempregorj.com.br\/#website","url":"https:\/\/www.vagadeempregorj.com.br\/","name":"","description":"Conquiste Sonhos: Vagas, Benef\u00edcios e Economia para Transformar Vidas e Alcan\u00e7ar Melhorias Cotidianas","potentialAction":[{"@type":"SearchAction","target":{"@type":"EntryPoint","urlTemplate":"https:\/\/www.vagadeempregorj.com.br\/?s={search_term_string}"},"query-input":{"@type":"PropertyValueSpecification","valueRequired":true,"valueName":"search_term_string"}}],"inLanguage":"es"},{"@type":"Person","@id":"https:\/\/www.vagadeempregorj.com.br\/#\/schema\/person\/3ddb19fa0539706786e502152f3aae95","name":"Michele","image":{"@type":"ImageObject","inLanguage":"es","@id":"https:\/\/secure.gravatar.com\/avatar\/6b0eb9d22841282815e2cd856a0061c45e1761cd54b22e952d98c4746939aa85?s=96&r=g","url":"https:\/\/secure.gravatar.com\/avatar\/6b0eb9d22841282815e2cd856a0061c45e1761cd54b22e952d98c4746939aa85?s=96&r=g","contentUrl":"https:\/\/secure.gravatar.com\/avatar\/6b0eb9d22841282815e2cd856a0061c45e1761cd54b22e952d98c4746939aa85?s=96&r=g","caption":"Michele"},"description":"Formada em Letras - Portugu\u00eas\/ Ingl\u00eas, e idealizadora do site Escritora de Sucesso, busca expandir o conhecimento de todos com informa\u00e7\u00f5es relevantes sobre diversos assuntos, enquanto redatora. No Vaga de Emprego RJ, traz oportunidades e dicas sobre o mercado de trabalho.","url":"https:\/\/www.vagadeempregorj.com.br\/es\/author\/michele\/"}]}},"_links":{"self":[{"href":"https:\/\/www.vagadeempregorj.com.br\/es\/wp-json\/wp\/v2\/posts\/40590","targetHints":{"allow":["GET"]}}],"collection":[{"href":"https:\/\/www.vagadeempregorj.com.br\/es\/wp-json\/wp\/v2\/posts"}],"about":[{"href":"https:\/\/www.vagadeempregorj.com.br\/es\/wp-json\/wp\/v2\/types\/post"}],"author":[{"embeddable":true,"href":"https:\/\/www.vagadeempregorj.com.br\/es\/wp-json\/wp\/v2\/users\/16"}],"replies":[{"embeddable":true,"href":"https:\/\/www.vagadeempregorj.com.br\/es\/wp-json\/wp\/v2\/comments?post=40590"}],"version-history":[{"count":0,"href":"https:\/\/www.vagadeempregorj.com.br\/es\/wp-json\/wp\/v2\/posts\/40590\/revisions"}],"wp:featuredmedia":[{"embeddable":true,"href":"https:\/\/www.vagadeempregorj.com.br\/es\/wp-json\/wp\/v2\/media\/40598"}],"wp:attachment":[{"href":"https:\/\/www.vagadeempregorj.com.br\/es\/wp-json\/wp\/v2\/media?parent=40590"}],"wp:term":[{"taxonomy":"category","embeddable":true,"href":"https:\/\/www.vagadeempregorj.com.br\/es\/wp-json\/wp\/v2\/categories?post=40590"},{"taxonomy":"post_tag","embeddable":true,"href":"https:\/\/www.vagadeempregorj.com.br\/es\/wp-json\/wp\/v2\/tags?post=40590"}],"curies":[{"name":"wp","href":"https:\/\/api.w.org\/{rel}","templated":true}]}}