{"id":40695,"date":"2024-09-12T06:00:00","date_gmt":"2024-09-12T09:00:00","guid":{"rendered":"https:\/\/www.vagadeempregorj.com.br\/?p=40695"},"modified":"2024-09-10T22:00:50","modified_gmt":"2024-09-11T01:00:50","slug":"viveo-99-vagas-de-emprego-abertas-pelo-pais","status":"publish","type":"post","link":"https:\/\/www.vagadeempregorj.com.br\/es\/viveo-99-vagas-de-emprego-abertas-pelo-pais\/","title":{"rendered":"Viveo: 99 vagas de emprego abertas pelo pa\u00eds"},"content":{"rendered":"<p>A <strong>Viveo<\/strong>, um dos grandes nomes do setor de solu\u00e7\u00f5es em sa\u00fade, anunciou recentemente a abertura de 99 vagas de emprego em diversas \u00e1reas e localidades do Brasil. Com uma atua\u00e7\u00e3o que abrange desde a distribui\u00e7\u00e3o de medicamentos at\u00e9 solu\u00e7\u00f5es integradas para hospitais, cl\u00ednicas e laborat\u00f3rios, a empresa est\u00e1 em constante expans\u00e3o, o que gera novas oportunidades de carreira. Essa \u00e9 uma chance \u00fanica para quem busca crescer profissionalmente em uma empresa que valoriza a inova\u00e7\u00e3o e o desenvolvimento humano.<\/p>\n\n\n\n<figure class=\"wp-block-image size-large\"><img loading=\"lazy\" decoding=\"async\" width=\"1024\" height=\"535\" src=\"https:\/\/www.vagadeempregorj.com.br\/wp-content\/uploads\/2024\/09\/image-13-1024x535.png\" alt=\"\" class=\"wp-image-40703\" srcset=\"https:\/\/www.vagadeempregorj.com.br\/wp-content\/uploads\/2024\/09\/image-13-1024x535.png 1024w, https:\/\/www.vagadeempregorj.com.br\/wp-content\/uploads\/2024\/09\/image-13-300x157.png 300w, https:\/\/www.vagadeempregorj.com.br\/wp-content\/uploads\/2024\/09\/image-13-768x401.png 768w, https:\/\/www.vagadeempregorj.com.br\/wp-content\/uploads\/2024\/09\/image-13-150x78.png 150w, https:\/\/www.vagadeempregorj.com.br\/wp-content\/uploads\/2024\/09\/image-13.png 1200w\" sizes=\"auto, (max-width: 1024px) 100vw, 1024px\" \/><\/figure>\n\n\n\n<h2 class=\"wp-block-heading\">Quais s\u00e3o as vagas de emprego abertas pela Viveo?<\/h2>\n\n\n\n<p>As 99 vagas abertas pela Viveo est\u00e3o distribu\u00eddas em diferentes setores e fun\u00e7\u00f5es, contemplando \u00e1reas administrativas, operacionais, t\u00e9cnicas e estrat\u00e9gicas. As oportunidades abrangem n\u00edveis de escolaridade que v\u00e3o desde o ensino m\u00e9dio at\u00e9 o superior, o que permite uma diversidade de perfis profissionais. Algumas das vagas mais comuns que a Viveo est\u00e1 oferecendo incluem:<\/p>\n\n\n\n<h3 class=\"wp-block-heading\">1. Assistente Administrativo<\/h3>\n\n\n\n<p>Profissionais respons\u00e1veis por apoiar atividades administrativas diversas dentro da empresa. \u00c9 uma fun\u00e7\u00e3o essencial para o bom funcionamento dos setores internos, com foco em organiza\u00e7\u00e3o, controle de documentos e atendimento \u00e0s demandas dos gestores.<\/p>\n\n\n\n<h3 class=\"wp-block-heading\">2. Analista de Recursos Humanos<\/h3>\n\n\n\n<p>Essa vaga \u00e9 ideal para quem tem experi\u00eancia no setor de RH e deseja atuar em uma empresa que valoriza a gest\u00e3o de pessoas. As atividades envolvem recrutamento, sele\u00e7\u00e3o, treinamento e desenvolvimento, al\u00e9m de gest\u00e3o de benef\u00edcios e clima organizacional.<\/p>\n\n\n\n<h3 class=\"wp-block-heading\">3. T\u00e9cnico de Enfermagem<\/h3>\n\n\n\n<p>Com o crescimento da \u00e1rea de sa\u00fade dentro da Viveo, o t\u00e9cnico de enfermagem tem papel fundamental na linha de frente do atendimento e no suporte \u00e0s demandas hospitalares. O profissional deve ter forma\u00e7\u00e3o t\u00e9cnica e registro no COREN (Conselho Regional de Enfermagem).<\/p>\n\n\n\n<h3 class=\"wp-block-heading\">4. Motorista de Entrega<\/h3>\n\n\n\n<p>A Viveo conta com um setor log\u00edstico robusto, respons\u00e1vel por distribuir medicamentos e insumos hospitalares em todo o pa\u00eds. Para isso, precisa de motoristas habilitados e com experi\u00eancia em entregas para garantir a efici\u00eancia do transporte.<\/p>\n\n\n\n<h3 class=\"wp-block-heading\">5. Analista de Log\u00edstica<\/h3>\n\n\n\n<p>Quem atua nesta fun\u00e7\u00e3o tem a responsabilidade de organizar e planejar as opera\u00e7\u00f5es log\u00edsticas da empresa, buscando sempre a melhor efici\u00eancia nas entregas e controle de estoques. \u00c9 uma fun\u00e7\u00e3o estrat\u00e9gica e essencial para o bom funcionamento da empresa.<\/p>\n\n\n\n<h3 class=\"wp-block-heading\">6. Auxiliar de Produ\u00e7\u00e3o<\/h3>\n\n\n\n<p>Na parte operacional, a empresa est\u00e1 contratando auxiliares de produ\u00e7\u00e3o para suas f\u00e1bricas. Esses profissionais s\u00e3o respons\u00e1veis por auxiliar nas linhas de montagem e fabrica\u00e7\u00e3o dos produtos de sa\u00fade que a empresa distribui.<\/p>\n\n\n\n<h3 class=\"wp-block-heading\">7. Especialista em Tecnologia da Informa\u00e7\u00e3o (TI)<\/h3>\n\n\n\n<p>Em um mundo cada vez mais digital, a Viveo tamb\u00e9m est\u00e1 ampliando sua equipe de TI, buscando especialistas em desenvolvimento de sistemas, infraestrutura de rede e seguran\u00e7a da informa\u00e7\u00e3o. Esses profissionais garantem que a tecnologia da empresa funcione de forma eficiente e segura.<\/p>\n\n\n\n<p>Essas s\u00e3o apenas algumas das vagas em aberto. A empresa tamb\u00e9m oferece oportunidades em \u00e1reas como marketing, comercial, engenharia, entre outras. A maioria das vagas \u00e9 para trabalho presencial, mas h\u00e1 tamb\u00e9m algumas oportunidades remotas, dependendo da fun\u00e7\u00e3o.<\/p>\n\n\n\n<h2 class=\"wp-block-heading\">Como se candidatar?<\/h2>\n\n\n\n<p>Se voc\u00ea se interessou por alguma das vagas mencionadas ou quer explorar outras oportunidades dentro da Viveo, o processo de candidatura \u00e9 bastante simples. A empresa disponibiliza todas as vagas abertas em seu portal de carreiras, onde os interessados podem fazer suas inscri\u00e7\u00f5es e acompanhar o andamento da sele\u00e7\u00e3o.<\/p>\n\n\n\n<p>Passo a passo para se candidatar:<\/p>\n\n\n\n<p><strong>Acesse o site da Viveo<\/strong><\/p>\n\n\n\n<p>A primeira etapa para se candidatar \u00e9 acessar o site oficial de recrutamento da Viveo. Copie e cole o endere\u00e7o https:\/\/vagas.viveo.com.br em seu navegador e explore as vagas dispon\u00edveis.<\/p>\n\n\n\n<p><strong>Escolha a vaga de interesse<\/strong><\/p>\n\n\n\n<p>No portal, voc\u00ea encontrar\u00e1 a lista completa de vagas abertas, com filtros que facilitam a busca. Voc\u00ea pode filtrar por \u00e1rea de atua\u00e7\u00e3o, localidade, tipo de contrato (CLT, est\u00e1gio, tempor\u00e1rio) e n\u00edvel de escolaridade.<\/p>\n\n\n\n<p><strong>Cadastre seu curr\u00edculo<\/strong><\/p>\n\n\n\n<p>Ap\u00f3s escolher a vaga que mais se adequa ao seu perfil, voc\u00ea dever\u00e1 cadastrar seu curr\u00edculo na plataforma. Se j\u00e1 tiver um cadastro, basta fazer login e atualizar suas informa\u00e7\u00f5es, se necess\u00e1rio.<\/p>\n\n\n\n<p><strong>Acompanhe o processo seletivo<\/strong><\/p>\n\n\n\n<p>Ap\u00f3s a inscri\u00e7\u00e3o, o candidato pode acompanhar o status de sua candidatura diretamente pelo site, onde tamb\u00e9m receber\u00e1 notifica\u00e7\u00f5es sobre as pr\u00f3ximas etapas do processo seletivo.<\/p>\n\n\n\n<h2 class=\"wp-block-heading\">Dicas para o sucesso na candidatura<\/h2>\n\n\n\n<ul class=\"wp-block-list\">\n<li>Atualize seu curr\u00edculo: Certifique-se de que seu curr\u00edculo est\u00e1 atualizado, com todas as informa\u00e7\u00f5es relevantes, como experi\u00eancias anteriores, forma\u00e7\u00e3o acad\u00eamica e habilidades.<\/li>\n\n\n\n<li>Prepare-se para entrevistas: Se voc\u00ea for chamado para uma entrevista, prepare-se com anteced\u00eancia. Pesquise sobre a Viveo, seus valores e as responsabilidades da vaga para mostrar que est\u00e1 alinhado com a empresa.<\/li>\n\n\n\n<li>Destaque suas habilidades: Al\u00e9m das experi\u00eancias profissionais, a Viveo valoriza candidatos que possuem habilidades de comunica\u00e7\u00e3o, trabalho em equipe e proatividade. Mostre como voc\u00ea pode contribuir para o sucesso da empresa.<\/li>\n<\/ul>\n\n\n\n<p>Com uma estrutura moderna e um ambiente de trabalho que promove o desenvolvimento de seus colaboradores, a Viveo oferece excelentes oportunidades para quem busca crescimento profissional. N\u00e3o perca a chance de fazer parte de uma empresa que est\u00e1 na vanguarda do setor de sa\u00fade e aproveite para se candidatar o quanto antes.<\/p>\n\n\n\n<p><strong>Veja tamb\u00e9m: <a href=\"https:\/\/www.vagadeempregorj.com.br\/es\/camed-microcredito-38-vagas-de-emprego-abertas-pelo-pais\/\">Camed Microcr\u00e9dito: 38 vagas de emprego abertas pelo pa\u00eds<\/a><\/strong><\/p>\n\n\n\n<p>12 de setembro de 2024<\/p>","protected":false},"excerpt":{"rendered":"<p>A Viveo, um dos grandes nomes do setor de solu\u00e7\u00f5es em sa\u00fade, anunciou recentemente a abertura de 99 vagas de emprego em diversas \u00e1reas e localidades do Brasil. Com uma atua\u00e7\u00e3o que abrange desde a distribui\u00e7\u00e3o de medicamentos at\u00e9 solu\u00e7\u00f5es integradas para hospitais, cl\u00ednicas e laborat\u00f3rios, a empresa est\u00e1 em constante expans\u00e3o, o que gera&hellip;&nbsp;<\/p>","protected":false},"author":16,"featured_media":40703,"comment_status":"closed","ping_status":"closed","sticky":false,"template":"","format":"standard","meta":{"neve_meta_sidebar":"","neve_meta_container":"","neve_meta_enable_content_width":"","neve_meta_content_width":0,"neve_meta_title_alignment":"","neve_meta_author_avatar":"","neve_post_elements_order":"","neve_meta_disable_header":"","neve_meta_disable_footer":"","neve_meta_disable_title":"","footnotes":""},"categories":[123],"tags":[],"class_list":["post-40695","post","type-post","status-publish","format-standard","has-post-thumbnail","hentry","category-vagas-de-emprego-nacionais"],"yoast_head":"<!-- This site is optimized with the Yoast SEO plugin v27.5 - https:\/\/yoast.com\/product\/yoast-seo-wordpress\/ -->\n<title>Viveo: 99 vagas de emprego abertas pelo pa\u00eds -<\/title>\n<meta name=\"description\" content=\"Veja em Vagas de Emprego RJ as vagas de emprego com e sem experi\u00eancia no seu Estado e Regi\u00e3o!\" \/>\n<meta name=\"robots\" content=\"index, follow, max-snippet:-1, max-image-preview:large, max-video-preview:-1\" \/>\n<link rel=\"canonical\" href=\"https:\/\/www.vagadeempregorj.com.br\/es\/viveo-99-vagas-de-emprego-abertas-pelo-pais\/\" \/>\n<meta property=\"og:locale\" content=\"es_MX\" \/>\n<meta property=\"og:type\" content=\"article\" \/>\n<meta property=\"og:title\" content=\"Viveo: 99 vagas de emprego abertas pelo pa\u00eds -\" \/>\n<meta property=\"og:description\" content=\"Veja em Vagas de Emprego RJ as vagas de emprego com e sem experi\u00eancia no seu Estado e Regi\u00e3o!\" \/>\n<meta property=\"og:url\" content=\"https:\/\/www.vagadeempregorj.com.br\/es\/viveo-99-vagas-de-emprego-abertas-pelo-pais\/\" \/>\n<meta property=\"article:publisher\" content=\"https:\/\/www.facebook.com\/empregobrasiloficial\" \/>\n<meta property=\"article:published_time\" content=\"2024-09-12T09:00:00+00:00\" \/>\n<meta property=\"og:image\" content=\"https:\/\/www.vagadeempregorj.com.br\/wp-content\/uploads\/2024\/09\/image-13.png\" \/>\n\t<meta property=\"og:image:width\" content=\"1200\" \/>\n\t<meta property=\"og:image:height\" content=\"627\" \/>\n\t<meta property=\"og:image:type\" content=\"image\/png\" \/>\n<meta name=\"author\" content=\"Michele\" \/>\n<meta name=\"twitter:card\" content=\"summary_large_image\" \/>\n<meta name=\"twitter:label1\" content=\"Written by\" \/>\n\t<meta name=\"twitter:data1\" content=\"Michele\" \/>\n\t<meta name=\"twitter:label2\" content=\"Est. reading time\" \/>\n\t<meta name=\"twitter:data2\" content=\"5 minutos\" \/>\n<script type=\"application\/ld+json\" class=\"yoast-schema-graph\">{\"@context\":\"https:\\\/\\\/schema.org\",\"@graph\":[{\"@type\":\"Article\",\"@id\":\"https:\\\/\\\/www.vagadeempregorj.com.br\\\/viveo-99-vagas-de-emprego-abertas-pelo-pais\\\/#article\",\"isPartOf\":{\"@id\":\"https:\\\/\\\/www.vagadeempregorj.com.br\\\/viveo-99-vagas-de-emprego-abertas-pelo-pais\\\/\"},\"author\":{\"name\":\"Michele\",\"@id\":\"https:\\\/\\\/www.vagadeempregorj.com.br\\\/#\\\/schema\\\/person\\\/3ddb19fa0539706786e502152f3aae95\"},\"headline\":\"Viveo: 99 vagas de emprego abertas pelo pa\u00eds\",\"datePublished\":\"2024-09-12T09:00:00+00:00\",\"mainEntityOfPage\":{\"@id\":\"https:\\\/\\\/www.vagadeempregorj.com.br\\\/viveo-99-vagas-de-emprego-abertas-pelo-pais\\\/\"},\"wordCount\":920,\"image\":{\"@id\":\"https:\\\/\\\/www.vagadeempregorj.com.br\\\/viveo-99-vagas-de-emprego-abertas-pelo-pais\\\/#primaryimage\"},\"thumbnailUrl\":\"https:\\\/\\\/www.vagadeempregorj.com.br\\\/wp-content\\\/uploads\\\/2024\\\/09\\\/image-13.png\",\"articleSection\":[\"Vagas de Emprego Nacionais\"],\"inLanguage\":\"es\"},{\"@type\":\"WebPage\",\"@id\":\"https:\\\/\\\/www.vagadeempregorj.com.br\\\/viveo-99-vagas-de-emprego-abertas-pelo-pais\\\/\",\"url\":\"https:\\\/\\\/www.vagadeempregorj.com.br\\\/viveo-99-vagas-de-emprego-abertas-pelo-pais\\\/\",\"name\":\"Viveo: 99 vagas de emprego abertas pelo pa\u00eds -\",\"isPartOf\":{\"@id\":\"https:\\\/\\\/www.vagadeempregorj.com.br\\\/#website\"},\"primaryImageOfPage\":{\"@id\":\"https:\\\/\\\/www.vagadeempregorj.com.br\\\/viveo-99-vagas-de-emprego-abertas-pelo-pais\\\/#primaryimage\"},\"image\":{\"@id\":\"https:\\\/\\\/www.vagadeempregorj.com.br\\\/viveo-99-vagas-de-emprego-abertas-pelo-pais\\\/#primaryimage\"},\"thumbnailUrl\":\"https:\\\/\\\/www.vagadeempregorj.com.br\\\/wp-content\\\/uploads\\\/2024\\\/09\\\/image-13.png\",\"datePublished\":\"2024-09-12T09:00:00+00:00\",\"author\":{\"@id\":\"https:\\\/\\\/www.vagadeempregorj.com.br\\\/#\\\/schema\\\/person\\\/3ddb19fa0539706786e502152f3aae95\"},\"description\":\"Veja em Vagas de Emprego RJ as vagas de emprego com e sem experi\u00eancia no seu Estado e Regi\u00e3o!\",\"breadcrumb\":{\"@id\":\"https:\\\/\\\/www.vagadeempregorj.com.br\\\/viveo-99-vagas-de-emprego-abertas-pelo-pais\\\/#breadcrumb\"},\"inLanguage\":\"es\",\"potentialAction\":[{\"@type\":\"ReadAction\",\"target\":[\"https:\\\/\\\/www.vagadeempregorj.com.br\\\/viveo-99-vagas-de-emprego-abertas-pelo-pais\\\/\"]}]},{\"@type\":\"ImageObject\",\"inLanguage\":\"es\",\"@id\":\"https:\\\/\\\/www.vagadeempregorj.com.br\\\/viveo-99-vagas-de-emprego-abertas-pelo-pais\\\/#primaryimage\",\"url\":\"https:\\\/\\\/www.vagadeempregorj.com.br\\\/wp-content\\\/uploads\\\/2024\\\/09\\\/image-13.png\",\"contentUrl\":\"https:\\\/\\\/www.vagadeempregorj.com.br\\\/wp-content\\\/uploads\\\/2024\\\/09\\\/image-13.png\",\"width\":1200,\"height\":627},{\"@type\":\"BreadcrumbList\",\"@id\":\"https:\\\/\\\/www.vagadeempregorj.com.br\\\/viveo-99-vagas-de-emprego-abertas-pelo-pais\\\/#breadcrumb\",\"itemListElement\":[{\"@type\":\"ListItem\",\"position\":1,\"name\":\"In\u00edcio\",\"item\":\"https:\\\/\\\/www.vagadeempregorj.com.br\\\/\"},{\"@type\":\"ListItem\",\"position\":2,\"name\":\"Vagas de Emprego Nacionais\",\"item\":\"https:\\\/\\\/www.vagadeempregorj.com.br\\\/vagas-de-emprego-nacionais\\\/\"},{\"@type\":\"ListItem\",\"position\":3,\"name\":\"Viveo: 99 vagas de emprego abertas pelo pa\u00eds\"}]},{\"@type\":\"WebSite\",\"@id\":\"https:\\\/\\\/www.vagadeempregorj.com.br\\\/#website\",\"url\":\"https:\\\/\\\/www.vagadeempregorj.com.br\\\/\",\"name\":\"\",\"description\":\"Conquiste Sonhos: Vagas, Benef\u00edcios e Economia para Transformar Vidas e Alcan\u00e7ar Melhorias Cotidianas\",\"potentialAction\":[{\"@type\":\"SearchAction\",\"target\":{\"@type\":\"EntryPoint\",\"urlTemplate\":\"https:\\\/\\\/www.vagadeempregorj.com.br\\\/?s={search_term_string}\"},\"query-input\":{\"@type\":\"PropertyValueSpecification\",\"valueRequired\":true,\"valueName\":\"search_term_string\"}}],\"inLanguage\":\"es\"},{\"@type\":\"Person\",\"@id\":\"https:\\\/\\\/www.vagadeempregorj.com.br\\\/#\\\/schema\\\/person\\\/3ddb19fa0539706786e502152f3aae95\",\"name\":\"Michele\",\"image\":{\"@type\":\"ImageObject\",\"inLanguage\":\"es\",\"@id\":\"https:\\\/\\\/secure.gravatar.com\\\/avatar\\\/6b0eb9d22841282815e2cd856a0061c45e1761cd54b22e952d98c4746939aa85?s=96&r=g\",\"url\":\"https:\\\/\\\/secure.gravatar.com\\\/avatar\\\/6b0eb9d22841282815e2cd856a0061c45e1761cd54b22e952d98c4746939aa85?s=96&r=g\",\"contentUrl\":\"https:\\\/\\\/secure.gravatar.com\\\/avatar\\\/6b0eb9d22841282815e2cd856a0061c45e1761cd54b22e952d98c4746939aa85?s=96&r=g\",\"caption\":\"Michele\"},\"description\":\"Formada em Letras - Portugu\u00eas\\\/ Ingl\u00eas, e idealizadora do site Escritora de Sucesso, busca expandir o conhecimento de todos com informa\u00e7\u00f5es relevantes sobre diversos assuntos, enquanto redatora. No Vaga de Emprego RJ, traz oportunidades e dicas sobre o mercado de trabalho.\",\"url\":\"https:\\\/\\\/www.vagadeempregorj.com.br\\\/es\\\/author\\\/michele\\\/\"}]}<\/script>\n<!-- \/ Yoast SEO plugin. -->","yoast_head_json":{"title":"Viveo: 99 vagas de emprego abertas pelo pa\u00eds -","description":"Veja em Vagas de Emprego RJ as vagas de emprego com e sem experi\u00eancia no seu Estado e Regi\u00e3o!","robots":{"index":"index","follow":"follow","max-snippet":"max-snippet:-1","max-image-preview":"max-image-preview:large","max-video-preview":"max-video-preview:-1"},"canonical":"https:\/\/www.vagadeempregorj.com.br\/es\/viveo-99-vagas-de-emprego-abertas-pelo-pais\/","og_locale":"es_MX","og_type":"article","og_title":"Viveo: 99 vagas de emprego abertas pelo pa\u00eds -","og_description":"Veja em Vagas de Emprego RJ as vagas de emprego com e sem experi\u00eancia no seu Estado e Regi\u00e3o!","og_url":"https:\/\/www.vagadeempregorj.com.br\/es\/viveo-99-vagas-de-emprego-abertas-pelo-pais\/","article_publisher":"https:\/\/www.facebook.com\/empregobrasiloficial","article_published_time":"2024-09-12T09:00:00+00:00","og_image":[{"width":1200,"height":627,"url":"https:\/\/www.vagadeempregorj.com.br\/wp-content\/uploads\/2024\/09\/image-13.png","type":"image\/png"}],"author":"Michele","twitter_card":"summary_large_image","twitter_misc":{"Written by":"Michele","Est. reading time":"5 minutos"},"schema":{"@context":"https:\/\/schema.org","@graph":[{"@type":"Article","@id":"https:\/\/www.vagadeempregorj.com.br\/viveo-99-vagas-de-emprego-abertas-pelo-pais\/#article","isPartOf":{"@id":"https:\/\/www.vagadeempregorj.com.br\/viveo-99-vagas-de-emprego-abertas-pelo-pais\/"},"author":{"name":"Michele","@id":"https:\/\/www.vagadeempregorj.com.br\/#\/schema\/person\/3ddb19fa0539706786e502152f3aae95"},"headline":"Viveo: 99 vagas de emprego abertas pelo pa\u00eds","datePublished":"2024-09-12T09:00:00+00:00","mainEntityOfPage":{"@id":"https:\/\/www.vagadeempregorj.com.br\/viveo-99-vagas-de-emprego-abertas-pelo-pais\/"},"wordCount":920,"image":{"@id":"https:\/\/www.vagadeempregorj.com.br\/viveo-99-vagas-de-emprego-abertas-pelo-pais\/#primaryimage"},"thumbnailUrl":"https:\/\/www.vagadeempregorj.com.br\/wp-content\/uploads\/2024\/09\/image-13.png","articleSection":["Vagas de Emprego Nacionais"],"inLanguage":"es"},{"@type":"WebPage","@id":"https:\/\/www.vagadeempregorj.com.br\/viveo-99-vagas-de-emprego-abertas-pelo-pais\/","url":"https:\/\/www.vagadeempregorj.com.br\/viveo-99-vagas-de-emprego-abertas-pelo-pais\/","name":"Viveo: 99 vagas de emprego abertas pelo pa\u00eds -","isPartOf":{"@id":"https:\/\/www.vagadeempregorj.com.br\/#website"},"primaryImageOfPage":{"@id":"https:\/\/www.vagadeempregorj.com.br\/viveo-99-vagas-de-emprego-abertas-pelo-pais\/#primaryimage"},"image":{"@id":"https:\/\/www.vagadeempregorj.com.br\/viveo-99-vagas-de-emprego-abertas-pelo-pais\/#primaryimage"},"thumbnailUrl":"https:\/\/www.vagadeempregorj.com.br\/wp-content\/uploads\/2024\/09\/image-13.png","datePublished":"2024-09-12T09:00:00+00:00","author":{"@id":"https:\/\/www.vagadeempregorj.com.br\/#\/schema\/person\/3ddb19fa0539706786e502152f3aae95"},"description":"Veja em Vagas de Emprego RJ as vagas de emprego com e sem experi\u00eancia no seu Estado e Regi\u00e3o!","breadcrumb":{"@id":"https:\/\/www.vagadeempregorj.com.br\/viveo-99-vagas-de-emprego-abertas-pelo-pais\/#breadcrumb"},"inLanguage":"es","potentialAction":[{"@type":"ReadAction","target":["https:\/\/www.vagadeempregorj.com.br\/viveo-99-vagas-de-emprego-abertas-pelo-pais\/"]}]},{"@type":"ImageObject","inLanguage":"es","@id":"https:\/\/www.vagadeempregorj.com.br\/viveo-99-vagas-de-emprego-abertas-pelo-pais\/#primaryimage","url":"https:\/\/www.vagadeempregorj.com.br\/wp-content\/uploads\/2024\/09\/image-13.png","contentUrl":"https:\/\/www.vagadeempregorj.com.br\/wp-content\/uploads\/2024\/09\/image-13.png","width":1200,"height":627},{"@type":"BreadcrumbList","@id":"https:\/\/www.vagadeempregorj.com.br\/viveo-99-vagas-de-emprego-abertas-pelo-pais\/#breadcrumb","itemListElement":[{"@type":"ListItem","position":1,"name":"In\u00edcio","item":"https:\/\/www.vagadeempregorj.com.br\/"},{"@type":"ListItem","position":2,"name":"Vagas de Emprego Nacionais","item":"https:\/\/www.vagadeempregorj.com.br\/vagas-de-emprego-nacionais\/"},{"@type":"ListItem","position":3,"name":"Viveo: 99 vagas de emprego abertas pelo pa\u00eds"}]},{"@type":"WebSite","@id":"https:\/\/www.vagadeempregorj.com.br\/#website","url":"https:\/\/www.vagadeempregorj.com.br\/","name":"","description":"Conquiste Sonhos: Vagas, Benef\u00edcios e Economia para Transformar Vidas e Alcan\u00e7ar Melhorias Cotidianas","potentialAction":[{"@type":"SearchAction","target":{"@type":"EntryPoint","urlTemplate":"https:\/\/www.vagadeempregorj.com.br\/?s={search_term_string}"},"query-input":{"@type":"PropertyValueSpecification","valueRequired":true,"valueName":"search_term_string"}}],"inLanguage":"es"},{"@type":"Person","@id":"https:\/\/www.vagadeempregorj.com.br\/#\/schema\/person\/3ddb19fa0539706786e502152f3aae95","name":"Michele","image":{"@type":"ImageObject","inLanguage":"es","@id":"https:\/\/secure.gravatar.com\/avatar\/6b0eb9d22841282815e2cd856a0061c45e1761cd54b22e952d98c4746939aa85?s=96&r=g","url":"https:\/\/secure.gravatar.com\/avatar\/6b0eb9d22841282815e2cd856a0061c45e1761cd54b22e952d98c4746939aa85?s=96&r=g","contentUrl":"https:\/\/secure.gravatar.com\/avatar\/6b0eb9d22841282815e2cd856a0061c45e1761cd54b22e952d98c4746939aa85?s=96&r=g","caption":"Michele"},"description":"Formada em Letras - Portugu\u00eas\/ Ingl\u00eas, e idealizadora do site Escritora de Sucesso, busca expandir o conhecimento de todos com informa\u00e7\u00f5es relevantes sobre diversos assuntos, enquanto redatora. No Vaga de Emprego RJ, traz oportunidades e dicas sobre o mercado de trabalho.","url":"https:\/\/www.vagadeempregorj.com.br\/es\/author\/michele\/"}]}},"_links":{"self":[{"href":"https:\/\/www.vagadeempregorj.com.br\/es\/wp-json\/wp\/v2\/posts\/40695","targetHints":{"allow":["GET"]}}],"collection":[{"href":"https:\/\/www.vagadeempregorj.com.br\/es\/wp-json\/wp\/v2\/posts"}],"about":[{"href":"https:\/\/www.vagadeempregorj.com.br\/es\/wp-json\/wp\/v2\/types\/post"}],"author":[{"embeddable":true,"href":"https:\/\/www.vagadeempregorj.com.br\/es\/wp-json\/wp\/v2\/users\/16"}],"replies":[{"embeddable":true,"href":"https:\/\/www.vagadeempregorj.com.br\/es\/wp-json\/wp\/v2\/comments?post=40695"}],"version-history":[{"count":0,"href":"https:\/\/www.vagadeempregorj.com.br\/es\/wp-json\/wp\/v2\/posts\/40695\/revisions"}],"wp:featuredmedia":[{"embeddable":true,"href":"https:\/\/www.vagadeempregorj.com.br\/es\/wp-json\/wp\/v2\/media\/40703"}],"wp:attachment":[{"href":"https:\/\/www.vagadeempregorj.com.br\/es\/wp-json\/wp\/v2\/media?parent=40695"}],"wp:term":[{"taxonomy":"category","embeddable":true,"href":"https:\/\/www.vagadeempregorj.com.br\/es\/wp-json\/wp\/v2\/categories?post=40695"},{"taxonomy":"post_tag","embeddable":true,"href":"https:\/\/www.vagadeempregorj.com.br\/es\/wp-json\/wp\/v2\/tags?post=40695"}],"curies":[{"name":"wp","href":"https:\/\/api.w.org\/{rel}","templated":true}]}}