{"id":40697,"date":"2024-09-13T06:00:00","date_gmt":"2024-09-13T09:00:00","guid":{"rendered":"https:\/\/www.vagadeempregorj.com.br\/?p=40697"},"modified":"2024-09-10T22:01:38","modified_gmt":"2024-09-11T01:01:38","slug":"decathlon-149-vagas-de-emprego-abertas-pelo-pais","status":"publish","type":"post","link":"https:\/\/www.vagadeempregorj.com.br\/es\/decathlon-149-vagas-de-emprego-abertas-pelo-pais\/","title":{"rendered":"Decathlon: 149 vagas de emprego abertas pelo pa\u00eds"},"content":{"rendered":"<p>A <strong>Decathlon<\/strong>, uma das maiores redes de lojas de artigos esportivos do mundo, est\u00e1 em plena expans\u00e3o no Brasil e anunciou a abertura de 149 vagas de emprego em diferentes cidades do pa\u00eds. A empresa, que se destaca por promover um ambiente de trabalho din\u00e2mico e voltado ao esporte, busca profissionais que compartilhem de sua paix\u00e3o por esportes e inova\u00e7\u00e3o. As oportunidades s\u00e3o voltadas tanto para quem j\u00e1 tem experi\u00eancia no setor quanto para aqueles que est\u00e3o em busca do primeiro emprego, oferecendo chances para crescimento e desenvolvimento dentro da organiza\u00e7\u00e3o.<\/p>\n\n\n\n<figure class=\"wp-block-image size-large\"><img loading=\"lazy\" decoding=\"async\" width=\"1024\" height=\"683\" src=\"https:\/\/www.vagadeempregorj.com.br\/wp-content\/uploads\/2024\/09\/image-10-1024x683.png\" alt=\"\" class=\"wp-image-40700\" srcset=\"https:\/\/www.vagadeempregorj.com.br\/wp-content\/uploads\/2024\/09\/image-10-1024x683.png 1024w, https:\/\/www.vagadeempregorj.com.br\/wp-content\/uploads\/2024\/09\/image-10-300x200.png 300w, https:\/\/www.vagadeempregorj.com.br\/wp-content\/uploads\/2024\/09\/image-10-768x512.png 768w, https:\/\/www.vagadeempregorj.com.br\/wp-content\/uploads\/2024\/09\/image-10-150x100.png 150w, https:\/\/www.vagadeempregorj.com.br\/wp-content\/uploads\/2024\/09\/image-10.png 1200w\" sizes=\"auto, (max-width: 1024px) 100vw, 1024px\" \/><\/figure>\n\n\n\n<h2 class=\"wp-block-heading\">Quais s\u00e3o as vagas de emprego abertas pela Decathlon?<\/h2>\n\n\n\n<p>A Decathlon oferece uma ampla variedade de oportunidades em v\u00e1rias \u00e1reas. As vagas dispon\u00edveis abrangem desde posi\u00e7\u00f5es em loja, como vendedores e gerentes, at\u00e9 fun\u00e7\u00f5es administrativas e log\u00edsticas. Veja alguns dos principais cargos oferecidos:<\/p>\n\n\n\n<h3 class=\"wp-block-heading\">Vendedor de Esportes<\/h3>\n\n\n\n<p>Essa \u00e9 uma das fun\u00e7\u00f5es mais populares na Decathlon. O vendedor de esportes \u00e9 respons\u00e1vel por atender os clientes, ajudar na escolha dos produtos, organizar o estoque e garantir que a loja esteja sempre preparada para receber o p\u00fablico. Al\u00e9m disso, o colaborador deve ter conhecimento sobre os produtos vendidos, j\u00e1 que a Decathlon valoriza o atendimento especializado.<\/p>\n\n\n\n<h3 class=\"wp-block-heading\">L\u00edder de Se\u00e7\u00e3o<\/h3>\n\n\n\n<p>O l\u00edder de se\u00e7\u00e3o atua como gestor de uma \u00e1rea espec\u00edfica da loja, sendo respons\u00e1vel pelo desempenho da equipe e pelo cumprimento de metas. Ele tamb\u00e9m garante a organiza\u00e7\u00e3o do setor, acompanha o invent\u00e1rio e toma decis\u00f5es estrat\u00e9gicas para melhorar a experi\u00eancia do cliente.<\/p>\n\n\n\n<h3 class=\"wp-block-heading\">Coordenador de Log\u00edstica<\/h3>\n\n\n\n<p>Na \u00e1rea de log\u00edstica, o coordenador \u00e9 respons\u00e1vel por gerenciar o recebimento, armazenamento e distribui\u00e7\u00e3o dos produtos. Ele trabalha em conjunto com outros setores para garantir que as lojas estejam sempre bem abastecidas e que os produtos cheguem aos clientes dentro dos prazos estabelecidos.<\/p>\n\n\n\n<h3 class=\"wp-block-heading\">Assistente Administrativo<\/h3>\n\n\n\n<p>No setor administrativo, a Decathlon oferece vagas para assistentes que ir\u00e3o auxiliar na organiza\u00e7\u00e3o interna da empresa, realizando tarefas como controle de documentos, atendimento a fornecedores e apoio a diferentes \u00e1reas da opera\u00e7\u00e3o.<\/p>\n\n\n\n<h3 class=\"wp-block-heading\">Especialista em E-commerce<\/h3>\n\n\n\n<p>Com o crescimento das vendas online, a Decathlon tamb\u00e9m tem buscado profissionais para o setor de e-commerce. Esse especialista atua na gest\u00e3o do site, trabalhando para garantir que a experi\u00eancia de compra dos clientes seja r\u00e1pida, pr\u00e1tica e eficiente.<\/p>\n\n\n\n<p>Essas s\u00e3o apenas algumas das vagas dispon\u00edveis. Al\u00e9m desses cargos, h\u00e1 oportunidades em outras \u00e1reas, como recursos humanos, marketing e desenvolvimento de produtos. Cada posi\u00e7\u00e3o tem suas especificidades, mas todas compartilham o mesmo objetivo: promover o esporte e oferecer produtos de qualidade para os clientes.<\/p>\n\n\n\n<h2 class=\"wp-block-heading\">Como se candidatar?<\/h2>\n\n\n\n<p>Se voc\u00ea se interessou por alguma das vagas dispon\u00edveis na Decathlon, o processo de candidatura \u00e9 simples e totalmente online. Para se candidatar, siga os passos abaixo:<\/p>\n\n\n\n<ul class=\"wp-block-list\">\n<li>Acesse o site de carreiras da Decathlon: A empresa centraliza suas vagas em uma plataforma digital, onde os candidatos podem visualizar todas as oportunidades dispon\u00edveis, verificar os requisitos de cada uma e se inscrever diretamente. Para acessar o site, copie e cole o endere\u00e7o <strong>https:\/\/decathlon.jobs<\/strong> em seu navegador e voc\u00ea ser\u00e1 direcionado para a p\u00e1gina oficial de carreiras da Decathlon.<\/li>\n\n\n\n<li>Crie seu perfil: No site, voc\u00ea precisar\u00e1 criar um perfil com seus dados pessoais e profissionais. \u00c9 importante preencher todas as informa\u00e7\u00f5es de forma completa e detalhada, pois isso ajudar\u00e1 a empresa a encontrar o melhor encaixe para o seu perfil nas vagas dispon\u00edveis.<\/li>\n\n\n\n<li>Selecione a vaga de interesse: Depois de criar seu perfil, voc\u00ea pode procurar pela vaga que mais se adequa ao seu perfil. As vagas est\u00e3o organizadas por \u00e1reas de atua\u00e7\u00e3o e localiza\u00e7\u00e3o, facilitando a busca de oportunidades pr\u00f3ximas a voc\u00ea.<\/li>\n\n\n\n<li>Envie seu curr\u00edculo: Ao selecionar a vaga desejada, voc\u00ea poder\u00e1 enviar seu curr\u00edculo diretamente pela plataforma. Certifique-se de que seu curr\u00edculo esteja atualizado e de que ele destaque suas experi\u00eancias e habilidades mais relevantes para o cargo.<\/li>\n\n\n\n<li>Acompanhe o processo: Ap\u00f3s a inscri\u00e7\u00e3o, voc\u00ea poder\u00e1 acompanhar o andamento do seu processo seletivo diretamente pelo site. A Decathlon costuma ser \u00e1gil em suas contrata\u00e7\u00f5es, ent\u00e3o fique atento \u00e0s notifica\u00e7\u00f5es de entrevista ou de etapas seguintes do processo.<\/li>\n<\/ul>\n\n\n\n<h2 class=\"wp-block-heading\">Dicas para se destacar no processo seletivo<\/h2>\n\n\n\n<p>Para aumentar suas chances de sucesso no processo seletivo da Decathlon, \u00e9 importante seguir algumas dicas:<\/p>\n\n\n\n<ul class=\"wp-block-list\">\n<li>Demonstre sua paix\u00e3o pelo esporte: A Decathlon \u00e9 uma empresa voltada ao esporte e valoriza muito essa caracter\u00edstica em seus colaboradores. Se voc\u00ea pratica alguma atividade esportiva, mencione isso em seu curr\u00edculo e durante as entrevistas. Mostrar que voc\u00ea compartilha dos mesmos valores da empresa pode ser um diferencial.<\/li>\n\n\n\n<li>Seja proativo: A empresa procura pessoas din\u00e2micas, que tenham iniciativa e gostem de trabalhar em equipe. Durante o processo seletivo, destaque situa\u00e7\u00f5es em que voc\u00ea mostrou proatividade e capacidade de trabalhar bem com outras pessoas.<\/li>\n\n\n\n<li>Conhe\u00e7a a empresa: Antes de uma eventual entrevista, pesquise mais sobre a Decathlon, seus produtos e sua miss\u00e3o. Mostrar que voc\u00ea est\u00e1 bem informado e que tem interesse genu\u00edno pela empresa pode ajudar a criar uma boa impress\u00e3o.<\/li>\n<\/ul>\n\n\n\n<p>Trabalhar na Decathlon \u00e9 uma oportunidade incr\u00edvel para quem quer unir a paix\u00e3o pelo esporte a uma carreira profissional. Com as 149 vagas de emprego dispon\u00edveis em diversas \u00e1reas, as chances de encontrar a posi\u00e7\u00e3o ideal s\u00e3o grandes. Se voc\u00ea se identificou com os valores da empresa e deseja fazer parte desse time, n\u00e3o perca tempo e fa\u00e7a sua inscri\u00e7\u00e3o!<\/p>\n\n\n\n<p><strong>Veja tamb\u00e9m: <a href=\"https:\/\/www.vagadeempregorj.com.br\/es\/camed-microcredito-38-vagas-de-emprego-abertas-pelo-pais\/\">Camed Microcr\u00e9dito: 38 vagas de emprego abertas pelo pa\u00eds<\/a><\/strong><\/p>\n\n\n\n<p>13 de setembro de 2024<\/p>","protected":false},"excerpt":{"rendered":"<p>A Decathlon, uma das maiores redes de lojas de artigos esportivos do mundo, est\u00e1 em plena expans\u00e3o no Brasil e anunciou a abertura de 149 vagas de emprego em diferentes cidades do pa\u00eds. A empresa, que se destaca por promover um ambiente de trabalho din\u00e2mico e voltado ao esporte, busca profissionais que compartilhem de sua&hellip;&nbsp;<\/p>","protected":false},"author":16,"featured_media":40700,"comment_status":"closed","ping_status":"closed","sticky":false,"template":"","format":"standard","meta":{"neve_meta_sidebar":"","neve_meta_container":"","neve_meta_enable_content_width":"","neve_meta_content_width":0,"neve_meta_title_alignment":"","neve_meta_author_avatar":"","neve_post_elements_order":"","neve_meta_disable_header":"","neve_meta_disable_footer":"","neve_meta_disable_title":"","footnotes":""},"categories":[123],"tags":[],"class_list":["post-40697","post","type-post","status-publish","format-standard","has-post-thumbnail","hentry","category-vagas-de-emprego-nacionais"],"yoast_head":"<!-- This site is optimized with the Yoast SEO plugin v27.5 - https:\/\/yoast.com\/product\/yoast-seo-wordpress\/ -->\n<title>Decathlon: 149 vagas de emprego abertas pelo pa\u00eds -<\/title>\n<meta name=\"description\" content=\"Veja em Vagas de Emprego RJ as vagas de emprego com e sem experi\u00eancia no seu Estado e Regi\u00e3o!\" \/>\n<meta name=\"robots\" content=\"index, follow, max-snippet:-1, max-image-preview:large, max-video-preview:-1\" \/>\n<link rel=\"canonical\" href=\"https:\/\/www.vagadeempregorj.com.br\/es\/decathlon-149-vagas-de-emprego-abertas-pelo-pais\/\" \/>\n<meta property=\"og:locale\" content=\"es_MX\" \/>\n<meta property=\"og:type\" content=\"article\" \/>\n<meta property=\"og:title\" content=\"Decathlon: 149 vagas de emprego abertas pelo pa\u00eds -\" \/>\n<meta property=\"og:description\" content=\"Veja em Vagas de Emprego RJ as vagas de emprego com e sem experi\u00eancia no seu Estado e Regi\u00e3o!\" \/>\n<meta property=\"og:url\" content=\"https:\/\/www.vagadeempregorj.com.br\/es\/decathlon-149-vagas-de-emprego-abertas-pelo-pais\/\" \/>\n<meta property=\"article:publisher\" content=\"https:\/\/www.facebook.com\/empregobrasiloficial\" \/>\n<meta property=\"article:published_time\" content=\"2024-09-13T09:00:00+00:00\" \/>\n<meta property=\"og:image\" content=\"https:\/\/www.vagadeempregorj.com.br\/wp-content\/uploads\/2024\/09\/image-10.png\" \/>\n\t<meta property=\"og:image:width\" content=\"1200\" \/>\n\t<meta property=\"og:image:height\" content=\"800\" \/>\n\t<meta property=\"og:image:type\" content=\"image\/png\" \/>\n<meta name=\"author\" content=\"Michele\" \/>\n<meta name=\"twitter:card\" content=\"summary_large_image\" \/>\n<meta name=\"twitter:label1\" content=\"Written by\" \/>\n\t<meta name=\"twitter:data1\" content=\"Michele\" \/>\n\t<meta name=\"twitter:label2\" content=\"Est. reading time\" \/>\n\t<meta name=\"twitter:data2\" content=\"5 minutos\" \/>\n<script type=\"application\/ld+json\" class=\"yoast-schema-graph\">{\"@context\":\"https:\\\/\\\/schema.org\",\"@graph\":[{\"@type\":\"Article\",\"@id\":\"https:\\\/\\\/www.vagadeempregorj.com.br\\\/decathlon-149-vagas-de-emprego-abertas-pelo-pais\\\/#article\",\"isPartOf\":{\"@id\":\"https:\\\/\\\/www.vagadeempregorj.com.br\\\/decathlon-149-vagas-de-emprego-abertas-pelo-pais\\\/\"},\"author\":{\"name\":\"Michele\",\"@id\":\"https:\\\/\\\/www.vagadeempregorj.com.br\\\/#\\\/schema\\\/person\\\/3ddb19fa0539706786e502152f3aae95\"},\"headline\":\"Decathlon: 149 vagas de emprego abertas pelo pa\u00eds\",\"datePublished\":\"2024-09-13T09:00:00+00:00\",\"mainEntityOfPage\":{\"@id\":\"https:\\\/\\\/www.vagadeempregorj.com.br\\\/decathlon-149-vagas-de-emprego-abertas-pelo-pais\\\/\"},\"wordCount\":965,\"image\":{\"@id\":\"https:\\\/\\\/www.vagadeempregorj.com.br\\\/decathlon-149-vagas-de-emprego-abertas-pelo-pais\\\/#primaryimage\"},\"thumbnailUrl\":\"https:\\\/\\\/www.vagadeempregorj.com.br\\\/wp-content\\\/uploads\\\/2024\\\/09\\\/image-10.png\",\"articleSection\":[\"Vagas de Emprego Nacionais\"],\"inLanguage\":\"es\"},{\"@type\":\"WebPage\",\"@id\":\"https:\\\/\\\/www.vagadeempregorj.com.br\\\/decathlon-149-vagas-de-emprego-abertas-pelo-pais\\\/\",\"url\":\"https:\\\/\\\/www.vagadeempregorj.com.br\\\/decathlon-149-vagas-de-emprego-abertas-pelo-pais\\\/\",\"name\":\"Decathlon: 149 vagas de emprego abertas pelo pa\u00eds -\",\"isPartOf\":{\"@id\":\"https:\\\/\\\/www.vagadeempregorj.com.br\\\/#website\"},\"primaryImageOfPage\":{\"@id\":\"https:\\\/\\\/www.vagadeempregorj.com.br\\\/decathlon-149-vagas-de-emprego-abertas-pelo-pais\\\/#primaryimage\"},\"image\":{\"@id\":\"https:\\\/\\\/www.vagadeempregorj.com.br\\\/decathlon-149-vagas-de-emprego-abertas-pelo-pais\\\/#primaryimage\"},\"thumbnailUrl\":\"https:\\\/\\\/www.vagadeempregorj.com.br\\\/wp-content\\\/uploads\\\/2024\\\/09\\\/image-10.png\",\"datePublished\":\"2024-09-13T09:00:00+00:00\",\"author\":{\"@id\":\"https:\\\/\\\/www.vagadeempregorj.com.br\\\/#\\\/schema\\\/person\\\/3ddb19fa0539706786e502152f3aae95\"},\"description\":\"Veja em Vagas de Emprego RJ as vagas de emprego com e sem experi\u00eancia no seu Estado e Regi\u00e3o!\",\"breadcrumb\":{\"@id\":\"https:\\\/\\\/www.vagadeempregorj.com.br\\\/decathlon-149-vagas-de-emprego-abertas-pelo-pais\\\/#breadcrumb\"},\"inLanguage\":\"es\",\"potentialAction\":[{\"@type\":\"ReadAction\",\"target\":[\"https:\\\/\\\/www.vagadeempregorj.com.br\\\/decathlon-149-vagas-de-emprego-abertas-pelo-pais\\\/\"]}]},{\"@type\":\"ImageObject\",\"inLanguage\":\"es\",\"@id\":\"https:\\\/\\\/www.vagadeempregorj.com.br\\\/decathlon-149-vagas-de-emprego-abertas-pelo-pais\\\/#primaryimage\",\"url\":\"https:\\\/\\\/www.vagadeempregorj.com.br\\\/wp-content\\\/uploads\\\/2024\\\/09\\\/image-10.png\",\"contentUrl\":\"https:\\\/\\\/www.vagadeempregorj.com.br\\\/wp-content\\\/uploads\\\/2024\\\/09\\\/image-10.png\",\"width\":1200,\"height\":800},{\"@type\":\"BreadcrumbList\",\"@id\":\"https:\\\/\\\/www.vagadeempregorj.com.br\\\/decathlon-149-vagas-de-emprego-abertas-pelo-pais\\\/#breadcrumb\",\"itemListElement\":[{\"@type\":\"ListItem\",\"position\":1,\"name\":\"In\u00edcio\",\"item\":\"https:\\\/\\\/www.vagadeempregorj.com.br\\\/\"},{\"@type\":\"ListItem\",\"position\":2,\"name\":\"Vagas de Emprego Nacionais\",\"item\":\"https:\\\/\\\/www.vagadeempregorj.com.br\\\/vagas-de-emprego-nacionais\\\/\"},{\"@type\":\"ListItem\",\"position\":3,\"name\":\"Decathlon: 149 vagas de emprego abertas pelo pa\u00eds\"}]},{\"@type\":\"WebSite\",\"@id\":\"https:\\\/\\\/www.vagadeempregorj.com.br\\\/#website\",\"url\":\"https:\\\/\\\/www.vagadeempregorj.com.br\\\/\",\"name\":\"\",\"description\":\"Conquiste Sonhos: Vagas, Benef\u00edcios e Economia para Transformar Vidas e Alcan\u00e7ar Melhorias Cotidianas\",\"potentialAction\":[{\"@type\":\"SearchAction\",\"target\":{\"@type\":\"EntryPoint\",\"urlTemplate\":\"https:\\\/\\\/www.vagadeempregorj.com.br\\\/?s={search_term_string}\"},\"query-input\":{\"@type\":\"PropertyValueSpecification\",\"valueRequired\":true,\"valueName\":\"search_term_string\"}}],\"inLanguage\":\"es\"},{\"@type\":\"Person\",\"@id\":\"https:\\\/\\\/www.vagadeempregorj.com.br\\\/#\\\/schema\\\/person\\\/3ddb19fa0539706786e502152f3aae95\",\"name\":\"Michele\",\"image\":{\"@type\":\"ImageObject\",\"inLanguage\":\"es\",\"@id\":\"https:\\\/\\\/secure.gravatar.com\\\/avatar\\\/6b0eb9d22841282815e2cd856a0061c45e1761cd54b22e952d98c4746939aa85?s=96&r=g\",\"url\":\"https:\\\/\\\/secure.gravatar.com\\\/avatar\\\/6b0eb9d22841282815e2cd856a0061c45e1761cd54b22e952d98c4746939aa85?s=96&r=g\",\"contentUrl\":\"https:\\\/\\\/secure.gravatar.com\\\/avatar\\\/6b0eb9d22841282815e2cd856a0061c45e1761cd54b22e952d98c4746939aa85?s=96&r=g\",\"caption\":\"Michele\"},\"description\":\"Formada em Letras - Portugu\u00eas\\\/ Ingl\u00eas, e idealizadora do site Escritora de Sucesso, busca expandir o conhecimento de todos com informa\u00e7\u00f5es relevantes sobre diversos assuntos, enquanto redatora. No Vaga de Emprego RJ, traz oportunidades e dicas sobre o mercado de trabalho.\",\"url\":\"https:\\\/\\\/www.vagadeempregorj.com.br\\\/es\\\/author\\\/michele\\\/\"}]}<\/script>\n<!-- \/ Yoast SEO plugin. -->","yoast_head_json":{"title":"Decathlon: 149 vagas de emprego abertas pelo pa\u00eds -","description":"Veja em Vagas de Emprego RJ as vagas de emprego com e sem experi\u00eancia no seu Estado e Regi\u00e3o!","robots":{"index":"index","follow":"follow","max-snippet":"max-snippet:-1","max-image-preview":"max-image-preview:large","max-video-preview":"max-video-preview:-1"},"canonical":"https:\/\/www.vagadeempregorj.com.br\/es\/decathlon-149-vagas-de-emprego-abertas-pelo-pais\/","og_locale":"es_MX","og_type":"article","og_title":"Decathlon: 149 vagas de emprego abertas pelo pa\u00eds -","og_description":"Veja em Vagas de Emprego RJ as vagas de emprego com e sem experi\u00eancia no seu Estado e Regi\u00e3o!","og_url":"https:\/\/www.vagadeempregorj.com.br\/es\/decathlon-149-vagas-de-emprego-abertas-pelo-pais\/","article_publisher":"https:\/\/www.facebook.com\/empregobrasiloficial","article_published_time":"2024-09-13T09:00:00+00:00","og_image":[{"width":1200,"height":800,"url":"https:\/\/www.vagadeempregorj.com.br\/wp-content\/uploads\/2024\/09\/image-10.png","type":"image\/png"}],"author":"Michele","twitter_card":"summary_large_image","twitter_misc":{"Written by":"Michele","Est. reading time":"5 minutos"},"schema":{"@context":"https:\/\/schema.org","@graph":[{"@type":"Article","@id":"https:\/\/www.vagadeempregorj.com.br\/decathlon-149-vagas-de-emprego-abertas-pelo-pais\/#article","isPartOf":{"@id":"https:\/\/www.vagadeempregorj.com.br\/decathlon-149-vagas-de-emprego-abertas-pelo-pais\/"},"author":{"name":"Michele","@id":"https:\/\/www.vagadeempregorj.com.br\/#\/schema\/person\/3ddb19fa0539706786e502152f3aae95"},"headline":"Decathlon: 149 vagas de emprego abertas pelo pa\u00eds","datePublished":"2024-09-13T09:00:00+00:00","mainEntityOfPage":{"@id":"https:\/\/www.vagadeempregorj.com.br\/decathlon-149-vagas-de-emprego-abertas-pelo-pais\/"},"wordCount":965,"image":{"@id":"https:\/\/www.vagadeempregorj.com.br\/decathlon-149-vagas-de-emprego-abertas-pelo-pais\/#primaryimage"},"thumbnailUrl":"https:\/\/www.vagadeempregorj.com.br\/wp-content\/uploads\/2024\/09\/image-10.png","articleSection":["Vagas de Emprego Nacionais"],"inLanguage":"es"},{"@type":"WebPage","@id":"https:\/\/www.vagadeempregorj.com.br\/decathlon-149-vagas-de-emprego-abertas-pelo-pais\/","url":"https:\/\/www.vagadeempregorj.com.br\/decathlon-149-vagas-de-emprego-abertas-pelo-pais\/","name":"Decathlon: 149 vagas de emprego abertas pelo pa\u00eds -","isPartOf":{"@id":"https:\/\/www.vagadeempregorj.com.br\/#website"},"primaryImageOfPage":{"@id":"https:\/\/www.vagadeempregorj.com.br\/decathlon-149-vagas-de-emprego-abertas-pelo-pais\/#primaryimage"},"image":{"@id":"https:\/\/www.vagadeempregorj.com.br\/decathlon-149-vagas-de-emprego-abertas-pelo-pais\/#primaryimage"},"thumbnailUrl":"https:\/\/www.vagadeempregorj.com.br\/wp-content\/uploads\/2024\/09\/image-10.png","datePublished":"2024-09-13T09:00:00+00:00","author":{"@id":"https:\/\/www.vagadeempregorj.com.br\/#\/schema\/person\/3ddb19fa0539706786e502152f3aae95"},"description":"Veja em Vagas de Emprego RJ as vagas de emprego com e sem experi\u00eancia no seu Estado e Regi\u00e3o!","breadcrumb":{"@id":"https:\/\/www.vagadeempregorj.com.br\/decathlon-149-vagas-de-emprego-abertas-pelo-pais\/#breadcrumb"},"inLanguage":"es","potentialAction":[{"@type":"ReadAction","target":["https:\/\/www.vagadeempregorj.com.br\/decathlon-149-vagas-de-emprego-abertas-pelo-pais\/"]}]},{"@type":"ImageObject","inLanguage":"es","@id":"https:\/\/www.vagadeempregorj.com.br\/decathlon-149-vagas-de-emprego-abertas-pelo-pais\/#primaryimage","url":"https:\/\/www.vagadeempregorj.com.br\/wp-content\/uploads\/2024\/09\/image-10.png","contentUrl":"https:\/\/www.vagadeempregorj.com.br\/wp-content\/uploads\/2024\/09\/image-10.png","width":1200,"height":800},{"@type":"BreadcrumbList","@id":"https:\/\/www.vagadeempregorj.com.br\/decathlon-149-vagas-de-emprego-abertas-pelo-pais\/#breadcrumb","itemListElement":[{"@type":"ListItem","position":1,"name":"In\u00edcio","item":"https:\/\/www.vagadeempregorj.com.br\/"},{"@type":"ListItem","position":2,"name":"Vagas de Emprego Nacionais","item":"https:\/\/www.vagadeempregorj.com.br\/vagas-de-emprego-nacionais\/"},{"@type":"ListItem","position":3,"name":"Decathlon: 149 vagas de emprego abertas pelo pa\u00eds"}]},{"@type":"WebSite","@id":"https:\/\/www.vagadeempregorj.com.br\/#website","url":"https:\/\/www.vagadeempregorj.com.br\/","name":"","description":"Conquiste Sonhos: Vagas, Benef\u00edcios e Economia para Transformar Vidas e Alcan\u00e7ar Melhorias Cotidianas","potentialAction":[{"@type":"SearchAction","target":{"@type":"EntryPoint","urlTemplate":"https:\/\/www.vagadeempregorj.com.br\/?s={search_term_string}"},"query-input":{"@type":"PropertyValueSpecification","valueRequired":true,"valueName":"search_term_string"}}],"inLanguage":"es"},{"@type":"Person","@id":"https:\/\/www.vagadeempregorj.com.br\/#\/schema\/person\/3ddb19fa0539706786e502152f3aae95","name":"Michele","image":{"@type":"ImageObject","inLanguage":"es","@id":"https:\/\/secure.gravatar.com\/avatar\/6b0eb9d22841282815e2cd856a0061c45e1761cd54b22e952d98c4746939aa85?s=96&r=g","url":"https:\/\/secure.gravatar.com\/avatar\/6b0eb9d22841282815e2cd856a0061c45e1761cd54b22e952d98c4746939aa85?s=96&r=g","contentUrl":"https:\/\/secure.gravatar.com\/avatar\/6b0eb9d22841282815e2cd856a0061c45e1761cd54b22e952d98c4746939aa85?s=96&r=g","caption":"Michele"},"description":"Formada em Letras - Portugu\u00eas\/ Ingl\u00eas, e idealizadora do site Escritora de Sucesso, busca expandir o conhecimento de todos com informa\u00e7\u00f5es relevantes sobre diversos assuntos, enquanto redatora. No Vaga de Emprego RJ, traz oportunidades e dicas sobre o mercado de trabalho.","url":"https:\/\/www.vagadeempregorj.com.br\/es\/author\/michele\/"}]}},"_links":{"self":[{"href":"https:\/\/www.vagadeempregorj.com.br\/es\/wp-json\/wp\/v2\/posts\/40697","targetHints":{"allow":["GET"]}}],"collection":[{"href":"https:\/\/www.vagadeempregorj.com.br\/es\/wp-json\/wp\/v2\/posts"}],"about":[{"href":"https:\/\/www.vagadeempregorj.com.br\/es\/wp-json\/wp\/v2\/types\/post"}],"author":[{"embeddable":true,"href":"https:\/\/www.vagadeempregorj.com.br\/es\/wp-json\/wp\/v2\/users\/16"}],"replies":[{"embeddable":true,"href":"https:\/\/www.vagadeempregorj.com.br\/es\/wp-json\/wp\/v2\/comments?post=40697"}],"version-history":[{"count":0,"href":"https:\/\/www.vagadeempregorj.com.br\/es\/wp-json\/wp\/v2\/posts\/40697\/revisions"}],"wp:featuredmedia":[{"embeddable":true,"href":"https:\/\/www.vagadeempregorj.com.br\/es\/wp-json\/wp\/v2\/media\/40700"}],"wp:attachment":[{"href":"https:\/\/www.vagadeempregorj.com.br\/es\/wp-json\/wp\/v2\/media?parent=40697"}],"wp:term":[{"taxonomy":"category","embeddable":true,"href":"https:\/\/www.vagadeempregorj.com.br\/es\/wp-json\/wp\/v2\/categories?post=40697"},{"taxonomy":"post_tag","embeddable":true,"href":"https:\/\/www.vagadeempregorj.com.br\/es\/wp-json\/wp\/v2\/tags?post=40697"}],"curies":[{"name":"wp","href":"https:\/\/api.w.org\/{rel}","templated":true}]}}