{"id":40737,"date":"2024-09-16T17:11:00","date_gmt":"2024-09-16T20:11:00","guid":{"rendered":"https:\/\/www.vagadeempregorj.com.br\/?p=40737"},"modified":"2024-09-14T17:26:52","modified_gmt":"2024-09-14T20:26:52","slug":"jamef-101-vagas-de-emprego-abertas-pelo-pais","status":"publish","type":"post","link":"https:\/\/www.vagadeempregorj.com.br\/es\/jamef-101-vagas-de-emprego-abertas-pelo-pais\/","title":{"rendered":"Jamef: 101 vagas de EMPREGO abertas pelo pa\u00eds"},"content":{"rendered":"<p>A <strong>Jamef Encomendas Urgentes<\/strong>, uma das principais empresas de transporte e log\u00edstica no Brasil, acaba de anunciar a abertura de 101 vagas de emprego em diversas regi\u00f5es do pa\u00eds. A oportunidade \u00e9 um al\u00edvio para quem busca recoloca\u00e7\u00e3o no mercado de trabalho, especialmente em uma empresa de grande porte que atua h\u00e1 mais de 60 anos no setor. Se voc\u00ea est\u00e1 em busca de uma chance para ingressar em uma empresa s\u00f3lida, inovadora e comprometida com seus colaboradores, essa pode ser a sua oportunidade.<\/p>\n\n\n\n<h2 class=\"wp-block-heading\"><strong>Quais s\u00e3o as vagas de emprego abertas pela Jamef?<\/strong><\/h2>\n\n\n\n<p>A Jamef est\u00e1 com vagas abertas em v\u00e1rias \u00e1reas, o que permite que profissionais de diferentes perfis possam encontrar uma oportunidade que se encaixe no seu perfil. Confira algumas das vagas dispon\u00edveis:<\/p>\n\n\n\n<figure class=\"wp-block-image size-large\"><img loading=\"lazy\" decoding=\"async\" width=\"1024\" height=\"640\" src=\"https:\/\/www.vagadeempregorj.com.br\/wp-content\/uploads\/2024\/09\/image-16-1024x640.png\" alt=\"\" class=\"wp-image-40744\" srcset=\"https:\/\/www.vagadeempregorj.com.br\/wp-content\/uploads\/2024\/09\/image-16-1024x640.png 1024w, https:\/\/www.vagadeempregorj.com.br\/wp-content\/uploads\/2024\/09\/image-16-300x188.png 300w, https:\/\/www.vagadeempregorj.com.br\/wp-content\/uploads\/2024\/09\/image-16-768x480.png 768w, https:\/\/www.vagadeempregorj.com.br\/wp-content\/uploads\/2024\/09\/image-16-150x94.png 150w, https:\/\/www.vagadeempregorj.com.br\/wp-content\/uploads\/2024\/09\/image-16.png 1080w\" sizes=\"auto, (max-width: 1024px) 100vw, 1024px\" \/><\/figure>\n\n\n\n<h3 class=\"wp-block-heading\"><strong>Motorista<\/strong><\/h3>\n\n\n\n<ul class=\"wp-block-list\">\n<li><strong>Descri\u00e7\u00e3o<\/strong>: A vaga \u00e9 destinada a motoristas habilitados na categoria D ou E, com experi\u00eancia em transporte de cargas. Os motoristas da Jamef s\u00e3o respons\u00e1veis por garantir a entrega de mercadorias com seguran\u00e7a e dentro dos prazos estabelecidos.<\/li>\n\n\n\n<li><strong>Requisitos<\/strong>: CNH v\u00e1lida (categoria D ou E), conhecimento em rotas urbanas e rodovi\u00e1rias, e experi\u00eancia comprovada no setor.<\/li>\n<\/ul>\n\n\n\n<h3 class=\"wp-block-heading\"><strong>Auxiliar de Log\u00edstica<\/strong><\/h3>\n\n\n\n<ul class=\"wp-block-list\">\n<li><strong>Descri\u00e7\u00e3o<\/strong>: Este cargo envolve a separa\u00e7\u00e3o e movimenta\u00e7\u00e3o de mercadorias dentro do armaz\u00e9m, bem como a organiza\u00e7\u00e3o e o controle de estoque.<\/li>\n\n\n\n<li><strong>Requisitos<\/strong>: Ensino m\u00e9dio completo, agilidade, aten\u00e7\u00e3o aos detalhes e habilidade para trabalhar em equipe.<\/li>\n<\/ul>\n\n\n\n<h3 class=\"wp-block-heading\"><strong>Analista de Recursos Humanos<\/strong><\/h3>\n\n\n\n<ul class=\"wp-block-list\">\n<li><strong>Descri\u00e7\u00e3o<\/strong>: O profissional ser\u00e1 respons\u00e1vel pelo recrutamento e sele\u00e7\u00e3o de novos colaboradores, al\u00e9m de atuar na \u00e1rea de desenvolvimento organizacional, garantindo a integra\u00e7\u00e3o dos novos funcion\u00e1rios.<\/li>\n\n\n\n<li><strong>Requisitos<\/strong>: Forma\u00e7\u00e3o em Psicologia, Administra\u00e7\u00e3o ou \u00e1reas afins. Experi\u00eancia em RH \u00e9 um diferencial.<\/li>\n<\/ul>\n\n\n\n<h3 class=\"wp-block-heading\"><strong>T\u00e9cnico de Manuten\u00e7\u00e3o<\/strong><\/h3>\n\n\n\n<ul class=\"wp-block-list\">\n<li><strong>Descri\u00e7\u00e3o<\/strong>: Atuar\u00e1 na manuten\u00e7\u00e3o preventiva e corretiva dos ve\u00edculos da frota da empresa.<\/li>\n\n\n\n<li><strong>Requisitos<\/strong>: Curso t\u00e9cnico em mec\u00e2nica ou \u00e1reas correlatas, experi\u00eancia em manuten\u00e7\u00e3o de ve\u00edculos pesados.<\/li>\n<\/ul>\n\n\n\n<h3 class=\"wp-block-heading\"><strong>Operador de Empilhadeira<\/strong><\/h3>\n\n\n\n<ul class=\"wp-block-list\">\n<li><strong>Descri\u00e7\u00e3o<\/strong>: A fun\u00e7\u00e3o exige que o profissional manuseie empilhadeiras para transporte e organiza\u00e7\u00e3o de cargas dentro dos armaz\u00e9ns.<\/li>\n\n\n\n<li><strong>Requisitos<\/strong>: Certifica\u00e7\u00e3o para operar empilhadeira, experi\u00eancia anterior na fun\u00e7\u00e3o e aten\u00e7\u00e3o \u00e0s normas de seguran\u00e7a.<\/li>\n<\/ul>\n\n\n\n<h3 class=\"wp-block-heading\"><strong>Coordenador de Opera\u00e7\u00f5es<\/strong><\/h3>\n\n\n\n<ul class=\"wp-block-list\">\n<li><strong>Descri\u00e7\u00e3o<\/strong>: Respons\u00e1vel pela gest\u00e3o das equipes operacionais e pela otimiza\u00e7\u00e3o dos processos log\u00edsticos da unidade.<\/li>\n\n\n\n<li><strong>Requisitos<\/strong>: Forma\u00e7\u00e3o superior em Log\u00edstica ou \u00e1reas afins, experi\u00eancia em gest\u00e3o de equipes e controle de opera\u00e7\u00f5es.<\/li>\n<\/ul>\n\n\n\n<p>Al\u00e9m dessas, h\u00e1 diversas outras vagas em setores como atendimento ao cliente, financeiro e tecnologia da informa\u00e7\u00e3o.<\/p>\n\n\n\n<h2 class=\"wp-block-heading\"><strong>Como se candidatar?<\/strong><\/h2>\n\n\n\n<p>Candidatar-se a uma das vagas na Jamef \u00e9 um processo simples e r\u00e1pido. Para facilitar, a empresa utiliza a plataforma Gupy, que centraliza todas as oportunidades e permite que o candidato acompanhe o processo seletivo de forma pr\u00e1tica.<\/p>\n\n\n\n<p>Aqui est\u00e1 o passo a passo para se candidatar a uma das 101 vagas abertas pela Jamef:<\/p>\n\n\n\n<ul class=\"wp-block-list\">\n<li>Copie e cole o endere\u00e7o:<strong> https:\/\/jamef.gupy.io<\/strong> em seu navegador;<\/li>\n\n\n\n<li>Acesse a p\u00e1gina e encontre uma oportunidade que combine com seu perfil;<\/li>\n\n\n\n<li>Clique na vaga de interesse e leia atentamente os requisitos e a descri\u00e7\u00e3o da fun\u00e7\u00e3o;<\/li>\n\n\n\n<li>Preencha as informa\u00e7\u00f5es solicitadas no formul\u00e1rio e anexe seu curr\u00edculo atualizado;<\/li>\n\n\n\n<li>Aguarde o contato da Jamef para as pr\u00f3ximas etapas do processo seletivo.<\/li>\n<\/ul>\n\n\n\n<p>Al\u00e9m da facilidade proporcionada pela plataforma Gupy, a Jamef valoriza o desenvolvimento de seus colaboradores, oferecendo oportunidades de crescimento e um ambiente de trabalho din\u00e2mico e inclusivo.<\/p>\n\n\n\n<h3 class=\"wp-block-heading\">Benef\u00edcios oferecidos pela Jamef<\/h3>\n\n\n\n<p>A Jamef n\u00e3o apenas oferece um leque amplo de vagas, como tamb\u00e9m garante benef\u00edcios atrativos aos seus colaboradores. Entre os principais, podemos destacar:<\/p>\n\n\n\n<ul class=\"wp-block-list\">\n<li>Plano de sa\u00fade e odontol\u00f3gico;<\/li>\n\n\n\n<li>Vale-transporte;<\/li>\n\n\n\n<li>Vale-refei\u00e7\u00e3o ou alimenta\u00e7\u00e3o;<\/li>\n\n\n\n<li>Seguro de vida;<\/li>\n\n\n\n<li>Programa de Participa\u00e7\u00e3o nos Resultados (PPR).<\/li>\n<\/ul>\n\n\n\n<p>A empresa tamb\u00e9m investe em capacita\u00e7\u00e3o cont\u00ednua, com treinamentos que ajudam seus funcion\u00e1rios a se desenvolverem pessoal e profissionalmente. Se voc\u00ea busca n\u00e3o apenas um emprego, mas uma oportunidade de crescimento em uma empresa consolidada no mercado, a Jamef pode ser a escolha certa.<\/p>\n\n\n\n<p><strong>Veja tamb\u00e9m: <a href=\"https:\/\/www.vagadeempregorj.com.br\/es\/decathlon-149-vagas-de-emprego-abertas-pelo-pais\/\">Decathlon: 149 vagas de emprego abertas pelo pa\u00eds<\/a><\/strong><\/p>\n\n\n\n<p>16 de setembro de 2024<\/p>","protected":false},"excerpt":{"rendered":"<p>A Jamef Encomendas Urgentes, uma das principais empresas de transporte e log\u00edstica no Brasil, acaba de anunciar a abertura de 101 vagas de emprego em diversas regi\u00f5es do pa\u00eds. A oportunidade \u00e9 um al\u00edvio para quem busca recoloca\u00e7\u00e3o no mercado de trabalho, especialmente em uma empresa de grande porte que atua h\u00e1 mais de 60&hellip;&nbsp;<\/p>","protected":false},"author":16,"featured_media":40744,"comment_status":"closed","ping_status":"closed","sticky":false,"template":"","format":"standard","meta":{"neve_meta_sidebar":"","neve_meta_container":"","neve_meta_enable_content_width":"","neve_meta_content_width":0,"neve_meta_title_alignment":"","neve_meta_author_avatar":"","neve_post_elements_order":"","neve_meta_disable_header":"","neve_meta_disable_footer":"","neve_meta_disable_title":"","footnotes":""},"categories":[123],"tags":[],"class_list":["post-40737","post","type-post","status-publish","format-standard","has-post-thumbnail","hentry","category-vagas-de-emprego-nacionais"],"yoast_head":"<!-- This site is optimized with the Yoast SEO plugin v27.5 - https:\/\/yoast.com\/product\/yoast-seo-wordpress\/ -->\n<title>Jamef: 101 vagas de EMPREGO abertas pelo pa\u00eds -<\/title>\n<meta name=\"description\" content=\"Veja em Vagas de Emprego RJ as vagas de emprego com e sem experi\u00eancia no seu Estado e Regi\u00e3o!\" \/>\n<meta name=\"robots\" content=\"index, follow, max-snippet:-1, max-image-preview:large, max-video-preview:-1\" \/>\n<link rel=\"canonical\" href=\"https:\/\/www.vagadeempregorj.com.br\/es\/jamef-101-vagas-de-emprego-abertas-pelo-pais\/\" \/>\n<meta property=\"og:locale\" content=\"es_MX\" \/>\n<meta property=\"og:type\" content=\"article\" \/>\n<meta property=\"og:title\" content=\"Jamef: 101 vagas de EMPREGO abertas pelo pa\u00eds -\" \/>\n<meta property=\"og:description\" content=\"Veja em Vagas de Emprego RJ as vagas de emprego com e sem experi\u00eancia no seu Estado e Regi\u00e3o!\" \/>\n<meta property=\"og:url\" content=\"https:\/\/www.vagadeempregorj.com.br\/es\/jamef-101-vagas-de-emprego-abertas-pelo-pais\/\" \/>\n<meta property=\"article:publisher\" content=\"https:\/\/www.facebook.com\/empregobrasiloficial\" \/>\n<meta property=\"article:published_time\" content=\"2024-09-16T20:11:00+00:00\" \/>\n<meta property=\"og:image\" content=\"https:\/\/www.vagadeempregorj.com.br\/wp-content\/uploads\/2024\/09\/image-16.png\" \/>\n\t<meta property=\"og:image:width\" content=\"1080\" \/>\n\t<meta property=\"og:image:height\" content=\"675\" \/>\n\t<meta property=\"og:image:type\" content=\"image\/png\" \/>\n<meta name=\"author\" content=\"Michele\" \/>\n<meta name=\"twitter:card\" content=\"summary_large_image\" \/>\n<meta name=\"twitter:label1\" content=\"Written by\" \/>\n\t<meta name=\"twitter:data1\" content=\"Michele\" \/>\n\t<meta name=\"twitter:label2\" content=\"Est. reading time\" \/>\n\t<meta name=\"twitter:data2\" content=\"4 minutos\" \/>\n<script type=\"application\/ld+json\" class=\"yoast-schema-graph\">{\"@context\":\"https:\\\/\\\/schema.org\",\"@graph\":[{\"@type\":\"Article\",\"@id\":\"https:\\\/\\\/www.vagadeempregorj.com.br\\\/jamef-101-vagas-de-emprego-abertas-pelo-pais\\\/#article\",\"isPartOf\":{\"@id\":\"https:\\\/\\\/www.vagadeempregorj.com.br\\\/jamef-101-vagas-de-emprego-abertas-pelo-pais\\\/\"},\"author\":{\"name\":\"Michele\",\"@id\":\"https:\\\/\\\/www.vagadeempregorj.com.br\\\/#\\\/schema\\\/person\\\/3ddb19fa0539706786e502152f3aae95\"},\"headline\":\"Jamef: 101 vagas de EMPREGO abertas pelo pa\u00eds\",\"datePublished\":\"2024-09-16T20:11:00+00:00\",\"mainEntityOfPage\":{\"@id\":\"https:\\\/\\\/www.vagadeempregorj.com.br\\\/jamef-101-vagas-de-emprego-abertas-pelo-pais\\\/\"},\"wordCount\":726,\"image\":{\"@id\":\"https:\\\/\\\/www.vagadeempregorj.com.br\\\/jamef-101-vagas-de-emprego-abertas-pelo-pais\\\/#primaryimage\"},\"thumbnailUrl\":\"https:\\\/\\\/www.vagadeempregorj.com.br\\\/wp-content\\\/uploads\\\/2024\\\/09\\\/image-16.png\",\"articleSection\":[\"Vagas de Emprego Nacionais\"],\"inLanguage\":\"es\"},{\"@type\":\"WebPage\",\"@id\":\"https:\\\/\\\/www.vagadeempregorj.com.br\\\/jamef-101-vagas-de-emprego-abertas-pelo-pais\\\/\",\"url\":\"https:\\\/\\\/www.vagadeempregorj.com.br\\\/jamef-101-vagas-de-emprego-abertas-pelo-pais\\\/\",\"name\":\"Jamef: 101 vagas de EMPREGO abertas pelo pa\u00eds -\",\"isPartOf\":{\"@id\":\"https:\\\/\\\/www.vagadeempregorj.com.br\\\/#website\"},\"primaryImageOfPage\":{\"@id\":\"https:\\\/\\\/www.vagadeempregorj.com.br\\\/jamef-101-vagas-de-emprego-abertas-pelo-pais\\\/#primaryimage\"},\"image\":{\"@id\":\"https:\\\/\\\/www.vagadeempregorj.com.br\\\/jamef-101-vagas-de-emprego-abertas-pelo-pais\\\/#primaryimage\"},\"thumbnailUrl\":\"https:\\\/\\\/www.vagadeempregorj.com.br\\\/wp-content\\\/uploads\\\/2024\\\/09\\\/image-16.png\",\"datePublished\":\"2024-09-16T20:11:00+00:00\",\"author\":{\"@id\":\"https:\\\/\\\/www.vagadeempregorj.com.br\\\/#\\\/schema\\\/person\\\/3ddb19fa0539706786e502152f3aae95\"},\"description\":\"Veja em Vagas de Emprego RJ as vagas de emprego com e sem experi\u00eancia no seu Estado e Regi\u00e3o!\",\"breadcrumb\":{\"@id\":\"https:\\\/\\\/www.vagadeempregorj.com.br\\\/jamef-101-vagas-de-emprego-abertas-pelo-pais\\\/#breadcrumb\"},\"inLanguage\":\"es\",\"potentialAction\":[{\"@type\":\"ReadAction\",\"target\":[\"https:\\\/\\\/www.vagadeempregorj.com.br\\\/jamef-101-vagas-de-emprego-abertas-pelo-pais\\\/\"]}]},{\"@type\":\"ImageObject\",\"inLanguage\":\"es\",\"@id\":\"https:\\\/\\\/www.vagadeempregorj.com.br\\\/jamef-101-vagas-de-emprego-abertas-pelo-pais\\\/#primaryimage\",\"url\":\"https:\\\/\\\/www.vagadeempregorj.com.br\\\/wp-content\\\/uploads\\\/2024\\\/09\\\/image-16.png\",\"contentUrl\":\"https:\\\/\\\/www.vagadeempregorj.com.br\\\/wp-content\\\/uploads\\\/2024\\\/09\\\/image-16.png\",\"width\":1080,\"height\":675},{\"@type\":\"BreadcrumbList\",\"@id\":\"https:\\\/\\\/www.vagadeempregorj.com.br\\\/jamef-101-vagas-de-emprego-abertas-pelo-pais\\\/#breadcrumb\",\"itemListElement\":[{\"@type\":\"ListItem\",\"position\":1,\"name\":\"In\u00edcio\",\"item\":\"https:\\\/\\\/www.vagadeempregorj.com.br\\\/\"},{\"@type\":\"ListItem\",\"position\":2,\"name\":\"Vagas de Emprego Nacionais\",\"item\":\"https:\\\/\\\/www.vagadeempregorj.com.br\\\/vagas-de-emprego-nacionais\\\/\"},{\"@type\":\"ListItem\",\"position\":3,\"name\":\"Jamef: 101 vagas de EMPREGO abertas pelo pa\u00eds\"}]},{\"@type\":\"WebSite\",\"@id\":\"https:\\\/\\\/www.vagadeempregorj.com.br\\\/#website\",\"url\":\"https:\\\/\\\/www.vagadeempregorj.com.br\\\/\",\"name\":\"\",\"description\":\"Conquiste Sonhos: Vagas, Benef\u00edcios e Economia para Transformar Vidas e Alcan\u00e7ar Melhorias Cotidianas\",\"potentialAction\":[{\"@type\":\"SearchAction\",\"target\":{\"@type\":\"EntryPoint\",\"urlTemplate\":\"https:\\\/\\\/www.vagadeempregorj.com.br\\\/?s={search_term_string}\"},\"query-input\":{\"@type\":\"PropertyValueSpecification\",\"valueRequired\":true,\"valueName\":\"search_term_string\"}}],\"inLanguage\":\"es\"},{\"@type\":\"Person\",\"@id\":\"https:\\\/\\\/www.vagadeempregorj.com.br\\\/#\\\/schema\\\/person\\\/3ddb19fa0539706786e502152f3aae95\",\"name\":\"Michele\",\"image\":{\"@type\":\"ImageObject\",\"inLanguage\":\"es\",\"@id\":\"https:\\\/\\\/secure.gravatar.com\\\/avatar\\\/6b0eb9d22841282815e2cd856a0061c45e1761cd54b22e952d98c4746939aa85?s=96&r=g\",\"url\":\"https:\\\/\\\/secure.gravatar.com\\\/avatar\\\/6b0eb9d22841282815e2cd856a0061c45e1761cd54b22e952d98c4746939aa85?s=96&r=g\",\"contentUrl\":\"https:\\\/\\\/secure.gravatar.com\\\/avatar\\\/6b0eb9d22841282815e2cd856a0061c45e1761cd54b22e952d98c4746939aa85?s=96&r=g\",\"caption\":\"Michele\"},\"description\":\"Formada em Letras - Portugu\u00eas\\\/ Ingl\u00eas, e idealizadora do site Escritora de Sucesso, busca expandir o conhecimento de todos com informa\u00e7\u00f5es relevantes sobre diversos assuntos, enquanto redatora. No Vaga de Emprego RJ, traz oportunidades e dicas sobre o mercado de trabalho.\",\"url\":\"https:\\\/\\\/www.vagadeempregorj.com.br\\\/es\\\/author\\\/michele\\\/\"}]}<\/script>\n<!-- \/ Yoast SEO plugin. -->","yoast_head_json":{"title":"Jamef: 101 vagas de EMPREGO abertas pelo pa\u00eds -","description":"Veja em Vagas de Emprego RJ as vagas de emprego com e sem experi\u00eancia no seu Estado e Regi\u00e3o!","robots":{"index":"index","follow":"follow","max-snippet":"max-snippet:-1","max-image-preview":"max-image-preview:large","max-video-preview":"max-video-preview:-1"},"canonical":"https:\/\/www.vagadeempregorj.com.br\/es\/jamef-101-vagas-de-emprego-abertas-pelo-pais\/","og_locale":"es_MX","og_type":"article","og_title":"Jamef: 101 vagas de EMPREGO abertas pelo pa\u00eds -","og_description":"Veja em Vagas de Emprego RJ as vagas de emprego com e sem experi\u00eancia no seu Estado e Regi\u00e3o!","og_url":"https:\/\/www.vagadeempregorj.com.br\/es\/jamef-101-vagas-de-emprego-abertas-pelo-pais\/","article_publisher":"https:\/\/www.facebook.com\/empregobrasiloficial","article_published_time":"2024-09-16T20:11:00+00:00","og_image":[{"width":1080,"height":675,"url":"https:\/\/www.vagadeempregorj.com.br\/wp-content\/uploads\/2024\/09\/image-16.png","type":"image\/png"}],"author":"Michele","twitter_card":"summary_large_image","twitter_misc":{"Written by":"Michele","Est. reading time":"4 minutos"},"schema":{"@context":"https:\/\/schema.org","@graph":[{"@type":"Article","@id":"https:\/\/www.vagadeempregorj.com.br\/jamef-101-vagas-de-emprego-abertas-pelo-pais\/#article","isPartOf":{"@id":"https:\/\/www.vagadeempregorj.com.br\/jamef-101-vagas-de-emprego-abertas-pelo-pais\/"},"author":{"name":"Michele","@id":"https:\/\/www.vagadeempregorj.com.br\/#\/schema\/person\/3ddb19fa0539706786e502152f3aae95"},"headline":"Jamef: 101 vagas de EMPREGO abertas pelo pa\u00eds","datePublished":"2024-09-16T20:11:00+00:00","mainEntityOfPage":{"@id":"https:\/\/www.vagadeempregorj.com.br\/jamef-101-vagas-de-emprego-abertas-pelo-pais\/"},"wordCount":726,"image":{"@id":"https:\/\/www.vagadeempregorj.com.br\/jamef-101-vagas-de-emprego-abertas-pelo-pais\/#primaryimage"},"thumbnailUrl":"https:\/\/www.vagadeempregorj.com.br\/wp-content\/uploads\/2024\/09\/image-16.png","articleSection":["Vagas de Emprego Nacionais"],"inLanguage":"es"},{"@type":"WebPage","@id":"https:\/\/www.vagadeempregorj.com.br\/jamef-101-vagas-de-emprego-abertas-pelo-pais\/","url":"https:\/\/www.vagadeempregorj.com.br\/jamef-101-vagas-de-emprego-abertas-pelo-pais\/","name":"Jamef: 101 vagas de EMPREGO abertas pelo pa\u00eds -","isPartOf":{"@id":"https:\/\/www.vagadeempregorj.com.br\/#website"},"primaryImageOfPage":{"@id":"https:\/\/www.vagadeempregorj.com.br\/jamef-101-vagas-de-emprego-abertas-pelo-pais\/#primaryimage"},"image":{"@id":"https:\/\/www.vagadeempregorj.com.br\/jamef-101-vagas-de-emprego-abertas-pelo-pais\/#primaryimage"},"thumbnailUrl":"https:\/\/www.vagadeempregorj.com.br\/wp-content\/uploads\/2024\/09\/image-16.png","datePublished":"2024-09-16T20:11:00+00:00","author":{"@id":"https:\/\/www.vagadeempregorj.com.br\/#\/schema\/person\/3ddb19fa0539706786e502152f3aae95"},"description":"Veja em Vagas de Emprego RJ as vagas de emprego com e sem experi\u00eancia no seu Estado e Regi\u00e3o!","breadcrumb":{"@id":"https:\/\/www.vagadeempregorj.com.br\/jamef-101-vagas-de-emprego-abertas-pelo-pais\/#breadcrumb"},"inLanguage":"es","potentialAction":[{"@type":"ReadAction","target":["https:\/\/www.vagadeempregorj.com.br\/jamef-101-vagas-de-emprego-abertas-pelo-pais\/"]}]},{"@type":"ImageObject","inLanguage":"es","@id":"https:\/\/www.vagadeempregorj.com.br\/jamef-101-vagas-de-emprego-abertas-pelo-pais\/#primaryimage","url":"https:\/\/www.vagadeempregorj.com.br\/wp-content\/uploads\/2024\/09\/image-16.png","contentUrl":"https:\/\/www.vagadeempregorj.com.br\/wp-content\/uploads\/2024\/09\/image-16.png","width":1080,"height":675},{"@type":"BreadcrumbList","@id":"https:\/\/www.vagadeempregorj.com.br\/jamef-101-vagas-de-emprego-abertas-pelo-pais\/#breadcrumb","itemListElement":[{"@type":"ListItem","position":1,"name":"In\u00edcio","item":"https:\/\/www.vagadeempregorj.com.br\/"},{"@type":"ListItem","position":2,"name":"Vagas de Emprego Nacionais","item":"https:\/\/www.vagadeempregorj.com.br\/vagas-de-emprego-nacionais\/"},{"@type":"ListItem","position":3,"name":"Jamef: 101 vagas de EMPREGO abertas pelo pa\u00eds"}]},{"@type":"WebSite","@id":"https:\/\/www.vagadeempregorj.com.br\/#website","url":"https:\/\/www.vagadeempregorj.com.br\/","name":"","description":"Conquiste Sonhos: Vagas, Benef\u00edcios e Economia para Transformar Vidas e Alcan\u00e7ar Melhorias Cotidianas","potentialAction":[{"@type":"SearchAction","target":{"@type":"EntryPoint","urlTemplate":"https:\/\/www.vagadeempregorj.com.br\/?s={search_term_string}"},"query-input":{"@type":"PropertyValueSpecification","valueRequired":true,"valueName":"search_term_string"}}],"inLanguage":"es"},{"@type":"Person","@id":"https:\/\/www.vagadeempregorj.com.br\/#\/schema\/person\/3ddb19fa0539706786e502152f3aae95","name":"Michele","image":{"@type":"ImageObject","inLanguage":"es","@id":"https:\/\/secure.gravatar.com\/avatar\/6b0eb9d22841282815e2cd856a0061c45e1761cd54b22e952d98c4746939aa85?s=96&r=g","url":"https:\/\/secure.gravatar.com\/avatar\/6b0eb9d22841282815e2cd856a0061c45e1761cd54b22e952d98c4746939aa85?s=96&r=g","contentUrl":"https:\/\/secure.gravatar.com\/avatar\/6b0eb9d22841282815e2cd856a0061c45e1761cd54b22e952d98c4746939aa85?s=96&r=g","caption":"Michele"},"description":"Formada em Letras - Portugu\u00eas\/ Ingl\u00eas, e idealizadora do site Escritora de Sucesso, busca expandir o conhecimento de todos com informa\u00e7\u00f5es relevantes sobre diversos assuntos, enquanto redatora. No Vaga de Emprego RJ, traz oportunidades e dicas sobre o mercado de trabalho.","url":"https:\/\/www.vagadeempregorj.com.br\/es\/author\/michele\/"}]}},"_links":{"self":[{"href":"https:\/\/www.vagadeempregorj.com.br\/es\/wp-json\/wp\/v2\/posts\/40737","targetHints":{"allow":["GET"]}}],"collection":[{"href":"https:\/\/www.vagadeempregorj.com.br\/es\/wp-json\/wp\/v2\/posts"}],"about":[{"href":"https:\/\/www.vagadeempregorj.com.br\/es\/wp-json\/wp\/v2\/types\/post"}],"author":[{"embeddable":true,"href":"https:\/\/www.vagadeempregorj.com.br\/es\/wp-json\/wp\/v2\/users\/16"}],"replies":[{"embeddable":true,"href":"https:\/\/www.vagadeempregorj.com.br\/es\/wp-json\/wp\/v2\/comments?post=40737"}],"version-history":[{"count":0,"href":"https:\/\/www.vagadeempregorj.com.br\/es\/wp-json\/wp\/v2\/posts\/40737\/revisions"}],"wp:featuredmedia":[{"embeddable":true,"href":"https:\/\/www.vagadeempregorj.com.br\/es\/wp-json\/wp\/v2\/media\/40744"}],"wp:attachment":[{"href":"https:\/\/www.vagadeempregorj.com.br\/es\/wp-json\/wp\/v2\/media?parent=40737"}],"wp:term":[{"taxonomy":"category","embeddable":true,"href":"https:\/\/www.vagadeempregorj.com.br\/es\/wp-json\/wp\/v2\/categories?post=40737"},{"taxonomy":"post_tag","embeddable":true,"href":"https:\/\/www.vagadeempregorj.com.br\/es\/wp-json\/wp\/v2\/tags?post=40737"}],"curies":[{"name":"wp","href":"https:\/\/api.w.org\/{rel}","templated":true}]}}