{"id":40792,"date":"2024-10-01T06:00:00","date_gmt":"2024-10-01T09:00:00","guid":{"rendered":"https:\/\/www.vagadeempregorj.com.br\/?p=40792"},"modified":"2024-09-18T17:17:41","modified_gmt":"2024-09-18T20:17:41","slug":"natto-22-vagas-de-emprego-abertas-pelo-pais","status":"publish","type":"post","link":"https:\/\/www.vagadeempregorj.com.br\/es\/natto-22-vagas-de-emprego-abertas-pelo-pais\/","title":{"rendered":"Natto: 22 vagas de emprego abertas pelo pa\u00eds"},"content":{"rendered":"<p>Se voc\u00ea est\u00e1 em busca de novas oportunidades no mercado de trabalho, a <strong>Natto<\/strong>, uma das empresas em expans\u00e3o mais promissoras do pa\u00eds, acaba de abrir 22 novas vagas em diferentes setores e localidades. Com a miss\u00e3o de oferecer um ambiente din\u00e2mico e inovador, a Natto se destaca como uma excelente op\u00e7\u00e3o para quem deseja crescer profissionalmente e fazer parte de um time de sucesso. Veja as vagas dispon\u00edveis e fornecer informa\u00e7\u00f5es valiosas sobre como se candidatar.<\/p>\n\n\n\n<h2 class=\"wp-block-heading\"><strong>Quais s\u00e3o as vagas de emprego abertas pela Natto?<\/strong><\/h2>\n\n\n\n<p>A Natto est\u00e1 recrutando talentos para v\u00e1rias \u00e1reas, oferecendo oportunidades que podem atender a diferentes perfis e interesses. Aqui est\u00e3o os principais cargos dispon\u00edveis:<\/p>\n\n\n\n<figure class=\"wp-block-image size-full is-resized\"><img loading=\"lazy\" decoding=\"async\" width=\"820\" height=\"480\" src=\"https:\/\/www.vagadeempregorj.com.br\/wp-content\/uploads\/2024\/09\/image-32.png\" alt=\"\" class=\"wp-image-40812\" style=\"width:840px;height:auto\" srcset=\"https:\/\/www.vagadeempregorj.com.br\/wp-content\/uploads\/2024\/09\/image-32.png 820w, https:\/\/www.vagadeempregorj.com.br\/wp-content\/uploads\/2024\/09\/image-32-300x176.png 300w, https:\/\/www.vagadeempregorj.com.br\/wp-content\/uploads\/2024\/09\/image-32-768x450.png 768w, https:\/\/www.vagadeempregorj.com.br\/wp-content\/uploads\/2024\/09\/image-32-150x88.png 150w\" sizes=\"auto, (max-width: 820px) 100vw, 820px\" \/><\/figure>\n\n\n\n<h3 class=\"wp-block-heading\"><strong>Analista de Marketing Digital<\/strong><\/h3>\n\n\n\n<p>Respons\u00e1vel por desenvolver estrat\u00e9gias digitais para aumentar a presen\u00e7a online da empresa e engajar o p\u00fablico-alvo. O profissional atuar\u00e1 com campanhas publicit\u00e1rias, gerenciamento de redes sociais e an\u00e1lise de m\u00e9tricas.<\/p>\n\n\n\n<h3 class=\"wp-block-heading\"><strong>Desenvolvedor de Software<\/strong><\/h3>\n\n\n\n<p>Para quem tem habilidades em programa\u00e7\u00e3o, a vaga de Desenvolvedor de Software \u00e9 uma excelente oportunidade. O candidato ideal deve ter experi\u00eancia em desenvolvimento de sistemas, programa\u00e7\u00e3o em diferentes linguagens e capacidade de trabalhar em equipe.<\/p>\n\n\n\n<h3 class=\"wp-block-heading\"><strong>Gerente de Projetos<\/strong><\/h3>\n\n\n\n<p>A Natto busca um Gerente de Projetos para coordenar e supervisionar iniciativas internas, garantindo que os projetos sejam entregues no prazo e dentro do or\u00e7amento. O candidato deve ter experi\u00eancia em gest\u00e3o de projetos e habilidades em lideran\u00e7a.<\/p>\n\n\n\n<h3 class=\"wp-block-heading\"><strong>Assistente Administrativo<\/strong><\/h3>\n\n\n\n<p>Este cargo \u00e9 voltado para quem busca uma posi\u00e7\u00e3o de apoio \u00e0s atividades administrativas da empresa. As responsabilidades incluem organiza\u00e7\u00e3o de documentos, atendimento ao cliente e suporte \u00e0s \u00e1reas internas.<\/p>\n\n\n\n<h3 class=\"wp-block-heading\"><strong>Analista Financeiro<\/strong><\/h3>\n\n\n\n<p>Para os profissionais da \u00e1rea financeira, a Natto oferece a vaga de Analista Financeiro. Este profissional ser\u00e1 respons\u00e1vel por realizar an\u00e1lises financeiras, elaborar relat\u00f3rios e auxiliar na tomada de decis\u00f5es estrat\u00e9gicas.<\/p>\n\n\n\n<h3 class=\"wp-block-heading\"><strong>Coordenador de Recursos Humanos<\/strong><\/h3>\n\n\n\n<p>A vaga de Coordenador de Recursos Humanos exige experi\u00eancia em recrutamento, sele\u00e7\u00e3o e gest\u00e3o de pessoas. O profissional atuar\u00e1 na implementa\u00e7\u00e3o de pol\u00edticas de RH e no desenvolvimento de estrat\u00e9gias para a gest\u00e3o de talentos.<\/p>\n\n\n\n<h3 class=\"wp-block-heading\"><strong>Designer Gr\u00e1fico<\/strong><\/h3>\n\n\n\n<p>O Designer Gr\u00e1fico ser\u00e1 respons\u00e1vel pela cria\u00e7\u00e3o de materiais visuais que representam a identidade da empresa. \u00c9 essencial ter experi\u00eancia em design digital, criatividade e conhecimento de ferramentas de design.<\/p>\n\n\n\n<h3 class=\"wp-block-heading\"><strong>Especialista em SEO<\/strong><\/h3>\n\n\n\n<p>A posi\u00e7\u00e3o de Especialista em SEO \u00e9 ideal para quem entende de otimiza\u00e7\u00e3o de motores de busca. O profissional trabalhar\u00e1 para melhorar o ranking do site da empresa, aumentar o tr\u00e1fego org\u00e2nico e otimizar conte\u00fados.<\/p>\n\n\n\n<h3 class=\"wp-block-heading\"><strong>Consultor de Vendas<\/strong><\/h3>\n\n\n\n<p>Para quem tem habilidades em vendas e atendimento ao cliente, a vaga de Consultor de Vendas oferece a oportunidade de atuar na expans\u00e3o da base de clientes da Natto e no fechamento de neg\u00f3cios.<\/p>\n\n\n\n<h3 class=\"wp-block-heading\"><strong>T\u00e9cnico de Suporte<\/strong><\/h3>\n\n\n\n<p>O T\u00e9cnico de Suporte ser\u00e1 respons\u00e1vel por resolver problemas t\u00e9cnicos dos clientes e garantir que todos os sistemas funcionem corretamente. \u00c9 necess\u00e1rio ter conhecimento em manuten\u00e7\u00e3o de sistemas e atendimento t\u00e9cnico.<\/p>\n\n\n\n<h2 class=\"wp-block-heading\"><strong>Como se candidatar?<\/strong><\/h2>\n\n\n\n<p>Se alguma dessas oportunidades chamou a sua aten\u00e7\u00e3o, siga os passos abaixo para se candidatar:<\/p>\n\n\n\n<ul class=\"wp-block-list\">\n<li><strong>Copie e cole o endere\u00e7o<\/strong>: <strong>https:\/\/gupy.io\/natto-vagas<\/strong> em seu navegador.<\/li>\n\n\n\n<li><strong>Acesse a p\u00e1gina<\/strong> e encontre a vaga que mais se encaixa no seu perfil e interesse.<\/li>\n\n\n\n<li><strong>Leia os requisitos e responsabilidades<\/strong> da vaga com aten\u00e7\u00e3o.<\/li>\n\n\n\n<li><strong>Preencha o formul\u00e1rio de candidatura<\/strong> com suas informa\u00e7\u00f5es pessoais e profissionais.<\/li>\n\n\n\n<li><strong>Anexe seu curr\u00edculo<\/strong> atualizado e uma carta de apresenta\u00e7\u00e3o, se solicitado.<\/li>\n\n\n\n<li><strong>Envie sua candidatura<\/strong> e aguarde o contato da equipe de recrutamento da Natto.<\/li>\n<\/ul>\n\n\n\n<p>Com tantas oportunidades abertas, \u00e9 um excelente momento para dar um passo \u00e0 frente na sua carreira. A Natto oferece um ambiente estimulante e oportunidades de crescimento para todos os profissionais que desejam se juntar a uma empresa inovadora e em expans\u00e3o.&nbsp;<\/p>\n\n\n\n<p><strong>Veja tamb\u00e9m: <a href=\"https:\/\/www.vagadeempregorj.com.br\/es\/motz-18-vagas-de-emprego-remotas-e-presenciais-pelo-pais\/\">Motz: 18 vagas de emprego remotas e presenciais pelo pa\u00eds<\/a><\/strong><\/p>\n\n\n\n<p>01 de outubro de 2024<\/p>\n\n\n\n<p><\/p>","protected":false},"excerpt":{"rendered":"<p>Se voc\u00ea est\u00e1 em busca de novas oportunidades no mercado de trabalho, a Natto, uma das empresas em expans\u00e3o mais promissoras do pa\u00eds, acaba de abrir 22 novas vagas em diferentes setores e localidades. Com a miss\u00e3o de oferecer um ambiente din\u00e2mico e inovador, a Natto se destaca como uma excelente op\u00e7\u00e3o para quem deseja&hellip;&nbsp;<\/p>","protected":false},"author":16,"featured_media":40812,"comment_status":"closed","ping_status":"closed","sticky":false,"template":"","format":"standard","meta":{"neve_meta_sidebar":"","neve_meta_container":"","neve_meta_enable_content_width":"","neve_meta_content_width":0,"neve_meta_title_alignment":"","neve_meta_author_avatar":"","neve_post_elements_order":"","neve_meta_disable_header":"","neve_meta_disable_footer":"","neve_meta_disable_title":"","footnotes":""},"categories":[123],"tags":[830,608],"class_list":["post-40792","post","type-post","status-publish","format-standard","has-post-thumbnail","hentry","category-vagas-de-emprego-nacionais","tag-empregos","tag-oportunidades"],"yoast_head":"<!-- This site is optimized with the Yoast SEO plugin v27.5 - https:\/\/yoast.com\/product\/yoast-seo-wordpress\/ -->\n<title>Natto: 22 vagas de emprego abertas pelo pa\u00eds -<\/title>\n<meta name=\"description\" content=\"Veja em Vagas de Emprego RJ as vagas de emprego com e sem experi\u00eancia no seu Estado e Regi\u00e3o!\" \/>\n<meta name=\"robots\" content=\"index, follow, max-snippet:-1, max-image-preview:large, max-video-preview:-1\" \/>\n<link rel=\"canonical\" href=\"https:\/\/www.vagadeempregorj.com.br\/es\/natto-22-vagas-de-emprego-abertas-pelo-pais\/\" \/>\n<meta property=\"og:locale\" content=\"es_MX\" \/>\n<meta property=\"og:type\" content=\"article\" \/>\n<meta property=\"og:title\" content=\"Natto: 22 vagas de emprego abertas pelo pa\u00eds -\" \/>\n<meta property=\"og:description\" content=\"Veja em Vagas de Emprego RJ as vagas de emprego com e sem experi\u00eancia no seu Estado e Regi\u00e3o!\" \/>\n<meta property=\"og:url\" content=\"https:\/\/www.vagadeempregorj.com.br\/es\/natto-22-vagas-de-emprego-abertas-pelo-pais\/\" \/>\n<meta property=\"article:publisher\" content=\"https:\/\/www.facebook.com\/empregobrasiloficial\" \/>\n<meta property=\"article:published_time\" content=\"2024-10-01T09:00:00+00:00\" \/>\n<meta property=\"og:image\" content=\"https:\/\/www.vagadeempregorj.com.br\/wp-content\/uploads\/2024\/09\/image-32.png\" \/>\n\t<meta property=\"og:image:width\" content=\"820\" \/>\n\t<meta property=\"og:image:height\" content=\"480\" \/>\n\t<meta property=\"og:image:type\" content=\"image\/png\" \/>\n<meta name=\"author\" content=\"Michele\" \/>\n<meta name=\"twitter:card\" content=\"summary_large_image\" \/>\n<meta name=\"twitter:label1\" content=\"Written by\" \/>\n\t<meta name=\"twitter:data1\" content=\"Michele\" \/>\n\t<meta name=\"twitter:label2\" content=\"Est. reading time\" \/>\n\t<meta name=\"twitter:data2\" content=\"3 minutos\" \/>\n<script type=\"application\/ld+json\" class=\"yoast-schema-graph\">{\"@context\":\"https:\\\/\\\/schema.org\",\"@graph\":[{\"@type\":\"Article\",\"@id\":\"https:\\\/\\\/www.vagadeempregorj.com.br\\\/natto-22-vagas-de-emprego-abertas-pelo-pais\\\/#article\",\"isPartOf\":{\"@id\":\"https:\\\/\\\/www.vagadeempregorj.com.br\\\/natto-22-vagas-de-emprego-abertas-pelo-pais\\\/\"},\"author\":{\"name\":\"Michele\",\"@id\":\"https:\\\/\\\/www.vagadeempregorj.com.br\\\/#\\\/schema\\\/person\\\/3ddb19fa0539706786e502152f3aae95\"},\"headline\":\"Natto: 22 vagas de emprego abertas pelo pa\u00eds\",\"datePublished\":\"2024-10-01T09:00:00+00:00\",\"mainEntityOfPage\":{\"@id\":\"https:\\\/\\\/www.vagadeempregorj.com.br\\\/natto-22-vagas-de-emprego-abertas-pelo-pais\\\/\"},\"wordCount\":685,\"image\":{\"@id\":\"https:\\\/\\\/www.vagadeempregorj.com.br\\\/natto-22-vagas-de-emprego-abertas-pelo-pais\\\/#primaryimage\"},\"thumbnailUrl\":\"https:\\\/\\\/www.vagadeempregorj.com.br\\\/wp-content\\\/uploads\\\/2024\\\/09\\\/image-32.png\",\"keywords\":[\"empregos\",\"oportunidades\"],\"articleSection\":[\"Vagas de Emprego Nacionais\"],\"inLanguage\":\"es\"},{\"@type\":\"WebPage\",\"@id\":\"https:\\\/\\\/www.vagadeempregorj.com.br\\\/natto-22-vagas-de-emprego-abertas-pelo-pais\\\/\",\"url\":\"https:\\\/\\\/www.vagadeempregorj.com.br\\\/natto-22-vagas-de-emprego-abertas-pelo-pais\\\/\",\"name\":\"Natto: 22 vagas de emprego abertas pelo pa\u00eds -\",\"isPartOf\":{\"@id\":\"https:\\\/\\\/www.vagadeempregorj.com.br\\\/#website\"},\"primaryImageOfPage\":{\"@id\":\"https:\\\/\\\/www.vagadeempregorj.com.br\\\/natto-22-vagas-de-emprego-abertas-pelo-pais\\\/#primaryimage\"},\"image\":{\"@id\":\"https:\\\/\\\/www.vagadeempregorj.com.br\\\/natto-22-vagas-de-emprego-abertas-pelo-pais\\\/#primaryimage\"},\"thumbnailUrl\":\"https:\\\/\\\/www.vagadeempregorj.com.br\\\/wp-content\\\/uploads\\\/2024\\\/09\\\/image-32.png\",\"datePublished\":\"2024-10-01T09:00:00+00:00\",\"author\":{\"@id\":\"https:\\\/\\\/www.vagadeempregorj.com.br\\\/#\\\/schema\\\/person\\\/3ddb19fa0539706786e502152f3aae95\"},\"description\":\"Veja em Vagas de Emprego RJ as vagas de emprego com e sem experi\u00eancia no seu Estado e Regi\u00e3o!\",\"breadcrumb\":{\"@id\":\"https:\\\/\\\/www.vagadeempregorj.com.br\\\/natto-22-vagas-de-emprego-abertas-pelo-pais\\\/#breadcrumb\"},\"inLanguage\":\"es\",\"potentialAction\":[{\"@type\":\"ReadAction\",\"target\":[\"https:\\\/\\\/www.vagadeempregorj.com.br\\\/natto-22-vagas-de-emprego-abertas-pelo-pais\\\/\"]}]},{\"@type\":\"ImageObject\",\"inLanguage\":\"es\",\"@id\":\"https:\\\/\\\/www.vagadeempregorj.com.br\\\/natto-22-vagas-de-emprego-abertas-pelo-pais\\\/#primaryimage\",\"url\":\"https:\\\/\\\/www.vagadeempregorj.com.br\\\/wp-content\\\/uploads\\\/2024\\\/09\\\/image-32.png\",\"contentUrl\":\"https:\\\/\\\/www.vagadeempregorj.com.br\\\/wp-content\\\/uploads\\\/2024\\\/09\\\/image-32.png\",\"width\":820,\"height\":480},{\"@type\":\"BreadcrumbList\",\"@id\":\"https:\\\/\\\/www.vagadeempregorj.com.br\\\/natto-22-vagas-de-emprego-abertas-pelo-pais\\\/#breadcrumb\",\"itemListElement\":[{\"@type\":\"ListItem\",\"position\":1,\"name\":\"In\u00edcio\",\"item\":\"https:\\\/\\\/www.vagadeempregorj.com.br\\\/\"},{\"@type\":\"ListItem\",\"position\":2,\"name\":\"Vagas de Emprego Nacionais\",\"item\":\"https:\\\/\\\/www.vagadeempregorj.com.br\\\/vagas-de-emprego-nacionais\\\/\"},{\"@type\":\"ListItem\",\"position\":3,\"name\":\"Natto: 22 vagas de emprego abertas pelo pa\u00eds\"}]},{\"@type\":\"WebSite\",\"@id\":\"https:\\\/\\\/www.vagadeempregorj.com.br\\\/#website\",\"url\":\"https:\\\/\\\/www.vagadeempregorj.com.br\\\/\",\"name\":\"\",\"description\":\"Conquiste Sonhos: Vagas, Benef\u00edcios e Economia para Transformar Vidas e Alcan\u00e7ar Melhorias Cotidianas\",\"potentialAction\":[{\"@type\":\"SearchAction\",\"target\":{\"@type\":\"EntryPoint\",\"urlTemplate\":\"https:\\\/\\\/www.vagadeempregorj.com.br\\\/?s={search_term_string}\"},\"query-input\":{\"@type\":\"PropertyValueSpecification\",\"valueRequired\":true,\"valueName\":\"search_term_string\"}}],\"inLanguage\":\"es\"},{\"@type\":\"Person\",\"@id\":\"https:\\\/\\\/www.vagadeempregorj.com.br\\\/#\\\/schema\\\/person\\\/3ddb19fa0539706786e502152f3aae95\",\"name\":\"Michele\",\"image\":{\"@type\":\"ImageObject\",\"inLanguage\":\"es\",\"@id\":\"https:\\\/\\\/secure.gravatar.com\\\/avatar\\\/6b0eb9d22841282815e2cd856a0061c45e1761cd54b22e952d98c4746939aa85?s=96&r=g\",\"url\":\"https:\\\/\\\/secure.gravatar.com\\\/avatar\\\/6b0eb9d22841282815e2cd856a0061c45e1761cd54b22e952d98c4746939aa85?s=96&r=g\",\"contentUrl\":\"https:\\\/\\\/secure.gravatar.com\\\/avatar\\\/6b0eb9d22841282815e2cd856a0061c45e1761cd54b22e952d98c4746939aa85?s=96&r=g\",\"caption\":\"Michele\"},\"description\":\"Formada em Letras - Portugu\u00eas\\\/ Ingl\u00eas, e idealizadora do site Escritora de Sucesso, busca expandir o conhecimento de todos com informa\u00e7\u00f5es relevantes sobre diversos assuntos, enquanto redatora. No Vaga de Emprego RJ, traz oportunidades e dicas sobre o mercado de trabalho.\",\"url\":\"https:\\\/\\\/www.vagadeempregorj.com.br\\\/es\\\/author\\\/michele\\\/\"}]}<\/script>\n<!-- \/ Yoast SEO plugin. -->","yoast_head_json":{"title":"Natto: 22 vagas de emprego abertas pelo pa\u00eds -","description":"Veja em Vagas de Emprego RJ as vagas de emprego com e sem experi\u00eancia no seu Estado e Regi\u00e3o!","robots":{"index":"index","follow":"follow","max-snippet":"max-snippet:-1","max-image-preview":"max-image-preview:large","max-video-preview":"max-video-preview:-1"},"canonical":"https:\/\/www.vagadeempregorj.com.br\/es\/natto-22-vagas-de-emprego-abertas-pelo-pais\/","og_locale":"es_MX","og_type":"article","og_title":"Natto: 22 vagas de emprego abertas pelo pa\u00eds -","og_description":"Veja em Vagas de Emprego RJ as vagas de emprego com e sem experi\u00eancia no seu Estado e Regi\u00e3o!","og_url":"https:\/\/www.vagadeempregorj.com.br\/es\/natto-22-vagas-de-emprego-abertas-pelo-pais\/","article_publisher":"https:\/\/www.facebook.com\/empregobrasiloficial","article_published_time":"2024-10-01T09:00:00+00:00","og_image":[{"width":820,"height":480,"url":"https:\/\/www.vagadeempregorj.com.br\/wp-content\/uploads\/2024\/09\/image-32.png","type":"image\/png"}],"author":"Michele","twitter_card":"summary_large_image","twitter_misc":{"Written by":"Michele","Est. reading time":"3 minutos"},"schema":{"@context":"https:\/\/schema.org","@graph":[{"@type":"Article","@id":"https:\/\/www.vagadeempregorj.com.br\/natto-22-vagas-de-emprego-abertas-pelo-pais\/#article","isPartOf":{"@id":"https:\/\/www.vagadeempregorj.com.br\/natto-22-vagas-de-emprego-abertas-pelo-pais\/"},"author":{"name":"Michele","@id":"https:\/\/www.vagadeempregorj.com.br\/#\/schema\/person\/3ddb19fa0539706786e502152f3aae95"},"headline":"Natto: 22 vagas de emprego abertas pelo pa\u00eds","datePublished":"2024-10-01T09:00:00+00:00","mainEntityOfPage":{"@id":"https:\/\/www.vagadeempregorj.com.br\/natto-22-vagas-de-emprego-abertas-pelo-pais\/"},"wordCount":685,"image":{"@id":"https:\/\/www.vagadeempregorj.com.br\/natto-22-vagas-de-emprego-abertas-pelo-pais\/#primaryimage"},"thumbnailUrl":"https:\/\/www.vagadeempregorj.com.br\/wp-content\/uploads\/2024\/09\/image-32.png","keywords":["empregos","oportunidades"],"articleSection":["Vagas de Emprego Nacionais"],"inLanguage":"es"},{"@type":"WebPage","@id":"https:\/\/www.vagadeempregorj.com.br\/natto-22-vagas-de-emprego-abertas-pelo-pais\/","url":"https:\/\/www.vagadeempregorj.com.br\/natto-22-vagas-de-emprego-abertas-pelo-pais\/","name":"Natto: 22 vagas de emprego abertas pelo pa\u00eds -","isPartOf":{"@id":"https:\/\/www.vagadeempregorj.com.br\/#website"},"primaryImageOfPage":{"@id":"https:\/\/www.vagadeempregorj.com.br\/natto-22-vagas-de-emprego-abertas-pelo-pais\/#primaryimage"},"image":{"@id":"https:\/\/www.vagadeempregorj.com.br\/natto-22-vagas-de-emprego-abertas-pelo-pais\/#primaryimage"},"thumbnailUrl":"https:\/\/www.vagadeempregorj.com.br\/wp-content\/uploads\/2024\/09\/image-32.png","datePublished":"2024-10-01T09:00:00+00:00","author":{"@id":"https:\/\/www.vagadeempregorj.com.br\/#\/schema\/person\/3ddb19fa0539706786e502152f3aae95"},"description":"Veja em Vagas de Emprego RJ as vagas de emprego com e sem experi\u00eancia no seu Estado e Regi\u00e3o!","breadcrumb":{"@id":"https:\/\/www.vagadeempregorj.com.br\/natto-22-vagas-de-emprego-abertas-pelo-pais\/#breadcrumb"},"inLanguage":"es","potentialAction":[{"@type":"ReadAction","target":["https:\/\/www.vagadeempregorj.com.br\/natto-22-vagas-de-emprego-abertas-pelo-pais\/"]}]},{"@type":"ImageObject","inLanguage":"es","@id":"https:\/\/www.vagadeempregorj.com.br\/natto-22-vagas-de-emprego-abertas-pelo-pais\/#primaryimage","url":"https:\/\/www.vagadeempregorj.com.br\/wp-content\/uploads\/2024\/09\/image-32.png","contentUrl":"https:\/\/www.vagadeempregorj.com.br\/wp-content\/uploads\/2024\/09\/image-32.png","width":820,"height":480},{"@type":"BreadcrumbList","@id":"https:\/\/www.vagadeempregorj.com.br\/natto-22-vagas-de-emprego-abertas-pelo-pais\/#breadcrumb","itemListElement":[{"@type":"ListItem","position":1,"name":"In\u00edcio","item":"https:\/\/www.vagadeempregorj.com.br\/"},{"@type":"ListItem","position":2,"name":"Vagas de Emprego Nacionais","item":"https:\/\/www.vagadeempregorj.com.br\/vagas-de-emprego-nacionais\/"},{"@type":"ListItem","position":3,"name":"Natto: 22 vagas de emprego abertas pelo pa\u00eds"}]},{"@type":"WebSite","@id":"https:\/\/www.vagadeempregorj.com.br\/#website","url":"https:\/\/www.vagadeempregorj.com.br\/","name":"","description":"Conquiste Sonhos: Vagas, Benef\u00edcios e Economia para Transformar Vidas e Alcan\u00e7ar Melhorias Cotidianas","potentialAction":[{"@type":"SearchAction","target":{"@type":"EntryPoint","urlTemplate":"https:\/\/www.vagadeempregorj.com.br\/?s={search_term_string}"},"query-input":{"@type":"PropertyValueSpecification","valueRequired":true,"valueName":"search_term_string"}}],"inLanguage":"es"},{"@type":"Person","@id":"https:\/\/www.vagadeempregorj.com.br\/#\/schema\/person\/3ddb19fa0539706786e502152f3aae95","name":"Michele","image":{"@type":"ImageObject","inLanguage":"es","@id":"https:\/\/secure.gravatar.com\/avatar\/6b0eb9d22841282815e2cd856a0061c45e1761cd54b22e952d98c4746939aa85?s=96&r=g","url":"https:\/\/secure.gravatar.com\/avatar\/6b0eb9d22841282815e2cd856a0061c45e1761cd54b22e952d98c4746939aa85?s=96&r=g","contentUrl":"https:\/\/secure.gravatar.com\/avatar\/6b0eb9d22841282815e2cd856a0061c45e1761cd54b22e952d98c4746939aa85?s=96&r=g","caption":"Michele"},"description":"Formada em Letras - Portugu\u00eas\/ Ingl\u00eas, e idealizadora do site Escritora de Sucesso, busca expandir o conhecimento de todos com informa\u00e7\u00f5es relevantes sobre diversos assuntos, enquanto redatora. No Vaga de Emprego RJ, traz oportunidades e dicas sobre o mercado de trabalho.","url":"https:\/\/www.vagadeempregorj.com.br\/es\/author\/michele\/"}]}},"_links":{"self":[{"href":"https:\/\/www.vagadeempregorj.com.br\/es\/wp-json\/wp\/v2\/posts\/40792","targetHints":{"allow":["GET"]}}],"collection":[{"href":"https:\/\/www.vagadeempregorj.com.br\/es\/wp-json\/wp\/v2\/posts"}],"about":[{"href":"https:\/\/www.vagadeempregorj.com.br\/es\/wp-json\/wp\/v2\/types\/post"}],"author":[{"embeddable":true,"href":"https:\/\/www.vagadeempregorj.com.br\/es\/wp-json\/wp\/v2\/users\/16"}],"replies":[{"embeddable":true,"href":"https:\/\/www.vagadeempregorj.com.br\/es\/wp-json\/wp\/v2\/comments?post=40792"}],"version-history":[{"count":0,"href":"https:\/\/www.vagadeempregorj.com.br\/es\/wp-json\/wp\/v2\/posts\/40792\/revisions"}],"wp:featuredmedia":[{"embeddable":true,"href":"https:\/\/www.vagadeempregorj.com.br\/es\/wp-json\/wp\/v2\/media\/40812"}],"wp:attachment":[{"href":"https:\/\/www.vagadeempregorj.com.br\/es\/wp-json\/wp\/v2\/media?parent=40792"}],"wp:term":[{"taxonomy":"category","embeddable":true,"href":"https:\/\/www.vagadeempregorj.com.br\/es\/wp-json\/wp\/v2\/categories?post=40792"},{"taxonomy":"post_tag","embeddable":true,"href":"https:\/\/www.vagadeempregorj.com.br\/es\/wp-json\/wp\/v2\/tags?post=40792"}],"curies":[{"name":"wp","href":"https:\/\/api.w.org\/{rel}","templated":true}]}}