{"id":40833,"date":"2024-09-30T06:00:00","date_gmt":"2024-09-30T09:00:00","guid":{"rendered":"https:\/\/www.vagadeempregorj.com.br\/?p=40833"},"modified":"2024-09-21T14:57:41","modified_gmt":"2024-09-21T17:57:41","slug":"logistica-veja-as-vagas-de-emprego-em-alta-no-setor","status":"publish","type":"post","link":"https:\/\/www.vagadeempregorj.com.br\/es\/logistica-veja-as-vagas-de-emprego-em-alta-no-setor\/","title":{"rendered":"Log\u00edstica: veja as vagas de emprego em alta no setor"},"content":{"rendered":"<p>O setor de log\u00edstica desempenha um papel crucial na economia global, especialmente em um mundo cada vez mais conectado. Com o crescimento do e-commerce e a necessidade de solu\u00e7\u00f5es eficientes na cadeia de suprimentos, o mercado de trabalho nesse segmento est\u00e1 se expandindo rapidamente.<\/p>\n\n\n\n<h2 class=\"wp-block-heading\">O crescimento do setor de log\u00edstica<\/h2>\n\n\n\n<p>Nos \u00faltimos anos, o setor de log\u00edstica tem experimentado um crescimento significativo, impulsionado por v\u00e1rias tend\u00eancias, como:<\/p>\n\n\n\n<figure class=\"wp-block-image size-full is-resized\"><img loading=\"lazy\" decoding=\"async\" width=\"740\" height=\"493\" src=\"https:\/\/www.vagadeempregorj.com.br\/wp-content\/uploads\/2024\/09\/image-37.png\" alt=\"\" class=\"wp-image-40851\" style=\"width:840px;height:auto\" srcset=\"https:\/\/www.vagadeempregorj.com.br\/wp-content\/uploads\/2024\/09\/image-37.png 740w, https:\/\/www.vagadeempregorj.com.br\/wp-content\/uploads\/2024\/09\/image-37-300x200.png 300w, https:\/\/www.vagadeempregorj.com.br\/wp-content\/uploads\/2024\/09\/image-37-150x100.png 150w\" sizes=\"auto, (max-width: 740px) 100vw, 740px\" \/><\/figure>\n\n\n\n<ul class=\"wp-block-list\">\n<li><strong>E-commerce<\/strong>: O aumento das compras online tem gerado uma demanda crescente por solu\u00e7\u00f5es log\u00edsticas que garantam a entrega r\u00e1pida e eficiente de produtos.<\/li>\n\n\n\n<li><strong>Globaliza\u00e7\u00e3o<\/strong>: A interconex\u00e3o de mercados internacionais requer profissionais capazes de gerenciar opera\u00e7\u00f5es complexas e coordenar atividades em diferentes pa\u00edses.<\/li>\n\n\n\n<li><strong>Tecnologia<\/strong>: A ado\u00e7\u00e3o de novas tecnologias, como intelig\u00eancia artificial e automa\u00e7\u00e3o, est\u00e1 revolucionando a forma como as opera\u00e7\u00f5es log\u00edsticas s\u00e3o conduzidas, criando novas oportunidades de emprego.<\/li>\n<\/ul>\n\n\n\n<h2 class=\"wp-block-heading\">Vagas em alta no setor de log\u00edstica<\/h2>\n\n\n\n<p>\u00c0 medida que o setor continua a se expandir, algumas posi\u00e7\u00f5es est\u00e3o se destacando pela demanda. Vamos conhecer algumas das principais vagas em alta:<\/p>\n\n\n\n<h3 class=\"wp-block-heading\">Gerente de Log\u00edstica<\/h3>\n\n\n\n<p>O gerente de log\u00edstica \u00e9 respons\u00e1vel por supervisionar todas as opera\u00e7\u00f5es log\u00edsticas de uma empresa, incluindo o transporte, armazenamento e distribui\u00e7\u00e3o de produtos. Essa posi\u00e7\u00e3o requer habilidades em gest\u00e3o, planejamento estrat\u00e9gico e an\u00e1lise de dados.<\/p>\n\n\n\n<h3 class=\"wp-block-heading\">Analista de Log\u00edstica<\/h3>\n\n\n\n<p>Os analistas de log\u00edstica desempenham um papel fundamental na otimiza\u00e7\u00e3o das opera\u00e7\u00f5es. Eles analisam dados de transporte e estoque, identificam inefici\u00eancias e prop\u00f5em melhorias. Essa posi\u00e7\u00e3o \u00e9 ideal para profissionais que possuem habilidades anal\u00edticas e conhecimentos em sistemas de gest\u00e3o de log\u00edstica.<\/p>\n\n\n\n<h3 class=\"wp-block-heading\">Coordenador de Transporte<\/h3>\n\n\n\n<p>O coordenador de transporte \u00e9 respons\u00e1vel por gerenciar as opera\u00e7\u00f5es de transporte, garantindo que as mercadorias sejam entregues de forma eficiente e pontual. Esse profissional deve ter habilidades de negocia\u00e7\u00e3o, conhecimento sobre regulamenta\u00e7\u00f5es de transporte e capacidade de lidar com imprevistos.<\/p>\n\n\n\n<h3 class=\"wp-block-heading\">Especialista em Supply Chain<\/h3>\n\n\n\n<p>O especialista em supply chain atua em toda a cadeia de suprimentos, desde a aquisi\u00e7\u00e3o de mat\u00e9rias-primas at\u00e9 a entrega final ao cliente. Essa posi\u00e7\u00e3o requer uma compreens\u00e3o profunda do processo log\u00edstico e habilidades em gest\u00e3o de fornecedores.<\/p>\n\n\n\n<h3 class=\"wp-block-heading\">Operador de Armaz\u00e9m<\/h3>\n\n\n\n<p>Com o aumento do e-commerce, a demanda por operadores de armaz\u00e9m tamb\u00e9m cresceu. Esses profissionais s\u00e3o respons\u00e1veis por tarefas como recebimento, armazenamento e expedi\u00e7\u00e3o de produtos. A fun\u00e7\u00e3o pode incluir o uso de equipamentos de manuseio, como empilhadeiras.<\/p>\n\n\n\n<h3 class=\"wp-block-heading\">Analista de Estoque<\/h3>\n\n\n\n<p>O analista de estoque \u00e9 respons\u00e1vel por monitorar os n\u00edveis de invent\u00e1rio, garantindo que a empresa tenha produtos suficientes para atender \u00e0 demanda. Essa posi\u00e7\u00e3o envolve an\u00e1lise de dados, relat\u00f3rios e intera\u00e7\u00e3o com diferentes departamentos.<\/p>\n\n\n\n<h2 class=\"wp-block-heading\">Habilidades essenciais para se destacar<\/h2>\n\n\n\n<p>Para se destacar nas vagas em alta no setor de log\u00edstica, \u00e9 importante desenvolver algumas habilidades espec\u00edficas:<\/p>\n\n\n\n<ul class=\"wp-block-list\">\n<li><strong>Habilidades anal\u00edticas<\/strong>: A capacidade de interpretar dados e identificar padr\u00f5es \u00e9 crucial, especialmente em fun\u00e7\u00f5es como analista de log\u00edstica e analista de estoque.<\/li>\n\n\n\n<li><strong>Conhecimento em tecnologia<\/strong>: Familiaridade com softwares de gest\u00e3o de log\u00edstica e ferramentas de automa\u00e7\u00e3o pode ser um diferencial.<\/li>\n\n\n\n<li><strong>Habilidades de comunica\u00e7\u00e3o<\/strong>: A log\u00edstica envolve intera\u00e7\u00e3o constante com diferentes equipes e fornecedores. Comunicar-se de forma clara e eficaz \u00e9 fundamental.<\/li>\n\n\n\n<li><strong>Gest\u00e3o de tempo<\/strong>: A habilidade de gerenciar m\u00faltiplas tarefas e priorizar atividades \u00e9 essencial para manter a efici\u00eancia nas opera\u00e7\u00f5es log\u00edsticas.<\/li>\n\n\n\n<li><strong>Flexibilidade e adaptabilidade<\/strong>: O setor de log\u00edstica pode ser imprevis\u00edvel, e a capacidade de se adaptar a mudan\u00e7as rapidamente \u00e9 um atributo valorizado.<\/li>\n<\/ul>\n\n\n\n<h2 class=\"wp-block-heading\">Oportunidades de crescimento e desenvolvimento<\/h2>\n\n\n\n<p>O setor de log\u00edstica oferece diversas oportunidades de crescimento e desenvolvimento profissional. Algumas estrat\u00e9gias para avan\u00e7ar na carreira incluem:<\/p>\n\n\n\n<ul class=\"wp-block-list\">\n<li><strong>Educa\u00e7\u00e3o e certifica\u00e7\u00f5es<\/strong>: Investir em cursos e certifica\u00e7\u00f5es relevantes pode aumentar suas chances de promo\u00e7\u00e3o. Certifica\u00e7\u00f5es em gest\u00e3o de supply chain, por exemplo, s\u00e3o altamente valorizadas.<\/li>\n\n\n\n<li><strong>Networking<\/strong>: Participar de eventos e confer\u00eancias da ind\u00fastria pode ajudar a construir conex\u00f5es valiosas e ficar por dentro das \u00faltimas tend\u00eancias.<\/li>\n\n\n\n<li><strong>Experi\u00eancia pr\u00e1tica<\/strong>: Ganhar experi\u00eancia em diferentes \u00e1reas da log\u00edstica pode ajudar a diversificar suas habilidades e aumentar suas oportunidades de emprego.<\/li>\n<\/ul>\n\n\n\n<p>O futuro da log\u00edstica \u00e9 promissor, com a expectativa de que a demanda por profissionais continue a crescer. O avan\u00e7o da tecnologia, incluindo a automa\u00e7\u00e3o e o uso de intelig\u00eancia artificial, promete transformar ainda mais o setor. As empresas est\u00e3o cada vez mais em busca de solu\u00e7\u00f5es inovadoras para melhorar a efici\u00eancia e reduzir custos, o que gera novas oportunidades de emprego.<\/p>\n\n\n\n<h2 class=\"wp-block-heading\">Oportunidades promissoras<\/h2>\n\n\n\n<p>O setor de log\u00edstica est\u00e1 em plena expans\u00e3o, com uma variedade de vagas em alta que oferecem oportunidades promissoras para profissionais. Com o crescimento do e-commerce e as mudan\u00e7as na din\u00e2mica do mercado, agora \u00e9 um \u00f3timo momento para entrar ou se especializar nesse campo. Ao desenvolver as habilidades necess\u00e1rias e se manter atualizado sobre as tend\u00eancias, voc\u00ea pode aproveitar ao m\u00e1ximo as oportunidades que o setor de log\u00edstica tem a oferecer.<\/p>\n\n\n\n<p><strong>Veja tamb\u00e9m: <a href=\"https:\/\/www.vagadeempregorj.com.br\/es\/grupo-ri-happy-abre-mais-de-300-empregos-pelo-pais\/\">Grupo Ri Happy abre mais de 300 empregos pelo pa\u00eds<\/a><\/strong><\/p>\n\n\n\n<p>30 de setembro de 2024<\/p>","protected":false},"excerpt":{"rendered":"<p>O setor de log\u00edstica desempenha um papel crucial na economia global, especialmente em um mundo cada vez mais conectado. Com o crescimento do e-commerce e a necessidade de solu\u00e7\u00f5es eficientes na cadeia de suprimentos, o mercado de trabalho nesse segmento est\u00e1 se expandindo rapidamente. O crescimento do setor de log\u00edstica Nos \u00faltimos anos, o setor&hellip;&nbsp;<\/p>","protected":false},"author":16,"featured_media":40851,"comment_status":"closed","ping_status":"closed","sticky":false,"template":"","format":"standard","meta":{"neve_meta_sidebar":"","neve_meta_container":"","neve_meta_enable_content_width":"","neve_meta_content_width":0,"neve_meta_title_alignment":"","neve_meta_author_avatar":"","neve_post_elements_order":"","neve_meta_disable_header":"","neve_meta_disable_footer":"","neve_meta_disable_title":"","footnotes":""},"categories":[123],"tags":[],"class_list":["post-40833","post","type-post","status-publish","format-standard","has-post-thumbnail","hentry","category-vagas-de-emprego-nacionais"],"yoast_head":"<!-- This site is optimized with the Yoast SEO plugin v27.5 - https:\/\/yoast.com\/product\/yoast-seo-wordpress\/ -->\n<title>Log\u00edstica: veja as vagas de emprego em alta no setor -<\/title>\n<meta name=\"description\" content=\"Veja em Vagas de Emprego RJ as vagas de emprego com e sem experi\u00eancia no seu Estado e Regi\u00e3o!\" \/>\n<meta name=\"robots\" content=\"index, follow, max-snippet:-1, max-image-preview:large, max-video-preview:-1\" \/>\n<link rel=\"canonical\" href=\"https:\/\/www.vagadeempregorj.com.br\/es\/logistica-veja-as-vagas-de-emprego-em-alta-no-setor\/\" \/>\n<meta property=\"og:locale\" content=\"es_MX\" \/>\n<meta property=\"og:type\" content=\"article\" \/>\n<meta property=\"og:title\" content=\"Log\u00edstica: veja as vagas de emprego em alta no setor -\" \/>\n<meta property=\"og:description\" content=\"Veja em Vagas de Emprego RJ as vagas de emprego com e sem experi\u00eancia no seu Estado e Regi\u00e3o!\" \/>\n<meta property=\"og:url\" content=\"https:\/\/www.vagadeempregorj.com.br\/es\/logistica-veja-as-vagas-de-emprego-em-alta-no-setor\/\" \/>\n<meta property=\"article:publisher\" content=\"https:\/\/www.facebook.com\/empregobrasiloficial\" \/>\n<meta property=\"article:published_time\" content=\"2024-09-30T09:00:00+00:00\" \/>\n<meta property=\"og:image\" content=\"https:\/\/www.vagadeempregorj.com.br\/wp-content\/uploads\/2024\/09\/image-37.png\" \/>\n\t<meta property=\"og:image:width\" content=\"740\" \/>\n\t<meta property=\"og:image:height\" content=\"493\" \/>\n\t<meta property=\"og:image:type\" content=\"image\/png\" \/>\n<meta name=\"author\" content=\"Michele\" \/>\n<meta name=\"twitter:card\" content=\"summary_large_image\" \/>\n<meta name=\"twitter:label1\" content=\"Written by\" \/>\n\t<meta name=\"twitter:data1\" content=\"Michele\" \/>\n\t<meta name=\"twitter:label2\" content=\"Est. reading time\" \/>\n\t<meta name=\"twitter:data2\" content=\"4 minutos\" \/>\n<script type=\"application\/ld+json\" class=\"yoast-schema-graph\">{\"@context\":\"https:\\\/\\\/schema.org\",\"@graph\":[{\"@type\":\"Article\",\"@id\":\"https:\\\/\\\/www.vagadeempregorj.com.br\\\/logistica-veja-as-vagas-de-emprego-em-alta-no-setor\\\/#article\",\"isPartOf\":{\"@id\":\"https:\\\/\\\/www.vagadeempregorj.com.br\\\/logistica-veja-as-vagas-de-emprego-em-alta-no-setor\\\/\"},\"author\":{\"name\":\"Michele\",\"@id\":\"https:\\\/\\\/www.vagadeempregorj.com.br\\\/#\\\/schema\\\/person\\\/3ddb19fa0539706786e502152f3aae95\"},\"headline\":\"Log\u00edstica: veja as vagas de emprego em alta no setor\",\"datePublished\":\"2024-09-30T09:00:00+00:00\",\"mainEntityOfPage\":{\"@id\":\"https:\\\/\\\/www.vagadeempregorj.com.br\\\/logistica-veja-as-vagas-de-emprego-em-alta-no-setor\\\/\"},\"wordCount\":903,\"image\":{\"@id\":\"https:\\\/\\\/www.vagadeempregorj.com.br\\\/logistica-veja-as-vagas-de-emprego-em-alta-no-setor\\\/#primaryimage\"},\"thumbnailUrl\":\"https:\\\/\\\/www.vagadeempregorj.com.br\\\/wp-content\\\/uploads\\\/2024\\\/09\\\/image-37.png\",\"articleSection\":[\"Vagas de Emprego Nacionais\"],\"inLanguage\":\"es\"},{\"@type\":\"WebPage\",\"@id\":\"https:\\\/\\\/www.vagadeempregorj.com.br\\\/logistica-veja-as-vagas-de-emprego-em-alta-no-setor\\\/\",\"url\":\"https:\\\/\\\/www.vagadeempregorj.com.br\\\/logistica-veja-as-vagas-de-emprego-em-alta-no-setor\\\/\",\"name\":\"Log\u00edstica: veja as vagas de emprego em alta no setor -\",\"isPartOf\":{\"@id\":\"https:\\\/\\\/www.vagadeempregorj.com.br\\\/#website\"},\"primaryImageOfPage\":{\"@id\":\"https:\\\/\\\/www.vagadeempregorj.com.br\\\/logistica-veja-as-vagas-de-emprego-em-alta-no-setor\\\/#primaryimage\"},\"image\":{\"@id\":\"https:\\\/\\\/www.vagadeempregorj.com.br\\\/logistica-veja-as-vagas-de-emprego-em-alta-no-setor\\\/#primaryimage\"},\"thumbnailUrl\":\"https:\\\/\\\/www.vagadeempregorj.com.br\\\/wp-content\\\/uploads\\\/2024\\\/09\\\/image-37.png\",\"datePublished\":\"2024-09-30T09:00:00+00:00\",\"author\":{\"@id\":\"https:\\\/\\\/www.vagadeempregorj.com.br\\\/#\\\/schema\\\/person\\\/3ddb19fa0539706786e502152f3aae95\"},\"description\":\"Veja em Vagas de Emprego RJ as vagas de emprego com e sem experi\u00eancia no seu Estado e Regi\u00e3o!\",\"breadcrumb\":{\"@id\":\"https:\\\/\\\/www.vagadeempregorj.com.br\\\/logistica-veja-as-vagas-de-emprego-em-alta-no-setor\\\/#breadcrumb\"},\"inLanguage\":\"es\",\"potentialAction\":[{\"@type\":\"ReadAction\",\"target\":[\"https:\\\/\\\/www.vagadeempregorj.com.br\\\/logistica-veja-as-vagas-de-emprego-em-alta-no-setor\\\/\"]}]},{\"@type\":\"ImageObject\",\"inLanguage\":\"es\",\"@id\":\"https:\\\/\\\/www.vagadeempregorj.com.br\\\/logistica-veja-as-vagas-de-emprego-em-alta-no-setor\\\/#primaryimage\",\"url\":\"https:\\\/\\\/www.vagadeempregorj.com.br\\\/wp-content\\\/uploads\\\/2024\\\/09\\\/image-37.png\",\"contentUrl\":\"https:\\\/\\\/www.vagadeempregorj.com.br\\\/wp-content\\\/uploads\\\/2024\\\/09\\\/image-37.png\",\"width\":740,\"height\":493},{\"@type\":\"BreadcrumbList\",\"@id\":\"https:\\\/\\\/www.vagadeempregorj.com.br\\\/logistica-veja-as-vagas-de-emprego-em-alta-no-setor\\\/#breadcrumb\",\"itemListElement\":[{\"@type\":\"ListItem\",\"position\":1,\"name\":\"In\u00edcio\",\"item\":\"https:\\\/\\\/www.vagadeempregorj.com.br\\\/\"},{\"@type\":\"ListItem\",\"position\":2,\"name\":\"Vagas de Emprego Nacionais\",\"item\":\"https:\\\/\\\/www.vagadeempregorj.com.br\\\/vagas-de-emprego-nacionais\\\/\"},{\"@type\":\"ListItem\",\"position\":3,\"name\":\"Log\u00edstica: veja as vagas de emprego em alta no setor\"}]},{\"@type\":\"WebSite\",\"@id\":\"https:\\\/\\\/www.vagadeempregorj.com.br\\\/#website\",\"url\":\"https:\\\/\\\/www.vagadeempregorj.com.br\\\/\",\"name\":\"\",\"description\":\"Conquiste Sonhos: Vagas, Benef\u00edcios e Economia para Transformar Vidas e Alcan\u00e7ar Melhorias Cotidianas\",\"potentialAction\":[{\"@type\":\"SearchAction\",\"target\":{\"@type\":\"EntryPoint\",\"urlTemplate\":\"https:\\\/\\\/www.vagadeempregorj.com.br\\\/?s={search_term_string}\"},\"query-input\":{\"@type\":\"PropertyValueSpecification\",\"valueRequired\":true,\"valueName\":\"search_term_string\"}}],\"inLanguage\":\"es\"},{\"@type\":\"Person\",\"@id\":\"https:\\\/\\\/www.vagadeempregorj.com.br\\\/#\\\/schema\\\/person\\\/3ddb19fa0539706786e502152f3aae95\",\"name\":\"Michele\",\"image\":{\"@type\":\"ImageObject\",\"inLanguage\":\"es\",\"@id\":\"https:\\\/\\\/secure.gravatar.com\\\/avatar\\\/6b0eb9d22841282815e2cd856a0061c45e1761cd54b22e952d98c4746939aa85?s=96&r=g\",\"url\":\"https:\\\/\\\/secure.gravatar.com\\\/avatar\\\/6b0eb9d22841282815e2cd856a0061c45e1761cd54b22e952d98c4746939aa85?s=96&r=g\",\"contentUrl\":\"https:\\\/\\\/secure.gravatar.com\\\/avatar\\\/6b0eb9d22841282815e2cd856a0061c45e1761cd54b22e952d98c4746939aa85?s=96&r=g\",\"caption\":\"Michele\"},\"description\":\"Formada em Letras - Portugu\u00eas\\\/ Ingl\u00eas, e idealizadora do site Escritora de Sucesso, busca expandir o conhecimento de todos com informa\u00e7\u00f5es relevantes sobre diversos assuntos, enquanto redatora. No Vaga de Emprego RJ, traz oportunidades e dicas sobre o mercado de trabalho.\",\"url\":\"https:\\\/\\\/www.vagadeempregorj.com.br\\\/es\\\/author\\\/michele\\\/\"}]}<\/script>\n<!-- \/ Yoast SEO plugin. -->","yoast_head_json":{"title":"Log\u00edstica: veja as vagas de emprego em alta no setor -","description":"Veja em Vagas de Emprego RJ as vagas de emprego com e sem experi\u00eancia no seu Estado e Regi\u00e3o!","robots":{"index":"index","follow":"follow","max-snippet":"max-snippet:-1","max-image-preview":"max-image-preview:large","max-video-preview":"max-video-preview:-1"},"canonical":"https:\/\/www.vagadeempregorj.com.br\/es\/logistica-veja-as-vagas-de-emprego-em-alta-no-setor\/","og_locale":"es_MX","og_type":"article","og_title":"Log\u00edstica: veja as vagas de emprego em alta no setor -","og_description":"Veja em Vagas de Emprego RJ as vagas de emprego com e sem experi\u00eancia no seu Estado e Regi\u00e3o!","og_url":"https:\/\/www.vagadeempregorj.com.br\/es\/logistica-veja-as-vagas-de-emprego-em-alta-no-setor\/","article_publisher":"https:\/\/www.facebook.com\/empregobrasiloficial","article_published_time":"2024-09-30T09:00:00+00:00","og_image":[{"width":740,"height":493,"url":"https:\/\/www.vagadeempregorj.com.br\/wp-content\/uploads\/2024\/09\/image-37.png","type":"image\/png"}],"author":"Michele","twitter_card":"summary_large_image","twitter_misc":{"Written by":"Michele","Est. reading time":"4 minutos"},"schema":{"@context":"https:\/\/schema.org","@graph":[{"@type":"Article","@id":"https:\/\/www.vagadeempregorj.com.br\/logistica-veja-as-vagas-de-emprego-em-alta-no-setor\/#article","isPartOf":{"@id":"https:\/\/www.vagadeempregorj.com.br\/logistica-veja-as-vagas-de-emprego-em-alta-no-setor\/"},"author":{"name":"Michele","@id":"https:\/\/www.vagadeempregorj.com.br\/#\/schema\/person\/3ddb19fa0539706786e502152f3aae95"},"headline":"Log\u00edstica: veja as vagas de emprego em alta no setor","datePublished":"2024-09-30T09:00:00+00:00","mainEntityOfPage":{"@id":"https:\/\/www.vagadeempregorj.com.br\/logistica-veja-as-vagas-de-emprego-em-alta-no-setor\/"},"wordCount":903,"image":{"@id":"https:\/\/www.vagadeempregorj.com.br\/logistica-veja-as-vagas-de-emprego-em-alta-no-setor\/#primaryimage"},"thumbnailUrl":"https:\/\/www.vagadeempregorj.com.br\/wp-content\/uploads\/2024\/09\/image-37.png","articleSection":["Vagas de Emprego Nacionais"],"inLanguage":"es"},{"@type":"WebPage","@id":"https:\/\/www.vagadeempregorj.com.br\/logistica-veja-as-vagas-de-emprego-em-alta-no-setor\/","url":"https:\/\/www.vagadeempregorj.com.br\/logistica-veja-as-vagas-de-emprego-em-alta-no-setor\/","name":"Log\u00edstica: veja as vagas de emprego em alta no setor -","isPartOf":{"@id":"https:\/\/www.vagadeempregorj.com.br\/#website"},"primaryImageOfPage":{"@id":"https:\/\/www.vagadeempregorj.com.br\/logistica-veja-as-vagas-de-emprego-em-alta-no-setor\/#primaryimage"},"image":{"@id":"https:\/\/www.vagadeempregorj.com.br\/logistica-veja-as-vagas-de-emprego-em-alta-no-setor\/#primaryimage"},"thumbnailUrl":"https:\/\/www.vagadeempregorj.com.br\/wp-content\/uploads\/2024\/09\/image-37.png","datePublished":"2024-09-30T09:00:00+00:00","author":{"@id":"https:\/\/www.vagadeempregorj.com.br\/#\/schema\/person\/3ddb19fa0539706786e502152f3aae95"},"description":"Veja em Vagas de Emprego RJ as vagas de emprego com e sem experi\u00eancia no seu Estado e Regi\u00e3o!","breadcrumb":{"@id":"https:\/\/www.vagadeempregorj.com.br\/logistica-veja-as-vagas-de-emprego-em-alta-no-setor\/#breadcrumb"},"inLanguage":"es","potentialAction":[{"@type":"ReadAction","target":["https:\/\/www.vagadeempregorj.com.br\/logistica-veja-as-vagas-de-emprego-em-alta-no-setor\/"]}]},{"@type":"ImageObject","inLanguage":"es","@id":"https:\/\/www.vagadeempregorj.com.br\/logistica-veja-as-vagas-de-emprego-em-alta-no-setor\/#primaryimage","url":"https:\/\/www.vagadeempregorj.com.br\/wp-content\/uploads\/2024\/09\/image-37.png","contentUrl":"https:\/\/www.vagadeempregorj.com.br\/wp-content\/uploads\/2024\/09\/image-37.png","width":740,"height":493},{"@type":"BreadcrumbList","@id":"https:\/\/www.vagadeempregorj.com.br\/logistica-veja-as-vagas-de-emprego-em-alta-no-setor\/#breadcrumb","itemListElement":[{"@type":"ListItem","position":1,"name":"In\u00edcio","item":"https:\/\/www.vagadeempregorj.com.br\/"},{"@type":"ListItem","position":2,"name":"Vagas de Emprego Nacionais","item":"https:\/\/www.vagadeempregorj.com.br\/vagas-de-emprego-nacionais\/"},{"@type":"ListItem","position":3,"name":"Log\u00edstica: veja as vagas de emprego em alta no setor"}]},{"@type":"WebSite","@id":"https:\/\/www.vagadeempregorj.com.br\/#website","url":"https:\/\/www.vagadeempregorj.com.br\/","name":"","description":"Conquiste Sonhos: Vagas, Benef\u00edcios e Economia para Transformar Vidas e Alcan\u00e7ar Melhorias Cotidianas","potentialAction":[{"@type":"SearchAction","target":{"@type":"EntryPoint","urlTemplate":"https:\/\/www.vagadeempregorj.com.br\/?s={search_term_string}"},"query-input":{"@type":"PropertyValueSpecification","valueRequired":true,"valueName":"search_term_string"}}],"inLanguage":"es"},{"@type":"Person","@id":"https:\/\/www.vagadeempregorj.com.br\/#\/schema\/person\/3ddb19fa0539706786e502152f3aae95","name":"Michele","image":{"@type":"ImageObject","inLanguage":"es","@id":"https:\/\/secure.gravatar.com\/avatar\/6b0eb9d22841282815e2cd856a0061c45e1761cd54b22e952d98c4746939aa85?s=96&r=g","url":"https:\/\/secure.gravatar.com\/avatar\/6b0eb9d22841282815e2cd856a0061c45e1761cd54b22e952d98c4746939aa85?s=96&r=g","contentUrl":"https:\/\/secure.gravatar.com\/avatar\/6b0eb9d22841282815e2cd856a0061c45e1761cd54b22e952d98c4746939aa85?s=96&r=g","caption":"Michele"},"description":"Formada em Letras - Portugu\u00eas\/ Ingl\u00eas, e idealizadora do site Escritora de Sucesso, busca expandir o conhecimento de todos com informa\u00e7\u00f5es relevantes sobre diversos assuntos, enquanto redatora. No Vaga de Emprego RJ, traz oportunidades e dicas sobre o mercado de trabalho.","url":"https:\/\/www.vagadeempregorj.com.br\/es\/author\/michele\/"}]}},"_links":{"self":[{"href":"https:\/\/www.vagadeempregorj.com.br\/es\/wp-json\/wp\/v2\/posts\/40833","targetHints":{"allow":["GET"]}}],"collection":[{"href":"https:\/\/www.vagadeempregorj.com.br\/es\/wp-json\/wp\/v2\/posts"}],"about":[{"href":"https:\/\/www.vagadeempregorj.com.br\/es\/wp-json\/wp\/v2\/types\/post"}],"author":[{"embeddable":true,"href":"https:\/\/www.vagadeempregorj.com.br\/es\/wp-json\/wp\/v2\/users\/16"}],"replies":[{"embeddable":true,"href":"https:\/\/www.vagadeempregorj.com.br\/es\/wp-json\/wp\/v2\/comments?post=40833"}],"version-history":[{"count":0,"href":"https:\/\/www.vagadeempregorj.com.br\/es\/wp-json\/wp\/v2\/posts\/40833\/revisions"}],"wp:featuredmedia":[{"embeddable":true,"href":"https:\/\/www.vagadeempregorj.com.br\/es\/wp-json\/wp\/v2\/media\/40851"}],"wp:attachment":[{"href":"https:\/\/www.vagadeempregorj.com.br\/es\/wp-json\/wp\/v2\/media?parent=40833"}],"wp:term":[{"taxonomy":"category","embeddable":true,"href":"https:\/\/www.vagadeempregorj.com.br\/es\/wp-json\/wp\/v2\/categories?post=40833"},{"taxonomy":"post_tag","embeddable":true,"href":"https:\/\/www.vagadeempregorj.com.br\/es\/wp-json\/wp\/v2\/tags?post=40833"}],"curies":[{"name":"wp","href":"https:\/\/api.w.org\/{rel}","templated":true}]}}