{"id":40835,"date":"2024-10-03T06:00:00","date_gmt":"2024-10-03T09:00:00","guid":{"rendered":"https:\/\/www.vagadeempregorj.com.br\/?p=40835"},"modified":"2024-09-21T14:58:25","modified_gmt":"2024-09-21T17:58:25","slug":"quem-nao-trabalha-pode-ter-fgts-veja-os-casos-possiveis","status":"publish","type":"post","link":"https:\/\/www.vagadeempregorj.com.br\/es\/quem-nao-trabalha-pode-ter-fgts-veja-os-casos-possiveis\/","title":{"rendered":"Quem n\u00e3o trabalha pode ter FGTS? Veja os casos poss\u00edveis"},"content":{"rendered":"<p>O Fundo de Garantia do Tempo de Servi\u00e7o (FGTS) \u00e9 um direito dos trabalhadores brasileiros, destinado a proteger o trabalhador em caso de demiss\u00e3o sem justa causa, al\u00e9m de possibilitar o uso do fundo em situa\u00e7\u00f5es espec\u00edficas, como a compra de casa pr\u00f3pria ou em casos de emerg\u00eancia. Mas e quem n\u00e3o est\u00e1 empregado, pode ter acesso ao FGTS? Veja as situa\u00e7\u00f5es em que pessoas que n\u00e3o trabalham podem ter direito ao FGTS.<\/p>\n\n\n\n<h2 class=\"wp-block-heading\">O que \u00e9 o FGTS?<\/h2>\n\n\n\n<p>O FGTS \u00e9 um fundo criado em 1966 que visa assegurar uma reserva financeira ao trabalhador em determinadas situa\u00e7\u00f5es. Os empregadores s\u00e3o obrigados a depositar mensalmente 8% do sal\u00e1rio de cada empregado em uma conta vinculada ao FGTS. O trabalhador pode acessar esses valores em situa\u00e7\u00f5es espec\u00edficas, como demiss\u00e3o sem justa causa, aposentadoria, compra de im\u00f3vel, entre outros.<\/p>\n\n\n\n<figure class=\"wp-block-image size-full\"><img loading=\"lazy\" decoding=\"async\" width=\"1024\" height=\"536\" src=\"https:\/\/www.vagadeempregorj.com.br\/wp-content\/uploads\/2024\/09\/image-38.png\" alt=\"\" class=\"wp-image-40853\" srcset=\"https:\/\/www.vagadeempregorj.com.br\/wp-content\/uploads\/2024\/09\/image-38.png 1024w, https:\/\/www.vagadeempregorj.com.br\/wp-content\/uploads\/2024\/09\/image-38-300x157.png 300w, https:\/\/www.vagadeempregorj.com.br\/wp-content\/uploads\/2024\/09\/image-38-768x402.png 768w, https:\/\/www.vagadeempregorj.com.br\/wp-content\/uploads\/2024\/09\/image-38-150x79.png 150w\" sizes=\"auto, (max-width: 1024px) 100vw, 1024px\" \/><\/figure>\n\n\n\n<h2 class=\"wp-block-heading\">Quem n\u00e3o trabalha pode ter FGTS?<\/h2>\n\n\n\n<p>Embora o FGTS seja, por natureza, um benef\u00edcio associado a v\u00ednculos empregat\u00edcios, existem algumas situa\u00e7\u00f5es em que pessoas sem emprego podem ter direito a esse fundo. Vamos analisar essas circunst\u00e2ncias:<\/p>\n\n\n\n<h3 class=\"wp-block-heading\">Rescis\u00e3o contratual<\/h3>\n\n\n\n<p>Se uma pessoa foi demitida de seu emprego anterior e n\u00e3o encontrou uma nova coloca\u00e7\u00e3o, ela ainda possui saldo no FGTS referente ao v\u00ednculo anterior. Nesse caso, pode sacar o valor depositado em sua conta vinculada ao FGTS.<\/p>\n\n\n\n<h3 class=\"wp-block-heading\">Aposentadoria<\/h3>\n\n\n\n<p>Os trabalhadores que se aposentam t\u00eam o direito de sacar o saldo do FGTS, independentemente de estarem ou n\u00e3o empregados no momento da aposentadoria. Isso se aplica tanto para aposentadorias por tempo de contribui\u00e7\u00e3o quanto por invalidez.<\/p>\n\n\n\n<h3 class=\"wp-block-heading\">Doen\u00e7a grave<\/h3>\n\n\n\n<p>Pessoas diagnosticadas com doen\u00e7as graves, como c\u00e2ncer, AIDS, esclerose m\u00faltipla, entre outras, podem acessar o FGTS, mesmo que n\u00e3o estejam trabalhando. Para isso, \u00e9 necess\u00e1rio apresentar laudos m\u00e9dicos que comprovem a condi\u00e7\u00e3o.<\/p>\n\n\n\n<h3 class=\"wp-block-heading\">Aquisi\u00e7\u00e3o de im\u00f3vel<\/h3>\n\n\n\n<p>Indiv\u00edduos que n\u00e3o est\u00e3o empregados tamb\u00e9m podem usar o saldo do FGTS para a compra de um im\u00f3vel. Isso inclui tanto a compra da casa pr\u00f3pria quanto a constru\u00e7\u00e3o ou reforma de im\u00f3veis.<\/p>\n\n\n\n<h3 class=\"wp-block-heading\">Falecimento do trabalhador<\/h3>\n\n\n\n<p>Em caso de falecimento do trabalhador, os dependentes t\u00eam direito ao saque do FGTS. Isso pode ocorrer mesmo que a pessoa n\u00e3o estivesse trabalhando no momento de sua morte.<\/p>\n\n\n\n<h3 class=\"wp-block-heading\">Participa\u00e7\u00e3o em programas sociais<\/h3>\n\n\n\n<p>Alguns programas sociais do governo brasileiro podem oferecer acesso ao FGTS para pessoas que n\u00e3o est\u00e3o empregadas, desde que atendam a crit\u00e9rios espec\u00edficos. \u00c9 importante verificar as regras de cada programa.<\/p>\n\n\n\n<h2 class=\"wp-block-heading\">Como solicitar o saque do FGTS?<\/h2>\n\n\n\n<p>Para solicitar o saque do FGTS, mesmo sem v\u00ednculo empregat\u00edcio, o trabalhador deve seguir alguns passos:<\/p>\n\n\n\n<ol class=\"wp-block-list\">\n<li><strong>Verificar saldo<\/strong>: O primeiro passo \u00e9 consultar o saldo dispon\u00edvel na conta do FGTS. Isso pode ser feito pelo site da Caixa Econ\u00f4mica Federal ou pelo aplicativo FGTS.<\/li>\n\n\n\n<li><strong>Reunir documentos<\/strong>: Dependendo da situa\u00e7\u00e3o, ser\u00e3o necess\u00e1rios documentos espec\u00edficos, como laudos m\u00e9dicos, comprovantes de aposentadoria ou certid\u00f5es de \u00f3bito.<\/li>\n\n\n\n<li><strong>Realizar a solicita\u00e7\u00e3o<\/strong>: A solicita\u00e7\u00e3o pode ser feita na ag\u00eancia da Caixa Econ\u00f4mica Federal, pelo aplicativo FGTS ou pelo site. \u00c9 importante seguir as instru\u00e7\u00f5es fornecidas e apresentar toda a documenta\u00e7\u00e3o necess\u00e1ria.<\/li>\n\n\n\n<li><strong>Aguardar a an\u00e1lise<\/strong>: Ap\u00f3s a solicita\u00e7\u00e3o, a Caixa analisar\u00e1 a documenta\u00e7\u00e3o e dar\u00e1 um retorno sobre a libera\u00e7\u00e3o do saque.<\/li>\n<\/ol>\n\n\n\n<p>Embora o FGTS esteja intimamente ligado ao v\u00ednculo empregat\u00edcio, existem v\u00e1rias situa\u00e7\u00f5es em que pessoas que n\u00e3o trabalham podem ter acesso ao fundo. Seja por rescis\u00e3o contratual, aposentadoria, doen\u00e7as graves ou outros motivos, \u00e9 importante estar ciente dos direitos e das possibilidades de saque. Se voc\u00ea se encontra em alguma dessas situa\u00e7\u00f5es, n\u00e3o hesite em buscar informa\u00e7\u00f5es e realizar a solicita\u00e7\u00e3o junto \u00e0 Caixa Econ\u00f4mica Federal. Dessa forma, voc\u00ea poder\u00e1 acessar esses recursos e utiliz\u00e1-los da melhor maneira poss\u00edvel.<\/p>\n\n\n\n<p><strong>Veja tamb\u00e9m: <a href=\"https:\/\/www.vagadeempregorj.com.br\/es\/grupo-ri-happy-abre-mais-de-300-empregos-pelo-pais\/\">Grupo Ri Happy abre mais de 300 empregos pelo pa\u00eds<\/a><\/strong><\/p>\n\n\n\n<p>3 de outubro de 2024<\/p>","protected":false},"excerpt":{"rendered":"<p>O Fundo de Garantia do Tempo de Servi\u00e7o (FGTS) \u00e9 um direito dos trabalhadores brasileiros, destinado a proteger o trabalhador em caso de demiss\u00e3o sem justa causa, al\u00e9m de possibilitar o uso do fundo em situa\u00e7\u00f5es espec\u00edficas, como a compra de casa pr\u00f3pria ou em casos de emerg\u00eancia. Mas e quem n\u00e3o est\u00e1 empregado, pode&hellip;&nbsp;<\/p>","protected":false},"author":16,"featured_media":40853,"comment_status":"closed","ping_status":"closed","sticky":false,"template":"","format":"standard","meta":{"neve_meta_sidebar":"","neve_meta_container":"","neve_meta_enable_content_width":"","neve_meta_content_width":0,"neve_meta_title_alignment":"","neve_meta_author_avatar":"","neve_post_elements_order":"","neve_meta_disable_header":"","neve_meta_disable_footer":"","neve_meta_disable_title":"","footnotes":""},"categories":[1],"tags":[],"class_list":["post-40835","post","type-post","status-publish","format-standard","has-post-thumbnail","hentry","category-beneficios-sociais"],"yoast_head":"<!-- This site is optimized with the Yoast SEO plugin v27.5 - https:\/\/yoast.com\/product\/yoast-seo-wordpress\/ -->\n<title>Quem n\u00e3o trabalha pode ter FGTS? Veja os casos poss\u00edveis -<\/title>\n<meta name=\"description\" content=\"Veja em Vagas de Emprego RJ as vagas de emprego com e sem experi\u00eancia no seu Estado e Regi\u00e3o!\" \/>\n<meta name=\"robots\" content=\"index, follow, max-snippet:-1, max-image-preview:large, max-video-preview:-1\" \/>\n<link rel=\"canonical\" href=\"https:\/\/www.vagadeempregorj.com.br\/es\/quem-nao-trabalha-pode-ter-fgts-veja-os-casos-possiveis\/\" \/>\n<meta property=\"og:locale\" content=\"es_MX\" \/>\n<meta property=\"og:type\" content=\"article\" \/>\n<meta property=\"og:title\" content=\"Quem n\u00e3o trabalha pode ter FGTS? Veja os casos poss\u00edveis -\" \/>\n<meta property=\"og:description\" content=\"Veja em Vagas de Emprego RJ as vagas de emprego com e sem experi\u00eancia no seu Estado e Regi\u00e3o!\" \/>\n<meta property=\"og:url\" content=\"https:\/\/www.vagadeempregorj.com.br\/es\/quem-nao-trabalha-pode-ter-fgts-veja-os-casos-possiveis\/\" \/>\n<meta property=\"article:publisher\" content=\"https:\/\/www.facebook.com\/empregobrasiloficial\" \/>\n<meta property=\"article:published_time\" content=\"2024-10-03T09:00:00+00:00\" \/>\n<meta property=\"og:image\" content=\"https:\/\/www.vagadeempregorj.com.br\/wp-content\/uploads\/2024\/09\/image-38.png\" \/>\n\t<meta property=\"og:image:width\" content=\"1024\" \/>\n\t<meta property=\"og:image:height\" content=\"536\" \/>\n\t<meta property=\"og:image:type\" content=\"image\/png\" \/>\n<meta name=\"author\" content=\"Michele\" \/>\n<meta name=\"twitter:card\" content=\"summary_large_image\" \/>\n<meta name=\"twitter:label1\" content=\"Escrito por\" \/>\n\t<meta name=\"twitter:data1\" content=\"Michele\" \/>\n\t<meta name=\"twitter:label2\" content=\"Tiempo de lectura\" \/>\n\t<meta name=\"twitter:data2\" content=\"3 minutos\" \/>\n<script type=\"application\/ld+json\" class=\"yoast-schema-graph\">{\"@context\":\"https:\\\/\\\/schema.org\",\"@graph\":[{\"@type\":\"Article\",\"@id\":\"https:\\\/\\\/www.vagadeempregorj.com.br\\\/quem-nao-trabalha-pode-ter-fgts-veja-os-casos-possiveis\\\/#article\",\"isPartOf\":{\"@id\":\"https:\\\/\\\/www.vagadeempregorj.com.br\\\/quem-nao-trabalha-pode-ter-fgts-veja-os-casos-possiveis\\\/\"},\"author\":{\"name\":\"Michele\",\"@id\":\"https:\\\/\\\/www.vagadeempregorj.com.br\\\/#\\\/schema\\\/person\\\/3ddb19fa0539706786e502152f3aae95\"},\"headline\":\"Quem n\u00e3o trabalha pode ter FGTS? Veja os casos poss\u00edveis\",\"datePublished\":\"2024-10-03T09:00:00+00:00\",\"mainEntityOfPage\":{\"@id\":\"https:\\\/\\\/www.vagadeempregorj.com.br\\\/quem-nao-trabalha-pode-ter-fgts-veja-os-casos-possiveis\\\/\"},\"wordCount\":695,\"image\":{\"@id\":\"https:\\\/\\\/www.vagadeempregorj.com.br\\\/quem-nao-trabalha-pode-ter-fgts-veja-os-casos-possiveis\\\/#primaryimage\"},\"thumbnailUrl\":\"https:\\\/\\\/www.vagadeempregorj.com.br\\\/wp-content\\\/uploads\\\/2024\\\/09\\\/image-38.png\",\"articleSection\":[\"Benef\u00edcios Sociais\"],\"inLanguage\":\"es\"},{\"@type\":\"WebPage\",\"@id\":\"https:\\\/\\\/www.vagadeempregorj.com.br\\\/quem-nao-trabalha-pode-ter-fgts-veja-os-casos-possiveis\\\/\",\"url\":\"https:\\\/\\\/www.vagadeempregorj.com.br\\\/quem-nao-trabalha-pode-ter-fgts-veja-os-casos-possiveis\\\/\",\"name\":\"Quem n\u00e3o trabalha pode ter FGTS? Veja os casos poss\u00edveis -\",\"isPartOf\":{\"@id\":\"https:\\\/\\\/www.vagadeempregorj.com.br\\\/#website\"},\"primaryImageOfPage\":{\"@id\":\"https:\\\/\\\/www.vagadeempregorj.com.br\\\/quem-nao-trabalha-pode-ter-fgts-veja-os-casos-possiveis\\\/#primaryimage\"},\"image\":{\"@id\":\"https:\\\/\\\/www.vagadeempregorj.com.br\\\/quem-nao-trabalha-pode-ter-fgts-veja-os-casos-possiveis\\\/#primaryimage\"},\"thumbnailUrl\":\"https:\\\/\\\/www.vagadeempregorj.com.br\\\/wp-content\\\/uploads\\\/2024\\\/09\\\/image-38.png\",\"datePublished\":\"2024-10-03T09:00:00+00:00\",\"author\":{\"@id\":\"https:\\\/\\\/www.vagadeempregorj.com.br\\\/#\\\/schema\\\/person\\\/3ddb19fa0539706786e502152f3aae95\"},\"description\":\"Veja em Vagas de Emprego RJ as vagas de emprego com e sem experi\u00eancia no seu Estado e Regi\u00e3o!\",\"breadcrumb\":{\"@id\":\"https:\\\/\\\/www.vagadeempregorj.com.br\\\/quem-nao-trabalha-pode-ter-fgts-veja-os-casos-possiveis\\\/#breadcrumb\"},\"inLanguage\":\"es\",\"potentialAction\":[{\"@type\":\"ReadAction\",\"target\":[\"https:\\\/\\\/www.vagadeempregorj.com.br\\\/quem-nao-trabalha-pode-ter-fgts-veja-os-casos-possiveis\\\/\"]}]},{\"@type\":\"ImageObject\",\"inLanguage\":\"es\",\"@id\":\"https:\\\/\\\/www.vagadeempregorj.com.br\\\/quem-nao-trabalha-pode-ter-fgts-veja-os-casos-possiveis\\\/#primaryimage\",\"url\":\"https:\\\/\\\/www.vagadeempregorj.com.br\\\/wp-content\\\/uploads\\\/2024\\\/09\\\/image-38.png\",\"contentUrl\":\"https:\\\/\\\/www.vagadeempregorj.com.br\\\/wp-content\\\/uploads\\\/2024\\\/09\\\/image-38.png\",\"width\":1024,\"height\":536},{\"@type\":\"BreadcrumbList\",\"@id\":\"https:\\\/\\\/www.vagadeempregorj.com.br\\\/quem-nao-trabalha-pode-ter-fgts-veja-os-casos-possiveis\\\/#breadcrumb\",\"itemListElement\":[{\"@type\":\"ListItem\",\"position\":1,\"name\":\"In\u00edcio\",\"item\":\"https:\\\/\\\/www.vagadeempregorj.com.br\\\/\"},{\"@type\":\"ListItem\",\"position\":2,\"name\":\"Benef\u00edcios Sociais\",\"item\":\"https:\\\/\\\/www.vagadeempregorj.com.br\\\/beneficios-sociais\\\/\"},{\"@type\":\"ListItem\",\"position\":3,\"name\":\"Quem n\u00e3o trabalha pode ter FGTS? Veja os casos poss\u00edveis\"}]},{\"@type\":\"WebSite\",\"@id\":\"https:\\\/\\\/www.vagadeempregorj.com.br\\\/#website\",\"url\":\"https:\\\/\\\/www.vagadeempregorj.com.br\\\/\",\"name\":\"\",\"description\":\"Conquiste Sonhos: Vagas, Benef\u00edcios e Economia para Transformar Vidas e Alcan\u00e7ar Melhorias Cotidianas\",\"potentialAction\":[{\"@type\":\"SearchAction\",\"target\":{\"@type\":\"EntryPoint\",\"urlTemplate\":\"https:\\\/\\\/www.vagadeempregorj.com.br\\\/?s={search_term_string}\"},\"query-input\":{\"@type\":\"PropertyValueSpecification\",\"valueRequired\":true,\"valueName\":\"search_term_string\"}}],\"inLanguage\":\"es\"},{\"@type\":\"Person\",\"@id\":\"https:\\\/\\\/www.vagadeempregorj.com.br\\\/#\\\/schema\\\/person\\\/3ddb19fa0539706786e502152f3aae95\",\"name\":\"Michele\",\"image\":{\"@type\":\"ImageObject\",\"inLanguage\":\"es\",\"@id\":\"https:\\\/\\\/secure.gravatar.com\\\/avatar\\\/6b0eb9d22841282815e2cd856a0061c45e1761cd54b22e952d98c4746939aa85?s=96&r=g\",\"url\":\"https:\\\/\\\/secure.gravatar.com\\\/avatar\\\/6b0eb9d22841282815e2cd856a0061c45e1761cd54b22e952d98c4746939aa85?s=96&r=g\",\"contentUrl\":\"https:\\\/\\\/secure.gravatar.com\\\/avatar\\\/6b0eb9d22841282815e2cd856a0061c45e1761cd54b22e952d98c4746939aa85?s=96&r=g\",\"caption\":\"Michele\"},\"description\":\"Formada em Letras - Portugu\u00eas\\\/ Ingl\u00eas, e idealizadora do site Escritora de Sucesso, busca expandir o conhecimento de todos com informa\u00e7\u00f5es relevantes sobre diversos assuntos, enquanto redatora. No Vaga de Emprego RJ, traz oportunidades e dicas sobre o mercado de trabalho.\",\"url\":\"https:\\\/\\\/www.vagadeempregorj.com.br\\\/es\\\/author\\\/michele\\\/\"}]}<\/script>\n<!-- \/ Yoast SEO plugin. -->","yoast_head_json":{"title":"Quem n\u00e3o trabalha pode ter FGTS? Veja os casos poss\u00edveis -","description":"Veja em Vagas de Emprego RJ as vagas de emprego com e sem experi\u00eancia no seu Estado e Regi\u00e3o!","robots":{"index":"index","follow":"follow","max-snippet":"max-snippet:-1","max-image-preview":"max-image-preview:large","max-video-preview":"max-video-preview:-1"},"canonical":"https:\/\/www.vagadeempregorj.com.br\/es\/quem-nao-trabalha-pode-ter-fgts-veja-os-casos-possiveis\/","og_locale":"es_MX","og_type":"article","og_title":"Quem n\u00e3o trabalha pode ter FGTS? Veja os casos poss\u00edveis -","og_description":"Veja em Vagas de Emprego RJ as vagas de emprego com e sem experi\u00eancia no seu Estado e Regi\u00e3o!","og_url":"https:\/\/www.vagadeempregorj.com.br\/es\/quem-nao-trabalha-pode-ter-fgts-veja-os-casos-possiveis\/","article_publisher":"https:\/\/www.facebook.com\/empregobrasiloficial","article_published_time":"2024-10-03T09:00:00+00:00","og_image":[{"width":1024,"height":536,"url":"https:\/\/www.vagadeempregorj.com.br\/wp-content\/uploads\/2024\/09\/image-38.png","type":"image\/png"}],"author":"Michele","twitter_card":"summary_large_image","twitter_misc":{"Escrito por":"Michele","Tiempo de lectura":"3 minutos"},"schema":{"@context":"https:\/\/schema.org","@graph":[{"@type":"Article","@id":"https:\/\/www.vagadeempregorj.com.br\/quem-nao-trabalha-pode-ter-fgts-veja-os-casos-possiveis\/#article","isPartOf":{"@id":"https:\/\/www.vagadeempregorj.com.br\/quem-nao-trabalha-pode-ter-fgts-veja-os-casos-possiveis\/"},"author":{"name":"Michele","@id":"https:\/\/www.vagadeempregorj.com.br\/#\/schema\/person\/3ddb19fa0539706786e502152f3aae95"},"headline":"Quem n\u00e3o trabalha pode ter FGTS? Veja os casos poss\u00edveis","datePublished":"2024-10-03T09:00:00+00:00","mainEntityOfPage":{"@id":"https:\/\/www.vagadeempregorj.com.br\/quem-nao-trabalha-pode-ter-fgts-veja-os-casos-possiveis\/"},"wordCount":695,"image":{"@id":"https:\/\/www.vagadeempregorj.com.br\/quem-nao-trabalha-pode-ter-fgts-veja-os-casos-possiveis\/#primaryimage"},"thumbnailUrl":"https:\/\/www.vagadeempregorj.com.br\/wp-content\/uploads\/2024\/09\/image-38.png","articleSection":["Benef\u00edcios Sociais"],"inLanguage":"es"},{"@type":"WebPage","@id":"https:\/\/www.vagadeempregorj.com.br\/quem-nao-trabalha-pode-ter-fgts-veja-os-casos-possiveis\/","url":"https:\/\/www.vagadeempregorj.com.br\/quem-nao-trabalha-pode-ter-fgts-veja-os-casos-possiveis\/","name":"Quem n\u00e3o trabalha pode ter FGTS? Veja os casos poss\u00edveis -","isPartOf":{"@id":"https:\/\/www.vagadeempregorj.com.br\/#website"},"primaryImageOfPage":{"@id":"https:\/\/www.vagadeempregorj.com.br\/quem-nao-trabalha-pode-ter-fgts-veja-os-casos-possiveis\/#primaryimage"},"image":{"@id":"https:\/\/www.vagadeempregorj.com.br\/quem-nao-trabalha-pode-ter-fgts-veja-os-casos-possiveis\/#primaryimage"},"thumbnailUrl":"https:\/\/www.vagadeempregorj.com.br\/wp-content\/uploads\/2024\/09\/image-38.png","datePublished":"2024-10-03T09:00:00+00:00","author":{"@id":"https:\/\/www.vagadeempregorj.com.br\/#\/schema\/person\/3ddb19fa0539706786e502152f3aae95"},"description":"Veja em Vagas de Emprego RJ as vagas de emprego com e sem experi\u00eancia no seu Estado e Regi\u00e3o!","breadcrumb":{"@id":"https:\/\/www.vagadeempregorj.com.br\/quem-nao-trabalha-pode-ter-fgts-veja-os-casos-possiveis\/#breadcrumb"},"inLanguage":"es","potentialAction":[{"@type":"ReadAction","target":["https:\/\/www.vagadeempregorj.com.br\/quem-nao-trabalha-pode-ter-fgts-veja-os-casos-possiveis\/"]}]},{"@type":"ImageObject","inLanguage":"es","@id":"https:\/\/www.vagadeempregorj.com.br\/quem-nao-trabalha-pode-ter-fgts-veja-os-casos-possiveis\/#primaryimage","url":"https:\/\/www.vagadeempregorj.com.br\/wp-content\/uploads\/2024\/09\/image-38.png","contentUrl":"https:\/\/www.vagadeempregorj.com.br\/wp-content\/uploads\/2024\/09\/image-38.png","width":1024,"height":536},{"@type":"BreadcrumbList","@id":"https:\/\/www.vagadeempregorj.com.br\/quem-nao-trabalha-pode-ter-fgts-veja-os-casos-possiveis\/#breadcrumb","itemListElement":[{"@type":"ListItem","position":1,"name":"In\u00edcio","item":"https:\/\/www.vagadeempregorj.com.br\/"},{"@type":"ListItem","position":2,"name":"Benef\u00edcios Sociais","item":"https:\/\/www.vagadeempregorj.com.br\/beneficios-sociais\/"},{"@type":"ListItem","position":3,"name":"Quem n\u00e3o trabalha pode ter FGTS? Veja os casos poss\u00edveis"}]},{"@type":"WebSite","@id":"https:\/\/www.vagadeempregorj.com.br\/#website","url":"https:\/\/www.vagadeempregorj.com.br\/","name":"","description":"Haz realidad tus sue\u00f1os: Ofertas de empleo, beneficios y ahorros para transformar vidas y lograr mejoras cotidianas.","potentialAction":[{"@type":"SearchAction","target":{"@type":"EntryPoint","urlTemplate":"https:\/\/www.vagadeempregorj.com.br\/?s={search_term_string}"},"query-input":{"@type":"PropertyValueSpecification","valueRequired":true,"valueName":"search_term_string"}}],"inLanguage":"es"},{"@type":"Person","@id":"https:\/\/www.vagadeempregorj.com.br\/#\/schema\/person\/3ddb19fa0539706786e502152f3aae95","name":"Michele","image":{"@type":"ImageObject","inLanguage":"es","@id":"https:\/\/secure.gravatar.com\/avatar\/6b0eb9d22841282815e2cd856a0061c45e1761cd54b22e952d98c4746939aa85?s=96&r=g","url":"https:\/\/secure.gravatar.com\/avatar\/6b0eb9d22841282815e2cd856a0061c45e1761cd54b22e952d98c4746939aa85?s=96&r=g","contentUrl":"https:\/\/secure.gravatar.com\/avatar\/6b0eb9d22841282815e2cd856a0061c45e1761cd54b22e952d98c4746939aa85?s=96&r=g","caption":"Michele"},"description":"Formada em Letras - Portugu\u00eas\/ Ingl\u00eas, e idealizadora do site Escritora de Sucesso, busca expandir o conhecimento de todos com informa\u00e7\u00f5es relevantes sobre diversos assuntos, enquanto redatora. No Vaga de Emprego RJ, traz oportunidades e dicas sobre o mercado de trabalho.","url":"https:\/\/www.vagadeempregorj.com.br\/es\/author\/michele\/"}]}},"_links":{"self":[{"href":"https:\/\/www.vagadeempregorj.com.br\/es\/wp-json\/wp\/v2\/posts\/40835","targetHints":{"allow":["GET"]}}],"collection":[{"href":"https:\/\/www.vagadeempregorj.com.br\/es\/wp-json\/wp\/v2\/posts"}],"about":[{"href":"https:\/\/www.vagadeempregorj.com.br\/es\/wp-json\/wp\/v2\/types\/post"}],"author":[{"embeddable":true,"href":"https:\/\/www.vagadeempregorj.com.br\/es\/wp-json\/wp\/v2\/users\/16"}],"replies":[{"embeddable":true,"href":"https:\/\/www.vagadeempregorj.com.br\/es\/wp-json\/wp\/v2\/comments?post=40835"}],"version-history":[{"count":0,"href":"https:\/\/www.vagadeempregorj.com.br\/es\/wp-json\/wp\/v2\/posts\/40835\/revisions"}],"wp:featuredmedia":[{"embeddable":true,"href":"https:\/\/www.vagadeempregorj.com.br\/es\/wp-json\/wp\/v2\/media\/40853"}],"wp:attachment":[{"href":"https:\/\/www.vagadeempregorj.com.br\/es\/wp-json\/wp\/v2\/media?parent=40835"}],"wp:term":[{"taxonomy":"category","embeddable":true,"href":"https:\/\/www.vagadeempregorj.com.br\/es\/wp-json\/wp\/v2\/categories?post=40835"},{"taxonomy":"post_tag","embeddable":true,"href":"https:\/\/www.vagadeempregorj.com.br\/es\/wp-json\/wp\/v2\/tags?post=40835"}],"curies":[{"name":"wp","href":"https:\/\/api.w.org\/{rel}","templated":true}]}}