{"id":40884,"date":"2024-10-05T06:00:00","date_gmt":"2024-10-05T09:00:00","guid":{"rendered":"https:\/\/www.vagadeempregorj.com.br\/?p=40884"},"modified":"2024-10-01T20:21:00","modified_gmt":"2024-10-01T23:21:00","slug":"assai-atacadista-novas-500-vagas-de-emprego-abertas","status":"publish","type":"post","link":"https:\/\/www.vagadeempregorj.com.br\/es\/assai-atacadista-novas-500-vagas-de-emprego-abertas\/","title":{"rendered":"Assa\u00ed Atacadista: Novas 500 vagas de emprego abertas"},"content":{"rendered":"<p>O <strong>Assa\u00ed Atacadista<\/strong>, uma das maiores redes de atacado do Brasil, anunciou recentemente a abertura de 500 novas vagas de emprego em v\u00e1rias localidades do pa\u00eds. Esta \u00e9 uma excelente oportunidade para quem est\u00e1 em busca de uma nova chance no mercado de trabalho, seja para come\u00e7ar uma carreira ou para quem deseja mudar de \u00e1rea. Com um forte compromisso com a qualidade e o atendimento ao cliente, o Assa\u00ed Atacadista se destaca por oferecer um ambiente din\u00e2mico e acolhedor para seus colaboradores.<\/p>\n\n\n\n<figure class=\"wp-block-image size-large\"><img loading=\"lazy\" decoding=\"async\" width=\"1024\" height=\"682\" src=\"https:\/\/www.vagadeempregorj.com.br\/wp-content\/uploads\/2024\/10\/image-3-1024x682.png\" alt=\"\" class=\"wp-image-40903\" srcset=\"https:\/\/www.vagadeempregorj.com.br\/wp-content\/uploads\/2024\/10\/image-3-1024x682.png 1024w, https:\/\/www.vagadeempregorj.com.br\/wp-content\/uploads\/2024\/10\/image-3-300x200.png 300w, https:\/\/www.vagadeempregorj.com.br\/wp-content\/uploads\/2024\/10\/image-3-768x512.png 768w, https:\/\/www.vagadeempregorj.com.br\/wp-content\/uploads\/2024\/10\/image-3-150x100.png 150w, https:\/\/www.vagadeempregorj.com.br\/wp-content\/uploads\/2024\/10\/image-3.png 1280w\" sizes=\"auto, (max-width: 1024px) 100vw, 1024px\" \/><\/figure>\n\n\n\n<h2 class=\"wp-block-heading\">Quais s\u00e3o as vagas de emprego abertas pelo Assa\u00ed Atacadista?<\/h2>\n\n\n\n<p>As oportunidades de trabalho no Assa\u00ed Atacadista s\u00e3o diversas e abrangem v\u00e1rias \u00e1reas. Veja algumas das vagas abertas:<\/p>\n\n\n\n<h3 class=\"wp-block-heading\">Operador de Caixa<\/h3>\n\n\n\n<p>O operador de caixa \u00e9 respons\u00e1vel por realizar o atendimento ao cliente no momento da compra, garantindo um servi\u00e7o r\u00e1pido e eficiente. Este cargo \u00e9 ideal para quem tem habilidade em lidar com o p\u00fablico e busca um ambiente de trabalho din\u00e2mico.<\/p>\n\n\n\n<h3 class=\"wp-block-heading\">Repositor<\/h3>\n\n\n\n<p>Os repositores s\u00e3o fundamentais para manter a organiza\u00e7\u00e3o e a disponibilidade dos produtos nas prateleiras. Eles s\u00e3o respons\u00e1veis por abastecer os itens e garantir que o estoque esteja sempre em ordem. Esta vaga \u00e9 uma boa oportunidade para quem gosta de trabalhar em equipe e valoriza a organiza\u00e7\u00e3o.<\/p>\n\n\n\n<h3 class=\"wp-block-heading\">Fiscal de Loja<\/h3>\n\n\n\n<p>O fiscal de loja tem a fun\u00e7\u00e3o de garantir a seguran\u00e7a dos produtos e o correto funcionamento das opera\u00e7\u00f5es. Este profissional deve estar atento a poss\u00edveis irregularidades e garantir a integridade do estoque. \u00c9 uma posi\u00e7\u00e3o que requer aten\u00e7\u00e3o aos detalhes e habilidades de observa\u00e7\u00e3o.<\/p>\n\n\n\n<h3 class=\"wp-block-heading\">Coordenador de Setor<\/h3>\n\n\n\n<p>O coordenador de setor \u00e9 respons\u00e1vel por supervisionar as atividades de uma \u00e1rea espec\u00edfica da loja, gerenciando a equipe e assegurando que as metas sejam atingidas. Este cargo \u00e9 voltado para profissionais com experi\u00eancia em lideran\u00e7a e gest\u00e3o de pessoas.<\/p>\n\n\n\n<h3 class=\"wp-block-heading\">Auxiliar de Limpeza<\/h3>\n\n\n\n<p>Os auxiliares de limpeza garantem que as instala\u00e7\u00f5es da loja estejam sempre limpas e agrad\u00e1veis para os clientes. Este cargo \u00e9 essencial para manter a qualidade do ambiente e \u00e9 uma boa oportunidade para quem busca uma posi\u00e7\u00e3o que valorize a organiza\u00e7\u00e3o e a higiene.<\/p>\n\n\n\n<h2 class=\"wp-block-heading\">Como se candidatar?<\/h2>\n\n\n\n<p>Se voc\u00ea se interessou por alguma das oportunidades oferecidas pelo Assa\u00ed Atacadista, o processo de candidatura \u00e9 simples e \u00e1gil. Siga os passos abaixo para garantir sua chance:<\/p>\n\n\n\n<ul class=\"wp-block-list\">\n<li>Copie e cole o endere\u00e7o a seguir em seu navegador: <strong>https:\/\/assai.gupy.io\/<\/strong><\/li>\n\n\n\n<li>Acesse a p\u00e1gina e encontre uma oportunidade que se adeque ao seu perfil.<\/li>\n\n\n\n<li>Clique na vaga desejada para ler mais sobre as fun\u00e7\u00f5es e requisitos.<\/li>\n\n\n\n<li>Preencha o formul\u00e1rio de candidatura com suas informa\u00e7\u00f5es e envie seu curr\u00edculo.<\/li>\n<\/ul>\n\n\n\n<p>N\u00e3o perca a oportunidade de fazer parte de uma empresa que valoriza seus colaboradores e investe em seu desenvolvimento profissional. O Assa\u00ed Atacadista \u00e9 um lugar onde voc\u00ea pode crescer, aprender e contribuir para a satisfa\u00e7\u00e3o dos clientes.<\/p>\n\n\n\n<p>Este \u00e9 o momento certo para dar um novo passo na sua carreira. Aproveite as 500 vagas abertas e fa\u00e7a sua inscri\u00e7\u00e3o. Se voc\u00ea busca um ambiente desafiador e acolhedor, o Assa\u00ed Atacadista pode ser a escolha ideal. Com uma ampla gama de oportunidades dispon\u00edveis, voc\u00ea tem a chance de brilhar em sua trajet\u00f3ria profissional e construir um futuro promissor.<\/p>\n\n\n\n<p><strong>Veja tamb\u00e9m: <a href=\"https:\/\/www.vagadeempregorj.com.br\/es\/logistica-veja-as-vagas-de-emprego-em-alta-no-setor\/\">Log\u00edstica: veja as vagas de emprego em alta no setor<\/a><\/strong><\/p>\n\n\n\n<p>5 de outubro de 2024<\/p>","protected":false},"excerpt":{"rendered":"<p>O Assa\u00ed Atacadista, uma das maiores redes de atacado do Brasil, anunciou recentemente a abertura de 500 novas vagas de emprego em v\u00e1rias localidades do pa\u00eds. Esta \u00e9 uma excelente oportunidade para quem est\u00e1 em busca de uma nova chance no mercado de trabalho, seja para come\u00e7ar uma carreira ou para quem deseja mudar de&hellip;&nbsp;<\/p>","protected":false},"author":16,"featured_media":40903,"comment_status":"closed","ping_status":"closed","sticky":false,"template":"","format":"standard","meta":{"neve_meta_sidebar":"","neve_meta_container":"","neve_meta_enable_content_width":"","neve_meta_content_width":0,"neve_meta_title_alignment":"","neve_meta_author_avatar":"","neve_post_elements_order":"","neve_meta_disable_header":"","neve_meta_disable_footer":"","neve_meta_disable_title":"","footnotes":""},"categories":[123],"tags":[830,608],"class_list":["post-40884","post","type-post","status-publish","format-standard","has-post-thumbnail","hentry","category-vagas-de-emprego-nacionais","tag-empregos","tag-oportunidades"],"yoast_head":"<!-- This site is optimized with the Yoast SEO plugin v27.5 - https:\/\/yoast.com\/product\/yoast-seo-wordpress\/ -->\n<title>Assa\u00ed Atacadista: Novas 500 vagas de emprego abertas -<\/title>\n<meta name=\"description\" content=\"Veja em Vagas de Emprego RJ as vagas de emprego com e sem experi\u00eancia no seu Estado e Regi\u00e3o!\" \/>\n<meta name=\"robots\" content=\"index, follow, max-snippet:-1, max-image-preview:large, max-video-preview:-1\" \/>\n<link rel=\"canonical\" href=\"https:\/\/www.vagadeempregorj.com.br\/es\/assai-atacadista-novas-500-vagas-de-emprego-abertas\/\" \/>\n<meta property=\"og:locale\" content=\"es_MX\" \/>\n<meta property=\"og:type\" content=\"article\" \/>\n<meta property=\"og:title\" content=\"Assa\u00ed Atacadista: Novas 500 vagas de emprego abertas -\" \/>\n<meta property=\"og:description\" content=\"Veja em Vagas de Emprego RJ as vagas de emprego com e sem experi\u00eancia no seu Estado e Regi\u00e3o!\" \/>\n<meta property=\"og:url\" content=\"https:\/\/www.vagadeempregorj.com.br\/es\/assai-atacadista-novas-500-vagas-de-emprego-abertas\/\" \/>\n<meta property=\"article:publisher\" content=\"https:\/\/www.facebook.com\/empregobrasiloficial\" \/>\n<meta property=\"article:published_time\" content=\"2024-10-05T09:00:00+00:00\" \/>\n<meta property=\"og:image\" content=\"https:\/\/www.vagadeempregorj.com.br\/wp-content\/uploads\/2024\/10\/image-3.png\" \/>\n\t<meta property=\"og:image:width\" content=\"1280\" \/>\n\t<meta property=\"og:image:height\" content=\"853\" \/>\n\t<meta property=\"og:image:type\" content=\"image\/png\" \/>\n<meta name=\"author\" content=\"Michele\" \/>\n<meta name=\"twitter:card\" content=\"summary_large_image\" \/>\n<meta name=\"twitter:label1\" content=\"Escrito por\" \/>\n\t<meta name=\"twitter:data1\" content=\"Michele\" \/>\n\t<meta name=\"twitter:label2\" content=\"Tiempo de lectura\" \/>\n\t<meta name=\"twitter:data2\" content=\"3 minutos\" \/>\n<script type=\"application\/ld+json\" class=\"yoast-schema-graph\">{\"@context\":\"https:\\\/\\\/schema.org\",\"@graph\":[{\"@type\":\"Article\",\"@id\":\"https:\\\/\\\/www.vagadeempregorj.com.br\\\/assai-atacadista-novas-500-vagas-de-emprego-abertas\\\/#article\",\"isPartOf\":{\"@id\":\"https:\\\/\\\/www.vagadeempregorj.com.br\\\/assai-atacadista-novas-500-vagas-de-emprego-abertas\\\/\"},\"author\":{\"name\":\"Michele\",\"@id\":\"https:\\\/\\\/www.vagadeempregorj.com.br\\\/#\\\/schema\\\/person\\\/3ddb19fa0539706786e502152f3aae95\"},\"headline\":\"Assa\u00ed Atacadista: Novas 500 vagas de emprego abertas\",\"datePublished\":\"2024-10-05T09:00:00+00:00\",\"mainEntityOfPage\":{\"@id\":\"https:\\\/\\\/www.vagadeempregorj.com.br\\\/assai-atacadista-novas-500-vagas-de-emprego-abertas\\\/\"},\"wordCount\":579,\"image\":{\"@id\":\"https:\\\/\\\/www.vagadeempregorj.com.br\\\/assai-atacadista-novas-500-vagas-de-emprego-abertas\\\/#primaryimage\"},\"thumbnailUrl\":\"https:\\\/\\\/www.vagadeempregorj.com.br\\\/wp-content\\\/uploads\\\/2024\\\/10\\\/image-3.png\",\"keywords\":[\"empregos\",\"oportunidades\"],\"articleSection\":[\"Vagas de Emprego Nacionais\"],\"inLanguage\":\"es\"},{\"@type\":\"WebPage\",\"@id\":\"https:\\\/\\\/www.vagadeempregorj.com.br\\\/assai-atacadista-novas-500-vagas-de-emprego-abertas\\\/\",\"url\":\"https:\\\/\\\/www.vagadeempregorj.com.br\\\/assai-atacadista-novas-500-vagas-de-emprego-abertas\\\/\",\"name\":\"Assa\u00ed Atacadista: Novas 500 vagas de emprego abertas -\",\"isPartOf\":{\"@id\":\"https:\\\/\\\/www.vagadeempregorj.com.br\\\/#website\"},\"primaryImageOfPage\":{\"@id\":\"https:\\\/\\\/www.vagadeempregorj.com.br\\\/assai-atacadista-novas-500-vagas-de-emprego-abertas\\\/#primaryimage\"},\"image\":{\"@id\":\"https:\\\/\\\/www.vagadeempregorj.com.br\\\/assai-atacadista-novas-500-vagas-de-emprego-abertas\\\/#primaryimage\"},\"thumbnailUrl\":\"https:\\\/\\\/www.vagadeempregorj.com.br\\\/wp-content\\\/uploads\\\/2024\\\/10\\\/image-3.png\",\"datePublished\":\"2024-10-05T09:00:00+00:00\",\"author\":{\"@id\":\"https:\\\/\\\/www.vagadeempregorj.com.br\\\/#\\\/schema\\\/person\\\/3ddb19fa0539706786e502152f3aae95\"},\"description\":\"Veja em Vagas de Emprego RJ as vagas de emprego com e sem experi\u00eancia no seu Estado e Regi\u00e3o!\",\"breadcrumb\":{\"@id\":\"https:\\\/\\\/www.vagadeempregorj.com.br\\\/assai-atacadista-novas-500-vagas-de-emprego-abertas\\\/#breadcrumb\"},\"inLanguage\":\"es\",\"potentialAction\":[{\"@type\":\"ReadAction\",\"target\":[\"https:\\\/\\\/www.vagadeempregorj.com.br\\\/assai-atacadista-novas-500-vagas-de-emprego-abertas\\\/\"]}]},{\"@type\":\"ImageObject\",\"inLanguage\":\"es\",\"@id\":\"https:\\\/\\\/www.vagadeempregorj.com.br\\\/assai-atacadista-novas-500-vagas-de-emprego-abertas\\\/#primaryimage\",\"url\":\"https:\\\/\\\/www.vagadeempregorj.com.br\\\/wp-content\\\/uploads\\\/2024\\\/10\\\/image-3.png\",\"contentUrl\":\"https:\\\/\\\/www.vagadeempregorj.com.br\\\/wp-content\\\/uploads\\\/2024\\\/10\\\/image-3.png\",\"width\":1280,\"height\":853,\"caption\":\"Assa\u00ed Atacadista\"},{\"@type\":\"BreadcrumbList\",\"@id\":\"https:\\\/\\\/www.vagadeempregorj.com.br\\\/assai-atacadista-novas-500-vagas-de-emprego-abertas\\\/#breadcrumb\",\"itemListElement\":[{\"@type\":\"ListItem\",\"position\":1,\"name\":\"In\u00edcio\",\"item\":\"https:\\\/\\\/www.vagadeempregorj.com.br\\\/\"},{\"@type\":\"ListItem\",\"position\":2,\"name\":\"Vagas de Emprego Nacionais\",\"item\":\"https:\\\/\\\/www.vagadeempregorj.com.br\\\/vagas-de-emprego-nacionais\\\/\"},{\"@type\":\"ListItem\",\"position\":3,\"name\":\"Assa\u00ed Atacadista: Novas 500 vagas de emprego abertas\"}]},{\"@type\":\"WebSite\",\"@id\":\"https:\\\/\\\/www.vagadeempregorj.com.br\\\/#website\",\"url\":\"https:\\\/\\\/www.vagadeempregorj.com.br\\\/\",\"name\":\"\",\"description\":\"Conquiste Sonhos: Vagas, Benef\u00edcios e Economia para Transformar Vidas e Alcan\u00e7ar Melhorias Cotidianas\",\"potentialAction\":[{\"@type\":\"SearchAction\",\"target\":{\"@type\":\"EntryPoint\",\"urlTemplate\":\"https:\\\/\\\/www.vagadeempregorj.com.br\\\/?s={search_term_string}\"},\"query-input\":{\"@type\":\"PropertyValueSpecification\",\"valueRequired\":true,\"valueName\":\"search_term_string\"}}],\"inLanguage\":\"es\"},{\"@type\":\"Person\",\"@id\":\"https:\\\/\\\/www.vagadeempregorj.com.br\\\/#\\\/schema\\\/person\\\/3ddb19fa0539706786e502152f3aae95\",\"name\":\"Michele\",\"image\":{\"@type\":\"ImageObject\",\"inLanguage\":\"es\",\"@id\":\"https:\\\/\\\/secure.gravatar.com\\\/avatar\\\/6b0eb9d22841282815e2cd856a0061c45e1761cd54b22e952d98c4746939aa85?s=96&r=g\",\"url\":\"https:\\\/\\\/secure.gravatar.com\\\/avatar\\\/6b0eb9d22841282815e2cd856a0061c45e1761cd54b22e952d98c4746939aa85?s=96&r=g\",\"contentUrl\":\"https:\\\/\\\/secure.gravatar.com\\\/avatar\\\/6b0eb9d22841282815e2cd856a0061c45e1761cd54b22e952d98c4746939aa85?s=96&r=g\",\"caption\":\"Michele\"},\"description\":\"Formada em Letras - Portugu\u00eas\\\/ Ingl\u00eas, e idealizadora do site Escritora de Sucesso, busca expandir o conhecimento de todos com informa\u00e7\u00f5es relevantes sobre diversos assuntos, enquanto redatora. No Vaga de Emprego RJ, traz oportunidades e dicas sobre o mercado de trabalho.\",\"url\":\"https:\\\/\\\/www.vagadeempregorj.com.br\\\/es\\\/author\\\/michele\\\/\"}]}<\/script>\n<!-- \/ Yoast SEO plugin. -->","yoast_head_json":{"title":"Assa\u00ed Atacadista: Novas 500 vagas de emprego abertas -","description":"Veja em Vagas de Emprego RJ as vagas de emprego com e sem experi\u00eancia no seu Estado e Regi\u00e3o!","robots":{"index":"index","follow":"follow","max-snippet":"max-snippet:-1","max-image-preview":"max-image-preview:large","max-video-preview":"max-video-preview:-1"},"canonical":"https:\/\/www.vagadeempregorj.com.br\/es\/assai-atacadista-novas-500-vagas-de-emprego-abertas\/","og_locale":"es_MX","og_type":"article","og_title":"Assa\u00ed Atacadista: Novas 500 vagas de emprego abertas -","og_description":"Veja em Vagas de Emprego RJ as vagas de emprego com e sem experi\u00eancia no seu Estado e Regi\u00e3o!","og_url":"https:\/\/www.vagadeempregorj.com.br\/es\/assai-atacadista-novas-500-vagas-de-emprego-abertas\/","article_publisher":"https:\/\/www.facebook.com\/empregobrasiloficial","article_published_time":"2024-10-05T09:00:00+00:00","og_image":[{"width":1280,"height":853,"url":"https:\/\/www.vagadeempregorj.com.br\/wp-content\/uploads\/2024\/10\/image-3.png","type":"image\/png"}],"author":"Michele","twitter_card":"summary_large_image","twitter_misc":{"Escrito por":"Michele","Tiempo de lectura":"3 minutos"},"schema":{"@context":"https:\/\/schema.org","@graph":[{"@type":"Article","@id":"https:\/\/www.vagadeempregorj.com.br\/assai-atacadista-novas-500-vagas-de-emprego-abertas\/#article","isPartOf":{"@id":"https:\/\/www.vagadeempregorj.com.br\/assai-atacadista-novas-500-vagas-de-emprego-abertas\/"},"author":{"name":"Michele","@id":"https:\/\/www.vagadeempregorj.com.br\/#\/schema\/person\/3ddb19fa0539706786e502152f3aae95"},"headline":"Assa\u00ed Atacadista: Novas 500 vagas de emprego abertas","datePublished":"2024-10-05T09:00:00+00:00","mainEntityOfPage":{"@id":"https:\/\/www.vagadeempregorj.com.br\/assai-atacadista-novas-500-vagas-de-emprego-abertas\/"},"wordCount":579,"image":{"@id":"https:\/\/www.vagadeempregorj.com.br\/assai-atacadista-novas-500-vagas-de-emprego-abertas\/#primaryimage"},"thumbnailUrl":"https:\/\/www.vagadeempregorj.com.br\/wp-content\/uploads\/2024\/10\/image-3.png","keywords":["empregos","oportunidades"],"articleSection":["Vagas de Emprego Nacionais"],"inLanguage":"es"},{"@type":"WebPage","@id":"https:\/\/www.vagadeempregorj.com.br\/assai-atacadista-novas-500-vagas-de-emprego-abertas\/","url":"https:\/\/www.vagadeempregorj.com.br\/assai-atacadista-novas-500-vagas-de-emprego-abertas\/","name":"Assa\u00ed Atacadista: Novas 500 vagas de emprego abertas -","isPartOf":{"@id":"https:\/\/www.vagadeempregorj.com.br\/#website"},"primaryImageOfPage":{"@id":"https:\/\/www.vagadeempregorj.com.br\/assai-atacadista-novas-500-vagas-de-emprego-abertas\/#primaryimage"},"image":{"@id":"https:\/\/www.vagadeempregorj.com.br\/assai-atacadista-novas-500-vagas-de-emprego-abertas\/#primaryimage"},"thumbnailUrl":"https:\/\/www.vagadeempregorj.com.br\/wp-content\/uploads\/2024\/10\/image-3.png","datePublished":"2024-10-05T09:00:00+00:00","author":{"@id":"https:\/\/www.vagadeempregorj.com.br\/#\/schema\/person\/3ddb19fa0539706786e502152f3aae95"},"description":"Veja em Vagas de Emprego RJ as vagas de emprego com e sem experi\u00eancia no seu Estado e Regi\u00e3o!","breadcrumb":{"@id":"https:\/\/www.vagadeempregorj.com.br\/assai-atacadista-novas-500-vagas-de-emprego-abertas\/#breadcrumb"},"inLanguage":"es","potentialAction":[{"@type":"ReadAction","target":["https:\/\/www.vagadeempregorj.com.br\/assai-atacadista-novas-500-vagas-de-emprego-abertas\/"]}]},{"@type":"ImageObject","inLanguage":"es","@id":"https:\/\/www.vagadeempregorj.com.br\/assai-atacadista-novas-500-vagas-de-emprego-abertas\/#primaryimage","url":"https:\/\/www.vagadeempregorj.com.br\/wp-content\/uploads\/2024\/10\/image-3.png","contentUrl":"https:\/\/www.vagadeempregorj.com.br\/wp-content\/uploads\/2024\/10\/image-3.png","width":1280,"height":853,"caption":"Assa\u00ed Atacadista"},{"@type":"BreadcrumbList","@id":"https:\/\/www.vagadeempregorj.com.br\/assai-atacadista-novas-500-vagas-de-emprego-abertas\/#breadcrumb","itemListElement":[{"@type":"ListItem","position":1,"name":"In\u00edcio","item":"https:\/\/www.vagadeempregorj.com.br\/"},{"@type":"ListItem","position":2,"name":"Vagas de Emprego Nacionais","item":"https:\/\/www.vagadeempregorj.com.br\/vagas-de-emprego-nacionais\/"},{"@type":"ListItem","position":3,"name":"Assa\u00ed Atacadista: Novas 500 vagas de emprego abertas"}]},{"@type":"WebSite","@id":"https:\/\/www.vagadeempregorj.com.br\/#website","url":"https:\/\/www.vagadeempregorj.com.br\/","name":"","description":"Haz realidad tus sue\u00f1os: Ofertas de empleo, beneficios y ahorros para transformar vidas y lograr mejoras cotidianas.","potentialAction":[{"@type":"SearchAction","target":{"@type":"EntryPoint","urlTemplate":"https:\/\/www.vagadeempregorj.com.br\/?s={search_term_string}"},"query-input":{"@type":"PropertyValueSpecification","valueRequired":true,"valueName":"search_term_string"}}],"inLanguage":"es"},{"@type":"Person","@id":"https:\/\/www.vagadeempregorj.com.br\/#\/schema\/person\/3ddb19fa0539706786e502152f3aae95","name":"Michele","image":{"@type":"ImageObject","inLanguage":"es","@id":"https:\/\/secure.gravatar.com\/avatar\/6b0eb9d22841282815e2cd856a0061c45e1761cd54b22e952d98c4746939aa85?s=96&r=g","url":"https:\/\/secure.gravatar.com\/avatar\/6b0eb9d22841282815e2cd856a0061c45e1761cd54b22e952d98c4746939aa85?s=96&r=g","contentUrl":"https:\/\/secure.gravatar.com\/avatar\/6b0eb9d22841282815e2cd856a0061c45e1761cd54b22e952d98c4746939aa85?s=96&r=g","caption":"Michele"},"description":"Formada em Letras - Portugu\u00eas\/ Ingl\u00eas, e idealizadora do site Escritora de Sucesso, busca expandir o conhecimento de todos com informa\u00e7\u00f5es relevantes sobre diversos assuntos, enquanto redatora. No Vaga de Emprego RJ, traz oportunidades e dicas sobre o mercado de trabalho.","url":"https:\/\/www.vagadeempregorj.com.br\/es\/author\/michele\/"}]}},"_links":{"self":[{"href":"https:\/\/www.vagadeempregorj.com.br\/es\/wp-json\/wp\/v2\/posts\/40884","targetHints":{"allow":["GET"]}}],"collection":[{"href":"https:\/\/www.vagadeempregorj.com.br\/es\/wp-json\/wp\/v2\/posts"}],"about":[{"href":"https:\/\/www.vagadeempregorj.com.br\/es\/wp-json\/wp\/v2\/types\/post"}],"author":[{"embeddable":true,"href":"https:\/\/www.vagadeempregorj.com.br\/es\/wp-json\/wp\/v2\/users\/16"}],"replies":[{"embeddable":true,"href":"https:\/\/www.vagadeempregorj.com.br\/es\/wp-json\/wp\/v2\/comments?post=40884"}],"version-history":[{"count":0,"href":"https:\/\/www.vagadeempregorj.com.br\/es\/wp-json\/wp\/v2\/posts\/40884\/revisions"}],"wp:featuredmedia":[{"embeddable":true,"href":"https:\/\/www.vagadeempregorj.com.br\/es\/wp-json\/wp\/v2\/media\/40903"}],"wp:attachment":[{"href":"https:\/\/www.vagadeempregorj.com.br\/es\/wp-json\/wp\/v2\/media?parent=40884"}],"wp:term":[{"taxonomy":"category","embeddable":true,"href":"https:\/\/www.vagadeempregorj.com.br\/es\/wp-json\/wp\/v2\/categories?post=40884"},{"taxonomy":"post_tag","embeddable":true,"href":"https:\/\/www.vagadeempregorj.com.br\/es\/wp-json\/wp\/v2\/tags?post=40884"}],"curies":[{"name":"wp","href":"https:\/\/api.w.org\/{rel}","templated":true}]}}