{"id":41011,"date":"2024-10-18T06:00:00","date_gmt":"2024-10-18T09:00:00","guid":{"rendered":"https:\/\/www.vagadeempregorj.com.br\/?p=41011"},"modified":"2024-10-18T01:00:34","modified_gmt":"2024-10-18T04:00:34","slug":"bolsa-familia-bloqueado-por-falta-de-atualizacao-o-que-fazer","status":"publish","type":"post","link":"https:\/\/www.vagadeempregorj.com.br\/es\/bolsa-familia-bloqueado-por-falta-de-atualizacao-o-que-fazer\/","title":{"rendered":"Bolsa fam\u00edlia bloqueado por falta de atualiza\u00e7\u00e3o, o que fazer"},"content":{"rendered":"<p>O <strong>Bolsa Fam\u00edlia<\/strong> \u00e9 um programa essencial para milh\u00f5es de brasileiros, garantindo suporte financeiro a fam\u00edlias de baixa renda. No entanto, \u00e9 comum que o benef\u00edcio seja bloqueado por falta de atualiza\u00e7\u00e3o cadastral. Isso pode gerar apreens\u00e3o, mas h\u00e1 passos simples para regularizar a situa\u00e7\u00e3o e retomar o recebimento. Entenda o que fazer e como evitar que o benef\u00edcio seja interrompido novamente.<\/p>\n\n\n\n<h2 class=\"wp-block-heading\">O que significa o bloqueio por falta de atualiza\u00e7\u00e3o?<\/h2>\n\n\n\n<p>Quando o cadastro no Bolsa Fam\u00edlia n\u00e3o \u00e9 atualizado dentro do prazo exigido, o governo pode bloquear o pagamento. Isso acontece para garantir que as informa\u00e7\u00f5es estejam sempre corretas e que apenas as pessoas com direito ao benef\u00edcio continuem recebendo. A atualiza\u00e7\u00e3o \u00e9 uma exig\u00eancia para acompanhar as mudan\u00e7as nas condi\u00e7\u00f5es das fam\u00edlias, como renda, composi\u00e7\u00e3o familiar e endere\u00e7o.<\/p>\n\n\n\n<figure class=\"wp-block-image size-full\"><img loading=\"lazy\" decoding=\"async\" width=\"848\" height=\"477\" src=\"https:\/\/www.vagadeempregorj.com.br\/wp-content\/uploads\/2024\/10\/image-31.png\" alt=\"\" class=\"wp-image-41031\" srcset=\"https:\/\/www.vagadeempregorj.com.br\/wp-content\/uploads\/2024\/10\/image-31.png 848w, https:\/\/www.vagadeempregorj.com.br\/wp-content\/uploads\/2024\/10\/image-31-300x169.png 300w, https:\/\/www.vagadeempregorj.com.br\/wp-content\/uploads\/2024\/10\/image-31-768x432.png 768w, https:\/\/www.vagadeempregorj.com.br\/wp-content\/uploads\/2024\/10\/image-31-383x215.png 383w, https:\/\/www.vagadeempregorj.com.br\/wp-content\/uploads\/2024\/10\/image-31-150x84.png 150w\" sizes=\"auto, (max-width: 848px) 100vw, 848px\" \/><\/figure>\n\n\n\n<p>A cada dois anos, todas as fam\u00edlias precisam revisar seus dados no Cadastro \u00danico (Cad\u00danico). Caso n\u00e3o fa\u00e7am essa atualiza\u00e7\u00e3o, o benef\u00edcio \u00e9 bloqueado at\u00e9 que a situa\u00e7\u00e3o seja regularizada.<\/p>\n\n\n\n<h2 class=\"wp-block-heading\">Como identificar se o benef\u00edcio est\u00e1 bloqueado<\/h2>\n\n\n\n<p>1# Verifique o aplicativo oficial: Acesse o <strong>app Bolsa Fam\u00edlia<\/strong> ou o <strong>app Caixa Tem<\/strong>. Ao fazer o login com CPF e senha, o sistema mostra a situa\u00e7\u00e3o do benef\u00edcio.<br>2# Consulte a ag\u00eancia da Caixa: Em uma visita \u00e0 Caixa Econ\u00f4mica Federal, voc\u00ea pode pedir informa\u00e7\u00f5es diretamente sobre o status do seu pagamento.<br>3# Entre em contato pelo telefone: Ligue para o n\u00famero 111 (Caixa) ou 121 (Minist\u00e9rio do Desenvolvimento Social) e consulte sua situa\u00e7\u00e3o.<\/p>\n\n\n\n<p>Caso seja confirmada a necessidade de atualiza\u00e7\u00e3o, \u00e9 importante resolver o mais r\u00e1pido poss\u00edvel para evitar o cancelamento definitivo.<\/p>\n\n\n\n<h2 class=\"wp-block-heading\">Como atualizar o cadastro e desbloquear o benef\u00edcio<\/h2>\n\n\n\n<p>1# Dirija-se ao CRAS (Centro de Refer\u00eancia de Assist\u00eancia Social): Leve toda a documenta\u00e7\u00e3o exigida para atualizar o Cad\u00danico.<br>2# Documentos necess\u00e1rios:<\/p>\n\n\n\n<ul class=\"wp-block-list\">\n<li>CPF e RG de todos os membros da fam\u00edlia<\/li>\n\n\n\n<li>Comprovante de resid\u00eancia atualizado<\/li>\n\n\n\n<li>Comprovante de matr\u00edcula das crian\u00e7as, se houver<\/li>\n\n\n\n<li>Carteira de trabalho, se aplic\u00e1vel<\/li>\n<\/ul>\n\n\n\n<p>O atendimento no CRAS \u00e9 essencial, pois \u00e9 l\u00e1 que voc\u00ea confirma e registra as mudan\u00e7as na situa\u00e7\u00e3o familiar. Mesmo pequenas altera\u00e7\u00f5es, como troca de endere\u00e7o ou novo emprego, precisam ser informadas.<\/p>\n\n\n\n<p>3# Aguarde a an\u00e1lise: Ap\u00f3s a atualiza\u00e7\u00e3o, os dados s\u00e3o analisados pelo sistema do Bolsa Fam\u00edlia. Se tudo estiver correto, o benef\u00edcio ser\u00e1 desbloqueado no pr\u00f3ximo ciclo de pagamento.<\/p>\n\n\n\n<h2 class=\"wp-block-heading\">Como evitar o bloqueio futuro do Bolsa Fam\u00edlia<\/h2>\n\n\n\n<p>1# Atualize o cadastro periodicamente: Mesmo que n\u00e3o tenha ocorrido mudan\u00e7as, \u00e9 fundamental revisar os dados a cada dois anos. Isso evita surpresas e garante a continuidade do benef\u00edcio.<br>2# Acompanhe o benef\u00edcio regularmente: Use o aplicativo do Bolsa Fam\u00edlia para monitorar os pagamentos e verificar se h\u00e1 alguma pend\u00eancia.<br>3# Mantenha os dados sempre corretos: Informa\u00e7\u00f5es como endere\u00e7o e matr\u00edcula escolar precisam ser atualizadas imediatamente quando mudarem.<\/p>\n\n\n\n<p>Essas a\u00e7\u00f5es preventivas garantem que o benef\u00edcio n\u00e3o sofra interrup\u00e7\u00f5es inesperadas.<\/p>\n\n\n\n<h2 class=\"wp-block-heading\">Quando o benef\u00edcio \u00e9 cancelado e como reativ\u00e1-lo<\/h2>\n\n\n\n<p>Se a fam\u00edlia n\u00e3o atualizar os dados mesmo ap\u00f3s o bloqueio, o Bolsa Fam\u00edlia pode ser <strong>cancelado<\/strong>. Nesse caso, ser\u00e1 necess\u00e1rio:<\/p>\n\n\n\n<p>1# Refazer o cadastro no Cad\u00danico<br>2# Apresentar todos os documentos novamente<br>3# Solicitar a rean\u00e1lise para inclus\u00e3o no programa<\/p>\n\n\n\n<p>Ap\u00f3s o cancelamento, a fam\u00edlia passa a ser tratada como um novo pedido, e o processo de aprova\u00e7\u00e3o pode demorar.<\/p>\n\n\n\n<h2 class=\"wp-block-heading\">Dicas finais para quem precisa do benef\u00edcio regularizado<\/h2>\n\n\n\n<p>Manter o cadastro do Bolsa Fam\u00edlia atualizado \u00e9 essencial para garantir a continuidade dos pagamentos. Se voc\u00ea identificou que seu benef\u00edcio foi bloqueado, v\u00e1 at\u00e9 o CRAS o mais r\u00e1pido poss\u00edvel para resolver. Planejar-se para atualizar os dados com anteced\u00eancia tamb\u00e9m \u00e9 uma forma de evitar bloqueios futuros.<\/p>\n\n\n\n<p>Agora que voc\u00ea j\u00e1 sabe o que fazer, fique de olho nas informa\u00e7\u00f5es da sua fam\u00edlia e mantenha tudo em dia. Assim, o benef\u00edcio estar\u00e1 sempre garantido e voc\u00ea evitar\u00e1 contratempos.<\/p>\n\n\n\n<p><strong>Veja tamb\u00e9m: <a href=\"https:\/\/www.vagadeempregorj.com.br\/es\/supermercados-guanabara-mais-de-80-empregos-abertos\/\">Supermercados Guanabara: mais de 80 empregos abertos<\/a><\/strong><\/p>\n\n\n\n<p>18 de outubro de 2024<\/p>","protected":false},"excerpt":{"rendered":"<p>O Bolsa Fam\u00edlia \u00e9 um programa essencial para milh\u00f5es de brasileiros, garantindo suporte financeiro a fam\u00edlias de baixa renda. No entanto, \u00e9 comum que o benef\u00edcio seja bloqueado por falta de atualiza\u00e7\u00e3o cadastral. Isso pode gerar apreens\u00e3o, mas h\u00e1 passos simples para regularizar a situa\u00e7\u00e3o e retomar o recebimento. Entenda o que fazer e como&hellip;&nbsp;<\/p>","protected":false},"author":16,"featured_media":41031,"comment_status":"closed","ping_status":"closed","sticky":false,"template":"","format":"standard","meta":{"neve_meta_sidebar":"","neve_meta_container":"","neve_meta_enable_content_width":"","neve_meta_content_width":0,"neve_meta_title_alignment":"","neve_meta_author_avatar":"","neve_post_elements_order":"","neve_meta_disable_header":"","neve_meta_disable_footer":"","neve_meta_disable_title":"","footnotes":""},"categories":[1],"tags":[],"class_list":["post-41011","post","type-post","status-publish","format-standard","has-post-thumbnail","hentry","category-beneficios-sociais"],"yoast_head":"<!-- This site is optimized with the Yoast SEO plugin v27.5 - https:\/\/yoast.com\/product\/yoast-seo-wordpress\/ -->\n<title>Bolsa fam\u00edlia bloqueado por falta de atualiza\u00e7\u00e3o, o que fazer -<\/title>\n<meta name=\"description\" content=\"Veja em Vagas de Emprego RJ as vagas de emprego com e sem experi\u00eancia no seu Estado e Regi\u00e3o!\" \/>\n<meta name=\"robots\" content=\"index, follow, max-snippet:-1, max-image-preview:large, max-video-preview:-1\" \/>\n<link rel=\"canonical\" href=\"https:\/\/www.vagadeempregorj.com.br\/es\/bolsa-familia-bloqueado-por-falta-de-atualizacao-o-que-fazer\/\" \/>\n<meta property=\"og:locale\" content=\"es_MX\" \/>\n<meta property=\"og:type\" content=\"article\" \/>\n<meta property=\"og:title\" content=\"Bolsa fam\u00edlia bloqueado por falta de atualiza\u00e7\u00e3o, o que fazer -\" \/>\n<meta property=\"og:description\" content=\"Veja em Vagas de Emprego RJ as vagas de emprego com e sem experi\u00eancia no seu Estado e Regi\u00e3o!\" \/>\n<meta property=\"og:url\" content=\"https:\/\/www.vagadeempregorj.com.br\/es\/bolsa-familia-bloqueado-por-falta-de-atualizacao-o-que-fazer\/\" \/>\n<meta property=\"article:publisher\" content=\"https:\/\/www.facebook.com\/empregobrasiloficial\" \/>\n<meta property=\"article:published_time\" content=\"2024-10-18T09:00:00+00:00\" \/>\n<meta property=\"og:image\" content=\"https:\/\/www.vagadeempregorj.com.br\/wp-content\/uploads\/2024\/10\/image-31.png\" \/>\n\t<meta property=\"og:image:width\" content=\"848\" \/>\n\t<meta property=\"og:image:height\" content=\"477\" \/>\n\t<meta property=\"og:image:type\" content=\"image\/png\" \/>\n<meta name=\"author\" content=\"Michele\" \/>\n<meta name=\"twitter:card\" content=\"summary_large_image\" \/>\n<meta name=\"twitter:label1\" content=\"Written by\" \/>\n\t<meta name=\"twitter:data1\" content=\"Michele\" \/>\n\t<meta name=\"twitter:label2\" content=\"Est. reading time\" \/>\n\t<meta name=\"twitter:data2\" content=\"4 minutos\" \/>\n<script type=\"application\/ld+json\" class=\"yoast-schema-graph\">{\"@context\":\"https:\\\/\\\/schema.org\",\"@graph\":[{\"@type\":\"Article\",\"@id\":\"https:\\\/\\\/www.vagadeempregorj.com.br\\\/bolsa-familia-bloqueado-por-falta-de-atualizacao-o-que-fazer\\\/#article\",\"isPartOf\":{\"@id\":\"https:\\\/\\\/www.vagadeempregorj.com.br\\\/bolsa-familia-bloqueado-por-falta-de-atualizacao-o-que-fazer\\\/\"},\"author\":{\"name\":\"Michele\",\"@id\":\"https:\\\/\\\/www.vagadeempregorj.com.br\\\/#\\\/schema\\\/person\\\/3ddb19fa0539706786e502152f3aae95\"},\"headline\":\"Bolsa fam\u00edlia bloqueado por falta de atualiza\u00e7\u00e3o, o que fazer\",\"datePublished\":\"2024-10-18T09:00:00+00:00\",\"mainEntityOfPage\":{\"@id\":\"https:\\\/\\\/www.vagadeempregorj.com.br\\\/bolsa-familia-bloqueado-por-falta-de-atualizacao-o-que-fazer\\\/\"},\"wordCount\":717,\"image\":{\"@id\":\"https:\\\/\\\/www.vagadeempregorj.com.br\\\/bolsa-familia-bloqueado-por-falta-de-atualizacao-o-que-fazer\\\/#primaryimage\"},\"thumbnailUrl\":\"https:\\\/\\\/www.vagadeempregorj.com.br\\\/wp-content\\\/uploads\\\/2024\\\/10\\\/image-31.png\",\"articleSection\":[\"Benef\u00edcios Sociais\"],\"inLanguage\":\"es\"},{\"@type\":\"WebPage\",\"@id\":\"https:\\\/\\\/www.vagadeempregorj.com.br\\\/bolsa-familia-bloqueado-por-falta-de-atualizacao-o-que-fazer\\\/\",\"url\":\"https:\\\/\\\/www.vagadeempregorj.com.br\\\/bolsa-familia-bloqueado-por-falta-de-atualizacao-o-que-fazer\\\/\",\"name\":\"Bolsa fam\u00edlia bloqueado por falta de atualiza\u00e7\u00e3o, o que fazer -\",\"isPartOf\":{\"@id\":\"https:\\\/\\\/www.vagadeempregorj.com.br\\\/#website\"},\"primaryImageOfPage\":{\"@id\":\"https:\\\/\\\/www.vagadeempregorj.com.br\\\/bolsa-familia-bloqueado-por-falta-de-atualizacao-o-que-fazer\\\/#primaryimage\"},\"image\":{\"@id\":\"https:\\\/\\\/www.vagadeempregorj.com.br\\\/bolsa-familia-bloqueado-por-falta-de-atualizacao-o-que-fazer\\\/#primaryimage\"},\"thumbnailUrl\":\"https:\\\/\\\/www.vagadeempregorj.com.br\\\/wp-content\\\/uploads\\\/2024\\\/10\\\/image-31.png\",\"datePublished\":\"2024-10-18T09:00:00+00:00\",\"author\":{\"@id\":\"https:\\\/\\\/www.vagadeempregorj.com.br\\\/#\\\/schema\\\/person\\\/3ddb19fa0539706786e502152f3aae95\"},\"description\":\"Veja em Vagas de Emprego RJ as vagas de emprego com e sem experi\u00eancia no seu Estado e Regi\u00e3o!\",\"breadcrumb\":{\"@id\":\"https:\\\/\\\/www.vagadeempregorj.com.br\\\/bolsa-familia-bloqueado-por-falta-de-atualizacao-o-que-fazer\\\/#breadcrumb\"},\"inLanguage\":\"es\",\"potentialAction\":[{\"@type\":\"ReadAction\",\"target\":[\"https:\\\/\\\/www.vagadeempregorj.com.br\\\/bolsa-familia-bloqueado-por-falta-de-atualizacao-o-que-fazer\\\/\"]}]},{\"@type\":\"ImageObject\",\"inLanguage\":\"es\",\"@id\":\"https:\\\/\\\/www.vagadeempregorj.com.br\\\/bolsa-familia-bloqueado-por-falta-de-atualizacao-o-que-fazer\\\/#primaryimage\",\"url\":\"https:\\\/\\\/www.vagadeempregorj.com.br\\\/wp-content\\\/uploads\\\/2024\\\/10\\\/image-31.png\",\"contentUrl\":\"https:\\\/\\\/www.vagadeempregorj.com.br\\\/wp-content\\\/uploads\\\/2024\\\/10\\\/image-31.png\",\"width\":848,\"height\":477},{\"@type\":\"BreadcrumbList\",\"@id\":\"https:\\\/\\\/www.vagadeempregorj.com.br\\\/bolsa-familia-bloqueado-por-falta-de-atualizacao-o-que-fazer\\\/#breadcrumb\",\"itemListElement\":[{\"@type\":\"ListItem\",\"position\":1,\"name\":\"In\u00edcio\",\"item\":\"https:\\\/\\\/www.vagadeempregorj.com.br\\\/\"},{\"@type\":\"ListItem\",\"position\":2,\"name\":\"Benef\u00edcios Sociais\",\"item\":\"https:\\\/\\\/www.vagadeempregorj.com.br\\\/beneficios-sociais\\\/\"},{\"@type\":\"ListItem\",\"position\":3,\"name\":\"Bolsa fam\u00edlia bloqueado por falta de atualiza\u00e7\u00e3o, o que fazer\"}]},{\"@type\":\"WebSite\",\"@id\":\"https:\\\/\\\/www.vagadeempregorj.com.br\\\/#website\",\"url\":\"https:\\\/\\\/www.vagadeempregorj.com.br\\\/\",\"name\":\"\",\"description\":\"Conquiste Sonhos: Vagas, Benef\u00edcios e Economia para Transformar Vidas e Alcan\u00e7ar Melhorias Cotidianas\",\"potentialAction\":[{\"@type\":\"SearchAction\",\"target\":{\"@type\":\"EntryPoint\",\"urlTemplate\":\"https:\\\/\\\/www.vagadeempregorj.com.br\\\/?s={search_term_string}\"},\"query-input\":{\"@type\":\"PropertyValueSpecification\",\"valueRequired\":true,\"valueName\":\"search_term_string\"}}],\"inLanguage\":\"es\"},{\"@type\":\"Person\",\"@id\":\"https:\\\/\\\/www.vagadeempregorj.com.br\\\/#\\\/schema\\\/person\\\/3ddb19fa0539706786e502152f3aae95\",\"name\":\"Michele\",\"image\":{\"@type\":\"ImageObject\",\"inLanguage\":\"es\",\"@id\":\"https:\\\/\\\/secure.gravatar.com\\\/avatar\\\/6b0eb9d22841282815e2cd856a0061c45e1761cd54b22e952d98c4746939aa85?s=96&r=g\",\"url\":\"https:\\\/\\\/secure.gravatar.com\\\/avatar\\\/6b0eb9d22841282815e2cd856a0061c45e1761cd54b22e952d98c4746939aa85?s=96&r=g\",\"contentUrl\":\"https:\\\/\\\/secure.gravatar.com\\\/avatar\\\/6b0eb9d22841282815e2cd856a0061c45e1761cd54b22e952d98c4746939aa85?s=96&r=g\",\"caption\":\"Michele\"},\"description\":\"Formada em Letras - Portugu\u00eas\\\/ Ingl\u00eas, e idealizadora do site Escritora de Sucesso, busca expandir o conhecimento de todos com informa\u00e7\u00f5es relevantes sobre diversos assuntos, enquanto redatora. No Vaga de Emprego RJ, traz oportunidades e dicas sobre o mercado de trabalho.\",\"url\":\"https:\\\/\\\/www.vagadeempregorj.com.br\\\/es\\\/author\\\/michele\\\/\"}]}<\/script>\n<!-- \/ Yoast SEO plugin. -->","yoast_head_json":{"title":"Bolsa fam\u00edlia bloqueado por falta de atualiza\u00e7\u00e3o, o que fazer -","description":"Veja em Vagas de Emprego RJ as vagas de emprego com e sem experi\u00eancia no seu Estado e Regi\u00e3o!","robots":{"index":"index","follow":"follow","max-snippet":"max-snippet:-1","max-image-preview":"max-image-preview:large","max-video-preview":"max-video-preview:-1"},"canonical":"https:\/\/www.vagadeempregorj.com.br\/es\/bolsa-familia-bloqueado-por-falta-de-atualizacao-o-que-fazer\/","og_locale":"es_MX","og_type":"article","og_title":"Bolsa fam\u00edlia bloqueado por falta de atualiza\u00e7\u00e3o, o que fazer -","og_description":"Veja em Vagas de Emprego RJ as vagas de emprego com e sem experi\u00eancia no seu Estado e Regi\u00e3o!","og_url":"https:\/\/www.vagadeempregorj.com.br\/es\/bolsa-familia-bloqueado-por-falta-de-atualizacao-o-que-fazer\/","article_publisher":"https:\/\/www.facebook.com\/empregobrasiloficial","article_published_time":"2024-10-18T09:00:00+00:00","og_image":[{"width":848,"height":477,"url":"https:\/\/www.vagadeempregorj.com.br\/wp-content\/uploads\/2024\/10\/image-31.png","type":"image\/png"}],"author":"Michele","twitter_card":"summary_large_image","twitter_misc":{"Written by":"Michele","Est. reading time":"4 minutos"},"schema":{"@context":"https:\/\/schema.org","@graph":[{"@type":"Article","@id":"https:\/\/www.vagadeempregorj.com.br\/bolsa-familia-bloqueado-por-falta-de-atualizacao-o-que-fazer\/#article","isPartOf":{"@id":"https:\/\/www.vagadeempregorj.com.br\/bolsa-familia-bloqueado-por-falta-de-atualizacao-o-que-fazer\/"},"author":{"name":"Michele","@id":"https:\/\/www.vagadeempregorj.com.br\/#\/schema\/person\/3ddb19fa0539706786e502152f3aae95"},"headline":"Bolsa fam\u00edlia bloqueado por falta de atualiza\u00e7\u00e3o, o que fazer","datePublished":"2024-10-18T09:00:00+00:00","mainEntityOfPage":{"@id":"https:\/\/www.vagadeempregorj.com.br\/bolsa-familia-bloqueado-por-falta-de-atualizacao-o-que-fazer\/"},"wordCount":717,"image":{"@id":"https:\/\/www.vagadeempregorj.com.br\/bolsa-familia-bloqueado-por-falta-de-atualizacao-o-que-fazer\/#primaryimage"},"thumbnailUrl":"https:\/\/www.vagadeempregorj.com.br\/wp-content\/uploads\/2024\/10\/image-31.png","articleSection":["Benef\u00edcios Sociais"],"inLanguage":"es"},{"@type":"WebPage","@id":"https:\/\/www.vagadeempregorj.com.br\/bolsa-familia-bloqueado-por-falta-de-atualizacao-o-que-fazer\/","url":"https:\/\/www.vagadeempregorj.com.br\/bolsa-familia-bloqueado-por-falta-de-atualizacao-o-que-fazer\/","name":"Bolsa fam\u00edlia bloqueado por falta de atualiza\u00e7\u00e3o, o que fazer -","isPartOf":{"@id":"https:\/\/www.vagadeempregorj.com.br\/#website"},"primaryImageOfPage":{"@id":"https:\/\/www.vagadeempregorj.com.br\/bolsa-familia-bloqueado-por-falta-de-atualizacao-o-que-fazer\/#primaryimage"},"image":{"@id":"https:\/\/www.vagadeempregorj.com.br\/bolsa-familia-bloqueado-por-falta-de-atualizacao-o-que-fazer\/#primaryimage"},"thumbnailUrl":"https:\/\/www.vagadeempregorj.com.br\/wp-content\/uploads\/2024\/10\/image-31.png","datePublished":"2024-10-18T09:00:00+00:00","author":{"@id":"https:\/\/www.vagadeempregorj.com.br\/#\/schema\/person\/3ddb19fa0539706786e502152f3aae95"},"description":"Veja em Vagas de Emprego RJ as vagas de emprego com e sem experi\u00eancia no seu Estado e Regi\u00e3o!","breadcrumb":{"@id":"https:\/\/www.vagadeempregorj.com.br\/bolsa-familia-bloqueado-por-falta-de-atualizacao-o-que-fazer\/#breadcrumb"},"inLanguage":"es","potentialAction":[{"@type":"ReadAction","target":["https:\/\/www.vagadeempregorj.com.br\/bolsa-familia-bloqueado-por-falta-de-atualizacao-o-que-fazer\/"]}]},{"@type":"ImageObject","inLanguage":"es","@id":"https:\/\/www.vagadeempregorj.com.br\/bolsa-familia-bloqueado-por-falta-de-atualizacao-o-que-fazer\/#primaryimage","url":"https:\/\/www.vagadeempregorj.com.br\/wp-content\/uploads\/2024\/10\/image-31.png","contentUrl":"https:\/\/www.vagadeempregorj.com.br\/wp-content\/uploads\/2024\/10\/image-31.png","width":848,"height":477},{"@type":"BreadcrumbList","@id":"https:\/\/www.vagadeempregorj.com.br\/bolsa-familia-bloqueado-por-falta-de-atualizacao-o-que-fazer\/#breadcrumb","itemListElement":[{"@type":"ListItem","position":1,"name":"In\u00edcio","item":"https:\/\/www.vagadeempregorj.com.br\/"},{"@type":"ListItem","position":2,"name":"Benef\u00edcios Sociais","item":"https:\/\/www.vagadeempregorj.com.br\/beneficios-sociais\/"},{"@type":"ListItem","position":3,"name":"Bolsa fam\u00edlia bloqueado por falta de atualiza\u00e7\u00e3o, o que fazer"}]},{"@type":"WebSite","@id":"https:\/\/www.vagadeempregorj.com.br\/#website","url":"https:\/\/www.vagadeempregorj.com.br\/","name":"","description":"Conquiste Sonhos: Vagas, Benef\u00edcios e Economia para Transformar Vidas e Alcan\u00e7ar Melhorias Cotidianas","potentialAction":[{"@type":"SearchAction","target":{"@type":"EntryPoint","urlTemplate":"https:\/\/www.vagadeempregorj.com.br\/?s={search_term_string}"},"query-input":{"@type":"PropertyValueSpecification","valueRequired":true,"valueName":"search_term_string"}}],"inLanguage":"es"},{"@type":"Person","@id":"https:\/\/www.vagadeempregorj.com.br\/#\/schema\/person\/3ddb19fa0539706786e502152f3aae95","name":"Michele","image":{"@type":"ImageObject","inLanguage":"es","@id":"https:\/\/secure.gravatar.com\/avatar\/6b0eb9d22841282815e2cd856a0061c45e1761cd54b22e952d98c4746939aa85?s=96&r=g","url":"https:\/\/secure.gravatar.com\/avatar\/6b0eb9d22841282815e2cd856a0061c45e1761cd54b22e952d98c4746939aa85?s=96&r=g","contentUrl":"https:\/\/secure.gravatar.com\/avatar\/6b0eb9d22841282815e2cd856a0061c45e1761cd54b22e952d98c4746939aa85?s=96&r=g","caption":"Michele"},"description":"Formada em Letras - Portugu\u00eas\/ Ingl\u00eas, e idealizadora do site Escritora de Sucesso, busca expandir o conhecimento de todos com informa\u00e7\u00f5es relevantes sobre diversos assuntos, enquanto redatora. No Vaga de Emprego RJ, traz oportunidades e dicas sobre o mercado de trabalho.","url":"https:\/\/www.vagadeempregorj.com.br\/es\/author\/michele\/"}]}},"_links":{"self":[{"href":"https:\/\/www.vagadeempregorj.com.br\/es\/wp-json\/wp\/v2\/posts\/41011","targetHints":{"allow":["GET"]}}],"collection":[{"href":"https:\/\/www.vagadeempregorj.com.br\/es\/wp-json\/wp\/v2\/posts"}],"about":[{"href":"https:\/\/www.vagadeempregorj.com.br\/es\/wp-json\/wp\/v2\/types\/post"}],"author":[{"embeddable":true,"href":"https:\/\/www.vagadeempregorj.com.br\/es\/wp-json\/wp\/v2\/users\/16"}],"replies":[{"embeddable":true,"href":"https:\/\/www.vagadeempregorj.com.br\/es\/wp-json\/wp\/v2\/comments?post=41011"}],"version-history":[{"count":0,"href":"https:\/\/www.vagadeempregorj.com.br\/es\/wp-json\/wp\/v2\/posts\/41011\/revisions"}],"wp:featuredmedia":[{"embeddable":true,"href":"https:\/\/www.vagadeempregorj.com.br\/es\/wp-json\/wp\/v2\/media\/41031"}],"wp:attachment":[{"href":"https:\/\/www.vagadeempregorj.com.br\/es\/wp-json\/wp\/v2\/media?parent=41011"}],"wp:term":[{"taxonomy":"category","embeddable":true,"href":"https:\/\/www.vagadeempregorj.com.br\/es\/wp-json\/wp\/v2\/categories?post=41011"},{"taxonomy":"post_tag","embeddable":true,"href":"https:\/\/www.vagadeempregorj.com.br\/es\/wp-json\/wp\/v2\/tags?post=41011"}],"curies":[{"name":"wp","href":"https:\/\/api.w.org\/{rel}","templated":true}]}}