{"id":41071,"date":"2024-10-31T06:00:00","date_gmt":"2024-10-31T09:00:00","guid":{"rendered":"https:\/\/www.vagadeempregorj.com.br\/?p=41071"},"modified":"2024-10-19T15:51:48","modified_gmt":"2024-10-19T18:51:48","slug":"grupo-koch-mais-de-500-empregos-abertos-pelo-pais","status":"publish","type":"post","link":"https:\/\/www.vagadeempregorj.com.br\/es\/grupo-koch-mais-de-500-empregos-abertos-pelo-pais\/","title":{"rendered":"Grupo Koch: Mais de 500 empregos abertos pelo pa\u00eds"},"content":{"rendered":"<p>O <strong>Grupo Koch<\/strong>, uma das maiores redes de supermercados do Brasil, est\u00e1 com mais de 500 vagas de emprego abertas em v\u00e1rias cidades do pa\u00eds. A empresa, reconhecida pelo atendimento de qualidade e pre\u00e7os competitivos, est\u00e1 em constante expans\u00e3o. Com mais de tr\u00eas d\u00e9cadas de atua\u00e7\u00e3o, o Grupo Koch n\u00e3o s\u00f3 oferece produtos variados, mas tamb\u00e9m investe no desenvolvimento de seus colaboradores, criando oportunidades de crescimento profissional em um ambiente din\u00e2mico e colaborativo.<\/p>\n\n\n\n<h2 class=\"wp-block-heading\">Quais s\u00e3o as vagas de emprego abertas pelo Grupo Koch?<\/h2>\n\n\n\n<p>As oportunidades oferecidas pelo Grupo Koch abrangem diferentes \u00e1reas e n\u00edveis de experi\u00eancia, desde cargos operacionais at\u00e9 fun\u00e7\u00f5es estrat\u00e9gicas e administrativas. A empresa valoriza profissionais comprometidos e dispostos a contribuir para um ambiente de trabalho eficiente e acolhedor. Confira abaixo algumas das vagas dispon\u00edveis e suas atribui\u00e7\u00f5es.<\/p>\n\n\n\n<figure class=\"wp-block-image size-large\"><img loading=\"lazy\" decoding=\"async\" width=\"1024\" height=\"593\" src=\"https:\/\/www.vagadeempregorj.com.br\/wp-content\/uploads\/2024\/10\/image-50-1024x593.png\" alt=\"\" class=\"wp-image-41091\" srcset=\"https:\/\/www.vagadeempregorj.com.br\/wp-content\/uploads\/2024\/10\/image-50-1024x593.png 1024w, https:\/\/www.vagadeempregorj.com.br\/wp-content\/uploads\/2024\/10\/image-50-300x174.png 300w, https:\/\/www.vagadeempregorj.com.br\/wp-content\/uploads\/2024\/10\/image-50-768x444.png 768w, https:\/\/www.vagadeempregorj.com.br\/wp-content\/uploads\/2024\/10\/image-50-150x87.png 150w, https:\/\/www.vagadeempregorj.com.br\/wp-content\/uploads\/2024\/10\/image-50.png 1512w\" sizes=\"auto, (max-width: 1024px) 100vw, 1024px\" \/><\/figure>\n\n\n\n<h3 class=\"wp-block-heading\">1# Repositor de mercadorias<\/h3>\n\n\n\n<ul class=\"wp-block-list\">\n<li>Organizar e reabastecer prateleiras e g\u00f4ndolas<\/li>\n\n\n\n<li>Controlar a validade dos produtos e garantir a organiza\u00e7\u00e3o do setor<\/li>\n\n\n\n<li>Prestar suporte ao cliente no sal\u00e3o de vendas<\/li>\n<\/ul>\n\n\n\n<h3 class=\"wp-block-heading\">2# Operador de caixa<\/h3>\n\n\n\n<ul class=\"wp-block-list\">\n<li>Atender clientes e processar pagamentos<\/li>\n\n\n\n<li>Emitir notas fiscais e oferecer servi\u00e7os complementares, como parcelamentos<\/li>\n\n\n\n<li>Garantir a organiza\u00e7\u00e3o e seguran\u00e7a na \u00e1rea do caixa<\/li>\n<\/ul>\n\n\n\n<h3 class=\"wp-block-heading\">3# Assistente de log\u00edstica<\/h3>\n\n\n\n<ul class=\"wp-block-list\">\n<li>Receber e conferir mercadorias no centro de distribui\u00e7\u00e3o<\/li>\n\n\n\n<li>Controlar o fluxo de entrada e sa\u00edda de produtos<\/li>\n\n\n\n<li>Monitorar a organiza\u00e7\u00e3o do estoque e apoiar no invent\u00e1rio<\/li>\n<\/ul>\n\n\n\n<h3 class=\"wp-block-heading\">4# A\u00e7ougueiro<\/h3>\n\n\n\n<ul class=\"wp-block-list\">\n<li>Preparar cortes de carnes e garantir a qualidade dos produtos<\/li>\n\n\n\n<li>Atender pedidos dos clientes e sugerir op\u00e7\u00f5es adequadas<\/li>\n\n\n\n<li>Manter a organiza\u00e7\u00e3o e limpeza do setor de a\u00e7ougue<\/li>\n<\/ul>\n\n\n\n<h3 class=\"wp-block-heading\">5# Gerente de loja<\/h3>\n\n\n\n<ul class=\"wp-block-list\">\n<li>Liderar a equipe e garantir a execu\u00e7\u00e3o dos processos operacionais<\/li>\n\n\n\n<li>Monitorar o desempenho das vendas e propor melhorias<\/li>\n\n\n\n<li>Promover treinamentos e desenvolver novos talentos<\/li>\n<\/ul>\n\n\n\n<p>Essas s\u00e3o apenas algumas das vagas dispon\u00edveis. O Grupo Koch tamb\u00e9m oferece posi\u00e7\u00f5es em \u00e1reas como tecnologia, marketing e recursos humanos, atendendo a diferentes perfis profissionais.<\/p>\n\n\n\n<h2 class=\"wp-block-heading\">Como se candidatar?<\/h2>\n\n\n\n<p>O processo de candidatura para as vagas do Grupo Koch \u00e9 realizado online, por meio da plataforma Gupy. A inscri\u00e7\u00e3o \u00e9 simples e pode ser feita em poucos passos. Siga o passo a passo abaixo para garantir sua participa\u00e7\u00e3o:<\/p>\n\n\n\n<ul class=\"wp-block-list\">\n<li>Copie e cole o endere\u00e7o abaixo em seu navegador:<br><strong>https:\/\/grupokoch.gupy.io<\/strong><\/li>\n\n\n\n<li>Acesse a p\u00e1gina e encontre a vaga que mais combina com seu perfil<\/li>\n\n\n\n<li>Leia atentamente os requisitos e as atribui\u00e7\u00f5es da fun\u00e7\u00e3o escolhida<\/li>\n\n\n\n<li>Cadastre-se na plataforma Gupy e preencha todas as informa\u00e7\u00f5es solicitadas<\/li>\n\n\n\n<li>Envie seu curr\u00edculo atualizado e, se necess\u00e1rio, complete as etapas adicionais do processo seletivo<\/li>\n<\/ul>\n\n\n\n<p>Ap\u00f3s a inscri\u00e7\u00e3o, voc\u00ea poder\u00e1 acompanhar o status da sua candidatura e receber atualiza\u00e7\u00f5es diretamente pela plataforma.<\/p>\n\n\n\n<h2 class=\"wp-block-heading\">Dicas para se destacar no processo seletivo<\/h2>\n\n\n\n<p>Para garantir uma vaga no Grupo Koch, \u00e9 essencial se preparar e demonstrar interesse durante o processo seletivo. Veja algumas sugest\u00f5es que podem ajudar voc\u00ea a se destacar:<\/p>\n\n\n\n<ul class=\"wp-block-list\">\n<li><strong>Adapte seu curr\u00edculo:<\/strong> Foque em experi\u00eancias e habilidades que se alinham com a vaga desejada<\/li>\n\n\n\n<li><strong>Candidate-se rapidamente:<\/strong> As vagas podem ser preenchidas em curto prazo<\/li>\n\n\n\n<li><strong>Conhe\u00e7a a empresa:<\/strong> Demonstrar familiaridade com a hist\u00f3ria e os valores do Grupo Koch pode fazer a diferen\u00e7a<\/li>\n\n\n\n<li><strong>Fique atento ao seu e-mail:<\/strong> As comunica\u00e7\u00f5es ser\u00e3o enviadas por l\u00e1, ent\u00e3o \u00e9 importante acompanhar<\/li>\n\n\n\n<li><strong>Prepare-se para entrevistas:<\/strong> Esteja pronto para responder sobre suas expectativas e experi\u00eancias<\/li>\n<\/ul>\n\n\n\n<h2 class=\"wp-block-heading\">Por que trabalhar no Grupo Koch?<\/h2>\n\n\n\n<p>O Grupo Koch n\u00e3o \u00e9 apenas uma rede de supermercados. Trabalhar na empresa \u00e9 ter a chance de crescer em um ambiente que valoriza o desenvolvimento profissional e a qualidade de vida dos colaboradores. A empresa investe em programas de capacita\u00e7\u00e3o e oferece oportunidades de crescimento interno, al\u00e9m de um ambiente de trabalho inclusivo e motivador.<\/p>\n\n\n\n<p>Os funcion\u00e1rios do Grupo Koch tamb\u00e9m contam com benef\u00edcios atrativos e um clima organizacional positivo, onde o respeito e a colabora\u00e7\u00e3o s\u00e3o prioridades. Fazer parte do Grupo Koch \u00e9 contribuir para o sucesso de uma empresa que n\u00e3o para de crescer, e ao mesmo tempo desenvolver uma carreira s\u00f3lida.<\/p>\n\n\n\n<p><strong>Veja tamb\u00e9m: <a href=\"https:\/\/www.vagadeempregorj.com.br\/es\/mcdonalds-3-mil-vagas-de-emprego-abertas-pelo-pais\/\">McDonald\u2019s: 3 MIL vagas de emprego abertas pelo pa\u00eds<\/a><\/strong><\/p>\n\n\n\n<p>31 de outubro de 2024<\/p>\n\n\n\n<p><\/p>","protected":false},"excerpt":{"rendered":"<p>O Grupo Koch, uma das maiores redes de supermercados do Brasil, est\u00e1 com mais de 500 vagas de emprego abertas em v\u00e1rias cidades do pa\u00eds. A empresa, reconhecida pelo atendimento de qualidade e pre\u00e7os competitivos, est\u00e1 em constante expans\u00e3o. Com mais de tr\u00eas d\u00e9cadas de atua\u00e7\u00e3o, o Grupo Koch n\u00e3o s\u00f3 oferece produtos variados, mas&hellip;&nbsp;<\/p>","protected":false},"author":16,"featured_media":41091,"comment_status":"closed","ping_status":"closed","sticky":false,"template":"","format":"standard","meta":{"neve_meta_sidebar":"","neve_meta_container":"","neve_meta_enable_content_width":"","neve_meta_content_width":0,"neve_meta_title_alignment":"","neve_meta_author_avatar":"","neve_post_elements_order":"","neve_meta_disable_header":"","neve_meta_disable_footer":"","neve_meta_disable_title":"","footnotes":""},"categories":[123],"tags":[],"class_list":["post-41071","post","type-post","status-publish","format-standard","has-post-thumbnail","hentry","category-vagas-de-emprego-nacionais"],"yoast_head":"<!-- This site is optimized with the Yoast SEO plugin v27.5 - https:\/\/yoast.com\/product\/yoast-seo-wordpress\/ -->\n<title>Grupo Koch: Mais de 500 empregos abertos pelo pa\u00eds -<\/title>\n<meta name=\"description\" content=\"Veja em Vagas de Emprego RJ as vagas de emprego com e sem experi\u00eancia no seu Estado e Regi\u00e3o!\" \/>\n<meta name=\"robots\" content=\"index, follow, max-snippet:-1, max-image-preview:large, max-video-preview:-1\" \/>\n<link rel=\"canonical\" href=\"https:\/\/www.vagadeempregorj.com.br\/es\/grupo-koch-mais-de-500-empregos-abertos-pelo-pais\/\" \/>\n<meta property=\"og:locale\" content=\"es_MX\" \/>\n<meta property=\"og:type\" content=\"article\" \/>\n<meta property=\"og:title\" content=\"Grupo Koch: Mais de 500 empregos abertos pelo pa\u00eds -\" \/>\n<meta property=\"og:description\" content=\"Veja em Vagas de Emprego RJ as vagas de emprego com e sem experi\u00eancia no seu Estado e Regi\u00e3o!\" \/>\n<meta property=\"og:url\" content=\"https:\/\/www.vagadeempregorj.com.br\/es\/grupo-koch-mais-de-500-empregos-abertos-pelo-pais\/\" \/>\n<meta property=\"article:publisher\" content=\"https:\/\/www.facebook.com\/empregobrasiloficial\" \/>\n<meta property=\"article:published_time\" content=\"2024-10-31T09:00:00+00:00\" \/>\n<meta property=\"og:image\" content=\"https:\/\/www.vagadeempregorj.com.br\/wp-content\/uploads\/2024\/10\/image-50.png\" \/>\n\t<meta property=\"og:image:width\" content=\"1512\" \/>\n\t<meta property=\"og:image:height\" content=\"875\" \/>\n\t<meta property=\"og:image:type\" content=\"image\/png\" \/>\n<meta name=\"author\" content=\"Michele\" \/>\n<meta name=\"twitter:card\" content=\"summary_large_image\" \/>\n<meta name=\"twitter:label1\" content=\"Written by\" \/>\n\t<meta name=\"twitter:data1\" content=\"Michele\" \/>\n\t<meta name=\"twitter:label2\" content=\"Est. reading time\" \/>\n\t<meta name=\"twitter:data2\" content=\"4 minutos\" \/>\n<script type=\"application\/ld+json\" class=\"yoast-schema-graph\">{\"@context\":\"https:\\\/\\\/schema.org\",\"@graph\":[{\"@type\":\"Article\",\"@id\":\"https:\\\/\\\/www.vagadeempregorj.com.br\\\/grupo-koch-mais-de-500-empregos-abertos-pelo-pais\\\/#article\",\"isPartOf\":{\"@id\":\"https:\\\/\\\/www.vagadeempregorj.com.br\\\/grupo-koch-mais-de-500-empregos-abertos-pelo-pais\\\/\"},\"author\":{\"name\":\"Michele\",\"@id\":\"https:\\\/\\\/www.vagadeempregorj.com.br\\\/#\\\/schema\\\/person\\\/3ddb19fa0539706786e502152f3aae95\"},\"headline\":\"Grupo Koch: Mais de 500 empregos abertos pelo pa\u00eds\",\"datePublished\":\"2024-10-31T09:00:00+00:00\",\"mainEntityOfPage\":{\"@id\":\"https:\\\/\\\/www.vagadeempregorj.com.br\\\/grupo-koch-mais-de-500-empregos-abertos-pelo-pais\\\/\"},\"wordCount\":715,\"image\":{\"@id\":\"https:\\\/\\\/www.vagadeempregorj.com.br\\\/grupo-koch-mais-de-500-empregos-abertos-pelo-pais\\\/#primaryimage\"},\"thumbnailUrl\":\"https:\\\/\\\/www.vagadeempregorj.com.br\\\/wp-content\\\/uploads\\\/2024\\\/10\\\/image-50.png\",\"articleSection\":[\"Vagas de Emprego Nacionais\"],\"inLanguage\":\"es\"},{\"@type\":\"WebPage\",\"@id\":\"https:\\\/\\\/www.vagadeempregorj.com.br\\\/grupo-koch-mais-de-500-empregos-abertos-pelo-pais\\\/\",\"url\":\"https:\\\/\\\/www.vagadeempregorj.com.br\\\/grupo-koch-mais-de-500-empregos-abertos-pelo-pais\\\/\",\"name\":\"Grupo Koch: Mais de 500 empregos abertos pelo pa\u00eds -\",\"isPartOf\":{\"@id\":\"https:\\\/\\\/www.vagadeempregorj.com.br\\\/#website\"},\"primaryImageOfPage\":{\"@id\":\"https:\\\/\\\/www.vagadeempregorj.com.br\\\/grupo-koch-mais-de-500-empregos-abertos-pelo-pais\\\/#primaryimage\"},\"image\":{\"@id\":\"https:\\\/\\\/www.vagadeempregorj.com.br\\\/grupo-koch-mais-de-500-empregos-abertos-pelo-pais\\\/#primaryimage\"},\"thumbnailUrl\":\"https:\\\/\\\/www.vagadeempregorj.com.br\\\/wp-content\\\/uploads\\\/2024\\\/10\\\/image-50.png\",\"datePublished\":\"2024-10-31T09:00:00+00:00\",\"author\":{\"@id\":\"https:\\\/\\\/www.vagadeempregorj.com.br\\\/#\\\/schema\\\/person\\\/3ddb19fa0539706786e502152f3aae95\"},\"description\":\"Veja em Vagas de Emprego RJ as vagas de emprego com e sem experi\u00eancia no seu Estado e Regi\u00e3o!\",\"breadcrumb\":{\"@id\":\"https:\\\/\\\/www.vagadeempregorj.com.br\\\/grupo-koch-mais-de-500-empregos-abertos-pelo-pais\\\/#breadcrumb\"},\"inLanguage\":\"es\",\"potentialAction\":[{\"@type\":\"ReadAction\",\"target\":[\"https:\\\/\\\/www.vagadeempregorj.com.br\\\/grupo-koch-mais-de-500-empregos-abertos-pelo-pais\\\/\"]}]},{\"@type\":\"ImageObject\",\"inLanguage\":\"es\",\"@id\":\"https:\\\/\\\/www.vagadeempregorj.com.br\\\/grupo-koch-mais-de-500-empregos-abertos-pelo-pais\\\/#primaryimage\",\"url\":\"https:\\\/\\\/www.vagadeempregorj.com.br\\\/wp-content\\\/uploads\\\/2024\\\/10\\\/image-50.png\",\"contentUrl\":\"https:\\\/\\\/www.vagadeempregorj.com.br\\\/wp-content\\\/uploads\\\/2024\\\/10\\\/image-50.png\",\"width\":1512,\"height\":875},{\"@type\":\"BreadcrumbList\",\"@id\":\"https:\\\/\\\/www.vagadeempregorj.com.br\\\/grupo-koch-mais-de-500-empregos-abertos-pelo-pais\\\/#breadcrumb\",\"itemListElement\":[{\"@type\":\"ListItem\",\"position\":1,\"name\":\"In\u00edcio\",\"item\":\"https:\\\/\\\/www.vagadeempregorj.com.br\\\/\"},{\"@type\":\"ListItem\",\"position\":2,\"name\":\"Vagas de Emprego Nacionais\",\"item\":\"https:\\\/\\\/www.vagadeempregorj.com.br\\\/vagas-de-emprego-nacionais\\\/\"},{\"@type\":\"ListItem\",\"position\":3,\"name\":\"Grupo Koch: Mais de 500 empregos abertos pelo pa\u00eds\"}]},{\"@type\":\"WebSite\",\"@id\":\"https:\\\/\\\/www.vagadeempregorj.com.br\\\/#website\",\"url\":\"https:\\\/\\\/www.vagadeempregorj.com.br\\\/\",\"name\":\"\",\"description\":\"Conquiste Sonhos: Vagas, Benef\u00edcios e Economia para Transformar Vidas e Alcan\u00e7ar Melhorias Cotidianas\",\"potentialAction\":[{\"@type\":\"SearchAction\",\"target\":{\"@type\":\"EntryPoint\",\"urlTemplate\":\"https:\\\/\\\/www.vagadeempregorj.com.br\\\/?s={search_term_string}\"},\"query-input\":{\"@type\":\"PropertyValueSpecification\",\"valueRequired\":true,\"valueName\":\"search_term_string\"}}],\"inLanguage\":\"es\"},{\"@type\":\"Person\",\"@id\":\"https:\\\/\\\/www.vagadeempregorj.com.br\\\/#\\\/schema\\\/person\\\/3ddb19fa0539706786e502152f3aae95\",\"name\":\"Michele\",\"image\":{\"@type\":\"ImageObject\",\"inLanguage\":\"es\",\"@id\":\"https:\\\/\\\/secure.gravatar.com\\\/avatar\\\/6b0eb9d22841282815e2cd856a0061c45e1761cd54b22e952d98c4746939aa85?s=96&r=g\",\"url\":\"https:\\\/\\\/secure.gravatar.com\\\/avatar\\\/6b0eb9d22841282815e2cd856a0061c45e1761cd54b22e952d98c4746939aa85?s=96&r=g\",\"contentUrl\":\"https:\\\/\\\/secure.gravatar.com\\\/avatar\\\/6b0eb9d22841282815e2cd856a0061c45e1761cd54b22e952d98c4746939aa85?s=96&r=g\",\"caption\":\"Michele\"},\"description\":\"Formada em Letras - Portugu\u00eas\\\/ Ingl\u00eas, e idealizadora do site Escritora de Sucesso, busca expandir o conhecimento de todos com informa\u00e7\u00f5es relevantes sobre diversos assuntos, enquanto redatora. No Vaga de Emprego RJ, traz oportunidades e dicas sobre o mercado de trabalho.\",\"url\":\"https:\\\/\\\/www.vagadeempregorj.com.br\\\/es\\\/author\\\/michele\\\/\"}]}<\/script>\n<!-- \/ Yoast SEO plugin. -->","yoast_head_json":{"title":"Grupo Koch: Mais de 500 empregos abertos pelo pa\u00eds -","description":"Veja em Vagas de Emprego RJ as vagas de emprego com e sem experi\u00eancia no seu Estado e Regi\u00e3o!","robots":{"index":"index","follow":"follow","max-snippet":"max-snippet:-1","max-image-preview":"max-image-preview:large","max-video-preview":"max-video-preview:-1"},"canonical":"https:\/\/www.vagadeempregorj.com.br\/es\/grupo-koch-mais-de-500-empregos-abertos-pelo-pais\/","og_locale":"es_MX","og_type":"article","og_title":"Grupo Koch: Mais de 500 empregos abertos pelo pa\u00eds -","og_description":"Veja em Vagas de Emprego RJ as vagas de emprego com e sem experi\u00eancia no seu Estado e Regi\u00e3o!","og_url":"https:\/\/www.vagadeempregorj.com.br\/es\/grupo-koch-mais-de-500-empregos-abertos-pelo-pais\/","article_publisher":"https:\/\/www.facebook.com\/empregobrasiloficial","article_published_time":"2024-10-31T09:00:00+00:00","og_image":[{"width":1512,"height":875,"url":"https:\/\/www.vagadeempregorj.com.br\/wp-content\/uploads\/2024\/10\/image-50.png","type":"image\/png"}],"author":"Michele","twitter_card":"summary_large_image","twitter_misc":{"Written by":"Michele","Est. reading time":"4 minutos"},"schema":{"@context":"https:\/\/schema.org","@graph":[{"@type":"Article","@id":"https:\/\/www.vagadeempregorj.com.br\/grupo-koch-mais-de-500-empregos-abertos-pelo-pais\/#article","isPartOf":{"@id":"https:\/\/www.vagadeempregorj.com.br\/grupo-koch-mais-de-500-empregos-abertos-pelo-pais\/"},"author":{"name":"Michele","@id":"https:\/\/www.vagadeempregorj.com.br\/#\/schema\/person\/3ddb19fa0539706786e502152f3aae95"},"headline":"Grupo Koch: Mais de 500 empregos abertos pelo pa\u00eds","datePublished":"2024-10-31T09:00:00+00:00","mainEntityOfPage":{"@id":"https:\/\/www.vagadeempregorj.com.br\/grupo-koch-mais-de-500-empregos-abertos-pelo-pais\/"},"wordCount":715,"image":{"@id":"https:\/\/www.vagadeempregorj.com.br\/grupo-koch-mais-de-500-empregos-abertos-pelo-pais\/#primaryimage"},"thumbnailUrl":"https:\/\/www.vagadeempregorj.com.br\/wp-content\/uploads\/2024\/10\/image-50.png","articleSection":["Vagas de Emprego Nacionais"],"inLanguage":"es"},{"@type":"WebPage","@id":"https:\/\/www.vagadeempregorj.com.br\/grupo-koch-mais-de-500-empregos-abertos-pelo-pais\/","url":"https:\/\/www.vagadeempregorj.com.br\/grupo-koch-mais-de-500-empregos-abertos-pelo-pais\/","name":"Grupo Koch: Mais de 500 empregos abertos pelo pa\u00eds -","isPartOf":{"@id":"https:\/\/www.vagadeempregorj.com.br\/#website"},"primaryImageOfPage":{"@id":"https:\/\/www.vagadeempregorj.com.br\/grupo-koch-mais-de-500-empregos-abertos-pelo-pais\/#primaryimage"},"image":{"@id":"https:\/\/www.vagadeempregorj.com.br\/grupo-koch-mais-de-500-empregos-abertos-pelo-pais\/#primaryimage"},"thumbnailUrl":"https:\/\/www.vagadeempregorj.com.br\/wp-content\/uploads\/2024\/10\/image-50.png","datePublished":"2024-10-31T09:00:00+00:00","author":{"@id":"https:\/\/www.vagadeempregorj.com.br\/#\/schema\/person\/3ddb19fa0539706786e502152f3aae95"},"description":"Veja em Vagas de Emprego RJ as vagas de emprego com e sem experi\u00eancia no seu Estado e Regi\u00e3o!","breadcrumb":{"@id":"https:\/\/www.vagadeempregorj.com.br\/grupo-koch-mais-de-500-empregos-abertos-pelo-pais\/#breadcrumb"},"inLanguage":"es","potentialAction":[{"@type":"ReadAction","target":["https:\/\/www.vagadeempregorj.com.br\/grupo-koch-mais-de-500-empregos-abertos-pelo-pais\/"]}]},{"@type":"ImageObject","inLanguage":"es","@id":"https:\/\/www.vagadeempregorj.com.br\/grupo-koch-mais-de-500-empregos-abertos-pelo-pais\/#primaryimage","url":"https:\/\/www.vagadeempregorj.com.br\/wp-content\/uploads\/2024\/10\/image-50.png","contentUrl":"https:\/\/www.vagadeempregorj.com.br\/wp-content\/uploads\/2024\/10\/image-50.png","width":1512,"height":875},{"@type":"BreadcrumbList","@id":"https:\/\/www.vagadeempregorj.com.br\/grupo-koch-mais-de-500-empregos-abertos-pelo-pais\/#breadcrumb","itemListElement":[{"@type":"ListItem","position":1,"name":"In\u00edcio","item":"https:\/\/www.vagadeempregorj.com.br\/"},{"@type":"ListItem","position":2,"name":"Vagas de Emprego Nacionais","item":"https:\/\/www.vagadeempregorj.com.br\/vagas-de-emprego-nacionais\/"},{"@type":"ListItem","position":3,"name":"Grupo Koch: Mais de 500 empregos abertos pelo pa\u00eds"}]},{"@type":"WebSite","@id":"https:\/\/www.vagadeempregorj.com.br\/#website","url":"https:\/\/www.vagadeempregorj.com.br\/","name":"","description":"Conquiste Sonhos: Vagas, Benef\u00edcios e Economia para Transformar Vidas e Alcan\u00e7ar Melhorias Cotidianas","potentialAction":[{"@type":"SearchAction","target":{"@type":"EntryPoint","urlTemplate":"https:\/\/www.vagadeempregorj.com.br\/?s={search_term_string}"},"query-input":{"@type":"PropertyValueSpecification","valueRequired":true,"valueName":"search_term_string"}}],"inLanguage":"es"},{"@type":"Person","@id":"https:\/\/www.vagadeempregorj.com.br\/#\/schema\/person\/3ddb19fa0539706786e502152f3aae95","name":"Michele","image":{"@type":"ImageObject","inLanguage":"es","@id":"https:\/\/secure.gravatar.com\/avatar\/6b0eb9d22841282815e2cd856a0061c45e1761cd54b22e952d98c4746939aa85?s=96&r=g","url":"https:\/\/secure.gravatar.com\/avatar\/6b0eb9d22841282815e2cd856a0061c45e1761cd54b22e952d98c4746939aa85?s=96&r=g","contentUrl":"https:\/\/secure.gravatar.com\/avatar\/6b0eb9d22841282815e2cd856a0061c45e1761cd54b22e952d98c4746939aa85?s=96&r=g","caption":"Michele"},"description":"Formada em Letras - Portugu\u00eas\/ Ingl\u00eas, e idealizadora do site Escritora de Sucesso, busca expandir o conhecimento de todos com informa\u00e7\u00f5es relevantes sobre diversos assuntos, enquanto redatora. No Vaga de Emprego RJ, traz oportunidades e dicas sobre o mercado de trabalho.","url":"https:\/\/www.vagadeempregorj.com.br\/es\/author\/michele\/"}]}},"_links":{"self":[{"href":"https:\/\/www.vagadeempregorj.com.br\/es\/wp-json\/wp\/v2\/posts\/41071","targetHints":{"allow":["GET"]}}],"collection":[{"href":"https:\/\/www.vagadeempregorj.com.br\/es\/wp-json\/wp\/v2\/posts"}],"about":[{"href":"https:\/\/www.vagadeempregorj.com.br\/es\/wp-json\/wp\/v2\/types\/post"}],"author":[{"embeddable":true,"href":"https:\/\/www.vagadeempregorj.com.br\/es\/wp-json\/wp\/v2\/users\/16"}],"replies":[{"embeddable":true,"href":"https:\/\/www.vagadeempregorj.com.br\/es\/wp-json\/wp\/v2\/comments?post=41071"}],"version-history":[{"count":0,"href":"https:\/\/www.vagadeempregorj.com.br\/es\/wp-json\/wp\/v2\/posts\/41071\/revisions"}],"wp:featuredmedia":[{"embeddable":true,"href":"https:\/\/www.vagadeempregorj.com.br\/es\/wp-json\/wp\/v2\/media\/41091"}],"wp:attachment":[{"href":"https:\/\/www.vagadeempregorj.com.br\/es\/wp-json\/wp\/v2\/media?parent=41071"}],"wp:term":[{"taxonomy":"category","embeddable":true,"href":"https:\/\/www.vagadeempregorj.com.br\/es\/wp-json\/wp\/v2\/categories?post=41071"},{"taxonomy":"post_tag","embeddable":true,"href":"https:\/\/www.vagadeempregorj.com.br\/es\/wp-json\/wp\/v2\/tags?post=41071"}],"curies":[{"name":"wp","href":"https:\/\/api.w.org\/{rel}","templated":true}]}}