{"id":41125,"date":"2024-11-01T23:39:29","date_gmt":"2024-11-02T02:39:29","guid":{"rendered":"https:\/\/www.vagadeempregorj.com.br\/?p=41125"},"modified":"2024-11-04T14:38:05","modified_gmt":"2024-11-04T17:38:05","slug":"renner-novas-1200-vagas-de-emprego-pelo-pais","status":"publish","type":"post","link":"https:\/\/www.vagadeempregorj.com.br\/es\/renner-novas-1200-vagas-de-emprego-pelo-pais\/","title":{"rendered":"Renner: Novas 1200 vagas de emprego pelo pa\u00eds"},"content":{"rendered":"<p>As <strong>Lojas Renner<\/strong>, uma das maiores refer\u00eancias em moda aqui no Brasil, est\u00e1 com novidades: novas oportunidades de emprego surgindo em v\u00e1rias regi\u00f5es do pa\u00eds! Isso mesmo! A marca est\u00e1 se expandindo e quer garantir que ainda mais pessoas possam ter acesso a um atendimento de qualidade, tanto nas lojas f\u00edsicas quanto no e-commerce. Se voc\u00ea sonha em fazer parte desse universo do varejo de moda, essa pode ser a sua chance de brilhar! N\u00e3o fique de fora dessa!<\/p>\n\n\n\n<figure class=\"wp-block-image size-large\"><img loading=\"lazy\" decoding=\"async\" width=\"1024\" height=\"585\" src=\"https:\/\/www.vagadeempregorj.com.br\/wp-content\/uploads\/2024\/11\/image-1024x585.png\" alt=\"\" class=\"wp-image-41126\" srcset=\"https:\/\/www.vagadeempregorj.com.br\/wp-content\/uploads\/2024\/11\/image-1024x585.png 1024w, https:\/\/www.vagadeempregorj.com.br\/wp-content\/uploads\/2024\/11\/image-300x171.png 300w, https:\/\/www.vagadeempregorj.com.br\/wp-content\/uploads\/2024\/11\/image-768x439.png 768w, https:\/\/www.vagadeempregorj.com.br\/wp-content\/uploads\/2024\/11\/image-1536x878.png 1536w, https:\/\/www.vagadeempregorj.com.br\/wp-content\/uploads\/2024\/11\/image-150x86.png 150w, https:\/\/www.vagadeempregorj.com.br\/wp-content\/uploads\/2024\/11\/image.png 1792w\" sizes=\"auto, (max-width: 1024px) 100vw, 1024px\" \/><\/figure>\n\n\n\n<h2 class=\"wp-block-heading\">Quais s\u00e3o as vagas de emprego abertas pela Renner?<\/h2>\n\n\n\n<p>A Renner est\u00e1 com vagas em diversas \u00e1reas e n\u00edveis hier\u00e1rquicos, valorizando profissionais com diferentes forma\u00e7\u00f5es e experi\u00eancias. Veja algumas das posi\u00e7\u00f5es em destaque:<\/p>\n\n\n\n<h3 class=\"wp-block-heading\">Assistente de Vendas e Atendimento<\/h3>\n\n\n\n<p>Os assistentes de vendas s\u00e3o essenciais para o bom funcionamento das lojas. Esse profissional realiza atividades voltadas ao atendimento direto com o cliente. Suas principais responsabilidades s\u00e3o:<\/p>\n\n\n\n<ul class=\"wp-block-list\">\n<li>Receber e orientar os clientes sobre produtos e promo\u00e7\u00f5es<\/li>\n\n\n\n<li>Ajudar na disposi\u00e7\u00e3o dos produtos e manter a loja organizada<\/li>\n\n\n\n<li>Apoiar na reposi\u00e7\u00e3o de itens em estoque<\/li>\n\n\n\n<li>Contribuir para a fideliza\u00e7\u00e3o dos clientes por meio de um atendimento atencioso<\/li>\n<\/ul>\n\n\n\n<h3 class=\"wp-block-heading\">Operador de Caixa<\/h3>\n\n\n\n<p>O operador de caixa \u00e9 quem conclui o atendimento, garantindo que o cliente finalize suas compras com tranquilidade e seguran\u00e7a. Esse profissional cuida de:<\/p>\n\n\n\n<ul class=\"wp-block-list\">\n<li>Processar o pagamento das compras com rapidez e precis\u00e3o<\/li>\n\n\n\n<li>Conferir os itens e valores no momento do pagamento<\/li>\n\n\n\n<li>Oferecer um atendimento cordial, demonstrando simpatia e agilidade<\/li>\n\n\n\n<li>Auxiliar em atividades administrativas e no controle de fluxo do caixa<\/li>\n<\/ul>\n\n\n\n<h3 class=\"wp-block-heading\">Auxiliar de Estoque<\/h3>\n\n\n\n<p>O auxiliar de estoque \u00e9 fundamental para que as lojas tenham os produtos sempre dispon\u00edveis. Suas fun\u00e7\u00f5es incluem:<\/p>\n\n\n\n<ul class=\"wp-block-list\">\n<li>Receber e organizar mercadorias de acordo com o padr\u00e3o da loja<\/li>\n\n\n\n<li>Fazer a reposi\u00e7\u00e3o de produtos no sal\u00e3o de vendas<\/li>\n\n\n\n<li>Auxiliar no controle de estoque e em invent\u00e1rios<\/li>\n\n\n\n<li>Manter o dep\u00f3sito organizado para facilitar a log\u00edstica da loja<\/li>\n<\/ul>\n\n\n\n<h3 class=\"wp-block-heading\">Analista de Recursos Humanos<\/h3>\n\n\n\n<p>O analista de recursos humanos \u00e9 respons\u00e1vel pelo desenvolvimento e gest\u00e3o dos colaboradores da empresa. Suas atribui\u00e7\u00f5es incluem:<\/p>\n\n\n\n<ul class=\"wp-block-list\">\n<li>Realizar recrutamento e sele\u00e7\u00e3o de novos profissionais para a equipe<\/li>\n\n\n\n<li>Planejar treinamentos e a\u00e7\u00f5es de desenvolvimento de pessoas<\/li>\n\n\n\n<li>Gerenciar os benef\u00edcios e acompanhar as pol\u00edticas de compliance trabalhista<\/li>\n\n\n\n<li>Promover a\u00e7\u00f5es que fortale\u00e7am o ambiente organizacional<\/li>\n<\/ul>\n\n\n\n<h3 class=\"wp-block-heading\">Consultor de Moda<\/h3>\n\n\n\n<p>O consultor de moda ajuda a traduzir a identidade e o estilo da Renner para os clientes, oferecendo uma experi\u00eancia personalizada. Suas atividades envolvem:<\/p>\n\n\n\n<ul class=\"wp-block-list\">\n<li>Orientar os clientes na escolha de pe\u00e7as e acess\u00f3rios<\/li>\n\n\n\n<li>Sugerir combina\u00e7\u00f5es de looks e compartilhar dicas de moda<\/li>\n\n\n\n<li>Manter-se atualizado sobre as tend\u00eancias e as cole\u00e7\u00f5es da marca<\/li>\n\n\n\n<li>Colaborar na organiza\u00e7\u00e3o da loja e na disposi\u00e7\u00e3o dos produtos<\/li>\n<\/ul>\n\n\n\n<h3 class=\"wp-block-heading\">Gerente de Loja<\/h3>\n\n\n\n<p>O gerente de loja \u00e9 a lideran\u00e7a do time, respons\u00e1vel pelo bom funcionamento da unidade. Esse profissional cuida de:<\/p>\n\n\n\n<ul class=\"wp-block-list\">\n<li>Supervisionar a equipe e garantir o alcance das metas<\/li>\n\n\n\n<li>Coordenar processos operacionais e administrativos<\/li>\n\n\n\n<li>Realizar treinamentos e motivar a equipe<\/li>\n\n\n\n<li>Acompanhar os resultados e implementar estrat\u00e9gias para melhorar o desempenho da loja<\/li>\n<\/ul>\n\n\n\n<h2 class=\"wp-block-heading\">Como se candidatar?<\/h2>\n\n\n\n<p>Quer fazer parte do time Renner? Para participar do processo seletivo, basta seguir os passos abaixo na plataforma Gupy, que a empresa utiliza para facilitar as inscri\u00e7\u00f5es:<\/p>\n\n\n\n<ul class=\"wp-block-list\">\n<li>Copie e cole o endere\u00e7o no seu navegador: <strong>https:\/\/lojasrenner.gupy.io\/<\/strong><\/li>\n\n\n\n<li><strong>Acesse a p\u00e1gina de carreiras<\/strong> e explore as vagas dispon\u00edveis.<\/li>\n\n\n\n<li><strong>Escolha a vaga desejada<\/strong> e leia atentamente os detalhes da posi\u00e7\u00e3o.<\/li>\n\n\n\n<li><strong>Cadastre-se ou fa\u00e7a login<\/strong> na plataforma Gupy.<\/li>\n\n\n\n<li><strong>Preencha seu perfil e anexe o curr\u00edculo atualizado<\/strong>, destacando experi\u00eancias e habilidades relevantes.<\/li>\n<\/ul>\n\n\n\n<p>Se voc\u00ea sonha em se destacar na \u00e1rea de moda e varejo, a Renner oferece um ambiente super acolhedor e cheio de possibilidades. Aqui, a ideia \u00e9 que voc\u00ea se sinta parte de algo maior, onde seu talento pode brilhar. \u00c9 um momento emocionante, e quem sabe, essa pode ser a sua chance de embarcar em uma nova jornada cheia de aprendizado e desafios. N\u00e3o perca essa oportunidade de fazer a diferen\u00e7a!<\/p>\n\n\n\n<p><strong>Veja tamb\u00e9m: <a href=\"https:\/\/www.vagadeempregorj.com.br\/es\/piracanjuba-tem-59-vagas-de-emprego-abertas-em-todo-o-pais\/\">Piracanjuba tem 59 vagas de emprego abertas em todo o pa\u00eds<\/a><\/strong><\/p>\n\n\n\n<p>1 de novembro de 2024<\/p>","protected":false},"excerpt":{"rendered":"<p>As Lojas Renner, uma das maiores refer\u00eancias em moda aqui no Brasil, est\u00e1 com novidades: novas oportunidades de emprego surgindo em v\u00e1rias regi\u00f5es do pa\u00eds! Isso mesmo! A marca est\u00e1 se expandindo e quer garantir que ainda mais pessoas possam ter acesso a um atendimento de qualidade, tanto nas lojas f\u00edsicas quanto no e-commerce. Se&hellip;&nbsp;<\/p>","protected":false},"author":16,"featured_media":41126,"comment_status":"closed","ping_status":"closed","sticky":false,"template":"","format":"standard","meta":{"neve_meta_sidebar":"","neve_meta_container":"","neve_meta_enable_content_width":"","neve_meta_content_width":0,"neve_meta_title_alignment":"","neve_meta_author_avatar":"","neve_post_elements_order":"","neve_meta_disable_header":"","neve_meta_disable_footer":"","neve_meta_disable_title":"","footnotes":""},"categories":[123],"tags":[830,608],"class_list":["post-41125","post","type-post","status-publish","format-standard","has-post-thumbnail","hentry","category-vagas-de-emprego-nacionais","tag-empregos","tag-oportunidades"],"yoast_head":"<!-- This site is optimized with the Yoast SEO plugin v27.5 - https:\/\/yoast.com\/product\/yoast-seo-wordpress\/ -->\n<title>Renner: Novas 1200 vagas de emprego pelo pa\u00eds -<\/title>\n<meta name=\"description\" content=\"Veja em Vagas de Emprego RJ as vagas de emprego com e sem experi\u00eancia no seu Estado e Regi\u00e3o!\" \/>\n<meta name=\"robots\" content=\"index, follow, max-snippet:-1, max-image-preview:large, max-video-preview:-1\" \/>\n<link rel=\"canonical\" href=\"https:\/\/www.vagadeempregorj.com.br\/es\/renner-novas-1200-vagas-de-emprego-pelo-pais\/\" \/>\n<meta property=\"og:locale\" content=\"es_MX\" \/>\n<meta property=\"og:type\" content=\"article\" \/>\n<meta property=\"og:title\" content=\"Renner: Novas 1200 vagas de emprego pelo pa\u00eds -\" \/>\n<meta property=\"og:description\" content=\"Veja em Vagas de Emprego RJ as vagas de emprego com e sem experi\u00eancia no seu Estado e Regi\u00e3o!\" \/>\n<meta property=\"og:url\" content=\"https:\/\/www.vagadeempregorj.com.br\/es\/renner-novas-1200-vagas-de-emprego-pelo-pais\/\" \/>\n<meta property=\"article:publisher\" content=\"https:\/\/www.facebook.com\/empregobrasiloficial\" \/>\n<meta property=\"article:published_time\" content=\"2024-11-02T02:39:29+00:00\" \/>\n<meta property=\"article:modified_time\" content=\"2024-11-04T17:38:05+00:00\" \/>\n<meta property=\"og:image\" content=\"https:\/\/www.vagadeempregorj.com.br\/wp-content\/uploads\/2024\/11\/image-1024x585.png\" \/>\n\t<meta property=\"og:image:width\" content=\"1024\" \/>\n\t<meta property=\"og:image:height\" content=\"585\" \/>\n\t<meta property=\"og:image:type\" content=\"image\/png\" \/>\n<meta name=\"author\" content=\"Michele\" \/>\n<meta name=\"twitter:card\" content=\"summary_large_image\" \/>\n<meta name=\"twitter:label1\" content=\"Written by\" \/>\n\t<meta name=\"twitter:data1\" content=\"Michele\" \/>\n\t<meta name=\"twitter:label2\" content=\"Est. reading time\" \/>\n\t<meta name=\"twitter:data2\" content=\"4 minutos\" \/>\n<script type=\"application\/ld+json\" class=\"yoast-schema-graph\">{\"@context\":\"https:\\\/\\\/schema.org\",\"@graph\":[{\"@type\":\"Article\",\"@id\":\"https:\\\/\\\/www.vagadeempregorj.com.br\\\/renner-novas-1200-vagas-de-emprego-pelo-pais\\\/#article\",\"isPartOf\":{\"@id\":\"https:\\\/\\\/www.vagadeempregorj.com.br\\\/renner-novas-1200-vagas-de-emprego-pelo-pais\\\/\"},\"author\":{\"name\":\"Michele\",\"@id\":\"https:\\\/\\\/www.vagadeempregorj.com.br\\\/#\\\/schema\\\/person\\\/3ddb19fa0539706786e502152f3aae95\"},\"headline\":\"Renner: Novas 1200 vagas de emprego pelo pa\u00eds\",\"datePublished\":\"2024-11-02T02:39:29+00:00\",\"dateModified\":\"2024-11-04T17:38:05+00:00\",\"mainEntityOfPage\":{\"@id\":\"https:\\\/\\\/www.vagadeempregorj.com.br\\\/renner-novas-1200-vagas-de-emprego-pelo-pais\\\/\"},\"wordCount\":713,\"image\":{\"@id\":\"https:\\\/\\\/www.vagadeempregorj.com.br\\\/renner-novas-1200-vagas-de-emprego-pelo-pais\\\/#primaryimage\"},\"thumbnailUrl\":\"https:\\\/\\\/www.vagadeempregorj.com.br\\\/wp-content\\\/uploads\\\/2024\\\/11\\\/image.png\",\"keywords\":[\"empregos\",\"oportunidades\"],\"articleSection\":[\"Vagas de Emprego Nacionais\"],\"inLanguage\":\"es\"},{\"@type\":\"WebPage\",\"@id\":\"https:\\\/\\\/www.vagadeempregorj.com.br\\\/renner-novas-1200-vagas-de-emprego-pelo-pais\\\/\",\"url\":\"https:\\\/\\\/www.vagadeempregorj.com.br\\\/renner-novas-1200-vagas-de-emprego-pelo-pais\\\/\",\"name\":\"Renner: Novas 1200 vagas de emprego pelo pa\u00eds -\",\"isPartOf\":{\"@id\":\"https:\\\/\\\/www.vagadeempregorj.com.br\\\/#website\"},\"primaryImageOfPage\":{\"@id\":\"https:\\\/\\\/www.vagadeempregorj.com.br\\\/renner-novas-1200-vagas-de-emprego-pelo-pais\\\/#primaryimage\"},\"image\":{\"@id\":\"https:\\\/\\\/www.vagadeempregorj.com.br\\\/renner-novas-1200-vagas-de-emprego-pelo-pais\\\/#primaryimage\"},\"thumbnailUrl\":\"https:\\\/\\\/www.vagadeempregorj.com.br\\\/wp-content\\\/uploads\\\/2024\\\/11\\\/image.png\",\"datePublished\":\"2024-11-02T02:39:29+00:00\",\"dateModified\":\"2024-11-04T17:38:05+00:00\",\"author\":{\"@id\":\"https:\\\/\\\/www.vagadeempregorj.com.br\\\/#\\\/schema\\\/person\\\/3ddb19fa0539706786e502152f3aae95\"},\"description\":\"Veja em Vagas de Emprego RJ as vagas de emprego com e sem experi\u00eancia no seu Estado e Regi\u00e3o!\",\"breadcrumb\":{\"@id\":\"https:\\\/\\\/www.vagadeempregorj.com.br\\\/renner-novas-1200-vagas-de-emprego-pelo-pais\\\/#breadcrumb\"},\"inLanguage\":\"es\",\"potentialAction\":[{\"@type\":\"ReadAction\",\"target\":[\"https:\\\/\\\/www.vagadeempregorj.com.br\\\/renner-novas-1200-vagas-de-emprego-pelo-pais\\\/\"]}]},{\"@type\":\"ImageObject\",\"inLanguage\":\"es\",\"@id\":\"https:\\\/\\\/www.vagadeempregorj.com.br\\\/renner-novas-1200-vagas-de-emprego-pelo-pais\\\/#primaryimage\",\"url\":\"https:\\\/\\\/www.vagadeempregorj.com.br\\\/wp-content\\\/uploads\\\/2024\\\/11\\\/image.png\",\"contentUrl\":\"https:\\\/\\\/www.vagadeempregorj.com.br\\\/wp-content\\\/uploads\\\/2024\\\/11\\\/image.png\",\"width\":1792,\"height\":1024,\"caption\":\"Lojas Renner\"},{\"@type\":\"BreadcrumbList\",\"@id\":\"https:\\\/\\\/www.vagadeempregorj.com.br\\\/renner-novas-1200-vagas-de-emprego-pelo-pais\\\/#breadcrumb\",\"itemListElement\":[{\"@type\":\"ListItem\",\"position\":1,\"name\":\"In\u00edcio\",\"item\":\"https:\\\/\\\/www.vagadeempregorj.com.br\\\/\"},{\"@type\":\"ListItem\",\"position\":2,\"name\":\"Vagas de Emprego Nacionais\",\"item\":\"https:\\\/\\\/www.vagadeempregorj.com.br\\\/vagas-de-emprego-nacionais\\\/\"},{\"@type\":\"ListItem\",\"position\":3,\"name\":\"Renner: Novas 1200 vagas de emprego pelo pa\u00eds\"}]},{\"@type\":\"WebSite\",\"@id\":\"https:\\\/\\\/www.vagadeempregorj.com.br\\\/#website\",\"url\":\"https:\\\/\\\/www.vagadeempregorj.com.br\\\/\",\"name\":\"\",\"description\":\"Conquiste Sonhos: Vagas, Benef\u00edcios e Economia para Transformar Vidas e Alcan\u00e7ar Melhorias Cotidianas\",\"potentialAction\":[{\"@type\":\"SearchAction\",\"target\":{\"@type\":\"EntryPoint\",\"urlTemplate\":\"https:\\\/\\\/www.vagadeempregorj.com.br\\\/?s={search_term_string}\"},\"query-input\":{\"@type\":\"PropertyValueSpecification\",\"valueRequired\":true,\"valueName\":\"search_term_string\"}}],\"inLanguage\":\"es\"},{\"@type\":\"Person\",\"@id\":\"https:\\\/\\\/www.vagadeempregorj.com.br\\\/#\\\/schema\\\/person\\\/3ddb19fa0539706786e502152f3aae95\",\"name\":\"Michele\",\"image\":{\"@type\":\"ImageObject\",\"inLanguage\":\"es\",\"@id\":\"https:\\\/\\\/secure.gravatar.com\\\/avatar\\\/6b0eb9d22841282815e2cd856a0061c45e1761cd54b22e952d98c4746939aa85?s=96&r=g\",\"url\":\"https:\\\/\\\/secure.gravatar.com\\\/avatar\\\/6b0eb9d22841282815e2cd856a0061c45e1761cd54b22e952d98c4746939aa85?s=96&r=g\",\"contentUrl\":\"https:\\\/\\\/secure.gravatar.com\\\/avatar\\\/6b0eb9d22841282815e2cd856a0061c45e1761cd54b22e952d98c4746939aa85?s=96&r=g\",\"caption\":\"Michele\"},\"description\":\"Formada em Letras - Portugu\u00eas\\\/ Ingl\u00eas, e idealizadora do site Escritora de Sucesso, busca expandir o conhecimento de todos com informa\u00e7\u00f5es relevantes sobre diversos assuntos, enquanto redatora. No Vaga de Emprego RJ, traz oportunidades e dicas sobre o mercado de trabalho.\",\"url\":\"https:\\\/\\\/www.vagadeempregorj.com.br\\\/es\\\/author\\\/michele\\\/\"}]}<\/script>\n<!-- \/ Yoast SEO plugin. -->","yoast_head_json":{"title":"Renner: Novas 1200 vagas de emprego pelo pa\u00eds -","description":"Veja em Vagas de Emprego RJ as vagas de emprego com e sem experi\u00eancia no seu Estado e Regi\u00e3o!","robots":{"index":"index","follow":"follow","max-snippet":"max-snippet:-1","max-image-preview":"max-image-preview:large","max-video-preview":"max-video-preview:-1"},"canonical":"https:\/\/www.vagadeempregorj.com.br\/es\/renner-novas-1200-vagas-de-emprego-pelo-pais\/","og_locale":"es_MX","og_type":"article","og_title":"Renner: Novas 1200 vagas de emprego pelo pa\u00eds -","og_description":"Veja em Vagas de Emprego RJ as vagas de emprego com e sem experi\u00eancia no seu Estado e Regi\u00e3o!","og_url":"https:\/\/www.vagadeempregorj.com.br\/es\/renner-novas-1200-vagas-de-emprego-pelo-pais\/","article_publisher":"https:\/\/www.facebook.com\/empregobrasiloficial","article_published_time":"2024-11-02T02:39:29+00:00","article_modified_time":"2024-11-04T17:38:05+00:00","og_image":[{"width":1024,"height":585,"url":"https:\/\/www.vagadeempregorj.com.br\/wp-content\/uploads\/2024\/11\/image-1024x585.png","type":"image\/png"}],"author":"Michele","twitter_card":"summary_large_image","twitter_misc":{"Written by":"Michele","Est. reading time":"4 minutos"},"schema":{"@context":"https:\/\/schema.org","@graph":[{"@type":"Article","@id":"https:\/\/www.vagadeempregorj.com.br\/renner-novas-1200-vagas-de-emprego-pelo-pais\/#article","isPartOf":{"@id":"https:\/\/www.vagadeempregorj.com.br\/renner-novas-1200-vagas-de-emprego-pelo-pais\/"},"author":{"name":"Michele","@id":"https:\/\/www.vagadeempregorj.com.br\/#\/schema\/person\/3ddb19fa0539706786e502152f3aae95"},"headline":"Renner: Novas 1200 vagas de emprego pelo pa\u00eds","datePublished":"2024-11-02T02:39:29+00:00","dateModified":"2024-11-04T17:38:05+00:00","mainEntityOfPage":{"@id":"https:\/\/www.vagadeempregorj.com.br\/renner-novas-1200-vagas-de-emprego-pelo-pais\/"},"wordCount":713,"image":{"@id":"https:\/\/www.vagadeempregorj.com.br\/renner-novas-1200-vagas-de-emprego-pelo-pais\/#primaryimage"},"thumbnailUrl":"https:\/\/www.vagadeempregorj.com.br\/wp-content\/uploads\/2024\/11\/image.png","keywords":["empregos","oportunidades"],"articleSection":["Vagas de Emprego Nacionais"],"inLanguage":"es"},{"@type":"WebPage","@id":"https:\/\/www.vagadeempregorj.com.br\/renner-novas-1200-vagas-de-emprego-pelo-pais\/","url":"https:\/\/www.vagadeempregorj.com.br\/renner-novas-1200-vagas-de-emprego-pelo-pais\/","name":"Renner: Novas 1200 vagas de emprego pelo pa\u00eds -","isPartOf":{"@id":"https:\/\/www.vagadeempregorj.com.br\/#website"},"primaryImageOfPage":{"@id":"https:\/\/www.vagadeempregorj.com.br\/renner-novas-1200-vagas-de-emprego-pelo-pais\/#primaryimage"},"image":{"@id":"https:\/\/www.vagadeempregorj.com.br\/renner-novas-1200-vagas-de-emprego-pelo-pais\/#primaryimage"},"thumbnailUrl":"https:\/\/www.vagadeempregorj.com.br\/wp-content\/uploads\/2024\/11\/image.png","datePublished":"2024-11-02T02:39:29+00:00","dateModified":"2024-11-04T17:38:05+00:00","author":{"@id":"https:\/\/www.vagadeempregorj.com.br\/#\/schema\/person\/3ddb19fa0539706786e502152f3aae95"},"description":"Veja em Vagas de Emprego RJ as vagas de emprego com e sem experi\u00eancia no seu Estado e Regi\u00e3o!","breadcrumb":{"@id":"https:\/\/www.vagadeempregorj.com.br\/renner-novas-1200-vagas-de-emprego-pelo-pais\/#breadcrumb"},"inLanguage":"es","potentialAction":[{"@type":"ReadAction","target":["https:\/\/www.vagadeempregorj.com.br\/renner-novas-1200-vagas-de-emprego-pelo-pais\/"]}]},{"@type":"ImageObject","inLanguage":"es","@id":"https:\/\/www.vagadeempregorj.com.br\/renner-novas-1200-vagas-de-emprego-pelo-pais\/#primaryimage","url":"https:\/\/www.vagadeempregorj.com.br\/wp-content\/uploads\/2024\/11\/image.png","contentUrl":"https:\/\/www.vagadeempregorj.com.br\/wp-content\/uploads\/2024\/11\/image.png","width":1792,"height":1024,"caption":"Lojas Renner"},{"@type":"BreadcrumbList","@id":"https:\/\/www.vagadeempregorj.com.br\/renner-novas-1200-vagas-de-emprego-pelo-pais\/#breadcrumb","itemListElement":[{"@type":"ListItem","position":1,"name":"In\u00edcio","item":"https:\/\/www.vagadeempregorj.com.br\/"},{"@type":"ListItem","position":2,"name":"Vagas de Emprego Nacionais","item":"https:\/\/www.vagadeempregorj.com.br\/vagas-de-emprego-nacionais\/"},{"@type":"ListItem","position":3,"name":"Renner: Novas 1200 vagas de emprego pelo pa\u00eds"}]},{"@type":"WebSite","@id":"https:\/\/www.vagadeempregorj.com.br\/#website","url":"https:\/\/www.vagadeempregorj.com.br\/","name":"","description":"Conquiste Sonhos: Vagas, Benef\u00edcios e Economia para Transformar Vidas e Alcan\u00e7ar Melhorias Cotidianas","potentialAction":[{"@type":"SearchAction","target":{"@type":"EntryPoint","urlTemplate":"https:\/\/www.vagadeempregorj.com.br\/?s={search_term_string}"},"query-input":{"@type":"PropertyValueSpecification","valueRequired":true,"valueName":"search_term_string"}}],"inLanguage":"es"},{"@type":"Person","@id":"https:\/\/www.vagadeempregorj.com.br\/#\/schema\/person\/3ddb19fa0539706786e502152f3aae95","name":"Michele","image":{"@type":"ImageObject","inLanguage":"es","@id":"https:\/\/secure.gravatar.com\/avatar\/6b0eb9d22841282815e2cd856a0061c45e1761cd54b22e952d98c4746939aa85?s=96&r=g","url":"https:\/\/secure.gravatar.com\/avatar\/6b0eb9d22841282815e2cd856a0061c45e1761cd54b22e952d98c4746939aa85?s=96&r=g","contentUrl":"https:\/\/secure.gravatar.com\/avatar\/6b0eb9d22841282815e2cd856a0061c45e1761cd54b22e952d98c4746939aa85?s=96&r=g","caption":"Michele"},"description":"Formada em Letras - Portugu\u00eas\/ Ingl\u00eas, e idealizadora do site Escritora de Sucesso, busca expandir o conhecimento de todos com informa\u00e7\u00f5es relevantes sobre diversos assuntos, enquanto redatora. No Vaga de Emprego RJ, traz oportunidades e dicas sobre o mercado de trabalho.","url":"https:\/\/www.vagadeempregorj.com.br\/es\/author\/michele\/"}]}},"_links":{"self":[{"href":"https:\/\/www.vagadeempregorj.com.br\/es\/wp-json\/wp\/v2\/posts\/41125","targetHints":{"allow":["GET"]}}],"collection":[{"href":"https:\/\/www.vagadeempregorj.com.br\/es\/wp-json\/wp\/v2\/posts"}],"about":[{"href":"https:\/\/www.vagadeempregorj.com.br\/es\/wp-json\/wp\/v2\/types\/post"}],"author":[{"embeddable":true,"href":"https:\/\/www.vagadeempregorj.com.br\/es\/wp-json\/wp\/v2\/users\/16"}],"replies":[{"embeddable":true,"href":"https:\/\/www.vagadeempregorj.com.br\/es\/wp-json\/wp\/v2\/comments?post=41125"}],"version-history":[{"count":0,"href":"https:\/\/www.vagadeempregorj.com.br\/es\/wp-json\/wp\/v2\/posts\/41125\/revisions"}],"wp:featuredmedia":[{"embeddable":true,"href":"https:\/\/www.vagadeempregorj.com.br\/es\/wp-json\/wp\/v2\/media\/41126"}],"wp:attachment":[{"href":"https:\/\/www.vagadeempregorj.com.br\/es\/wp-json\/wp\/v2\/media?parent=41125"}],"wp:term":[{"taxonomy":"category","embeddable":true,"href":"https:\/\/www.vagadeempregorj.com.br\/es\/wp-json\/wp\/v2\/categories?post=41125"},{"taxonomy":"post_tag","embeddable":true,"href":"https:\/\/www.vagadeempregorj.com.br\/es\/wp-json\/wp\/v2\/tags?post=41125"}],"curies":[{"name":"wp","href":"https:\/\/api.w.org\/{rel}","templated":true}]}}