{"id":41182,"date":"2024-11-05T06:00:00","date_gmt":"2024-11-05T09:00:00","guid":{"rendered":"https:\/\/www.vagadeempregorj.com.br\/?p=41182"},"modified":"2024-11-04T20:22:56","modified_gmt":"2024-11-04T23:22:56","slug":"aramis-61-novas-vagas-de-emprego-pelo-pais","status":"publish","type":"post","link":"https:\/\/www.vagadeempregorj.com.br\/es\/aramis-61-novas-vagas-de-emprego-pelo-pais\/","title":{"rendered":"Aramis: 61 novas vagas de emprego pelo pa\u00eds"},"content":{"rendered":"<p>A <strong>Aramis <\/strong>tem uma presen\u00e7a forte no Brasil, seja em lojas f\u00edsicas ou no ambiente digital. N\u00e3o \u00e9 \u00e0 toa que a empresa se destaca: al\u00e9m de oferecer roupas de qualidade, ela investe no crescimento de quem trabalha l\u00e1 dentro. Se voc\u00ea procura um lugar que valoriza o aprendizado, a criatividade e o desenvolvimento profissional, pode ser que voc\u00ea tenha acabado de encontrar. Vamos conferir mais sobre as vagas e como se candidatar?<\/p>\n\n\n\n<figure class=\"wp-block-image size-large\"><img loading=\"lazy\" decoding=\"async\" width=\"1024\" height=\"768\" src=\"https:\/\/www.vagadeempregorj.com.br\/wp-content\/uploads\/2024\/11\/image-5-1024x768.png\" alt=\"\" class=\"wp-image-41183\" srcset=\"https:\/\/www.vagadeempregorj.com.br\/wp-content\/uploads\/2024\/11\/image-5-1024x768.png 1024w, https:\/\/www.vagadeempregorj.com.br\/wp-content\/uploads\/2024\/11\/image-5-300x225.png 300w, https:\/\/www.vagadeempregorj.com.br\/wp-content\/uploads\/2024\/11\/image-5-768x576.png 768w, https:\/\/www.vagadeempregorj.com.br\/wp-content\/uploads\/2024\/11\/image-5-150x113.png 150w, https:\/\/www.vagadeempregorj.com.br\/wp-content\/uploads\/2024\/11\/image-5.png 1200w\" sizes=\"auto, (max-width: 1024px) 100vw, 1024px\" \/><\/figure>\n\n\n\n<h2 class=\"wp-block-heading\">Quais s\u00e3o as vagas de emprego abertas pela Aramis?<\/h2>\n\n\n\n<p>A Aramis est\u00e1 com 61 vagas abertas em v\u00e1rias \u00e1reas. Seja para trabalhar diretamente com clientes nas lojas, ou nos bastidores, ajudando a empresa a funcionar melhor, h\u00e1 vagas para diferentes perfis. D\u00e1 uma olhada nas op\u00e7\u00f5es:<\/p>\n\n\n\n<h3 class=\"wp-block-heading\">Consultor de Vendas<\/h3>\n\n\n\n<p>Voc\u00ea \u00e9 daquelas pessoas que gostam de interagir, de ajudar, e ainda entende de moda? Ent\u00e3o essa vaga pode ser perfeita para voc\u00ea! Como consultor de vendas, voc\u00ea vai ajudar os clientes a encontrar exatamente o que eles est\u00e3o buscando, dar dicas de estilo e criar uma experi\u00eancia especial na loja.<\/p>\n\n\n\n<ul class=\"wp-block-list\">\n<li><strong>O que voc\u00ea vai fazer<\/strong>: Atender clientes, mostrar produtos e fechar vendas, al\u00e9m de manter tudo organizado.<\/li>\n\n\n\n<li><strong>O que voc\u00ea precisa<\/strong>: Gostar de moda, ser comunicativo e ter experi\u00eancia com vendas.<\/li>\n<\/ul>\n\n\n\n<h3 class=\"wp-block-heading\">Assistente de Visual Merchandising<\/h3>\n\n\n\n<p>Voc\u00ea \u00e9 criativo, gosta de arrumar o visual dos espa\u00e7os e tem um olho bom para criar um ambiente bonito? Como assistente de visual merchandising, voc\u00ea vai cuidar de como a loja se apresenta: organizar vitrines, pensar em formas atrativas de mostrar os produtos e fazer com que tudo esteja lindo para atrair mais clientes.<\/p>\n\n\n\n<ul class=\"wp-block-list\">\n<li><strong>O que voc\u00ea vai fazer<\/strong>: Montar vitrines, organizar a loja e pensar em detalhes para deixar tudo bonito.<\/li>\n\n\n\n<li><strong>O que voc\u00ea precisa<\/strong>: Ter experi\u00eancia com visual merchandising e gostar de moda.<\/li>\n<\/ul>\n\n\n\n<h3 class=\"wp-block-heading\">Gerente de Loja<\/h3>\n\n\n\n<p>Gosta de liderar, de ajudar a equipe a crescer e garantir que tudo est\u00e1 nos conformes? A vaga de gerente de loja pode ser para voc\u00ea. Como gerente, voc\u00ea vai liderar a equipe, acompanhar metas e garantir que a loja seja um lugar bom tanto para os clientes quanto para os colaboradores.<\/p>\n\n\n\n<ul class=\"wp-block-list\">\n<li><strong>O que voc\u00ea vai fazer<\/strong>: Gerenciar o time, bater metas e garantir um clima bacana na loja.<\/li>\n\n\n\n<li><strong>O que voc\u00ea precisa<\/strong>: Experi\u00eancia em gest\u00e3o e habilidades de lideran\u00e7a.<\/li>\n<\/ul>\n\n\n\n<h3 class=\"wp-block-heading\">Analista de Marketing<\/h3>\n\n\n\n<p>Se voc\u00ea tem aquele olhar estrat\u00e9gico e ama criar hist\u00f3rias, essa vaga \u00e9 para voc\u00ea. Como analista de marketing, voc\u00ea vai ajudar a montar campanhas, criar conte\u00fado para as redes sociais e participar das a\u00e7\u00f5es da marca.<\/p>\n\n\n\n<ul class=\"wp-block-list\">\n<li><strong>O que voc\u00ea vai fazer<\/strong>: Desenvolver campanhas, cuidar das redes sociais e apoiar a comunica\u00e7\u00e3o.<\/li>\n\n\n\n<li><strong>O que voc\u00ea precisa<\/strong>: Forma\u00e7\u00e3o em Marketing ou Comunica\u00e7\u00e3o e alguma experi\u00eancia com redes sociais.<\/li>\n<\/ul>\n\n\n\n<h3 class=\"wp-block-heading\">Auxiliar de Estoque<\/h3>\n\n\n\n<p>Voc\u00ea gosta de ter tudo em ordem e garantir que nada falte? O cargo de auxiliar de estoque pode ser uma \u00f3tima escolha. Voc\u00ea vai cuidar do recebimento de produtos, organizar o estoque e ajudar para que a loja nunca fique desabastecida.<\/p>\n\n\n\n<ul class=\"wp-block-list\">\n<li><strong>O que voc\u00ea vai fazer<\/strong>: Receber produtos, organizar o estoque e repor mercadorias na loja.<\/li>\n\n\n\n<li><strong>O que voc\u00ea precisa<\/strong>: Ensino m\u00e9dio completo e vontade de trabalhar em equipe.<\/li>\n<\/ul>\n\n\n\n<h3 class=\"wp-block-heading\">Assistente Administrativo<\/h3>\n\n\n\n<p>Curte dar aquela ajuda nos bastidores, garantindo que tudo funcione bem? O assistente administrativo \u00e9 quem apoia a rotina de trabalho, cuidando de documentos e dando suporte \u00e0 equipe em diversas tarefas do dia a dia.<\/p>\n\n\n\n<ul class=\"wp-block-list\">\n<li><strong>O que voc\u00ea vai fazer<\/strong>: Organizar documentos, apoiar a administra\u00e7\u00e3o e atender os colaboradores.<\/li>\n\n\n\n<li><strong>O que voc\u00ea precisa<\/strong>: Habilidade com ferramentas de escrit\u00f3rio e organiza\u00e7\u00e3o.<\/li>\n<\/ul>\n\n\n\n<h3 class=\"wp-block-heading\">Coordenador de E-commerce<\/h3>\n\n\n\n<p>Gosta de vendas online e curte acompanhar os n\u00fameros para ver os resultados? Como coordenador de e-commerce, voc\u00ea vai ser respons\u00e1vel por cuidar da loja online, garantir que os clientes tenham uma boa experi\u00eancia e ajudar nas campanhas para impulsionar as vendas.<\/p>\n\n\n\n<ul class=\"wp-block-list\">\n<li><strong>O que voc\u00ea vai fazer<\/strong>: Cuidar do e-commerce, organizar as campanhas e garantir uma boa experi\u00eancia de compra.<\/li>\n\n\n\n<li><strong>O que voc\u00ea precisa<\/strong>: Experi\u00eancia em e-commerce e habilidades de gest\u00e3o.<\/li>\n<\/ul>\n\n\n\n<p>Ah, e ainda tem vagas de est\u00e1gio para quem est\u00e1 come\u00e7ando agora! S\u00e3o boas oportunidades para aprender sobre moda, marketing e muito mais, num ambiente que valoriza o aprendizado.<\/p>\n\n\n\n<h2 class=\"wp-block-heading\">Como se candidatar?<\/h2>\n\n\n\n<p>Ficou interessado? Quer se candidatar a uma dessas vagas? O processo \u00e9 bem simples e pode ser feito totalmente online pela plataforma Gupy. Vou te explicar como funciona:<\/p>\n\n\n\n<ul class=\"wp-block-list\">\n<li><strong>Passo 1<\/strong>: Copie e cole o endere\u00e7o <strong>https:\/\/aramis.gupy.io<\/strong> no seu navegador.<\/li>\n\n\n\n<li><strong>Passo 2<\/strong>: Navegue at\u00e9 encontrar a vaga que mais combina com voc\u00ea.<\/li>\n\n\n\n<li><strong>Passo 3<\/strong>: Clique na vaga para ver os detalhes e requisitos.<\/li>\n\n\n\n<li><strong>Passo 4<\/strong>: Gostou da vaga? Ent\u00e3o clique em &#8220;Candidatar-se para a vaga&#8221;.<\/li>\n\n\n\n<li><strong>Passo 5<\/strong>: Preencha o formul\u00e1rio com suas informa\u00e7\u00f5es, inclua suas experi\u00eancias e anexe seu curr\u00edculo.<\/li>\n\n\n\n<li><strong>Passo 6<\/strong>: Pronto! Agora \u00e9 s\u00f3 esperar o contato do RH da Aramis.<\/li>\n<\/ul>\n\n\n\n<p>Uma dica: antes de se candidatar, d\u00ea uma revisada no seu curr\u00edculo, ok? Destacar suas melhores experi\u00eancias e habilidades faz toda a diferen\u00e7a. Al\u00e9m disso, uma boa carta de apresenta\u00e7\u00e3o pode ser o detalhe que vai te destacar dos outros candidatos.<\/p>\n\n\n\n<h2 class=\"wp-block-heading\">Benef\u00edcios de trabalhar na Aramis<\/h2>\n\n\n\n<p>Trabalhar na Aramis n\u00e3o \u00e9 apenas ter um emprego, mas fazer parte de um time que valoriza as pessoas e o ambiente de trabalho. A empresa oferece v\u00e1rios benef\u00edcios, como:<\/p>\n\n\n\n<ul class=\"wp-block-list\">\n<li><strong>Plano de sa\u00fade e odontol\u00f3gico<\/strong>: Para voc\u00ea e sua fam\u00edlia, garantindo cuidados quando for preciso.<\/li>\n\n\n\n<li><strong>Vale refei\u00e7\u00e3o ou alimenta\u00e7\u00e3o<\/strong>: Ajudando nas despesas di\u00e1rias.<\/li>\n\n\n\n<li><strong>Descontos em produtos da marca<\/strong>: Assim voc\u00ea pode estar sempre estiloso e aproveitar o melhor da Aramis.<\/li>\n\n\n\n<li><strong>Programa de participa\u00e7\u00e3o nos lucros<\/strong>: Quando a empresa cresce, voc\u00ea tamb\u00e9m ganha.<\/li>\n\n\n\n<li><strong>Ambiente que valoriza o crescimento<\/strong>: Treinamentos, oportunidades de desenvolvimento e um lugar onde voc\u00ea pode ser quem \u00e9.<\/li>\n<\/ul>\n\n\n\n<p>A Aramis se preocupa em criar um ambiente em que cada pessoa se sinta acolhida e motivada a crescer. Se voc\u00ea gosta de moda e est\u00e1 buscando um lugar para se desenvolver, essa pode ser a oportunidade perfeita.<\/p>\n\n\n\n<p><strong>Veja tamb\u00e9m: <a href=\"https:\/\/www.vagadeempregorj.com.br\/es\/grupo-muffato-novas-900-vagas-de-empregos-pelo-pais\/\">Grupo Muffato: Novas 900 vagas de empregos pelo pa\u00eds<\/a><\/strong><\/p>\n\n\n\n<p>5 de novembro de 2024<\/p>","protected":false},"excerpt":{"rendered":"<p>A Aramis tem uma presen\u00e7a forte no Brasil, seja em lojas f\u00edsicas ou no ambiente digital. N\u00e3o \u00e9 \u00e0 toa que a empresa se destaca: al\u00e9m de oferecer roupas de qualidade, ela investe no crescimento de quem trabalha l\u00e1 dentro. Se voc\u00ea procura um lugar que valoriza o aprendizado, a criatividade e o desenvolvimento profissional,&hellip;&nbsp;<\/p>","protected":false},"author":16,"featured_media":41183,"comment_status":"closed","ping_status":"closed","sticky":false,"template":"","format":"standard","meta":{"neve_meta_sidebar":"","neve_meta_container":"","neve_meta_enable_content_width":"","neve_meta_content_width":0,"neve_meta_title_alignment":"","neve_meta_author_avatar":"","neve_post_elements_order":"","neve_meta_disable_header":"","neve_meta_disable_footer":"","neve_meta_disable_title":"","footnotes":""},"categories":[123],"tags":[830,608],"class_list":["post-41182","post","type-post","status-publish","format-standard","has-post-thumbnail","hentry","category-vagas-de-emprego-nacionais","tag-empregos","tag-oportunidades"],"yoast_head":"<!-- This site is optimized with the Yoast SEO plugin v27.5 - https:\/\/yoast.com\/product\/yoast-seo-wordpress\/ -->\n<title>Aramis: 61 novas vagas de emprego pelo pa\u00eds -<\/title>\n<meta name=\"description\" content=\"Veja em Vagas de Emprego RJ as vagas de emprego com e sem experi\u00eancia no seu Estado e Regi\u00e3o!\" \/>\n<meta name=\"robots\" content=\"index, follow, max-snippet:-1, max-image-preview:large, max-video-preview:-1\" \/>\n<link rel=\"canonical\" href=\"https:\/\/www.vagadeempregorj.com.br\/es\/aramis-61-novas-vagas-de-emprego-pelo-pais\/\" \/>\n<meta property=\"og:locale\" content=\"es_MX\" \/>\n<meta property=\"og:type\" content=\"article\" \/>\n<meta property=\"og:title\" content=\"Aramis: 61 novas vagas de emprego pelo pa\u00eds -\" \/>\n<meta property=\"og:description\" content=\"Veja em Vagas de Emprego RJ as vagas de emprego com e sem experi\u00eancia no seu Estado e Regi\u00e3o!\" \/>\n<meta property=\"og:url\" content=\"https:\/\/www.vagadeempregorj.com.br\/es\/aramis-61-novas-vagas-de-emprego-pelo-pais\/\" \/>\n<meta property=\"article:publisher\" content=\"https:\/\/www.facebook.com\/empregobrasiloficial\" \/>\n<meta property=\"article:published_time\" content=\"2024-11-05T09:00:00+00:00\" \/>\n<meta property=\"og:image\" content=\"https:\/\/www.vagadeempregorj.com.br\/wp-content\/uploads\/2024\/11\/image-5.png\" \/>\n\t<meta property=\"og:image:width\" content=\"1200\" \/>\n\t<meta property=\"og:image:height\" content=\"900\" \/>\n\t<meta property=\"og:image:type\" content=\"image\/png\" \/>\n<meta name=\"author\" content=\"Michele\" \/>\n<meta name=\"twitter:card\" content=\"summary_large_image\" \/>\n<meta name=\"twitter:label1\" content=\"Written by\" \/>\n\t<meta name=\"twitter:data1\" content=\"Michele\" \/>\n\t<meta name=\"twitter:label2\" content=\"Est. reading time\" \/>\n\t<meta name=\"twitter:data2\" content=\"5 minutos\" \/>\n<script type=\"application\/ld+json\" class=\"yoast-schema-graph\">{\"@context\":\"https:\\\/\\\/schema.org\",\"@graph\":[{\"@type\":\"Article\",\"@id\":\"https:\\\/\\\/www.vagadeempregorj.com.br\\\/aramis-61-novas-vagas-de-emprego-pelo-pais\\\/#article\",\"isPartOf\":{\"@id\":\"https:\\\/\\\/www.vagadeempregorj.com.br\\\/aramis-61-novas-vagas-de-emprego-pelo-pais\\\/\"},\"author\":{\"name\":\"Michele\",\"@id\":\"https:\\\/\\\/www.vagadeempregorj.com.br\\\/#\\\/schema\\\/person\\\/3ddb19fa0539706786e502152f3aae95\"},\"headline\":\"Aramis: 61 novas vagas de emprego pelo pa\u00eds\",\"datePublished\":\"2024-11-05T09:00:00+00:00\",\"mainEntityOfPage\":{\"@id\":\"https:\\\/\\\/www.vagadeempregorj.com.br\\\/aramis-61-novas-vagas-de-emprego-pelo-pais\\\/\"},\"wordCount\":1044,\"image\":{\"@id\":\"https:\\\/\\\/www.vagadeempregorj.com.br\\\/aramis-61-novas-vagas-de-emprego-pelo-pais\\\/#primaryimage\"},\"thumbnailUrl\":\"https:\\\/\\\/www.vagadeempregorj.com.br\\\/wp-content\\\/uploads\\\/2024\\\/11\\\/image-5.png\",\"keywords\":[\"empregos\",\"oportunidades\"],\"articleSection\":[\"Vagas de Emprego Nacionais\"],\"inLanguage\":\"es\"},{\"@type\":\"WebPage\",\"@id\":\"https:\\\/\\\/www.vagadeempregorj.com.br\\\/aramis-61-novas-vagas-de-emprego-pelo-pais\\\/\",\"url\":\"https:\\\/\\\/www.vagadeempregorj.com.br\\\/aramis-61-novas-vagas-de-emprego-pelo-pais\\\/\",\"name\":\"Aramis: 61 novas vagas de emprego pelo pa\u00eds -\",\"isPartOf\":{\"@id\":\"https:\\\/\\\/www.vagadeempregorj.com.br\\\/#website\"},\"primaryImageOfPage\":{\"@id\":\"https:\\\/\\\/www.vagadeempregorj.com.br\\\/aramis-61-novas-vagas-de-emprego-pelo-pais\\\/#primaryimage\"},\"image\":{\"@id\":\"https:\\\/\\\/www.vagadeempregorj.com.br\\\/aramis-61-novas-vagas-de-emprego-pelo-pais\\\/#primaryimage\"},\"thumbnailUrl\":\"https:\\\/\\\/www.vagadeempregorj.com.br\\\/wp-content\\\/uploads\\\/2024\\\/11\\\/image-5.png\",\"datePublished\":\"2024-11-05T09:00:00+00:00\",\"author\":{\"@id\":\"https:\\\/\\\/www.vagadeempregorj.com.br\\\/#\\\/schema\\\/person\\\/3ddb19fa0539706786e502152f3aae95\"},\"description\":\"Veja em Vagas de Emprego RJ as vagas de emprego com e sem experi\u00eancia no seu Estado e Regi\u00e3o!\",\"breadcrumb\":{\"@id\":\"https:\\\/\\\/www.vagadeempregorj.com.br\\\/aramis-61-novas-vagas-de-emprego-pelo-pais\\\/#breadcrumb\"},\"inLanguage\":\"es\",\"potentialAction\":[{\"@type\":\"ReadAction\",\"target\":[\"https:\\\/\\\/www.vagadeempregorj.com.br\\\/aramis-61-novas-vagas-de-emprego-pelo-pais\\\/\"]}]},{\"@type\":\"ImageObject\",\"inLanguage\":\"es\",\"@id\":\"https:\\\/\\\/www.vagadeempregorj.com.br\\\/aramis-61-novas-vagas-de-emprego-pelo-pais\\\/#primaryimage\",\"url\":\"https:\\\/\\\/www.vagadeempregorj.com.br\\\/wp-content\\\/uploads\\\/2024\\\/11\\\/image-5.png\",\"contentUrl\":\"https:\\\/\\\/www.vagadeempregorj.com.br\\\/wp-content\\\/uploads\\\/2024\\\/11\\\/image-5.png\",\"width\":1200,\"height\":900,\"caption\":\"Aramis\"},{\"@type\":\"BreadcrumbList\",\"@id\":\"https:\\\/\\\/www.vagadeempregorj.com.br\\\/aramis-61-novas-vagas-de-emprego-pelo-pais\\\/#breadcrumb\",\"itemListElement\":[{\"@type\":\"ListItem\",\"position\":1,\"name\":\"In\u00edcio\",\"item\":\"https:\\\/\\\/www.vagadeempregorj.com.br\\\/\"},{\"@type\":\"ListItem\",\"position\":2,\"name\":\"Vagas de Emprego Nacionais\",\"item\":\"https:\\\/\\\/www.vagadeempregorj.com.br\\\/vagas-de-emprego-nacionais\\\/\"},{\"@type\":\"ListItem\",\"position\":3,\"name\":\"Aramis: 61 novas vagas de emprego pelo pa\u00eds\"}]},{\"@type\":\"WebSite\",\"@id\":\"https:\\\/\\\/www.vagadeempregorj.com.br\\\/#website\",\"url\":\"https:\\\/\\\/www.vagadeempregorj.com.br\\\/\",\"name\":\"\",\"description\":\"Conquiste Sonhos: Vagas, Benef\u00edcios e Economia para Transformar Vidas e Alcan\u00e7ar Melhorias Cotidianas\",\"potentialAction\":[{\"@type\":\"SearchAction\",\"target\":{\"@type\":\"EntryPoint\",\"urlTemplate\":\"https:\\\/\\\/www.vagadeempregorj.com.br\\\/?s={search_term_string}\"},\"query-input\":{\"@type\":\"PropertyValueSpecification\",\"valueRequired\":true,\"valueName\":\"search_term_string\"}}],\"inLanguage\":\"es\"},{\"@type\":\"Person\",\"@id\":\"https:\\\/\\\/www.vagadeempregorj.com.br\\\/#\\\/schema\\\/person\\\/3ddb19fa0539706786e502152f3aae95\",\"name\":\"Michele\",\"image\":{\"@type\":\"ImageObject\",\"inLanguage\":\"es\",\"@id\":\"https:\\\/\\\/secure.gravatar.com\\\/avatar\\\/6b0eb9d22841282815e2cd856a0061c45e1761cd54b22e952d98c4746939aa85?s=96&r=g\",\"url\":\"https:\\\/\\\/secure.gravatar.com\\\/avatar\\\/6b0eb9d22841282815e2cd856a0061c45e1761cd54b22e952d98c4746939aa85?s=96&r=g\",\"contentUrl\":\"https:\\\/\\\/secure.gravatar.com\\\/avatar\\\/6b0eb9d22841282815e2cd856a0061c45e1761cd54b22e952d98c4746939aa85?s=96&r=g\",\"caption\":\"Michele\"},\"description\":\"Formada em Letras - Portugu\u00eas\\\/ Ingl\u00eas, e idealizadora do site Escritora de Sucesso, busca expandir o conhecimento de todos com informa\u00e7\u00f5es relevantes sobre diversos assuntos, enquanto redatora. No Vaga de Emprego RJ, traz oportunidades e dicas sobre o mercado de trabalho.\",\"url\":\"https:\\\/\\\/www.vagadeempregorj.com.br\\\/es\\\/author\\\/michele\\\/\"}]}<\/script>\n<!-- \/ Yoast SEO plugin. -->","yoast_head_json":{"title":"Aramis: 61 novas vagas de emprego pelo pa\u00eds -","description":"Veja em Vagas de Emprego RJ as vagas de emprego com e sem experi\u00eancia no seu Estado e Regi\u00e3o!","robots":{"index":"index","follow":"follow","max-snippet":"max-snippet:-1","max-image-preview":"max-image-preview:large","max-video-preview":"max-video-preview:-1"},"canonical":"https:\/\/www.vagadeempregorj.com.br\/es\/aramis-61-novas-vagas-de-emprego-pelo-pais\/","og_locale":"es_MX","og_type":"article","og_title":"Aramis: 61 novas vagas de emprego pelo pa\u00eds -","og_description":"Veja em Vagas de Emprego RJ as vagas de emprego com e sem experi\u00eancia no seu Estado e Regi\u00e3o!","og_url":"https:\/\/www.vagadeempregorj.com.br\/es\/aramis-61-novas-vagas-de-emprego-pelo-pais\/","article_publisher":"https:\/\/www.facebook.com\/empregobrasiloficial","article_published_time":"2024-11-05T09:00:00+00:00","og_image":[{"width":1200,"height":900,"url":"https:\/\/www.vagadeempregorj.com.br\/wp-content\/uploads\/2024\/11\/image-5.png","type":"image\/png"}],"author":"Michele","twitter_card":"summary_large_image","twitter_misc":{"Written by":"Michele","Est. reading time":"5 minutos"},"schema":{"@context":"https:\/\/schema.org","@graph":[{"@type":"Article","@id":"https:\/\/www.vagadeempregorj.com.br\/aramis-61-novas-vagas-de-emprego-pelo-pais\/#article","isPartOf":{"@id":"https:\/\/www.vagadeempregorj.com.br\/aramis-61-novas-vagas-de-emprego-pelo-pais\/"},"author":{"name":"Michele","@id":"https:\/\/www.vagadeempregorj.com.br\/#\/schema\/person\/3ddb19fa0539706786e502152f3aae95"},"headline":"Aramis: 61 novas vagas de emprego pelo pa\u00eds","datePublished":"2024-11-05T09:00:00+00:00","mainEntityOfPage":{"@id":"https:\/\/www.vagadeempregorj.com.br\/aramis-61-novas-vagas-de-emprego-pelo-pais\/"},"wordCount":1044,"image":{"@id":"https:\/\/www.vagadeempregorj.com.br\/aramis-61-novas-vagas-de-emprego-pelo-pais\/#primaryimage"},"thumbnailUrl":"https:\/\/www.vagadeempregorj.com.br\/wp-content\/uploads\/2024\/11\/image-5.png","keywords":["empregos","oportunidades"],"articleSection":["Vagas de Emprego Nacionais"],"inLanguage":"es"},{"@type":"WebPage","@id":"https:\/\/www.vagadeempregorj.com.br\/aramis-61-novas-vagas-de-emprego-pelo-pais\/","url":"https:\/\/www.vagadeempregorj.com.br\/aramis-61-novas-vagas-de-emprego-pelo-pais\/","name":"Aramis: 61 novas vagas de emprego pelo pa\u00eds -","isPartOf":{"@id":"https:\/\/www.vagadeempregorj.com.br\/#website"},"primaryImageOfPage":{"@id":"https:\/\/www.vagadeempregorj.com.br\/aramis-61-novas-vagas-de-emprego-pelo-pais\/#primaryimage"},"image":{"@id":"https:\/\/www.vagadeempregorj.com.br\/aramis-61-novas-vagas-de-emprego-pelo-pais\/#primaryimage"},"thumbnailUrl":"https:\/\/www.vagadeempregorj.com.br\/wp-content\/uploads\/2024\/11\/image-5.png","datePublished":"2024-11-05T09:00:00+00:00","author":{"@id":"https:\/\/www.vagadeempregorj.com.br\/#\/schema\/person\/3ddb19fa0539706786e502152f3aae95"},"description":"Veja em Vagas de Emprego RJ as vagas de emprego com e sem experi\u00eancia no seu Estado e Regi\u00e3o!","breadcrumb":{"@id":"https:\/\/www.vagadeempregorj.com.br\/aramis-61-novas-vagas-de-emprego-pelo-pais\/#breadcrumb"},"inLanguage":"es","potentialAction":[{"@type":"ReadAction","target":["https:\/\/www.vagadeempregorj.com.br\/aramis-61-novas-vagas-de-emprego-pelo-pais\/"]}]},{"@type":"ImageObject","inLanguage":"es","@id":"https:\/\/www.vagadeempregorj.com.br\/aramis-61-novas-vagas-de-emprego-pelo-pais\/#primaryimage","url":"https:\/\/www.vagadeempregorj.com.br\/wp-content\/uploads\/2024\/11\/image-5.png","contentUrl":"https:\/\/www.vagadeempregorj.com.br\/wp-content\/uploads\/2024\/11\/image-5.png","width":1200,"height":900,"caption":"Aramis"},{"@type":"BreadcrumbList","@id":"https:\/\/www.vagadeempregorj.com.br\/aramis-61-novas-vagas-de-emprego-pelo-pais\/#breadcrumb","itemListElement":[{"@type":"ListItem","position":1,"name":"In\u00edcio","item":"https:\/\/www.vagadeempregorj.com.br\/"},{"@type":"ListItem","position":2,"name":"Vagas de Emprego Nacionais","item":"https:\/\/www.vagadeempregorj.com.br\/vagas-de-emprego-nacionais\/"},{"@type":"ListItem","position":3,"name":"Aramis: 61 novas vagas de emprego pelo pa\u00eds"}]},{"@type":"WebSite","@id":"https:\/\/www.vagadeempregorj.com.br\/#website","url":"https:\/\/www.vagadeempregorj.com.br\/","name":"","description":"Conquiste Sonhos: Vagas, Benef\u00edcios e Economia para Transformar Vidas e Alcan\u00e7ar Melhorias Cotidianas","potentialAction":[{"@type":"SearchAction","target":{"@type":"EntryPoint","urlTemplate":"https:\/\/www.vagadeempregorj.com.br\/?s={search_term_string}"},"query-input":{"@type":"PropertyValueSpecification","valueRequired":true,"valueName":"search_term_string"}}],"inLanguage":"es"},{"@type":"Person","@id":"https:\/\/www.vagadeempregorj.com.br\/#\/schema\/person\/3ddb19fa0539706786e502152f3aae95","name":"Michele","image":{"@type":"ImageObject","inLanguage":"es","@id":"https:\/\/secure.gravatar.com\/avatar\/6b0eb9d22841282815e2cd856a0061c45e1761cd54b22e952d98c4746939aa85?s=96&r=g","url":"https:\/\/secure.gravatar.com\/avatar\/6b0eb9d22841282815e2cd856a0061c45e1761cd54b22e952d98c4746939aa85?s=96&r=g","contentUrl":"https:\/\/secure.gravatar.com\/avatar\/6b0eb9d22841282815e2cd856a0061c45e1761cd54b22e952d98c4746939aa85?s=96&r=g","caption":"Michele"},"description":"Formada em Letras - Portugu\u00eas\/ Ingl\u00eas, e idealizadora do site Escritora de Sucesso, busca expandir o conhecimento de todos com informa\u00e7\u00f5es relevantes sobre diversos assuntos, enquanto redatora. No Vaga de Emprego RJ, traz oportunidades e dicas sobre o mercado de trabalho.","url":"https:\/\/www.vagadeempregorj.com.br\/es\/author\/michele\/"}]}},"_links":{"self":[{"href":"https:\/\/www.vagadeempregorj.com.br\/es\/wp-json\/wp\/v2\/posts\/41182","targetHints":{"allow":["GET"]}}],"collection":[{"href":"https:\/\/www.vagadeempregorj.com.br\/es\/wp-json\/wp\/v2\/posts"}],"about":[{"href":"https:\/\/www.vagadeempregorj.com.br\/es\/wp-json\/wp\/v2\/types\/post"}],"author":[{"embeddable":true,"href":"https:\/\/www.vagadeempregorj.com.br\/es\/wp-json\/wp\/v2\/users\/16"}],"replies":[{"embeddable":true,"href":"https:\/\/www.vagadeempregorj.com.br\/es\/wp-json\/wp\/v2\/comments?post=41182"}],"version-history":[{"count":0,"href":"https:\/\/www.vagadeempregorj.com.br\/es\/wp-json\/wp\/v2\/posts\/41182\/revisions"}],"wp:featuredmedia":[{"embeddable":true,"href":"https:\/\/www.vagadeempregorj.com.br\/es\/wp-json\/wp\/v2\/media\/41183"}],"wp:attachment":[{"href":"https:\/\/www.vagadeempregorj.com.br\/es\/wp-json\/wp\/v2\/media?parent=41182"}],"wp:term":[{"taxonomy":"category","embeddable":true,"href":"https:\/\/www.vagadeempregorj.com.br\/es\/wp-json\/wp\/v2\/categories?post=41182"},{"taxonomy":"post_tag","embeddable":true,"href":"https:\/\/www.vagadeempregorj.com.br\/es\/wp-json\/wp\/v2\/tags?post=41182"}],"curies":[{"name":"wp","href":"https:\/\/api.w.org\/{rel}","templated":true}]}}