{"id":41284,"date":"2024-11-22T06:00:00","date_gmt":"2024-11-22T09:00:00","guid":{"rendered":"https:\/\/www.vagadeempregorj.com.br\/?p=41284"},"modified":"2024-11-21T23:25:13","modified_gmt":"2024-11-22T02:25:13","slug":"decimo-terceiro-do-bolsa-familia-o-beneficio-tem-esse-direito","status":"publish","type":"post","link":"https:\/\/www.vagadeempregorj.com.br\/es\/decimo-terceiro-do-bolsa-familia-o-beneficio-tem-esse-direito\/","title":{"rendered":"D\u00e9cimo Terceiro do Bolsa Fam\u00edlia: O benef\u00edcio tem esse direito?"},"content":{"rendered":"<p>Voc\u00ea j\u00e1 deve ter ouvido por a\u00ed que alguns benef\u00edcios sociais, como o Bolsa Fam\u00edlia, podem ter direito ao d\u00e9cimo terceiro, n\u00e3o \u00e9? Mas, afinal, \u00e9 verdade? Existe esse pagamento extra no final do ano para os benefici\u00e1rios do Bolsa Fam\u00edlia? Vamos descomplicar tudo isso para voc\u00ea agora mesmo. Coloque um caf\u00e9 na x\u00edcara e vem comigo entender se essa hist\u00f3ria do d\u00e9cimo terceiro \u00e9 real ou mito.<\/p>\n\n\n\n<figure class=\"wp-block-image size-full\"><img loading=\"lazy\" decoding=\"async\" width=\"900\" height=\"506\" src=\"https:\/\/www.vagadeempregorj.com.br\/wp-content\/uploads\/2024\/11\/image-16.png\" alt=\"\" class=\"wp-image-41297\" srcset=\"https:\/\/www.vagadeempregorj.com.br\/wp-content\/uploads\/2024\/11\/image-16.png 900w, https:\/\/www.vagadeempregorj.com.br\/wp-content\/uploads\/2024\/11\/image-16-300x169.png 300w, https:\/\/www.vagadeempregorj.com.br\/wp-content\/uploads\/2024\/11\/image-16-768x432.png 768w, https:\/\/www.vagadeempregorj.com.br\/wp-content\/uploads\/2024\/11\/image-16-383x215.png 383w, https:\/\/www.vagadeempregorj.com.br\/wp-content\/uploads\/2024\/11\/image-16-150x84.png 150w\" sizes=\"auto, (max-width: 900px) 100vw, 900px\" \/><\/figure>\n\n\n\n<h2 class=\"wp-block-heading\">O que \u00e9 o d\u00e9cimo terceiro e como ele funciona?<\/h2>\n\n\n\n<p>Primeiro de tudo, \u00e9 importante saber o que \u00e9 o famoso d\u00e9cimo terceiro. Esse pagamento \u00e9 um benef\u00edcio garantido pela Constitui\u00e7\u00e3o para trabalhadores com carteira assinada, funcion\u00e1rios p\u00fablicos e tamb\u00e9m aposentados e pensionistas do INSS. Ele funciona como uma esp\u00e9cie de sal\u00e1rio extra, pago geralmente no fim do ano, para ajudar nas despesas de Natal e Ano Novo. S\u00f3 que, quando falamos do Bolsa Fam\u00edlia, n\u00e3o estamos lidando com um sal\u00e1rio, mas com um programa de transfer\u00eancia de renda. E isso faz toda a diferen\u00e7a.<\/p>\n\n\n\n<p>Mas antes de irmos mais fundo, me diga: voc\u00ea j\u00e1 tinha pensado sobre o porqu\u00ea de o d\u00e9cimo terceiro ser oferecido para uns e n\u00e3o para outros? Parece uma distin\u00e7\u00e3o complicada, n\u00e9? Vamos esclarecer isso.<\/p>\n\n\n\n<h2 class=\"wp-block-heading\">D\u00e9cimo terceiro do Bolsa Fam\u00edlia: promessa ou realidade?<\/h2>\n\n\n\n<p>Nos \u00faltimos anos, algumas promessas e an\u00fancios pol\u00edticos deixaram as fam\u00edlias benefici\u00e1rias do Bolsa Fam\u00edlia esperan\u00e7osas com rela\u00e7\u00e3o ao d\u00e9cimo terceiro. Em 2019, por exemplo, houve um pagamento extra realizado no valor do benef\u00edcio como uma iniciativa pontual do governo daquela \u00e9poca. Isso deixou muitas pessoas pensando que o d\u00e9cimo terceiro havia se tornado uma regra. Mas, infelizmente, a realidade \u00e9 um pouco diferente.<\/p>\n\n\n\n<p>Na pr\u00e1tica, n\u00e3o existe um direito formalizado ao d\u00e9cimo terceiro para quem recebe o Bolsa Fam\u00edlia. Isso quer dizer que o pagamento extra n\u00e3o est\u00e1 previsto em lei e depende de decis\u00f5es pol\u00edticas, ou seja, pode ou n\u00e3o acontecer, dependendo da vontade do governo que estiver em vigor. \u00c9 como aquela promessa que ouvimos e ficamos na esperan\u00e7a, mas que pode ou n\u00e3o ser cumprida. E voc\u00ea? J\u00e1 se decepcionou com alguma promessa dessas?<\/p>\n\n\n\n<h2 class=\"wp-block-heading\">Ent\u00e3o, existe alguma chance de um pagamento extra?<\/h2>\n\n\n\n<p>Pode at\u00e9 ser que voc\u00ea esteja se perguntando: &#8220;Se n\u00e3o \u00e9 garantido por lei, quer dizer que n\u00e3o h\u00e1 nenhuma esperan\u00e7a de um d\u00e9cimo terceiro?&#8221;. Olha, a verdade \u00e9 que at\u00e9 pode acontecer, mas n\u00e3o \u00e9 algo certo. Sempre que um governo novo assume, existe a chance de novas promessas, e muitas vezes os governantes citam esse pagamento extra como uma forma de angariar apoio popular.<\/p>\n\n\n\n<p>Por\u00e9m, \u00e9 importante que voc\u00ea, como cidad\u00e3o, fique atento. Caso um pagamento extra venha a ser anunciado, fique de olho nos meios de comunica\u00e7\u00e3o oficiais do governo e n\u00e3o caia em fake news. Voc\u00ea sabia que muitas pessoas acabam sendo enganadas por informa\u00e7\u00f5es falsas nas redes sociais? Por isso, sempre confirme as not\u00edcias antes de fazer planos com esse dinheiro extra.<\/p>\n\n\n\n<h2 class=\"wp-block-heading\">Como est\u00e1 funcionando o Bolsa Fam\u00edlia atualmente?<\/h2>\n\n\n\n<p>Agora que voc\u00ea sabe que o d\u00e9cimo terceiro n\u00e3o \u00e9 algo garantido, vale a pena entender como est\u00e1 funcionando o Bolsa Fam\u00edlia atualmente. Desde a mudan\u00e7a do Aux\u00edlio Brasil de volta para o Bolsa Fam\u00edlia, o programa trouxe algumas altera\u00e7\u00f5es importantes para as fam\u00edlias benefici\u00e1rias. Al\u00e9m do valor b\u00e1sico do benef\u00edcio, h\u00e1 tamb\u00e9m adicionais, como o Benef\u00edcio Primeira Inf\u00e2ncia, que atende crian\u00e7as de at\u00e9 seis anos, e tamb\u00e9m o Benef\u00edcio Vari\u00e1vel, para gestantes e jovens.<\/p>\n\n\n\n<p>Al\u00e9m disso, o valor m\u00ednimo do Bolsa Fam\u00edlia foi atualizado para garantir uma renda b\u00e1sica mais justa para as fam\u00edlias. Mas voc\u00ea acha que esse valor \u00e9 suficiente para cobrir as necessidades de uma fam\u00edlia? Muitas vezes, as despesas acabam sendo muito maiores do que o que \u00e9 oferecido, n\u00e9? Por isso, o programa tenta se adaptar \u00e0s necessidades dos benefici\u00e1rios, mesmo que ainda existam desafios.<\/p>\n\n\n\n<h2 class=\"wp-block-heading\">Promessas pol\u00edticas e a esperan\u00e7a das fam\u00edlias<\/h2>\n\n\n\n<p>\u00c9 comum que, em anos de elei\u00e7\u00f5es ou em momentos de crises econ\u00f4micas, os governantes prometam mais recursos e at\u00e9 mesmo o d\u00e9cimo terceiro para o Bolsa Fam\u00edlia. Isso cria uma esperan\u00e7a enorme para quem depende desse valor todos os meses. Afinal, um pagamento extra faria muita diferen\u00e7a, n\u00e3o faria? Imagine poder pagar aquelas contas atrasadas ou at\u00e9 mesmo comprar presentes de Natal para os filhos. Isso traria um al\u00edvio e tanto!<\/p>\n\n\n\n<p>Mas, como j\u00e1 falamos, essa promessa nem sempre se concretiza. Por isso, \u00e9 essencial que as fam\u00edlias benefici\u00e1rias saibam planejar suas finan\u00e7as sem contar com o d\u00e9cimo terceiro. Parece dif\u00edcil, e realmente \u00e9. Manter o equil\u00edbrio financeiro em situa\u00e7\u00f5es de vulnerabilidade \u00e9 um verdadeiro desafio. Voc\u00ea costuma fazer algum planejamento financeiro para n\u00e3o ser pego(a) de surpresa?<\/p>\n\n\n\n<h2 class=\"wp-block-heading\">Como se preparar financeiramente<\/h2>\n\n\n\n<p>A ideia de um d\u00e9cimo terceiro para o Bolsa Fam\u00edlia pode at\u00e9 parecer tentadora, mas a realidade \u00e9 que contar apenas com o benef\u00edcio principal j\u00e1 \u00e9 um desafio. O ideal \u00e9 tentar organizar as finan\u00e7as para os meses futuros, mesmo sabendo que o valor \u00e9 limitado. Que tal fazer uma lista das suas principais despesas e ver onde pode economizar, mesmo que um pouquinho? Pequenos cortes no dia a dia podem fazer uma diferen\u00e7a no final do m\u00eas.<\/p>\n\n\n\n<p>Outra sugest\u00e3o \u00e9 ficar de olho em outros benef\u00edcios sociais que possam complementar sua renda. Voc\u00ea j\u00e1 conferiu se tem direito a outros programas? Existem iniciativas locais e estaduais que podem ser uma ajuda importante, especialmente em momentos de crise.<\/p>\n\n\n\n<h2 class=\"wp-block-heading\">O que esperar para o futuro?<\/h2>\n\n\n\n<p>Pensando no futuro, \u00e9 dif\u00edcil prever se o d\u00e9cimo terceiro para o Bolsa Fam\u00edlia vai se tornar uma realidade ou n\u00e3o. Tudo depende das pol\u00edticas p\u00fablicas adotadas pelos pr\u00f3ximos governantes e das condi\u00e7\u00f5es econ\u00f4micas do pa\u00eds. Por\u00e9m, \u00e9 sempre importante manter a esperan\u00e7a e, ao mesmo tempo, o p\u00e9 no ch\u00e3o. N\u00e3o \u00e9 f\u00e1cil viver com incertezas, mas se informar e planejar-se pode ajudar a enfrentar os desafios de forma mais tranquila.<\/p>\n\n\n\n<p><strong>Veja tamb\u00e9m: <a href=\"https:\/\/www.vagadeempregorj.com.br\/es\/aramis-61-novas-vagas-de-emprego-pelo-pais\/\">Aramis: 61 novas vagas de emprego pelo pa\u00eds<\/a><\/strong><\/p>\n\n\n\n<p>22 de novembro de 2024<\/p>","protected":false},"excerpt":{"rendered":"<p>Voc\u00ea j\u00e1 deve ter ouvido por a\u00ed que alguns benef\u00edcios sociais, como o Bolsa Fam\u00edlia, podem ter direito ao d\u00e9cimo terceiro, n\u00e3o \u00e9? Mas, afinal, \u00e9 verdade? Existe esse pagamento extra no final do ano para os benefici\u00e1rios do Bolsa Fam\u00edlia? Vamos descomplicar tudo isso para voc\u00ea agora mesmo. Coloque um caf\u00e9 na x\u00edcara e&hellip;&nbsp;<\/p>","protected":false},"author":16,"featured_media":41297,"comment_status":"closed","ping_status":"closed","sticky":false,"template":"","format":"standard","meta":{"neve_meta_sidebar":"","neve_meta_container":"","neve_meta_enable_content_width":"","neve_meta_content_width":0,"neve_meta_title_alignment":"","neve_meta_author_avatar":"","neve_post_elements_order":"","neve_meta_disable_header":"","neve_meta_disable_footer":"","neve_meta_disable_title":"","footnotes":""},"categories":[1],"tags":[],"class_list":["post-41284","post","type-post","status-publish","format-standard","has-post-thumbnail","hentry","category-beneficios-sociais"],"yoast_head":"<!-- This site is optimized with the Yoast SEO plugin v27.5 - https:\/\/yoast.com\/product\/yoast-seo-wordpress\/ -->\n<title>D\u00e9cimo Terceiro do Bolsa Fam\u00edlia: O benef\u00edcio tem esse direito? -<\/title>\n<meta name=\"description\" content=\"Veja em Vagas de Emprego RJ as vagas de emprego com e sem experi\u00eancia no seu Estado e Regi\u00e3o!\" \/>\n<meta name=\"robots\" content=\"index, follow, max-snippet:-1, max-image-preview:large, max-video-preview:-1\" \/>\n<link rel=\"canonical\" href=\"https:\/\/www.vagadeempregorj.com.br\/es\/decimo-terceiro-do-bolsa-familia-o-beneficio-tem-esse-direito\/\" \/>\n<meta property=\"og:locale\" content=\"es_MX\" \/>\n<meta property=\"og:type\" content=\"article\" \/>\n<meta property=\"og:title\" content=\"D\u00e9cimo Terceiro do Bolsa Fam\u00edlia: O benef\u00edcio tem esse direito? -\" \/>\n<meta property=\"og:description\" content=\"Veja em Vagas de Emprego RJ as vagas de emprego com e sem experi\u00eancia no seu Estado e Regi\u00e3o!\" \/>\n<meta property=\"og:url\" content=\"https:\/\/www.vagadeempregorj.com.br\/es\/decimo-terceiro-do-bolsa-familia-o-beneficio-tem-esse-direito\/\" \/>\n<meta property=\"article:publisher\" content=\"https:\/\/www.facebook.com\/empregobrasiloficial\" \/>\n<meta property=\"article:published_time\" content=\"2024-11-22T09:00:00+00:00\" \/>\n<meta property=\"og:image\" content=\"https:\/\/www.vagadeempregorj.com.br\/wp-content\/uploads\/2024\/11\/image-16.png\" \/>\n\t<meta property=\"og:image:width\" content=\"900\" \/>\n\t<meta property=\"og:image:height\" content=\"506\" \/>\n\t<meta property=\"og:image:type\" content=\"image\/png\" \/>\n<meta name=\"author\" content=\"Michele\" \/>\n<meta name=\"twitter:card\" content=\"summary_large_image\" \/>\n<meta name=\"twitter:label1\" content=\"Escrito por\" \/>\n\t<meta name=\"twitter:data1\" content=\"Michele\" \/>\n\t<meta name=\"twitter:label2\" content=\"Tiempo de lectura\" \/>\n\t<meta name=\"twitter:data2\" content=\"5 minutos\" \/>\n<script type=\"application\/ld+json\" class=\"yoast-schema-graph\">{\"@context\":\"https:\\\/\\\/schema.org\",\"@graph\":[{\"@type\":\"Article\",\"@id\":\"https:\\\/\\\/www.vagadeempregorj.com.br\\\/decimo-terceiro-do-bolsa-familia-o-beneficio-tem-esse-direito\\\/#article\",\"isPartOf\":{\"@id\":\"https:\\\/\\\/www.vagadeempregorj.com.br\\\/decimo-terceiro-do-bolsa-familia-o-beneficio-tem-esse-direito\\\/\"},\"author\":{\"name\":\"Michele\",\"@id\":\"https:\\\/\\\/www.vagadeempregorj.com.br\\\/#\\\/schema\\\/person\\\/3ddb19fa0539706786e502152f3aae95\"},\"headline\":\"D\u00e9cimo Terceiro do Bolsa Fam\u00edlia: O benef\u00edcio tem esse direito?\",\"datePublished\":\"2024-11-22T09:00:00+00:00\",\"mainEntityOfPage\":{\"@id\":\"https:\\\/\\\/www.vagadeempregorj.com.br\\\/decimo-terceiro-do-bolsa-familia-o-beneficio-tem-esse-direito\\\/\"},\"wordCount\":1092,\"image\":{\"@id\":\"https:\\\/\\\/www.vagadeempregorj.com.br\\\/decimo-terceiro-do-bolsa-familia-o-beneficio-tem-esse-direito\\\/#primaryimage\"},\"thumbnailUrl\":\"https:\\\/\\\/www.vagadeempregorj.com.br\\\/wp-content\\\/uploads\\\/2024\\\/11\\\/image-16.png\",\"articleSection\":[\"Benef\u00edcios Sociais\"],\"inLanguage\":\"es\"},{\"@type\":\"WebPage\",\"@id\":\"https:\\\/\\\/www.vagadeempregorj.com.br\\\/decimo-terceiro-do-bolsa-familia-o-beneficio-tem-esse-direito\\\/\",\"url\":\"https:\\\/\\\/www.vagadeempregorj.com.br\\\/decimo-terceiro-do-bolsa-familia-o-beneficio-tem-esse-direito\\\/\",\"name\":\"D\u00e9cimo Terceiro do Bolsa Fam\u00edlia: O benef\u00edcio tem esse direito? -\",\"isPartOf\":{\"@id\":\"https:\\\/\\\/www.vagadeempregorj.com.br\\\/#website\"},\"primaryImageOfPage\":{\"@id\":\"https:\\\/\\\/www.vagadeempregorj.com.br\\\/decimo-terceiro-do-bolsa-familia-o-beneficio-tem-esse-direito\\\/#primaryimage\"},\"image\":{\"@id\":\"https:\\\/\\\/www.vagadeempregorj.com.br\\\/decimo-terceiro-do-bolsa-familia-o-beneficio-tem-esse-direito\\\/#primaryimage\"},\"thumbnailUrl\":\"https:\\\/\\\/www.vagadeempregorj.com.br\\\/wp-content\\\/uploads\\\/2024\\\/11\\\/image-16.png\",\"datePublished\":\"2024-11-22T09:00:00+00:00\",\"author\":{\"@id\":\"https:\\\/\\\/www.vagadeempregorj.com.br\\\/#\\\/schema\\\/person\\\/3ddb19fa0539706786e502152f3aae95\"},\"description\":\"Veja em Vagas de Emprego RJ as vagas de emprego com e sem experi\u00eancia no seu Estado e Regi\u00e3o!\",\"breadcrumb\":{\"@id\":\"https:\\\/\\\/www.vagadeempregorj.com.br\\\/decimo-terceiro-do-bolsa-familia-o-beneficio-tem-esse-direito\\\/#breadcrumb\"},\"inLanguage\":\"es\",\"potentialAction\":[{\"@type\":\"ReadAction\",\"target\":[\"https:\\\/\\\/www.vagadeempregorj.com.br\\\/decimo-terceiro-do-bolsa-familia-o-beneficio-tem-esse-direito\\\/\"]}]},{\"@type\":\"ImageObject\",\"inLanguage\":\"es\",\"@id\":\"https:\\\/\\\/www.vagadeempregorj.com.br\\\/decimo-terceiro-do-bolsa-familia-o-beneficio-tem-esse-direito\\\/#primaryimage\",\"url\":\"https:\\\/\\\/www.vagadeempregorj.com.br\\\/wp-content\\\/uploads\\\/2024\\\/11\\\/image-16.png\",\"contentUrl\":\"https:\\\/\\\/www.vagadeempregorj.com.br\\\/wp-content\\\/uploads\\\/2024\\\/11\\\/image-16.png\",\"width\":900,\"height\":506},{\"@type\":\"BreadcrumbList\",\"@id\":\"https:\\\/\\\/www.vagadeempregorj.com.br\\\/decimo-terceiro-do-bolsa-familia-o-beneficio-tem-esse-direito\\\/#breadcrumb\",\"itemListElement\":[{\"@type\":\"ListItem\",\"position\":1,\"name\":\"In\u00edcio\",\"item\":\"https:\\\/\\\/www.vagadeempregorj.com.br\\\/\"},{\"@type\":\"ListItem\",\"position\":2,\"name\":\"Benef\u00edcios Sociais\",\"item\":\"https:\\\/\\\/www.vagadeempregorj.com.br\\\/beneficios-sociais\\\/\"},{\"@type\":\"ListItem\",\"position\":3,\"name\":\"D\u00e9cimo Terceiro do Bolsa Fam\u00edlia: O benef\u00edcio tem esse direito?\"}]},{\"@type\":\"WebSite\",\"@id\":\"https:\\\/\\\/www.vagadeempregorj.com.br\\\/#website\",\"url\":\"https:\\\/\\\/www.vagadeempregorj.com.br\\\/\",\"name\":\"\",\"description\":\"Conquiste Sonhos: Vagas, Benef\u00edcios e Economia para Transformar Vidas e Alcan\u00e7ar Melhorias Cotidianas\",\"potentialAction\":[{\"@type\":\"SearchAction\",\"target\":{\"@type\":\"EntryPoint\",\"urlTemplate\":\"https:\\\/\\\/www.vagadeempregorj.com.br\\\/?s={search_term_string}\"},\"query-input\":{\"@type\":\"PropertyValueSpecification\",\"valueRequired\":true,\"valueName\":\"search_term_string\"}}],\"inLanguage\":\"es\"},{\"@type\":\"Person\",\"@id\":\"https:\\\/\\\/www.vagadeempregorj.com.br\\\/#\\\/schema\\\/person\\\/3ddb19fa0539706786e502152f3aae95\",\"name\":\"Michele\",\"image\":{\"@type\":\"ImageObject\",\"inLanguage\":\"es\",\"@id\":\"https:\\\/\\\/secure.gravatar.com\\\/avatar\\\/6b0eb9d22841282815e2cd856a0061c45e1761cd54b22e952d98c4746939aa85?s=96&r=g\",\"url\":\"https:\\\/\\\/secure.gravatar.com\\\/avatar\\\/6b0eb9d22841282815e2cd856a0061c45e1761cd54b22e952d98c4746939aa85?s=96&r=g\",\"contentUrl\":\"https:\\\/\\\/secure.gravatar.com\\\/avatar\\\/6b0eb9d22841282815e2cd856a0061c45e1761cd54b22e952d98c4746939aa85?s=96&r=g\",\"caption\":\"Michele\"},\"description\":\"Formada em Letras - Portugu\u00eas\\\/ Ingl\u00eas, e idealizadora do site Escritora de Sucesso, busca expandir o conhecimento de todos com informa\u00e7\u00f5es relevantes sobre diversos assuntos, enquanto redatora. No Vaga de Emprego RJ, traz oportunidades e dicas sobre o mercado de trabalho.\",\"url\":\"https:\\\/\\\/www.vagadeempregorj.com.br\\\/es\\\/author\\\/michele\\\/\"}]}<\/script>\n<!-- \/ Yoast SEO plugin. -->","yoast_head_json":{"title":"D\u00e9cimo Terceiro do Bolsa Fam\u00edlia: O benef\u00edcio tem esse direito? -","description":"Veja em Vagas de Emprego RJ as vagas de emprego com e sem experi\u00eancia no seu Estado e Regi\u00e3o!","robots":{"index":"index","follow":"follow","max-snippet":"max-snippet:-1","max-image-preview":"max-image-preview:large","max-video-preview":"max-video-preview:-1"},"canonical":"https:\/\/www.vagadeempregorj.com.br\/es\/decimo-terceiro-do-bolsa-familia-o-beneficio-tem-esse-direito\/","og_locale":"es_MX","og_type":"article","og_title":"D\u00e9cimo Terceiro do Bolsa Fam\u00edlia: O benef\u00edcio tem esse direito? -","og_description":"Veja em Vagas de Emprego RJ as vagas de emprego com e sem experi\u00eancia no seu Estado e Regi\u00e3o!","og_url":"https:\/\/www.vagadeempregorj.com.br\/es\/decimo-terceiro-do-bolsa-familia-o-beneficio-tem-esse-direito\/","article_publisher":"https:\/\/www.facebook.com\/empregobrasiloficial","article_published_time":"2024-11-22T09:00:00+00:00","og_image":[{"width":900,"height":506,"url":"https:\/\/www.vagadeempregorj.com.br\/wp-content\/uploads\/2024\/11\/image-16.png","type":"image\/png"}],"author":"Michele","twitter_card":"summary_large_image","twitter_misc":{"Escrito por":"Michele","Tiempo de lectura":"5 minutos"},"schema":{"@context":"https:\/\/schema.org","@graph":[{"@type":"Article","@id":"https:\/\/www.vagadeempregorj.com.br\/decimo-terceiro-do-bolsa-familia-o-beneficio-tem-esse-direito\/#article","isPartOf":{"@id":"https:\/\/www.vagadeempregorj.com.br\/decimo-terceiro-do-bolsa-familia-o-beneficio-tem-esse-direito\/"},"author":{"name":"Michele","@id":"https:\/\/www.vagadeempregorj.com.br\/#\/schema\/person\/3ddb19fa0539706786e502152f3aae95"},"headline":"D\u00e9cimo Terceiro do Bolsa Fam\u00edlia: O benef\u00edcio tem esse direito?","datePublished":"2024-11-22T09:00:00+00:00","mainEntityOfPage":{"@id":"https:\/\/www.vagadeempregorj.com.br\/decimo-terceiro-do-bolsa-familia-o-beneficio-tem-esse-direito\/"},"wordCount":1092,"image":{"@id":"https:\/\/www.vagadeempregorj.com.br\/decimo-terceiro-do-bolsa-familia-o-beneficio-tem-esse-direito\/#primaryimage"},"thumbnailUrl":"https:\/\/www.vagadeempregorj.com.br\/wp-content\/uploads\/2024\/11\/image-16.png","articleSection":["Benef\u00edcios Sociais"],"inLanguage":"es"},{"@type":"WebPage","@id":"https:\/\/www.vagadeempregorj.com.br\/decimo-terceiro-do-bolsa-familia-o-beneficio-tem-esse-direito\/","url":"https:\/\/www.vagadeempregorj.com.br\/decimo-terceiro-do-bolsa-familia-o-beneficio-tem-esse-direito\/","name":"D\u00e9cimo Terceiro do Bolsa Fam\u00edlia: O benef\u00edcio tem esse direito? -","isPartOf":{"@id":"https:\/\/www.vagadeempregorj.com.br\/#website"},"primaryImageOfPage":{"@id":"https:\/\/www.vagadeempregorj.com.br\/decimo-terceiro-do-bolsa-familia-o-beneficio-tem-esse-direito\/#primaryimage"},"image":{"@id":"https:\/\/www.vagadeempregorj.com.br\/decimo-terceiro-do-bolsa-familia-o-beneficio-tem-esse-direito\/#primaryimage"},"thumbnailUrl":"https:\/\/www.vagadeempregorj.com.br\/wp-content\/uploads\/2024\/11\/image-16.png","datePublished":"2024-11-22T09:00:00+00:00","author":{"@id":"https:\/\/www.vagadeempregorj.com.br\/#\/schema\/person\/3ddb19fa0539706786e502152f3aae95"},"description":"Veja em Vagas de Emprego RJ as vagas de emprego com e sem experi\u00eancia no seu Estado e Regi\u00e3o!","breadcrumb":{"@id":"https:\/\/www.vagadeempregorj.com.br\/decimo-terceiro-do-bolsa-familia-o-beneficio-tem-esse-direito\/#breadcrumb"},"inLanguage":"es","potentialAction":[{"@type":"ReadAction","target":["https:\/\/www.vagadeempregorj.com.br\/decimo-terceiro-do-bolsa-familia-o-beneficio-tem-esse-direito\/"]}]},{"@type":"ImageObject","inLanguage":"es","@id":"https:\/\/www.vagadeempregorj.com.br\/decimo-terceiro-do-bolsa-familia-o-beneficio-tem-esse-direito\/#primaryimage","url":"https:\/\/www.vagadeempregorj.com.br\/wp-content\/uploads\/2024\/11\/image-16.png","contentUrl":"https:\/\/www.vagadeempregorj.com.br\/wp-content\/uploads\/2024\/11\/image-16.png","width":900,"height":506},{"@type":"BreadcrumbList","@id":"https:\/\/www.vagadeempregorj.com.br\/decimo-terceiro-do-bolsa-familia-o-beneficio-tem-esse-direito\/#breadcrumb","itemListElement":[{"@type":"ListItem","position":1,"name":"In\u00edcio","item":"https:\/\/www.vagadeempregorj.com.br\/"},{"@type":"ListItem","position":2,"name":"Benef\u00edcios Sociais","item":"https:\/\/www.vagadeempregorj.com.br\/beneficios-sociais\/"},{"@type":"ListItem","position":3,"name":"D\u00e9cimo Terceiro do Bolsa Fam\u00edlia: O benef\u00edcio tem esse direito?"}]},{"@type":"WebSite","@id":"https:\/\/www.vagadeempregorj.com.br\/#website","url":"https:\/\/www.vagadeempregorj.com.br\/","name":"","description":"Haz realidad tus sue\u00f1os: Ofertas de empleo, beneficios y ahorros para transformar vidas y lograr mejoras cotidianas.","potentialAction":[{"@type":"SearchAction","target":{"@type":"EntryPoint","urlTemplate":"https:\/\/www.vagadeempregorj.com.br\/?s={search_term_string}"},"query-input":{"@type":"PropertyValueSpecification","valueRequired":true,"valueName":"search_term_string"}}],"inLanguage":"es"},{"@type":"Person","@id":"https:\/\/www.vagadeempregorj.com.br\/#\/schema\/person\/3ddb19fa0539706786e502152f3aae95","name":"Michele","image":{"@type":"ImageObject","inLanguage":"es","@id":"https:\/\/secure.gravatar.com\/avatar\/6b0eb9d22841282815e2cd856a0061c45e1761cd54b22e952d98c4746939aa85?s=96&r=g","url":"https:\/\/secure.gravatar.com\/avatar\/6b0eb9d22841282815e2cd856a0061c45e1761cd54b22e952d98c4746939aa85?s=96&r=g","contentUrl":"https:\/\/secure.gravatar.com\/avatar\/6b0eb9d22841282815e2cd856a0061c45e1761cd54b22e952d98c4746939aa85?s=96&r=g","caption":"Michele"},"description":"Formada em Letras - Portugu\u00eas\/ Ingl\u00eas, e idealizadora do site Escritora de Sucesso, busca expandir o conhecimento de todos com informa\u00e7\u00f5es relevantes sobre diversos assuntos, enquanto redatora. No Vaga de Emprego RJ, traz oportunidades e dicas sobre o mercado de trabalho.","url":"https:\/\/www.vagadeempregorj.com.br\/es\/author\/michele\/"}]}},"_links":{"self":[{"href":"https:\/\/www.vagadeempregorj.com.br\/es\/wp-json\/wp\/v2\/posts\/41284","targetHints":{"allow":["GET"]}}],"collection":[{"href":"https:\/\/www.vagadeempregorj.com.br\/es\/wp-json\/wp\/v2\/posts"}],"about":[{"href":"https:\/\/www.vagadeempregorj.com.br\/es\/wp-json\/wp\/v2\/types\/post"}],"author":[{"embeddable":true,"href":"https:\/\/www.vagadeempregorj.com.br\/es\/wp-json\/wp\/v2\/users\/16"}],"replies":[{"embeddable":true,"href":"https:\/\/www.vagadeempregorj.com.br\/es\/wp-json\/wp\/v2\/comments?post=41284"}],"version-history":[{"count":0,"href":"https:\/\/www.vagadeempregorj.com.br\/es\/wp-json\/wp\/v2\/posts\/41284\/revisions"}],"wp:featuredmedia":[{"embeddable":true,"href":"https:\/\/www.vagadeempregorj.com.br\/es\/wp-json\/wp\/v2\/media\/41297"}],"wp:attachment":[{"href":"https:\/\/www.vagadeempregorj.com.br\/es\/wp-json\/wp\/v2\/media?parent=41284"}],"wp:term":[{"taxonomy":"category","embeddable":true,"href":"https:\/\/www.vagadeempregorj.com.br\/es\/wp-json\/wp\/v2\/categories?post=41284"},{"taxonomy":"post_tag","embeddable":true,"href":"https:\/\/www.vagadeempregorj.com.br\/es\/wp-json\/wp\/v2\/tags?post=41284"}],"curies":[{"name":"wp","href":"https:\/\/api.w.org\/{rel}","templated":true}]}}