{"id":41315,"date":"2024-11-28T06:00:00","date_gmt":"2024-11-28T09:00:00","guid":{"rendered":"https:\/\/www.vagadeempregorj.com.br\/?p=41315"},"modified":"2024-11-22T02:00:28","modified_gmt":"2024-11-22T05:00:28","slug":"assai-atacadista-1700-novas-vagas-de-emprego-pelo-pais","status":"publish","type":"post","link":"https:\/\/www.vagadeempregorj.com.br\/es\/assai-atacadista-1700-novas-vagas-de-emprego-pelo-pais\/","title":{"rendered":"Assa\u00ed Atacadista: 1700 novas vagas de emprego pelo pa\u00eds"},"content":{"rendered":"<p>O <strong>Assa\u00ed Atacadista<\/strong> anunciou recentemente a abertura de 1700 vagas de emprego em diversas regi\u00f5es do Brasil. Com o crescimento constante da rede e a abertura de novas unidades, a empresa visa preencher diversas \u00e1reas, desde cargos operacionais at\u00e9 posi\u00e7\u00f5es de gest\u00e3o, promovendo oportunidades para profissionais com diferentes perfis e qualifica\u00e7\u00f5es.<\/p>\n\n\n\n<figure class=\"wp-block-image size-full\"><img loading=\"lazy\" decoding=\"async\" width=\"984\" height=\"656\" src=\"https:\/\/www.vagadeempregorj.com.br\/wp-content\/uploads\/2024\/11\/image-25.png\" alt=\"\" class=\"wp-image-41335\" srcset=\"https:\/\/www.vagadeempregorj.com.br\/wp-content\/uploads\/2024\/11\/image-25.png 984w, https:\/\/www.vagadeempregorj.com.br\/wp-content\/uploads\/2024\/11\/image-25-300x200.png 300w, https:\/\/www.vagadeempregorj.com.br\/wp-content\/uploads\/2024\/11\/image-25-768x512.png 768w, https:\/\/www.vagadeempregorj.com.br\/wp-content\/uploads\/2024\/11\/image-25-150x100.png 150w\" sizes=\"auto, (max-width: 984px) 100vw, 984px\" \/><\/figure>\n\n\n\n<p>O Assa\u00ed Atacadista, uma das maiores redes de atacado de autosservi\u00e7o do pa\u00eds, tem investido fortemente em expans\u00e3o. Esse movimento faz parte do compromisso da empresa de levar servi\u00e7os de qualidade para mais regi\u00f5es do Brasil e, simultaneamente, contribuir para o desenvolvimento das comunidades em que est\u00e1 inserida. <\/p>\n\n\n\n<p>A abertura dessas vagas \u00e9 uma oportunidade \u00fanica para quem deseja se inserir no mercado de trabalho ou almeja crescimento na carreira dentro de uma das companhias que mais crescem no pa\u00eds.<\/p>\n\n\n\n<h2 class=\"wp-block-heading\">Quais s\u00e3o as oportunidades de carreira no Assa\u00ed Atacadista?<\/h2>\n\n\n\n<p>Com o objetivo de garantir que cada nova unidade seja bem equipada e ofere\u00e7a um excelente atendimento aos clientes, o Assa\u00ed Atacadista est\u00e1 em busca de profissionais para diversas \u00e1reas. As vagas abrangem desde cargos operacionais, que s\u00e3o essenciais para o funcionamento do dia a dia, at\u00e9 posi\u00e7\u00f5es administrativas e de gest\u00e3o. Conhe\u00e7a algumas das principais oportunidades de carreira:<\/p>\n\n\n\n<h3 class=\"wp-block-heading\">Operador de Caixa<\/h3>\n\n\n\n<p>Respons\u00e1vel por atender os clientes no caixa, registrando as compras e garantindo um atendimento \u00e1gil e eficiente. \u00c9 uma \u00f3tima oportunidade para quem est\u00e1 come\u00e7ando no mercado de trabalho e deseja desenvolver habilidades de atendimento ao cliente e financeiro.<\/p>\n\n\n\n<h3 class=\"wp-block-heading\">Repositor de Mercadorias<\/h3>\n\n\n\n<p>Os repositorios de mercadorias t\u00eam a fun\u00e7\u00e3o de manter as prateleiras sempre abastecidas, garantindo que os clientes encontrem os produtos de forma organizada. Este cargo \u00e9 ideal para quem gosta de trabalhar em equipe e manter tudo em ordem.<\/p>\n\n\n\n<h3 class=\"wp-block-heading\">Auxiliar de Cozinha<\/h3>\n\n\n\n<p>Em algumas unidades, o Assa\u00ed Atacadista tamb\u00e9m oferece servi\u00e7os de alimenta\u00e7\u00e3o. O auxiliar de cozinha ajuda na prepara\u00e7\u00e3o dos alimentos, na limpeza e organiza\u00e7\u00e3o do ambiente. \u00c9 uma \u00f3tima oportunidade para quem busca experi\u00eancia no setor de alimentos.<\/p>\n\n\n\n<h3 class=\"wp-block-heading\">Fiscal de Preven\u00e7\u00e3o de Perdas<\/h3>\n\n\n\n<p>Este profissional atua na seguran\u00e7a e organiza\u00e7\u00e3o da loja, garantindo que as normas de preven\u00e7\u00e3o de perdas sejam cumpridas. O cargo \u00e9 uma boa escolha para aqueles que se identificam com fun\u00e7\u00f5es de fiscaliza\u00e7\u00e3o e monitoramento.<\/p>\n\n\n\n<h3 class=\"wp-block-heading\">Supervisor de Loja<\/h3>\n\n\n\n<p>Para aqueles que j\u00e1 possuem experi\u00eancia no setor de varejo, o cargo de supervisor de loja \u00e9 uma \u00f3tima oportunidade de crescimento. Este profissional coordena as equipes, garante o cumprimento das metas e assegura a qualidade do atendimento ao cliente.<\/p>\n\n\n\n<h3 class=\"wp-block-heading\">Assistente Administrativo<\/h3>\n\n\n\n<p>O assistente administrativo \u00e9 respons\u00e1vel por dar suporte \u00e0s rotinas administrativas da loja, incluindo a organiza\u00e7\u00e3o de documentos, atendimento telef\u00f4nico e suporte \u00e0 gest\u00e3o. Este cargo \u00e9 ideal para quem possui perfil organizado e busca uma posi\u00e7\u00e3o de suporte.<\/p>\n\n\n\n<h3 class=\"wp-block-heading\">Atendente de Cart\u00e3o<\/h3>\n\n\n\n<p>Este profissional tem como fun\u00e7\u00e3o principal abordar clientes e apresentar as vantagens do cart\u00e3o da loja. \u00c9 uma excelente oportunidade para quem gosta de intera\u00e7\u00e3o direta com o p\u00fablico e deseja desenvolver habilidades de vendas e negocia\u00e7\u00e3o.<\/p>\n\n\n\n<p>Cada um desses cargos possui requisitos e desafios espec\u00edficos, mas todos oferecem um ambiente din\u00e2mico e oportunidades de desenvolvimento profissional. O Assa\u00ed Atacadista valoriza a diversidade e acredita no potencial dos seus colaboradores, oferecendo treinamentos constantes e chances reais de crescimento.<\/p>\n\n\n\n<h2 class=\"wp-block-heading\">Como se candidatar?<\/h2>\n\n\n\n<p>Se voc\u00ea se interessou pelas oportunidades oferecidas pelo Assa\u00ed Atacadista e deseja fazer parte de uma das maiores redes de atacado do Brasil, o processo de candidatura \u00e9 bastante simples e totalmente online. Veja como se candidatar:<\/p>\n\n\n\n<ul class=\"wp-block-list\">\n<li>Copie e cole o endere\u00e7o <strong>https:\/\/assai.gupy.io<\/strong> em seu navegador.<\/li>\n\n\n\n<li>Acesse a p\u00e1gina e encontre uma oportunidade que se encaixe no seu perfil.<\/li>\n\n\n\n<li>Clique na vaga desejada e leia atentamente a descri\u00e7\u00e3o do cargo, incluindo os requisitos e responsabilidades.<\/li>\n\n\n\n<li>Caso voc\u00ea atenda aos requisitos, clique em &#8220;Candidatar-se para a vaga&#8221;.<\/li>\n\n\n\n<li>Preencha suas informa\u00e7\u00f5es pessoais, anexe seu curr\u00edculo e responda \u00e0s perguntas do processo seletivo.<\/li>\n\n\n\n<li>Depois de se candidatar, fique atento ao seu e-mail e ao telefone, pois \u00e9 por esses canais que a equipe do Assa\u00ed Atacadista entrar\u00e1 em contato para dar continuidade ao processo.<\/li>\n<\/ul>\n\n\n\n<p>O portal da Gupy \u00e9 seguro e f\u00e1cil de usar, proporcionando uma experi\u00eancia \u00e1gil para os candidatos. O Assa\u00ed Atacadista valoriza a transpar\u00eancia e o respeito durante todo o processo de sele\u00e7\u00e3o, buscando garantir que os novos colaboradores estejam alinhados aos valores e \u00e0 cultura da empresa.<\/p>\n\n\n\n<h2 class=\"wp-block-heading\">Assa\u00ed Atacadista: uma empresa em expans\u00e3o<\/h2>\n\n\n\n<p>O <strong>Assa\u00ed Atacadista<\/strong> tem se destacado cada vez mais no setor de atacado de autosservi\u00e7o, com um crescimento acelerado que o torna uma das principais refer\u00eancias do mercado. Este movimento de expans\u00e3o, aliado \u00e0 gera\u00e7\u00e3o de empregos, reflete o compromisso da empresa com o desenvolvimento econ\u00f4mico e social do Brasil.<\/p>\n\n\n\n<p>As 1700 novas vagas abertas em diferentes regi\u00f5es do pa\u00eds representam uma excelente oportunidade n\u00e3o apenas para quem busca um emprego, mas tamb\u00e9m para quem quer crescer profissionalmente dentro de uma empresa s\u00f3lida e com valores bem definidos. O Assa\u00ed Atacadista incentiva o crescimento interno, oferecendo forma\u00e7\u00f5es e promovendo aqueles que se destacam.<\/p>\n\n\n\n<p><strong>Veja tamb\u00e9m: <a href=\"https:\/\/www.vagadeempregorj.com.br\/es\/piracanjuba-tem-59-vagas-de-emprego-abertas-em-todo-o-pais\/\">Piracanjuba tem 59 vagas de emprego abertas em todo o pa\u00eds<\/a><\/strong><\/p>\n\n\n\n<p>28 de novembro de 2024<\/p>","protected":false},"excerpt":{"rendered":"<p>O Assa\u00ed Atacadista anunciou recentemente a abertura de 1700 vagas de emprego em diversas regi\u00f5es do Brasil. Com o crescimento constante da rede e a abertura de novas unidades, a empresa visa preencher diversas \u00e1reas, desde cargos operacionais at\u00e9 posi\u00e7\u00f5es de gest\u00e3o, promovendo oportunidades para profissionais com diferentes perfis e qualifica\u00e7\u00f5es. O Assa\u00ed Atacadista, uma&hellip;&nbsp;<\/p>","protected":false},"author":16,"featured_media":41335,"comment_status":"closed","ping_status":"closed","sticky":false,"template":"","format":"standard","meta":{"neve_meta_sidebar":"","neve_meta_container":"","neve_meta_enable_content_width":"","neve_meta_content_width":0,"neve_meta_title_alignment":"","neve_meta_author_avatar":"","neve_post_elements_order":"","neve_meta_disable_header":"","neve_meta_disable_footer":"","neve_meta_disable_title":"","footnotes":""},"categories":[123],"tags":[],"class_list":["post-41315","post","type-post","status-publish","format-standard","has-post-thumbnail","hentry","category-vagas-de-emprego-nacionais"],"yoast_head":"<!-- This site is optimized with the Yoast SEO plugin v27.5 - https:\/\/yoast.com\/product\/yoast-seo-wordpress\/ -->\n<title>Assa\u00ed Atacadista: 1700 novas vagas de emprego pelo pa\u00eds -<\/title>\n<meta name=\"description\" content=\"Veja em Vagas de Emprego RJ as vagas de emprego com e sem experi\u00eancia no seu Estado e Regi\u00e3o!\" \/>\n<meta name=\"robots\" content=\"index, follow, max-snippet:-1, max-image-preview:large, max-video-preview:-1\" \/>\n<link rel=\"canonical\" href=\"https:\/\/www.vagadeempregorj.com.br\/es\/assai-atacadista-1700-novas-vagas-de-emprego-pelo-pais\/\" \/>\n<meta property=\"og:locale\" content=\"es_MX\" \/>\n<meta property=\"og:type\" content=\"article\" \/>\n<meta property=\"og:title\" content=\"Assa\u00ed Atacadista: 1700 novas vagas de emprego pelo pa\u00eds -\" \/>\n<meta property=\"og:description\" content=\"Veja em Vagas de Emprego RJ as vagas de emprego com e sem experi\u00eancia no seu Estado e Regi\u00e3o!\" \/>\n<meta property=\"og:url\" content=\"https:\/\/www.vagadeempregorj.com.br\/es\/assai-atacadista-1700-novas-vagas-de-emprego-pelo-pais\/\" \/>\n<meta property=\"article:publisher\" content=\"https:\/\/www.facebook.com\/empregobrasiloficial\" \/>\n<meta property=\"article:published_time\" content=\"2024-11-28T09:00:00+00:00\" \/>\n<meta property=\"og:image\" content=\"https:\/\/www.vagadeempregorj.com.br\/wp-content\/uploads\/2024\/11\/image-25.png\" \/>\n\t<meta property=\"og:image:width\" content=\"984\" \/>\n\t<meta property=\"og:image:height\" content=\"656\" \/>\n\t<meta property=\"og:image:type\" content=\"image\/png\" \/>\n<meta name=\"author\" content=\"Michele\" \/>\n<meta name=\"twitter:card\" content=\"summary_large_image\" \/>\n<meta name=\"twitter:label1\" content=\"Escrito por\" \/>\n\t<meta name=\"twitter:data1\" content=\"Michele\" \/>\n\t<meta name=\"twitter:label2\" content=\"Tiempo de lectura\" \/>\n\t<meta name=\"twitter:data2\" content=\"4 minutos\" \/>\n<script type=\"application\/ld+json\" class=\"yoast-schema-graph\">{\"@context\":\"https:\\\/\\\/schema.org\",\"@graph\":[{\"@type\":\"Article\",\"@id\":\"https:\\\/\\\/www.vagadeempregorj.com.br\\\/assai-atacadista-1700-novas-vagas-de-emprego-pelo-pais\\\/#article\",\"isPartOf\":{\"@id\":\"https:\\\/\\\/www.vagadeempregorj.com.br\\\/assai-atacadista-1700-novas-vagas-de-emprego-pelo-pais\\\/\"},\"author\":{\"name\":\"Michele\",\"@id\":\"https:\\\/\\\/www.vagadeempregorj.com.br\\\/#\\\/schema\\\/person\\\/3ddb19fa0539706786e502152f3aae95\"},\"headline\":\"Assa\u00ed Atacadista: 1700 novas vagas de emprego pelo pa\u00eds\",\"datePublished\":\"2024-11-28T09:00:00+00:00\",\"mainEntityOfPage\":{\"@id\":\"https:\\\/\\\/www.vagadeempregorj.com.br\\\/assai-atacadista-1700-novas-vagas-de-emprego-pelo-pais\\\/\"},\"wordCount\":899,\"image\":{\"@id\":\"https:\\\/\\\/www.vagadeempregorj.com.br\\\/assai-atacadista-1700-novas-vagas-de-emprego-pelo-pais\\\/#primaryimage\"},\"thumbnailUrl\":\"https:\\\/\\\/www.vagadeempregorj.com.br\\\/wp-content\\\/uploads\\\/2024\\\/11\\\/image-25.png\",\"articleSection\":[\"Vagas de Emprego Nacionais\"],\"inLanguage\":\"es\"},{\"@type\":\"WebPage\",\"@id\":\"https:\\\/\\\/www.vagadeempregorj.com.br\\\/assai-atacadista-1700-novas-vagas-de-emprego-pelo-pais\\\/\",\"url\":\"https:\\\/\\\/www.vagadeempregorj.com.br\\\/assai-atacadista-1700-novas-vagas-de-emprego-pelo-pais\\\/\",\"name\":\"Assa\u00ed Atacadista: 1700 novas vagas de emprego pelo pa\u00eds -\",\"isPartOf\":{\"@id\":\"https:\\\/\\\/www.vagadeempregorj.com.br\\\/#website\"},\"primaryImageOfPage\":{\"@id\":\"https:\\\/\\\/www.vagadeempregorj.com.br\\\/assai-atacadista-1700-novas-vagas-de-emprego-pelo-pais\\\/#primaryimage\"},\"image\":{\"@id\":\"https:\\\/\\\/www.vagadeempregorj.com.br\\\/assai-atacadista-1700-novas-vagas-de-emprego-pelo-pais\\\/#primaryimage\"},\"thumbnailUrl\":\"https:\\\/\\\/www.vagadeempregorj.com.br\\\/wp-content\\\/uploads\\\/2024\\\/11\\\/image-25.png\",\"datePublished\":\"2024-11-28T09:00:00+00:00\",\"author\":{\"@id\":\"https:\\\/\\\/www.vagadeempregorj.com.br\\\/#\\\/schema\\\/person\\\/3ddb19fa0539706786e502152f3aae95\"},\"description\":\"Veja em Vagas de Emprego RJ as vagas de emprego com e sem experi\u00eancia no seu Estado e Regi\u00e3o!\",\"breadcrumb\":{\"@id\":\"https:\\\/\\\/www.vagadeempregorj.com.br\\\/assai-atacadista-1700-novas-vagas-de-emprego-pelo-pais\\\/#breadcrumb\"},\"inLanguage\":\"es\",\"potentialAction\":[{\"@type\":\"ReadAction\",\"target\":[\"https:\\\/\\\/www.vagadeempregorj.com.br\\\/assai-atacadista-1700-novas-vagas-de-emprego-pelo-pais\\\/\"]}]},{\"@type\":\"ImageObject\",\"inLanguage\":\"es\",\"@id\":\"https:\\\/\\\/www.vagadeempregorj.com.br\\\/assai-atacadista-1700-novas-vagas-de-emprego-pelo-pais\\\/#primaryimage\",\"url\":\"https:\\\/\\\/www.vagadeempregorj.com.br\\\/wp-content\\\/uploads\\\/2024\\\/11\\\/image-25.png\",\"contentUrl\":\"https:\\\/\\\/www.vagadeempregorj.com.br\\\/wp-content\\\/uploads\\\/2024\\\/11\\\/image-25.png\",\"width\":984,\"height\":656},{\"@type\":\"BreadcrumbList\",\"@id\":\"https:\\\/\\\/www.vagadeempregorj.com.br\\\/assai-atacadista-1700-novas-vagas-de-emprego-pelo-pais\\\/#breadcrumb\",\"itemListElement\":[{\"@type\":\"ListItem\",\"position\":1,\"name\":\"In\u00edcio\",\"item\":\"https:\\\/\\\/www.vagadeempregorj.com.br\\\/\"},{\"@type\":\"ListItem\",\"position\":2,\"name\":\"Vagas de Emprego Nacionais\",\"item\":\"https:\\\/\\\/www.vagadeempregorj.com.br\\\/vagas-de-emprego-nacionais\\\/\"},{\"@type\":\"ListItem\",\"position\":3,\"name\":\"Assa\u00ed Atacadista: 1700 novas vagas de emprego pelo pa\u00eds\"}]},{\"@type\":\"WebSite\",\"@id\":\"https:\\\/\\\/www.vagadeempregorj.com.br\\\/#website\",\"url\":\"https:\\\/\\\/www.vagadeempregorj.com.br\\\/\",\"name\":\"\",\"description\":\"Conquiste Sonhos: Vagas, Benef\u00edcios e Economia para Transformar Vidas e Alcan\u00e7ar Melhorias Cotidianas\",\"potentialAction\":[{\"@type\":\"SearchAction\",\"target\":{\"@type\":\"EntryPoint\",\"urlTemplate\":\"https:\\\/\\\/www.vagadeempregorj.com.br\\\/?s={search_term_string}\"},\"query-input\":{\"@type\":\"PropertyValueSpecification\",\"valueRequired\":true,\"valueName\":\"search_term_string\"}}],\"inLanguage\":\"es\"},{\"@type\":\"Person\",\"@id\":\"https:\\\/\\\/www.vagadeempregorj.com.br\\\/#\\\/schema\\\/person\\\/3ddb19fa0539706786e502152f3aae95\",\"name\":\"Michele\",\"image\":{\"@type\":\"ImageObject\",\"inLanguage\":\"es\",\"@id\":\"https:\\\/\\\/secure.gravatar.com\\\/avatar\\\/6b0eb9d22841282815e2cd856a0061c45e1761cd54b22e952d98c4746939aa85?s=96&r=g\",\"url\":\"https:\\\/\\\/secure.gravatar.com\\\/avatar\\\/6b0eb9d22841282815e2cd856a0061c45e1761cd54b22e952d98c4746939aa85?s=96&r=g\",\"contentUrl\":\"https:\\\/\\\/secure.gravatar.com\\\/avatar\\\/6b0eb9d22841282815e2cd856a0061c45e1761cd54b22e952d98c4746939aa85?s=96&r=g\",\"caption\":\"Michele\"},\"description\":\"Formada em Letras - Portugu\u00eas\\\/ Ingl\u00eas, e idealizadora do site Escritora de Sucesso, busca expandir o conhecimento de todos com informa\u00e7\u00f5es relevantes sobre diversos assuntos, enquanto redatora. No Vaga de Emprego RJ, traz oportunidades e dicas sobre o mercado de trabalho.\",\"url\":\"https:\\\/\\\/www.vagadeempregorj.com.br\\\/es\\\/author\\\/michele\\\/\"}]}<\/script>\n<!-- \/ Yoast SEO plugin. -->","yoast_head_json":{"title":"Assa\u00ed Atacadista: 1700 novas vagas de emprego pelo pa\u00eds -","description":"Veja em Vagas de Emprego RJ as vagas de emprego com e sem experi\u00eancia no seu Estado e Regi\u00e3o!","robots":{"index":"index","follow":"follow","max-snippet":"max-snippet:-1","max-image-preview":"max-image-preview:large","max-video-preview":"max-video-preview:-1"},"canonical":"https:\/\/www.vagadeempregorj.com.br\/es\/assai-atacadista-1700-novas-vagas-de-emprego-pelo-pais\/","og_locale":"es_MX","og_type":"article","og_title":"Assa\u00ed Atacadista: 1700 novas vagas de emprego pelo pa\u00eds -","og_description":"Veja em Vagas de Emprego RJ as vagas de emprego com e sem experi\u00eancia no seu Estado e Regi\u00e3o!","og_url":"https:\/\/www.vagadeempregorj.com.br\/es\/assai-atacadista-1700-novas-vagas-de-emprego-pelo-pais\/","article_publisher":"https:\/\/www.facebook.com\/empregobrasiloficial","article_published_time":"2024-11-28T09:00:00+00:00","og_image":[{"width":984,"height":656,"url":"https:\/\/www.vagadeempregorj.com.br\/wp-content\/uploads\/2024\/11\/image-25.png","type":"image\/png"}],"author":"Michele","twitter_card":"summary_large_image","twitter_misc":{"Escrito por":"Michele","Tiempo de lectura":"4 minutos"},"schema":{"@context":"https:\/\/schema.org","@graph":[{"@type":"Article","@id":"https:\/\/www.vagadeempregorj.com.br\/assai-atacadista-1700-novas-vagas-de-emprego-pelo-pais\/#article","isPartOf":{"@id":"https:\/\/www.vagadeempregorj.com.br\/assai-atacadista-1700-novas-vagas-de-emprego-pelo-pais\/"},"author":{"name":"Michele","@id":"https:\/\/www.vagadeempregorj.com.br\/#\/schema\/person\/3ddb19fa0539706786e502152f3aae95"},"headline":"Assa\u00ed Atacadista: 1700 novas vagas de emprego pelo pa\u00eds","datePublished":"2024-11-28T09:00:00+00:00","mainEntityOfPage":{"@id":"https:\/\/www.vagadeempregorj.com.br\/assai-atacadista-1700-novas-vagas-de-emprego-pelo-pais\/"},"wordCount":899,"image":{"@id":"https:\/\/www.vagadeempregorj.com.br\/assai-atacadista-1700-novas-vagas-de-emprego-pelo-pais\/#primaryimage"},"thumbnailUrl":"https:\/\/www.vagadeempregorj.com.br\/wp-content\/uploads\/2024\/11\/image-25.png","articleSection":["Vagas de Emprego Nacionais"],"inLanguage":"es"},{"@type":"WebPage","@id":"https:\/\/www.vagadeempregorj.com.br\/assai-atacadista-1700-novas-vagas-de-emprego-pelo-pais\/","url":"https:\/\/www.vagadeempregorj.com.br\/assai-atacadista-1700-novas-vagas-de-emprego-pelo-pais\/","name":"Assa\u00ed Atacadista: 1700 novas vagas de emprego pelo pa\u00eds -","isPartOf":{"@id":"https:\/\/www.vagadeempregorj.com.br\/#website"},"primaryImageOfPage":{"@id":"https:\/\/www.vagadeempregorj.com.br\/assai-atacadista-1700-novas-vagas-de-emprego-pelo-pais\/#primaryimage"},"image":{"@id":"https:\/\/www.vagadeempregorj.com.br\/assai-atacadista-1700-novas-vagas-de-emprego-pelo-pais\/#primaryimage"},"thumbnailUrl":"https:\/\/www.vagadeempregorj.com.br\/wp-content\/uploads\/2024\/11\/image-25.png","datePublished":"2024-11-28T09:00:00+00:00","author":{"@id":"https:\/\/www.vagadeempregorj.com.br\/#\/schema\/person\/3ddb19fa0539706786e502152f3aae95"},"description":"Veja em Vagas de Emprego RJ as vagas de emprego com e sem experi\u00eancia no seu Estado e Regi\u00e3o!","breadcrumb":{"@id":"https:\/\/www.vagadeempregorj.com.br\/assai-atacadista-1700-novas-vagas-de-emprego-pelo-pais\/#breadcrumb"},"inLanguage":"es","potentialAction":[{"@type":"ReadAction","target":["https:\/\/www.vagadeempregorj.com.br\/assai-atacadista-1700-novas-vagas-de-emprego-pelo-pais\/"]}]},{"@type":"ImageObject","inLanguage":"es","@id":"https:\/\/www.vagadeempregorj.com.br\/assai-atacadista-1700-novas-vagas-de-emprego-pelo-pais\/#primaryimage","url":"https:\/\/www.vagadeempregorj.com.br\/wp-content\/uploads\/2024\/11\/image-25.png","contentUrl":"https:\/\/www.vagadeempregorj.com.br\/wp-content\/uploads\/2024\/11\/image-25.png","width":984,"height":656},{"@type":"BreadcrumbList","@id":"https:\/\/www.vagadeempregorj.com.br\/assai-atacadista-1700-novas-vagas-de-emprego-pelo-pais\/#breadcrumb","itemListElement":[{"@type":"ListItem","position":1,"name":"In\u00edcio","item":"https:\/\/www.vagadeempregorj.com.br\/"},{"@type":"ListItem","position":2,"name":"Vagas de Emprego Nacionais","item":"https:\/\/www.vagadeempregorj.com.br\/vagas-de-emprego-nacionais\/"},{"@type":"ListItem","position":3,"name":"Assa\u00ed Atacadista: 1700 novas vagas de emprego pelo pa\u00eds"}]},{"@type":"WebSite","@id":"https:\/\/www.vagadeempregorj.com.br\/#website","url":"https:\/\/www.vagadeempregorj.com.br\/","name":"","description":"Haz realidad tus sue\u00f1os: Ofertas de empleo, beneficios y ahorros para transformar vidas y lograr mejoras cotidianas.","potentialAction":[{"@type":"SearchAction","target":{"@type":"EntryPoint","urlTemplate":"https:\/\/www.vagadeempregorj.com.br\/?s={search_term_string}"},"query-input":{"@type":"PropertyValueSpecification","valueRequired":true,"valueName":"search_term_string"}}],"inLanguage":"es"},{"@type":"Person","@id":"https:\/\/www.vagadeempregorj.com.br\/#\/schema\/person\/3ddb19fa0539706786e502152f3aae95","name":"Michele","image":{"@type":"ImageObject","inLanguage":"es","@id":"https:\/\/secure.gravatar.com\/avatar\/6b0eb9d22841282815e2cd856a0061c45e1761cd54b22e952d98c4746939aa85?s=96&r=g","url":"https:\/\/secure.gravatar.com\/avatar\/6b0eb9d22841282815e2cd856a0061c45e1761cd54b22e952d98c4746939aa85?s=96&r=g","contentUrl":"https:\/\/secure.gravatar.com\/avatar\/6b0eb9d22841282815e2cd856a0061c45e1761cd54b22e952d98c4746939aa85?s=96&r=g","caption":"Michele"},"description":"Formada em Letras - Portugu\u00eas\/ Ingl\u00eas, e idealizadora do site Escritora de Sucesso, busca expandir o conhecimento de todos com informa\u00e7\u00f5es relevantes sobre diversos assuntos, enquanto redatora. No Vaga de Emprego RJ, traz oportunidades e dicas sobre o mercado de trabalho.","url":"https:\/\/www.vagadeempregorj.com.br\/es\/author\/michele\/"}]}},"_links":{"self":[{"href":"https:\/\/www.vagadeempregorj.com.br\/es\/wp-json\/wp\/v2\/posts\/41315","targetHints":{"allow":["GET"]}}],"collection":[{"href":"https:\/\/www.vagadeempregorj.com.br\/es\/wp-json\/wp\/v2\/posts"}],"about":[{"href":"https:\/\/www.vagadeempregorj.com.br\/es\/wp-json\/wp\/v2\/types\/post"}],"author":[{"embeddable":true,"href":"https:\/\/www.vagadeempregorj.com.br\/es\/wp-json\/wp\/v2\/users\/16"}],"replies":[{"embeddable":true,"href":"https:\/\/www.vagadeempregorj.com.br\/es\/wp-json\/wp\/v2\/comments?post=41315"}],"version-history":[{"count":0,"href":"https:\/\/www.vagadeempregorj.com.br\/es\/wp-json\/wp\/v2\/posts\/41315\/revisions"}],"wp:featuredmedia":[{"embeddable":true,"href":"https:\/\/www.vagadeempregorj.com.br\/es\/wp-json\/wp\/v2\/media\/41335"}],"wp:attachment":[{"href":"https:\/\/www.vagadeempregorj.com.br\/es\/wp-json\/wp\/v2\/media?parent=41315"}],"wp:term":[{"taxonomy":"category","embeddable":true,"href":"https:\/\/www.vagadeempregorj.com.br\/es\/wp-json\/wp\/v2\/categories?post=41315"},{"taxonomy":"post_tag","embeddable":true,"href":"https:\/\/www.vagadeempregorj.com.br\/es\/wp-json\/wp\/v2\/tags?post=41315"}],"curies":[{"name":"wp","href":"https:\/\/api.w.org\/{rel}","templated":true}]}}