{"id":41656,"date":"2025-01-03T06:00:00","date_gmt":"2025-01-03T09:00:00","guid":{"rendered":"https:\/\/www.vagadeempregorj.com.br\/?p=41656"},"modified":"2024-12-17T21:23:21","modified_gmt":"2024-12-18T00:23:21","slug":"minuano-novas-vagas-de-emprego-abertas-no-pais","status":"publish","type":"post","link":"https:\/\/www.vagadeempregorj.com.br\/es\/minuano-novas-vagas-de-emprego-abertas-no-pais\/","title":{"rendered":"Minuano: NOVAS vagas de emprego abertas no pa\u00eds"},"content":{"rendered":"<p>A <strong>Minuano<\/strong>, conhecida por levar qualidade e confian\u00e7a ao lar dos brasileiros, abriu novas vagas de emprego em diversas \u00e1reas. \u00c9 a sua chance de trabalhar em uma empresa que valoriza o talento, a dedica\u00e7\u00e3o e o comprometimento.&nbsp;<\/p>\n\n\n\n<figure class=\"wp-block-image size-full is-resized\"><img loading=\"lazy\" decoding=\"async\" width=\"800\" height=\"522\" src=\"https:\/\/www.vagadeempregorj.com.br\/wp-content\/uploads\/2024\/12\/image-24.png\" alt=\"\" class=\"wp-image-41672\" style=\"width:840px;height:auto\" srcset=\"https:\/\/www.vagadeempregorj.com.br\/wp-content\/uploads\/2024\/12\/image-24.png 800w, https:\/\/www.vagadeempregorj.com.br\/wp-content\/uploads\/2024\/12\/image-24-300x196.png 300w, https:\/\/www.vagadeempregorj.com.br\/wp-content\/uploads\/2024\/12\/image-24-768x501.png 768w, https:\/\/www.vagadeempregorj.com.br\/wp-content\/uploads\/2024\/12\/image-24-150x98.png 150w\" sizes=\"auto, (max-width: 800px) 100vw, 800px\" \/><\/figure>\n\n\n\n<h2 class=\"wp-block-heading\">Quais s\u00e3o as oportunidades na Minuano?<\/h2>\n\n\n\n<p>A Minuano est\u00e1 contratando profissionais para diferentes \u00e1reas, oferecendo desde vagas operacionais at\u00e9 cargos de lideran\u00e7a. Cada \u00e1rea traz um desafio \u00fanico e a possibilidade de crescimento dentro da empresa.<\/p>\n\n\n\n<h3 class=\"wp-block-heading\">Operador de produ\u00e7\u00e3o<\/h3>\n\n\n\n<p>Se voc\u00ea gosta de ambientes din\u00e2micos e desafiadores, esta pode ser a sua vaga. Os operadores de produ\u00e7\u00e3o atuam diretamente no processo de fabrica\u00e7\u00e3o dos produtos, garantindo a qualidade e a efici\u00eancia em cada etapa.<\/p>\n\n\n\n<ul class=\"wp-block-list\">\n<li><strong>Requisitos:<\/strong> Ensino m\u00e9dio completo e disponibilidade para trabalhar em turnos.<\/li>\n\n\n\n<li><strong>Benef\u00edcios:<\/strong> Sal\u00e1rio competitivo, vale-transporte, refei\u00e7\u00e3o no local e plano de sa\u00fade.<\/li>\n<\/ul>\n\n\n\n<h3 class=\"wp-block-heading\">Analista de log\u00edstica<\/h3>\n\n\n\n<p>Esta \u00e9 uma oportunidade para quem tem experi\u00eancia em planejamento e distribui\u00e7\u00e3o. O analista de log\u00edstica garante que os produtos cheguem aos clientes com pontualidade e seguran\u00e7a.<\/p>\n\n\n\n<ul class=\"wp-block-list\">\n<li><strong>Requisitos:<\/strong> Forma\u00e7\u00e3o em Log\u00edstica ou \u00e1reas afins, conhecimento em sistemas de gest\u00e3o e boa comunica\u00e7\u00e3o.<\/li>\n\n\n\n<li><strong>Benef\u00edcios:<\/strong> Sal\u00e1rio acima da m\u00e9dia, vale-alimenta\u00e7\u00e3o, plano odontol\u00f3gico e programa de participa\u00e7\u00e3o nos resultados.<\/li>\n<\/ul>\n\n\n\n<h3 class=\"wp-block-heading\">Supervisor de vendas<\/h3>\n\n\n\n<p>O supervisor de vendas coordena times comerciais e desenvolve estrat\u00e9gias para aumentar a presen\u00e7a da Minuano no mercado.<\/p>\n\n\n\n<ul class=\"wp-block-list\">\n<li><strong>Requisitos:<\/strong> Experi\u00eancia em vendas, lideran\u00e7a e disponibilidade para viagens.<\/li>\n\n\n\n<li><strong>Benef\u00edcios:<\/strong> Ve\u00edculo da empresa, comiss\u00f5es atrativas, seguro de vida e plano de carreira.<\/li>\n<\/ul>\n\n\n\n<h3 class=\"wp-block-heading\">Est\u00e1gio em marketing<\/h3>\n\n\n\n<p>Uma porta de entrada para os estudantes apaixonados por cria\u00e7\u00e3o e estrat\u00e9gias digitais. Este est\u00e1gio permite que voc\u00ea ganhe experi\u00eancia enquanto aprende com os melhores profissionais.<\/p>\n\n\n\n<ul class=\"wp-block-list\">\n<li><strong>Requisitos:<\/strong> Estar cursando Publicidade, Marketing ou \u00e1reas correlatas.<\/li>\n\n\n\n<li><strong>Benef\u00edcios:<\/strong> Bolsa-aux\u00edlio, hor\u00e1rio flex\u00edvel e possibilidade de efetiva\u00e7\u00e3o.<\/li>\n<\/ul>\n\n\n\n<h3 class=\"wp-block-heading\">T\u00e9cnico em seguran\u00e7a do trabalho<\/h3>\n\n\n\n<p>A seguran\u00e7a dos colaboradores \u00e9 prioridade na Minuano. Este profissional \u00e9 respons\u00e1vel por implementar normas de seguran\u00e7a e garantir que todos trabalhem em um ambiente protegido.<\/p>\n\n\n\n<ul class=\"wp-block-list\">\n<li><strong>Requisitos:<\/strong> Curso t\u00e9cnico na \u00e1rea e experi\u00eancia pr\u00e9via.<\/li>\n\n\n\n<li><strong>Benef\u00edcios:<\/strong> Sal\u00e1rio compat\u00edvel, adicional de insalubridade e plano de sa\u00fade.<\/li>\n<\/ul>\n\n\n\n<h3 class=\"wp-block-heading\">Analista de Departamento Pessoal<\/h3>\n\n\n\n<p>O analista de departamento pessoal \u00e9 respons\u00e1vel por gerenciar os processos relacionados a benef\u00edcios e obriga\u00e7\u00f5es trabalhistas.<\/p>\n\n\n\n<ul class=\"wp-block-list\">\n<li><strong>Requisitos<\/strong>: Forma\u00e7\u00e3o em Recursos Humanos ou \u00e1reas afins, experi\u00eancia em rotinas de DP.<\/li>\n\n\n\n<li><strong>Benef\u00edcios<\/strong>: Sal\u00e1rio competitivo, vale-transporte, vale-refei\u00e7\u00e3o e plano de sa\u00fade.<\/li>\n<\/ul>\n\n\n\n<h3 class=\"wp-block-heading\">Assistente de Recursos Humanos<\/h3>\n\n\n\n<p>Para quem deseja atuar na \u00e1rea de recursos humanos, essa vaga oferece uma \u00f3tima oportunidade para auxiliar nas atividades de recrutamento, sele\u00e7\u00e3o e gest\u00e3o de pessoas.<\/p>\n\n\n\n<ul class=\"wp-block-list\">\n<li><strong>Requisitos<\/strong>: Forma\u00e7\u00e3o em Psicologia, Administra\u00e7\u00e3o ou \u00e1reas afins, conhecimento b\u00e1sico de recrutamento.<\/li>\n\n\n\n<li><strong>Benef\u00edcios<\/strong>: Sal\u00e1rio competitivo, vale-alimenta\u00e7\u00e3o, plano odontol\u00f3gico e participa\u00e7\u00e3o nos lucros.<\/li>\n<\/ul>\n\n\n\n<h3 class=\"wp-block-heading\">Eletricista<\/h3>\n\n\n\n<p>O eletricista \u00e9 respons\u00e1vel pela manuten\u00e7\u00e3o das instala\u00e7\u00f5es e equipamentos el\u00e9tricos da empresa.<\/p>\n\n\n\n<ul class=\"wp-block-list\">\n<li><strong>Requisitos<\/strong>: Forma\u00e7\u00e3o t\u00e9cnica em el\u00e9trica e experi\u00eancia na \u00e1rea<\/li>\n\n\n\n<li><strong>Benef\u00edcios<\/strong>: Sal\u00e1rio compat\u00edvel, vale-transporte, adicional de insalubridade e plano de sa\u00fade.<\/li>\n<\/ul>\n\n\n\n<h3 class=\"wp-block-heading\">Eletromec\u00e2nico<\/h3>\n\n\n\n<p>Se voc\u00ea \u00e9 especialista em sistemas eletromec\u00e2nicos, essa vaga oferece a oportunidade de atuar na manuten\u00e7\u00e3o e repara\u00e7\u00e3o de equipamentos industriais, garantindo a efici\u00eancia das opera\u00e7\u00f5es.<\/p>\n\n\n\n<ul class=\"wp-block-list\">\n<li><strong>Requisitos<\/strong>: Curso t\u00e9cnico em eletromec\u00e2nica e experi\u00eancia na fun\u00e7\u00e3o.<\/li>\n\n\n\n<li><strong>Benef\u00edcios<\/strong>: Sal\u00e1rio compat\u00edvel, vale-refei\u00e7\u00e3o, plano de sa\u00fade e seguro de vida.<\/li>\n<\/ul>\n\n\n\n<h3 class=\"wp-block-heading\">Estagi\u00e1rio de vendas<\/h3>\n\n\n\n<p>Uma excelente porta de entrada para quem deseja crescer na \u00e1rea comercial. O estagi\u00e1rio de vendas apoia a equipe nas atividades de vendas e no atendimento ao cliente.<br><\/p>\n\n\n\n<ul class=\"wp-block-list\">\n<li><strong>Requisitos<\/strong>: Estar cursando Administra\u00e7\u00e3o, Marketing ou \u00e1reas afins.<\/li>\n\n\n\n<li><strong>Benef\u00edcios<\/strong>: Bolsa-aux\u00edlio, vale-transporte, oportunidade de efetiva\u00e7\u00e3o.<\/li>\n<\/ul>\n\n\n\n<h3 class=\"wp-block-heading\">Est\u00e1gio em administra\u00e7\u00e3o<\/h3>\n\n\n\n<p>Para estudantes que buscam aprender sobre o dia a dia administrativo, esse est\u00e1gio oferece experi\u00eancia em rotinas internas, ajudando no desenvolvimento de processos administrativos.<\/p>\n\n\n\n<ul class=\"wp-block-list\">\n<li><strong>Requisitos<\/strong>: Cursando Administra\u00e7\u00e3o ou \u00e1reas relacionadas.<\/li>\n\n\n\n<li><strong>Benef\u00edcios<\/strong>: Bolsa-aux\u00edlio, hor\u00e1rio flex\u00edvel e possibilidade de efetiva\u00e7\u00e3o.<\/li>\n<\/ul>\n\n\n\n<h3 class=\"wp-block-heading\">Est\u00e1gio em departamento pessoal<\/h3>\n\n\n\n<p>Para quem deseja aprender sobre gest\u00e3o de pessoas, o estagi\u00e1rio de DP auxiliar\u00e1 nas atividades relacionadas \u00e0 administra\u00e7\u00e3o de pessoal e processos trabalhistas.<\/p>\n\n\n\n<ul class=\"wp-block-list\">\n<li><strong>Requisitos<\/strong>: Cursando Recursos Humanos, Administra\u00e7\u00e3o ou \u00e1reas afins.<\/li>\n\n\n\n<li><strong>Benef\u00edcios<\/strong>: Bolsa-aux\u00edlio, vale-transporte e plano de sa\u00fade.<\/li>\n<\/ul>\n\n\n\n<h2 class=\"wp-block-heading\">Como se candidatar?<\/h2>\n\n\n\n<p>Se uma dessas vagas chamou a sua aten\u00e7\u00e3o, \u00e9 hora de dar o primeiro passo. O processo \u00e9 simples e r\u00e1pido. Confira as etapas:<\/p>\n\n\n\n<ul class=\"wp-block-list\">\n<li>Copie e cole o endere\u00e7o <strong>https:\/\/minuano.gupy.io<\/strong> em seu navegador.<\/li>\n\n\n\n<li>Acesse a p\u00e1gina e encontre a vaga que mais combina com voc\u00ea.<\/li>\n\n\n\n<li>Clique em <strong>Candidatar-se<\/strong> e preencha os campos obrigat\u00f3rios.<\/li>\n\n\n\n<li>Envie o seu curr\u00edculo atualizado e aguarde o retorno da equipe de recrutamento.<\/li>\n<\/ul>\n\n\n\n<p>Lembre-se de revisar todas as informa\u00e7\u00f5es antes de enviar. A clareza e a organiza\u00e7\u00e3o podem ser o diferencial na sua candidatura.<\/p>\n\n\n\n<p>A Minuano est\u00e1 oferecendo muito mais do que empregos; est\u00e1 criando oportunidades para pessoas comprometidas e cheias de vontade de crescer. Se voc\u00ea quer fazer parte de uma empresa que valoriza seu time e promove um ambiente de trabalho acolhedor, este \u00e9 o momento.<\/p>\n\n\n\n<p><strong>Veja tamb\u00e9m: <a href=\"https:\/\/www.vagadeempregorj.com.br\/es\/centauro-618-novas-vagas-de-emprego-pelo-pais\/\">Centauro: 618 novas vagas de emprego pelo pa\u00eds<\/a><\/strong><\/p>\n\n\n\n<p>3 de janeiro de 2025<\/p>","protected":false},"excerpt":{"rendered":"<p>A Minuano, conhecida por levar qualidade e confian\u00e7a ao lar dos brasileiros, abriu novas vagas de emprego em diversas \u00e1reas. \u00c9 a sua chance de trabalhar em uma empresa que valoriza o talento, a dedica\u00e7\u00e3o e o comprometimento.&nbsp; Quais s\u00e3o as oportunidades na Minuano? A Minuano est\u00e1 contratando profissionais para diferentes \u00e1reas, oferecendo desde vagas&hellip;&nbsp;<\/p>","protected":false},"author":16,"featured_media":41672,"comment_status":"closed","ping_status":"closed","sticky":false,"template":"","format":"standard","meta":{"neve_meta_sidebar":"","neve_meta_container":"","neve_meta_enable_content_width":"","neve_meta_content_width":0,"neve_meta_title_alignment":"","neve_meta_author_avatar":"","neve_post_elements_order":"","neve_meta_disable_header":"","neve_meta_disable_footer":"","neve_meta_disable_title":"","footnotes":""},"categories":[123],"tags":[830,608],"class_list":["post-41656","post","type-post","status-publish","format-standard","has-post-thumbnail","hentry","category-vagas-de-emprego-nacionais","tag-empregos","tag-oportunidades"],"yoast_head":"<!-- This site is optimized with the Yoast SEO plugin v27.5 - https:\/\/yoast.com\/product\/yoast-seo-wordpress\/ -->\n<title>Minuano: NOVAS vagas de emprego abertas no pa\u00eds -<\/title>\n<meta name=\"description\" content=\"Veja em Vagas de Emprego RJ as vagas de emprego com e sem experi\u00eancia no seu Estado e Regi\u00e3o!\" \/>\n<meta name=\"robots\" content=\"index, follow, max-snippet:-1, max-image-preview:large, max-video-preview:-1\" \/>\n<link rel=\"canonical\" href=\"https:\/\/www.vagadeempregorj.com.br\/es\/minuano-novas-vagas-de-emprego-abertas-no-pais\/\" \/>\n<meta property=\"og:locale\" content=\"es_MX\" \/>\n<meta property=\"og:type\" content=\"article\" \/>\n<meta property=\"og:title\" content=\"Minuano: NOVAS vagas de emprego abertas no pa\u00eds -\" \/>\n<meta property=\"og:description\" content=\"Veja em Vagas de Emprego RJ as vagas de emprego com e sem experi\u00eancia no seu Estado e Regi\u00e3o!\" \/>\n<meta property=\"og:url\" content=\"https:\/\/www.vagadeempregorj.com.br\/es\/minuano-novas-vagas-de-emprego-abertas-no-pais\/\" \/>\n<meta property=\"article:publisher\" content=\"https:\/\/www.facebook.com\/empregobrasiloficial\" \/>\n<meta property=\"article:published_time\" content=\"2025-01-03T09:00:00+00:00\" \/>\n<meta property=\"og:image\" content=\"https:\/\/www.vagadeempregorj.com.br\/wp-content\/uploads\/2024\/12\/image-24.png\" \/>\n\t<meta property=\"og:image:width\" content=\"800\" \/>\n\t<meta property=\"og:image:height\" content=\"522\" \/>\n\t<meta property=\"og:image:type\" content=\"image\/png\" \/>\n<meta name=\"author\" content=\"Michele\" \/>\n<meta name=\"twitter:card\" content=\"summary_large_image\" \/>\n<meta name=\"twitter:label1\" content=\"Written by\" \/>\n\t<meta name=\"twitter:data1\" content=\"Michele\" \/>\n\t<meta name=\"twitter:label2\" content=\"Est. reading time\" \/>\n\t<meta name=\"twitter:data2\" content=\"5 minutos\" \/>\n<script type=\"application\/ld+json\" class=\"yoast-schema-graph\">{\"@context\":\"https:\\\/\\\/schema.org\",\"@graph\":[{\"@type\":\"Article\",\"@id\":\"https:\\\/\\\/www.vagadeempregorj.com.br\\\/minuano-novas-vagas-de-emprego-abertas-no-pais\\\/#article\",\"isPartOf\":{\"@id\":\"https:\\\/\\\/www.vagadeempregorj.com.br\\\/minuano-novas-vagas-de-emprego-abertas-no-pais\\\/\"},\"author\":{\"name\":\"Michele\",\"@id\":\"https:\\\/\\\/www.vagadeempregorj.com.br\\\/#\\\/schema\\\/person\\\/3ddb19fa0539706786e502152f3aae95\"},\"headline\":\"Minuano: NOVAS vagas de emprego abertas no pa\u00eds\",\"datePublished\":\"2025-01-03T09:00:00+00:00\",\"mainEntityOfPage\":{\"@id\":\"https:\\\/\\\/www.vagadeempregorj.com.br\\\/minuano-novas-vagas-de-emprego-abertas-no-pais\\\/\"},\"wordCount\":919,\"image\":{\"@id\":\"https:\\\/\\\/www.vagadeempregorj.com.br\\\/minuano-novas-vagas-de-emprego-abertas-no-pais\\\/#primaryimage\"},\"thumbnailUrl\":\"https:\\\/\\\/www.vagadeempregorj.com.br\\\/wp-content\\\/uploads\\\/2024\\\/12\\\/image-24.png\",\"keywords\":[\"empregos\",\"oportunidades\"],\"articleSection\":[\"Vagas de Emprego Nacionais\"],\"inLanguage\":\"es\"},{\"@type\":\"WebPage\",\"@id\":\"https:\\\/\\\/www.vagadeempregorj.com.br\\\/minuano-novas-vagas-de-emprego-abertas-no-pais\\\/\",\"url\":\"https:\\\/\\\/www.vagadeempregorj.com.br\\\/minuano-novas-vagas-de-emprego-abertas-no-pais\\\/\",\"name\":\"Minuano: NOVAS vagas de emprego abertas no pa\u00eds -\",\"isPartOf\":{\"@id\":\"https:\\\/\\\/www.vagadeempregorj.com.br\\\/#website\"},\"primaryImageOfPage\":{\"@id\":\"https:\\\/\\\/www.vagadeempregorj.com.br\\\/minuano-novas-vagas-de-emprego-abertas-no-pais\\\/#primaryimage\"},\"image\":{\"@id\":\"https:\\\/\\\/www.vagadeempregorj.com.br\\\/minuano-novas-vagas-de-emprego-abertas-no-pais\\\/#primaryimage\"},\"thumbnailUrl\":\"https:\\\/\\\/www.vagadeempregorj.com.br\\\/wp-content\\\/uploads\\\/2024\\\/12\\\/image-24.png\",\"datePublished\":\"2025-01-03T09:00:00+00:00\",\"author\":{\"@id\":\"https:\\\/\\\/www.vagadeempregorj.com.br\\\/#\\\/schema\\\/person\\\/3ddb19fa0539706786e502152f3aae95\"},\"description\":\"Veja em Vagas de Emprego RJ as vagas de emprego com e sem experi\u00eancia no seu Estado e Regi\u00e3o!\",\"breadcrumb\":{\"@id\":\"https:\\\/\\\/www.vagadeempregorj.com.br\\\/minuano-novas-vagas-de-emprego-abertas-no-pais\\\/#breadcrumb\"},\"inLanguage\":\"es\",\"potentialAction\":[{\"@type\":\"ReadAction\",\"target\":[\"https:\\\/\\\/www.vagadeempregorj.com.br\\\/minuano-novas-vagas-de-emprego-abertas-no-pais\\\/\"]}]},{\"@type\":\"ImageObject\",\"inLanguage\":\"es\",\"@id\":\"https:\\\/\\\/www.vagadeempregorj.com.br\\\/minuano-novas-vagas-de-emprego-abertas-no-pais\\\/#primaryimage\",\"url\":\"https:\\\/\\\/www.vagadeempregorj.com.br\\\/wp-content\\\/uploads\\\/2024\\\/12\\\/image-24.png\",\"contentUrl\":\"https:\\\/\\\/www.vagadeempregorj.com.br\\\/wp-content\\\/uploads\\\/2024\\\/12\\\/image-24.png\",\"width\":800,\"height\":522,\"caption\":\"minuano\"},{\"@type\":\"BreadcrumbList\",\"@id\":\"https:\\\/\\\/www.vagadeempregorj.com.br\\\/minuano-novas-vagas-de-emprego-abertas-no-pais\\\/#breadcrumb\",\"itemListElement\":[{\"@type\":\"ListItem\",\"position\":1,\"name\":\"In\u00edcio\",\"item\":\"https:\\\/\\\/www.vagadeempregorj.com.br\\\/\"},{\"@type\":\"ListItem\",\"position\":2,\"name\":\"Vagas de Emprego Nacionais\",\"item\":\"https:\\\/\\\/www.vagadeempregorj.com.br\\\/vagas-de-emprego-nacionais\\\/\"},{\"@type\":\"ListItem\",\"position\":3,\"name\":\"Minuano: NOVAS vagas de emprego abertas no pa\u00eds\"}]},{\"@type\":\"WebSite\",\"@id\":\"https:\\\/\\\/www.vagadeempregorj.com.br\\\/#website\",\"url\":\"https:\\\/\\\/www.vagadeempregorj.com.br\\\/\",\"name\":\"\",\"description\":\"Conquiste Sonhos: Vagas, Benef\u00edcios e Economia para Transformar Vidas e Alcan\u00e7ar Melhorias Cotidianas\",\"potentialAction\":[{\"@type\":\"SearchAction\",\"target\":{\"@type\":\"EntryPoint\",\"urlTemplate\":\"https:\\\/\\\/www.vagadeempregorj.com.br\\\/?s={search_term_string}\"},\"query-input\":{\"@type\":\"PropertyValueSpecification\",\"valueRequired\":true,\"valueName\":\"search_term_string\"}}],\"inLanguage\":\"es\"},{\"@type\":\"Person\",\"@id\":\"https:\\\/\\\/www.vagadeempregorj.com.br\\\/#\\\/schema\\\/person\\\/3ddb19fa0539706786e502152f3aae95\",\"name\":\"Michele\",\"image\":{\"@type\":\"ImageObject\",\"inLanguage\":\"es\",\"@id\":\"https:\\\/\\\/secure.gravatar.com\\\/avatar\\\/6b0eb9d22841282815e2cd856a0061c45e1761cd54b22e952d98c4746939aa85?s=96&r=g\",\"url\":\"https:\\\/\\\/secure.gravatar.com\\\/avatar\\\/6b0eb9d22841282815e2cd856a0061c45e1761cd54b22e952d98c4746939aa85?s=96&r=g\",\"contentUrl\":\"https:\\\/\\\/secure.gravatar.com\\\/avatar\\\/6b0eb9d22841282815e2cd856a0061c45e1761cd54b22e952d98c4746939aa85?s=96&r=g\",\"caption\":\"Michele\"},\"description\":\"Formada em Letras - Portugu\u00eas\\\/ Ingl\u00eas, e idealizadora do site Escritora de Sucesso, busca expandir o conhecimento de todos com informa\u00e7\u00f5es relevantes sobre diversos assuntos, enquanto redatora. No Vaga de Emprego RJ, traz oportunidades e dicas sobre o mercado de trabalho.\",\"url\":\"https:\\\/\\\/www.vagadeempregorj.com.br\\\/es\\\/author\\\/michele\\\/\"}]}<\/script>\n<!-- \/ Yoast SEO plugin. -->","yoast_head_json":{"title":"Minuano: NOVAS vagas de emprego abertas no pa\u00eds -","description":"Veja em Vagas de Emprego RJ as vagas de emprego com e sem experi\u00eancia no seu Estado e Regi\u00e3o!","robots":{"index":"index","follow":"follow","max-snippet":"max-snippet:-1","max-image-preview":"max-image-preview:large","max-video-preview":"max-video-preview:-1"},"canonical":"https:\/\/www.vagadeempregorj.com.br\/es\/minuano-novas-vagas-de-emprego-abertas-no-pais\/","og_locale":"es_MX","og_type":"article","og_title":"Minuano: NOVAS vagas de emprego abertas no pa\u00eds -","og_description":"Veja em Vagas de Emprego RJ as vagas de emprego com e sem experi\u00eancia no seu Estado e Regi\u00e3o!","og_url":"https:\/\/www.vagadeempregorj.com.br\/es\/minuano-novas-vagas-de-emprego-abertas-no-pais\/","article_publisher":"https:\/\/www.facebook.com\/empregobrasiloficial","article_published_time":"2025-01-03T09:00:00+00:00","og_image":[{"width":800,"height":522,"url":"https:\/\/www.vagadeempregorj.com.br\/wp-content\/uploads\/2024\/12\/image-24.png","type":"image\/png"}],"author":"Michele","twitter_card":"summary_large_image","twitter_misc":{"Written by":"Michele","Est. reading time":"5 minutos"},"schema":{"@context":"https:\/\/schema.org","@graph":[{"@type":"Article","@id":"https:\/\/www.vagadeempregorj.com.br\/minuano-novas-vagas-de-emprego-abertas-no-pais\/#article","isPartOf":{"@id":"https:\/\/www.vagadeempregorj.com.br\/minuano-novas-vagas-de-emprego-abertas-no-pais\/"},"author":{"name":"Michele","@id":"https:\/\/www.vagadeempregorj.com.br\/#\/schema\/person\/3ddb19fa0539706786e502152f3aae95"},"headline":"Minuano: NOVAS vagas de emprego abertas no pa\u00eds","datePublished":"2025-01-03T09:00:00+00:00","mainEntityOfPage":{"@id":"https:\/\/www.vagadeempregorj.com.br\/minuano-novas-vagas-de-emprego-abertas-no-pais\/"},"wordCount":919,"image":{"@id":"https:\/\/www.vagadeempregorj.com.br\/minuano-novas-vagas-de-emprego-abertas-no-pais\/#primaryimage"},"thumbnailUrl":"https:\/\/www.vagadeempregorj.com.br\/wp-content\/uploads\/2024\/12\/image-24.png","keywords":["empregos","oportunidades"],"articleSection":["Vagas de Emprego Nacionais"],"inLanguage":"es"},{"@type":"WebPage","@id":"https:\/\/www.vagadeempregorj.com.br\/minuano-novas-vagas-de-emprego-abertas-no-pais\/","url":"https:\/\/www.vagadeempregorj.com.br\/minuano-novas-vagas-de-emprego-abertas-no-pais\/","name":"Minuano: NOVAS vagas de emprego abertas no pa\u00eds -","isPartOf":{"@id":"https:\/\/www.vagadeempregorj.com.br\/#website"},"primaryImageOfPage":{"@id":"https:\/\/www.vagadeempregorj.com.br\/minuano-novas-vagas-de-emprego-abertas-no-pais\/#primaryimage"},"image":{"@id":"https:\/\/www.vagadeempregorj.com.br\/minuano-novas-vagas-de-emprego-abertas-no-pais\/#primaryimage"},"thumbnailUrl":"https:\/\/www.vagadeempregorj.com.br\/wp-content\/uploads\/2024\/12\/image-24.png","datePublished":"2025-01-03T09:00:00+00:00","author":{"@id":"https:\/\/www.vagadeempregorj.com.br\/#\/schema\/person\/3ddb19fa0539706786e502152f3aae95"},"description":"Veja em Vagas de Emprego RJ as vagas de emprego com e sem experi\u00eancia no seu Estado e Regi\u00e3o!","breadcrumb":{"@id":"https:\/\/www.vagadeempregorj.com.br\/minuano-novas-vagas-de-emprego-abertas-no-pais\/#breadcrumb"},"inLanguage":"es","potentialAction":[{"@type":"ReadAction","target":["https:\/\/www.vagadeempregorj.com.br\/minuano-novas-vagas-de-emprego-abertas-no-pais\/"]}]},{"@type":"ImageObject","inLanguage":"es","@id":"https:\/\/www.vagadeempregorj.com.br\/minuano-novas-vagas-de-emprego-abertas-no-pais\/#primaryimage","url":"https:\/\/www.vagadeempregorj.com.br\/wp-content\/uploads\/2024\/12\/image-24.png","contentUrl":"https:\/\/www.vagadeempregorj.com.br\/wp-content\/uploads\/2024\/12\/image-24.png","width":800,"height":522,"caption":"minuano"},{"@type":"BreadcrumbList","@id":"https:\/\/www.vagadeempregorj.com.br\/minuano-novas-vagas-de-emprego-abertas-no-pais\/#breadcrumb","itemListElement":[{"@type":"ListItem","position":1,"name":"In\u00edcio","item":"https:\/\/www.vagadeempregorj.com.br\/"},{"@type":"ListItem","position":2,"name":"Vagas de Emprego Nacionais","item":"https:\/\/www.vagadeempregorj.com.br\/vagas-de-emprego-nacionais\/"},{"@type":"ListItem","position":3,"name":"Minuano: NOVAS vagas de emprego abertas no pa\u00eds"}]},{"@type":"WebSite","@id":"https:\/\/www.vagadeempregorj.com.br\/#website","url":"https:\/\/www.vagadeempregorj.com.br\/","name":"","description":"Conquiste Sonhos: Vagas, Benef\u00edcios e Economia para Transformar Vidas e Alcan\u00e7ar Melhorias Cotidianas","potentialAction":[{"@type":"SearchAction","target":{"@type":"EntryPoint","urlTemplate":"https:\/\/www.vagadeempregorj.com.br\/?s={search_term_string}"},"query-input":{"@type":"PropertyValueSpecification","valueRequired":true,"valueName":"search_term_string"}}],"inLanguage":"es"},{"@type":"Person","@id":"https:\/\/www.vagadeempregorj.com.br\/#\/schema\/person\/3ddb19fa0539706786e502152f3aae95","name":"Michele","image":{"@type":"ImageObject","inLanguage":"es","@id":"https:\/\/secure.gravatar.com\/avatar\/6b0eb9d22841282815e2cd856a0061c45e1761cd54b22e952d98c4746939aa85?s=96&r=g","url":"https:\/\/secure.gravatar.com\/avatar\/6b0eb9d22841282815e2cd856a0061c45e1761cd54b22e952d98c4746939aa85?s=96&r=g","contentUrl":"https:\/\/secure.gravatar.com\/avatar\/6b0eb9d22841282815e2cd856a0061c45e1761cd54b22e952d98c4746939aa85?s=96&r=g","caption":"Michele"},"description":"Formada em Letras - Portugu\u00eas\/ Ingl\u00eas, e idealizadora do site Escritora de Sucesso, busca expandir o conhecimento de todos com informa\u00e7\u00f5es relevantes sobre diversos assuntos, enquanto redatora. No Vaga de Emprego RJ, traz oportunidades e dicas sobre o mercado de trabalho.","url":"https:\/\/www.vagadeempregorj.com.br\/es\/author\/michele\/"}]}},"_links":{"self":[{"href":"https:\/\/www.vagadeempregorj.com.br\/es\/wp-json\/wp\/v2\/posts\/41656","targetHints":{"allow":["GET"]}}],"collection":[{"href":"https:\/\/www.vagadeempregorj.com.br\/es\/wp-json\/wp\/v2\/posts"}],"about":[{"href":"https:\/\/www.vagadeempregorj.com.br\/es\/wp-json\/wp\/v2\/types\/post"}],"author":[{"embeddable":true,"href":"https:\/\/www.vagadeempregorj.com.br\/es\/wp-json\/wp\/v2\/users\/16"}],"replies":[{"embeddable":true,"href":"https:\/\/www.vagadeempregorj.com.br\/es\/wp-json\/wp\/v2\/comments?post=41656"}],"version-history":[{"count":0,"href":"https:\/\/www.vagadeempregorj.com.br\/es\/wp-json\/wp\/v2\/posts\/41656\/revisions"}],"wp:featuredmedia":[{"embeddable":true,"href":"https:\/\/www.vagadeempregorj.com.br\/es\/wp-json\/wp\/v2\/media\/41672"}],"wp:attachment":[{"href":"https:\/\/www.vagadeempregorj.com.br\/es\/wp-json\/wp\/v2\/media?parent=41656"}],"wp:term":[{"taxonomy":"category","embeddable":true,"href":"https:\/\/www.vagadeempregorj.com.br\/es\/wp-json\/wp\/v2\/categories?post=41656"},{"taxonomy":"post_tag","embeddable":true,"href":"https:\/\/www.vagadeempregorj.com.br\/es\/wp-json\/wp\/v2\/tags?post=41656"}],"curies":[{"name":"wp","href":"https:\/\/api.w.org\/{rel}","templated":true}]}}